{"id":803,"date":"2020-04-18T12:14:46","date_gmt":"2020-04-18T17:14:46","guid":{"rendered":"http:\/\/redamlo.com\/?p=803"},"modified":"2020-04-18T12:14:46","modified_gmt":"2020-04-18T17:14:46","slug":"lopez-gatell-es-desacreditado-por-javier-alatorre","status":"publish","type":"post","link":"https:\/\/redamlo.com\/index.php\/2020\/04\/18\/lopez-gatell-es-desacreditado-por-javier-alatorre\/","title":{"rendered":"L\u00f3pez-Gatell es desacreditado por Javier Alatorre"},"content":{"rendered":"<h3>Ciudad de M\u00e9xico a 18 de abril 2020 (CDMX PRESS OFICIAL).-<\/h3>\n<p>L\u00f3pez Gatell extern\u00f3 la posibilidad de clausurar a las empresas que obliguen a sus empleados a asistir a sus centros de trabajo, entre ellas las de Grupo Salinas. Como respuesta, TV Azteca, en voz de Javier Alatorre, lanza rid\u00edcula cruzada contra Gatell.<\/p>\n<p>Posteriormente Javier Alatorre afirmo en television nacionallo siguiente:<\/p>\n<p><strong>Como todas las noches, el subsecretario de Salud, Hugo L\u00f3pez-Gatell encabez\u00f3 la conferencia sobre el #Covid_19 en M\u00e9xico. Pero sus cifras y sus conferencias ya se volvieron irrelevantes. Es m\u00e1s, se lo decimos con todas sus palabras, ya no le haga caso a Hugo L\u00f3pez-Gatell.<\/strong><\/p>\n<p>Tales recomendaciones causaron\u00a0 <span class=\"css-901oao css-16my406 r-1qd0xha r-ad9z0x r-bcqeeo r-qvutc0\">Indignaci\u00f3n en redes contra TV Azteca y <\/span><span class=\"css-901oao css-16my406 r-1qd0xha r-vw2c0b r-ad9z0x r-bcqeeo r-qvutc0\">Javier Alatorre<\/span><span class=\"css-901oao css-16my406 r-1qd0xha r-ad9z0x r-bcqeeo r-qvutc0\"> por llamar a desobedecer a L\u00f3pez-Gatell <\/span><\/p>\n<p>Red AMLO Llama a #BoicotTVAzteca<\/p>\n<p>A trav\u00e9s de la etiqueta <strong>#BoicotTvAzteca,<\/strong> los internautas de redes sociales pidieron a los dem\u00e1s usuarios no consumir ning\u00fan programa de la televisora, ni comprar en ning\u00fan establecimiento de Grupo Salinas.<\/p>\n<p>Todos los usuarios de las redes sociales han comenzado a pedir a TV Azteca que se retracte de lo que dijo en su \u00faltimo programa, ya que han puesto en duda todas las recomendaciones que ha ofrecido el representante de la Secretar\u00eda de Salud Federal sobre la pandemia mundial.<\/p>\n","protected":false},"excerpt":{"rendered":"<p>Ciudad de M\u00e9xico a 18 de abril 2020 (CDMX PRESS OFICIAL).- L\u00f3pez Gatell extern\u00f3 la&#8230;<\/p>\n","protected":false},"author":2,"featured_media":805,"comment_status":"open","ping_status":"closed","sticky":false,"template":"","format":"standard","meta":{"footnotes":""},"categories":[215],"tags":[],"class_list":["post-803","post","type-post","status-publish","format-standard","has-post-thumbnail","hentry","category-opinion"],"yoast_head":"<!-- This site is optimized with the Yoast SEO plugin v27.5 - https:\/\/yoast.com\/product\/yoast-seo-wordpress\/ -->\n<title>L\u00f3pez-Gatell es desacreditado por Javier Alatorre - NOTICIAS DE LA 4T<\/title>\n<meta name=\"robots\" content=\"noindex, follow, max-snippet:-1, max-image-preview:large, max-video-preview:-1\" \/>\n<meta property=\"og:locale\" content=\"es_MX\" \/>\n<meta property=\"og:type\" content=\"article\" \/>\n<meta property=\"og:title\" content=\"L\u00f3pez-Gatell es desacreditado por Javier Alatorre - NOTICIAS DE LA 4T\" \/>\n<meta property=\"og:description\" content=\"Ciudad de M\u00e9xico a 18 de abril 2020 (CDMX PRESS OFICIAL).- L\u00f3pez Gatell extern\u00f3 la...\" \/>\n<meta property=\"og:url\" content=\"https:\/\/redamlo.com\/index.php\/2020\/04\/18\/lopez-gatell-es-desacreditado-por-javier-alatorre\/\" \/>\n<meta property=\"og:site_name\" content=\"NOTICIAS DE LA 4T\" \/>\n<meta property=\"article:published_time\" content=\"2020-04-18T17:14:46+00:00\" \/>\n<meta property=\"og:image\" content=\"https:\/\/redamlo.com\/wp-content\/uploads\/2020\/04\/javier-alatorre.png\" \/>\n\t<meta property=\"og:image:width\" content=\"608\" \/>\n\t<meta property=\"og:image:height\" content=\"342\" \/>\n\t<meta property=\"og:image:type\" content=\"image\/png\" \/>\n<meta name=\"author\" content=\"Blanca\" \/>\n<meta name=\"twitter:card\" content=\"summary_large_image\" \/>\n<meta name=\"twitter:label1\" content=\"Escrito por\" \/>\n\t<meta name=\"twitter:data1\" content=\"Blanca\" \/>\n\t<meta name=\"twitter:label2\" content=\"Tiempo de lectura\" \/>\n\t<meta name=\"twitter:data2\" content=\"1 minuto\" \/>\n<script type=\"application\/ld+json\" class=\"yoast-schema-graph\">{\"@context\":\"https:\\\/\\\/schema.org\",\"@graph\":[{\"@type\":\"Article\",\"@id\":\"https:\\\/\\\/redamlo.com\\\/index.php\\\/2020\\\/04\\\/18\\\/lopez-gatell-es-desacreditado-por-javier-alatorre\\\/#article\",\"isPartOf\":{\"@id\":\"https:\\\/\\\/redamlo.com\\\/index.php\\\/2020\\\/04\\\/18\\\/lopez-gatell-es-desacreditado-por-javier-alatorre\\\/\"},\"author\":{\"name\":\"Blanca\",\"@id\":\"https:\\\/\\\/redamlo.com\\\/#\\\/schema\\\/person\\\/7223a4375eb8f1a782fcae010a7115cf\"},\"headline\":\"L\u00f3pez-Gatell es desacreditado por Javier Alatorre\",\"datePublished\":\"2020-04-18T17:14:46+00:00\",\"mainEntityOfPage\":{\"@id\":\"https:\\\/\\\/redamlo.com\\\/index.php\\\/2020\\\/04\\\/18\\\/lopez-gatell-es-desacreditado-por-javier-alatorre\\\/\"},\"wordCount\":229,\"commentCount\":0,\"publisher\":{\"@id\":\"https:\\\/\\\/redamlo.com\\\/#organization\"},\"image\":{\"@id\":\"https:\\\/\\\/redamlo.com\\\/index.php\\\/2020\\\/04\\\/18\\\/lopez-gatell-es-desacreditado-por-javier-alatorre\\\/#primaryimage\"},\"thumbnailUrl\":\"https:\\\/\\\/redamlo.com\\\/wp-content\\\/uploads\\\/2020\\\/04\\\/javier-alatorre.png\",\"articleSection\":[\"Opini\u00f3n\"],\"inLanguage\":\"es\",\"potentialAction\":[{\"@type\":\"CommentAction\",\"name\":\"Comment\",\"target\":[\"https:\\\/\\\/redamlo.com\\\/index.php\\\/2020\\\/04\\\/18\\\/lopez-gatell-es-desacreditado-por-javier-alatorre\\\/#respond\"]}]},{\"@type\":\"WebPage\",\"@id\":\"https:\\\/\\\/redamlo.com\\\/index.php\\\/2020\\\/04\\\/18\\\/lopez-gatell-es-desacreditado-por-javier-alatorre\\\/\",\"url\":\"https:\\\/\\\/redamlo.com\\\/index.php\\\/2020\\\/04\\\/18\\\/lopez-gatell-es-desacreditado-por-javier-alatorre\\\/\",\"name\":\"L\u00f3pez-Gatell es desacreditado por Javier Alatorre - NOTICIAS DE LA 4T\",\"isPartOf\":{\"@id\":\"https:\\\/\\\/redamlo.com\\\/#website\"},\"primaryImageOfPage\":{\"@id\":\"https:\\\/\\\/redamlo.com\\\/index.php\\\/2020\\\/04\\\/18\\\/lopez-gatell-es-desacreditado-por-javier-alatorre\\\/#primaryimage\"},\"image\":{\"@id\":\"https:\\\/\\\/redamlo.com\\\/index.php\\\/2020\\\/04\\\/18\\\/lopez-gatell-es-desacreditado-por-javier-alatorre\\\/#primaryimage\"},\"thumbnailUrl\":\"https:\\\/\\\/redamlo.com\\\/wp-content\\\/uploads\\\/2020\\\/04\\\/javier-alatorre.png\",\"datePublished\":\"2020-04-18T17:14:46+00:00\",\"breadcrumb\":{\"@id\":\"https:\\\/\\\/redamlo.com\\\/index.php\\\/2020\\\/04\\\/18\\\/lopez-gatell-es-desacreditado-por-javier-alatorre\\\/#breadcrumb\"},\"inLanguage\":\"es\",\"potentialAction\":[{\"@type\":\"ReadAction\",\"target\":[\"https:\\\/\\\/redamlo.com\\\/index.php\\\/2020\\\/04\\\/18\\\/lopez-gatell-es-desacreditado-por-javier-alatorre\\\/\"]}]},{\"@type\":\"ImageObject\",\"inLanguage\":\"es\",\"@id\":\"https:\\\/\\\/redamlo.com\\\/index.php\\\/2020\\\/04\\\/18\\\/lopez-gatell-es-desacreditado-por-javier-alatorre\\\/#primaryimage\",\"url\":\"https:\\\/\\\/redamlo.com\\\/wp-content\\\/uploads\\\/2020\\\/04\\\/javier-alatorre.png\",\"contentUrl\":\"https:\\\/\\\/redamlo.com\\\/wp-content\\\/uploads\\\/2020\\\/04\\\/javier-alatorre.png\",\"width\":608,\"height\":342},{\"@type\":\"BreadcrumbList\",\"@id\":\"https:\\\/\\\/redamlo.com\\\/index.php\\\/2020\\\/04\\\/18\\\/lopez-gatell-es-desacreditado-por-javier-alatorre\\\/#breadcrumb\",\"itemListElement\":[{\"@type\":\"ListItem\",\"position\":1,\"name\":\"Inicio\",\"item\":\"https:\\\/\\\/redamlo.com\\\/\"},{\"@type\":\"ListItem\",\"position\":2,\"name\":\"L\u00f3pez-Gatell es desacreditado por Javier Alatorre\"}]},{\"@type\":\"WebSite\",\"@id\":\"https:\\\/\\\/redamlo.com\\\/#website\",\"url\":\"https:\\\/\\\/redamlo.com\\\/\",\"name\":\"NOTICIAS DE LA 4T\",\"description\":\"\",\"publisher\":{\"@id\":\"https:\\\/\\\/redamlo.com\\\/#organization\"},\"potentialAction\":[{\"@type\":\"SearchAction\",\"target\":{\"@type\":\"EntryPoint\",\"urlTemplate\":\"https:\\\/\\\/redamlo.com\\\/?s={search_term_string}\"},\"query-input\":{\"@type\":\"PropertyValueSpecification\",\"valueRequired\":true,\"valueName\":\"search_term_string\"}}],\"inLanguage\":\"es\"},{\"@type\":\"Organization\",\"@id\":\"https:\\\/\\\/redamlo.com\\\/#organization\",\"name\":\"NOTICIAS DE LA 4T\",\"url\":\"https:\\\/\\\/redamlo.com\\\/\",\"logo\":{\"@type\":\"ImageObject\",\"inLanguage\":\"es\",\"@id\":\"https:\\\/\\\/redamlo.com\\\/#\\\/schema\\\/logo\\\/image\\\/\",\"url\":\"https:\\\/\\\/redamlo.com\\\/wp-content\\\/uploads\\\/2024\\\/08\\\/cropped-RED-AMLO-logo-50.png\",\"contentUrl\":\"https:\\\/\\\/redamlo.com\\\/wp-content\\\/uploads\\\/2024\\\/08\\\/cropped-RED-AMLO-logo-50.png\",\"width\":256,\"height\":256,\"caption\":\"NOTICIAS DE LA 4T\"},\"image\":{\"@id\":\"https:\\\/\\\/redamlo.com\\\/#\\\/schema\\\/logo\\\/image\\\/\"}},{\"@type\":\"Person\",\"@id\":\"https:\\\/\\\/redamlo.com\\\/#\\\/schema\\\/person\\\/7223a4375eb8f1a782fcae010a7115cf\",\"name\":\"Blanca\",\"image\":{\"@type\":\"ImageObject\",\"inLanguage\":\"es\",\"@id\":\"https:\\\/\\\/secure.gravatar.com\\\/avatar\\\/3f79bc8336367a4e6093eae8757acaaf61d1124834b905616de7829b0273426d?s=96&d=mm&r=g\",\"url\":\"https:\\\/\\\/secure.gravatar.com\\\/avatar\\\/3f79bc8336367a4e6093eae8757acaaf61d1124834b905616de7829b0273426d?s=96&d=mm&r=g\",\"contentUrl\":\"https:\\\/\\\/secure.gravatar.com\\\/avatar\\\/3f79bc8336367a4e6093eae8757acaaf61d1124834b905616de7829b0273426d?s=96&d=mm&r=g\",\"caption\":\"Blanca\"},\"url\":\"https:\\\/\\\/redamlo.com\\\/index.php\\\/author\\\/blanca\\\/\"}]}<\/script>\n<!-- \/ Yoast SEO plugin. -->","yoast_head_json":{"title":"L\u00f3pez-Gatell es desacreditado por Javier Alatorre - NOTICIAS DE LA 4T","robots":{"index":"noindex","follow":"follow","max-snippet":"max-snippet:-1","max-image-preview":"max-image-preview:large","max-video-preview":"max-video-preview:-1"},"og_locale":"es_MX","og_type":"article","og_title":"L\u00f3pez-Gatell es desacreditado por Javier Alatorre - NOTICIAS DE LA 4T","og_description":"Ciudad de M\u00e9xico a 18 de abril 2020 (CDMX PRESS OFICIAL).- L\u00f3pez Gatell extern\u00f3 la...","og_url":"https:\/\/redamlo.com\/index.php\/2020\/04\/18\/lopez-gatell-es-desacreditado-por-javier-alatorre\/","og_site_name":"NOTICIAS DE LA 4T","article_published_time":"2020-04-18T17:14:46+00:00","og_image":[{"width":608,"height":342,"url":"https:\/\/redamlo.com\/wp-content\/uploads\/2020\/04\/javier-alatorre.png","type":"image\/png"}],"author":"Blanca","twitter_card":"summary_large_image","twitter_misc":{"Escrito por":"Blanca","Tiempo de lectura":"1 minuto"},"schema":{"@context":"https:\/\/schema.org","@graph":[{"@type":"Article","@id":"https:\/\/redamlo.com\/index.php\/2020\/04\/18\/lopez-gatell-es-desacreditado-por-javier-alatorre\/#article","isPartOf":{"@id":"https:\/\/redamlo.com\/index.php\/2020\/04\/18\/lopez-gatell-es-desacreditado-por-javier-alatorre\/"},"author":{"name":"Blanca","@id":"https:\/\/redamlo.com\/#\/schema\/person\/7223a4375eb8f1a782fcae010a7115cf"},"headline":"L\u00f3pez-Gatell es desacreditado por Javier Alatorre","datePublished":"2020-04-18T17:14:46+00:00","mainEntityOfPage":{"@id":"https:\/\/redamlo.com\/index.php\/2020\/04\/18\/lopez-gatell-es-desacreditado-por-javier-alatorre\/"},"wordCount":229,"commentCount":0,"publisher":{"@id":"https:\/\/redamlo.com\/#organization"},"image":{"@id":"https:\/\/redamlo.com\/index.php\/2020\/04\/18\/lopez-gatell-es-desacreditado-por-javier-alatorre\/#primaryimage"},"thumbnailUrl":"https:\/\/redamlo.com\/wp-content\/uploads\/2020\/04\/javier-alatorre.png","articleSection":["Opini\u00f3n"],"inLanguage":"es","potentialAction":[{"@type":"CommentAction","name":"Comment","target":["https:\/\/redamlo.com\/index.php\/2020\/04\/18\/lopez-gatell-es-desacreditado-por-javier-alatorre\/#respond"]}]},{"@type":"WebPage","@id":"https:\/\/redamlo.com\/index.php\/2020\/04\/18\/lopez-gatell-es-desacreditado-por-javier-alatorre\/","url":"https:\/\/redamlo.com\/index.php\/2020\/04\/18\/lopez-gatell-es-desacreditado-por-javier-alatorre\/","name":"L\u00f3pez-Gatell es desacreditado por Javier Alatorre - NOTICIAS DE LA 4T","isPartOf":{"@id":"https:\/\/redamlo.com\/#website"},"primaryImageOfPage":{"@id":"https:\/\/redamlo.com\/index.php\/2020\/04\/18\/lopez-gatell-es-desacreditado-por-javier-alatorre\/#primaryimage"},"image":{"@id":"https:\/\/redamlo.com\/index.php\/2020\/04\/18\/lopez-gatell-es-desacreditado-por-javier-alatorre\/#primaryimage"},"thumbnailUrl":"https:\/\/redamlo.com\/wp-content\/uploads\/2020\/04\/javier-alatorre.png","datePublished":"2020-04-18T17:14:46+00:00","breadcrumb":{"@id":"https:\/\/redamlo.com\/index.php\/2020\/04\/18\/lopez-gatell-es-desacreditado-por-javier-alatorre\/#breadcrumb"},"inLanguage":"es","potentialAction":[{"@type":"ReadAction","target":["https:\/\/redamlo.com\/index.php\/2020\/04\/18\/lopez-gatell-es-desacreditado-por-javier-alatorre\/"]}]},{"@type":"ImageObject","inLanguage":"es","@id":"https:\/\/redamlo.com\/index.php\/2020\/04\/18\/lopez-gatell-es-desacreditado-por-javier-alatorre\/#primaryimage","url":"https:\/\/redamlo.com\/wp-content\/uploads\/2020\/04\/javier-alatorre.png","contentUrl":"https:\/\/redamlo.com\/wp-content\/uploads\/2020\/04\/javier-alatorre.png","width":608,"height":342},{"@type":"BreadcrumbList","@id":"https:\/\/redamlo.com\/index.php\/2020\/04\/18\/lopez-gatell-es-desacreditado-por-javier-alatorre\/#breadcrumb","itemListElement":[{"@type":"ListItem","position":1,"name":"Inicio","item":"https:\/\/redamlo.com\/"},{"@type":"ListItem","position":2,"name":"L\u00f3pez-Gatell es desacreditado por Javier Alatorre"}]},{"@type":"WebSite","@id":"https:\/\/redamlo.com\/#website","url":"https:\/\/redamlo.com\/","name":"NOTICIAS DE LA 4T","description":"","publisher":{"@id":"https:\/\/redamlo.com\/#organization"},"potentialAction":[{"@type":"SearchAction","target":{"@type":"EntryPoint","urlTemplate":"https:\/\/redamlo.com\/?s={search_term_string}"},"query-input":{"@type":"PropertyValueSpecification","valueRequired":true,"valueName":"search_term_string"}}],"inLanguage":"es"},{"@type":"Organization","@id":"https:\/\/redamlo.com\/#organization","name":"NOTICIAS DE LA 4T","url":"https:\/\/redamlo.com\/","logo":{"@type":"ImageObject","inLanguage":"es","@id":"https:\/\/redamlo.com\/#\/schema\/logo\/image\/","url":"https:\/\/redamlo.com\/wp-content\/uploads\/2024\/08\/cropped-RED-AMLO-logo-50.png","contentUrl":"https:\/\/redamlo.com\/wp-content\/uploads\/2024\/08\/cropped-RED-AMLO-logo-50.png","width":256,"height":256,"caption":"NOTICIAS DE LA 4T"},"image":{"@id":"https:\/\/redamlo.com\/#\/schema\/logo\/image\/"}},{"@type":"Person","@id":"https:\/\/redamlo.com\/#\/schema\/person\/7223a4375eb8f1a782fcae010a7115cf","name":"Blanca","image":{"@type":"ImageObject","inLanguage":"es","@id":"https:\/\/secure.gravatar.com\/avatar\/3f79bc8336367a4e6093eae8757acaaf61d1124834b905616de7829b0273426d?s=96&d=mm&r=g","url":"https:\/\/secure.gravatar.com\/avatar\/3f79bc8336367a4e6093eae8757acaaf61d1124834b905616de7829b0273426d?s=96&d=mm&r=g","contentUrl":"https:\/\/secure.gravatar.com\/avatar\/3f79bc8336367a4e6093eae8757acaaf61d1124834b905616de7829b0273426d?s=96&d=mm&r=g","caption":"Blanca"},"url":"https:\/\/redamlo.com\/index.php\/author\/blanca\/"}]}},"_links":{"self":[{"href":"https:\/\/redamlo.com\/index.php\/wp-json\/wp\/v2\/posts\/803","targetHints":{"allow":["GET"]}}],"collection":[{"href":"https:\/\/redamlo.com\/index.php\/wp-json\/wp\/v2\/posts"}],"about":[{"href":"https:\/\/redamlo.com\/index.php\/wp-json\/wp\/v2\/types\/post"}],"author":[{"embeddable":true,"href":"https:\/\/redamlo.com\/index.php\/wp-json\/wp\/v2\/users\/2"}],"replies":[{"embeddable":true,"href":"https:\/\/redamlo.com\/index.php\/wp-json\/wp\/v2\/comments?post=803"}],"version-history":[{"count":0,"href":"https:\/\/redamlo.com\/index.php\/wp-json\/wp\/v2\/posts\/803\/revisions"}],"wp:featuredmedia":[{"embeddable":true,"href":"https:\/\/redamlo.com\/index.php\/wp-json\/wp\/v2\/media\/805"}],"wp:attachment":[{"href":"https:\/\/redamlo.com\/index.php\/wp-json\/wp\/v2\/media?parent=803"}],"wp:term":[{"taxonomy":"category","embeddable":true,"href":"https:\/\/redamlo.com\/index.php\/wp-json\/wp\/v2\/categories?post=803"},{"taxonomy":"post_tag","embeddable":true,"href":"https:\/\/redamlo.com\/index.php\/wp-json\/wp\/v2\/tags?post=803"}],"curies":[{"name":"wp","href":"https:\/\/api.w.org\/{rel}","templated":true}]}}