{"id":8004,"date":"2024-10-25T16:44:48","date_gmt":"2024-10-25T21:44:48","guid":{"rendered":"https:\/\/redamlo.com\/?p=8004"},"modified":"2024-10-25T16:44:48","modified_gmt":"2024-10-25T21:44:48","slug":"rafael-estrada-cano-se-perfila-como-el-dirigente-de-morena-en-el-estado-de-mexico","status":"publish","type":"post","link":"https:\/\/redamlo.com\/index.php\/2024\/10\/25\/rafael-estrada-cano-se-perfila-como-el-dirigente-de-morena-en-el-estado-de-mexico\/","title":{"rendered":"Rafael Estrada Cano se perfila como el dirigente de Morena en el Estado de M\u00e9xico"},"content":{"rendered":"<p>Rafael Estrada Cano, quien se perfila como el pr\u00f3ximo dirigente estatal del partido, es un veterano de la vida pol\u00edtica de Morena y uno de los fundadores del partido, asumir\u00eda el cargo con la figura de delegado presidente estatal, un nombramiento que ser\u00eda decidido por el Comit\u00e9 Ejecutivo Nacional (CEN) a petici\u00f3n de la gobernadora Delfina G\u00f3mez, quien ha depositado en \u00e9l una alta confianza como pieza clave para la unidad y la fortaleza de la estructura partidista.<\/p>\n<p>&nbsp;<\/p>\n<p>Rafael Estrada Cano, originario de Nezahualc\u00f3yotl, cuenta con una trayectoria que ha sido fundamental en los \u00e9xitos recientes de Morena, desde la campa\u00f1a electoral de Delfina G\u00f3mez hasta los procesos locales y federales, donde el partido obtuvo triunfos significativos. Durante la campa\u00f1a de la gobernadora, Estrada fue coordinador de la estructura electoral y estuvo a cargo de coordinar el registro de candidaturas en 2021, 2023 y 2024, tareas que desempe\u00f1\u00f3 con un enfoque en la organizaci\u00f3n y la cohesi\u00f3n interna, logrando resultados que consolidaron a Morena en el Estado de M\u00e9xico.<\/p>\n<p>&nbsp;<\/p>\n<p>Su experiencia abarca tambi\u00e9n roles dentro de la Comisi\u00f3n Nacional de Elecciones y el propio CEN, donde ha sido representante en procesos de insaculaci\u00f3n de candidatos, acciones que no solo reflejan sus capacidades organizativas, sino tambi\u00e9n sus habilidades de negociaci\u00f3n y resoluci\u00f3n de conflictos, imprescindibles en un partido con una estructura y metas tan ambiciosas. Al frente de la dirigencia estatal, su experiencia como secretario t\u00e9cnico de la Presidencia de Morena se perfila como una ventaja para navegar la complejidad pol\u00edtica de la entidad.<\/p>\n<p>&nbsp;<\/p>\n<p>Uno de los atributos que ha destacado la figura de Rafael Estrada es su independencia frente a los grupos internos de Morena. La decisi\u00f3n de la gobernadora y del CEN de impulsar a Estrada obedece en gran parte a su perfil de unidad, un rasgo que permitir\u00eda evitar divisiones dentro del partido en un momento en que Morena busca consolidarse en el Estado de M\u00e9xico. Con \u00e9l, el partido espera tener una figura de liderazgo que se centre en los objetivos de Morena a nivel estatal, sin inclinaciones hacia facciones internas.<\/p>\n<p>&nbsp;<\/p>\n<p>No obstante, Estrada Cano mantiene relaciones cercanas y de respeto con varios de los actores pol\u00edticos influyentes del Estado de M\u00e9xico, entre ellos el senador Higinio Mart\u00ednez, el secretario general de Gobierno Horacio Duarte Olivares y el l\u00edder de la Legislatura, Francisco V\u00e1zquez, con quienes ha trabajado en diferentes etapas de su carrera en Morena y con quienes comparte una historia pol\u00edtica que remonta a las primeras luchas del movimiento de Andr\u00e9s Manuel L\u00f3pez Obrador.<\/p>\n<p>&nbsp;<\/p>\n<p>Este cambio de liderazgo en el Estado de M\u00e9xico se da en el marco de una estrategia m\u00e1s amplia encabezada por la presidenta nacional del partido Luisa Mar\u00eda Alcalde, quien ha iniciado el proceso de renovaci\u00f3n de las dirigencias estatales en varias entidades, como se determin\u00f3 en el Congreso Nacional de Morena. Para el partido, el Estado de M\u00e9xico es una pieza fundamental en el mapa pol\u00edtico del pa\u00eds, por lo que la designaci\u00f3n de Estrada es vista como una decisi\u00f3n que podr\u00eda fortalecer su presencia en una entidad prioritaria, que ser\u00e1 fundamental en la meta de afiliar a 10 millones de personas.<\/p>\n<p>&nbsp;<\/p>\n<p>De ser confirmado en los pr\u00f3ximos d\u00edas, Rafael Estrada Cano llegar\u00e1 para reemplazar a Martha Guerrero, quien ha asumido la presidencia municipal electa de Los Reyes La Paz. As\u00ed, Morena en el Estado de M\u00e9xico estar\u00eda ante una dirigencia que privilegia la cohesi\u00f3n y la unidad como bases para asegurar los objetivos de corto y mediano plazo del partido en la entidad.<\/p>\n<p>&nbsp;<\/p>\n<p>Aunque la atenci\u00f3n se ha centrado en Rafael Estrada Cano, en el proceso de renovaci\u00f3n tambi\u00e9n han sonado otros nombres con relevancia dentro del partido, como la secretaria de Cultura y Turismo del Estado de M\u00e9xico, Nayely Carrasco; el presidente municipal de Valle de Chalco, Armando Garc\u00eda; y el presidente electo de Naucalpan de Ju\u00e1rez, Isaac Montoya. Sin embargo, el perfil de Estrada como l\u00edder independiente y su cercan\u00eda con la gobernadora Delfina G\u00f3mez parecen ser factores que lo colocan como la opci\u00f3n m\u00e1s s\u00f3lida para llevar las riendas del partido en el Estado de M\u00e9xico.<\/p>\n<p>&nbsp;<\/p>\n","protected":false},"excerpt":{"rendered":"<p>Rafael Estrada Cano, quien se perfila como el pr\u00f3ximo dirigente estatal del partido, es un&#8230;<\/p>\n","protected":false},"author":1,"featured_media":8005,"comment_status":"open","ping_status":"closed","sticky":false,"template":"","format":"standard","meta":{"footnotes":""},"categories":[3,6],"tags":[1285,2735,2736],"class_list":["post-8004","post","type-post","status-publish","format-standard","has-post-thumbnail","hentry","category-estado-de-mexico","category-estados","tag-delfina-gomez","tag-morena-edomex","tag-rafael-estrada-cano"],"yoast_head":"<!-- This site is optimized with the Yoast SEO plugin v27.5 - https:\/\/yoast.com\/product\/yoast-seo-wordpress\/ -->\n<title>Rafael Estrada Cano se perfila como el dirigente de Morena en el Estado de M\u00e9xico - NOTICIAS DE LA 4T<\/title>\n<meta name=\"robots\" content=\"noindex, follow, max-snippet:-1, max-image-preview:large, max-video-preview:-1\" \/>\n<meta property=\"og:locale\" content=\"es_MX\" \/>\n<meta property=\"og:type\" content=\"article\" \/>\n<meta property=\"og:title\" content=\"Rafael Estrada Cano se perfila como el dirigente de Morena en el Estado de M\u00e9xico - NOTICIAS DE LA 4T\" \/>\n<meta property=\"og:description\" content=\"Rafael Estrada Cano, quien se perfila como el pr\u00f3ximo dirigente estatal del partido, es un...\" \/>\n<meta property=\"og:url\" content=\"https:\/\/redamlo.com\/index.php\/2024\/10\/25\/rafael-estrada-cano-se-perfila-como-el-dirigente-de-morena-en-el-estado-de-mexico\/\" \/>\n<meta property=\"og:site_name\" content=\"NOTICIAS DE LA 4T\" \/>\n<meta property=\"article:published_time\" content=\"2024-10-25T21:44:48+00:00\" \/>\n<meta property=\"og:image\" content=\"https:\/\/redamlo.com\/wp-content\/uploads\/2024\/10\/morena-mitin29-e1700220788908-768x444-1.jpg\" \/>\n\t<meta property=\"og:image:width\" content=\"768\" \/>\n\t<meta property=\"og:image:height\" content=\"444\" \/>\n\t<meta property=\"og:image:type\" content=\"image\/jpeg\" \/>\n<meta name=\"author\" content=\"admin\" \/>\n<meta name=\"twitter:card\" content=\"summary_large_image\" \/>\n<meta name=\"twitter:label1\" content=\"Escrito por\" \/>\n\t<meta name=\"twitter:data1\" content=\"admin\" \/>\n\t<meta name=\"twitter:label2\" content=\"Tiempo de lectura\" \/>\n\t<meta name=\"twitter:data2\" content=\"3 minutos\" \/>\n<script type=\"application\/ld+json\" class=\"yoast-schema-graph\">{\"@context\":\"https:\\\/\\\/schema.org\",\"@graph\":[{\"@type\":\"Article\",\"@id\":\"https:\\\/\\\/redamlo.com\\\/index.php\\\/2024\\\/10\\\/25\\\/rafael-estrada-cano-se-perfila-como-el-dirigente-de-morena-en-el-estado-de-mexico\\\/#article\",\"isPartOf\":{\"@id\":\"https:\\\/\\\/redamlo.com\\\/index.php\\\/2024\\\/10\\\/25\\\/rafael-estrada-cano-se-perfila-como-el-dirigente-de-morena-en-el-estado-de-mexico\\\/\"},\"author\":{\"name\":\"admin\",\"@id\":\"https:\\\/\\\/redamlo.com\\\/#\\\/schema\\\/person\\\/197a0a670d21b1f4f1483ddda1b64613\"},\"headline\":\"Rafael Estrada Cano se perfila como el dirigente de Morena en el Estado de M\u00e9xico\",\"datePublished\":\"2024-10-25T21:44:48+00:00\",\"mainEntityOfPage\":{\"@id\":\"https:\\\/\\\/redamlo.com\\\/index.php\\\/2024\\\/10\\\/25\\\/rafael-estrada-cano-se-perfila-como-el-dirigente-de-morena-en-el-estado-de-mexico\\\/\"},\"wordCount\":760,\"commentCount\":0,\"publisher\":{\"@id\":\"https:\\\/\\\/redamlo.com\\\/#organization\"},\"image\":{\"@id\":\"https:\\\/\\\/redamlo.com\\\/index.php\\\/2024\\\/10\\\/25\\\/rafael-estrada-cano-se-perfila-como-el-dirigente-de-morena-en-el-estado-de-mexico\\\/#primaryimage\"},\"thumbnailUrl\":\"https:\\\/\\\/redamlo.com\\\/wp-content\\\/uploads\\\/2024\\\/10\\\/morena-mitin29-e1700220788908-768x444-1.jpg\",\"keywords\":[\"Delfina G\u00f3mez\",\"morena edomex\",\"rafael estrada cano\"],\"articleSection\":[\"Estado de M\u00e9xico\",\"Estados\"],\"inLanguage\":\"es\",\"potentialAction\":[{\"@type\":\"CommentAction\",\"name\":\"Comment\",\"target\":[\"https:\\\/\\\/redamlo.com\\\/index.php\\\/2024\\\/10\\\/25\\\/rafael-estrada-cano-se-perfila-como-el-dirigente-de-morena-en-el-estado-de-mexico\\\/#respond\"]}]},{\"@type\":\"WebPage\",\"@id\":\"https:\\\/\\\/redamlo.com\\\/index.php\\\/2024\\\/10\\\/25\\\/rafael-estrada-cano-se-perfila-como-el-dirigente-de-morena-en-el-estado-de-mexico\\\/\",\"url\":\"https:\\\/\\\/redamlo.com\\\/index.php\\\/2024\\\/10\\\/25\\\/rafael-estrada-cano-se-perfila-como-el-dirigente-de-morena-en-el-estado-de-mexico\\\/\",\"name\":\"Rafael Estrada Cano se perfila como el dirigente de Morena en el Estado de M\u00e9xico - NOTICIAS DE LA 4T\",\"isPartOf\":{\"@id\":\"https:\\\/\\\/redamlo.com\\\/#website\"},\"primaryImageOfPage\":{\"@id\":\"https:\\\/\\\/redamlo.com\\\/index.php\\\/2024\\\/10\\\/25\\\/rafael-estrada-cano-se-perfila-como-el-dirigente-de-morena-en-el-estado-de-mexico\\\/#primaryimage\"},\"image\":{\"@id\":\"https:\\\/\\\/redamlo.com\\\/index.php\\\/2024\\\/10\\\/25\\\/rafael-estrada-cano-se-perfila-como-el-dirigente-de-morena-en-el-estado-de-mexico\\\/#primaryimage\"},\"thumbnailUrl\":\"https:\\\/\\\/redamlo.com\\\/wp-content\\\/uploads\\\/2024\\\/10\\\/morena-mitin29-e1700220788908-768x444-1.jpg\",\"datePublished\":\"2024-10-25T21:44:48+00:00\",\"breadcrumb\":{\"@id\":\"https:\\\/\\\/redamlo.com\\\/index.php\\\/2024\\\/10\\\/25\\\/rafael-estrada-cano-se-perfila-como-el-dirigente-de-morena-en-el-estado-de-mexico\\\/#breadcrumb\"},\"inLanguage\":\"es\",\"potentialAction\":[{\"@type\":\"ReadAction\",\"target\":[\"https:\\\/\\\/redamlo.com\\\/index.php\\\/2024\\\/10\\\/25\\\/rafael-estrada-cano-se-perfila-como-el-dirigente-de-morena-en-el-estado-de-mexico\\\/\"]}]},{\"@type\":\"ImageObject\",\"inLanguage\":\"es\",\"@id\":\"https:\\\/\\\/redamlo.com\\\/index.php\\\/2024\\\/10\\\/25\\\/rafael-estrada-cano-se-perfila-como-el-dirigente-de-morena-en-el-estado-de-mexico\\\/#primaryimage\",\"url\":\"https:\\\/\\\/redamlo.com\\\/wp-content\\\/uploads\\\/2024\\\/10\\\/morena-mitin29-e1700220788908-768x444-1.jpg\",\"contentUrl\":\"https:\\\/\\\/redamlo.com\\\/wp-content\\\/uploads\\\/2024\\\/10\\\/morena-mitin29-e1700220788908-768x444-1.jpg\",\"width\":768,\"height\":444},{\"@type\":\"BreadcrumbList\",\"@id\":\"https:\\\/\\\/redamlo.com\\\/index.php\\\/2024\\\/10\\\/25\\\/rafael-estrada-cano-se-perfila-como-el-dirigente-de-morena-en-el-estado-de-mexico\\\/#breadcrumb\",\"itemListElement\":[{\"@type\":\"ListItem\",\"position\":1,\"name\":\"Inicio\",\"item\":\"https:\\\/\\\/redamlo.com\\\/\"},{\"@type\":\"ListItem\",\"position\":2,\"name\":\"Rafael Estrada Cano se perfila como el dirigente de Morena en el Estado de M\u00e9xico\"}]},{\"@type\":\"WebSite\",\"@id\":\"https:\\\/\\\/redamlo.com\\\/#website\",\"url\":\"https:\\\/\\\/redamlo.com\\\/\",\"name\":\"NOTICIAS DE LA 4T\",\"description\":\"\",\"publisher\":{\"@id\":\"https:\\\/\\\/redamlo.com\\\/#organization\"},\"potentialAction\":[{\"@type\":\"SearchAction\",\"target\":{\"@type\":\"EntryPoint\",\"urlTemplate\":\"https:\\\/\\\/redamlo.com\\\/?s={search_term_string}\"},\"query-input\":{\"@type\":\"PropertyValueSpecification\",\"valueRequired\":true,\"valueName\":\"search_term_string\"}}],\"inLanguage\":\"es\"},{\"@type\":\"Organization\",\"@id\":\"https:\\\/\\\/redamlo.com\\\/#organization\",\"name\":\"NOTICIAS DE LA 4T\",\"url\":\"https:\\\/\\\/redamlo.com\\\/\",\"logo\":{\"@type\":\"ImageObject\",\"inLanguage\":\"es\",\"@id\":\"https:\\\/\\\/redamlo.com\\\/#\\\/schema\\\/logo\\\/image\\\/\",\"url\":\"https:\\\/\\\/redamlo.com\\\/wp-content\\\/uploads\\\/2024\\\/08\\\/cropped-RED-AMLO-logo-50.png\",\"contentUrl\":\"https:\\\/\\\/redamlo.com\\\/wp-content\\\/uploads\\\/2024\\\/08\\\/cropped-RED-AMLO-logo-50.png\",\"width\":256,\"height\":256,\"caption\":\"NOTICIAS DE LA 4T\"},\"image\":{\"@id\":\"https:\\\/\\\/redamlo.com\\\/#\\\/schema\\\/logo\\\/image\\\/\"}},{\"@type\":\"Person\",\"@id\":\"https:\\\/\\\/redamlo.com\\\/#\\\/schema\\\/person\\\/197a0a670d21b1f4f1483ddda1b64613\",\"name\":\"admin\",\"image\":{\"@type\":\"ImageObject\",\"inLanguage\":\"es\",\"@id\":\"https:\\\/\\\/secure.gravatar.com\\\/avatar\\\/293dccd927043f2e641da6685c2f84009782eb9ee0054daceada4e261ded849a?s=96&d=mm&r=g\",\"url\":\"https:\\\/\\\/secure.gravatar.com\\\/avatar\\\/293dccd927043f2e641da6685c2f84009782eb9ee0054daceada4e261ded849a?s=96&d=mm&r=g\",\"contentUrl\":\"https:\\\/\\\/secure.gravatar.com\\\/avatar\\\/293dccd927043f2e641da6685c2f84009782eb9ee0054daceada4e261ded849a?s=96&d=mm&r=g\",\"caption\":\"admin\"},\"sameAs\":[\"https:\\\/\\\/redamlo.com\"],\"url\":\"https:\\\/\\\/redamlo.com\\\/index.php\\\/author\\\/stell\\\/\"}]}<\/script>\n<!-- \/ Yoast SEO plugin. -->","yoast_head_json":{"title":"Rafael Estrada Cano se perfila como el dirigente de Morena en el Estado de M\u00e9xico - NOTICIAS DE LA 4T","robots":{"index":"noindex","follow":"follow","max-snippet":"max-snippet:-1","max-image-preview":"max-image-preview:large","max-video-preview":"max-video-preview:-1"},"og_locale":"es_MX","og_type":"article","og_title":"Rafael Estrada Cano se perfila como el dirigente de Morena en el Estado de M\u00e9xico - NOTICIAS DE LA 4T","og_description":"Rafael Estrada Cano, quien se perfila como el pr\u00f3ximo dirigente estatal del partido, es un...","og_url":"https:\/\/redamlo.com\/index.php\/2024\/10\/25\/rafael-estrada-cano-se-perfila-como-el-dirigente-de-morena-en-el-estado-de-mexico\/","og_site_name":"NOTICIAS DE LA 4T","article_published_time":"2024-10-25T21:44:48+00:00","og_image":[{"width":768,"height":444,"url":"https:\/\/redamlo.com\/wp-content\/uploads\/2024\/10\/morena-mitin29-e1700220788908-768x444-1.jpg","type":"image\/jpeg"}],"author":"admin","twitter_card":"summary_large_image","twitter_misc":{"Escrito por":"admin","Tiempo de lectura":"3 minutos"},"schema":{"@context":"https:\/\/schema.org","@graph":[{"@type":"Article","@id":"https:\/\/redamlo.com\/index.php\/2024\/10\/25\/rafael-estrada-cano-se-perfila-como-el-dirigente-de-morena-en-el-estado-de-mexico\/#article","isPartOf":{"@id":"https:\/\/redamlo.com\/index.php\/2024\/10\/25\/rafael-estrada-cano-se-perfila-como-el-dirigente-de-morena-en-el-estado-de-mexico\/"},"author":{"name":"admin","@id":"https:\/\/redamlo.com\/#\/schema\/person\/197a0a670d21b1f4f1483ddda1b64613"},"headline":"Rafael Estrada Cano se perfila como el dirigente de Morena en el Estado de M\u00e9xico","datePublished":"2024-10-25T21:44:48+00:00","mainEntityOfPage":{"@id":"https:\/\/redamlo.com\/index.php\/2024\/10\/25\/rafael-estrada-cano-se-perfila-como-el-dirigente-de-morena-en-el-estado-de-mexico\/"},"wordCount":760,"commentCount":0,"publisher":{"@id":"https:\/\/redamlo.com\/#organization"},"image":{"@id":"https:\/\/redamlo.com\/index.php\/2024\/10\/25\/rafael-estrada-cano-se-perfila-como-el-dirigente-de-morena-en-el-estado-de-mexico\/#primaryimage"},"thumbnailUrl":"https:\/\/redamlo.com\/wp-content\/uploads\/2024\/10\/morena-mitin29-e1700220788908-768x444-1.jpg","keywords":["Delfina G\u00f3mez","morena edomex","rafael estrada cano"],"articleSection":["Estado de M\u00e9xico","Estados"],"inLanguage":"es","potentialAction":[{"@type":"CommentAction","name":"Comment","target":["https:\/\/redamlo.com\/index.php\/2024\/10\/25\/rafael-estrada-cano-se-perfila-como-el-dirigente-de-morena-en-el-estado-de-mexico\/#respond"]}]},{"@type":"WebPage","@id":"https:\/\/redamlo.com\/index.php\/2024\/10\/25\/rafael-estrada-cano-se-perfila-como-el-dirigente-de-morena-en-el-estado-de-mexico\/","url":"https:\/\/redamlo.com\/index.php\/2024\/10\/25\/rafael-estrada-cano-se-perfila-como-el-dirigente-de-morena-en-el-estado-de-mexico\/","name":"Rafael Estrada Cano se perfila como el dirigente de Morena en el Estado de M\u00e9xico - NOTICIAS DE LA 4T","isPartOf":{"@id":"https:\/\/redamlo.com\/#website"},"primaryImageOfPage":{"@id":"https:\/\/redamlo.com\/index.php\/2024\/10\/25\/rafael-estrada-cano-se-perfila-como-el-dirigente-de-morena-en-el-estado-de-mexico\/#primaryimage"},"image":{"@id":"https:\/\/redamlo.com\/index.php\/2024\/10\/25\/rafael-estrada-cano-se-perfila-como-el-dirigente-de-morena-en-el-estado-de-mexico\/#primaryimage"},"thumbnailUrl":"https:\/\/redamlo.com\/wp-content\/uploads\/2024\/10\/morena-mitin29-e1700220788908-768x444-1.jpg","datePublished":"2024-10-25T21:44:48+00:00","breadcrumb":{"@id":"https:\/\/redamlo.com\/index.php\/2024\/10\/25\/rafael-estrada-cano-se-perfila-como-el-dirigente-de-morena-en-el-estado-de-mexico\/#breadcrumb"},"inLanguage":"es","potentialAction":[{"@type":"ReadAction","target":["https:\/\/redamlo.com\/index.php\/2024\/10\/25\/rafael-estrada-cano-se-perfila-como-el-dirigente-de-morena-en-el-estado-de-mexico\/"]}]},{"@type":"ImageObject","inLanguage":"es","@id":"https:\/\/redamlo.com\/index.php\/2024\/10\/25\/rafael-estrada-cano-se-perfila-como-el-dirigente-de-morena-en-el-estado-de-mexico\/#primaryimage","url":"https:\/\/redamlo.com\/wp-content\/uploads\/2024\/10\/morena-mitin29-e1700220788908-768x444-1.jpg","contentUrl":"https:\/\/redamlo.com\/wp-content\/uploads\/2024\/10\/morena-mitin29-e1700220788908-768x444-1.jpg","width":768,"height":444},{"@type":"BreadcrumbList","@id":"https:\/\/redamlo.com\/index.php\/2024\/10\/25\/rafael-estrada-cano-se-perfila-como-el-dirigente-de-morena-en-el-estado-de-mexico\/#breadcrumb","itemListElement":[{"@type":"ListItem","position":1,"name":"Inicio","item":"https:\/\/redamlo.com\/"},{"@type":"ListItem","position":2,"name":"Rafael Estrada Cano se perfila como el dirigente de Morena en el Estado de M\u00e9xico"}]},{"@type":"WebSite","@id":"https:\/\/redamlo.com\/#website","url":"https:\/\/redamlo.com\/","name":"NOTICIAS DE LA 4T","description":"","publisher":{"@id":"https:\/\/redamlo.com\/#organization"},"potentialAction":[{"@type":"SearchAction","target":{"@type":"EntryPoint","urlTemplate":"https:\/\/redamlo.com\/?s={search_term_string}"},"query-input":{"@type":"PropertyValueSpecification","valueRequired":true,"valueName":"search_term_string"}}],"inLanguage":"es"},{"@type":"Organization","@id":"https:\/\/redamlo.com\/#organization","name":"NOTICIAS DE LA 4T","url":"https:\/\/redamlo.com\/","logo":{"@type":"ImageObject","inLanguage":"es","@id":"https:\/\/redamlo.com\/#\/schema\/logo\/image\/","url":"https:\/\/redamlo.com\/wp-content\/uploads\/2024\/08\/cropped-RED-AMLO-logo-50.png","contentUrl":"https:\/\/redamlo.com\/wp-content\/uploads\/2024\/08\/cropped-RED-AMLO-logo-50.png","width":256,"height":256,"caption":"NOTICIAS DE LA 4T"},"image":{"@id":"https:\/\/redamlo.com\/#\/schema\/logo\/image\/"}},{"@type":"Person","@id":"https:\/\/redamlo.com\/#\/schema\/person\/197a0a670d21b1f4f1483ddda1b64613","name":"admin","image":{"@type":"ImageObject","inLanguage":"es","@id":"https:\/\/secure.gravatar.com\/avatar\/293dccd927043f2e641da6685c2f84009782eb9ee0054daceada4e261ded849a?s=96&d=mm&r=g","url":"https:\/\/secure.gravatar.com\/avatar\/293dccd927043f2e641da6685c2f84009782eb9ee0054daceada4e261ded849a?s=96&d=mm&r=g","contentUrl":"https:\/\/secure.gravatar.com\/avatar\/293dccd927043f2e641da6685c2f84009782eb9ee0054daceada4e261ded849a?s=96&d=mm&r=g","caption":"admin"},"sameAs":["https:\/\/redamlo.com"],"url":"https:\/\/redamlo.com\/index.php\/author\/stell\/"}]}},"_links":{"self":[{"href":"https:\/\/redamlo.com\/index.php\/wp-json\/wp\/v2\/posts\/8004","targetHints":{"allow":["GET"]}}],"collection":[{"href":"https:\/\/redamlo.com\/index.php\/wp-json\/wp\/v2\/posts"}],"about":[{"href":"https:\/\/redamlo.com\/index.php\/wp-json\/wp\/v2\/types\/post"}],"author":[{"embeddable":true,"href":"https:\/\/redamlo.com\/index.php\/wp-json\/wp\/v2\/users\/1"}],"replies":[{"embeddable":true,"href":"https:\/\/redamlo.com\/index.php\/wp-json\/wp\/v2\/comments?post=8004"}],"version-history":[{"count":0,"href":"https:\/\/redamlo.com\/index.php\/wp-json\/wp\/v2\/posts\/8004\/revisions"}],"wp:featuredmedia":[{"embeddable":true,"href":"https:\/\/redamlo.com\/index.php\/wp-json\/wp\/v2\/media\/8005"}],"wp:attachment":[{"href":"https:\/\/redamlo.com\/index.php\/wp-json\/wp\/v2\/media?parent=8004"}],"wp:term":[{"taxonomy":"category","embeddable":true,"href":"https:\/\/redamlo.com\/index.php\/wp-json\/wp\/v2\/categories?post=8004"},{"taxonomy":"post_tag","embeddable":true,"href":"https:\/\/redamlo.com\/index.php\/wp-json\/wp\/v2\/tags?post=8004"}],"curies":[{"name":"wp","href":"https:\/\/api.w.org\/{rel}","templated":true}]}}