{"id":8000,"date":"2024-10-07T18:22:40","date_gmt":"2024-10-07T23:22:40","guid":{"rendered":"https:\/\/redamlo.com\/?p=8000"},"modified":"2024-10-07T18:22:40","modified_gmt":"2024-10-07T23:22:40","slug":"por-paro-de-actividades-en-juzgados-y-tribunales-se-cancelan-9-mil-audiencias-federales","status":"publish","type":"post","link":"https:\/\/redamlo.com\/index.php\/2024\/10\/07\/por-paro-de-actividades-en-juzgados-y-tribunales-se-cancelan-9-mil-audiencias-federales\/","title":{"rendered":"Por paro de actividades en juzgados y tribunales se cancelan 9 mil audiencias federales"},"content":{"rendered":"<div class=\"col col1\">\n<p class=\"s-s\">El impacto del paro de actividades en juzgados y tribunales del pa\u00eds, que se inici\u00f3 el 19 de agosto, ha impedido la realizaci\u00f3n de unas 9 mil audiencias en todas las materias del \u00e1mbito federal, indican datos de la Unidad para la Consolidaci\u00f3n del Nuevo Sistema de Justicia Penal con informaci\u00f3n del Sistema Integral de Seguimiento de Expedientes (SISE).<\/p>\n<p>El da\u00f1o econ\u00f3mico que gener\u00f3 el paro en 45 d\u00edas, se\u00f1al\u00f3 la ministra Lenia Batres Guadarrama, asciende a 8 mil 307 millones 834 mil 216 pesos.<\/p>\n<p>Es decir, que la falta de actividades ocasiona una erogaci\u00f3n de 188 millones 814 mil 414 pesos al d\u00eda, que es lo que cuesta la operaci\u00f3n \u2013incluso salarios y prestaciones de los trabajadores\u2013 de 430 juzgados de distrito, 260 tribunales colegiados, 132 tribunales laborales federales, los cuatro plenos regionales, 39 tribunales de apelaci\u00f3n y el Centro de Justicia Penal Federal.<\/p>\n<p>Toda la informaci\u00f3n consta en el SISE y en la s\u00edntesis de la informaci\u00f3n relevante en materia administrativa del Consejo de la Judicatura Federal (CJF) de agosto de este a\u00f1o.<\/p>\n<p>La afectaci\u00f3n ha sido en todos los \u00e1mbitos: audiencias en juicios penales, administrativos, laborales, de amparo, de cambio de medidas cautelares, de sentencia, de extradici\u00f3n, de extinci\u00f3n de dominio y de autorizaciones para intervenci\u00f3n de comunicaciones.<\/p>\n<p class=\"sumario\">Pagar por no funcionar<\/p>\n<p class=\"s-s\">El primer minuto del pasado 19 de agosto comenz\u00f3 el paro de trabajadores. Entre sus demandas est\u00e1 la exigencia de que se garanticen sus actuales salarios, prestaciones y bonos, y que se mantengan sus condiciones laborales hasta 2025, aunque desaparezca el CJF y se forme un nuevo organismo que vigile y sancione a jueces y magistrados que incurran en irregularidades.<\/p>\n<p>Tambi\u00e9n piden un pago de un mes de salario integrado por gastos extraordinarios en el paro.<\/p>\n<p>Datos del Instituto Nacional de Estad\u00edstica y Geograf\u00eda (Inegi) refieren que al cierre de 2021 el Poder Judicial de la Federaci\u00f3n estaba integrado por 53 mil 160 empleados, de los cuales 3 mil 725 adscritos a la Suprema Corte de Justicia de la Naci\u00f3n (SCJN), mil 830 al Tribunal Electoral del Poder Judicial de la Federaci\u00f3n (TEPJF) y 47 mil 605 al CJF.<\/p>\n<p>Informes de la Judicatura se\u00f1alan que este a\u00f1o el monto destinado a servicios personales (salarios y prestaciones) es de 59 mil 229 millones 700 mil pesos, 85 por ciento del presupuesto asignado a este \u00f3rgano del PJF.<\/p>\n<p>La s\u00edntesis de la informaci\u00f3n relevante en materia administrativa se\u00f1ala que el costo de operaci\u00f3n anual por cada tribunal colegiado es de 9 millones 110 mil 461 pesos, equivalente a una erogaci\u00f3n diaria de 303 mil 682 pesos.<\/p>\n<\/div>\n<div class=\"col col2\">\n<p>En 45 d\u00edas de paro el costo es de 13 millones 665 mil 692 por cada uno de los 260 tribunales colegiados del pa\u00eds, para un total de 3 mil 553 millones 79 mil 920 pesos.<\/p>\n<p>El costo anual de los juzgados de distrito es de 68 millones 860 mil 719 pesos.<\/p>\n<p>Por d\u00eda la Judicatura debe pagar salarios por 191 mil 279 pesos, que multiplicados por 45 d\u00edas de paro suman 8 millones 607 mil 555 pesos.<\/p>\n<p>Esa cantidad multiplicada por los 430 juzgados suman 3 mil 699 millones 113 mil 270 pesos.<\/p>\n<p>Cada uno de los 132 tribunales laborales tienen un costo de operaci\u00f3n diaria de 71 mil 421 pesos. Al multiplicarse por 45 d\u00edas de paro arroja un gasto de 424 millones 240 mil 740 pesos.<\/p>\n<p class=\"sumario\">Impacto en audiencias y decisiones<\/p>\n<p class=\"s-s\">Estad\u00edsticas de la Unidad para la Consolidaci\u00f3n del Nuevo Sistema de Justicia Penal con datos del Sistema Integral de Seguimiento de Expedientes, que pueden consultarse en Internet, refieren que del primero de enero al 31 de julio de este a\u00f1o los juzgados y tribunales del pa\u00eds atend\u00edan un promedio diario de audiencias de 285 casos y se ingresaban diariamente 47 causas penales.<\/p>\n<p>Sin embargo, del 19 de agosto, fecha en que inici\u00f3 el paro de actividades y al corte del 31 de agosto, \u00faltima fecha disponible, el promedio diario de audiencias disminuy\u00f3 a 84 en todo el sistema de justicia federal. Ingresaron 31 causas penales, de las cuales s\u00f3lo se atienden diligencias consideradas urgentes, como la inicial, que debe definir la situaci\u00f3n jur\u00eddica de un detenido.<\/p>\n<p>La consulta a la Unidad para la Consolidaci\u00f3n del Nuevo Sistema de Justicia Penal, con datos del Sistema Integral de Seguimiento de Expedientes, se\u00f1ala que diariamente se han dejado de realizar 20 audiencias, por lo que en el periodo de 45 d\u00edas de huelga no se han agendado 9 mil audiencias.<\/p>\n<p>Entre los casos notables de reducci\u00f3n de diligencias, incluso con atenci\u00f3n a casos urgentes, est\u00e1 Almoloya de Ju\u00e1rez, por donde pasa la mayor\u00eda de asuntos de delincuencia organizada de alto impacto, donde se realizaban 6.96 audiencias y a partir del paro son 3.69.<\/p>\n<p>Un segundo sitio en el que se desahogan casos relevantes, Puente Grande, de 14.71 audiencias pas\u00f3 a 6.23 y de cinco causas penales por d\u00eda qued\u00f3 en 1.5.<\/p>\n<p>Fuente:\u00a0La Jornada<\/p>\n<\/div>\n","protected":false},"excerpt":{"rendered":"<p>El impacto del paro de actividades en juzgados y tribunales del pa\u00eds, que se inici\u00f3&#8230;<\/p>\n","protected":false},"author":1,"featured_media":8001,"comment_status":"open","ping_status":"closed","sticky":false,"template":"","format":"standard","meta":{"footnotes":""},"categories":[312],"tags":[2725,2578,2710],"class_list":["post-8000","post","type-post","status-publish","format-standard","has-post-thumbnail","hentry","category-justicia","tag-paro-pjf","tag-pjf","tag-reforma-judicial"],"yoast_head":"<!-- This site is optimized with the Yoast SEO plugin v27.5 - https:\/\/yoast.com\/product\/yoast-seo-wordpress\/ -->\n<title>Por paro de actividades en juzgados y tribunales se cancelan 9 mil audiencias federales - NOTICIAS DE LA 4T<\/title>\n<meta name=\"robots\" content=\"noindex, follow, max-snippet:-1, max-image-preview:large, max-video-preview:-1\" \/>\n<meta property=\"og:locale\" content=\"es_MX\" \/>\n<meta property=\"og:type\" content=\"article\" \/>\n<meta property=\"og:title\" content=\"Por paro de actividades en juzgados y tribunales se cancelan 9 mil audiencias federales - NOTICIAS DE LA 4T\" \/>\n<meta property=\"og:description\" content=\"El impacto del paro de actividades en juzgados y tribunales del pa\u00eds, que se inici\u00f3...\" \/>\n<meta property=\"og:url\" content=\"https:\/\/redamlo.com\/index.php\/2024\/10\/07\/por-paro-de-actividades-en-juzgados-y-tribunales-se-cancelan-9-mil-audiencias-federales\/\" \/>\n<meta property=\"og:site_name\" content=\"NOTICIAS DE LA 4T\" \/>\n<meta property=\"article:published_time\" content=\"2024-10-07T23:22:40+00:00\" \/>\n<meta property=\"og:image\" content=\"https:\/\/redamlo.com\/wp-content\/uploads\/2024\/10\/paro-de-poder-judicial.jpg\" \/>\n\t<meta property=\"og:image:width\" content=\"469\" \/>\n\t<meta property=\"og:image:height\" content=\"541\" \/>\n\t<meta property=\"og:image:type\" content=\"image\/jpeg\" \/>\n<meta name=\"author\" content=\"admin\" \/>\n<meta name=\"twitter:card\" content=\"summary_large_image\" \/>\n<meta name=\"twitter:label1\" content=\"Escrito por\" \/>\n\t<meta name=\"twitter:data1\" content=\"admin\" \/>\n\t<meta name=\"twitter:label2\" content=\"Tiempo de lectura\" \/>\n\t<meta name=\"twitter:data2\" content=\"4 minutos\" \/>\n<script type=\"application\/ld+json\" class=\"yoast-schema-graph\">{\"@context\":\"https:\\\/\\\/schema.org\",\"@graph\":[{\"@type\":\"Article\",\"@id\":\"https:\\\/\\\/redamlo.com\\\/index.php\\\/2024\\\/10\\\/07\\\/por-paro-de-actividades-en-juzgados-y-tribunales-se-cancelan-9-mil-audiencias-federales\\\/#article\",\"isPartOf\":{\"@id\":\"https:\\\/\\\/redamlo.com\\\/index.php\\\/2024\\\/10\\\/07\\\/por-paro-de-actividades-en-juzgados-y-tribunales-se-cancelan-9-mil-audiencias-federales\\\/\"},\"author\":{\"name\":\"admin\",\"@id\":\"https:\\\/\\\/redamlo.com\\\/#\\\/schema\\\/person\\\/197a0a670d21b1f4f1483ddda1b64613\"},\"headline\":\"Por paro de actividades en juzgados y tribunales se cancelan 9 mil audiencias federales\",\"datePublished\":\"2024-10-07T23:22:40+00:00\",\"mainEntityOfPage\":{\"@id\":\"https:\\\/\\\/redamlo.com\\\/index.php\\\/2024\\\/10\\\/07\\\/por-paro-de-actividades-en-juzgados-y-tribunales-se-cancelan-9-mil-audiencias-federales\\\/\"},\"wordCount\":804,\"commentCount\":0,\"publisher\":{\"@id\":\"https:\\\/\\\/redamlo.com\\\/#organization\"},\"image\":{\"@id\":\"https:\\\/\\\/redamlo.com\\\/index.php\\\/2024\\\/10\\\/07\\\/por-paro-de-actividades-en-juzgados-y-tribunales-se-cancelan-9-mil-audiencias-federales\\\/#primaryimage\"},\"thumbnailUrl\":\"https:\\\/\\\/redamlo.com\\\/wp-content\\\/uploads\\\/2024\\\/10\\\/paro-de-poder-judicial.jpg\",\"keywords\":[\"paro pjf\",\"pjf\",\"reforma judicial\"],\"articleSection\":[\"Justicia\"],\"inLanguage\":\"es\",\"potentialAction\":[{\"@type\":\"CommentAction\",\"name\":\"Comment\",\"target\":[\"https:\\\/\\\/redamlo.com\\\/index.php\\\/2024\\\/10\\\/07\\\/por-paro-de-actividades-en-juzgados-y-tribunales-se-cancelan-9-mil-audiencias-federales\\\/#respond\"]}]},{\"@type\":\"WebPage\",\"@id\":\"https:\\\/\\\/redamlo.com\\\/index.php\\\/2024\\\/10\\\/07\\\/por-paro-de-actividades-en-juzgados-y-tribunales-se-cancelan-9-mil-audiencias-federales\\\/\",\"url\":\"https:\\\/\\\/redamlo.com\\\/index.php\\\/2024\\\/10\\\/07\\\/por-paro-de-actividades-en-juzgados-y-tribunales-se-cancelan-9-mil-audiencias-federales\\\/\",\"name\":\"Por paro de actividades en juzgados y tribunales se cancelan 9 mil audiencias federales - NOTICIAS DE LA 4T\",\"isPartOf\":{\"@id\":\"https:\\\/\\\/redamlo.com\\\/#website\"},\"primaryImageOfPage\":{\"@id\":\"https:\\\/\\\/redamlo.com\\\/index.php\\\/2024\\\/10\\\/07\\\/por-paro-de-actividades-en-juzgados-y-tribunales-se-cancelan-9-mil-audiencias-federales\\\/#primaryimage\"},\"image\":{\"@id\":\"https:\\\/\\\/redamlo.com\\\/index.php\\\/2024\\\/10\\\/07\\\/por-paro-de-actividades-en-juzgados-y-tribunales-se-cancelan-9-mil-audiencias-federales\\\/#primaryimage\"},\"thumbnailUrl\":\"https:\\\/\\\/redamlo.com\\\/wp-content\\\/uploads\\\/2024\\\/10\\\/paro-de-poder-judicial.jpg\",\"datePublished\":\"2024-10-07T23:22:40+00:00\",\"breadcrumb\":{\"@id\":\"https:\\\/\\\/redamlo.com\\\/index.php\\\/2024\\\/10\\\/07\\\/por-paro-de-actividades-en-juzgados-y-tribunales-se-cancelan-9-mil-audiencias-federales\\\/#breadcrumb\"},\"inLanguage\":\"es\",\"potentialAction\":[{\"@type\":\"ReadAction\",\"target\":[\"https:\\\/\\\/redamlo.com\\\/index.php\\\/2024\\\/10\\\/07\\\/por-paro-de-actividades-en-juzgados-y-tribunales-se-cancelan-9-mil-audiencias-federales\\\/\"]}]},{\"@type\":\"ImageObject\",\"inLanguage\":\"es\",\"@id\":\"https:\\\/\\\/redamlo.com\\\/index.php\\\/2024\\\/10\\\/07\\\/por-paro-de-actividades-en-juzgados-y-tribunales-se-cancelan-9-mil-audiencias-federales\\\/#primaryimage\",\"url\":\"https:\\\/\\\/redamlo.com\\\/wp-content\\\/uploads\\\/2024\\\/10\\\/paro-de-poder-judicial.jpg\",\"contentUrl\":\"https:\\\/\\\/redamlo.com\\\/wp-content\\\/uploads\\\/2024\\\/10\\\/paro-de-poder-judicial.jpg\",\"width\":469,\"height\":541},{\"@type\":\"BreadcrumbList\",\"@id\":\"https:\\\/\\\/redamlo.com\\\/index.php\\\/2024\\\/10\\\/07\\\/por-paro-de-actividades-en-juzgados-y-tribunales-se-cancelan-9-mil-audiencias-federales\\\/#breadcrumb\",\"itemListElement\":[{\"@type\":\"ListItem\",\"position\":1,\"name\":\"Inicio\",\"item\":\"https:\\\/\\\/redamlo.com\\\/\"},{\"@type\":\"ListItem\",\"position\":2,\"name\":\"Por paro de actividades en juzgados y tribunales se cancelan 9 mil audiencias federales\"}]},{\"@type\":\"WebSite\",\"@id\":\"https:\\\/\\\/redamlo.com\\\/#website\",\"url\":\"https:\\\/\\\/redamlo.com\\\/\",\"name\":\"NOTICIAS DE LA 4T\",\"description\":\"\",\"publisher\":{\"@id\":\"https:\\\/\\\/redamlo.com\\\/#organization\"},\"potentialAction\":[{\"@type\":\"SearchAction\",\"target\":{\"@type\":\"EntryPoint\",\"urlTemplate\":\"https:\\\/\\\/redamlo.com\\\/?s={search_term_string}\"},\"query-input\":{\"@type\":\"PropertyValueSpecification\",\"valueRequired\":true,\"valueName\":\"search_term_string\"}}],\"inLanguage\":\"es\"},{\"@type\":\"Organization\",\"@id\":\"https:\\\/\\\/redamlo.com\\\/#organization\",\"name\":\"NOTICIAS DE LA 4T\",\"url\":\"https:\\\/\\\/redamlo.com\\\/\",\"logo\":{\"@type\":\"ImageObject\",\"inLanguage\":\"es\",\"@id\":\"https:\\\/\\\/redamlo.com\\\/#\\\/schema\\\/logo\\\/image\\\/\",\"url\":\"https:\\\/\\\/redamlo.com\\\/wp-content\\\/uploads\\\/2024\\\/08\\\/cropped-RED-AMLO-logo-50.png\",\"contentUrl\":\"https:\\\/\\\/redamlo.com\\\/wp-content\\\/uploads\\\/2024\\\/08\\\/cropped-RED-AMLO-logo-50.png\",\"width\":256,\"height\":256,\"caption\":\"NOTICIAS DE LA 4T\"},\"image\":{\"@id\":\"https:\\\/\\\/redamlo.com\\\/#\\\/schema\\\/logo\\\/image\\\/\"}},{\"@type\":\"Person\",\"@id\":\"https:\\\/\\\/redamlo.com\\\/#\\\/schema\\\/person\\\/197a0a670d21b1f4f1483ddda1b64613\",\"name\":\"admin\",\"image\":{\"@type\":\"ImageObject\",\"inLanguage\":\"es\",\"@id\":\"https:\\\/\\\/secure.gravatar.com\\\/avatar\\\/293dccd927043f2e641da6685c2f84009782eb9ee0054daceada4e261ded849a?s=96&d=mm&r=g\",\"url\":\"https:\\\/\\\/secure.gravatar.com\\\/avatar\\\/293dccd927043f2e641da6685c2f84009782eb9ee0054daceada4e261ded849a?s=96&d=mm&r=g\",\"contentUrl\":\"https:\\\/\\\/secure.gravatar.com\\\/avatar\\\/293dccd927043f2e641da6685c2f84009782eb9ee0054daceada4e261ded849a?s=96&d=mm&r=g\",\"caption\":\"admin\"},\"sameAs\":[\"https:\\\/\\\/redamlo.com\"],\"url\":\"https:\\\/\\\/redamlo.com\\\/index.php\\\/author\\\/stell\\\/\"}]}<\/script>\n<!-- \/ Yoast SEO plugin. -->","yoast_head_json":{"title":"Por paro de actividades en juzgados y tribunales se cancelan 9 mil audiencias federales - NOTICIAS DE LA 4T","robots":{"index":"noindex","follow":"follow","max-snippet":"max-snippet:-1","max-image-preview":"max-image-preview:large","max-video-preview":"max-video-preview:-1"},"og_locale":"es_MX","og_type":"article","og_title":"Por paro de actividades en juzgados y tribunales se cancelan 9 mil audiencias federales - NOTICIAS DE LA 4T","og_description":"El impacto del paro de actividades en juzgados y tribunales del pa\u00eds, que se inici\u00f3...","og_url":"https:\/\/redamlo.com\/index.php\/2024\/10\/07\/por-paro-de-actividades-en-juzgados-y-tribunales-se-cancelan-9-mil-audiencias-federales\/","og_site_name":"NOTICIAS DE LA 4T","article_published_time":"2024-10-07T23:22:40+00:00","og_image":[{"width":469,"height":541,"url":"https:\/\/redamlo.com\/wp-content\/uploads\/2024\/10\/paro-de-poder-judicial.jpg","type":"image\/jpeg"}],"author":"admin","twitter_card":"summary_large_image","twitter_misc":{"Escrito por":"admin","Tiempo de lectura":"4 minutos"},"schema":{"@context":"https:\/\/schema.org","@graph":[{"@type":"Article","@id":"https:\/\/redamlo.com\/index.php\/2024\/10\/07\/por-paro-de-actividades-en-juzgados-y-tribunales-se-cancelan-9-mil-audiencias-federales\/#article","isPartOf":{"@id":"https:\/\/redamlo.com\/index.php\/2024\/10\/07\/por-paro-de-actividades-en-juzgados-y-tribunales-se-cancelan-9-mil-audiencias-federales\/"},"author":{"name":"admin","@id":"https:\/\/redamlo.com\/#\/schema\/person\/197a0a670d21b1f4f1483ddda1b64613"},"headline":"Por paro de actividades en juzgados y tribunales se cancelan 9 mil audiencias federales","datePublished":"2024-10-07T23:22:40+00:00","mainEntityOfPage":{"@id":"https:\/\/redamlo.com\/index.php\/2024\/10\/07\/por-paro-de-actividades-en-juzgados-y-tribunales-se-cancelan-9-mil-audiencias-federales\/"},"wordCount":804,"commentCount":0,"publisher":{"@id":"https:\/\/redamlo.com\/#organization"},"image":{"@id":"https:\/\/redamlo.com\/index.php\/2024\/10\/07\/por-paro-de-actividades-en-juzgados-y-tribunales-se-cancelan-9-mil-audiencias-federales\/#primaryimage"},"thumbnailUrl":"https:\/\/redamlo.com\/wp-content\/uploads\/2024\/10\/paro-de-poder-judicial.jpg","keywords":["paro pjf","pjf","reforma judicial"],"articleSection":["Justicia"],"inLanguage":"es","potentialAction":[{"@type":"CommentAction","name":"Comment","target":["https:\/\/redamlo.com\/index.php\/2024\/10\/07\/por-paro-de-actividades-en-juzgados-y-tribunales-se-cancelan-9-mil-audiencias-federales\/#respond"]}]},{"@type":"WebPage","@id":"https:\/\/redamlo.com\/index.php\/2024\/10\/07\/por-paro-de-actividades-en-juzgados-y-tribunales-se-cancelan-9-mil-audiencias-federales\/","url":"https:\/\/redamlo.com\/index.php\/2024\/10\/07\/por-paro-de-actividades-en-juzgados-y-tribunales-se-cancelan-9-mil-audiencias-federales\/","name":"Por paro de actividades en juzgados y tribunales se cancelan 9 mil audiencias federales - NOTICIAS DE LA 4T","isPartOf":{"@id":"https:\/\/redamlo.com\/#website"},"primaryImageOfPage":{"@id":"https:\/\/redamlo.com\/index.php\/2024\/10\/07\/por-paro-de-actividades-en-juzgados-y-tribunales-se-cancelan-9-mil-audiencias-federales\/#primaryimage"},"image":{"@id":"https:\/\/redamlo.com\/index.php\/2024\/10\/07\/por-paro-de-actividades-en-juzgados-y-tribunales-se-cancelan-9-mil-audiencias-federales\/#primaryimage"},"thumbnailUrl":"https:\/\/redamlo.com\/wp-content\/uploads\/2024\/10\/paro-de-poder-judicial.jpg","datePublished":"2024-10-07T23:22:40+00:00","breadcrumb":{"@id":"https:\/\/redamlo.com\/index.php\/2024\/10\/07\/por-paro-de-actividades-en-juzgados-y-tribunales-se-cancelan-9-mil-audiencias-federales\/#breadcrumb"},"inLanguage":"es","potentialAction":[{"@type":"ReadAction","target":["https:\/\/redamlo.com\/index.php\/2024\/10\/07\/por-paro-de-actividades-en-juzgados-y-tribunales-se-cancelan-9-mil-audiencias-federales\/"]}]},{"@type":"ImageObject","inLanguage":"es","@id":"https:\/\/redamlo.com\/index.php\/2024\/10\/07\/por-paro-de-actividades-en-juzgados-y-tribunales-se-cancelan-9-mil-audiencias-federales\/#primaryimage","url":"https:\/\/redamlo.com\/wp-content\/uploads\/2024\/10\/paro-de-poder-judicial.jpg","contentUrl":"https:\/\/redamlo.com\/wp-content\/uploads\/2024\/10\/paro-de-poder-judicial.jpg","width":469,"height":541},{"@type":"BreadcrumbList","@id":"https:\/\/redamlo.com\/index.php\/2024\/10\/07\/por-paro-de-actividades-en-juzgados-y-tribunales-se-cancelan-9-mil-audiencias-federales\/#breadcrumb","itemListElement":[{"@type":"ListItem","position":1,"name":"Inicio","item":"https:\/\/redamlo.com\/"},{"@type":"ListItem","position":2,"name":"Por paro de actividades en juzgados y tribunales se cancelan 9 mil audiencias federales"}]},{"@type":"WebSite","@id":"https:\/\/redamlo.com\/#website","url":"https:\/\/redamlo.com\/","name":"NOTICIAS DE LA 4T","description":"","publisher":{"@id":"https:\/\/redamlo.com\/#organization"},"potentialAction":[{"@type":"SearchAction","target":{"@type":"EntryPoint","urlTemplate":"https:\/\/redamlo.com\/?s={search_term_string}"},"query-input":{"@type":"PropertyValueSpecification","valueRequired":true,"valueName":"search_term_string"}}],"inLanguage":"es"},{"@type":"Organization","@id":"https:\/\/redamlo.com\/#organization","name":"NOTICIAS DE LA 4T","url":"https:\/\/redamlo.com\/","logo":{"@type":"ImageObject","inLanguage":"es","@id":"https:\/\/redamlo.com\/#\/schema\/logo\/image\/","url":"https:\/\/redamlo.com\/wp-content\/uploads\/2024\/08\/cropped-RED-AMLO-logo-50.png","contentUrl":"https:\/\/redamlo.com\/wp-content\/uploads\/2024\/08\/cropped-RED-AMLO-logo-50.png","width":256,"height":256,"caption":"NOTICIAS DE LA 4T"},"image":{"@id":"https:\/\/redamlo.com\/#\/schema\/logo\/image\/"}},{"@type":"Person","@id":"https:\/\/redamlo.com\/#\/schema\/person\/197a0a670d21b1f4f1483ddda1b64613","name":"admin","image":{"@type":"ImageObject","inLanguage":"es","@id":"https:\/\/secure.gravatar.com\/avatar\/293dccd927043f2e641da6685c2f84009782eb9ee0054daceada4e261ded849a?s=96&d=mm&r=g","url":"https:\/\/secure.gravatar.com\/avatar\/293dccd927043f2e641da6685c2f84009782eb9ee0054daceada4e261ded849a?s=96&d=mm&r=g","contentUrl":"https:\/\/secure.gravatar.com\/avatar\/293dccd927043f2e641da6685c2f84009782eb9ee0054daceada4e261ded849a?s=96&d=mm&r=g","caption":"admin"},"sameAs":["https:\/\/redamlo.com"],"url":"https:\/\/redamlo.com\/index.php\/author\/stell\/"}]}},"_links":{"self":[{"href":"https:\/\/redamlo.com\/index.php\/wp-json\/wp\/v2\/posts\/8000","targetHints":{"allow":["GET"]}}],"collection":[{"href":"https:\/\/redamlo.com\/index.php\/wp-json\/wp\/v2\/posts"}],"about":[{"href":"https:\/\/redamlo.com\/index.php\/wp-json\/wp\/v2\/types\/post"}],"author":[{"embeddable":true,"href":"https:\/\/redamlo.com\/index.php\/wp-json\/wp\/v2\/users\/1"}],"replies":[{"embeddable":true,"href":"https:\/\/redamlo.com\/index.php\/wp-json\/wp\/v2\/comments?post=8000"}],"version-history":[{"count":0,"href":"https:\/\/redamlo.com\/index.php\/wp-json\/wp\/v2\/posts\/8000\/revisions"}],"wp:featuredmedia":[{"embeddable":true,"href":"https:\/\/redamlo.com\/index.php\/wp-json\/wp\/v2\/media\/8001"}],"wp:attachment":[{"href":"https:\/\/redamlo.com\/index.php\/wp-json\/wp\/v2\/media?parent=8000"}],"wp:term":[{"taxonomy":"category","embeddable":true,"href":"https:\/\/redamlo.com\/index.php\/wp-json\/wp\/v2\/categories?post=8000"},{"taxonomy":"post_tag","embeddable":true,"href":"https:\/\/redamlo.com\/index.php\/wp-json\/wp\/v2\/tags?post=8000"}],"curies":[{"name":"wp","href":"https:\/\/api.w.org\/{rel}","templated":true}]}}