{"id":7997,"date":"2024-10-06T18:10:11","date_gmt":"2024-10-06T23:10:11","guid":{"rendered":"https:\/\/redamlo.com\/?p=7997"},"modified":"2024-10-06T18:10:11","modified_gmt":"2024-10-06T23:10:11","slug":"presenta-clara-brugada-acciones-de-gobierno-en-la-ciudad-de-mexico","status":"publish","type":"post","link":"https:\/\/redamlo.com\/index.php\/2024\/10\/06\/presenta-clara-brugada-acciones-de-gobierno-en-la-ciudad-de-mexico\/","title":{"rendered":"Presenta Clara Brugada acciones de Gobierno en la Ciudad de M\u00e9xico"},"content":{"rendered":"<p>La Jefa de Gobierno, Clara Brugada Molina, present\u00f3 durante el Acto de Celebraci\u00f3n por la Toma de Posesi\u00f3n, una lista de acciones para iniciar con la construcci\u00f3n del Segundo Piso de la Transformaci\u00f3n en la Ciudad de M\u00e9xico y garantizar a la ciudadan\u00eda bienestar, paz, justicia y libertad, derechos sociales conquistados por el expresidente Andr\u00e9s Manuel L\u00f3pez Obrador y por la exJefa de Gobierno, hoy Presidenta de M\u00e9xico, Claudia Sheinbaum Pardo.<\/p>\n<p>\u201cQuiero que todas y todos tengan plena confianza que la transformaci\u00f3n no se va a detener, se va a profundizar; casi 3 millones de personas nos dieron su confianza y, con la mano en el coraz\u00f3n, les digo: no les voy a fallar. Y vamos a retomar los principios de la Cuarta Transformaci\u00f3n: no mentir, no robar y no traicionar a nuestro pueblo. As\u00ed que, a trabajar; a trabajar por esta gran ciudad. \u00a1Viva la Ciudad de M\u00e9xico!\u201d, expres\u00f3.<\/p>\n<p>En el Teatro Metropolitan, la mandataria capitalina present\u00f3 a los integrantes de su Gabinete, quienes contribuir\u00e1n a consolidar a la capital del pa\u00eds como referente de pol\u00edticas progresistas.<\/p>\n<p>\u201cTenemos la convicci\u00f3n inagotable de buscar que cada habitante encuentre, como dijo Andr\u00e9s Manuel L\u00f3pez Obrador, grandes y potentes razones para ser feliz, para vivir en libertad, para que los anhelos de justicia y democracia se hagan realidad; esto es por lo que peleamos, y por ello, seguiremos trabajando arduamente. (\u2026) Tengo la gran responsabilidad de construir el Segundo Piso de la transformaci\u00f3n y eso significa hacer rendir cada peso del presupuesto, como si fueran dos, y vamos a trabajar como si el d\u00eda tuviera el doble de horas. Desde hoy, como Jefa de Gobierno, no descansar\u00e9 para hacer de esta ciudad la Capital de la Transformaci\u00f3n\u201d, se\u00f1al\u00f3.<\/p>\n<p>Asimismo, refrend\u00f3 su convicci\u00f3n feminista y su experiencia legislativa y como gobernante de Iztapalapa, una de las alcald\u00edas m\u00e1s complejas de la capital, que retomar\u00e1 para gobernar para todas y todos los habitantes de la capital.<\/p>\n<p>\u201cVengo de la lucha comunitaria, creo en el poder del pueblo y en los movimientos sociales, me he propuesto la misi\u00f3n hist\u00f3rica de transformar la realidad de las zonas m\u00e1s empobrecidas de la ciudad, vengo con el coraz\u00f3n ardiendo y latiendo por la profundizaci\u00f3n de la democratizaci\u00f3n de esta ciudad. (\u2026) He gobernado la cuarta parte de la Ciudad de M\u00e9xico, la m\u00e1s compleja, la de mayores rezagos y la he transformado haciendo realidad las utop\u00edas y los sue\u00f1os de cambio. Conozco las necesidades de los que viven en Polanco y conozco las condiciones de quienes viven en Milpa Alta o Xochimilco, y vamos a gobernar para todas y para todos\u201d, dijo.<\/p>\n<p>Destac\u00f3 que el primer eje sobre el que trabajar\u00e1 ser\u00e1 Seguridad, con el reforzamiento de la estrategia actual conformada por cuatro ejes: Investigaci\u00f3n, Coordinaci\u00f3n, Atenci\u00f3n a las Causas y M\u00e1s y Mejor Polic\u00eda.<\/p>\n<p>\u201cEl primer d\u00eda de gobierno vamos a tener el inicio de la instalaci\u00f3n de todos los Gabinetes de Seguridad, todos los d\u00edas por la ma\u00f1ana, donde se definen las estrategias, donde se combate la inseguridad, y no vamos a dejar este tema, nuestro objetivo es construir paz y seguridad en la ciudad. Reactivaremos todos los M\u00f3dulos de Polic\u00eda que est\u00e1n abandonados, que existen en las colonias, para que haya presencia en territorio de elementos de seguridad. Vamos a construir y a profundizar un modelo de seguridad territorial, un modelo de seguridad de proximidad, un modelo donde sea el pueblo quien eval\u00fae a los propios polic\u00edas cada mes. Tambi\u00e9n, duplicaremos el n\u00famero de videoc\u00e1maras, fortaleceremos las condiciones laborales de los polic\u00edas, construiremos el hospital para los polic\u00edas y haremos realidad que mejoren sus derechos\u201d, detall\u00f3.<\/p>\n<p>En materia h\u00eddrica, indic\u00f3 que se instalar\u00e1 el Gabinete del Agua, con el objetivo de planificar, en coordinaci\u00f3n con alcaldes y alcaldesas de la capital, un plan para atender las situaciones que surjan en la materia, cuyas acciones est\u00e9n encaminadas a modificar el modelo actual de gesti\u00f3n del recurso para tener reservas de agua en el subsuelo y generar equilibrio h\u00eddrico en la cuenca del Valle de M\u00e9xico.<\/p>\n<p>\u201cCrearemos tambi\u00e9n el programa m\u00e1s grande de recuperaci\u00f3n de agua de lluvia, infiltraci\u00f3n al acu\u00edfero, saneamiento de r\u00edos y recuperaci\u00f3n de nuestra ciudad lacustre, protegeremos y fortaleceremos el Bosque de Agua de la Ciudad de M\u00e9xico. Y, para las zonas y las colonias que hoy sufren de escasez de agua y son los que gastan m\u00e1s en el l\u00edquido, vamos a impulsar el programa \u2018Agua Bienestar\u2019, cuyo costo de cada garraf\u00f3n ser\u00e1 de 7 pesos. Crearemos la l\u00ednea telef\u00f3nica \u2018H2O\u2019 para reportar las fugas de agua que se atender\u00e1n en menos de 24 horas. Crearemos el Centro de Monitoreo, Control y Gesti\u00f3n del Agua, el C5 del Agua\u201d, comparti\u00f3.<\/p>\n<p>Clara Brugada destac\u00f3 que se fortalecer\u00e1 la Movilidad con nuevas obras de transporte p\u00fablico, como la construcci\u00f3n de cinco l\u00edneas del Cableb\u00fas en las alcald\u00edas Tlalpan, \u00c1lvaro Obreg\u00f3n, Milpa Alta-Xochimilco, Cuajimalpa y La Magdalena Contreras; en el Sistema de Transporte Colectivo (STC) Metro, se concluir\u00e1 la ampliaci\u00f3n de la L\u00ednea 12, se renovar\u00e1n las L\u00edneas 3 y A, y se dar\u00e1 mantenimiento permanente al resto de la red.<\/p>\n<p>Agreg\u00f3 que se construir\u00e1n dos nuevas l\u00edneas de Metrob\u00fas: la L\u00ednea Cero, que abarcar\u00e1 todo el Circuito Interior, y una m\u00e1s que correr\u00e1 por Perif\u00e9rico. Adem\u00e1s, se a\u00f1adir\u00e1n, a la red de ciclov\u00edas existente, 300 kil\u00f3metros m\u00e1s para fortalecer este medio de transporte en la ciudad.<\/p>\n<p>Coment\u00f3 que se dar\u00e1 continuidad a la sustituci\u00f3n de microbuses de la ciudad, de la mano de sus operadores y transportistas, para convertirlos en transportes dignos y sustentables; se construir\u00e1 el Centrob\u00fas, un transporte p\u00fablico nuevo que conecte a los lugares estrat\u00e9gicos del Centro; se pondr\u00e1 en marcha el proyecto de semaforizaci\u00f3n inteligente, a fin de reducir el tiempo de tr\u00e1fico y mejorar el flujo vehicular y, en los primeros 100 d\u00edas de Gobierno, iniciar\u00e1 el Programa de Licencia de Conducir Permanente 2024 y 2025.<\/p>\n<p>La Jefa de Gobierno dijo que para garantizar el derecho a la vivienda digna y detener el proceso de gentrificaci\u00f3n y expulsi\u00f3n de la ciudad, se impulsar\u00e1 el programa de vivienda m\u00e1s grande en la historia, con m\u00e1s de 200 mil acciones de construcci\u00f3n y mejoramiento de hogares, cuyos beneficiarios ser\u00e1n habitantes de escasos recursos y personas que habitan en campamentos. En su gesti\u00f3n, afirm\u00f3, ser\u00e1 una prioridad la vivienda en renta con opci\u00f3n a compra para j\u00f3venes, mujeres, personas adultas mayores e integrantes de pueblos originarios.<\/p>\n<p>En materia de obra p\u00fablica, la mandataria local inform\u00f3 que en los primeros 100 d\u00edas de Gobierno iniciar\u00e1 la transformaci\u00f3n de la Calzada de Tlalpan y, en meses posteriores, se edificar\u00e1 un circuito de Taxque\u00f1a al Centro de la capital, con espacios verdes, ciclov\u00edas y accesos peatonales. Adem\u00e1s, el 16 de octubre iniciar\u00e1n las acciones del Programa \u201cBachet\u00f3n\u201d, con el apoyo de las y los alcaldes.<\/p>\n<p>La Cultura, destac\u00f3, ser\u00e1 uno de los ejes m\u00e1s impulsados durante su administraci\u00f3n, con la construcci\u00f3n de 100 Unidades de Transformaci\u00f3n y Organizaci\u00f3n Para la Inclusi\u00f3n y la Armon\u00eda Social (UTOP\u00cdAS), con infraestructura deportiva, cultural, recreativa, de bienestar y de cuidado.<\/p>\n<p>\u201cVamos a empezar por Tepito, en la Cuauht\u00e9moc; por el Centro SCOP, que la convertiremos en la UTOP\u00cdA del muralismo, en la Benito Ju\u00e1rez; en el espacio \u2018El Pari\u00e1n\u2019, de Coyoac\u00e1n; en el Deportivo \u2018Hermanos Galeana\u2019, en la Gustavo A. Madero; en el Deportivo \u2018L\u00e1zaro C\u00e1rdenas\u2019, en la Venustiano Carranza; en el Estadio Ahualapa, en Xochimilco; en el Deportivo Ceyl\u00e1n, de Azcapotzalco; en el Deportivo Tlaltenco, en Tl\u00e1huac; en la calle Oyamel, en La Magdalena Contreras; en el CETRAM de la alcald\u00eda de Iztapalapa; en Tlalpan, \u00c1lvaro Obreg\u00f3n, Cuajimalpa, Miguel Hidalgo, Iztacalco y en Tecomitl, en Milpa Alta. (\u2026) Tambi\u00e9n construiremos UTOP\u00cdAS Verdes para fortalecer el proyecto de \u2018Sembrando Parques\u2019, construiremos cinco UTOP\u00cdAS Verdes cada a\u00f1o para mejorar y disfrutar el medio ambiente\u201d, precis\u00f3.<\/p>\n<p>A lo anterior, se suma la creaci\u00f3n de la Universidad de las Artes de la Ciudad de M\u00e9xico, de los Semilleros de Cultura en escuelas,\u00a0 Puntos de Innovaci\u00f3n, Libertad, Arte, Educaci\u00f3n y Saberes (PILARES) y UTOP\u00cdAS, y se har\u00e1 del espacio p\u00fablico el mejor escenario de actividades art\u00edsticas y culturales, con \u00e9nfasis en el Z\u00f3calo capitalino como sede de grandes eventos, adem\u00e1s de grandes festivales en otras partes de la capital.<\/p>\n<p>Con respecto a la Educaci\u00f3n, destac\u00f3 diversas acciones como la inversi\u00f3n promedio de 2.5 millones de pesos por plantel escolar para mejorar su infraestructura; se dotar\u00e1 a cada escuela de instrumentos musicales y, en coordinaci\u00f3n con el Gobierno de M\u00e9xico se abrir\u00e1n los fines de semana las escuelas p\u00fablicas, para impulsar actividades deportivas, art\u00edsticas y culturales.<\/p>\n<p>Clara Brugada remarc\u00f3 que, junto con las autoridades federales, se construir\u00e1n dos nuevas sedes de la Universidad \u201cRosario Castellanos\u201d, en Cuajimalpa e Iztapalapa. Adem\u00e1s, se impulsar\u00e1 la eliminaci\u00f3n del examen de la Comisi\u00f3n Metropolitana de Instituciones P\u00fablicas de Educaci\u00f3n Media Superior (COMIPEMS) y se gestionar\u00e1 un nuevo mecanismo de acceso a los j\u00f3venes a las preparatorias, as\u00ed como la creaci\u00f3n de un nuevo sistema de educaci\u00f3n nivel medio superior con 20 nuevas preparatorias.<\/p>\n<p>En materia de Equidad de G\u00e9nero, mencion\u00f3 que se consolidar\u00e1 el Sistema P\u00fablico de Cuidados m\u00e1s grande del pa\u00eds, basado en diversas acciones como la construcci\u00f3n de 200 Centros de Cuidado y Desarrollo Infantil en UTOP\u00cdAS y PILARES, 200 casas de d\u00edas para adultos mayores, 200 centros de rehabilitaci\u00f3n para las personas con discapacidad y 200 unidades de servicio de vida cotidiana.<\/p>\n<p>Indic\u00f3 que durante su gesti\u00f3n se dar\u00e1 continuidad y reforzar\u00e1 el trabajo realizado para erradicar la violencia contra las mujeres, por lo que en los primeros 100 d\u00edas convocar\u00e1 a elaborar el Plan de Igualdad Sustantiva de la Ciudad de M\u00e9xico, y se implementar\u00e1 la estrategia \u201cSiemprevivas\u201d, con la que se realizar\u00e1n recorridos casa por casa para combatir violencia familiar.<\/p>\n<p>Esto, sumado a la construcci\u00f3n de 100 centros de apoyo, justicia y atenci\u00f3n a las mujeres v\u00edctimas de violencia; la implementaci\u00f3n del Programa \u201cNo Dejar a Ninguna Ni\u00f1a Atr\u00e1s\u201d, para impulsar la equidad; la distribuci\u00f3n del libro gu\u00eda \u201cNi rosa, ni azul, puedes ser quien eres t\u00fa\u201d, con el objetivo de prevenir la violencia de g\u00e9nero y combatir los estereotipos entre ni\u00f1as y ni\u00f1os; y la construcci\u00f3n de mil kil\u00f3metros de Senderos Seguros \u201cCamina Libre, Camina Segura\u201d.<\/p>\n<p>En la Ciudad de M\u00e9xico, asegur\u00f3 Clara Brugada, se respetar\u00e1n los derechos de la comunidad LGBTTTIQ+, por lo que ampliar\u00e1 la atenci\u00f3n de la Cl\u00ednica Condesa con m\u00e1s sedes; se facilitar\u00e1 el tr\u00e1mite de acceso a la seguridad social de las familias de personas del mismo sexo; y se llevar\u00e1 a cabo una pol\u00edtica para prevenir y erradicar el transfeminicidio.<\/p>\n<p>Referente a Innovaci\u00f3n, se desplegar\u00e1 una red de fibra \u00f3ptica propia del Gobierno, a trav\u00e9s de las redes del STC Metro, y se alcanzar\u00e1 al menos el 90 por ciento de digitalizaci\u00f3n de todos los tr\u00e1mites para agilizar procesos administrativos, reducir costos y tiempo. Asimismo, la zona industrial de Vallejo se seguir\u00e1 potenciando como referente latinoamericano en desarrollo digital, inteligencia artificial, conectividad, ciencia de datos y desarrollo tecnol\u00f3gico.<\/p>\n<p>En Medio Ambiente, Brugada Molina dijo que dar\u00e1 seguimiento al programa Alt\u00e9petl Bienestar y a las pol\u00edticas de mejora de la calidad del aire con acuerdos metropolitanos al respecto; se crear\u00e1n programas para apoyar el modelo de casa ecol\u00f3gica, el abasto popular y a los productores locales con \u201cDel Campo a la Ciudad\u201d, as\u00ed como la Agencia de Gesti\u00f3n Integral de Residuos para que en seis a\u00f1os se logre reciclar la mitad de la basura que se produce en la capital, equivalente a m\u00e1s de 11 mil toneladas diarias.<\/p>\n<p>Sobre la ciudad pluricultural, pluri\u00e9tnica y pluriling\u00fcista, remarc\u00f3 el apoyo a los pueblos originarios, se implementar\u00e1n planes de justicia para combatir la marginaci\u00f3n e inclusi\u00f3n, respetando sus costumbres, y se desarrollar\u00e1 un programa especial de Identidad Cultural en el Dise\u00f1o Urbano.<\/p>\n<p>Dijo que a partir del 6 de noviembre, empezar\u00e1 la entrega de nuevos programas sociales: \u201cBeca para el Transporte a los Universitarios\u201d, \u201cDesde la cuna\u201d, \u201cIngreso Ciudadano Universal\u201d, \u201cApoyo a personas de 60-64 a\u00f1os\u201d para extender la pensi\u00f3n universal y \u201cMercomuna\u201d,<\/p>\n<p>En materia de desarrollo econ\u00f3mico, resalt\u00f3 el acercamiento con el sector empresarial para que la ciudad crezca por encima de la media nacional, as\u00ed como la generaci\u00f3n de la Agencia de\u00a0 Atracci\u00f3n de Inversiones Nacionales y Extranjeras y facilidades para los negocios.<\/p>\n<p>\u201cVamos a fortalecer y a aprovechar el escaparate global que representa la realizaci\u00f3n del Mundial de f\u00fatbol en 2026, vamos a proyectar la imagen internacional de la Ciudad de M\u00e9xico, y vamos a prepararnos para recibir a millones en el 2026\u201d, agreg\u00f3.<\/p>\n<p>En Salud, gestionar\u00e1 la construcci\u00f3n del Hospital General de Xochimilco y de La Magdalena Contreras; promover\u00e1 el mayor programa de salud preventiva, con visitas casa por casa; instalar\u00e1 100 mast\u00f3grafos a lo largo y ancho de la ciudad y 100 laboratorios cl\u00ednicos gratuitos, y echar\u00e1 a andar un programa de salud mental para el bienestar integral.<\/p>\n<p>\u201cY tambi\u00e9n, el bienestar animal ser\u00e1 prioridad para esta ciudad, as\u00ed que vamos a tener una cl\u00ednica veterinaria en cada UTOP\u00cdA que vamos a construir, y propondremos la creaci\u00f3n de la Fiscal\u00eda Especializada en Maltrato Animal; adem\u00e1s, vamos a construir 100 parques para perros en todas la ciudad en las UTOP\u00cdAS. Vamos a trabajar intensamente para prepararnos ante los fen\u00f3menos naturales generando la mejor cultura de protecci\u00f3n civil y crearemos el Centro Integral de Gesti\u00f3n de Riesgos de la Ciudad de M\u00e9xico\u201d, puntualiz\u00f3.<\/p>\n<p>Finalmente, la Jefa de Gobierno reiter\u00f3 que su gesti\u00f3n ser\u00e1 de territorio, no de escritorio, por lo que impulsar\u00e1 audiencias ciudadanas en el Z\u00f3calo con atenci\u00f3n directa de ella y de titulares de las Secretar\u00edas, adem\u00e1s de establecer sedes del Gobierno de la Ciudad en todas las alcald\u00edas.<\/p>\n","protected":false},"excerpt":{"rendered":"<p>La Jefa de Gobierno, Clara Brugada Molina, present\u00f3 durante el Acto de Celebraci\u00f3n por la&#8230;<\/p>\n","protected":false},"author":1,"featured_media":7998,"comment_status":"open","ping_status":"closed","sticky":false,"template":"","format":"standard","meta":{"footnotes":""},"categories":[17],"tags":[154,885,2734],"class_list":["post-7997","post","type-post","status-publish","format-standard","has-post-thumbnail","hentry","category-cdmx","tag-cdmx","tag-clara-brugada","tag-gobierno-de-cdmx"],"yoast_head":"<!-- This site is optimized with the Yoast SEO plugin v27.5 - https:\/\/yoast.com\/product\/yoast-seo-wordpress\/ -->\n<title>Presenta Clara Brugada acciones de Gobierno en la Ciudad de M\u00e9xico - NOTICIAS DE LA 4T<\/title>\n<meta name=\"robots\" content=\"noindex, follow, max-snippet:-1, max-image-preview:large, max-video-preview:-1\" \/>\n<meta property=\"og:locale\" content=\"es_MX\" \/>\n<meta property=\"og:type\" content=\"article\" \/>\n<meta property=\"og:title\" content=\"Presenta Clara Brugada acciones de Gobierno en la Ciudad de M\u00e9xico - NOTICIAS DE LA 4T\" \/>\n<meta property=\"og:description\" content=\"La Jefa de Gobierno, Clara Brugada Molina, present\u00f3 durante el Acto de Celebraci\u00f3n por la...\" \/>\n<meta property=\"og:url\" content=\"https:\/\/redamlo.com\/index.php\/2024\/10\/06\/presenta-clara-brugada-acciones-de-gobierno-en-la-ciudad-de-mexico\/\" \/>\n<meta property=\"og:site_name\" content=\"NOTICIAS DE LA 4T\" \/>\n<meta property=\"article:published_time\" content=\"2024-10-06T23:10:11+00:00\" \/>\n<meta property=\"og:image\" content=\"https:\/\/redamlo.com\/wp-content\/uploads\/2024\/10\/toma-de-clara-brugada.png\" \/>\n\t<meta property=\"og:image:width\" content=\"744\" \/>\n\t<meta property=\"og:image:height\" content=\"435\" \/>\n\t<meta property=\"og:image:type\" content=\"image\/png\" \/>\n<meta name=\"author\" content=\"admin\" \/>\n<meta name=\"twitter:card\" content=\"summary_large_image\" \/>\n<meta name=\"twitter:label1\" content=\"Escrito por\" \/>\n\t<meta name=\"twitter:data1\" content=\"admin\" \/>\n\t<meta name=\"twitter:label2\" content=\"Tiempo de lectura\" \/>\n\t<meta name=\"twitter:data2\" content=\"10 minutos\" \/>\n<script type=\"application\/ld+json\" class=\"yoast-schema-graph\">{\"@context\":\"https:\\\/\\\/schema.org\",\"@graph\":[{\"@type\":\"Article\",\"@id\":\"https:\\\/\\\/redamlo.com\\\/index.php\\\/2024\\\/10\\\/06\\\/presenta-clara-brugada-acciones-de-gobierno-en-la-ciudad-de-mexico\\\/#article\",\"isPartOf\":{\"@id\":\"https:\\\/\\\/redamlo.com\\\/index.php\\\/2024\\\/10\\\/06\\\/presenta-clara-brugada-acciones-de-gobierno-en-la-ciudad-de-mexico\\\/\"},\"author\":{\"name\":\"admin\",\"@id\":\"https:\\\/\\\/redamlo.com\\\/#\\\/schema\\\/person\\\/197a0a670d21b1f4f1483ddda1b64613\"},\"headline\":\"Presenta Clara Brugada acciones de Gobierno en la Ciudad de M\u00e9xico\",\"datePublished\":\"2024-10-06T23:10:11+00:00\",\"mainEntityOfPage\":{\"@id\":\"https:\\\/\\\/redamlo.com\\\/index.php\\\/2024\\\/10\\\/06\\\/presenta-clara-brugada-acciones-de-gobierno-en-la-ciudad-de-mexico\\\/\"},\"wordCount\":2493,\"commentCount\":0,\"publisher\":{\"@id\":\"https:\\\/\\\/redamlo.com\\\/#organization\"},\"image\":{\"@id\":\"https:\\\/\\\/redamlo.com\\\/index.php\\\/2024\\\/10\\\/06\\\/presenta-clara-brugada-acciones-de-gobierno-en-la-ciudad-de-mexico\\\/#primaryimage\"},\"thumbnailUrl\":\"https:\\\/\\\/redamlo.com\\\/wp-content\\\/uploads\\\/2024\\\/10\\\/toma-de-clara-brugada.png\",\"keywords\":[\"CDMX\",\"Clara Brugada\",\"gobierno de cdmx\"],\"articleSection\":[\"CDMX\"],\"inLanguage\":\"es\",\"potentialAction\":[{\"@type\":\"CommentAction\",\"name\":\"Comment\",\"target\":[\"https:\\\/\\\/redamlo.com\\\/index.php\\\/2024\\\/10\\\/06\\\/presenta-clara-brugada-acciones-de-gobierno-en-la-ciudad-de-mexico\\\/#respond\"]}]},{\"@type\":\"WebPage\",\"@id\":\"https:\\\/\\\/redamlo.com\\\/index.php\\\/2024\\\/10\\\/06\\\/presenta-clara-brugada-acciones-de-gobierno-en-la-ciudad-de-mexico\\\/\",\"url\":\"https:\\\/\\\/redamlo.com\\\/index.php\\\/2024\\\/10\\\/06\\\/presenta-clara-brugada-acciones-de-gobierno-en-la-ciudad-de-mexico\\\/\",\"name\":\"Presenta Clara Brugada acciones de Gobierno en la Ciudad de M\u00e9xico - NOTICIAS DE LA 4T\",\"isPartOf\":{\"@id\":\"https:\\\/\\\/redamlo.com\\\/#website\"},\"primaryImageOfPage\":{\"@id\":\"https:\\\/\\\/redamlo.com\\\/index.php\\\/2024\\\/10\\\/06\\\/presenta-clara-brugada-acciones-de-gobierno-en-la-ciudad-de-mexico\\\/#primaryimage\"},\"image\":{\"@id\":\"https:\\\/\\\/redamlo.com\\\/index.php\\\/2024\\\/10\\\/06\\\/presenta-clara-brugada-acciones-de-gobierno-en-la-ciudad-de-mexico\\\/#primaryimage\"},\"thumbnailUrl\":\"https:\\\/\\\/redamlo.com\\\/wp-content\\\/uploads\\\/2024\\\/10\\\/toma-de-clara-brugada.png\",\"datePublished\":\"2024-10-06T23:10:11+00:00\",\"breadcrumb\":{\"@id\":\"https:\\\/\\\/redamlo.com\\\/index.php\\\/2024\\\/10\\\/06\\\/presenta-clara-brugada-acciones-de-gobierno-en-la-ciudad-de-mexico\\\/#breadcrumb\"},\"inLanguage\":\"es\",\"potentialAction\":[{\"@type\":\"ReadAction\",\"target\":[\"https:\\\/\\\/redamlo.com\\\/index.php\\\/2024\\\/10\\\/06\\\/presenta-clara-brugada-acciones-de-gobierno-en-la-ciudad-de-mexico\\\/\"]}]},{\"@type\":\"ImageObject\",\"inLanguage\":\"es\",\"@id\":\"https:\\\/\\\/redamlo.com\\\/index.php\\\/2024\\\/10\\\/06\\\/presenta-clara-brugada-acciones-de-gobierno-en-la-ciudad-de-mexico\\\/#primaryimage\",\"url\":\"https:\\\/\\\/redamlo.com\\\/wp-content\\\/uploads\\\/2024\\\/10\\\/toma-de-clara-brugada.png\",\"contentUrl\":\"https:\\\/\\\/redamlo.com\\\/wp-content\\\/uploads\\\/2024\\\/10\\\/toma-de-clara-brugada.png\",\"width\":744,\"height\":435},{\"@type\":\"BreadcrumbList\",\"@id\":\"https:\\\/\\\/redamlo.com\\\/index.php\\\/2024\\\/10\\\/06\\\/presenta-clara-brugada-acciones-de-gobierno-en-la-ciudad-de-mexico\\\/#breadcrumb\",\"itemListElement\":[{\"@type\":\"ListItem\",\"position\":1,\"name\":\"Inicio\",\"item\":\"https:\\\/\\\/redamlo.com\\\/\"},{\"@type\":\"ListItem\",\"position\":2,\"name\":\"Presenta Clara Brugada acciones de Gobierno en la Ciudad de M\u00e9xico\"}]},{\"@type\":\"WebSite\",\"@id\":\"https:\\\/\\\/redamlo.com\\\/#website\",\"url\":\"https:\\\/\\\/redamlo.com\\\/\",\"name\":\"NOTICIAS DE LA 4T\",\"description\":\"\",\"publisher\":{\"@id\":\"https:\\\/\\\/redamlo.com\\\/#organization\"},\"potentialAction\":[{\"@type\":\"SearchAction\",\"target\":{\"@type\":\"EntryPoint\",\"urlTemplate\":\"https:\\\/\\\/redamlo.com\\\/?s={search_term_string}\"},\"query-input\":{\"@type\":\"PropertyValueSpecification\",\"valueRequired\":true,\"valueName\":\"search_term_string\"}}],\"inLanguage\":\"es\"},{\"@type\":\"Organization\",\"@id\":\"https:\\\/\\\/redamlo.com\\\/#organization\",\"name\":\"NOTICIAS DE LA 4T\",\"url\":\"https:\\\/\\\/redamlo.com\\\/\",\"logo\":{\"@type\":\"ImageObject\",\"inLanguage\":\"es\",\"@id\":\"https:\\\/\\\/redamlo.com\\\/#\\\/schema\\\/logo\\\/image\\\/\",\"url\":\"https:\\\/\\\/redamlo.com\\\/wp-content\\\/uploads\\\/2024\\\/08\\\/cropped-RED-AMLO-logo-50.png\",\"contentUrl\":\"https:\\\/\\\/redamlo.com\\\/wp-content\\\/uploads\\\/2024\\\/08\\\/cropped-RED-AMLO-logo-50.png\",\"width\":256,\"height\":256,\"caption\":\"NOTICIAS DE LA 4T\"},\"image\":{\"@id\":\"https:\\\/\\\/redamlo.com\\\/#\\\/schema\\\/logo\\\/image\\\/\"}},{\"@type\":\"Person\",\"@id\":\"https:\\\/\\\/redamlo.com\\\/#\\\/schema\\\/person\\\/197a0a670d21b1f4f1483ddda1b64613\",\"name\":\"admin\",\"image\":{\"@type\":\"ImageObject\",\"inLanguage\":\"es\",\"@id\":\"https:\\\/\\\/secure.gravatar.com\\\/avatar\\\/293dccd927043f2e641da6685c2f84009782eb9ee0054daceada4e261ded849a?s=96&d=mm&r=g\",\"url\":\"https:\\\/\\\/secure.gravatar.com\\\/avatar\\\/293dccd927043f2e641da6685c2f84009782eb9ee0054daceada4e261ded849a?s=96&d=mm&r=g\",\"contentUrl\":\"https:\\\/\\\/secure.gravatar.com\\\/avatar\\\/293dccd927043f2e641da6685c2f84009782eb9ee0054daceada4e261ded849a?s=96&d=mm&r=g\",\"caption\":\"admin\"},\"sameAs\":[\"https:\\\/\\\/redamlo.com\"],\"url\":\"https:\\\/\\\/redamlo.com\\\/index.php\\\/author\\\/stell\\\/\"}]}<\/script>\n<!-- \/ Yoast SEO plugin. -->","yoast_head_json":{"title":"Presenta Clara Brugada acciones de Gobierno en la Ciudad de M\u00e9xico - NOTICIAS DE LA 4T","robots":{"index":"noindex","follow":"follow","max-snippet":"max-snippet:-1","max-image-preview":"max-image-preview:large","max-video-preview":"max-video-preview:-1"},"og_locale":"es_MX","og_type":"article","og_title":"Presenta Clara Brugada acciones de Gobierno en la Ciudad de M\u00e9xico - NOTICIAS DE LA 4T","og_description":"La Jefa de Gobierno, Clara Brugada Molina, present\u00f3 durante el Acto de Celebraci\u00f3n por la...","og_url":"https:\/\/redamlo.com\/index.php\/2024\/10\/06\/presenta-clara-brugada-acciones-de-gobierno-en-la-ciudad-de-mexico\/","og_site_name":"NOTICIAS DE LA 4T","article_published_time":"2024-10-06T23:10:11+00:00","og_image":[{"width":744,"height":435,"url":"https:\/\/redamlo.com\/wp-content\/uploads\/2024\/10\/toma-de-clara-brugada.png","type":"image\/png"}],"author":"admin","twitter_card":"summary_large_image","twitter_misc":{"Escrito por":"admin","Tiempo de lectura":"10 minutos"},"schema":{"@context":"https:\/\/schema.org","@graph":[{"@type":"Article","@id":"https:\/\/redamlo.com\/index.php\/2024\/10\/06\/presenta-clara-brugada-acciones-de-gobierno-en-la-ciudad-de-mexico\/#article","isPartOf":{"@id":"https:\/\/redamlo.com\/index.php\/2024\/10\/06\/presenta-clara-brugada-acciones-de-gobierno-en-la-ciudad-de-mexico\/"},"author":{"name":"admin","@id":"https:\/\/redamlo.com\/#\/schema\/person\/197a0a670d21b1f4f1483ddda1b64613"},"headline":"Presenta Clara Brugada acciones de Gobierno en la Ciudad de M\u00e9xico","datePublished":"2024-10-06T23:10:11+00:00","mainEntityOfPage":{"@id":"https:\/\/redamlo.com\/index.php\/2024\/10\/06\/presenta-clara-brugada-acciones-de-gobierno-en-la-ciudad-de-mexico\/"},"wordCount":2493,"commentCount":0,"publisher":{"@id":"https:\/\/redamlo.com\/#organization"},"image":{"@id":"https:\/\/redamlo.com\/index.php\/2024\/10\/06\/presenta-clara-brugada-acciones-de-gobierno-en-la-ciudad-de-mexico\/#primaryimage"},"thumbnailUrl":"https:\/\/redamlo.com\/wp-content\/uploads\/2024\/10\/toma-de-clara-brugada.png","keywords":["CDMX","Clara Brugada","gobierno de cdmx"],"articleSection":["CDMX"],"inLanguage":"es","potentialAction":[{"@type":"CommentAction","name":"Comment","target":["https:\/\/redamlo.com\/index.php\/2024\/10\/06\/presenta-clara-brugada-acciones-de-gobierno-en-la-ciudad-de-mexico\/#respond"]}]},{"@type":"WebPage","@id":"https:\/\/redamlo.com\/index.php\/2024\/10\/06\/presenta-clara-brugada-acciones-de-gobierno-en-la-ciudad-de-mexico\/","url":"https:\/\/redamlo.com\/index.php\/2024\/10\/06\/presenta-clara-brugada-acciones-de-gobierno-en-la-ciudad-de-mexico\/","name":"Presenta Clara Brugada acciones de Gobierno en la Ciudad de M\u00e9xico - NOTICIAS DE LA 4T","isPartOf":{"@id":"https:\/\/redamlo.com\/#website"},"primaryImageOfPage":{"@id":"https:\/\/redamlo.com\/index.php\/2024\/10\/06\/presenta-clara-brugada-acciones-de-gobierno-en-la-ciudad-de-mexico\/#primaryimage"},"image":{"@id":"https:\/\/redamlo.com\/index.php\/2024\/10\/06\/presenta-clara-brugada-acciones-de-gobierno-en-la-ciudad-de-mexico\/#primaryimage"},"thumbnailUrl":"https:\/\/redamlo.com\/wp-content\/uploads\/2024\/10\/toma-de-clara-brugada.png","datePublished":"2024-10-06T23:10:11+00:00","breadcrumb":{"@id":"https:\/\/redamlo.com\/index.php\/2024\/10\/06\/presenta-clara-brugada-acciones-de-gobierno-en-la-ciudad-de-mexico\/#breadcrumb"},"inLanguage":"es","potentialAction":[{"@type":"ReadAction","target":["https:\/\/redamlo.com\/index.php\/2024\/10\/06\/presenta-clara-brugada-acciones-de-gobierno-en-la-ciudad-de-mexico\/"]}]},{"@type":"ImageObject","inLanguage":"es","@id":"https:\/\/redamlo.com\/index.php\/2024\/10\/06\/presenta-clara-brugada-acciones-de-gobierno-en-la-ciudad-de-mexico\/#primaryimage","url":"https:\/\/redamlo.com\/wp-content\/uploads\/2024\/10\/toma-de-clara-brugada.png","contentUrl":"https:\/\/redamlo.com\/wp-content\/uploads\/2024\/10\/toma-de-clara-brugada.png","width":744,"height":435},{"@type":"BreadcrumbList","@id":"https:\/\/redamlo.com\/index.php\/2024\/10\/06\/presenta-clara-brugada-acciones-de-gobierno-en-la-ciudad-de-mexico\/#breadcrumb","itemListElement":[{"@type":"ListItem","position":1,"name":"Inicio","item":"https:\/\/redamlo.com\/"},{"@type":"ListItem","position":2,"name":"Presenta Clara Brugada acciones de Gobierno en la Ciudad de M\u00e9xico"}]},{"@type":"WebSite","@id":"https:\/\/redamlo.com\/#website","url":"https:\/\/redamlo.com\/","name":"NOTICIAS DE LA 4T","description":"","publisher":{"@id":"https:\/\/redamlo.com\/#organization"},"potentialAction":[{"@type":"SearchAction","target":{"@type":"EntryPoint","urlTemplate":"https:\/\/redamlo.com\/?s={search_term_string}"},"query-input":{"@type":"PropertyValueSpecification","valueRequired":true,"valueName":"search_term_string"}}],"inLanguage":"es"},{"@type":"Organization","@id":"https:\/\/redamlo.com\/#organization","name":"NOTICIAS DE LA 4T","url":"https:\/\/redamlo.com\/","logo":{"@type":"ImageObject","inLanguage":"es","@id":"https:\/\/redamlo.com\/#\/schema\/logo\/image\/","url":"https:\/\/redamlo.com\/wp-content\/uploads\/2024\/08\/cropped-RED-AMLO-logo-50.png","contentUrl":"https:\/\/redamlo.com\/wp-content\/uploads\/2024\/08\/cropped-RED-AMLO-logo-50.png","width":256,"height":256,"caption":"NOTICIAS DE LA 4T"},"image":{"@id":"https:\/\/redamlo.com\/#\/schema\/logo\/image\/"}},{"@type":"Person","@id":"https:\/\/redamlo.com\/#\/schema\/person\/197a0a670d21b1f4f1483ddda1b64613","name":"admin","image":{"@type":"ImageObject","inLanguage":"es","@id":"https:\/\/secure.gravatar.com\/avatar\/293dccd927043f2e641da6685c2f84009782eb9ee0054daceada4e261ded849a?s=96&d=mm&r=g","url":"https:\/\/secure.gravatar.com\/avatar\/293dccd927043f2e641da6685c2f84009782eb9ee0054daceada4e261ded849a?s=96&d=mm&r=g","contentUrl":"https:\/\/secure.gravatar.com\/avatar\/293dccd927043f2e641da6685c2f84009782eb9ee0054daceada4e261ded849a?s=96&d=mm&r=g","caption":"admin"},"sameAs":["https:\/\/redamlo.com"],"url":"https:\/\/redamlo.com\/index.php\/author\/stell\/"}]}},"_links":{"self":[{"href":"https:\/\/redamlo.com\/index.php\/wp-json\/wp\/v2\/posts\/7997","targetHints":{"allow":["GET"]}}],"collection":[{"href":"https:\/\/redamlo.com\/index.php\/wp-json\/wp\/v2\/posts"}],"about":[{"href":"https:\/\/redamlo.com\/index.php\/wp-json\/wp\/v2\/types\/post"}],"author":[{"embeddable":true,"href":"https:\/\/redamlo.com\/index.php\/wp-json\/wp\/v2\/users\/1"}],"replies":[{"embeddable":true,"href":"https:\/\/redamlo.com\/index.php\/wp-json\/wp\/v2\/comments?post=7997"}],"version-history":[{"count":0,"href":"https:\/\/redamlo.com\/index.php\/wp-json\/wp\/v2\/posts\/7997\/revisions"}],"wp:featuredmedia":[{"embeddable":true,"href":"https:\/\/redamlo.com\/index.php\/wp-json\/wp\/v2\/media\/7998"}],"wp:attachment":[{"href":"https:\/\/redamlo.com\/index.php\/wp-json\/wp\/v2\/media?parent=7997"}],"wp:term":[{"taxonomy":"category","embeddable":true,"href":"https:\/\/redamlo.com\/index.php\/wp-json\/wp\/v2\/categories?post=7997"},{"taxonomy":"post_tag","embeddable":true,"href":"https:\/\/redamlo.com\/index.php\/wp-json\/wp\/v2\/tags?post=7997"}],"curies":[{"name":"wp","href":"https:\/\/api.w.org\/{rel}","templated":true}]}}