{"id":7988,"date":"2024-10-01T23:14:30","date_gmt":"2024-10-02T04:14:30","guid":{"rendered":"https:\/\/redamlo.com\/?p=7988"},"modified":"2024-10-01T23:14:30","modified_gmt":"2024-10-02T04:14:30","slug":"entregare-mi-conocimiento-mi-alma-mi-vida-por-el-bienestar-del-pueblo-de-mexico-sheinbaum","status":"publish","type":"post","link":"https:\/\/redamlo.com\/index.php\/2024\/10\/01\/entregare-mi-conocimiento-mi-alma-mi-vida-por-el-bienestar-del-pueblo-de-mexico-sheinbaum\/","title":{"rendered":"\u201cEntregar\u00e9 mi conocimiento, mi alma, mi vida por el bienestar del pueblo de M\u00e9xico&#8221;: Sheinbaum"},"content":{"rendered":"<div id=\"article-content-tts\" class=\"nota-contenido mb-5\">\n<div id=\"content_nitf\">\n<p class=\"western\">\u201cEntregar\u00e9 mi conocimiento, mi alma, mi vida y lo mejor de mi misma por el bienestar del pueblo de M\u00e9xico\u201d, ofreci\u00f3 la presidenta Claudia Sheinbaum Pardo, en su primer mensaje como mandataria en el Z\u00f3calo de la Ciudad de M\u00e9xico.<\/p>\n<p class=\"western\">Donde ratific\u00f3: \u201cTengo claro que el poder es humildad, estoy aqu\u00ed para comprometerme con ustedes, para decirle al pueblo en esta plaza maravillosa, que no les voy a fallar, vamos a seguir haciendo historia\u201d.<\/p>\n<p class=\"western\">Tras recibir el bast\u00f3n de mando de los pueblos ind\u00edgenas y afromexicano, resalt\u00f3 que la Cuarta Transformaci\u00f3n es \u201cla \u00fanica opci\u00f3n que representa el bienestar y el progreso con justicia\u201d.<\/p>\n<p class=\"western\">Con los principios y pol\u00edticas de su antecesor, el ex presidente Andr\u00e9s Manuel L\u00f3pez Obrador como gu\u00eda de su discurso, la nueva mandataria acentu\u00f3 que el tabasque\u00f1o le devolvi\u00f3 la dignidad al pueblo \u201cy nunca nadie se la podr\u00eda arrebatar\u201d.<\/p>\n<p class=\"western\">En la misma l\u00ednea que Lopez Obrador, la presidenta remarc\u00f3 que M\u00e9xico no se someter\u00e1 a intereses pol\u00edticos y econ\u00f3micos extranjeros. \u201cSomos un pa\u00eds independiente y soberano\u201d.<\/p>\n<p>https:\/\/x.com\/Claudiashein\/status\/1841267908875587613?ref_src=twsrc%5Etfw%7Ctwcamp%5Etweetembed%7Ctwterm%5E1841267908875587613%7Ctwgr%5Edd437e02b0ebcde3cbd5e947583535e1369a9b08%7Ctwcon%5Es1_&#038;ref_url=https%3A%2F%2Fwww.jornada.com.mx%2Fnoticia%2F2024%2F10%2F01%2Fpolitica%2Fentregare-mi-alma-y-vida-por-el-bienestar-del-pueblo-de-mexico-sheinbaum-1389<\/p>\n<div class=\"twitter-tweet twitter-tweet-rendered\"><\/div>\n<p class=\"western\">Agreg\u00f3 que no regresar\u00e1 el modelo neoliberal, mantendr\u00e1 la austeridad republicana, la disciplina financiera y fiscal, no habr\u00e1 condonaci\u00f3n de impuestos a grandes contribuyentes y se combatir\u00e1 la evasi\u00f3n.<\/p>\n<p class=\"western\">Al referirse al que quiz\u00e1s es el mayor pendiente del anterior gobierno, Sheinbaum Pardo enfatiz\u00f3 que continuar\u00e1 trabajando con los familiares de los normalistas de Ayotzinapa para garantizar la paz y la justicia \u201chasta encontrar a todos los j\u00f3venes desaparecidos\u201d.<\/p>\n<p class=\"western\">Subray\u00f3 adem\u00e1s: \u201cMi responsabilidad es llevar al pueblo de M\u00e9xico por el sendero de la paz, la democracia, la libertad con justicia. El segundo piso, lo vamos a construir entre todos\u201d.<\/p>\n<p>https:\/\/x.com\/Claudiashein\/status\/1841238847289426379?ref_src=twsrc%5Etfw%7Ctwcamp%5Etweetembed%7Ctwterm%5E1841238847289426379%7Ctwgr%5Edd437e02b0ebcde3cbd5e947583535e1369a9b08%7Ctwcon%5Es1_&#038;ref_url=https%3A%2F%2Fwww.jornada.com.mx%2Fnoticia%2F2024%2F10%2F01%2Fpolitica%2Fentregare-mi-alma-y-vida-por-el-bienestar-del-pueblo-de-mexico-sheinbaum-1389<\/p>\n<div class=\"twitter-tweet twitter-tweet-rendered\"><\/div>\n<p class=\"western\">En sus compromisos, para enaltecer el amor, la honestidad, la fraternidad y combatir cualquier forma de discriminaci\u00f3n, incluy\u00f3 tambi\u00e9n combatir el machismo.<\/p>\n<p class=\"western\">La titular del Ejecutivo resalt\u00f3 que con la reciente reforma a la Constituci\u00f3n que contempla como sujetos de derechos a los pueblos ind\u00edgenas y afromexicanos, \u201cse est\u00e1n pagando deudas a los pueblos originarios\u201d.<\/p>\n<p class=\"western\">Ante un Z\u00f3calo que result\u00f3 insuficiente para quienes quisieron testificar el hist\u00f3rico momento en que M\u00e9xico tiene a su primer presidenta, Sheinbaum Pardo deline\u00f3 los cien compromisos de su proyecto de gobierno sobre la base de lo hecho por su antecesor, L\u00f3pez Obrador en los primeros seis a\u00f1os del llamado movimiento de transformaci\u00f3n.<\/p>\n<p class=\"western\">Su gobierno se basar\u00e1 tambi\u00e9n en proyectos que inici\u00f3 el primer gobierno de la 4T: trenes de pasajeros y de carga, carreteras, caminos rurales y artesanales, ampliaci\u00f3n de aeropuertos, programas sociales, el internet para todos; y dio la bienvenida a la inversi\u00f3n privada y relocalizaci\u00f3n de empresas.<\/p>\n<p class=\"western\">A quienes critican el modelo de seguridad aplicado por L\u00f3pez Obrador y que continuar\u00e1 en su gesti\u00f3n, la presidenta ratific\u00f3 que \u201ces falso que haya militarizaci\u00f3n. En nuestro pa\u00eds no hay estado de excepci\u00f3n ni violaci\u00f3n a derechos humanos, ahora hay m\u00e1s democracia, libertades y estado de derecho que vamos a concretar con el cambio en la Suprema Corte de Justicia de la Naci\u00f3n y el Poder Judicial\u201d.<\/p>\n<p>https:\/\/x.com\/Claudiashein\/status\/1841272996859633886?ref_src=twsrc%5Etfw%7Ctwcamp%5Etweetembed%7Ctwterm%5E1841272996859633886%7Ctwgr%5Edd437e02b0ebcde3cbd5e947583535e1369a9b08%7Ctwcon%5Es1_&#038;ref_url=https%3A%2F%2Fwww.jornada.com.mx%2Fnoticia%2F2024%2F10%2F01%2Fpolitica%2Fentregare-mi-alma-y-vida-por-el-bienestar-del-pueblo-de-mexico-sheinbaum-1389<\/p>\n<div class=\"twitter-tweet twitter-tweet-rendered\"><\/div>\n<p class=\"western\">Asever\u00f3 que la comandanta suprema de las fuerzas armadas es una civil, es mujer y \u201cnunca vamos a dar una orden para reprimir al pueblo\u201d.<\/p>\n<p class=\"western\">Aunque explic\u00f3 que ser\u00e1 hasta la siguiente semana cuando d\u00e9 a conocer su estrategia de seguridad, adelant\u00f3 que har\u00e1 un sistema nacional de inteligencia e investigaci\u00f3n para seguridad p\u00fablica.<\/p>\n<p class=\"western\">Tambi\u00e9n dijo que se seguir\u00e1 encontrando en las plazas p\u00fablicas con la gente, \u201ctenemos un buen maestro\u201d, por lo cual adelant\u00f3 que seguir\u00e1 recorriendo el pa\u00eds como lo hizo el \u201cpresidente\u201d, a ras de suelo.<\/p>\n<p class=\"western\">Al dar lectura a sus cien compromisos de gobierno, detall\u00f3 adem\u00e1s que impulsar\u00e1 nuevos proyectos como son trenes de pasajeros. El domingo, anunci\u00f3, dar\u00e1 el banderazo inicial al tren Pachuca-AIFA.<\/p>\n<p class=\"western\">Sobre la reforma judicial, dijo que en unos d\u00edas el Senado va a emitir la convocatoria para que la elecci\u00f3n de jueces, magistrados y ministros se d\u00e9 en junio de 2025.<\/p>\n<p class=\"western\">Anticip\u00f3 que entre las reformas que impulsar\u00e1, est\u00e1 una al sistema electoral, para fortalecer la democracia participativa; adem\u00e1s que buscaba recuperar el sufragio efectivo no reelecci\u00f3n a fin de que a partir de 2030 ning\u00fan puesto de elecci\u00f3n popular pueda ser reelecto.<\/p>\n<p class=\"western\">Asimismo, combatir\u00e1 el nepotismo para que ni presidentes municipales, senadores o diputados cedan cargos a sus familiares.<\/p>\n<p class=\"western\">Est\u00e1 por aprobarse, dijo, la reforma constitucional para que \u201cahora s\u00ed\u201d nadie gane m\u00e1s que la presidenta.<\/p>\n<p class=\"western\">Insisti\u00f3 que los programas del Bienestar que se dieron con el gobierno anterior, se elevar\u00e1n a rango constitucional, al igual que los que se operen a partir de esta administraci\u00f3n.<\/p>\n<p class=\"western\">En ese sentido coment\u00f3 que este mes iniciar\u00e1 la inscripci\u00f3n para la pensi\u00f3n de las mujeres de 60 a 64 a\u00f1os, las becas para los estudiantes de educaci\u00f3n b\u00e1sica, el apoyo a las mujeres ind\u00edgenas artesanas, la prohibici\u00f3n constitucional del maltrato animal, fortalecer el Banco del Bienestar y Financiera para el Bienestar. Adem\u00e1s que se fortalecer\u00e1n los programas educativos de la Nueva Escuela Mexicana y los libros de texto gratuito.<\/p>\n<p class=\"western\">Asimismo, como parte de los cambios a la administraci\u00f3n p\u00fablica dijo que la Secretar\u00eda de la Funci\u00f3n P\u00fablica se convertir\u00e1 en la Secretar\u00eda Anticorrupci\u00f3n y se crear\u00e1 la Secretar\u00eda de las Mujeres.<\/p>\n<p>Fuente: La Jornada.<\/p>\n<\/div>\n<\/div>\n<div class=\"notas-relacionadas\"><\/div>\n<div class=\"nota-tags\"><\/div>\n","protected":false},"excerpt":{"rendered":"<p>\u201cEntregar\u00e9 mi conocimiento, mi alma, mi vida y lo mejor de mi misma por el&#8230;<\/p>\n","protected":false},"author":1,"featured_media":7989,"comment_status":"open","ping_status":"closed","sticky":false,"template":"","format":"standard","meta":{"footnotes":""},"categories":[20,27],"tags":[2470,1292],"class_list":["post-7988","post","type-post","status-publish","format-standard","has-post-thumbnail","hentry","category-nacionales","category-presidencia","tag-sheinbaum","tag-zocalo"],"yoast_head":"<!-- This site is optimized with the Yoast SEO plugin v27.5 - https:\/\/yoast.com\/product\/yoast-seo-wordpress\/ -->\n<title>\u201cEntregar\u00e9 mi conocimiento, mi alma, mi vida por el bienestar del pueblo de M\u00e9xico&quot;: Sheinbaum - NOTICIAS DE LA 4T<\/title>\n<meta name=\"robots\" content=\"noindex, follow, max-snippet:-1, max-image-preview:large, max-video-preview:-1\" \/>\n<meta property=\"og:locale\" content=\"es_MX\" \/>\n<meta property=\"og:type\" content=\"article\" \/>\n<meta property=\"og:title\" content=\"\u201cEntregar\u00e9 mi conocimiento, mi alma, mi vida por el bienestar del pueblo de M\u00e9xico&quot;: Sheinbaum - NOTICIAS DE LA 4T\" \/>\n<meta property=\"og:description\" content=\"\u201cEntregar\u00e9 mi conocimiento, mi alma, mi vida y lo mejor de mi misma por el...\" \/>\n<meta property=\"og:url\" content=\"https:\/\/redamlo.com\/index.php\/2024\/10\/01\/entregare-mi-conocimiento-mi-alma-mi-vida-por-el-bienestar-del-pueblo-de-mexico-sheinbaum\/\" \/>\n<meta property=\"og:site_name\" content=\"NOTICIAS DE LA 4T\" \/>\n<meta property=\"article:published_time\" content=\"2024-10-02T04:14:30+00:00\" \/>\n<meta property=\"og:image\" content=\"https:\/\/redamlo.com\/wp-content\/uploads\/2024\/10\/sheinbaum-zocalo.png\" \/>\n\t<meta property=\"og:image:width\" content=\"513\" \/>\n\t<meta property=\"og:image:height\" content=\"270\" \/>\n\t<meta property=\"og:image:type\" content=\"image\/png\" \/>\n<meta name=\"author\" content=\"admin\" \/>\n<meta name=\"twitter:card\" content=\"summary_large_image\" \/>\n<meta name=\"twitter:label1\" content=\"Escrito por\" \/>\n\t<meta name=\"twitter:data1\" content=\"admin\" \/>\n\t<meta name=\"twitter:label2\" content=\"Tiempo de lectura\" \/>\n\t<meta name=\"twitter:data2\" content=\"4 minutos\" \/>\n<script type=\"application\/ld+json\" class=\"yoast-schema-graph\">{\"@context\":\"https:\\\/\\\/schema.org\",\"@graph\":[{\"@type\":\"Article\",\"@id\":\"https:\\\/\\\/redamlo.com\\\/index.php\\\/2024\\\/10\\\/01\\\/entregare-mi-conocimiento-mi-alma-mi-vida-por-el-bienestar-del-pueblo-de-mexico-sheinbaum\\\/#article\",\"isPartOf\":{\"@id\":\"https:\\\/\\\/redamlo.com\\\/index.php\\\/2024\\\/10\\\/01\\\/entregare-mi-conocimiento-mi-alma-mi-vida-por-el-bienestar-del-pueblo-de-mexico-sheinbaum\\\/\"},\"author\":{\"name\":\"admin\",\"@id\":\"https:\\\/\\\/redamlo.com\\\/#\\\/schema\\\/person\\\/197a0a670d21b1f4f1483ddda1b64613\"},\"headline\":\"\u201cEntregar\u00e9 mi conocimiento, mi alma, mi vida por el bienestar del pueblo de M\u00e9xico&#8221;: Sheinbaum\",\"datePublished\":\"2024-10-02T04:14:30+00:00\",\"mainEntityOfPage\":{\"@id\":\"https:\\\/\\\/redamlo.com\\\/index.php\\\/2024\\\/10\\\/01\\\/entregare-mi-conocimiento-mi-alma-mi-vida-por-el-bienestar-del-pueblo-de-mexico-sheinbaum\\\/\"},\"wordCount\":1069,\"commentCount\":0,\"publisher\":{\"@id\":\"https:\\\/\\\/redamlo.com\\\/#organization\"},\"image\":{\"@id\":\"https:\\\/\\\/redamlo.com\\\/index.php\\\/2024\\\/10\\\/01\\\/entregare-mi-conocimiento-mi-alma-mi-vida-por-el-bienestar-del-pueblo-de-mexico-sheinbaum\\\/#primaryimage\"},\"thumbnailUrl\":\"https:\\\/\\\/redamlo.com\\\/wp-content\\\/uploads\\\/2024\\\/10\\\/sheinbaum-zocalo.png\",\"keywords\":[\"Sheinbaum\",\"Z\u00f3calo\"],\"articleSection\":[\"Nacionales\",\"Presidencia\"],\"inLanguage\":\"es\",\"potentialAction\":[{\"@type\":\"CommentAction\",\"name\":\"Comment\",\"target\":[\"https:\\\/\\\/redamlo.com\\\/index.php\\\/2024\\\/10\\\/01\\\/entregare-mi-conocimiento-mi-alma-mi-vida-por-el-bienestar-del-pueblo-de-mexico-sheinbaum\\\/#respond\"]}]},{\"@type\":\"WebPage\",\"@id\":\"https:\\\/\\\/redamlo.com\\\/index.php\\\/2024\\\/10\\\/01\\\/entregare-mi-conocimiento-mi-alma-mi-vida-por-el-bienestar-del-pueblo-de-mexico-sheinbaum\\\/\",\"url\":\"https:\\\/\\\/redamlo.com\\\/index.php\\\/2024\\\/10\\\/01\\\/entregare-mi-conocimiento-mi-alma-mi-vida-por-el-bienestar-del-pueblo-de-mexico-sheinbaum\\\/\",\"name\":\"\u201cEntregar\u00e9 mi conocimiento, mi alma, mi vida por el bienestar del pueblo de M\u00e9xico\\\": Sheinbaum - NOTICIAS DE LA 4T\",\"isPartOf\":{\"@id\":\"https:\\\/\\\/redamlo.com\\\/#website\"},\"primaryImageOfPage\":{\"@id\":\"https:\\\/\\\/redamlo.com\\\/index.php\\\/2024\\\/10\\\/01\\\/entregare-mi-conocimiento-mi-alma-mi-vida-por-el-bienestar-del-pueblo-de-mexico-sheinbaum\\\/#primaryimage\"},\"image\":{\"@id\":\"https:\\\/\\\/redamlo.com\\\/index.php\\\/2024\\\/10\\\/01\\\/entregare-mi-conocimiento-mi-alma-mi-vida-por-el-bienestar-del-pueblo-de-mexico-sheinbaum\\\/#primaryimage\"},\"thumbnailUrl\":\"https:\\\/\\\/redamlo.com\\\/wp-content\\\/uploads\\\/2024\\\/10\\\/sheinbaum-zocalo.png\",\"datePublished\":\"2024-10-02T04:14:30+00:00\",\"breadcrumb\":{\"@id\":\"https:\\\/\\\/redamlo.com\\\/index.php\\\/2024\\\/10\\\/01\\\/entregare-mi-conocimiento-mi-alma-mi-vida-por-el-bienestar-del-pueblo-de-mexico-sheinbaum\\\/#breadcrumb\"},\"inLanguage\":\"es\",\"potentialAction\":[{\"@type\":\"ReadAction\",\"target\":[\"https:\\\/\\\/redamlo.com\\\/index.php\\\/2024\\\/10\\\/01\\\/entregare-mi-conocimiento-mi-alma-mi-vida-por-el-bienestar-del-pueblo-de-mexico-sheinbaum\\\/\"]}]},{\"@type\":\"ImageObject\",\"inLanguage\":\"es\",\"@id\":\"https:\\\/\\\/redamlo.com\\\/index.php\\\/2024\\\/10\\\/01\\\/entregare-mi-conocimiento-mi-alma-mi-vida-por-el-bienestar-del-pueblo-de-mexico-sheinbaum\\\/#primaryimage\",\"url\":\"https:\\\/\\\/redamlo.com\\\/wp-content\\\/uploads\\\/2024\\\/10\\\/sheinbaum-zocalo.png\",\"contentUrl\":\"https:\\\/\\\/redamlo.com\\\/wp-content\\\/uploads\\\/2024\\\/10\\\/sheinbaum-zocalo.png\",\"width\":513,\"height\":270},{\"@type\":\"BreadcrumbList\",\"@id\":\"https:\\\/\\\/redamlo.com\\\/index.php\\\/2024\\\/10\\\/01\\\/entregare-mi-conocimiento-mi-alma-mi-vida-por-el-bienestar-del-pueblo-de-mexico-sheinbaum\\\/#breadcrumb\",\"itemListElement\":[{\"@type\":\"ListItem\",\"position\":1,\"name\":\"Inicio\",\"item\":\"https:\\\/\\\/redamlo.com\\\/\"},{\"@type\":\"ListItem\",\"position\":2,\"name\":\"\u201cEntregar\u00e9 mi conocimiento, mi alma, mi vida por el bienestar del pueblo de M\u00e9xico&#8221;: Sheinbaum\"}]},{\"@type\":\"WebSite\",\"@id\":\"https:\\\/\\\/redamlo.com\\\/#website\",\"url\":\"https:\\\/\\\/redamlo.com\\\/\",\"name\":\"NOTICIAS DE LA 4T\",\"description\":\"\",\"publisher\":{\"@id\":\"https:\\\/\\\/redamlo.com\\\/#organization\"},\"potentialAction\":[{\"@type\":\"SearchAction\",\"target\":{\"@type\":\"EntryPoint\",\"urlTemplate\":\"https:\\\/\\\/redamlo.com\\\/?s={search_term_string}\"},\"query-input\":{\"@type\":\"PropertyValueSpecification\",\"valueRequired\":true,\"valueName\":\"search_term_string\"}}],\"inLanguage\":\"es\"},{\"@type\":\"Organization\",\"@id\":\"https:\\\/\\\/redamlo.com\\\/#organization\",\"name\":\"NOTICIAS DE LA 4T\",\"url\":\"https:\\\/\\\/redamlo.com\\\/\",\"logo\":{\"@type\":\"ImageObject\",\"inLanguage\":\"es\",\"@id\":\"https:\\\/\\\/redamlo.com\\\/#\\\/schema\\\/logo\\\/image\\\/\",\"url\":\"https:\\\/\\\/redamlo.com\\\/wp-content\\\/uploads\\\/2024\\\/08\\\/cropped-RED-AMLO-logo-50.png\",\"contentUrl\":\"https:\\\/\\\/redamlo.com\\\/wp-content\\\/uploads\\\/2024\\\/08\\\/cropped-RED-AMLO-logo-50.png\",\"width\":256,\"height\":256,\"caption\":\"NOTICIAS DE LA 4T\"},\"image\":{\"@id\":\"https:\\\/\\\/redamlo.com\\\/#\\\/schema\\\/logo\\\/image\\\/\"}},{\"@type\":\"Person\",\"@id\":\"https:\\\/\\\/redamlo.com\\\/#\\\/schema\\\/person\\\/197a0a670d21b1f4f1483ddda1b64613\",\"name\":\"admin\",\"image\":{\"@type\":\"ImageObject\",\"inLanguage\":\"es\",\"@id\":\"https:\\\/\\\/secure.gravatar.com\\\/avatar\\\/293dccd927043f2e641da6685c2f84009782eb9ee0054daceada4e261ded849a?s=96&d=mm&r=g\",\"url\":\"https:\\\/\\\/secure.gravatar.com\\\/avatar\\\/293dccd927043f2e641da6685c2f84009782eb9ee0054daceada4e261ded849a?s=96&d=mm&r=g\",\"contentUrl\":\"https:\\\/\\\/secure.gravatar.com\\\/avatar\\\/293dccd927043f2e641da6685c2f84009782eb9ee0054daceada4e261ded849a?s=96&d=mm&r=g\",\"caption\":\"admin\"},\"sameAs\":[\"https:\\\/\\\/redamlo.com\"],\"url\":\"https:\\\/\\\/redamlo.com\\\/index.php\\\/author\\\/stell\\\/\"}]}<\/script>\n<!-- \/ Yoast SEO plugin. -->","yoast_head_json":{"title":"\u201cEntregar\u00e9 mi conocimiento, mi alma, mi vida por el bienestar del pueblo de M\u00e9xico\": Sheinbaum - NOTICIAS DE LA 4T","robots":{"index":"noindex","follow":"follow","max-snippet":"max-snippet:-1","max-image-preview":"max-image-preview:large","max-video-preview":"max-video-preview:-1"},"og_locale":"es_MX","og_type":"article","og_title":"\u201cEntregar\u00e9 mi conocimiento, mi alma, mi vida por el bienestar del pueblo de M\u00e9xico\": Sheinbaum - NOTICIAS DE LA 4T","og_description":"\u201cEntregar\u00e9 mi conocimiento, mi alma, mi vida y lo mejor de mi misma por el...","og_url":"https:\/\/redamlo.com\/index.php\/2024\/10\/01\/entregare-mi-conocimiento-mi-alma-mi-vida-por-el-bienestar-del-pueblo-de-mexico-sheinbaum\/","og_site_name":"NOTICIAS DE LA 4T","article_published_time":"2024-10-02T04:14:30+00:00","og_image":[{"width":513,"height":270,"url":"https:\/\/redamlo.com\/wp-content\/uploads\/2024\/10\/sheinbaum-zocalo.png","type":"image\/png"}],"author":"admin","twitter_card":"summary_large_image","twitter_misc":{"Escrito por":"admin","Tiempo de lectura":"4 minutos"},"schema":{"@context":"https:\/\/schema.org","@graph":[{"@type":"Article","@id":"https:\/\/redamlo.com\/index.php\/2024\/10\/01\/entregare-mi-conocimiento-mi-alma-mi-vida-por-el-bienestar-del-pueblo-de-mexico-sheinbaum\/#article","isPartOf":{"@id":"https:\/\/redamlo.com\/index.php\/2024\/10\/01\/entregare-mi-conocimiento-mi-alma-mi-vida-por-el-bienestar-del-pueblo-de-mexico-sheinbaum\/"},"author":{"name":"admin","@id":"https:\/\/redamlo.com\/#\/schema\/person\/197a0a670d21b1f4f1483ddda1b64613"},"headline":"\u201cEntregar\u00e9 mi conocimiento, mi alma, mi vida por el bienestar del pueblo de M\u00e9xico&#8221;: Sheinbaum","datePublished":"2024-10-02T04:14:30+00:00","mainEntityOfPage":{"@id":"https:\/\/redamlo.com\/index.php\/2024\/10\/01\/entregare-mi-conocimiento-mi-alma-mi-vida-por-el-bienestar-del-pueblo-de-mexico-sheinbaum\/"},"wordCount":1069,"commentCount":0,"publisher":{"@id":"https:\/\/redamlo.com\/#organization"},"image":{"@id":"https:\/\/redamlo.com\/index.php\/2024\/10\/01\/entregare-mi-conocimiento-mi-alma-mi-vida-por-el-bienestar-del-pueblo-de-mexico-sheinbaum\/#primaryimage"},"thumbnailUrl":"https:\/\/redamlo.com\/wp-content\/uploads\/2024\/10\/sheinbaum-zocalo.png","keywords":["Sheinbaum","Z\u00f3calo"],"articleSection":["Nacionales","Presidencia"],"inLanguage":"es","potentialAction":[{"@type":"CommentAction","name":"Comment","target":["https:\/\/redamlo.com\/index.php\/2024\/10\/01\/entregare-mi-conocimiento-mi-alma-mi-vida-por-el-bienestar-del-pueblo-de-mexico-sheinbaum\/#respond"]}]},{"@type":"WebPage","@id":"https:\/\/redamlo.com\/index.php\/2024\/10\/01\/entregare-mi-conocimiento-mi-alma-mi-vida-por-el-bienestar-del-pueblo-de-mexico-sheinbaum\/","url":"https:\/\/redamlo.com\/index.php\/2024\/10\/01\/entregare-mi-conocimiento-mi-alma-mi-vida-por-el-bienestar-del-pueblo-de-mexico-sheinbaum\/","name":"\u201cEntregar\u00e9 mi conocimiento, mi alma, mi vida por el bienestar del pueblo de M\u00e9xico\": Sheinbaum - NOTICIAS DE LA 4T","isPartOf":{"@id":"https:\/\/redamlo.com\/#website"},"primaryImageOfPage":{"@id":"https:\/\/redamlo.com\/index.php\/2024\/10\/01\/entregare-mi-conocimiento-mi-alma-mi-vida-por-el-bienestar-del-pueblo-de-mexico-sheinbaum\/#primaryimage"},"image":{"@id":"https:\/\/redamlo.com\/index.php\/2024\/10\/01\/entregare-mi-conocimiento-mi-alma-mi-vida-por-el-bienestar-del-pueblo-de-mexico-sheinbaum\/#primaryimage"},"thumbnailUrl":"https:\/\/redamlo.com\/wp-content\/uploads\/2024\/10\/sheinbaum-zocalo.png","datePublished":"2024-10-02T04:14:30+00:00","breadcrumb":{"@id":"https:\/\/redamlo.com\/index.php\/2024\/10\/01\/entregare-mi-conocimiento-mi-alma-mi-vida-por-el-bienestar-del-pueblo-de-mexico-sheinbaum\/#breadcrumb"},"inLanguage":"es","potentialAction":[{"@type":"ReadAction","target":["https:\/\/redamlo.com\/index.php\/2024\/10\/01\/entregare-mi-conocimiento-mi-alma-mi-vida-por-el-bienestar-del-pueblo-de-mexico-sheinbaum\/"]}]},{"@type":"ImageObject","inLanguage":"es","@id":"https:\/\/redamlo.com\/index.php\/2024\/10\/01\/entregare-mi-conocimiento-mi-alma-mi-vida-por-el-bienestar-del-pueblo-de-mexico-sheinbaum\/#primaryimage","url":"https:\/\/redamlo.com\/wp-content\/uploads\/2024\/10\/sheinbaum-zocalo.png","contentUrl":"https:\/\/redamlo.com\/wp-content\/uploads\/2024\/10\/sheinbaum-zocalo.png","width":513,"height":270},{"@type":"BreadcrumbList","@id":"https:\/\/redamlo.com\/index.php\/2024\/10\/01\/entregare-mi-conocimiento-mi-alma-mi-vida-por-el-bienestar-del-pueblo-de-mexico-sheinbaum\/#breadcrumb","itemListElement":[{"@type":"ListItem","position":1,"name":"Inicio","item":"https:\/\/redamlo.com\/"},{"@type":"ListItem","position":2,"name":"\u201cEntregar\u00e9 mi conocimiento, mi alma, mi vida por el bienestar del pueblo de M\u00e9xico&#8221;: Sheinbaum"}]},{"@type":"WebSite","@id":"https:\/\/redamlo.com\/#website","url":"https:\/\/redamlo.com\/","name":"NOTICIAS DE LA 4T","description":"","publisher":{"@id":"https:\/\/redamlo.com\/#organization"},"potentialAction":[{"@type":"SearchAction","target":{"@type":"EntryPoint","urlTemplate":"https:\/\/redamlo.com\/?s={search_term_string}"},"query-input":{"@type":"PropertyValueSpecification","valueRequired":true,"valueName":"search_term_string"}}],"inLanguage":"es"},{"@type":"Organization","@id":"https:\/\/redamlo.com\/#organization","name":"NOTICIAS DE LA 4T","url":"https:\/\/redamlo.com\/","logo":{"@type":"ImageObject","inLanguage":"es","@id":"https:\/\/redamlo.com\/#\/schema\/logo\/image\/","url":"https:\/\/redamlo.com\/wp-content\/uploads\/2024\/08\/cropped-RED-AMLO-logo-50.png","contentUrl":"https:\/\/redamlo.com\/wp-content\/uploads\/2024\/08\/cropped-RED-AMLO-logo-50.png","width":256,"height":256,"caption":"NOTICIAS DE LA 4T"},"image":{"@id":"https:\/\/redamlo.com\/#\/schema\/logo\/image\/"}},{"@type":"Person","@id":"https:\/\/redamlo.com\/#\/schema\/person\/197a0a670d21b1f4f1483ddda1b64613","name":"admin","image":{"@type":"ImageObject","inLanguage":"es","@id":"https:\/\/secure.gravatar.com\/avatar\/293dccd927043f2e641da6685c2f84009782eb9ee0054daceada4e261ded849a?s=96&d=mm&r=g","url":"https:\/\/secure.gravatar.com\/avatar\/293dccd927043f2e641da6685c2f84009782eb9ee0054daceada4e261ded849a?s=96&d=mm&r=g","contentUrl":"https:\/\/secure.gravatar.com\/avatar\/293dccd927043f2e641da6685c2f84009782eb9ee0054daceada4e261ded849a?s=96&d=mm&r=g","caption":"admin"},"sameAs":["https:\/\/redamlo.com"],"url":"https:\/\/redamlo.com\/index.php\/author\/stell\/"}]}},"_links":{"self":[{"href":"https:\/\/redamlo.com\/index.php\/wp-json\/wp\/v2\/posts\/7988","targetHints":{"allow":["GET"]}}],"collection":[{"href":"https:\/\/redamlo.com\/index.php\/wp-json\/wp\/v2\/posts"}],"about":[{"href":"https:\/\/redamlo.com\/index.php\/wp-json\/wp\/v2\/types\/post"}],"author":[{"embeddable":true,"href":"https:\/\/redamlo.com\/index.php\/wp-json\/wp\/v2\/users\/1"}],"replies":[{"embeddable":true,"href":"https:\/\/redamlo.com\/index.php\/wp-json\/wp\/v2\/comments?post=7988"}],"version-history":[{"count":0,"href":"https:\/\/redamlo.com\/index.php\/wp-json\/wp\/v2\/posts\/7988\/revisions"}],"wp:featuredmedia":[{"embeddable":true,"href":"https:\/\/redamlo.com\/index.php\/wp-json\/wp\/v2\/media\/7989"}],"wp:attachment":[{"href":"https:\/\/redamlo.com\/index.php\/wp-json\/wp\/v2\/media?parent=7988"}],"wp:term":[{"taxonomy":"category","embeddable":true,"href":"https:\/\/redamlo.com\/index.php\/wp-json\/wp\/v2\/categories?post=7988"},{"taxonomy":"post_tag","embeddable":true,"href":"https:\/\/redamlo.com\/index.php\/wp-json\/wp\/v2\/tags?post=7988"}],"curies":[{"name":"wp","href":"https:\/\/api.w.org\/{rel}","templated":true}]}}