{"id":7985,"date":"2024-10-01T22:53:45","date_gmt":"2024-10-02T03:53:45","guid":{"rendered":"https:\/\/redamlo.com\/?p=7985"},"modified":"2024-10-01T22:53:45","modified_gmt":"2024-10-02T03:53:45","slug":"claudia-sheinbaum-toma-posesion-como-primera-presidenta-en-la-historia-de-mexico","status":"publish","type":"post","link":"https:\/\/redamlo.com\/index.php\/2024\/10\/01\/claudia-sheinbaum-toma-posesion-como-primera-presidenta-en-la-historia-de-mexico\/","title":{"rendered":"Claudia Sheinbaum toma posesi\u00f3n como Primera Presidenta en la Historia de M\u00e9xico"},"content":{"rendered":"<p>Despu\u00e9s de rendir protesta como\u00a0<strong>presidenta constitucional de los Estados Unidos Mexicanos<\/strong>\u00a0y recibir la respectiva<strong>\u00a0banda presidencial<\/strong>,\u00a0<strong>Claudia Sheinbaum Pardo<\/strong>\u00a0destac\u00f3 que\u00a0<strong>por primera vez\u00a0<\/strong>en m\u00e1s de 500 a\u00f1os las mujeres llegan a conducir el\u00a0<strong>destino\u00a0<\/strong>de la naci\u00f3n.<\/p>\n<blockquote><p>Hoy 1 de octubre de 2024 inicia la segunda etapa, el segundo piso de la Cuarta Transformaci\u00f3n de la vida p\u00fablica de M\u00e9xico, y tambi\u00e9n hoy, despu\u00e9s de 200 a\u00f1os de la Rep\u00fablica y de 300 a\u00f1os de la Colonia (\u2026) es decir, despu\u00e9s de al menos 500 a\u00f1os, por primera vez llegamos las mujeres a conducir los destinos de nuestra hermosa naci\u00f3n.<\/p><\/blockquote>\n<p>Sheinbaum Pardo emiti\u00f3 este martes su\u00a0<strong>primer discurso como titular del Poder Ejecutivo de M\u00e9xico<\/strong>\u00a0ante cientos de personas en el Palacio Legislativo de San L\u00e1zaro, entre funcionarios, miembros del\u00a0<strong>Gabinete Presidencial\u00a0<\/strong>que la acompa\u00f1ar\u00e1n en su gesti\u00f3n, servidores p\u00fablicos, jefes de Estado de varios pa\u00edses e\u00a0<strong>invitados especiales de todo el mundo.<\/strong><\/p>\n<p><iframe loading=\"lazy\" title=\"#ClaudiaPrimeraPresidenta | Toma de protesta de Claudia Sheinbaum como Presidenta de M\u00e9xico.\" width=\"640\" height=\"360\" src=\"https:\/\/www.youtube.com\/embed\/grxDiub6_Tc?feature=oembed\" frameborder=\"0\" allow=\"accelerometer; autoplay; clipboard-write; encrypted-media; gyroscope; picture-in-picture; web-share\" referrerpolicy=\"strict-origin-when-cross-origin\" allowfullscreen><\/iframe><\/p>\n<p>&nbsp;<\/p>\n<p>En la ceremonia, rindi\u00f3 protesta y despu\u00e9s recibi\u00f3 la banda presidencial de manos de\u00a0<strong>Ifigenia Mart\u00ednez<\/strong>, presidenta de la C\u00e1mara de Diputados, quien la recibi\u00f3 previamente de manos del presidente saliente,\u00a0<strong>Andr\u00e9s Manuel L\u00f3pez Obrador<\/strong>.<\/p>\n<p>Claudia Sheinbaum habl\u00f3 sobre los ejes y principios que tendr\u00e1 su administraci\u00f3n en materia de seguridad, econom\u00eda, relaciones internacionales, derechos humanos, infraestructura, entre otros. Asimismo, afirm\u00f3 que\u00a0se mantendr\u00e1n todos los programas de Bienestar y se crear\u00e1n nuevos.<\/p>\n<h2>Primer discurso de la presidenta Claudia Sheinbaum<\/h2>\n<p>As\u00ed, en un hecho hist\u00f3rico en el pa\u00eds,\u00a0<strong>Claudia Sheinbaum\u00a0<\/strong>pronunci\u00f3 su discurso como la primera mujer que encabeza la\u00a0<strong>Presidencia de M\u00e9xico<\/strong>. Con la banda presidencial puesta, expres\u00f3 que hoy se sabe que las mujeres participaron en las\u00a0<strong>grandes haza\u00f1as en la historia de M\u00e9xico<\/strong>, pero tambi\u00e9n que pueden ser presidentas, por lo que llam\u00f3 a decir presidenta, con \u201ca\u201d al final.<\/p>\n<blockquote><p>Tambi\u00e9n sabemos que las mujeres podemos ser presidentas, y con ello hago una respetuosa invitaci\u00f3n a que nombremos presidenta, con &#8216;a&#8217; al final, al igual que abogada, cient\u00edfica, soldada, bombera, doctora, maestra, ingeniera, con &#8216;a&#8217;, porque como nos han ense\u00f1ado, solo lo que se nombra existe.<\/p><\/blockquote>\n<p>En su discurso, afirm\u00f3 que gobernar\u00e1 para todos y todas y reiter\u00f3 que pondr\u00e1 su conocimiento, fuerza, historia y su vida misma al\u00a0<strong>servicio del pueblo y de la patria<\/strong>.<\/p>\n<div><\/div>\n<p>\u201cTengo la certeza de que consolidaremos juntas y juntos un M\u00e9xico cada d\u00eda m\u00e1s pr\u00f3spero, libre, democr\u00e1tico, soberano y justo, no les voy a defraudar, les convoco a seguir haciendo historia\u201d, se\u00f1al\u00f3.<\/p>\n<h2>L\u00f3pez Obrador, el luchador social m\u00e1s importante<\/h2>\n<p>Sheinbaum Pardo tambi\u00e9n dijo durante su mensaje que el expresidente Andr\u00e9s Manuel L\u00f3pez Obrador es el dirigente pol\u00edtico y luchador social m\u00e1s importante de la historia moderna, as\u00ed como el presidente m\u00e1s querido, solo comparable con L\u00e1zaro C\u00e1rdenas, y quien inici\u00f3 la revoluci\u00f3n pac\u00edfica de la Cuarta Transformaci\u00f3n de la vida p\u00fablica de M\u00e9xico.<\/p>\n<div><\/div>\n<p>\u201c(Es) el que inici\u00f3 y termina su mandato con m\u00e1s amor de su pueblo, y para millones \u2014aunque a \u00e9l no le gusta que se lo digan\u2014 el mejor presidente de M\u00e9xico\u201d.<\/p>\n<p>La presidenta mexicana agreg\u00f3 que no hace falta poner el nombre de su antecesor a calles, barrios, colonias o avenidas, ni hacer grandes homenajes, pues \u00e9l estar\u00e1 donde residen \u201clos que devuelven la esperanza y la alegr\u00eda\u201d, en el coraz\u00f3n del pueblo.<\/p>\n<h2>\u201cM\u00e9xico es grandioso, un pa\u00eds maravilloso\u201d<\/h2>\n<div><\/div>\n<p><strong>Claudia Sheinbaum\u00a0<\/strong>adem\u00e1s dedic\u00f3 gran parte de su discurso a exaltar a\u00a0<strong>M\u00e9xico\u00a0<\/strong>y su pueblo; dijo que se trata de una naci\u00f3n extraordinaria donde crecieron culturas originarias que dieron al mundo productos como el ma\u00edz, cacao y jitomate, pero que tambi\u00e9n construyeron pir\u00e1mides monumentales, que entendieron los astros y crearon el 0 en las matem\u00e1ticas.<\/p>\n<p>Tambi\u00e9n hizo referencia a\u00a0<strong>personas hist\u00f3ricos\u00a0<\/strong>como Miguel Hidalgo y Costilla, Benito Ju\u00e1rez, Guadalupe Victoria, Vicente Guerrero, Francisco I Madero, Francisco Villa y L\u00e1zaro C\u00e1rdenas. Pero tambi\u00e9n destac\u00f3 a mujeres como Josefa Ortiz, Leona Vicario, Margarita Maza, Elvia Carillo Puerto, Frida Kahlo y muchas m\u00e1s.<\/p>\n<blockquote><p>M\u00e9xico es un pa\u00eds maravilloso por su pueblo generoso, solidario, alegre, libertario, resistente, rebelde, sabio y hoy empoderado, y hoy M\u00e9xico gracias a todos y todas somos la\u00a0<strong>doceava econom\u00eda del mundo y el sexto destino tur\u00edstico<\/strong>.<\/p><\/blockquote>\n<h2>Continuar\u00e1 el humanismo mexicano<\/h2>\n<p>La presidenta de M\u00e9xico tambi\u00e9n dijo que algunos de los avances en M\u00e9xico fueron gracias a que cambi\u00f3 el modelo de desarrollo del pa\u00eds, \u201cdel fracasado modelo neoliberal y el r\u00e9gimen de corrupci\u00f3n y privilegios por el\u00a0<strong>humanismo mexicano<\/strong>\u201d.<\/p>\n<p>Por ello dijo que en su administraci\u00f3n continuar\u00e1 el humanismo mexicano y enlist\u00f3\u00a0<strong>10 de sus principales principios<\/strong>.<\/p>\n<ol>\n<li>Por el bien de todos, primero los pobres.<\/li>\n<li>No puede hacer gobierno rico con pueblo pobre. Austeridad republicana.<\/li>\n<li>Las y los gobernantes debemos ser honestos. La autoridad moral es lo m\u00e1s importante y esa no se compra en la esquina.<\/li>\n<li>La democracia es el gobierno del pueblo, por el pueblo y para el pueblo. Con el pueblo todo, sin el pueblo nada.<\/li>\n<li>Prohibido prohibir. La libertad es esencia de la democracia.<\/li>\n<li>El desarrollo y el bienestar del pueblo solo pueden fortalecerse con el cuidado del medio ambiente y los recursos naturales.<\/li>\n<li>Las mujeres tenemos derecho a la igualdad sustantiva.<\/li>\n<li>M\u00e9xico es un pa\u00eds soberano, independiente, libre y democr\u00e1tico. Queremos la paz y fraternidad de las naciones y nos coordinamos, mas no nos subordinamos.<\/li>\n<li>La pol\u00edtica se hace con amor, no con odio. La felicidad y la esperanza se fundan en el amor al pr\u00f3jimo, familia, naturaleza y patria.<\/li>\n<li>Condenamos el clasismo, racismo, machismo y cualquier forma de discriminaci\u00f3n.<\/li>\n<\/ol>\n<h2>Principios en su administraci\u00f3n<\/h2>\n<p>De tal manera, la mandataria nacional afirm\u00f3 que en su gobierno\u00a0<strong>se garantizar\u00e1n todas las libertades<\/strong>, se respetar\u00e1n los<strong>\u00a0derechos humanos<\/strong>\u00a0y nunca se usar\u00e1 la fuerza del Estado para reprimir al pueblo.<\/p>\n<p>A\u00f1adi\u00f3 que se respetar\u00e1 y garantizar\u00e1 la diversidad religiosa, pol\u00edtica, social, cultural y sexual de la sociedad, e hizo \u00e9nfasis en que \u201ccualquiera que diga que habr\u00e1 autoritarismo est\u00e1 mintiendo\u201d.<\/p>\n<div><\/div>\n<p>En materia econ\u00f3mica, prometi\u00f3 que se mantendr\u00e1 la autonom\u00eda del Banco de M\u00e9xico y se tendr\u00e1 una pol\u00edtica fiscal responsable, adem\u00e1s se promover\u00e1 la inversi\u00f3n p\u00fablica y privada.<\/p>\n<blockquote><p>Lo digo con toda claridad: tengan la certeza que las inversiones de accionistas nacionales y extranjeros estar\u00e1n seguras en nuestro pa\u00eds.<\/p><\/blockquote>\n<p>A\u00f1adi\u00f3 que no se aumentar\u00e1 el precio de las gasolinas, di\u00e9sel ni gas dom\u00e9stico en t\u00e9rminos reales, y que se aprovechar\u00e1 la relaci\u00f3n del acuerdo comercial con Estados Unidos y Canad\u00e1 para seguir impulsando la relocalizaci\u00f3n de las empresas, mientras se promueve el desarrollo regional.<\/p>\n<h2>Reforma al Poder Judicial<\/h2>\n<div><\/div>\n<p>Otro tema retomado por la presidenta durante su primer discurso como titular del Ejecutivo federal fue la reforma al\u00a0<strong>Poder Judicial<\/strong>; dijo que \u00e9sta significa m\u00e1s autonom\u00eda e independencia.<\/p>\n<p>\u201cSi el objetivo hubiera sido que la Presidenta controlara la Suprema Corte, hubi\u00e9ramos hecho una reforma al estilo Zedillo (Ernesto, expresidente) eso es autoritarismo, nosotros somos dem\u00f3cratas&#8221;, puntualiz\u00f3..<\/p>\n<p>Despu\u00e9s de se\u00f1alar que la intenci\u00f3n es que se termine la corrupci\u00f3n en el Poder Judicial, envi\u00f3 un mensaje a los trabajadores, pues les garantiz\u00f3 que \u201csus derechos y salarios est\u00e1n totalmente salvaguardados\u201d.<\/p>\n<h2>La primera presidenta de M\u00e9xico<\/h2>\n<div><\/div>\n<p>Claudia Sheinbaum Pardo recibi\u00f3 el pasado jueves 15 de agosto la constancia que la acreditaba como presidenta electa de M\u00e9xico, despu\u00e9s de que el Tribunal Electoral del Poder Judicial de la Federaci\u00f3n (<strong>TEPJF<\/strong>) declar\u00f3 la validez de la\u00a0<strong>elecci\u00f3n presidencial del 2 de junio<\/strong>, al considerar que fue \u201clibre, aut\u00e9ntica y peri\u00f3dica\u201d.<\/p>\n<p>El Tribunal tambi\u00e9n resolvi\u00f3 los juicios de inconformidad y confirm\u00f3 los resultados de los comicios.\u00a0<strong>Sheinbaum\u00a0<\/strong>recibi\u00f3 35 millones 924 mil 519 votos, que representan el 59.76% del total emitidos.<\/p>\n<p>Fuente: N+<\/p>\n","protected":false},"excerpt":{"rendered":"<p>Despu\u00e9s de rendir protesta como\u00a0presidenta constitucional de los Estados Unidos Mexicanos\u00a0y recibir la respectiva\u00a0banda presidencial,\u00a0Claudia&#8230;<\/p>\n","protected":false},"author":1,"featured_media":7986,"comment_status":"open","ping_status":"closed","sticky":false,"template":"","format":"standard","meta":{"footnotes":""},"categories":[20,27],"tags":[2732,24,2729,2733],"class_list":["post-7985","post","type-post","status-publish","format-standard","has-post-thumbnail","hentry","category-nacionales","category-presidencia","tag-amo","tag-morena","tag-presidenta-de-mexico","tag-toma-de-protesta-claudia-sheinbaum"],"yoast_head":"<!-- This site is optimized with the Yoast SEO plugin v27.5 - https:\/\/yoast.com\/product\/yoast-seo-wordpress\/ -->\n<title>Claudia Sheinbaum toma posesi\u00f3n como Primera Presidenta en la Historia de M\u00e9xico - NOTICIAS DE LA 4T<\/title>\n<meta name=\"robots\" content=\"noindex, follow, max-snippet:-1, max-image-preview:large, max-video-preview:-1\" \/>\n<meta property=\"og:locale\" content=\"es_MX\" \/>\n<meta property=\"og:type\" content=\"article\" \/>\n<meta property=\"og:title\" content=\"Claudia Sheinbaum toma posesi\u00f3n como Primera Presidenta en la Historia de M\u00e9xico - NOTICIAS DE LA 4T\" \/>\n<meta property=\"og:description\" content=\"Despu\u00e9s de rendir protesta como\u00a0presidenta constitucional de los Estados Unidos Mexicanos\u00a0y recibir la respectiva\u00a0banda presidencial,\u00a0Claudia...\" \/>\n<meta property=\"og:url\" content=\"https:\/\/redamlo.com\/index.php\/2024\/10\/01\/claudia-sheinbaum-toma-posesion-como-primera-presidenta-en-la-historia-de-mexico\/\" \/>\n<meta property=\"og:site_name\" content=\"NOTICIAS DE LA 4T\" \/>\n<meta property=\"article:published_time\" content=\"2024-10-02T03:53:45+00:00\" \/>\n<meta property=\"og:image\" content=\"https:\/\/redamlo.com\/wp-content\/uploads\/2024\/10\/protesta-sheinbaum.jpg\" \/>\n\t<meta property=\"og:image:width\" content=\"1080\" \/>\n\t<meta property=\"og:image:height\" content=\"720\" \/>\n\t<meta property=\"og:image:type\" content=\"image\/jpeg\" \/>\n<meta name=\"author\" content=\"admin\" \/>\n<meta name=\"twitter:card\" content=\"summary_large_image\" \/>\n<meta name=\"twitter:label1\" content=\"Escrito por\" \/>\n\t<meta name=\"twitter:data1\" content=\"admin\" \/>\n\t<meta name=\"twitter:label2\" content=\"Tiempo de lectura\" \/>\n\t<meta name=\"twitter:data2\" content=\"6 minutos\" \/>\n<script type=\"application\/ld+json\" class=\"yoast-schema-graph\">{\"@context\":\"https:\\\/\\\/schema.org\",\"@graph\":[{\"@type\":\"Article\",\"@id\":\"https:\\\/\\\/redamlo.com\\\/index.php\\\/2024\\\/10\\\/01\\\/claudia-sheinbaum-toma-posesion-como-primera-presidenta-en-la-historia-de-mexico\\\/#article\",\"isPartOf\":{\"@id\":\"https:\\\/\\\/redamlo.com\\\/index.php\\\/2024\\\/10\\\/01\\\/claudia-sheinbaum-toma-posesion-como-primera-presidenta-en-la-historia-de-mexico\\\/\"},\"author\":{\"name\":\"admin\",\"@id\":\"https:\\\/\\\/redamlo.com\\\/#\\\/schema\\\/person\\\/197a0a670d21b1f4f1483ddda1b64613\"},\"headline\":\"Claudia Sheinbaum toma posesi\u00f3n como Primera Presidenta en la Historia de M\u00e9xico\",\"datePublished\":\"2024-10-02T03:53:45+00:00\",\"mainEntityOfPage\":{\"@id\":\"https:\\\/\\\/redamlo.com\\\/index.php\\\/2024\\\/10\\\/01\\\/claudia-sheinbaum-toma-posesion-como-primera-presidenta-en-la-historia-de-mexico\\\/\"},\"wordCount\":1396,\"commentCount\":0,\"publisher\":{\"@id\":\"https:\\\/\\\/redamlo.com\\\/#organization\"},\"image\":{\"@id\":\"https:\\\/\\\/redamlo.com\\\/index.php\\\/2024\\\/10\\\/01\\\/claudia-sheinbaum-toma-posesion-como-primera-presidenta-en-la-historia-de-mexico\\\/#primaryimage\"},\"thumbnailUrl\":\"https:\\\/\\\/redamlo.com\\\/wp-content\\\/uploads\\\/2024\\\/10\\\/protesta-sheinbaum.jpg\",\"keywords\":[\"amo\",\"Morena\",\"presidenta de mexico\",\"toma de protesta claudia sheinbaum\"],\"articleSection\":[\"Nacionales\",\"Presidencia\"],\"inLanguage\":\"es\",\"potentialAction\":[{\"@type\":\"CommentAction\",\"name\":\"Comment\",\"target\":[\"https:\\\/\\\/redamlo.com\\\/index.php\\\/2024\\\/10\\\/01\\\/claudia-sheinbaum-toma-posesion-como-primera-presidenta-en-la-historia-de-mexico\\\/#respond\"]}]},{\"@type\":\"WebPage\",\"@id\":\"https:\\\/\\\/redamlo.com\\\/index.php\\\/2024\\\/10\\\/01\\\/claudia-sheinbaum-toma-posesion-como-primera-presidenta-en-la-historia-de-mexico\\\/\",\"url\":\"https:\\\/\\\/redamlo.com\\\/index.php\\\/2024\\\/10\\\/01\\\/claudia-sheinbaum-toma-posesion-como-primera-presidenta-en-la-historia-de-mexico\\\/\",\"name\":\"Claudia Sheinbaum toma posesi\u00f3n como Primera Presidenta en la Historia de M\u00e9xico - NOTICIAS DE LA 4T\",\"isPartOf\":{\"@id\":\"https:\\\/\\\/redamlo.com\\\/#website\"},\"primaryImageOfPage\":{\"@id\":\"https:\\\/\\\/redamlo.com\\\/index.php\\\/2024\\\/10\\\/01\\\/claudia-sheinbaum-toma-posesion-como-primera-presidenta-en-la-historia-de-mexico\\\/#primaryimage\"},\"image\":{\"@id\":\"https:\\\/\\\/redamlo.com\\\/index.php\\\/2024\\\/10\\\/01\\\/claudia-sheinbaum-toma-posesion-como-primera-presidenta-en-la-historia-de-mexico\\\/#primaryimage\"},\"thumbnailUrl\":\"https:\\\/\\\/redamlo.com\\\/wp-content\\\/uploads\\\/2024\\\/10\\\/protesta-sheinbaum.jpg\",\"datePublished\":\"2024-10-02T03:53:45+00:00\",\"breadcrumb\":{\"@id\":\"https:\\\/\\\/redamlo.com\\\/index.php\\\/2024\\\/10\\\/01\\\/claudia-sheinbaum-toma-posesion-como-primera-presidenta-en-la-historia-de-mexico\\\/#breadcrumb\"},\"inLanguage\":\"es\",\"potentialAction\":[{\"@type\":\"ReadAction\",\"target\":[\"https:\\\/\\\/redamlo.com\\\/index.php\\\/2024\\\/10\\\/01\\\/claudia-sheinbaum-toma-posesion-como-primera-presidenta-en-la-historia-de-mexico\\\/\"]}]},{\"@type\":\"ImageObject\",\"inLanguage\":\"es\",\"@id\":\"https:\\\/\\\/redamlo.com\\\/index.php\\\/2024\\\/10\\\/01\\\/claudia-sheinbaum-toma-posesion-como-primera-presidenta-en-la-historia-de-mexico\\\/#primaryimage\",\"url\":\"https:\\\/\\\/redamlo.com\\\/wp-content\\\/uploads\\\/2024\\\/10\\\/protesta-sheinbaum.jpg\",\"contentUrl\":\"https:\\\/\\\/redamlo.com\\\/wp-content\\\/uploads\\\/2024\\\/10\\\/protesta-sheinbaum.jpg\",\"width\":1080,\"height\":720},{\"@type\":\"BreadcrumbList\",\"@id\":\"https:\\\/\\\/redamlo.com\\\/index.php\\\/2024\\\/10\\\/01\\\/claudia-sheinbaum-toma-posesion-como-primera-presidenta-en-la-historia-de-mexico\\\/#breadcrumb\",\"itemListElement\":[{\"@type\":\"ListItem\",\"position\":1,\"name\":\"Inicio\",\"item\":\"https:\\\/\\\/redamlo.com\\\/\"},{\"@type\":\"ListItem\",\"position\":2,\"name\":\"Claudia Sheinbaum toma posesi\u00f3n como Primera Presidenta en la Historia de M\u00e9xico\"}]},{\"@type\":\"WebSite\",\"@id\":\"https:\\\/\\\/redamlo.com\\\/#website\",\"url\":\"https:\\\/\\\/redamlo.com\\\/\",\"name\":\"NOTICIAS DE LA 4T\",\"description\":\"\",\"publisher\":{\"@id\":\"https:\\\/\\\/redamlo.com\\\/#organization\"},\"potentialAction\":[{\"@type\":\"SearchAction\",\"target\":{\"@type\":\"EntryPoint\",\"urlTemplate\":\"https:\\\/\\\/redamlo.com\\\/?s={search_term_string}\"},\"query-input\":{\"@type\":\"PropertyValueSpecification\",\"valueRequired\":true,\"valueName\":\"search_term_string\"}}],\"inLanguage\":\"es\"},{\"@type\":\"Organization\",\"@id\":\"https:\\\/\\\/redamlo.com\\\/#organization\",\"name\":\"NOTICIAS DE LA 4T\",\"url\":\"https:\\\/\\\/redamlo.com\\\/\",\"logo\":{\"@type\":\"ImageObject\",\"inLanguage\":\"es\",\"@id\":\"https:\\\/\\\/redamlo.com\\\/#\\\/schema\\\/logo\\\/image\\\/\",\"url\":\"https:\\\/\\\/redamlo.com\\\/wp-content\\\/uploads\\\/2024\\\/08\\\/cropped-RED-AMLO-logo-50.png\",\"contentUrl\":\"https:\\\/\\\/redamlo.com\\\/wp-content\\\/uploads\\\/2024\\\/08\\\/cropped-RED-AMLO-logo-50.png\",\"width\":256,\"height\":256,\"caption\":\"NOTICIAS DE LA 4T\"},\"image\":{\"@id\":\"https:\\\/\\\/redamlo.com\\\/#\\\/schema\\\/logo\\\/image\\\/\"}},{\"@type\":\"Person\",\"@id\":\"https:\\\/\\\/redamlo.com\\\/#\\\/schema\\\/person\\\/197a0a670d21b1f4f1483ddda1b64613\",\"name\":\"admin\",\"image\":{\"@type\":\"ImageObject\",\"inLanguage\":\"es\",\"@id\":\"https:\\\/\\\/secure.gravatar.com\\\/avatar\\\/293dccd927043f2e641da6685c2f84009782eb9ee0054daceada4e261ded849a?s=96&d=mm&r=g\",\"url\":\"https:\\\/\\\/secure.gravatar.com\\\/avatar\\\/293dccd927043f2e641da6685c2f84009782eb9ee0054daceada4e261ded849a?s=96&d=mm&r=g\",\"contentUrl\":\"https:\\\/\\\/secure.gravatar.com\\\/avatar\\\/293dccd927043f2e641da6685c2f84009782eb9ee0054daceada4e261ded849a?s=96&d=mm&r=g\",\"caption\":\"admin\"},\"sameAs\":[\"https:\\\/\\\/redamlo.com\"],\"url\":\"https:\\\/\\\/redamlo.com\\\/index.php\\\/author\\\/stell\\\/\"}]}<\/script>\n<!-- \/ Yoast SEO plugin. -->","yoast_head_json":{"title":"Claudia Sheinbaum toma posesi\u00f3n como Primera Presidenta en la Historia de M\u00e9xico - NOTICIAS DE LA 4T","robots":{"index":"noindex","follow":"follow","max-snippet":"max-snippet:-1","max-image-preview":"max-image-preview:large","max-video-preview":"max-video-preview:-1"},"og_locale":"es_MX","og_type":"article","og_title":"Claudia Sheinbaum toma posesi\u00f3n como Primera Presidenta en la Historia de M\u00e9xico - NOTICIAS DE LA 4T","og_description":"Despu\u00e9s de rendir protesta como\u00a0presidenta constitucional de los Estados Unidos Mexicanos\u00a0y recibir la respectiva\u00a0banda presidencial,\u00a0Claudia...","og_url":"https:\/\/redamlo.com\/index.php\/2024\/10\/01\/claudia-sheinbaum-toma-posesion-como-primera-presidenta-en-la-historia-de-mexico\/","og_site_name":"NOTICIAS DE LA 4T","article_published_time":"2024-10-02T03:53:45+00:00","og_image":[{"width":1080,"height":720,"url":"https:\/\/redamlo.com\/wp-content\/uploads\/2024\/10\/protesta-sheinbaum.jpg","type":"image\/jpeg"}],"author":"admin","twitter_card":"summary_large_image","twitter_misc":{"Escrito por":"admin","Tiempo de lectura":"6 minutos"},"schema":{"@context":"https:\/\/schema.org","@graph":[{"@type":"Article","@id":"https:\/\/redamlo.com\/index.php\/2024\/10\/01\/claudia-sheinbaum-toma-posesion-como-primera-presidenta-en-la-historia-de-mexico\/#article","isPartOf":{"@id":"https:\/\/redamlo.com\/index.php\/2024\/10\/01\/claudia-sheinbaum-toma-posesion-como-primera-presidenta-en-la-historia-de-mexico\/"},"author":{"name":"admin","@id":"https:\/\/redamlo.com\/#\/schema\/person\/197a0a670d21b1f4f1483ddda1b64613"},"headline":"Claudia Sheinbaum toma posesi\u00f3n como Primera Presidenta en la Historia de M\u00e9xico","datePublished":"2024-10-02T03:53:45+00:00","mainEntityOfPage":{"@id":"https:\/\/redamlo.com\/index.php\/2024\/10\/01\/claudia-sheinbaum-toma-posesion-como-primera-presidenta-en-la-historia-de-mexico\/"},"wordCount":1396,"commentCount":0,"publisher":{"@id":"https:\/\/redamlo.com\/#organization"},"image":{"@id":"https:\/\/redamlo.com\/index.php\/2024\/10\/01\/claudia-sheinbaum-toma-posesion-como-primera-presidenta-en-la-historia-de-mexico\/#primaryimage"},"thumbnailUrl":"https:\/\/redamlo.com\/wp-content\/uploads\/2024\/10\/protesta-sheinbaum.jpg","keywords":["amo","Morena","presidenta de mexico","toma de protesta claudia sheinbaum"],"articleSection":["Nacionales","Presidencia"],"inLanguage":"es","potentialAction":[{"@type":"CommentAction","name":"Comment","target":["https:\/\/redamlo.com\/index.php\/2024\/10\/01\/claudia-sheinbaum-toma-posesion-como-primera-presidenta-en-la-historia-de-mexico\/#respond"]}]},{"@type":"WebPage","@id":"https:\/\/redamlo.com\/index.php\/2024\/10\/01\/claudia-sheinbaum-toma-posesion-como-primera-presidenta-en-la-historia-de-mexico\/","url":"https:\/\/redamlo.com\/index.php\/2024\/10\/01\/claudia-sheinbaum-toma-posesion-como-primera-presidenta-en-la-historia-de-mexico\/","name":"Claudia Sheinbaum toma posesi\u00f3n como Primera Presidenta en la Historia de M\u00e9xico - NOTICIAS DE LA 4T","isPartOf":{"@id":"https:\/\/redamlo.com\/#website"},"primaryImageOfPage":{"@id":"https:\/\/redamlo.com\/index.php\/2024\/10\/01\/claudia-sheinbaum-toma-posesion-como-primera-presidenta-en-la-historia-de-mexico\/#primaryimage"},"image":{"@id":"https:\/\/redamlo.com\/index.php\/2024\/10\/01\/claudia-sheinbaum-toma-posesion-como-primera-presidenta-en-la-historia-de-mexico\/#primaryimage"},"thumbnailUrl":"https:\/\/redamlo.com\/wp-content\/uploads\/2024\/10\/protesta-sheinbaum.jpg","datePublished":"2024-10-02T03:53:45+00:00","breadcrumb":{"@id":"https:\/\/redamlo.com\/index.php\/2024\/10\/01\/claudia-sheinbaum-toma-posesion-como-primera-presidenta-en-la-historia-de-mexico\/#breadcrumb"},"inLanguage":"es","potentialAction":[{"@type":"ReadAction","target":["https:\/\/redamlo.com\/index.php\/2024\/10\/01\/claudia-sheinbaum-toma-posesion-como-primera-presidenta-en-la-historia-de-mexico\/"]}]},{"@type":"ImageObject","inLanguage":"es","@id":"https:\/\/redamlo.com\/index.php\/2024\/10\/01\/claudia-sheinbaum-toma-posesion-como-primera-presidenta-en-la-historia-de-mexico\/#primaryimage","url":"https:\/\/redamlo.com\/wp-content\/uploads\/2024\/10\/protesta-sheinbaum.jpg","contentUrl":"https:\/\/redamlo.com\/wp-content\/uploads\/2024\/10\/protesta-sheinbaum.jpg","width":1080,"height":720},{"@type":"BreadcrumbList","@id":"https:\/\/redamlo.com\/index.php\/2024\/10\/01\/claudia-sheinbaum-toma-posesion-como-primera-presidenta-en-la-historia-de-mexico\/#breadcrumb","itemListElement":[{"@type":"ListItem","position":1,"name":"Inicio","item":"https:\/\/redamlo.com\/"},{"@type":"ListItem","position":2,"name":"Claudia Sheinbaum toma posesi\u00f3n como Primera Presidenta en la Historia de M\u00e9xico"}]},{"@type":"WebSite","@id":"https:\/\/redamlo.com\/#website","url":"https:\/\/redamlo.com\/","name":"NOTICIAS DE LA 4T","description":"","publisher":{"@id":"https:\/\/redamlo.com\/#organization"},"potentialAction":[{"@type":"SearchAction","target":{"@type":"EntryPoint","urlTemplate":"https:\/\/redamlo.com\/?s={search_term_string}"},"query-input":{"@type":"PropertyValueSpecification","valueRequired":true,"valueName":"search_term_string"}}],"inLanguage":"es"},{"@type":"Organization","@id":"https:\/\/redamlo.com\/#organization","name":"NOTICIAS DE LA 4T","url":"https:\/\/redamlo.com\/","logo":{"@type":"ImageObject","inLanguage":"es","@id":"https:\/\/redamlo.com\/#\/schema\/logo\/image\/","url":"https:\/\/redamlo.com\/wp-content\/uploads\/2024\/08\/cropped-RED-AMLO-logo-50.png","contentUrl":"https:\/\/redamlo.com\/wp-content\/uploads\/2024\/08\/cropped-RED-AMLO-logo-50.png","width":256,"height":256,"caption":"NOTICIAS DE LA 4T"},"image":{"@id":"https:\/\/redamlo.com\/#\/schema\/logo\/image\/"}},{"@type":"Person","@id":"https:\/\/redamlo.com\/#\/schema\/person\/197a0a670d21b1f4f1483ddda1b64613","name":"admin","image":{"@type":"ImageObject","inLanguage":"es","@id":"https:\/\/secure.gravatar.com\/avatar\/293dccd927043f2e641da6685c2f84009782eb9ee0054daceada4e261ded849a?s=96&d=mm&r=g","url":"https:\/\/secure.gravatar.com\/avatar\/293dccd927043f2e641da6685c2f84009782eb9ee0054daceada4e261ded849a?s=96&d=mm&r=g","contentUrl":"https:\/\/secure.gravatar.com\/avatar\/293dccd927043f2e641da6685c2f84009782eb9ee0054daceada4e261ded849a?s=96&d=mm&r=g","caption":"admin"},"sameAs":["https:\/\/redamlo.com"],"url":"https:\/\/redamlo.com\/index.php\/author\/stell\/"}]}},"_links":{"self":[{"href":"https:\/\/redamlo.com\/index.php\/wp-json\/wp\/v2\/posts\/7985","targetHints":{"allow":["GET"]}}],"collection":[{"href":"https:\/\/redamlo.com\/index.php\/wp-json\/wp\/v2\/posts"}],"about":[{"href":"https:\/\/redamlo.com\/index.php\/wp-json\/wp\/v2\/types\/post"}],"author":[{"embeddable":true,"href":"https:\/\/redamlo.com\/index.php\/wp-json\/wp\/v2\/users\/1"}],"replies":[{"embeddable":true,"href":"https:\/\/redamlo.com\/index.php\/wp-json\/wp\/v2\/comments?post=7985"}],"version-history":[{"count":0,"href":"https:\/\/redamlo.com\/index.php\/wp-json\/wp\/v2\/posts\/7985\/revisions"}],"wp:featuredmedia":[{"embeddable":true,"href":"https:\/\/redamlo.com\/index.php\/wp-json\/wp\/v2\/media\/7986"}],"wp:attachment":[{"href":"https:\/\/redamlo.com\/index.php\/wp-json\/wp\/v2\/media?parent=7985"}],"wp:term":[{"taxonomy":"category","embeddable":true,"href":"https:\/\/redamlo.com\/index.php\/wp-json\/wp\/v2\/categories?post=7985"},{"taxonomy":"post_tag","embeddable":true,"href":"https:\/\/redamlo.com\/index.php\/wp-json\/wp\/v2\/tags?post=7985"}],"curies":[{"name":"wp","href":"https:\/\/api.w.org\/{rel}","templated":true}]}}