{"id":7967,"date":"2024-09-30T13:08:26","date_gmt":"2024-09-30T18:08:26","guid":{"rendered":"https:\/\/redamlo.com\/?p=7967"},"modified":"2024-09-30T13:08:26","modified_gmt":"2024-09-30T18:08:26","slug":"celia-maya-garcia-participa-en-conversatorio-sobre-reforma-constitucional-al-poder-judicial-en-uaemex","status":"publish","type":"post","link":"https:\/\/redamlo.com\/index.php\/2024\/09\/30\/celia-maya-garcia-participa-en-conversatorio-sobre-reforma-constitucional-al-poder-judicial-en-uaemex\/","title":{"rendered":"Celia Maya Garc\u00eda participa en conversatorio sobre reforma constitucional al poder judicial en UAEMex"},"content":{"rendered":"<p><span data-contrast=\"auto\">La consejera\u00a0 de la Judicatura Federal (CJF), Celia Maya Garc\u00eda, particip\u00f3 en el conversatorio \u201cTextos y contextos de la reforma constitucional al poder judicial\u201d, organizado por la Universidad Aut\u00f3noma del Estado de M\u00e9xico (UAEMex). En su intervenci\u00f3n, Maya Garc\u00eda subray\u00f3 la relevancia de la reforma judicial aprobada el pasado febrero, resaltando su potencial para transformar profundamente el sistema judicial en el pa\u00eds. <\/span><span data-ccp-props=\"{&quot;201341983&quot;:0,&quot;335551550&quot;:6,&quot;335551620&quot;:6,&quot;335559739&quot;:160,&quot;335559740&quot;:278}\">\u00a0<\/span><\/p>\n<p><span data-contrast=\"auto\">Durante su intervenci\u00f3n, Maya Garc\u00eda afirm\u00f3 que \u201cen la historia de nuestro pa\u00eds, la lucha por la justicia es una constante\u201d, recordando que, a lo largo de las d\u00e9cadas, los ciudadanos han reclamado un sistema que garantice sus derechos frente a pr\u00e1cticas inmorales e ilegales que dilatan la resoluci\u00f3n de asuntos judiciales, lo que, en muchas ocasiones, lleva a la denegaci\u00f3n de la justicia.\u00a0<\/span><span data-ccp-props=\"{&quot;201341983&quot;:0,&quot;335551550&quot;:6,&quot;335551620&quot;:6,&quot;335559739&quot;:160,&quot;335559740&quot;:278}\">\u00a0<\/span><\/p>\n<p><img loading=\"lazy\" decoding=\"async\" class=\"aligncenter wp-image-7969 size-large\" src=\"https:\/\/redamlo.com\/wp-content\/uploads\/2024\/09\/celia-maya-uaemex-4-1024x768.jpg\" alt=\"\" width=\"640\" height=\"480\" srcset=\"https:\/\/redamlo.com\/wp-content\/uploads\/2024\/09\/celia-maya-uaemex-4-1024x768.jpg 1024w, https:\/\/redamlo.com\/wp-content\/uploads\/2024\/09\/celia-maya-uaemex-4-300x225.jpg 300w, https:\/\/redamlo.com\/wp-content\/uploads\/2024\/09\/celia-maya-uaemex-4-768x576.jpg 768w, https:\/\/redamlo.com\/wp-content\/uploads\/2024\/09\/celia-maya-uaemex-4-1536x1152.jpg 1536w, https:\/\/redamlo.com\/wp-content\/uploads\/2024\/09\/celia-maya-uaemex-4.jpg 1600w\" sizes=\"auto, (max-width: 640px) 100vw, 640px\" \/><\/p>\n<p><span data-contrast=\"auto\">Maya Garc\u00eda hizo hincapi\u00e9 en que la \u00faltima gran reforma judicial se remonta a 1917. Seg\u00fan se\u00f1al\u00f3, \u201cla reforma constitucional que hemos visto recientemente es la transformaci\u00f3n m\u00e1s radical, m\u00e1s profunda y sistem\u00e1tica de uno de los poderes emblem\u00e1ticos del sistema pol\u00edtico mexicano\u201d. Esta afirmaci\u00f3n se basa en el hecho de que el presidente Andr\u00e9s Manuel L\u00f3pez Obrador present\u00f3 un conjunto de iniciativas de reforma que fueron finalmente aprobadas por el Congreso, convirti\u00e9ndose en ley.\u00a0<\/span><span data-ccp-props=\"{&quot;201341983&quot;:0,&quot;335551550&quot;:6,&quot;335551620&quot;:6,&quot;335559739&quot;:160,&quot;335559740&quot;:278}\">\u00a0<\/span><\/p>\n<p><span data-contrast=\"auto\">Entre las innovaciones m\u00e1s significativas que present\u00f3, Maya Garc\u00eda destac\u00f3 las siguientes:\u00a0<\/span><span data-ccp-props=\"{&quot;201341983&quot;:0,&quot;335551550&quot;:6,&quot;335551620&quot;:6,&quot;335559739&quot;:160,&quot;335559740&quot;:278}\">\u00a0<\/span><\/p>\n<ol>\n<li><span data-contrast=\"auto\"> M\u00e9todo de nombramiento: Introducci\u00f3n del m\u00e9todo de elecci\u00f3n popular para nombrar a ministros, magistrados y jueces.\u00a0<\/span><\/li>\n<li><span data-contrast=\"auto\"> Reelecci\u00f3n del funcionariado judicial: Permitir la reelecci\u00f3n de los integrantes del poder judicial.\u00a0<\/span><\/li>\n<li><span data-contrast=\"auto\"> Reestructuraci\u00f3n de \u00f3rganos judiciales: Sustituci\u00f3n del Consejo de la Judicatura Federal por un \u00d3rgano de Administraci\u00f3n Judicial y la creaci\u00f3n de un Tribunal de Disciplina Judicial.\u00a0<\/span><\/li>\n<li><span data-contrast=\"auto\"> Modificaci\u00f3n de competencias: Cambios en la competencia constitucional de la Suprema Corte de Justicia, enfatizando su rol como tribunal constitucional.\u00a0<\/span><\/li>\n<li><span data-contrast=\"auto\"> Suspensiones y declaratorias: Prohibici\u00f3n de otorgar suspensiones contra leyes con efectos generales y cancelaci\u00f3n de declaratorias generales de inconstitucionalidad.\u00a0<\/span><\/li>\n<\/ol>\n<p><span data-contrast=\"auto\">\u201cLos mexicanos ven\u00edan reclamando una reforma judicial para cancelar esas notas y poner en vigor una nueva estructura que viniese a colmar los par\u00e1metros que como principios de la justicia est\u00e1n estipulados en la Constituci\u00f3n\u201d, enfatiz\u00f3 Maya Garc\u00eda.\u00a0<\/span><span data-ccp-props=\"{&quot;201341983&quot;:0,&quot;335551550&quot;:6,&quot;335551620&quot;:6,&quot;335559739&quot;:160,&quot;335559740&quot;:278}\">\u00a0<\/span><\/p>\n<p><img loading=\"lazy\" decoding=\"async\" class=\"aligncenter wp-image-7970 size-large\" src=\"https:\/\/redamlo.com\/wp-content\/uploads\/2024\/09\/celia-maya-uaemex-2-1024x461.jpg\" alt=\"\" width=\"640\" height=\"288\" srcset=\"https:\/\/redamlo.com\/wp-content\/uploads\/2024\/09\/celia-maya-uaemex-2-1024x461.jpg 1024w, https:\/\/redamlo.com\/wp-content\/uploads\/2024\/09\/celia-maya-uaemex-2-300x135.jpg 300w, https:\/\/redamlo.com\/wp-content\/uploads\/2024\/09\/celia-maya-uaemex-2-768x346.jpg 768w, https:\/\/redamlo.com\/wp-content\/uploads\/2024\/09\/celia-maya-uaemex-2.jpg 1280w\" sizes=\"auto, (max-width: 640px) 100vw, 640px\" \/><\/p>\n<p><span data-contrast=\"auto\">Respecto a los tribunales de justicia administrativa, la consejera afirm\u00f3 que no resultan afectados por la reciente reforma constitucional. Sin embargo, advirti\u00f3 sobre la necesidad de un enfoque integral que involucre a diversas instancias en la procuraci\u00f3n y administraci\u00f3n de justicia, como las fiscal\u00edas y las defensor\u00edas de oficio.\u00a0<\/span><span data-ccp-props=\"{&quot;201341983&quot;:0,&quot;335551550&quot;:6,&quot;335551620&quot;:6,&quot;335559739&quot;:160,&quot;335559740&quot;:278}\">\u00a0<\/span><\/p>\n<p><span data-contrast=\"auto\">Maya Garc\u00eda tambi\u00e9n reflexion\u00f3 sobre la importancia de la legitimidad en el Poder Judicial. Consider\u00f3 que uno de los principios m\u00e1s relevantes de esta reforma es que los \u00f3rganos judiciales deben ser electos por la ciudadan\u00eda, lo cual es una expresi\u00f3n de la soberan\u00eda popular.\u00a0<\/span><span data-ccp-props=\"{&quot;201341983&quot;:0,&quot;335551550&quot;:6,&quot;335551620&quot;:6,&quot;335559739&quot;:160,&quot;335559740&quot;:278}\">\u00a0<\/span><\/p>\n<p><span data-contrast=\"auto\">Aunque la reforma actual no menciona espec\u00edficamente a los tribunales de justicia administrativa, la consejera sugiri\u00f3 que podr\u00edan beneficiarse de un reconocimiento formal como \u00f3rganos constitucionales aut\u00f3nomos.\u00a0<\/span><span data-ccp-props=\"{&quot;201341983&quot;:0,&quot;335551550&quot;:6,&quot;335551620&quot;:6,&quot;335559739&quot;:160,&quot;335559740&quot;:278}\">\u00a0<\/span><\/p>\n<p><span data-contrast=\"auto\">Celia Maya Garc\u00eda hizo un llamado a todos los actores del sistema de justicia a involucrarse activamente en el proceso de implementaci\u00f3n de la reforma. \u201cEstamos convencidos de que esta mutaci\u00f3n institucional redundar\u00e1 en beneficio de los justiciables\u201d.<\/span><span data-ccp-props=\"{&quot;201341983&quot;:0,&quot;335551550&quot;:6,&quot;335551620&quot;:6,&quot;335559739&quot;:160,&quot;335559740&quot;:278}\">\u00a0<\/span><\/p>\n<p><span data-ccp-props=\"{&quot;201341983&quot;:0,&quot;335551550&quot;:6,&quot;335551620&quot;:6,&quot;335559739&quot;:160,&quot;335559740&quot;:278}\">\u00a0<\/span><\/p>\n<p><span data-contrast=\"auto\">En el foro tambi\u00e9n particip\u00f3 Carolina Villagr\u00e1n Salinas, quien es visitadora judicial B del Consejo de la Judicatura Federal, quien coincidi\u00f3 con el planteamiento de la consejera Celia Maya. Explic\u00f3 que la reforma al poder judicial cambia la estructura org\u00e1nica, con el objetivo de que la persona que encabeza la suprema corte de justicia de la naci\u00f3n no sea la misma qu\u00e9 est\u00e9 al frente del Consejo de la Judicatura, para lo cual se crear\u00e1 un Tribunal de Disciplina Judicial que tendr\u00e1 como objetivo investigar y en su caso sancionar a las personas juzgadores que no act\u00faen de acuerdo a la normativa que los rige.<\/span><span data-ccp-props=\"{&quot;201341983&quot;:0,&quot;335551550&quot;:6,&quot;335551620&quot;:6,&quot;335559739&quot;:160,&quot;335559740&quot;:278}\">\u00a0<\/span><\/p>\n<p><img loading=\"lazy\" decoding=\"async\" class=\"aligncenter wp-image-7971 size-large\" src=\"https:\/\/redamlo.com\/wp-content\/uploads\/2024\/09\/celia-maya-uaemex-7-1024x1024.jpg\" alt=\"\" width=\"640\" height=\"640\" srcset=\"https:\/\/redamlo.com\/wp-content\/uploads\/2024\/09\/celia-maya-uaemex-7-1024x1024.jpg 1024w, https:\/\/redamlo.com\/wp-content\/uploads\/2024\/09\/celia-maya-uaemex-7-300x300.jpg 300w, https:\/\/redamlo.com\/wp-content\/uploads\/2024\/09\/celia-maya-uaemex-7-150x150.jpg 150w, https:\/\/redamlo.com\/wp-content\/uploads\/2024\/09\/celia-maya-uaemex-7-768x768.jpg 768w, https:\/\/redamlo.com\/wp-content\/uploads\/2024\/09\/celia-maya-uaemex-7.jpg 1280w\" sizes=\"auto, (max-width: 640px) 100vw, 640px\" \/><\/p>\n<p><span data-ccp-props=\"{&quot;201341983&quot;:0,&quot;335551550&quot;:6,&quot;335551620&quot;:6,&quot;335559739&quot;:160,&quot;335559740&quot;:278}\">\u00a0<\/span><\/p>\n<p><span data-contrast=\"auto\">Indic\u00f3 que esta es una oportunidad para mejorar esta instituci\u00f3n en todos los aspectos, pues ha funcionado, por lo que el Poder Judicial se mantiene alejado de la ciudadan\u00eda.<\/span><span data-ccp-props=\"{&quot;201341983&quot;:0,&quot;335551550&quot;:6,&quot;335551620&quot;:6,&quot;335559739&quot;:160,&quot;335559740&quot;:278}\">\u00a0<\/span><\/p>\n<p><span data-ccp-props=\"{&quot;201341983&quot;:0,&quot;335551550&quot;:6,&quot;335551620&quot;:6,&quot;335559739&quot;:160,&quot;335559740&quot;:278}\">\u00a0<\/span><\/p>\n<p><span data-contrast=\"auto\">En el conversatorio tambi\u00e9n particip\u00f3 Jes\u00fas George Zamora, quien es titular de la Consejer\u00eda Jur\u00eddica del gobierno del Estado de M\u00e9xico, Am\u00e9rica Elizabeth Trejo de la Luz, magistrada del Tribunal de Justicia Administrativa del Estado de M\u00e9xico, y Anais Burgos Hern\u00e1ndez, legisladora Federal<\/span><span data-ccp-props=\"{&quot;201341983&quot;:0,&quot;335551550&quot;:6,&quot;335551620&quot;:6,&quot;335559739&quot;:160,&quot;335559740&quot;:278}\">\u00a0<\/span><\/p>\n","protected":false},"excerpt":{"rendered":"<p>La consejera\u00a0 de la Judicatura Federal (CJF), Celia Maya Garc\u00eda, particip\u00f3 en el conversatorio \u201cTextos&#8230;<\/p>\n","protected":false},"author":1,"featured_media":7976,"comment_status":"open","ping_status":"closed","sticky":false,"template":"","format":"standard","meta":{"footnotes":""},"categories":[312],"tags":[2645,2726,2727],"class_list":["post-7967","post","type-post","status-publish","format-standard","has-post-thumbnail","hentry","category-justicia","tag-cjf","tag-consejera-celia-maya","tag-uaemex"],"yoast_head":"<!-- This site is optimized with the Yoast SEO plugin v27.5 - https:\/\/yoast.com\/product\/yoast-seo-wordpress\/ -->\n<title>Celia Maya Garc\u00eda participa en conversatorio sobre reforma constitucional al poder judicial en UAEMex - NOTICIAS DE LA 4T<\/title>\n<meta name=\"robots\" content=\"noindex, follow, max-snippet:-1, max-image-preview:large, max-video-preview:-1\" \/>\n<meta property=\"og:locale\" content=\"es_MX\" \/>\n<meta property=\"og:type\" content=\"article\" \/>\n<meta property=\"og:title\" content=\"Celia Maya Garc\u00eda participa en conversatorio sobre reforma constitucional al poder judicial en UAEMex - NOTICIAS DE LA 4T\" \/>\n<meta property=\"og:description\" content=\"La consejera\u00a0 de la Judicatura Federal (CJF), Celia Maya Garc\u00eda, particip\u00f3 en el conversatorio \u201cTextos...\" \/>\n<meta property=\"og:url\" content=\"https:\/\/redamlo.com\/index.php\/2024\/09\/30\/celia-maya-garcia-participa-en-conversatorio-sobre-reforma-constitucional-al-poder-judicial-en-uaemex\/\" \/>\n<meta property=\"og:site_name\" content=\"NOTICIAS DE LA 4T\" \/>\n<meta property=\"article:published_time\" content=\"2024-09-30T18:08:26+00:00\" \/>\n<meta property=\"og:image\" content=\"https:\/\/redamlo.com\/wp-content\/uploads\/2024\/09\/celia-maya-uaemex-5.jpg\" \/>\n\t<meta property=\"og:image:width\" content=\"1600\" \/>\n\t<meta property=\"og:image:height\" content=\"1200\" \/>\n\t<meta property=\"og:image:type\" content=\"image\/jpeg\" \/>\n<meta name=\"author\" content=\"admin\" \/>\n<meta name=\"twitter:card\" content=\"summary_large_image\" \/>\n<meta name=\"twitter:label1\" content=\"Escrito por\" \/>\n\t<meta name=\"twitter:data1\" content=\"admin\" \/>\n\t<meta name=\"twitter:label2\" content=\"Tiempo de lectura\" \/>\n\t<meta name=\"twitter:data2\" content=\"4 minutos\" \/>\n<script type=\"application\/ld+json\" class=\"yoast-schema-graph\">{\"@context\":\"https:\\\/\\\/schema.org\",\"@graph\":[{\"@type\":\"Article\",\"@id\":\"https:\\\/\\\/redamlo.com\\\/index.php\\\/2024\\\/09\\\/30\\\/celia-maya-garcia-participa-en-conversatorio-sobre-reforma-constitucional-al-poder-judicial-en-uaemex\\\/#article\",\"isPartOf\":{\"@id\":\"https:\\\/\\\/redamlo.com\\\/index.php\\\/2024\\\/09\\\/30\\\/celia-maya-garcia-participa-en-conversatorio-sobre-reforma-constitucional-al-poder-judicial-en-uaemex\\\/\"},\"author\":{\"name\":\"admin\",\"@id\":\"https:\\\/\\\/redamlo.com\\\/#\\\/schema\\\/person\\\/197a0a670d21b1f4f1483ddda1b64613\"},\"headline\":\"Celia Maya Garc\u00eda participa en conversatorio sobre reforma constitucional al poder judicial en UAEMex\",\"datePublished\":\"2024-09-30T18:08:26+00:00\",\"mainEntityOfPage\":{\"@id\":\"https:\\\/\\\/redamlo.com\\\/index.php\\\/2024\\\/09\\\/30\\\/celia-maya-garcia-participa-en-conversatorio-sobre-reforma-constitucional-al-poder-judicial-en-uaemex\\\/\"},\"wordCount\":772,\"commentCount\":0,\"publisher\":{\"@id\":\"https:\\\/\\\/redamlo.com\\\/#organization\"},\"image\":{\"@id\":\"https:\\\/\\\/redamlo.com\\\/index.php\\\/2024\\\/09\\\/30\\\/celia-maya-garcia-participa-en-conversatorio-sobre-reforma-constitucional-al-poder-judicial-en-uaemex\\\/#primaryimage\"},\"thumbnailUrl\":\"https:\\\/\\\/redamlo.com\\\/wp-content\\\/uploads\\\/2024\\\/09\\\/celia-maya-uaemex-5.jpg\",\"keywords\":[\"cjf\",\"consejera celia maya\",\"uaemex\"],\"articleSection\":[\"Justicia\"],\"inLanguage\":\"es\",\"potentialAction\":[{\"@type\":\"CommentAction\",\"name\":\"Comment\",\"target\":[\"https:\\\/\\\/redamlo.com\\\/index.php\\\/2024\\\/09\\\/30\\\/celia-maya-garcia-participa-en-conversatorio-sobre-reforma-constitucional-al-poder-judicial-en-uaemex\\\/#respond\"]}]},{\"@type\":\"WebPage\",\"@id\":\"https:\\\/\\\/redamlo.com\\\/index.php\\\/2024\\\/09\\\/30\\\/celia-maya-garcia-participa-en-conversatorio-sobre-reforma-constitucional-al-poder-judicial-en-uaemex\\\/\",\"url\":\"https:\\\/\\\/redamlo.com\\\/index.php\\\/2024\\\/09\\\/30\\\/celia-maya-garcia-participa-en-conversatorio-sobre-reforma-constitucional-al-poder-judicial-en-uaemex\\\/\",\"name\":\"Celia Maya Garc\u00eda participa en conversatorio sobre reforma constitucional al poder judicial en UAEMex - NOTICIAS DE LA 4T\",\"isPartOf\":{\"@id\":\"https:\\\/\\\/redamlo.com\\\/#website\"},\"primaryImageOfPage\":{\"@id\":\"https:\\\/\\\/redamlo.com\\\/index.php\\\/2024\\\/09\\\/30\\\/celia-maya-garcia-participa-en-conversatorio-sobre-reforma-constitucional-al-poder-judicial-en-uaemex\\\/#primaryimage\"},\"image\":{\"@id\":\"https:\\\/\\\/redamlo.com\\\/index.php\\\/2024\\\/09\\\/30\\\/celia-maya-garcia-participa-en-conversatorio-sobre-reforma-constitucional-al-poder-judicial-en-uaemex\\\/#primaryimage\"},\"thumbnailUrl\":\"https:\\\/\\\/redamlo.com\\\/wp-content\\\/uploads\\\/2024\\\/09\\\/celia-maya-uaemex-5.jpg\",\"datePublished\":\"2024-09-30T18:08:26+00:00\",\"breadcrumb\":{\"@id\":\"https:\\\/\\\/redamlo.com\\\/index.php\\\/2024\\\/09\\\/30\\\/celia-maya-garcia-participa-en-conversatorio-sobre-reforma-constitucional-al-poder-judicial-en-uaemex\\\/#breadcrumb\"},\"inLanguage\":\"es\",\"potentialAction\":[{\"@type\":\"ReadAction\",\"target\":[\"https:\\\/\\\/redamlo.com\\\/index.php\\\/2024\\\/09\\\/30\\\/celia-maya-garcia-participa-en-conversatorio-sobre-reforma-constitucional-al-poder-judicial-en-uaemex\\\/\"]}]},{\"@type\":\"ImageObject\",\"inLanguage\":\"es\",\"@id\":\"https:\\\/\\\/redamlo.com\\\/index.php\\\/2024\\\/09\\\/30\\\/celia-maya-garcia-participa-en-conversatorio-sobre-reforma-constitucional-al-poder-judicial-en-uaemex\\\/#primaryimage\",\"url\":\"https:\\\/\\\/redamlo.com\\\/wp-content\\\/uploads\\\/2024\\\/09\\\/celia-maya-uaemex-5.jpg\",\"contentUrl\":\"https:\\\/\\\/redamlo.com\\\/wp-content\\\/uploads\\\/2024\\\/09\\\/celia-maya-uaemex-5.jpg\",\"width\":1600,\"height\":1200},{\"@type\":\"BreadcrumbList\",\"@id\":\"https:\\\/\\\/redamlo.com\\\/index.php\\\/2024\\\/09\\\/30\\\/celia-maya-garcia-participa-en-conversatorio-sobre-reforma-constitucional-al-poder-judicial-en-uaemex\\\/#breadcrumb\",\"itemListElement\":[{\"@type\":\"ListItem\",\"position\":1,\"name\":\"Inicio\",\"item\":\"https:\\\/\\\/redamlo.com\\\/\"},{\"@type\":\"ListItem\",\"position\":2,\"name\":\"Celia Maya Garc\u00eda participa en conversatorio sobre reforma constitucional al poder judicial en UAEMex\"}]},{\"@type\":\"WebSite\",\"@id\":\"https:\\\/\\\/redamlo.com\\\/#website\",\"url\":\"https:\\\/\\\/redamlo.com\\\/\",\"name\":\"NOTICIAS DE LA 4T\",\"description\":\"\",\"publisher\":{\"@id\":\"https:\\\/\\\/redamlo.com\\\/#organization\"},\"potentialAction\":[{\"@type\":\"SearchAction\",\"target\":{\"@type\":\"EntryPoint\",\"urlTemplate\":\"https:\\\/\\\/redamlo.com\\\/?s={search_term_string}\"},\"query-input\":{\"@type\":\"PropertyValueSpecification\",\"valueRequired\":true,\"valueName\":\"search_term_string\"}}],\"inLanguage\":\"es\"},{\"@type\":\"Organization\",\"@id\":\"https:\\\/\\\/redamlo.com\\\/#organization\",\"name\":\"NOTICIAS DE LA 4T\",\"url\":\"https:\\\/\\\/redamlo.com\\\/\",\"logo\":{\"@type\":\"ImageObject\",\"inLanguage\":\"es\",\"@id\":\"https:\\\/\\\/redamlo.com\\\/#\\\/schema\\\/logo\\\/image\\\/\",\"url\":\"https:\\\/\\\/redamlo.com\\\/wp-content\\\/uploads\\\/2024\\\/08\\\/cropped-RED-AMLO-logo-50.png\",\"contentUrl\":\"https:\\\/\\\/redamlo.com\\\/wp-content\\\/uploads\\\/2024\\\/08\\\/cropped-RED-AMLO-logo-50.png\",\"width\":256,\"height\":256,\"caption\":\"NOTICIAS DE LA 4T\"},\"image\":{\"@id\":\"https:\\\/\\\/redamlo.com\\\/#\\\/schema\\\/logo\\\/image\\\/\"}},{\"@type\":\"Person\",\"@id\":\"https:\\\/\\\/redamlo.com\\\/#\\\/schema\\\/person\\\/197a0a670d21b1f4f1483ddda1b64613\",\"name\":\"admin\",\"image\":{\"@type\":\"ImageObject\",\"inLanguage\":\"es\",\"@id\":\"https:\\\/\\\/secure.gravatar.com\\\/avatar\\\/293dccd927043f2e641da6685c2f84009782eb9ee0054daceada4e261ded849a?s=96&d=mm&r=g\",\"url\":\"https:\\\/\\\/secure.gravatar.com\\\/avatar\\\/293dccd927043f2e641da6685c2f84009782eb9ee0054daceada4e261ded849a?s=96&d=mm&r=g\",\"contentUrl\":\"https:\\\/\\\/secure.gravatar.com\\\/avatar\\\/293dccd927043f2e641da6685c2f84009782eb9ee0054daceada4e261ded849a?s=96&d=mm&r=g\",\"caption\":\"admin\"},\"sameAs\":[\"https:\\\/\\\/redamlo.com\"],\"url\":\"https:\\\/\\\/redamlo.com\\\/index.php\\\/author\\\/stell\\\/\"}]}<\/script>\n<!-- \/ Yoast SEO plugin. -->","yoast_head_json":{"title":"Celia Maya Garc\u00eda participa en conversatorio sobre reforma constitucional al poder judicial en UAEMex - NOTICIAS DE LA 4T","robots":{"index":"noindex","follow":"follow","max-snippet":"max-snippet:-1","max-image-preview":"max-image-preview:large","max-video-preview":"max-video-preview:-1"},"og_locale":"es_MX","og_type":"article","og_title":"Celia Maya Garc\u00eda participa en conversatorio sobre reforma constitucional al poder judicial en UAEMex - NOTICIAS DE LA 4T","og_description":"La consejera\u00a0 de la Judicatura Federal (CJF), Celia Maya Garc\u00eda, particip\u00f3 en el conversatorio \u201cTextos...","og_url":"https:\/\/redamlo.com\/index.php\/2024\/09\/30\/celia-maya-garcia-participa-en-conversatorio-sobre-reforma-constitucional-al-poder-judicial-en-uaemex\/","og_site_name":"NOTICIAS DE LA 4T","article_published_time":"2024-09-30T18:08:26+00:00","og_image":[{"width":1600,"height":1200,"url":"https:\/\/redamlo.com\/wp-content\/uploads\/2024\/09\/celia-maya-uaemex-5.jpg","type":"image\/jpeg"}],"author":"admin","twitter_card":"summary_large_image","twitter_misc":{"Escrito por":"admin","Tiempo de lectura":"4 minutos"},"schema":{"@context":"https:\/\/schema.org","@graph":[{"@type":"Article","@id":"https:\/\/redamlo.com\/index.php\/2024\/09\/30\/celia-maya-garcia-participa-en-conversatorio-sobre-reforma-constitucional-al-poder-judicial-en-uaemex\/#article","isPartOf":{"@id":"https:\/\/redamlo.com\/index.php\/2024\/09\/30\/celia-maya-garcia-participa-en-conversatorio-sobre-reforma-constitucional-al-poder-judicial-en-uaemex\/"},"author":{"name":"admin","@id":"https:\/\/redamlo.com\/#\/schema\/person\/197a0a670d21b1f4f1483ddda1b64613"},"headline":"Celia Maya Garc\u00eda participa en conversatorio sobre reforma constitucional al poder judicial en UAEMex","datePublished":"2024-09-30T18:08:26+00:00","mainEntityOfPage":{"@id":"https:\/\/redamlo.com\/index.php\/2024\/09\/30\/celia-maya-garcia-participa-en-conversatorio-sobre-reforma-constitucional-al-poder-judicial-en-uaemex\/"},"wordCount":772,"commentCount":0,"publisher":{"@id":"https:\/\/redamlo.com\/#organization"},"image":{"@id":"https:\/\/redamlo.com\/index.php\/2024\/09\/30\/celia-maya-garcia-participa-en-conversatorio-sobre-reforma-constitucional-al-poder-judicial-en-uaemex\/#primaryimage"},"thumbnailUrl":"https:\/\/redamlo.com\/wp-content\/uploads\/2024\/09\/celia-maya-uaemex-5.jpg","keywords":["cjf","consejera celia maya","uaemex"],"articleSection":["Justicia"],"inLanguage":"es","potentialAction":[{"@type":"CommentAction","name":"Comment","target":["https:\/\/redamlo.com\/index.php\/2024\/09\/30\/celia-maya-garcia-participa-en-conversatorio-sobre-reforma-constitucional-al-poder-judicial-en-uaemex\/#respond"]}]},{"@type":"WebPage","@id":"https:\/\/redamlo.com\/index.php\/2024\/09\/30\/celia-maya-garcia-participa-en-conversatorio-sobre-reforma-constitucional-al-poder-judicial-en-uaemex\/","url":"https:\/\/redamlo.com\/index.php\/2024\/09\/30\/celia-maya-garcia-participa-en-conversatorio-sobre-reforma-constitucional-al-poder-judicial-en-uaemex\/","name":"Celia Maya Garc\u00eda participa en conversatorio sobre reforma constitucional al poder judicial en UAEMex - NOTICIAS DE LA 4T","isPartOf":{"@id":"https:\/\/redamlo.com\/#website"},"primaryImageOfPage":{"@id":"https:\/\/redamlo.com\/index.php\/2024\/09\/30\/celia-maya-garcia-participa-en-conversatorio-sobre-reforma-constitucional-al-poder-judicial-en-uaemex\/#primaryimage"},"image":{"@id":"https:\/\/redamlo.com\/index.php\/2024\/09\/30\/celia-maya-garcia-participa-en-conversatorio-sobre-reforma-constitucional-al-poder-judicial-en-uaemex\/#primaryimage"},"thumbnailUrl":"https:\/\/redamlo.com\/wp-content\/uploads\/2024\/09\/celia-maya-uaemex-5.jpg","datePublished":"2024-09-30T18:08:26+00:00","breadcrumb":{"@id":"https:\/\/redamlo.com\/index.php\/2024\/09\/30\/celia-maya-garcia-participa-en-conversatorio-sobre-reforma-constitucional-al-poder-judicial-en-uaemex\/#breadcrumb"},"inLanguage":"es","potentialAction":[{"@type":"ReadAction","target":["https:\/\/redamlo.com\/index.php\/2024\/09\/30\/celia-maya-garcia-participa-en-conversatorio-sobre-reforma-constitucional-al-poder-judicial-en-uaemex\/"]}]},{"@type":"ImageObject","inLanguage":"es","@id":"https:\/\/redamlo.com\/index.php\/2024\/09\/30\/celia-maya-garcia-participa-en-conversatorio-sobre-reforma-constitucional-al-poder-judicial-en-uaemex\/#primaryimage","url":"https:\/\/redamlo.com\/wp-content\/uploads\/2024\/09\/celia-maya-uaemex-5.jpg","contentUrl":"https:\/\/redamlo.com\/wp-content\/uploads\/2024\/09\/celia-maya-uaemex-5.jpg","width":1600,"height":1200},{"@type":"BreadcrumbList","@id":"https:\/\/redamlo.com\/index.php\/2024\/09\/30\/celia-maya-garcia-participa-en-conversatorio-sobre-reforma-constitucional-al-poder-judicial-en-uaemex\/#breadcrumb","itemListElement":[{"@type":"ListItem","position":1,"name":"Inicio","item":"https:\/\/redamlo.com\/"},{"@type":"ListItem","position":2,"name":"Celia Maya Garc\u00eda participa en conversatorio sobre reforma constitucional al poder judicial en UAEMex"}]},{"@type":"WebSite","@id":"https:\/\/redamlo.com\/#website","url":"https:\/\/redamlo.com\/","name":"NOTICIAS DE LA 4T","description":"","publisher":{"@id":"https:\/\/redamlo.com\/#organization"},"potentialAction":[{"@type":"SearchAction","target":{"@type":"EntryPoint","urlTemplate":"https:\/\/redamlo.com\/?s={search_term_string}"},"query-input":{"@type":"PropertyValueSpecification","valueRequired":true,"valueName":"search_term_string"}}],"inLanguage":"es"},{"@type":"Organization","@id":"https:\/\/redamlo.com\/#organization","name":"NOTICIAS DE LA 4T","url":"https:\/\/redamlo.com\/","logo":{"@type":"ImageObject","inLanguage":"es","@id":"https:\/\/redamlo.com\/#\/schema\/logo\/image\/","url":"https:\/\/redamlo.com\/wp-content\/uploads\/2024\/08\/cropped-RED-AMLO-logo-50.png","contentUrl":"https:\/\/redamlo.com\/wp-content\/uploads\/2024\/08\/cropped-RED-AMLO-logo-50.png","width":256,"height":256,"caption":"NOTICIAS DE LA 4T"},"image":{"@id":"https:\/\/redamlo.com\/#\/schema\/logo\/image\/"}},{"@type":"Person","@id":"https:\/\/redamlo.com\/#\/schema\/person\/197a0a670d21b1f4f1483ddda1b64613","name":"admin","image":{"@type":"ImageObject","inLanguage":"es","@id":"https:\/\/secure.gravatar.com\/avatar\/293dccd927043f2e641da6685c2f84009782eb9ee0054daceada4e261ded849a?s=96&d=mm&r=g","url":"https:\/\/secure.gravatar.com\/avatar\/293dccd927043f2e641da6685c2f84009782eb9ee0054daceada4e261ded849a?s=96&d=mm&r=g","contentUrl":"https:\/\/secure.gravatar.com\/avatar\/293dccd927043f2e641da6685c2f84009782eb9ee0054daceada4e261ded849a?s=96&d=mm&r=g","caption":"admin"},"sameAs":["https:\/\/redamlo.com"],"url":"https:\/\/redamlo.com\/index.php\/author\/stell\/"}]}},"_links":{"self":[{"href":"https:\/\/redamlo.com\/index.php\/wp-json\/wp\/v2\/posts\/7967","targetHints":{"allow":["GET"]}}],"collection":[{"href":"https:\/\/redamlo.com\/index.php\/wp-json\/wp\/v2\/posts"}],"about":[{"href":"https:\/\/redamlo.com\/index.php\/wp-json\/wp\/v2\/types\/post"}],"author":[{"embeddable":true,"href":"https:\/\/redamlo.com\/index.php\/wp-json\/wp\/v2\/users\/1"}],"replies":[{"embeddable":true,"href":"https:\/\/redamlo.com\/index.php\/wp-json\/wp\/v2\/comments?post=7967"}],"version-history":[{"count":0,"href":"https:\/\/redamlo.com\/index.php\/wp-json\/wp\/v2\/posts\/7967\/revisions"}],"wp:featuredmedia":[{"embeddable":true,"href":"https:\/\/redamlo.com\/index.php\/wp-json\/wp\/v2\/media\/7976"}],"wp:attachment":[{"href":"https:\/\/redamlo.com\/index.php\/wp-json\/wp\/v2\/media?parent=7967"}],"wp:term":[{"taxonomy":"category","embeddable":true,"href":"https:\/\/redamlo.com\/index.php\/wp-json\/wp\/v2\/categories?post=7967"},{"taxonomy":"post_tag","embeddable":true,"href":"https:\/\/redamlo.com\/index.php\/wp-json\/wp\/v2\/tags?post=7967"}],"curies":[{"name":"wp","href":"https:\/\/api.w.org\/{rel}","templated":true}]}}