{"id":7962,"date":"2024-09-20T17:51:53","date_gmt":"2024-09-20T23:51:53","guid":{"rendered":"https:\/\/redamlo.com\/?p=7962"},"modified":"2024-09-20T17:51:53","modified_gmt":"2024-09-20T23:51:53","slug":"trabajadores-del-pjf-extienden-paro-de-labores-hasta-el-2-de-octubre","status":"publish","type":"post","link":"https:\/\/redamlo.com\/index.php\/2024\/09\/20\/trabajadores-del-pjf-extienden-paro-de-labores-hasta-el-2-de-octubre\/","title":{"rendered":"Trabajadores del PJF extienden paro de labores hasta el 2 de octubre"},"content":{"rendered":"<p>Las acciones emprendidas por las organizaciones que agrupan a los trabajadores del Poder Judicial, as\u00ed como la resistencia a terminar con el paro de actividades de los \u00f3rganos jurisdiccionales, \u201cdoblaron\u201d al Consejo de la Judicatura Federal y lograron echar atr\u00e1s el acuerdo para que se reiniciaran actividades el pr\u00f3ximo lunes.<\/p>\n<p>Asimismo acordaron instalar mesas de negociaci\u00f3n donde se analizar\u00e1 el otorgamiento de plazas a quienes actualmente laboran por honorarios, y tambi\u00e9n la posibilidad de que se mantengan las mayores condiciones de trabajo y salariales que actualmente gozan, una vez que sea puesta en marcha la reforma Judicial.<\/p>\n<p>Luego de una reuni\u00f3n de m\u00e1s de cinco horas, la jueza Juana Fuentes\u00a0 dirigente de la Asociaci\u00f3n Nacional de Magistrados de Circuito y jueces de Distrito (JUFED), y Patricia Aguayo vocera de un grupo de trabajadores anunciaron que hab\u00edan triunfado y los consejeros aceptado de entrada echar abajo el acuerdo emitido en el que se establec\u00eda el reinicio de los plazos jur\u00eddicos, es decir la reactivaci\u00f3n de labores en todos los juzgados y tribunales.<\/p>\n<p>Anunciaron\u00a0 que la Judicatura acept\u00f3 mantener la suspensi\u00f3n de actividades hasta el pr\u00f3ximo 2 de octubre cuando se volver\u00e1 a revisar si hay condiciones \u201cpara laborar\u201d.<\/p>\n<p>Los representantes de diversas asociaciones que aglutinan a secretarios y trabajadores de base que participaron en la mesa de trabajo, acompa\u00f1aron a las dirigentes antes mencionadas durante el mensaje que dirigieron a decenas de trabajadores que desde la 9 de la ma\u00f1ana y que en estos momentos aun contin\u00faan fuera de\u00a0 la sede del Consejo de la Judicatura y que no pararon un instante gritando consignas para que se atendieran sus demandas.<\/p>\n<p>La jueza Juana Fuentes indic\u00f3 que el nuevo acuerdo al que llegaron los integrantes del Pleno de la Judicatura se dio por votaci\u00f3n dividida ya que los consejeros Bernardo Batiz, Celia Maya y Eva Ver\u00f3nica de Gyv\u00e9s, mantuvieron sus postura de que ya se reactivaran las labores y a favor de que continuara el paro votaron la ministra Norma Luc\u00eda Pi\u00f1a Hern\u00e1ndez y los consejeros Lilia M\u00f3nica L\u00f3pez Ben\u00edtez, Jos\u00e9 Alfonso Montalvo Mart\u00ednez y Sergio Javier Molina Mart\u00ednez.<\/p>\n<p>Fuente: La Jornada.<\/p>\n","protected":false},"excerpt":{"rendered":"<p>Las acciones emprendidas por las organizaciones que agrupan a los trabajadores del Poder Judicial, as\u00ed&#8230;<\/p>\n","protected":false},"author":1,"featured_media":7963,"comment_status":"open","ping_status":"closed","sticky":false,"template":"","format":"standard","meta":{"footnotes":""},"categories":[312],"tags":[2725,2578,1710],"class_list":["post-7962","post","type-post","status-publish","format-standard","has-post-thumbnail","hentry","category-justicia","tag-paro-pjf","tag-pjf","tag-scjn"],"yoast_head":"<!-- This site is optimized with the Yoast SEO plugin v27.5 - https:\/\/yoast.com\/product\/yoast-seo-wordpress\/ -->\n<title>Trabajadores del PJF extienden paro de labores hasta el 2 de octubre - NOTICIAS DE LA 4T<\/title>\n<meta name=\"robots\" content=\"noindex, follow, max-snippet:-1, max-image-preview:large, max-video-preview:-1\" \/>\n<meta property=\"og:locale\" content=\"es_MX\" \/>\n<meta property=\"og:type\" content=\"article\" \/>\n<meta property=\"og:title\" content=\"Trabajadores del PJF extienden paro de labores hasta el 2 de octubre - NOTICIAS DE LA 4T\" \/>\n<meta property=\"og:description\" content=\"Las acciones emprendidas por las organizaciones que agrupan a los trabajadores del Poder Judicial, as\u00ed...\" \/>\n<meta property=\"og:url\" content=\"https:\/\/redamlo.com\/index.php\/2024\/09\/20\/trabajadores-del-pjf-extienden-paro-de-labores-hasta-el-2-de-octubre\/\" \/>\n<meta property=\"og:site_name\" content=\"NOTICIAS DE LA 4T\" \/>\n<meta property=\"article:published_time\" content=\"2024-09-20T23:51:53+00:00\" \/>\n<meta property=\"og:image\" content=\"https:\/\/redamlo.com\/wp-content\/uploads\/2024\/09\/miting-pjf.jpg\" \/>\n\t<meta property=\"og:image:width\" content=\"583\" \/>\n\t<meta property=\"og:image:height\" content=\"437\" \/>\n\t<meta property=\"og:image:type\" content=\"image\/jpeg\" \/>\n<meta name=\"author\" content=\"admin\" \/>\n<meta name=\"twitter:card\" content=\"summary_large_image\" \/>\n<meta name=\"twitter:label1\" content=\"Escrito por\" \/>\n\t<meta name=\"twitter:data1\" content=\"admin\" \/>\n\t<meta name=\"twitter:label2\" content=\"Tiempo de lectura\" \/>\n\t<meta name=\"twitter:data2\" content=\"2 minutos\" \/>\n<script type=\"application\/ld+json\" class=\"yoast-schema-graph\">{\"@context\":\"https:\\\/\\\/schema.org\",\"@graph\":[{\"@type\":\"Article\",\"@id\":\"https:\\\/\\\/redamlo.com\\\/index.php\\\/2024\\\/09\\\/20\\\/trabajadores-del-pjf-extienden-paro-de-labores-hasta-el-2-de-octubre\\\/#article\",\"isPartOf\":{\"@id\":\"https:\\\/\\\/redamlo.com\\\/index.php\\\/2024\\\/09\\\/20\\\/trabajadores-del-pjf-extienden-paro-de-labores-hasta-el-2-de-octubre\\\/\"},\"author\":{\"name\":\"admin\",\"@id\":\"https:\\\/\\\/redamlo.com\\\/#\\\/schema\\\/person\\\/197a0a670d21b1f4f1483ddda1b64613\"},\"headline\":\"Trabajadores del PJF extienden paro de labores hasta el 2 de octubre\",\"datePublished\":\"2024-09-20T23:51:53+00:00\",\"mainEntityOfPage\":{\"@id\":\"https:\\\/\\\/redamlo.com\\\/index.php\\\/2024\\\/09\\\/20\\\/trabajadores-del-pjf-extienden-paro-de-labores-hasta-el-2-de-octubre\\\/\"},\"wordCount\":386,\"commentCount\":0,\"publisher\":{\"@id\":\"https:\\\/\\\/redamlo.com\\\/#organization\"},\"image\":{\"@id\":\"https:\\\/\\\/redamlo.com\\\/index.php\\\/2024\\\/09\\\/20\\\/trabajadores-del-pjf-extienden-paro-de-labores-hasta-el-2-de-octubre\\\/#primaryimage\"},\"thumbnailUrl\":\"https:\\\/\\\/redamlo.com\\\/wp-content\\\/uploads\\\/2024\\\/09\\\/miting-pjf.jpg\",\"keywords\":[\"paro pjf\",\"pjf\",\"SCJN\"],\"articleSection\":[\"Justicia\"],\"inLanguage\":\"es\",\"potentialAction\":[{\"@type\":\"CommentAction\",\"name\":\"Comment\",\"target\":[\"https:\\\/\\\/redamlo.com\\\/index.php\\\/2024\\\/09\\\/20\\\/trabajadores-del-pjf-extienden-paro-de-labores-hasta-el-2-de-octubre\\\/#respond\"]}]},{\"@type\":\"WebPage\",\"@id\":\"https:\\\/\\\/redamlo.com\\\/index.php\\\/2024\\\/09\\\/20\\\/trabajadores-del-pjf-extienden-paro-de-labores-hasta-el-2-de-octubre\\\/\",\"url\":\"https:\\\/\\\/redamlo.com\\\/index.php\\\/2024\\\/09\\\/20\\\/trabajadores-del-pjf-extienden-paro-de-labores-hasta-el-2-de-octubre\\\/\",\"name\":\"Trabajadores del PJF extienden paro de labores hasta el 2 de octubre - NOTICIAS DE LA 4T\",\"isPartOf\":{\"@id\":\"https:\\\/\\\/redamlo.com\\\/#website\"},\"primaryImageOfPage\":{\"@id\":\"https:\\\/\\\/redamlo.com\\\/index.php\\\/2024\\\/09\\\/20\\\/trabajadores-del-pjf-extienden-paro-de-labores-hasta-el-2-de-octubre\\\/#primaryimage\"},\"image\":{\"@id\":\"https:\\\/\\\/redamlo.com\\\/index.php\\\/2024\\\/09\\\/20\\\/trabajadores-del-pjf-extienden-paro-de-labores-hasta-el-2-de-octubre\\\/#primaryimage\"},\"thumbnailUrl\":\"https:\\\/\\\/redamlo.com\\\/wp-content\\\/uploads\\\/2024\\\/09\\\/miting-pjf.jpg\",\"datePublished\":\"2024-09-20T23:51:53+00:00\",\"breadcrumb\":{\"@id\":\"https:\\\/\\\/redamlo.com\\\/index.php\\\/2024\\\/09\\\/20\\\/trabajadores-del-pjf-extienden-paro-de-labores-hasta-el-2-de-octubre\\\/#breadcrumb\"},\"inLanguage\":\"es\",\"potentialAction\":[{\"@type\":\"ReadAction\",\"target\":[\"https:\\\/\\\/redamlo.com\\\/index.php\\\/2024\\\/09\\\/20\\\/trabajadores-del-pjf-extienden-paro-de-labores-hasta-el-2-de-octubre\\\/\"]}]},{\"@type\":\"ImageObject\",\"inLanguage\":\"es\",\"@id\":\"https:\\\/\\\/redamlo.com\\\/index.php\\\/2024\\\/09\\\/20\\\/trabajadores-del-pjf-extienden-paro-de-labores-hasta-el-2-de-octubre\\\/#primaryimage\",\"url\":\"https:\\\/\\\/redamlo.com\\\/wp-content\\\/uploads\\\/2024\\\/09\\\/miting-pjf.jpg\",\"contentUrl\":\"https:\\\/\\\/redamlo.com\\\/wp-content\\\/uploads\\\/2024\\\/09\\\/miting-pjf.jpg\",\"width\":583,\"height\":437},{\"@type\":\"BreadcrumbList\",\"@id\":\"https:\\\/\\\/redamlo.com\\\/index.php\\\/2024\\\/09\\\/20\\\/trabajadores-del-pjf-extienden-paro-de-labores-hasta-el-2-de-octubre\\\/#breadcrumb\",\"itemListElement\":[{\"@type\":\"ListItem\",\"position\":1,\"name\":\"Inicio\",\"item\":\"https:\\\/\\\/redamlo.com\\\/\"},{\"@type\":\"ListItem\",\"position\":2,\"name\":\"Trabajadores del PJF extienden paro de labores hasta el 2 de octubre\"}]},{\"@type\":\"WebSite\",\"@id\":\"https:\\\/\\\/redamlo.com\\\/#website\",\"url\":\"https:\\\/\\\/redamlo.com\\\/\",\"name\":\"NOTICIAS DE LA 4T\",\"description\":\"\",\"publisher\":{\"@id\":\"https:\\\/\\\/redamlo.com\\\/#organization\"},\"potentialAction\":[{\"@type\":\"SearchAction\",\"target\":{\"@type\":\"EntryPoint\",\"urlTemplate\":\"https:\\\/\\\/redamlo.com\\\/?s={search_term_string}\"},\"query-input\":{\"@type\":\"PropertyValueSpecification\",\"valueRequired\":true,\"valueName\":\"search_term_string\"}}],\"inLanguage\":\"es\"},{\"@type\":\"Organization\",\"@id\":\"https:\\\/\\\/redamlo.com\\\/#organization\",\"name\":\"NOTICIAS DE LA 4T\",\"url\":\"https:\\\/\\\/redamlo.com\\\/\",\"logo\":{\"@type\":\"ImageObject\",\"inLanguage\":\"es\",\"@id\":\"https:\\\/\\\/redamlo.com\\\/#\\\/schema\\\/logo\\\/image\\\/\",\"url\":\"https:\\\/\\\/redamlo.com\\\/wp-content\\\/uploads\\\/2024\\\/08\\\/cropped-RED-AMLO-logo-50.png\",\"contentUrl\":\"https:\\\/\\\/redamlo.com\\\/wp-content\\\/uploads\\\/2024\\\/08\\\/cropped-RED-AMLO-logo-50.png\",\"width\":256,\"height\":256,\"caption\":\"NOTICIAS DE LA 4T\"},\"image\":{\"@id\":\"https:\\\/\\\/redamlo.com\\\/#\\\/schema\\\/logo\\\/image\\\/\"}},{\"@type\":\"Person\",\"@id\":\"https:\\\/\\\/redamlo.com\\\/#\\\/schema\\\/person\\\/197a0a670d21b1f4f1483ddda1b64613\",\"name\":\"admin\",\"image\":{\"@type\":\"ImageObject\",\"inLanguage\":\"es\",\"@id\":\"https:\\\/\\\/secure.gravatar.com\\\/avatar\\\/293dccd927043f2e641da6685c2f84009782eb9ee0054daceada4e261ded849a?s=96&d=mm&r=g\",\"url\":\"https:\\\/\\\/secure.gravatar.com\\\/avatar\\\/293dccd927043f2e641da6685c2f84009782eb9ee0054daceada4e261ded849a?s=96&d=mm&r=g\",\"contentUrl\":\"https:\\\/\\\/secure.gravatar.com\\\/avatar\\\/293dccd927043f2e641da6685c2f84009782eb9ee0054daceada4e261ded849a?s=96&d=mm&r=g\",\"caption\":\"admin\"},\"sameAs\":[\"https:\\\/\\\/redamlo.com\"],\"url\":\"https:\\\/\\\/redamlo.com\\\/index.php\\\/author\\\/stell\\\/\"}]}<\/script>\n<!-- \/ Yoast SEO plugin. -->","yoast_head_json":{"title":"Trabajadores del PJF extienden paro de labores hasta el 2 de octubre - NOTICIAS DE LA 4T","robots":{"index":"noindex","follow":"follow","max-snippet":"max-snippet:-1","max-image-preview":"max-image-preview:large","max-video-preview":"max-video-preview:-1"},"og_locale":"es_MX","og_type":"article","og_title":"Trabajadores del PJF extienden paro de labores hasta el 2 de octubre - NOTICIAS DE LA 4T","og_description":"Las acciones emprendidas por las organizaciones que agrupan a los trabajadores del Poder Judicial, as\u00ed...","og_url":"https:\/\/redamlo.com\/index.php\/2024\/09\/20\/trabajadores-del-pjf-extienden-paro-de-labores-hasta-el-2-de-octubre\/","og_site_name":"NOTICIAS DE LA 4T","article_published_time":"2024-09-20T23:51:53+00:00","og_image":[{"width":583,"height":437,"url":"https:\/\/redamlo.com\/wp-content\/uploads\/2024\/09\/miting-pjf.jpg","type":"image\/jpeg"}],"author":"admin","twitter_card":"summary_large_image","twitter_misc":{"Escrito por":"admin","Tiempo de lectura":"2 minutos"},"schema":{"@context":"https:\/\/schema.org","@graph":[{"@type":"Article","@id":"https:\/\/redamlo.com\/index.php\/2024\/09\/20\/trabajadores-del-pjf-extienden-paro-de-labores-hasta-el-2-de-octubre\/#article","isPartOf":{"@id":"https:\/\/redamlo.com\/index.php\/2024\/09\/20\/trabajadores-del-pjf-extienden-paro-de-labores-hasta-el-2-de-octubre\/"},"author":{"name":"admin","@id":"https:\/\/redamlo.com\/#\/schema\/person\/197a0a670d21b1f4f1483ddda1b64613"},"headline":"Trabajadores del PJF extienden paro de labores hasta el 2 de octubre","datePublished":"2024-09-20T23:51:53+00:00","mainEntityOfPage":{"@id":"https:\/\/redamlo.com\/index.php\/2024\/09\/20\/trabajadores-del-pjf-extienden-paro-de-labores-hasta-el-2-de-octubre\/"},"wordCount":386,"commentCount":0,"publisher":{"@id":"https:\/\/redamlo.com\/#organization"},"image":{"@id":"https:\/\/redamlo.com\/index.php\/2024\/09\/20\/trabajadores-del-pjf-extienden-paro-de-labores-hasta-el-2-de-octubre\/#primaryimage"},"thumbnailUrl":"https:\/\/redamlo.com\/wp-content\/uploads\/2024\/09\/miting-pjf.jpg","keywords":["paro pjf","pjf","SCJN"],"articleSection":["Justicia"],"inLanguage":"es","potentialAction":[{"@type":"CommentAction","name":"Comment","target":["https:\/\/redamlo.com\/index.php\/2024\/09\/20\/trabajadores-del-pjf-extienden-paro-de-labores-hasta-el-2-de-octubre\/#respond"]}]},{"@type":"WebPage","@id":"https:\/\/redamlo.com\/index.php\/2024\/09\/20\/trabajadores-del-pjf-extienden-paro-de-labores-hasta-el-2-de-octubre\/","url":"https:\/\/redamlo.com\/index.php\/2024\/09\/20\/trabajadores-del-pjf-extienden-paro-de-labores-hasta-el-2-de-octubre\/","name":"Trabajadores del PJF extienden paro de labores hasta el 2 de octubre - NOTICIAS DE LA 4T","isPartOf":{"@id":"https:\/\/redamlo.com\/#website"},"primaryImageOfPage":{"@id":"https:\/\/redamlo.com\/index.php\/2024\/09\/20\/trabajadores-del-pjf-extienden-paro-de-labores-hasta-el-2-de-octubre\/#primaryimage"},"image":{"@id":"https:\/\/redamlo.com\/index.php\/2024\/09\/20\/trabajadores-del-pjf-extienden-paro-de-labores-hasta-el-2-de-octubre\/#primaryimage"},"thumbnailUrl":"https:\/\/redamlo.com\/wp-content\/uploads\/2024\/09\/miting-pjf.jpg","datePublished":"2024-09-20T23:51:53+00:00","breadcrumb":{"@id":"https:\/\/redamlo.com\/index.php\/2024\/09\/20\/trabajadores-del-pjf-extienden-paro-de-labores-hasta-el-2-de-octubre\/#breadcrumb"},"inLanguage":"es","potentialAction":[{"@type":"ReadAction","target":["https:\/\/redamlo.com\/index.php\/2024\/09\/20\/trabajadores-del-pjf-extienden-paro-de-labores-hasta-el-2-de-octubre\/"]}]},{"@type":"ImageObject","inLanguage":"es","@id":"https:\/\/redamlo.com\/index.php\/2024\/09\/20\/trabajadores-del-pjf-extienden-paro-de-labores-hasta-el-2-de-octubre\/#primaryimage","url":"https:\/\/redamlo.com\/wp-content\/uploads\/2024\/09\/miting-pjf.jpg","contentUrl":"https:\/\/redamlo.com\/wp-content\/uploads\/2024\/09\/miting-pjf.jpg","width":583,"height":437},{"@type":"BreadcrumbList","@id":"https:\/\/redamlo.com\/index.php\/2024\/09\/20\/trabajadores-del-pjf-extienden-paro-de-labores-hasta-el-2-de-octubre\/#breadcrumb","itemListElement":[{"@type":"ListItem","position":1,"name":"Inicio","item":"https:\/\/redamlo.com\/"},{"@type":"ListItem","position":2,"name":"Trabajadores del PJF extienden paro de labores hasta el 2 de octubre"}]},{"@type":"WebSite","@id":"https:\/\/redamlo.com\/#website","url":"https:\/\/redamlo.com\/","name":"NOTICIAS DE LA 4T","description":"","publisher":{"@id":"https:\/\/redamlo.com\/#organization"},"potentialAction":[{"@type":"SearchAction","target":{"@type":"EntryPoint","urlTemplate":"https:\/\/redamlo.com\/?s={search_term_string}"},"query-input":{"@type":"PropertyValueSpecification","valueRequired":true,"valueName":"search_term_string"}}],"inLanguage":"es"},{"@type":"Organization","@id":"https:\/\/redamlo.com\/#organization","name":"NOTICIAS DE LA 4T","url":"https:\/\/redamlo.com\/","logo":{"@type":"ImageObject","inLanguage":"es","@id":"https:\/\/redamlo.com\/#\/schema\/logo\/image\/","url":"https:\/\/redamlo.com\/wp-content\/uploads\/2024\/08\/cropped-RED-AMLO-logo-50.png","contentUrl":"https:\/\/redamlo.com\/wp-content\/uploads\/2024\/08\/cropped-RED-AMLO-logo-50.png","width":256,"height":256,"caption":"NOTICIAS DE LA 4T"},"image":{"@id":"https:\/\/redamlo.com\/#\/schema\/logo\/image\/"}},{"@type":"Person","@id":"https:\/\/redamlo.com\/#\/schema\/person\/197a0a670d21b1f4f1483ddda1b64613","name":"admin","image":{"@type":"ImageObject","inLanguage":"es","@id":"https:\/\/secure.gravatar.com\/avatar\/293dccd927043f2e641da6685c2f84009782eb9ee0054daceada4e261ded849a?s=96&d=mm&r=g","url":"https:\/\/secure.gravatar.com\/avatar\/293dccd927043f2e641da6685c2f84009782eb9ee0054daceada4e261ded849a?s=96&d=mm&r=g","contentUrl":"https:\/\/secure.gravatar.com\/avatar\/293dccd927043f2e641da6685c2f84009782eb9ee0054daceada4e261ded849a?s=96&d=mm&r=g","caption":"admin"},"sameAs":["https:\/\/redamlo.com"],"url":"https:\/\/redamlo.com\/index.php\/author\/stell\/"}]}},"_links":{"self":[{"href":"https:\/\/redamlo.com\/index.php\/wp-json\/wp\/v2\/posts\/7962","targetHints":{"allow":["GET"]}}],"collection":[{"href":"https:\/\/redamlo.com\/index.php\/wp-json\/wp\/v2\/posts"}],"about":[{"href":"https:\/\/redamlo.com\/index.php\/wp-json\/wp\/v2\/types\/post"}],"author":[{"embeddable":true,"href":"https:\/\/redamlo.com\/index.php\/wp-json\/wp\/v2\/users\/1"}],"replies":[{"embeddable":true,"href":"https:\/\/redamlo.com\/index.php\/wp-json\/wp\/v2\/comments?post=7962"}],"version-history":[{"count":0,"href":"https:\/\/redamlo.com\/index.php\/wp-json\/wp\/v2\/posts\/7962\/revisions"}],"wp:featuredmedia":[{"embeddable":true,"href":"https:\/\/redamlo.com\/index.php\/wp-json\/wp\/v2\/media\/7963"}],"wp:attachment":[{"href":"https:\/\/redamlo.com\/index.php\/wp-json\/wp\/v2\/media?parent=7962"}],"wp:term":[{"taxonomy":"category","embeddable":true,"href":"https:\/\/redamlo.com\/index.php\/wp-json\/wp\/v2\/categories?post=7962"},{"taxonomy":"post_tag","embeddable":true,"href":"https:\/\/redamlo.com\/index.php\/wp-json\/wp\/v2\/tags?post=7962"}],"curies":[{"name":"wp","href":"https:\/\/api.w.org\/{rel}","templated":true}]}}