{"id":7954,"date":"2024-09-19T16:28:12","date_gmt":"2024-09-19T22:28:12","guid":{"rendered":"https:\/\/redamlo.com\/?p=7954"},"modified":"2024-09-19T16:28:12","modified_gmt":"2024-09-19T22:28:12","slug":"celia-maya-garcia-destaca-la-interseccion-entre-derecho-y-tecnologia-en-el-poder-judicial","status":"publish","type":"post","link":"https:\/\/redamlo.com\/index.php\/2024\/09\/19\/celia-maya-garcia-destaca-la-interseccion-entre-derecho-y-tecnologia-en-el-poder-judicial\/","title":{"rendered":"Celia Maya Garc\u00eda Destaca la Intersecci\u00f3n entre Derecho y Tecnolog\u00eda en el Poder Judicial"},"content":{"rendered":"<p>Durante el tercer seminario Derecho Administrativo en la Cuarta<br \/>\nRevoluci\u00f3n Industrial, organizado por el Instituto de Investigaciones<br \/>\nJur\u00eddicas de la UNAM, la consejera del Consejo de la Judicatura Federal<br \/>\n(CJF), Celia Maya Garc\u00eda, realiz\u00f3 un an\u00e1lisis profundo sobre la<br \/>\nintersecci\u00f3n entre el derecho y la tecnolog\u00eda, un tema que consider\u00f3<br \/>\nfundamental para el futuro de la justicia en M\u00e9xico.<br \/>\nDurante su intervenci\u00f3n, Maya Garc\u00eda afirm\u00f3: \u201cEstamos viviendo una<br \/>\nera en la que la tecnolog\u00eda permea pr\u00e1cticamente todos los aspectos de<br \/>\nnuestra vida diaria\u201d. En este contexto, destac\u00f3 que el Poder Judicial de<br \/>\nla Federaci\u00f3n no puede quedarse atr\u00e1s en la adopci\u00f3n de herramientas<br \/>\ndigitales. \u201cLa adaptaci\u00f3n a estas nuevas tecnolog\u00edas no es una opci\u00f3n,<br \/>\nsino una necesidad para cumplir con el mandato de justicia en una<br \/>\nsociedad que est\u00e1 cada vez m\u00e1s conectada\u201d, subray\u00f3.<\/p>\n<p><img loading=\"lazy\" decoding=\"async\" class=\"aligncenter wp-image-7956 size-large\" src=\"https:\/\/redamlo.com\/wp-content\/uploads\/2024\/09\/celia-maya-3-1024x768.jpg\" alt=\"\" width=\"640\" height=\"480\" srcset=\"https:\/\/redamlo.com\/wp-content\/uploads\/2024\/09\/celia-maya-3-1024x768.jpg 1024w, https:\/\/redamlo.com\/wp-content\/uploads\/2024\/09\/celia-maya-3-300x225.jpg 300w, https:\/\/redamlo.com\/wp-content\/uploads\/2024\/09\/celia-maya-3-768x576.jpg 768w, https:\/\/redamlo.com\/wp-content\/uploads\/2024\/09\/celia-maya-3-1536x1152.jpg 1536w, https:\/\/redamlo.com\/wp-content\/uploads\/2024\/09\/celia-maya-3.jpg 1600w\" sizes=\"auto, (max-width: 640px) 100vw, 640px\" \/><br \/>\nLa consejera hizo un balance de los avances logrados en el sistema<br \/>\njudicial, resaltando la implementaci\u00f3n del expediente electr\u00f3nico como<br \/>\nuno de los hitos m\u00e1s significativos. \u201cEste sistema ha revolucionado la<br \/>\nmanera en que gestionamos los casos judiciales. No es solo un<br \/>\nreemplazo del papel por documentos digitales, sino una transformaci\u00f3n<br \/>\ncompleta de c\u00f3mo se estructura y se accede a la informaci\u00f3n judicial\u201d,<br \/>\nexplic\u00f3. Maya Garc\u00eda tambi\u00e9n mencion\u00f3 que la digitalizaci\u00f3n ha<br \/>\npermitido un acceso r\u00e1pido y seguro a la documentaci\u00f3n, mejorando la<br \/>\neficiencia y facilitando la transparencia en el sistema.<br \/>\nAdem\u00e1s, la consejera destac\u00f3 la importancia de las audiencias virtuales,<br \/>\nimpulsadas en gran parte por la pandemia de COVID-19. \u201cLo que<br \/>\ncomenz\u00f3 como una medida temporal se ha convertido en una pr\u00e1ctica<br \/>\nest\u00e1ndar en muchos casos\u201d, afirm\u00f3, resaltando c\u00f3mo estas audiencias<br \/>\nhan permitido flexibilidad y reducci\u00f3n de costos para los justiciables,<br \/>\nespecialmente en situaciones donde las partes residen en diferentes<br \/>\nestados.<br \/>\nSin embargo, Maya Garc\u00eda no ignor\u00f3 los desaf\u00edos que enfrenta el Poder<br \/>\nJudicial en la adopci\u00f3n de nuevas tecnolog\u00edas. Advirti\u00f3, mencionando<br \/>\nque en M\u00e9xico existen marcadas diferencias socioecon\u00f3micas y<br \/>\ngeogr\u00e1ficas que limitan el acceso a internet y dispositivos digitales en<br \/>\nalgunas regiones.<br \/>\n\u201cEs fundamental que trabajemos para cerrar esta brecha, ofreciendo<br \/>\nprogramas de capacitaci\u00f3n que permitan a todos los ciudadanos<br \/>\nbeneficiarse de las herramientas digitales disponibles\u201d, a\u00f1adi\u00f3.<br \/>\nLa resistencia al cambio tambi\u00e9n fue un punto de preocupaci\u00f3n para la<br \/>\nconsejera, quien enfatiz\u00f3 la necesidad de crear un entorno de<br \/>\ncapacitaci\u00f3n continua donde los operadores de justicia se sientan<br \/>\nseguros en su transici\u00f3n hacia lo digital.<br \/>\nOtro aspecto crucial que abord\u00f3 fue la seguridad de la informaci\u00f3n. \u201cA<br \/>\nmedida que m\u00e1s procesos judiciales se digitalizan, la cantidad de datos<br \/>\nsensibles que manejamos aumenta exponencialmente\u201d, advirti\u00f3. Maya<br \/>\nGarc\u00eda hizo hincapi\u00e9 en la necesidad de establecer altos est\u00e1ndares de<br \/>\nciberseguridad para proteger la informaci\u00f3n personal y los registros<br \/>\nlegales, asegurando la confianza del p\u00fablico en el sistema judicial.<br \/>\nLa consejera plante\u00f3 una reflexi\u00f3n sobre el futuro del sistema judicial.<br \/>\n\u201c\u00bfHacia d\u00f3nde debemos dirigirnos? \u00bfQu\u00e9 tipo de sistema de justicia<br \/>\nqueremos construir utilizando estas nuevas herramientas<br \/>\ntecnol\u00f3gicas?\u201d, pregunt\u00f3. Su visi\u00f3n incluye un sistema de justicia<br \/>\nplenamente digitalizado y accesible, donde cualquier ciudadano pueda<br \/>\niniciar un proceso judicial desde un tel\u00e9fono m\u00f3vil. \u201cEsto debe ser tan<br \/>\nsencillo y natural como utilizar una aplicaci\u00f3n bancaria\u201d, enfatiz\u00f3.<\/p>\n<p><img loading=\"lazy\" decoding=\"async\" class=\"aligncenter wp-image-7957 size-large\" src=\"https:\/\/redamlo.com\/wp-content\/uploads\/2024\/09\/celia-maya-2-1024x768.jpg\" alt=\"\" width=\"640\" height=\"480\" srcset=\"https:\/\/redamlo.com\/wp-content\/uploads\/2024\/09\/celia-maya-2-1024x768.jpg 1024w, https:\/\/redamlo.com\/wp-content\/uploads\/2024\/09\/celia-maya-2-300x225.jpg 300w, https:\/\/redamlo.com\/wp-content\/uploads\/2024\/09\/celia-maya-2-768x576.jpg 768w, https:\/\/redamlo.com\/wp-content\/uploads\/2024\/09\/celia-maya-2-1536x1152.jpg 1536w, https:\/\/redamlo.com\/wp-content\/uploads\/2024\/09\/celia-maya-2.jpg 1600w\" sizes=\"auto, (max-width: 640px) 100vw, 640px\" \/><br \/>\nAsimismo, Maya Garc\u00eda propuso fortalecer la ciberseguridad y la<br \/>\nprivacidad de los datos como pilares fundamentales del futuro judicial.<br \/>\nLa consejera tambi\u00e9n abord\u00f3 la integraci\u00f3n de la inteligencia artificial<br \/>\n(IA) en el sistema judicial. \u201cLa IA puede ayudarnos a analizar grandes<br \/>\nvol\u00famenes de informaci\u00f3n y optimizar la toma de decisiones. Sin<br \/>\nembargo, debemos ser cautelosos en su implementaci\u00f3n\u201d, alert\u00f3,<br \/>\nasegurando que estas tecnolog\u00edas deben complementar, y no<br \/>\nreemplazar, el juicio humano.<br \/>\nMaya Garc\u00eda concluy\u00f3 su intervenci\u00f3n con un llamado a los futuros<br \/>\nabogados y operadores del derecho: \u201cTienen una responsabilidad<br \/>\nenorme. Les animo a que se preparen, que estudien estas nuevas<br \/>\ntecnolog\u00edas y que reflexionen sobre c\u00f3mo pueden aplicarse de manera<br \/>\njusta y equitativa en el sistema judicial\u201d. Enfatiz\u00f3 que su visi\u00f3n y<br \/>\ncompromiso son esenciales para construir un sistema de justicia<br \/>\naccesible, eficiente y transparente para todos los mexicanos.<br \/>\nCelia Maya Garc\u00eda es una de las consejeras con mayor actividad en el<br \/>\ncontexto actual, con una participaci\u00f3n activa en los foros de discusi\u00f3n<br \/>\nde la reforma judicial a lo largo del pa\u00eds, as\u00ed como una voz autorizada<br \/>\nque emiti\u00f3 su apoyo a esta reforma constitucional, que es considerada<br \/>\ncomo las m\u00e1s importante de los \u00faltimos a\u00f1os.<\/p>\n","protected":false},"excerpt":{"rendered":"<p>Durante el tercer seminario Derecho Administrativo en la Cuarta Revoluci\u00f3n Industrial, organizado por el Instituto&#8230;<\/p>\n","protected":false},"author":1,"featured_media":7955,"comment_status":"open","ping_status":"closed","sticky":false,"template":"","format":"standard","meta":{"footnotes":""},"categories":[312],"tags":[2644,2645,248,258],"class_list":["post-7954","post","type-post","status-publish","format-standard","has-post-thumbnail","hentry","category-justicia","tag-celia-maya","tag-cjf","tag-justicia","tag-unam"],"yoast_head":"<!-- This site is optimized with the Yoast SEO plugin v27.5 - https:\/\/yoast.com\/product\/yoast-seo-wordpress\/ -->\n<title>Celia Maya Garc\u00eda Destaca la Intersecci\u00f3n entre Derecho y Tecnolog\u00eda en el Poder Judicial - NOTICIAS DE LA 4T<\/title>\n<meta name=\"robots\" content=\"noindex, follow, max-snippet:-1, max-image-preview:large, max-video-preview:-1\" \/>\n<meta property=\"og:locale\" content=\"es_MX\" \/>\n<meta property=\"og:type\" content=\"article\" \/>\n<meta property=\"og:title\" content=\"Celia Maya Garc\u00eda Destaca la Intersecci\u00f3n entre Derecho y Tecnolog\u00eda en el Poder Judicial - NOTICIAS DE LA 4T\" \/>\n<meta property=\"og:description\" content=\"Durante el tercer seminario Derecho Administrativo en la Cuarta Revoluci\u00f3n Industrial, organizado por el Instituto...\" \/>\n<meta property=\"og:url\" content=\"https:\/\/redamlo.com\/index.php\/2024\/09\/19\/celia-maya-garcia-destaca-la-interseccion-entre-derecho-y-tecnologia-en-el-poder-judicial\/\" \/>\n<meta property=\"og:site_name\" content=\"NOTICIAS DE LA 4T\" \/>\n<meta property=\"article:published_time\" content=\"2024-09-19T22:28:12+00:00\" \/>\n<meta property=\"og:image\" content=\"https:\/\/redamlo.com\/wp-content\/uploads\/2024\/09\/celia-maya-4.jpg\" \/>\n\t<meta property=\"og:image:width\" content=\"1600\" \/>\n\t<meta property=\"og:image:height\" content=\"1200\" \/>\n\t<meta property=\"og:image:type\" content=\"image\/jpeg\" \/>\n<meta name=\"author\" content=\"admin\" \/>\n<meta name=\"twitter:card\" content=\"summary_large_image\" \/>\n<meta name=\"twitter:label1\" content=\"Escrito por\" \/>\n\t<meta name=\"twitter:data1\" content=\"admin\" \/>\n\t<meta name=\"twitter:label2\" content=\"Tiempo de lectura\" \/>\n\t<meta name=\"twitter:data2\" content=\"4 minutos\" \/>\n<script type=\"application\/ld+json\" class=\"yoast-schema-graph\">{\"@context\":\"https:\\\/\\\/schema.org\",\"@graph\":[{\"@type\":\"Article\",\"@id\":\"https:\\\/\\\/redamlo.com\\\/index.php\\\/2024\\\/09\\\/19\\\/celia-maya-garcia-destaca-la-interseccion-entre-derecho-y-tecnologia-en-el-poder-judicial\\\/#article\",\"isPartOf\":{\"@id\":\"https:\\\/\\\/redamlo.com\\\/index.php\\\/2024\\\/09\\\/19\\\/celia-maya-garcia-destaca-la-interseccion-entre-derecho-y-tecnologia-en-el-poder-judicial\\\/\"},\"author\":{\"name\":\"admin\",\"@id\":\"https:\\\/\\\/redamlo.com\\\/#\\\/schema\\\/person\\\/197a0a670d21b1f4f1483ddda1b64613\"},\"headline\":\"Celia Maya Garc\u00eda Destaca la Intersecci\u00f3n entre Derecho y Tecnolog\u00eda en el Poder Judicial\",\"datePublished\":\"2024-09-19T22:28:12+00:00\",\"mainEntityOfPage\":{\"@id\":\"https:\\\/\\\/redamlo.com\\\/index.php\\\/2024\\\/09\\\/19\\\/celia-maya-garcia-destaca-la-interseccion-entre-derecho-y-tecnologia-en-el-poder-judicial\\\/\"},\"wordCount\":808,\"commentCount\":0,\"publisher\":{\"@id\":\"https:\\\/\\\/redamlo.com\\\/#organization\"},\"image\":{\"@id\":\"https:\\\/\\\/redamlo.com\\\/index.php\\\/2024\\\/09\\\/19\\\/celia-maya-garcia-destaca-la-interseccion-entre-derecho-y-tecnologia-en-el-poder-judicial\\\/#primaryimage\"},\"thumbnailUrl\":\"https:\\\/\\\/redamlo.com\\\/wp-content\\\/uploads\\\/2024\\\/09\\\/celia-maya-4.jpg\",\"keywords\":[\"Celia Maya\",\"cjf\",\"justicia\",\"UNAM\"],\"articleSection\":[\"Justicia\"],\"inLanguage\":\"es\",\"potentialAction\":[{\"@type\":\"CommentAction\",\"name\":\"Comment\",\"target\":[\"https:\\\/\\\/redamlo.com\\\/index.php\\\/2024\\\/09\\\/19\\\/celia-maya-garcia-destaca-la-interseccion-entre-derecho-y-tecnologia-en-el-poder-judicial\\\/#respond\"]}]},{\"@type\":\"WebPage\",\"@id\":\"https:\\\/\\\/redamlo.com\\\/index.php\\\/2024\\\/09\\\/19\\\/celia-maya-garcia-destaca-la-interseccion-entre-derecho-y-tecnologia-en-el-poder-judicial\\\/\",\"url\":\"https:\\\/\\\/redamlo.com\\\/index.php\\\/2024\\\/09\\\/19\\\/celia-maya-garcia-destaca-la-interseccion-entre-derecho-y-tecnologia-en-el-poder-judicial\\\/\",\"name\":\"Celia Maya Garc\u00eda Destaca la Intersecci\u00f3n entre Derecho y Tecnolog\u00eda en el Poder Judicial - NOTICIAS DE LA 4T\",\"isPartOf\":{\"@id\":\"https:\\\/\\\/redamlo.com\\\/#website\"},\"primaryImageOfPage\":{\"@id\":\"https:\\\/\\\/redamlo.com\\\/index.php\\\/2024\\\/09\\\/19\\\/celia-maya-garcia-destaca-la-interseccion-entre-derecho-y-tecnologia-en-el-poder-judicial\\\/#primaryimage\"},\"image\":{\"@id\":\"https:\\\/\\\/redamlo.com\\\/index.php\\\/2024\\\/09\\\/19\\\/celia-maya-garcia-destaca-la-interseccion-entre-derecho-y-tecnologia-en-el-poder-judicial\\\/#primaryimage\"},\"thumbnailUrl\":\"https:\\\/\\\/redamlo.com\\\/wp-content\\\/uploads\\\/2024\\\/09\\\/celia-maya-4.jpg\",\"datePublished\":\"2024-09-19T22:28:12+00:00\",\"breadcrumb\":{\"@id\":\"https:\\\/\\\/redamlo.com\\\/index.php\\\/2024\\\/09\\\/19\\\/celia-maya-garcia-destaca-la-interseccion-entre-derecho-y-tecnologia-en-el-poder-judicial\\\/#breadcrumb\"},\"inLanguage\":\"es\",\"potentialAction\":[{\"@type\":\"ReadAction\",\"target\":[\"https:\\\/\\\/redamlo.com\\\/index.php\\\/2024\\\/09\\\/19\\\/celia-maya-garcia-destaca-la-interseccion-entre-derecho-y-tecnologia-en-el-poder-judicial\\\/\"]}]},{\"@type\":\"ImageObject\",\"inLanguage\":\"es\",\"@id\":\"https:\\\/\\\/redamlo.com\\\/index.php\\\/2024\\\/09\\\/19\\\/celia-maya-garcia-destaca-la-interseccion-entre-derecho-y-tecnologia-en-el-poder-judicial\\\/#primaryimage\",\"url\":\"https:\\\/\\\/redamlo.com\\\/wp-content\\\/uploads\\\/2024\\\/09\\\/celia-maya-4.jpg\",\"contentUrl\":\"https:\\\/\\\/redamlo.com\\\/wp-content\\\/uploads\\\/2024\\\/09\\\/celia-maya-4.jpg\",\"width\":1600,\"height\":1200},{\"@type\":\"BreadcrumbList\",\"@id\":\"https:\\\/\\\/redamlo.com\\\/index.php\\\/2024\\\/09\\\/19\\\/celia-maya-garcia-destaca-la-interseccion-entre-derecho-y-tecnologia-en-el-poder-judicial\\\/#breadcrumb\",\"itemListElement\":[{\"@type\":\"ListItem\",\"position\":1,\"name\":\"Inicio\",\"item\":\"https:\\\/\\\/redamlo.com\\\/\"},{\"@type\":\"ListItem\",\"position\":2,\"name\":\"Celia Maya Garc\u00eda Destaca la Intersecci\u00f3n entre Derecho y Tecnolog\u00eda en el Poder Judicial\"}]},{\"@type\":\"WebSite\",\"@id\":\"https:\\\/\\\/redamlo.com\\\/#website\",\"url\":\"https:\\\/\\\/redamlo.com\\\/\",\"name\":\"NOTICIAS DE LA 4T\",\"description\":\"\",\"publisher\":{\"@id\":\"https:\\\/\\\/redamlo.com\\\/#organization\"},\"potentialAction\":[{\"@type\":\"SearchAction\",\"target\":{\"@type\":\"EntryPoint\",\"urlTemplate\":\"https:\\\/\\\/redamlo.com\\\/?s={search_term_string}\"},\"query-input\":{\"@type\":\"PropertyValueSpecification\",\"valueRequired\":true,\"valueName\":\"search_term_string\"}}],\"inLanguage\":\"es\"},{\"@type\":\"Organization\",\"@id\":\"https:\\\/\\\/redamlo.com\\\/#organization\",\"name\":\"NOTICIAS DE LA 4T\",\"url\":\"https:\\\/\\\/redamlo.com\\\/\",\"logo\":{\"@type\":\"ImageObject\",\"inLanguage\":\"es\",\"@id\":\"https:\\\/\\\/redamlo.com\\\/#\\\/schema\\\/logo\\\/image\\\/\",\"url\":\"https:\\\/\\\/redamlo.com\\\/wp-content\\\/uploads\\\/2024\\\/08\\\/cropped-RED-AMLO-logo-50.png\",\"contentUrl\":\"https:\\\/\\\/redamlo.com\\\/wp-content\\\/uploads\\\/2024\\\/08\\\/cropped-RED-AMLO-logo-50.png\",\"width\":256,\"height\":256,\"caption\":\"NOTICIAS DE LA 4T\"},\"image\":{\"@id\":\"https:\\\/\\\/redamlo.com\\\/#\\\/schema\\\/logo\\\/image\\\/\"}},{\"@type\":\"Person\",\"@id\":\"https:\\\/\\\/redamlo.com\\\/#\\\/schema\\\/person\\\/197a0a670d21b1f4f1483ddda1b64613\",\"name\":\"admin\",\"image\":{\"@type\":\"ImageObject\",\"inLanguage\":\"es\",\"@id\":\"https:\\\/\\\/secure.gravatar.com\\\/avatar\\\/293dccd927043f2e641da6685c2f84009782eb9ee0054daceada4e261ded849a?s=96&d=mm&r=g\",\"url\":\"https:\\\/\\\/secure.gravatar.com\\\/avatar\\\/293dccd927043f2e641da6685c2f84009782eb9ee0054daceada4e261ded849a?s=96&d=mm&r=g\",\"contentUrl\":\"https:\\\/\\\/secure.gravatar.com\\\/avatar\\\/293dccd927043f2e641da6685c2f84009782eb9ee0054daceada4e261ded849a?s=96&d=mm&r=g\",\"caption\":\"admin\"},\"sameAs\":[\"https:\\\/\\\/redamlo.com\"],\"url\":\"https:\\\/\\\/redamlo.com\\\/index.php\\\/author\\\/stell\\\/\"}]}<\/script>\n<!-- \/ Yoast SEO plugin. -->","yoast_head_json":{"title":"Celia Maya Garc\u00eda Destaca la Intersecci\u00f3n entre Derecho y Tecnolog\u00eda en el Poder Judicial - NOTICIAS DE LA 4T","robots":{"index":"noindex","follow":"follow","max-snippet":"max-snippet:-1","max-image-preview":"max-image-preview:large","max-video-preview":"max-video-preview:-1"},"og_locale":"es_MX","og_type":"article","og_title":"Celia Maya Garc\u00eda Destaca la Intersecci\u00f3n entre Derecho y Tecnolog\u00eda en el Poder Judicial - NOTICIAS DE LA 4T","og_description":"Durante el tercer seminario Derecho Administrativo en la Cuarta Revoluci\u00f3n Industrial, organizado por el Instituto...","og_url":"https:\/\/redamlo.com\/index.php\/2024\/09\/19\/celia-maya-garcia-destaca-la-interseccion-entre-derecho-y-tecnologia-en-el-poder-judicial\/","og_site_name":"NOTICIAS DE LA 4T","article_published_time":"2024-09-19T22:28:12+00:00","og_image":[{"width":1600,"height":1200,"url":"https:\/\/redamlo.com\/wp-content\/uploads\/2024\/09\/celia-maya-4.jpg","type":"image\/jpeg"}],"author":"admin","twitter_card":"summary_large_image","twitter_misc":{"Escrito por":"admin","Tiempo de lectura":"4 minutos"},"schema":{"@context":"https:\/\/schema.org","@graph":[{"@type":"Article","@id":"https:\/\/redamlo.com\/index.php\/2024\/09\/19\/celia-maya-garcia-destaca-la-interseccion-entre-derecho-y-tecnologia-en-el-poder-judicial\/#article","isPartOf":{"@id":"https:\/\/redamlo.com\/index.php\/2024\/09\/19\/celia-maya-garcia-destaca-la-interseccion-entre-derecho-y-tecnologia-en-el-poder-judicial\/"},"author":{"name":"admin","@id":"https:\/\/redamlo.com\/#\/schema\/person\/197a0a670d21b1f4f1483ddda1b64613"},"headline":"Celia Maya Garc\u00eda Destaca la Intersecci\u00f3n entre Derecho y Tecnolog\u00eda en el Poder Judicial","datePublished":"2024-09-19T22:28:12+00:00","mainEntityOfPage":{"@id":"https:\/\/redamlo.com\/index.php\/2024\/09\/19\/celia-maya-garcia-destaca-la-interseccion-entre-derecho-y-tecnologia-en-el-poder-judicial\/"},"wordCount":808,"commentCount":0,"publisher":{"@id":"https:\/\/redamlo.com\/#organization"},"image":{"@id":"https:\/\/redamlo.com\/index.php\/2024\/09\/19\/celia-maya-garcia-destaca-la-interseccion-entre-derecho-y-tecnologia-en-el-poder-judicial\/#primaryimage"},"thumbnailUrl":"https:\/\/redamlo.com\/wp-content\/uploads\/2024\/09\/celia-maya-4.jpg","keywords":["Celia Maya","cjf","justicia","UNAM"],"articleSection":["Justicia"],"inLanguage":"es","potentialAction":[{"@type":"CommentAction","name":"Comment","target":["https:\/\/redamlo.com\/index.php\/2024\/09\/19\/celia-maya-garcia-destaca-la-interseccion-entre-derecho-y-tecnologia-en-el-poder-judicial\/#respond"]}]},{"@type":"WebPage","@id":"https:\/\/redamlo.com\/index.php\/2024\/09\/19\/celia-maya-garcia-destaca-la-interseccion-entre-derecho-y-tecnologia-en-el-poder-judicial\/","url":"https:\/\/redamlo.com\/index.php\/2024\/09\/19\/celia-maya-garcia-destaca-la-interseccion-entre-derecho-y-tecnologia-en-el-poder-judicial\/","name":"Celia Maya Garc\u00eda Destaca la Intersecci\u00f3n entre Derecho y Tecnolog\u00eda en el Poder Judicial - NOTICIAS DE LA 4T","isPartOf":{"@id":"https:\/\/redamlo.com\/#website"},"primaryImageOfPage":{"@id":"https:\/\/redamlo.com\/index.php\/2024\/09\/19\/celia-maya-garcia-destaca-la-interseccion-entre-derecho-y-tecnologia-en-el-poder-judicial\/#primaryimage"},"image":{"@id":"https:\/\/redamlo.com\/index.php\/2024\/09\/19\/celia-maya-garcia-destaca-la-interseccion-entre-derecho-y-tecnologia-en-el-poder-judicial\/#primaryimage"},"thumbnailUrl":"https:\/\/redamlo.com\/wp-content\/uploads\/2024\/09\/celia-maya-4.jpg","datePublished":"2024-09-19T22:28:12+00:00","breadcrumb":{"@id":"https:\/\/redamlo.com\/index.php\/2024\/09\/19\/celia-maya-garcia-destaca-la-interseccion-entre-derecho-y-tecnologia-en-el-poder-judicial\/#breadcrumb"},"inLanguage":"es","potentialAction":[{"@type":"ReadAction","target":["https:\/\/redamlo.com\/index.php\/2024\/09\/19\/celia-maya-garcia-destaca-la-interseccion-entre-derecho-y-tecnologia-en-el-poder-judicial\/"]}]},{"@type":"ImageObject","inLanguage":"es","@id":"https:\/\/redamlo.com\/index.php\/2024\/09\/19\/celia-maya-garcia-destaca-la-interseccion-entre-derecho-y-tecnologia-en-el-poder-judicial\/#primaryimage","url":"https:\/\/redamlo.com\/wp-content\/uploads\/2024\/09\/celia-maya-4.jpg","contentUrl":"https:\/\/redamlo.com\/wp-content\/uploads\/2024\/09\/celia-maya-4.jpg","width":1600,"height":1200},{"@type":"BreadcrumbList","@id":"https:\/\/redamlo.com\/index.php\/2024\/09\/19\/celia-maya-garcia-destaca-la-interseccion-entre-derecho-y-tecnologia-en-el-poder-judicial\/#breadcrumb","itemListElement":[{"@type":"ListItem","position":1,"name":"Inicio","item":"https:\/\/redamlo.com\/"},{"@type":"ListItem","position":2,"name":"Celia Maya Garc\u00eda Destaca la Intersecci\u00f3n entre Derecho y Tecnolog\u00eda en el Poder Judicial"}]},{"@type":"WebSite","@id":"https:\/\/redamlo.com\/#website","url":"https:\/\/redamlo.com\/","name":"NOTICIAS DE LA 4T","description":"","publisher":{"@id":"https:\/\/redamlo.com\/#organization"},"potentialAction":[{"@type":"SearchAction","target":{"@type":"EntryPoint","urlTemplate":"https:\/\/redamlo.com\/?s={search_term_string}"},"query-input":{"@type":"PropertyValueSpecification","valueRequired":true,"valueName":"search_term_string"}}],"inLanguage":"es"},{"@type":"Organization","@id":"https:\/\/redamlo.com\/#organization","name":"NOTICIAS DE LA 4T","url":"https:\/\/redamlo.com\/","logo":{"@type":"ImageObject","inLanguage":"es","@id":"https:\/\/redamlo.com\/#\/schema\/logo\/image\/","url":"https:\/\/redamlo.com\/wp-content\/uploads\/2024\/08\/cropped-RED-AMLO-logo-50.png","contentUrl":"https:\/\/redamlo.com\/wp-content\/uploads\/2024\/08\/cropped-RED-AMLO-logo-50.png","width":256,"height":256,"caption":"NOTICIAS DE LA 4T"},"image":{"@id":"https:\/\/redamlo.com\/#\/schema\/logo\/image\/"}},{"@type":"Person","@id":"https:\/\/redamlo.com\/#\/schema\/person\/197a0a670d21b1f4f1483ddda1b64613","name":"admin","image":{"@type":"ImageObject","inLanguage":"es","@id":"https:\/\/secure.gravatar.com\/avatar\/293dccd927043f2e641da6685c2f84009782eb9ee0054daceada4e261ded849a?s=96&d=mm&r=g","url":"https:\/\/secure.gravatar.com\/avatar\/293dccd927043f2e641da6685c2f84009782eb9ee0054daceada4e261ded849a?s=96&d=mm&r=g","contentUrl":"https:\/\/secure.gravatar.com\/avatar\/293dccd927043f2e641da6685c2f84009782eb9ee0054daceada4e261ded849a?s=96&d=mm&r=g","caption":"admin"},"sameAs":["https:\/\/redamlo.com"],"url":"https:\/\/redamlo.com\/index.php\/author\/stell\/"}]}},"_links":{"self":[{"href":"https:\/\/redamlo.com\/index.php\/wp-json\/wp\/v2\/posts\/7954","targetHints":{"allow":["GET"]}}],"collection":[{"href":"https:\/\/redamlo.com\/index.php\/wp-json\/wp\/v2\/posts"}],"about":[{"href":"https:\/\/redamlo.com\/index.php\/wp-json\/wp\/v2\/types\/post"}],"author":[{"embeddable":true,"href":"https:\/\/redamlo.com\/index.php\/wp-json\/wp\/v2\/users\/1"}],"replies":[{"embeddable":true,"href":"https:\/\/redamlo.com\/index.php\/wp-json\/wp\/v2\/comments?post=7954"}],"version-history":[{"count":0,"href":"https:\/\/redamlo.com\/index.php\/wp-json\/wp\/v2\/posts\/7954\/revisions"}],"wp:featuredmedia":[{"embeddable":true,"href":"https:\/\/redamlo.com\/index.php\/wp-json\/wp\/v2\/media\/7955"}],"wp:attachment":[{"href":"https:\/\/redamlo.com\/index.php\/wp-json\/wp\/v2\/media?parent=7954"}],"wp:term":[{"taxonomy":"category","embeddable":true,"href":"https:\/\/redamlo.com\/index.php\/wp-json\/wp\/v2\/categories?post=7954"},{"taxonomy":"post_tag","embeddable":true,"href":"https:\/\/redamlo.com\/index.php\/wp-json\/wp\/v2\/tags?post=7954"}],"curies":[{"name":"wp","href":"https:\/\/api.w.org\/{rel}","templated":true}]}}