{"id":7944,"date":"2024-08-30T17:33:16","date_gmt":"2024-08-30T23:33:16","guid":{"rendered":"https:\/\/redamlo.com\/?p=7944"},"modified":"2024-08-30T17:33:16","modified_gmt":"2024-08-30T23:33:16","slug":"amlo-y-sheinbaum-evaluan-con-gobernadores-avances-de-imss-bienestar","status":"publish","type":"post","link":"https:\/\/redamlo.com\/index.php\/2024\/08\/30\/amlo-y-sheinbaum-evaluan-con-gobernadores-avances-de-imss-bienestar\/","title":{"rendered":"AMLO y Sheinbaum eval\u00faan con gobernadores avances de IMSS Bienestar"},"content":{"rendered":"<p>El presidente Andr\u00e9s Manuel L\u00f3pez Obrador y la\u00a0<strong>presidenta electa Claudia Sheinbaum Pardo<\/strong>\u00a0evaluaron con gobernadoras y gobernadores el avance del\u00a0<strong>IMSS Bienestar<\/strong>, iniciativa que garantiza atenci\u00f3n m\u00e9dica gratuita, universal, preventiva y de calidad en 23 estados del pa\u00eds.<\/p>\n<p>La reuni\u00f3n se llev\u00f3 a cabo en el Sal\u00f3n Embajadores de Palacio Nacional, donde asistieron la secretaria de Gobernaci\u00f3n, Luisa Mar\u00eda Alcalde Luj\u00e1n; el secretario de Salud, Jorge Alcocer Varela; el pr\u00f3ximo secretario de Salud, David Kershenobich Stalnikowitz y los directores generales del Instituto Mexicano del Seguro Social, Zo\u00e9 Robledo Aburto y del IMSS Bienestar, Alejandro Calder\u00f3n Alipi, y otros funcionarios de gobierno federal.<\/p>\n<p>&nbsp;<\/p>\n<div class=\"twitter-tweet twitter-tweet-rendered\">https:\/\/x.com\/lopezobrador_\/status\/1829613895402865111?ref_src=twsrc%5Etfw%7Ctwcamp%5Etweetembed%7Ctwterm%5E1829613895402865111%7Ctwgr%5Ebab0f41f01591470711da6d1bd6ec7ba8d61e77c%7Ctwcon%5Es1_&amp;ref_url=https%3A%2F%2Fpresidente.gob.mx%2Fpresidente-y-presidenta-electa-evaluan-con-gobernadores-avances-de-imss-bienestar%2F<\/div>\n","protected":false},"excerpt":{"rendered":"<p>El presidente Andr\u00e9s Manuel L\u00f3pez Obrador y la\u00a0presidenta electa Claudia Sheinbaum Pardo\u00a0evaluaron con gobernadoras y&#8230;<\/p>\n","protected":false},"author":1,"featured_media":7945,"comment_status":"open","ping_status":"closed","sticky":false,"template":"","format":"standard","meta":{"footnotes":""},"categories":[27],"tags":[84,1081,2470],"class_list":["post-7944","post","type-post","status-publish","format-standard","has-post-thumbnail","hentry","category-presidencia","tag-amlo","tag-gobernadores","tag-sheinbaum"],"yoast_head":"<!-- This site is optimized with the Yoast SEO plugin v27.5 - https:\/\/yoast.com\/product\/yoast-seo-wordpress\/ -->\n<title>AMLO y Sheinbaum eval\u00faan con gobernadores avances de IMSS Bienestar - NOTICIAS DE LA 4T<\/title>\n<meta name=\"robots\" content=\"noindex, follow, max-snippet:-1, max-image-preview:large, max-video-preview:-1\" \/>\n<meta property=\"og:locale\" content=\"es_MX\" \/>\n<meta property=\"og:type\" content=\"article\" \/>\n<meta property=\"og:title\" content=\"AMLO y Sheinbaum eval\u00faan con gobernadores avances de IMSS Bienestar - NOTICIAS DE LA 4T\" \/>\n<meta property=\"og:description\" content=\"El presidente Andr\u00e9s Manuel L\u00f3pez Obrador y la\u00a0presidenta electa Claudia Sheinbaum Pardo\u00a0evaluaron con gobernadoras y...\" \/>\n<meta property=\"og:url\" content=\"https:\/\/redamlo.com\/index.php\/2024\/08\/30\/amlo-y-sheinbaum-evaluan-con-gobernadores-avances-de-imss-bienestar\/\" \/>\n<meta property=\"og:site_name\" content=\"NOTICIAS DE LA 4T\" \/>\n<meta property=\"article:published_time\" content=\"2024-08-30T23:33:16+00:00\" \/>\n<meta property=\"og:image\" content=\"https:\/\/redamlo.com\/wp-content\/uploads\/2024\/08\/amlo-sheinbaum-gobernadores-scaled-1.jpg\" \/>\n\t<meta property=\"og:image:width\" content=\"2560\" \/>\n\t<meta property=\"og:image:height\" content=\"1440\" \/>\n\t<meta property=\"og:image:type\" content=\"image\/jpeg\" \/>\n<meta name=\"author\" content=\"admin\" \/>\n<meta name=\"twitter:card\" content=\"summary_large_image\" \/>\n<meta name=\"twitter:label1\" content=\"Escrito por\" \/>\n\t<meta name=\"twitter:data1\" content=\"admin\" \/>\n\t<meta name=\"twitter:label2\" content=\"Tiempo de lectura\" \/>\n\t<meta name=\"twitter:data2\" content=\"1 minuto\" \/>\n<script type=\"application\/ld+json\" class=\"yoast-schema-graph\">{\"@context\":\"https:\\\/\\\/schema.org\",\"@graph\":[{\"@type\":\"Article\",\"@id\":\"https:\\\/\\\/redamlo.com\\\/index.php\\\/2024\\\/08\\\/30\\\/amlo-y-sheinbaum-evaluan-con-gobernadores-avances-de-imss-bienestar\\\/#article\",\"isPartOf\":{\"@id\":\"https:\\\/\\\/redamlo.com\\\/index.php\\\/2024\\\/08\\\/30\\\/amlo-y-sheinbaum-evaluan-con-gobernadores-avances-de-imss-bienestar\\\/\"},\"author\":{\"name\":\"admin\",\"@id\":\"https:\\\/\\\/redamlo.com\\\/#\\\/schema\\\/person\\\/197a0a670d21b1f4f1483ddda1b64613\"},\"headline\":\"AMLO y Sheinbaum eval\u00faan con gobernadores avances de IMSS Bienestar\",\"datePublished\":\"2024-08-30T23:33:16+00:00\",\"mainEntityOfPage\":{\"@id\":\"https:\\\/\\\/redamlo.com\\\/index.php\\\/2024\\\/08\\\/30\\\/amlo-y-sheinbaum-evaluan-con-gobernadores-avances-de-imss-bienestar\\\/\"},\"wordCount\":164,\"commentCount\":0,\"publisher\":{\"@id\":\"https:\\\/\\\/redamlo.com\\\/#organization\"},\"image\":{\"@id\":\"https:\\\/\\\/redamlo.com\\\/index.php\\\/2024\\\/08\\\/30\\\/amlo-y-sheinbaum-evaluan-con-gobernadores-avances-de-imss-bienestar\\\/#primaryimage\"},\"thumbnailUrl\":\"https:\\\/\\\/redamlo.com\\\/wp-content\\\/uploads\\\/2024\\\/08\\\/amlo-sheinbaum-gobernadores-scaled-1.jpg\",\"keywords\":[\"AMLO\",\"gobernadores\",\"Sheinbaum\"],\"articleSection\":[\"Presidencia\"],\"inLanguage\":\"es\",\"potentialAction\":[{\"@type\":\"CommentAction\",\"name\":\"Comment\",\"target\":[\"https:\\\/\\\/redamlo.com\\\/index.php\\\/2024\\\/08\\\/30\\\/amlo-y-sheinbaum-evaluan-con-gobernadores-avances-de-imss-bienestar\\\/#respond\"]}]},{\"@type\":\"WebPage\",\"@id\":\"https:\\\/\\\/redamlo.com\\\/index.php\\\/2024\\\/08\\\/30\\\/amlo-y-sheinbaum-evaluan-con-gobernadores-avances-de-imss-bienestar\\\/\",\"url\":\"https:\\\/\\\/redamlo.com\\\/index.php\\\/2024\\\/08\\\/30\\\/amlo-y-sheinbaum-evaluan-con-gobernadores-avances-de-imss-bienestar\\\/\",\"name\":\"AMLO y Sheinbaum eval\u00faan con gobernadores avances de IMSS Bienestar - NOTICIAS DE LA 4T\",\"isPartOf\":{\"@id\":\"https:\\\/\\\/redamlo.com\\\/#website\"},\"primaryImageOfPage\":{\"@id\":\"https:\\\/\\\/redamlo.com\\\/index.php\\\/2024\\\/08\\\/30\\\/amlo-y-sheinbaum-evaluan-con-gobernadores-avances-de-imss-bienestar\\\/#primaryimage\"},\"image\":{\"@id\":\"https:\\\/\\\/redamlo.com\\\/index.php\\\/2024\\\/08\\\/30\\\/amlo-y-sheinbaum-evaluan-con-gobernadores-avances-de-imss-bienestar\\\/#primaryimage\"},\"thumbnailUrl\":\"https:\\\/\\\/redamlo.com\\\/wp-content\\\/uploads\\\/2024\\\/08\\\/amlo-sheinbaum-gobernadores-scaled-1.jpg\",\"datePublished\":\"2024-08-30T23:33:16+00:00\",\"breadcrumb\":{\"@id\":\"https:\\\/\\\/redamlo.com\\\/index.php\\\/2024\\\/08\\\/30\\\/amlo-y-sheinbaum-evaluan-con-gobernadores-avances-de-imss-bienestar\\\/#breadcrumb\"},\"inLanguage\":\"es\",\"potentialAction\":[{\"@type\":\"ReadAction\",\"target\":[\"https:\\\/\\\/redamlo.com\\\/index.php\\\/2024\\\/08\\\/30\\\/amlo-y-sheinbaum-evaluan-con-gobernadores-avances-de-imss-bienestar\\\/\"]}]},{\"@type\":\"ImageObject\",\"inLanguage\":\"es\",\"@id\":\"https:\\\/\\\/redamlo.com\\\/index.php\\\/2024\\\/08\\\/30\\\/amlo-y-sheinbaum-evaluan-con-gobernadores-avances-de-imss-bienestar\\\/#primaryimage\",\"url\":\"https:\\\/\\\/redamlo.com\\\/wp-content\\\/uploads\\\/2024\\\/08\\\/amlo-sheinbaum-gobernadores-scaled-1.jpg\",\"contentUrl\":\"https:\\\/\\\/redamlo.com\\\/wp-content\\\/uploads\\\/2024\\\/08\\\/amlo-sheinbaum-gobernadores-scaled-1.jpg\",\"width\":2560,\"height\":1440},{\"@type\":\"BreadcrumbList\",\"@id\":\"https:\\\/\\\/redamlo.com\\\/index.php\\\/2024\\\/08\\\/30\\\/amlo-y-sheinbaum-evaluan-con-gobernadores-avances-de-imss-bienestar\\\/#breadcrumb\",\"itemListElement\":[{\"@type\":\"ListItem\",\"position\":1,\"name\":\"Inicio\",\"item\":\"https:\\\/\\\/redamlo.com\\\/\"},{\"@type\":\"ListItem\",\"position\":2,\"name\":\"AMLO y Sheinbaum eval\u00faan con gobernadores avances de IMSS Bienestar\"}]},{\"@type\":\"WebSite\",\"@id\":\"https:\\\/\\\/redamlo.com\\\/#website\",\"url\":\"https:\\\/\\\/redamlo.com\\\/\",\"name\":\"NOTICIAS DE LA 4T\",\"description\":\"\",\"publisher\":{\"@id\":\"https:\\\/\\\/redamlo.com\\\/#organization\"},\"potentialAction\":[{\"@type\":\"SearchAction\",\"target\":{\"@type\":\"EntryPoint\",\"urlTemplate\":\"https:\\\/\\\/redamlo.com\\\/?s={search_term_string}\"},\"query-input\":{\"@type\":\"PropertyValueSpecification\",\"valueRequired\":true,\"valueName\":\"search_term_string\"}}],\"inLanguage\":\"es\"},{\"@type\":\"Organization\",\"@id\":\"https:\\\/\\\/redamlo.com\\\/#organization\",\"name\":\"NOTICIAS DE LA 4T\",\"url\":\"https:\\\/\\\/redamlo.com\\\/\",\"logo\":{\"@type\":\"ImageObject\",\"inLanguage\":\"es\",\"@id\":\"https:\\\/\\\/redamlo.com\\\/#\\\/schema\\\/logo\\\/image\\\/\",\"url\":\"https:\\\/\\\/redamlo.com\\\/wp-content\\\/uploads\\\/2024\\\/08\\\/cropped-RED-AMLO-logo-50.png\",\"contentUrl\":\"https:\\\/\\\/redamlo.com\\\/wp-content\\\/uploads\\\/2024\\\/08\\\/cropped-RED-AMLO-logo-50.png\",\"width\":256,\"height\":256,\"caption\":\"NOTICIAS DE LA 4T\"},\"image\":{\"@id\":\"https:\\\/\\\/redamlo.com\\\/#\\\/schema\\\/logo\\\/image\\\/\"}},{\"@type\":\"Person\",\"@id\":\"https:\\\/\\\/redamlo.com\\\/#\\\/schema\\\/person\\\/197a0a670d21b1f4f1483ddda1b64613\",\"name\":\"admin\",\"image\":{\"@type\":\"ImageObject\",\"inLanguage\":\"es\",\"@id\":\"https:\\\/\\\/secure.gravatar.com\\\/avatar\\\/293dccd927043f2e641da6685c2f84009782eb9ee0054daceada4e261ded849a?s=96&d=mm&r=g\",\"url\":\"https:\\\/\\\/secure.gravatar.com\\\/avatar\\\/293dccd927043f2e641da6685c2f84009782eb9ee0054daceada4e261ded849a?s=96&d=mm&r=g\",\"contentUrl\":\"https:\\\/\\\/secure.gravatar.com\\\/avatar\\\/293dccd927043f2e641da6685c2f84009782eb9ee0054daceada4e261ded849a?s=96&d=mm&r=g\",\"caption\":\"admin\"},\"sameAs\":[\"https:\\\/\\\/redamlo.com\"],\"url\":\"https:\\\/\\\/redamlo.com\\\/index.php\\\/author\\\/stell\\\/\"}]}<\/script>\n<!-- \/ Yoast SEO plugin. -->","yoast_head_json":{"title":"AMLO y Sheinbaum eval\u00faan con gobernadores avances de IMSS Bienestar - NOTICIAS DE LA 4T","robots":{"index":"noindex","follow":"follow","max-snippet":"max-snippet:-1","max-image-preview":"max-image-preview:large","max-video-preview":"max-video-preview:-1"},"og_locale":"es_MX","og_type":"article","og_title":"AMLO y Sheinbaum eval\u00faan con gobernadores avances de IMSS Bienestar - NOTICIAS DE LA 4T","og_description":"El presidente Andr\u00e9s Manuel L\u00f3pez Obrador y la\u00a0presidenta electa Claudia Sheinbaum Pardo\u00a0evaluaron con gobernadoras y...","og_url":"https:\/\/redamlo.com\/index.php\/2024\/08\/30\/amlo-y-sheinbaum-evaluan-con-gobernadores-avances-de-imss-bienestar\/","og_site_name":"NOTICIAS DE LA 4T","article_published_time":"2024-08-30T23:33:16+00:00","og_image":[{"width":2560,"height":1440,"url":"https:\/\/redamlo.com\/wp-content\/uploads\/2024\/08\/amlo-sheinbaum-gobernadores-scaled-1.jpg","type":"image\/jpeg"}],"author":"admin","twitter_card":"summary_large_image","twitter_misc":{"Escrito por":"admin","Tiempo de lectura":"1 minuto"},"schema":{"@context":"https:\/\/schema.org","@graph":[{"@type":"Article","@id":"https:\/\/redamlo.com\/index.php\/2024\/08\/30\/amlo-y-sheinbaum-evaluan-con-gobernadores-avances-de-imss-bienestar\/#article","isPartOf":{"@id":"https:\/\/redamlo.com\/index.php\/2024\/08\/30\/amlo-y-sheinbaum-evaluan-con-gobernadores-avances-de-imss-bienestar\/"},"author":{"name":"admin","@id":"https:\/\/redamlo.com\/#\/schema\/person\/197a0a670d21b1f4f1483ddda1b64613"},"headline":"AMLO y Sheinbaum eval\u00faan con gobernadores avances de IMSS Bienestar","datePublished":"2024-08-30T23:33:16+00:00","mainEntityOfPage":{"@id":"https:\/\/redamlo.com\/index.php\/2024\/08\/30\/amlo-y-sheinbaum-evaluan-con-gobernadores-avances-de-imss-bienestar\/"},"wordCount":164,"commentCount":0,"publisher":{"@id":"https:\/\/redamlo.com\/#organization"},"image":{"@id":"https:\/\/redamlo.com\/index.php\/2024\/08\/30\/amlo-y-sheinbaum-evaluan-con-gobernadores-avances-de-imss-bienestar\/#primaryimage"},"thumbnailUrl":"https:\/\/redamlo.com\/wp-content\/uploads\/2024\/08\/amlo-sheinbaum-gobernadores-scaled-1.jpg","keywords":["AMLO","gobernadores","Sheinbaum"],"articleSection":["Presidencia"],"inLanguage":"es","potentialAction":[{"@type":"CommentAction","name":"Comment","target":["https:\/\/redamlo.com\/index.php\/2024\/08\/30\/amlo-y-sheinbaum-evaluan-con-gobernadores-avances-de-imss-bienestar\/#respond"]}]},{"@type":"WebPage","@id":"https:\/\/redamlo.com\/index.php\/2024\/08\/30\/amlo-y-sheinbaum-evaluan-con-gobernadores-avances-de-imss-bienestar\/","url":"https:\/\/redamlo.com\/index.php\/2024\/08\/30\/amlo-y-sheinbaum-evaluan-con-gobernadores-avances-de-imss-bienestar\/","name":"AMLO y Sheinbaum eval\u00faan con gobernadores avances de IMSS Bienestar - NOTICIAS DE LA 4T","isPartOf":{"@id":"https:\/\/redamlo.com\/#website"},"primaryImageOfPage":{"@id":"https:\/\/redamlo.com\/index.php\/2024\/08\/30\/amlo-y-sheinbaum-evaluan-con-gobernadores-avances-de-imss-bienestar\/#primaryimage"},"image":{"@id":"https:\/\/redamlo.com\/index.php\/2024\/08\/30\/amlo-y-sheinbaum-evaluan-con-gobernadores-avances-de-imss-bienestar\/#primaryimage"},"thumbnailUrl":"https:\/\/redamlo.com\/wp-content\/uploads\/2024\/08\/amlo-sheinbaum-gobernadores-scaled-1.jpg","datePublished":"2024-08-30T23:33:16+00:00","breadcrumb":{"@id":"https:\/\/redamlo.com\/index.php\/2024\/08\/30\/amlo-y-sheinbaum-evaluan-con-gobernadores-avances-de-imss-bienestar\/#breadcrumb"},"inLanguage":"es","potentialAction":[{"@type":"ReadAction","target":["https:\/\/redamlo.com\/index.php\/2024\/08\/30\/amlo-y-sheinbaum-evaluan-con-gobernadores-avances-de-imss-bienestar\/"]}]},{"@type":"ImageObject","inLanguage":"es","@id":"https:\/\/redamlo.com\/index.php\/2024\/08\/30\/amlo-y-sheinbaum-evaluan-con-gobernadores-avances-de-imss-bienestar\/#primaryimage","url":"https:\/\/redamlo.com\/wp-content\/uploads\/2024\/08\/amlo-sheinbaum-gobernadores-scaled-1.jpg","contentUrl":"https:\/\/redamlo.com\/wp-content\/uploads\/2024\/08\/amlo-sheinbaum-gobernadores-scaled-1.jpg","width":2560,"height":1440},{"@type":"BreadcrumbList","@id":"https:\/\/redamlo.com\/index.php\/2024\/08\/30\/amlo-y-sheinbaum-evaluan-con-gobernadores-avances-de-imss-bienestar\/#breadcrumb","itemListElement":[{"@type":"ListItem","position":1,"name":"Inicio","item":"https:\/\/redamlo.com\/"},{"@type":"ListItem","position":2,"name":"AMLO y Sheinbaum eval\u00faan con gobernadores avances de IMSS Bienestar"}]},{"@type":"WebSite","@id":"https:\/\/redamlo.com\/#website","url":"https:\/\/redamlo.com\/","name":"NOTICIAS DE LA 4T","description":"","publisher":{"@id":"https:\/\/redamlo.com\/#organization"},"potentialAction":[{"@type":"SearchAction","target":{"@type":"EntryPoint","urlTemplate":"https:\/\/redamlo.com\/?s={search_term_string}"},"query-input":{"@type":"PropertyValueSpecification","valueRequired":true,"valueName":"search_term_string"}}],"inLanguage":"es"},{"@type":"Organization","@id":"https:\/\/redamlo.com\/#organization","name":"NOTICIAS DE LA 4T","url":"https:\/\/redamlo.com\/","logo":{"@type":"ImageObject","inLanguage":"es","@id":"https:\/\/redamlo.com\/#\/schema\/logo\/image\/","url":"https:\/\/redamlo.com\/wp-content\/uploads\/2024\/08\/cropped-RED-AMLO-logo-50.png","contentUrl":"https:\/\/redamlo.com\/wp-content\/uploads\/2024\/08\/cropped-RED-AMLO-logo-50.png","width":256,"height":256,"caption":"NOTICIAS DE LA 4T"},"image":{"@id":"https:\/\/redamlo.com\/#\/schema\/logo\/image\/"}},{"@type":"Person","@id":"https:\/\/redamlo.com\/#\/schema\/person\/197a0a670d21b1f4f1483ddda1b64613","name":"admin","image":{"@type":"ImageObject","inLanguage":"es","@id":"https:\/\/secure.gravatar.com\/avatar\/293dccd927043f2e641da6685c2f84009782eb9ee0054daceada4e261ded849a?s=96&d=mm&r=g","url":"https:\/\/secure.gravatar.com\/avatar\/293dccd927043f2e641da6685c2f84009782eb9ee0054daceada4e261ded849a?s=96&d=mm&r=g","contentUrl":"https:\/\/secure.gravatar.com\/avatar\/293dccd927043f2e641da6685c2f84009782eb9ee0054daceada4e261ded849a?s=96&d=mm&r=g","caption":"admin"},"sameAs":["https:\/\/redamlo.com"],"url":"https:\/\/redamlo.com\/index.php\/author\/stell\/"}]}},"_links":{"self":[{"href":"https:\/\/redamlo.com\/index.php\/wp-json\/wp\/v2\/posts\/7944","targetHints":{"allow":["GET"]}}],"collection":[{"href":"https:\/\/redamlo.com\/index.php\/wp-json\/wp\/v2\/posts"}],"about":[{"href":"https:\/\/redamlo.com\/index.php\/wp-json\/wp\/v2\/types\/post"}],"author":[{"embeddable":true,"href":"https:\/\/redamlo.com\/index.php\/wp-json\/wp\/v2\/users\/1"}],"replies":[{"embeddable":true,"href":"https:\/\/redamlo.com\/index.php\/wp-json\/wp\/v2\/comments?post=7944"}],"version-history":[{"count":0,"href":"https:\/\/redamlo.com\/index.php\/wp-json\/wp\/v2\/posts\/7944\/revisions"}],"wp:featuredmedia":[{"embeddable":true,"href":"https:\/\/redamlo.com\/index.php\/wp-json\/wp\/v2\/media\/7945"}],"wp:attachment":[{"href":"https:\/\/redamlo.com\/index.php\/wp-json\/wp\/v2\/media?parent=7944"}],"wp:term":[{"taxonomy":"category","embeddable":true,"href":"https:\/\/redamlo.com\/index.php\/wp-json\/wp\/v2\/categories?post=7944"},{"taxonomy":"post_tag","embeddable":true,"href":"https:\/\/redamlo.com\/index.php\/wp-json\/wp\/v2\/tags?post=7944"}],"curies":[{"name":"wp","href":"https:\/\/api.w.org\/{rel}","templated":true}]}}