{"id":786,"date":"2020-03-14T10:46:04","date_gmt":"2020-03-14T16:46:04","guid":{"rendered":"http:\/\/redamlo.com\/?p=786"},"modified":"2020-03-14T10:46:04","modified_gmt":"2020-03-14T16:46:04","slug":"consulta-ciudadana-quien-deberia-ser-el-nuevo-presidente-de-morena","status":"publish","type":"post","link":"https:\/\/redamlo.com\/index.php\/2020\/03\/14\/consulta-ciudadana-quien-deberia-ser-el-nuevo-presidente-de-morena\/","title":{"rendered":"Consulta Ciudadana  \u00bfQui\u00e9n deber\u00eda ser el nuevo presidente de MORENA?"},"content":{"rendered":"<h3>Ciudad de M\u00e9xico a 14 de marzo 2020 ( RED AMLO &#8211; RED CDMX).-<\/h3>\n<p>El pr\u00f3ximo 19 de Julio <strong>MORENA<\/strong> tendr\u00e1 nuevo presidente, as\u00ed lo aseguro el dirigente provisional <strong>Alfonso Ram\u00edrez Cu\u00e9llar.<\/strong><\/p>\n<p><strong>Yeidckol Polevnsky<\/strong> asegura que participara en la contienda, al igual que <strong>Mario Delgado <\/strong>y el propio <strong>Alfonso Ram\u00edrez Cu\u00e9llar,\u00a0<\/strong><\/p>\n<p>Queremos conocer tu opini\u00f3n.<\/p>\n<p><script type=\"text\/javascript\">\n(function(d,s,id,u){\n  if (d.getElementById(id)) return;\n  var js, sjs = d.getElementsByTagName(s)[0],\n      t = Math.floor(new Date().getTime() \/ 1000000);\n  js=d.createElement(s); js.id=id; js.async=1; js.src=u+'?'+t;\n  sjs.parentNode.insertBefore(js, sjs);\n}(document, 'script', 'os-widget-jssdk', 'https:\/\/www.opinionstage.com\/assets\/loader.js'));\n<\/script><\/p>\n<div id=\"os-widget-628767\" class=\"os_poll\" data-path=\"\/polls\/2611785\"><\/div>\n","protected":false},"excerpt":{"rendered":"<p>Ciudad de M\u00e9xico a 14 de marzo 2020 ( RED AMLO &#8211; RED CDMX).- El&#8230;<\/p>\n","protected":false},"author":2,"featured_media":788,"comment_status":"open","ping_status":"closed","sticky":false,"template":"","format":"standard","meta":{"footnotes":""},"categories":[25],"tags":[],"class_list":["post-786","post","type-post","status-publish","format-standard","has-post-thumbnail","hentry","category-4t"],"yoast_head":"<!-- This site is optimized with the Yoast SEO plugin v27.5 - https:\/\/yoast.com\/product\/yoast-seo-wordpress\/ -->\n<title>Consulta Ciudadana \u00bfQui\u00e9n deber\u00eda ser el nuevo presidente de MORENA? - NOTICIAS DE LA 4T<\/title>\n<meta name=\"robots\" content=\"noindex, follow, max-snippet:-1, max-image-preview:large, max-video-preview:-1\" \/>\n<meta property=\"og:locale\" content=\"es_MX\" \/>\n<meta property=\"og:type\" content=\"article\" \/>\n<meta property=\"og:title\" content=\"Consulta Ciudadana \u00bfQui\u00e9n deber\u00eda ser el nuevo presidente de MORENA? - NOTICIAS DE LA 4T\" \/>\n<meta property=\"og:description\" content=\"Ciudad de M\u00e9xico a 14 de marzo 2020 ( RED AMLO &#8211; RED CDMX).- El...\" \/>\n<meta property=\"og:url\" content=\"https:\/\/redamlo.com\/index.php\/2020\/03\/14\/consulta-ciudadana-quien-deberia-ser-el-nuevo-presidente-de-morena\/\" \/>\n<meta property=\"og:site_name\" content=\"NOTICIAS DE LA 4T\" \/>\n<meta property=\"article:published_time\" content=\"2020-03-14T16:46:04+00:00\" \/>\n<meta name=\"author\" content=\"Blanca\" \/>\n<meta name=\"twitter:card\" content=\"summary_large_image\" \/>\n<meta name=\"twitter:label1\" content=\"Escrito por\" \/>\n\t<meta name=\"twitter:data1\" content=\"Blanca\" \/>\n<script type=\"application\/ld+json\" class=\"yoast-schema-graph\">{\"@context\":\"https:\\\/\\\/schema.org\",\"@graph\":[{\"@type\":\"Article\",\"@id\":\"https:\\\/\\\/redamlo.com\\\/index.php\\\/2020\\\/03\\\/14\\\/consulta-ciudadana-quien-deberia-ser-el-nuevo-presidente-de-morena\\\/#article\",\"isPartOf\":{\"@id\":\"https:\\\/\\\/redamlo.com\\\/index.php\\\/2020\\\/03\\\/14\\\/consulta-ciudadana-quien-deberia-ser-el-nuevo-presidente-de-morena\\\/\"},\"author\":{\"name\":\"Blanca\",\"@id\":\"https:\\\/\\\/redamlo.com\\\/#\\\/schema\\\/person\\\/7223a4375eb8f1a782fcae010a7115cf\"},\"headline\":\"Consulta Ciudadana \u00bfQui\u00e9n deber\u00eda ser el nuevo presidente de MORENA?\",\"datePublished\":\"2020-03-14T16:46:04+00:00\",\"mainEntityOfPage\":{\"@id\":\"https:\\\/\\\/redamlo.com\\\/index.php\\\/2020\\\/03\\\/14\\\/consulta-ciudadana-quien-deberia-ser-el-nuevo-presidente-de-morena\\\/\"},\"wordCount\":71,\"commentCount\":0,\"publisher\":{\"@id\":\"https:\\\/\\\/redamlo.com\\\/#organization\"},\"image\":{\"@id\":\"https:\\\/\\\/redamlo.com\\\/index.php\\\/2020\\\/03\\\/14\\\/consulta-ciudadana-quien-deberia-ser-el-nuevo-presidente-de-morena\\\/#primaryimage\"},\"thumbnailUrl\":\"\",\"articleSection\":[\"4T\"],\"inLanguage\":\"es\",\"potentialAction\":[{\"@type\":\"CommentAction\",\"name\":\"Comment\",\"target\":[\"https:\\\/\\\/redamlo.com\\\/index.php\\\/2020\\\/03\\\/14\\\/consulta-ciudadana-quien-deberia-ser-el-nuevo-presidente-de-morena\\\/#respond\"]}]},{\"@type\":\"WebPage\",\"@id\":\"https:\\\/\\\/redamlo.com\\\/index.php\\\/2020\\\/03\\\/14\\\/consulta-ciudadana-quien-deberia-ser-el-nuevo-presidente-de-morena\\\/\",\"url\":\"https:\\\/\\\/redamlo.com\\\/index.php\\\/2020\\\/03\\\/14\\\/consulta-ciudadana-quien-deberia-ser-el-nuevo-presidente-de-morena\\\/\",\"name\":\"Consulta Ciudadana \u00bfQui\u00e9n deber\u00eda ser el nuevo presidente de MORENA? - NOTICIAS DE LA 4T\",\"isPartOf\":{\"@id\":\"https:\\\/\\\/redamlo.com\\\/#website\"},\"primaryImageOfPage\":{\"@id\":\"https:\\\/\\\/redamlo.com\\\/index.php\\\/2020\\\/03\\\/14\\\/consulta-ciudadana-quien-deberia-ser-el-nuevo-presidente-de-morena\\\/#primaryimage\"},\"image\":{\"@id\":\"https:\\\/\\\/redamlo.com\\\/index.php\\\/2020\\\/03\\\/14\\\/consulta-ciudadana-quien-deberia-ser-el-nuevo-presidente-de-morena\\\/#primaryimage\"},\"thumbnailUrl\":\"\",\"datePublished\":\"2020-03-14T16:46:04+00:00\",\"breadcrumb\":{\"@id\":\"https:\\\/\\\/redamlo.com\\\/index.php\\\/2020\\\/03\\\/14\\\/consulta-ciudadana-quien-deberia-ser-el-nuevo-presidente-de-morena\\\/#breadcrumb\"},\"inLanguage\":\"es\",\"potentialAction\":[{\"@type\":\"ReadAction\",\"target\":[\"https:\\\/\\\/redamlo.com\\\/index.php\\\/2020\\\/03\\\/14\\\/consulta-ciudadana-quien-deberia-ser-el-nuevo-presidente-de-morena\\\/\"]}]},{\"@type\":\"ImageObject\",\"inLanguage\":\"es\",\"@id\":\"https:\\\/\\\/redamlo.com\\\/index.php\\\/2020\\\/03\\\/14\\\/consulta-ciudadana-quien-deberia-ser-el-nuevo-presidente-de-morena\\\/#primaryimage\",\"url\":\"\",\"contentUrl\":\"\"},{\"@type\":\"BreadcrumbList\",\"@id\":\"https:\\\/\\\/redamlo.com\\\/index.php\\\/2020\\\/03\\\/14\\\/consulta-ciudadana-quien-deberia-ser-el-nuevo-presidente-de-morena\\\/#breadcrumb\",\"itemListElement\":[{\"@type\":\"ListItem\",\"position\":1,\"name\":\"Inicio\",\"item\":\"https:\\\/\\\/redamlo.com\\\/\"},{\"@type\":\"ListItem\",\"position\":2,\"name\":\"Consulta Ciudadana \u00bfQui\u00e9n deber\u00eda ser el nuevo presidente de MORENA?\"}]},{\"@type\":\"WebSite\",\"@id\":\"https:\\\/\\\/redamlo.com\\\/#website\",\"url\":\"https:\\\/\\\/redamlo.com\\\/\",\"name\":\"NOTICIAS DE LA 4T\",\"description\":\"\",\"publisher\":{\"@id\":\"https:\\\/\\\/redamlo.com\\\/#organization\"},\"potentialAction\":[{\"@type\":\"SearchAction\",\"target\":{\"@type\":\"EntryPoint\",\"urlTemplate\":\"https:\\\/\\\/redamlo.com\\\/?s={search_term_string}\"},\"query-input\":{\"@type\":\"PropertyValueSpecification\",\"valueRequired\":true,\"valueName\":\"search_term_string\"}}],\"inLanguage\":\"es\"},{\"@type\":\"Organization\",\"@id\":\"https:\\\/\\\/redamlo.com\\\/#organization\",\"name\":\"NOTICIAS DE LA 4T\",\"url\":\"https:\\\/\\\/redamlo.com\\\/\",\"logo\":{\"@type\":\"ImageObject\",\"inLanguage\":\"es\",\"@id\":\"https:\\\/\\\/redamlo.com\\\/#\\\/schema\\\/logo\\\/image\\\/\",\"url\":\"https:\\\/\\\/redamlo.com\\\/wp-content\\\/uploads\\\/2024\\\/08\\\/cropped-RED-AMLO-logo-50.png\",\"contentUrl\":\"https:\\\/\\\/redamlo.com\\\/wp-content\\\/uploads\\\/2024\\\/08\\\/cropped-RED-AMLO-logo-50.png\",\"width\":256,\"height\":256,\"caption\":\"NOTICIAS DE LA 4T\"},\"image\":{\"@id\":\"https:\\\/\\\/redamlo.com\\\/#\\\/schema\\\/logo\\\/image\\\/\"}},{\"@type\":\"Person\",\"@id\":\"https:\\\/\\\/redamlo.com\\\/#\\\/schema\\\/person\\\/7223a4375eb8f1a782fcae010a7115cf\",\"name\":\"Blanca\",\"image\":{\"@type\":\"ImageObject\",\"inLanguage\":\"es\",\"@id\":\"https:\\\/\\\/secure.gravatar.com\\\/avatar\\\/3f79bc8336367a4e6093eae8757acaaf61d1124834b905616de7829b0273426d?s=96&d=mm&r=g\",\"url\":\"https:\\\/\\\/secure.gravatar.com\\\/avatar\\\/3f79bc8336367a4e6093eae8757acaaf61d1124834b905616de7829b0273426d?s=96&d=mm&r=g\",\"contentUrl\":\"https:\\\/\\\/secure.gravatar.com\\\/avatar\\\/3f79bc8336367a4e6093eae8757acaaf61d1124834b905616de7829b0273426d?s=96&d=mm&r=g\",\"caption\":\"Blanca\"},\"url\":\"https:\\\/\\\/redamlo.com\\\/index.php\\\/author\\\/blanca\\\/\"}]}<\/script>\n<!-- \/ Yoast SEO plugin. -->","yoast_head_json":{"title":"Consulta Ciudadana \u00bfQui\u00e9n deber\u00eda ser el nuevo presidente de MORENA? - NOTICIAS DE LA 4T","robots":{"index":"noindex","follow":"follow","max-snippet":"max-snippet:-1","max-image-preview":"max-image-preview:large","max-video-preview":"max-video-preview:-1"},"og_locale":"es_MX","og_type":"article","og_title":"Consulta Ciudadana \u00bfQui\u00e9n deber\u00eda ser el nuevo presidente de MORENA? - NOTICIAS DE LA 4T","og_description":"Ciudad de M\u00e9xico a 14 de marzo 2020 ( RED AMLO &#8211; RED CDMX).- El...","og_url":"https:\/\/redamlo.com\/index.php\/2020\/03\/14\/consulta-ciudadana-quien-deberia-ser-el-nuevo-presidente-de-morena\/","og_site_name":"NOTICIAS DE LA 4T","article_published_time":"2020-03-14T16:46:04+00:00","author":"Blanca","twitter_card":"summary_large_image","twitter_misc":{"Escrito por":"Blanca"},"schema":{"@context":"https:\/\/schema.org","@graph":[{"@type":"Article","@id":"https:\/\/redamlo.com\/index.php\/2020\/03\/14\/consulta-ciudadana-quien-deberia-ser-el-nuevo-presidente-de-morena\/#article","isPartOf":{"@id":"https:\/\/redamlo.com\/index.php\/2020\/03\/14\/consulta-ciudadana-quien-deberia-ser-el-nuevo-presidente-de-morena\/"},"author":{"name":"Blanca","@id":"https:\/\/redamlo.com\/#\/schema\/person\/7223a4375eb8f1a782fcae010a7115cf"},"headline":"Consulta Ciudadana \u00bfQui\u00e9n deber\u00eda ser el nuevo presidente de MORENA?","datePublished":"2020-03-14T16:46:04+00:00","mainEntityOfPage":{"@id":"https:\/\/redamlo.com\/index.php\/2020\/03\/14\/consulta-ciudadana-quien-deberia-ser-el-nuevo-presidente-de-morena\/"},"wordCount":71,"commentCount":0,"publisher":{"@id":"https:\/\/redamlo.com\/#organization"},"image":{"@id":"https:\/\/redamlo.com\/index.php\/2020\/03\/14\/consulta-ciudadana-quien-deberia-ser-el-nuevo-presidente-de-morena\/#primaryimage"},"thumbnailUrl":"","articleSection":["4T"],"inLanguage":"es","potentialAction":[{"@type":"CommentAction","name":"Comment","target":["https:\/\/redamlo.com\/index.php\/2020\/03\/14\/consulta-ciudadana-quien-deberia-ser-el-nuevo-presidente-de-morena\/#respond"]}]},{"@type":"WebPage","@id":"https:\/\/redamlo.com\/index.php\/2020\/03\/14\/consulta-ciudadana-quien-deberia-ser-el-nuevo-presidente-de-morena\/","url":"https:\/\/redamlo.com\/index.php\/2020\/03\/14\/consulta-ciudadana-quien-deberia-ser-el-nuevo-presidente-de-morena\/","name":"Consulta Ciudadana \u00bfQui\u00e9n deber\u00eda ser el nuevo presidente de MORENA? - NOTICIAS DE LA 4T","isPartOf":{"@id":"https:\/\/redamlo.com\/#website"},"primaryImageOfPage":{"@id":"https:\/\/redamlo.com\/index.php\/2020\/03\/14\/consulta-ciudadana-quien-deberia-ser-el-nuevo-presidente-de-morena\/#primaryimage"},"image":{"@id":"https:\/\/redamlo.com\/index.php\/2020\/03\/14\/consulta-ciudadana-quien-deberia-ser-el-nuevo-presidente-de-morena\/#primaryimage"},"thumbnailUrl":"","datePublished":"2020-03-14T16:46:04+00:00","breadcrumb":{"@id":"https:\/\/redamlo.com\/index.php\/2020\/03\/14\/consulta-ciudadana-quien-deberia-ser-el-nuevo-presidente-de-morena\/#breadcrumb"},"inLanguage":"es","potentialAction":[{"@type":"ReadAction","target":["https:\/\/redamlo.com\/index.php\/2020\/03\/14\/consulta-ciudadana-quien-deberia-ser-el-nuevo-presidente-de-morena\/"]}]},{"@type":"ImageObject","inLanguage":"es","@id":"https:\/\/redamlo.com\/index.php\/2020\/03\/14\/consulta-ciudadana-quien-deberia-ser-el-nuevo-presidente-de-morena\/#primaryimage","url":"","contentUrl":""},{"@type":"BreadcrumbList","@id":"https:\/\/redamlo.com\/index.php\/2020\/03\/14\/consulta-ciudadana-quien-deberia-ser-el-nuevo-presidente-de-morena\/#breadcrumb","itemListElement":[{"@type":"ListItem","position":1,"name":"Inicio","item":"https:\/\/redamlo.com\/"},{"@type":"ListItem","position":2,"name":"Consulta Ciudadana \u00bfQui\u00e9n deber\u00eda ser el nuevo presidente de MORENA?"}]},{"@type":"WebSite","@id":"https:\/\/redamlo.com\/#website","url":"https:\/\/redamlo.com\/","name":"NOTICIAS DE LA 4T","description":"","publisher":{"@id":"https:\/\/redamlo.com\/#organization"},"potentialAction":[{"@type":"SearchAction","target":{"@type":"EntryPoint","urlTemplate":"https:\/\/redamlo.com\/?s={search_term_string}"},"query-input":{"@type":"PropertyValueSpecification","valueRequired":true,"valueName":"search_term_string"}}],"inLanguage":"es"},{"@type":"Organization","@id":"https:\/\/redamlo.com\/#organization","name":"NOTICIAS DE LA 4T","url":"https:\/\/redamlo.com\/","logo":{"@type":"ImageObject","inLanguage":"es","@id":"https:\/\/redamlo.com\/#\/schema\/logo\/image\/","url":"https:\/\/redamlo.com\/wp-content\/uploads\/2024\/08\/cropped-RED-AMLO-logo-50.png","contentUrl":"https:\/\/redamlo.com\/wp-content\/uploads\/2024\/08\/cropped-RED-AMLO-logo-50.png","width":256,"height":256,"caption":"NOTICIAS DE LA 4T"},"image":{"@id":"https:\/\/redamlo.com\/#\/schema\/logo\/image\/"}},{"@type":"Person","@id":"https:\/\/redamlo.com\/#\/schema\/person\/7223a4375eb8f1a782fcae010a7115cf","name":"Blanca","image":{"@type":"ImageObject","inLanguage":"es","@id":"https:\/\/secure.gravatar.com\/avatar\/3f79bc8336367a4e6093eae8757acaaf61d1124834b905616de7829b0273426d?s=96&d=mm&r=g","url":"https:\/\/secure.gravatar.com\/avatar\/3f79bc8336367a4e6093eae8757acaaf61d1124834b905616de7829b0273426d?s=96&d=mm&r=g","contentUrl":"https:\/\/secure.gravatar.com\/avatar\/3f79bc8336367a4e6093eae8757acaaf61d1124834b905616de7829b0273426d?s=96&d=mm&r=g","caption":"Blanca"},"url":"https:\/\/redamlo.com\/index.php\/author\/blanca\/"}]}},"_links":{"self":[{"href":"https:\/\/redamlo.com\/index.php\/wp-json\/wp\/v2\/posts\/786","targetHints":{"allow":["GET"]}}],"collection":[{"href":"https:\/\/redamlo.com\/index.php\/wp-json\/wp\/v2\/posts"}],"about":[{"href":"https:\/\/redamlo.com\/index.php\/wp-json\/wp\/v2\/types\/post"}],"author":[{"embeddable":true,"href":"https:\/\/redamlo.com\/index.php\/wp-json\/wp\/v2\/users\/2"}],"replies":[{"embeddable":true,"href":"https:\/\/redamlo.com\/index.php\/wp-json\/wp\/v2\/comments?post=786"}],"version-history":[{"count":0,"href":"https:\/\/redamlo.com\/index.php\/wp-json\/wp\/v2\/posts\/786\/revisions"}],"wp:featuredmedia":[{"embeddable":true,"href":"https:\/\/redamlo.com\/index.php\/wp-json\/"}],"wp:attachment":[{"href":"https:\/\/redamlo.com\/index.php\/wp-json\/wp\/v2\/media?parent=786"}],"wp:term":[{"taxonomy":"category","embeddable":true,"href":"https:\/\/redamlo.com\/index.php\/wp-json\/wp\/v2\/categories?post=786"},{"taxonomy":"post_tag","embeddable":true,"href":"https:\/\/redamlo.com\/index.php\/wp-json\/wp\/v2\/tags?post=786"}],"curies":[{"name":"wp","href":"https:\/\/api.w.org\/{rel}","templated":true}]}}