{"id":7858,"date":"2024-05-29T22:24:05","date_gmt":"2024-05-30T04:24:05","guid":{"rendered":"https:\/\/redamlo.com\/?p=7858"},"modified":"2024-05-29T22:24:05","modified_gmt":"2024-05-30T04:24:05","slug":"confia-andrea-tovar-en-capitalizar-el-hartazgo-de-la-ciudadania-al-pan-y-ganar-la-eleccion-al-congreso-de-queretaro","status":"publish","type":"post","link":"https:\/\/redamlo.com\/index.php\/2024\/05\/29\/confia-andrea-tovar-en-capitalizar-el-hartazgo-de-la-ciudadania-al-pan-y-ganar-la-eleccion-al-congreso-de-queretaro\/","title":{"rendered":"Conf\u00eda Andrea Tovar en capitalizar el hartazgo de la ciudadan\u00eda al PAN y ganar la elecci\u00f3n al Congreso de Quer\u00e9taro"},"content":{"rendered":"<p>La candidata al Distrito I local en Quer\u00e9taro por Morena, Andrea Tovar Saavedra, dijo confiar en el apoyo de la ciudadan\u00eda para ganar la elecci\u00f3n del 2 de junio y llegar al congreso para defender los intereses de los queretanos, tal como lo hizo durante la legislatura que est\u00e1 por terminar.<\/p>\n<p><img loading=\"lazy\" decoding=\"async\" class=\"aligncenter wp-image-7860 size-large\" src=\"https:\/\/redamlo.com\/wp-content\/uploads\/2024\/05\/andrea-tovar-gana-qro-4-1024x1024.jpg\" alt=\"\" width=\"640\" height=\"640\" srcset=\"https:\/\/redamlo.com\/wp-content\/uploads\/2024\/05\/andrea-tovar-gana-qro-4-1024x1024.jpg 1024w, https:\/\/redamlo.com\/wp-content\/uploads\/2024\/05\/andrea-tovar-gana-qro-4-300x300.jpg 300w, https:\/\/redamlo.com\/wp-content\/uploads\/2024\/05\/andrea-tovar-gana-qro-4-150x150.jpg 150w, https:\/\/redamlo.com\/wp-content\/uploads\/2024\/05\/andrea-tovar-gana-qro-4-768x768.jpg 768w, https:\/\/redamlo.com\/wp-content\/uploads\/2024\/05\/andrea-tovar-gana-qro-4.jpg 1080w\" sizes=\"auto, (max-width: 640px) 100vw, 640px\" \/><\/p>\n<p>&nbsp;<\/p>\n<p>La aspirante destac\u00f3 la aceptaci\u00f3n por parte de la ciudadan\u00eda al proyecto de morena. Su estrategia fue acercarse a los ciudadanos y dejar de lado los eventos masivos, ya que dijo, son los pol\u00edticos quienes deben acercarse a la ciudadan\u00eda, y no obligar al pueblo a asistir a eventos multitudinarios con enga\u00f1os.<\/p>\n<p>&nbsp;<\/p>\n<p>Durante los recorridos, dijo que las personas reconocen su trabajo a favor de garantizar agua para todos los ciudadanos. Record\u00f3 que busc\u00f3 dar reversa a la ley de aguas aprobada en Quer\u00e9taro que tiene como finalidad privatizar el l\u00edquido y encarecer el acceso al mismo.<\/p>\n<p><img loading=\"lazy\" decoding=\"async\" class=\"aligncenter wp-image-7862 size-large\" src=\"https:\/\/redamlo.com\/wp-content\/uploads\/2024\/05\/andrea-tovar-gana-qro-3-1024x683.jpg\" alt=\"\" width=\"640\" height=\"427\" srcset=\"https:\/\/redamlo.com\/wp-content\/uploads\/2024\/05\/andrea-tovar-gana-qro-3-1024x683.jpg 1024w, https:\/\/redamlo.com\/wp-content\/uploads\/2024\/05\/andrea-tovar-gana-qro-3-300x200.jpg 300w, https:\/\/redamlo.com\/wp-content\/uploads\/2024\/05\/andrea-tovar-gana-qro-3-768x512.jpg 768w, https:\/\/redamlo.com\/wp-content\/uploads\/2024\/05\/andrea-tovar-gana-qro-3.jpg 1080w\" sizes=\"auto, (max-width: 640px) 100vw, 640px\" \/><\/p>\n<p>&nbsp;<\/p>\n<p>Lamento que exista un Quer\u00e9taro de primera y otro de segunda y como ejemplo mencion\u00f3 el acceso al agua, ya que fraccionamientos con viviendas de alto valor cuentan con agua suficiente incluso para mantener verde el campo de golf, cu\u00e1ndo hay colonias que no tienen acceso a agua para las actividades b\u00e1sicas.<\/p>\n<p>&nbsp;<\/p>\n<p>Una de las demandas m\u00e1s comunes por parte de la ciudadan\u00eda es la seguridad, por lo que dijo, trabajar\u00e1 desde el congreso local para que se otorgue mayor presupuesto a este rubro. Sin embargo, aclaro que no debe utilizarse para la construcci\u00f3n de edificios, sino para mayor equipamiento de los oficiales, as\u00ed como la mejora salarial de los elementos que forman parte de las corporaciones.<\/p>\n<p><img loading=\"lazy\" decoding=\"async\" class=\"aligncenter wp-image-7859 size-large\" src=\"https:\/\/redamlo.com\/wp-content\/uploads\/2024\/05\/andrea-tovar-gana-qro-1-1024x728.jpg\" alt=\"\" width=\"640\" height=\"455\" srcset=\"https:\/\/redamlo.com\/wp-content\/uploads\/2024\/05\/andrea-tovar-gana-qro-1-1024x728.jpg 1024w, https:\/\/redamlo.com\/wp-content\/uploads\/2024\/05\/andrea-tovar-gana-qro-1-300x213.jpg 300w, https:\/\/redamlo.com\/wp-content\/uploads\/2024\/05\/andrea-tovar-gana-qro-1-768x546.jpg 768w, https:\/\/redamlo.com\/wp-content\/uploads\/2024\/05\/andrea-tovar-gana-qro-1.jpg 1080w\" sizes=\"auto, (max-width: 640px) 100vw, 640px\" \/><\/p>\n<p>&nbsp;<\/p>\n<p>Reconoci\u00f3 que el impulso que tiene la candidatura de Claudia Sheinbaum incidir\u00e1 de manera directa en el voto para los aspirantes bajo la marca Morena, misma que tuvo un crecimiento en el estado de Quer\u00e9taro.<\/p>\n<p><img loading=\"lazy\" decoding=\"async\" class=\"aligncenter wp-image-7861 size-large\" src=\"https:\/\/redamlo.com\/wp-content\/uploads\/2024\/05\/andrea-tovar-gana-qro-2-1024x1024.jpg\" alt=\"\" width=\"640\" height=\"640\" srcset=\"https:\/\/redamlo.com\/wp-content\/uploads\/2024\/05\/andrea-tovar-gana-qro-2-1024x1024.jpg 1024w, https:\/\/redamlo.com\/wp-content\/uploads\/2024\/05\/andrea-tovar-gana-qro-2-300x300.jpg 300w, https:\/\/redamlo.com\/wp-content\/uploads\/2024\/05\/andrea-tovar-gana-qro-2-150x150.jpg 150w, https:\/\/redamlo.com\/wp-content\/uploads\/2024\/05\/andrea-tovar-gana-qro-2-768x768.jpg 768w, https:\/\/redamlo.com\/wp-content\/uploads\/2024\/05\/andrea-tovar-gana-qro-2.jpg 1080w\" sizes=\"auto, (max-width: 640px) 100vw, 640px\" \/><\/p>\n","protected":false},"excerpt":{"rendered":"<p>La candidata al Distrito I local en Quer\u00e9taro por Morena, Andrea Tovar Saavedra, dijo confiar&#8230;<\/p>\n","protected":false},"author":1,"featured_media":7861,"comment_status":"open","ping_status":"closed","sticky":false,"template":"","format":"standard","meta":{"footnotes":""},"categories":[6,5],"tags":[2614,2704,2705,24,389,390],"class_list":["post-7858","post","type-post","status-publish","format-standard","has-post-thumbnail","hentry","category-estados","category-politica","tag-andrea-tovar","tag-congreso-qro","tag-elecciones-queretaro-2024","tag-morena","tag-pt","tag-pvem"],"yoast_head":"<!-- This site is optimized with the Yoast SEO plugin v27.5 - https:\/\/yoast.com\/product\/yoast-seo-wordpress\/ -->\n<title>Conf\u00eda Andrea Tovar en capitalizar el hartazgo de la ciudadan\u00eda al PAN y ganar la elecci\u00f3n al Congreso de Quer\u00e9taro - NOTICIAS DE LA 4T<\/title>\n<meta name=\"robots\" content=\"noindex, follow, max-snippet:-1, max-image-preview:large, max-video-preview:-1\" \/>\n<meta property=\"og:locale\" content=\"es_MX\" \/>\n<meta property=\"og:type\" content=\"article\" \/>\n<meta property=\"og:title\" content=\"Conf\u00eda Andrea Tovar en capitalizar el hartazgo de la ciudadan\u00eda al PAN y ganar la elecci\u00f3n al Congreso de Quer\u00e9taro - NOTICIAS DE LA 4T\" \/>\n<meta property=\"og:description\" content=\"La candidata al Distrito I local en Quer\u00e9taro por Morena, Andrea Tovar Saavedra, dijo confiar...\" \/>\n<meta property=\"og:url\" content=\"https:\/\/redamlo.com\/index.php\/2024\/05\/29\/confia-andrea-tovar-en-capitalizar-el-hartazgo-de-la-ciudadania-al-pan-y-ganar-la-eleccion-al-congreso-de-queretaro\/\" \/>\n<meta property=\"og:site_name\" content=\"NOTICIAS DE LA 4T\" \/>\n<meta property=\"article:published_time\" content=\"2024-05-30T04:24:05+00:00\" \/>\n<meta property=\"og:image\" content=\"https:\/\/redamlo.com\/wp-content\/uploads\/2024\/05\/andrea-tovar-gana-qro-2.jpg\" \/>\n\t<meta property=\"og:image:width\" content=\"1080\" \/>\n\t<meta property=\"og:image:height\" content=\"1080\" \/>\n\t<meta property=\"og:image:type\" content=\"image\/jpeg\" \/>\n<meta name=\"author\" content=\"admin\" \/>\n<meta name=\"twitter:card\" content=\"summary_large_image\" \/>\n<meta name=\"twitter:label1\" content=\"Escrito por\" \/>\n\t<meta name=\"twitter:data1\" content=\"admin\" \/>\n\t<meta name=\"twitter:label2\" content=\"Tiempo de lectura\" \/>\n\t<meta name=\"twitter:data2\" content=\"3 minutos\" \/>\n<script type=\"application\/ld+json\" class=\"yoast-schema-graph\">{\"@context\":\"https:\\\/\\\/schema.org\",\"@graph\":[{\"@type\":\"Article\",\"@id\":\"https:\\\/\\\/redamlo.com\\\/index.php\\\/2024\\\/05\\\/29\\\/confia-andrea-tovar-en-capitalizar-el-hartazgo-de-la-ciudadania-al-pan-y-ganar-la-eleccion-al-congreso-de-queretaro\\\/#article\",\"isPartOf\":{\"@id\":\"https:\\\/\\\/redamlo.com\\\/index.php\\\/2024\\\/05\\\/29\\\/confia-andrea-tovar-en-capitalizar-el-hartazgo-de-la-ciudadania-al-pan-y-ganar-la-eleccion-al-congreso-de-queretaro\\\/\"},\"author\":{\"name\":\"admin\",\"@id\":\"https:\\\/\\\/redamlo.com\\\/#\\\/schema\\\/person\\\/197a0a670d21b1f4f1483ddda1b64613\"},\"headline\":\"Conf\u00eda Andrea Tovar en capitalizar el hartazgo de la ciudadan\u00eda al PAN y ganar la elecci\u00f3n al Congreso de Quer\u00e9taro\",\"datePublished\":\"2024-05-30T04:24:05+00:00\",\"mainEntityOfPage\":{\"@id\":\"https:\\\/\\\/redamlo.com\\\/index.php\\\/2024\\\/05\\\/29\\\/confia-andrea-tovar-en-capitalizar-el-hartazgo-de-la-ciudadania-al-pan-y-ganar-la-eleccion-al-congreso-de-queretaro\\\/\"},\"wordCount\":345,\"commentCount\":0,\"publisher\":{\"@id\":\"https:\\\/\\\/redamlo.com\\\/#organization\"},\"image\":{\"@id\":\"https:\\\/\\\/redamlo.com\\\/index.php\\\/2024\\\/05\\\/29\\\/confia-andrea-tovar-en-capitalizar-el-hartazgo-de-la-ciudadania-al-pan-y-ganar-la-eleccion-al-congreso-de-queretaro\\\/#primaryimage\"},\"thumbnailUrl\":\"https:\\\/\\\/redamlo.com\\\/wp-content\\\/uploads\\\/2024\\\/05\\\/andrea-tovar-gana-qro-2.jpg\",\"keywords\":[\"andrea tovar\",\"congreso qro\",\"elecciones queretaro 2024\",\"Morena\",\"PT\",\"PVEM\"],\"articleSection\":[\"Estados\",\"Pol\u00edtica\"],\"inLanguage\":\"es\",\"potentialAction\":[{\"@type\":\"CommentAction\",\"name\":\"Comment\",\"target\":[\"https:\\\/\\\/redamlo.com\\\/index.php\\\/2024\\\/05\\\/29\\\/confia-andrea-tovar-en-capitalizar-el-hartazgo-de-la-ciudadania-al-pan-y-ganar-la-eleccion-al-congreso-de-queretaro\\\/#respond\"]}]},{\"@type\":\"WebPage\",\"@id\":\"https:\\\/\\\/redamlo.com\\\/index.php\\\/2024\\\/05\\\/29\\\/confia-andrea-tovar-en-capitalizar-el-hartazgo-de-la-ciudadania-al-pan-y-ganar-la-eleccion-al-congreso-de-queretaro\\\/\",\"url\":\"https:\\\/\\\/redamlo.com\\\/index.php\\\/2024\\\/05\\\/29\\\/confia-andrea-tovar-en-capitalizar-el-hartazgo-de-la-ciudadania-al-pan-y-ganar-la-eleccion-al-congreso-de-queretaro\\\/\",\"name\":\"Conf\u00eda Andrea Tovar en capitalizar el hartazgo de la ciudadan\u00eda al PAN y ganar la elecci\u00f3n al Congreso de Quer\u00e9taro - NOTICIAS DE LA 4T\",\"isPartOf\":{\"@id\":\"https:\\\/\\\/redamlo.com\\\/#website\"},\"primaryImageOfPage\":{\"@id\":\"https:\\\/\\\/redamlo.com\\\/index.php\\\/2024\\\/05\\\/29\\\/confia-andrea-tovar-en-capitalizar-el-hartazgo-de-la-ciudadania-al-pan-y-ganar-la-eleccion-al-congreso-de-queretaro\\\/#primaryimage\"},\"image\":{\"@id\":\"https:\\\/\\\/redamlo.com\\\/index.php\\\/2024\\\/05\\\/29\\\/confia-andrea-tovar-en-capitalizar-el-hartazgo-de-la-ciudadania-al-pan-y-ganar-la-eleccion-al-congreso-de-queretaro\\\/#primaryimage\"},\"thumbnailUrl\":\"https:\\\/\\\/redamlo.com\\\/wp-content\\\/uploads\\\/2024\\\/05\\\/andrea-tovar-gana-qro-2.jpg\",\"datePublished\":\"2024-05-30T04:24:05+00:00\",\"breadcrumb\":{\"@id\":\"https:\\\/\\\/redamlo.com\\\/index.php\\\/2024\\\/05\\\/29\\\/confia-andrea-tovar-en-capitalizar-el-hartazgo-de-la-ciudadania-al-pan-y-ganar-la-eleccion-al-congreso-de-queretaro\\\/#breadcrumb\"},\"inLanguage\":\"es\",\"potentialAction\":[{\"@type\":\"ReadAction\",\"target\":[\"https:\\\/\\\/redamlo.com\\\/index.php\\\/2024\\\/05\\\/29\\\/confia-andrea-tovar-en-capitalizar-el-hartazgo-de-la-ciudadania-al-pan-y-ganar-la-eleccion-al-congreso-de-queretaro\\\/\"]}]},{\"@type\":\"ImageObject\",\"inLanguage\":\"es\",\"@id\":\"https:\\\/\\\/redamlo.com\\\/index.php\\\/2024\\\/05\\\/29\\\/confia-andrea-tovar-en-capitalizar-el-hartazgo-de-la-ciudadania-al-pan-y-ganar-la-eleccion-al-congreso-de-queretaro\\\/#primaryimage\",\"url\":\"https:\\\/\\\/redamlo.com\\\/wp-content\\\/uploads\\\/2024\\\/05\\\/andrea-tovar-gana-qro-2.jpg\",\"contentUrl\":\"https:\\\/\\\/redamlo.com\\\/wp-content\\\/uploads\\\/2024\\\/05\\\/andrea-tovar-gana-qro-2.jpg\",\"width\":1080,\"height\":1080},{\"@type\":\"BreadcrumbList\",\"@id\":\"https:\\\/\\\/redamlo.com\\\/index.php\\\/2024\\\/05\\\/29\\\/confia-andrea-tovar-en-capitalizar-el-hartazgo-de-la-ciudadania-al-pan-y-ganar-la-eleccion-al-congreso-de-queretaro\\\/#breadcrumb\",\"itemListElement\":[{\"@type\":\"ListItem\",\"position\":1,\"name\":\"Inicio\",\"item\":\"https:\\\/\\\/redamlo.com\\\/\"},{\"@type\":\"ListItem\",\"position\":2,\"name\":\"Conf\u00eda Andrea Tovar en capitalizar el hartazgo de la ciudadan\u00eda al PAN y ganar la elecci\u00f3n al Congreso de Quer\u00e9taro\"}]},{\"@type\":\"WebSite\",\"@id\":\"https:\\\/\\\/redamlo.com\\\/#website\",\"url\":\"https:\\\/\\\/redamlo.com\\\/\",\"name\":\"NOTICIAS DE LA 4T\",\"description\":\"\",\"publisher\":{\"@id\":\"https:\\\/\\\/redamlo.com\\\/#organization\"},\"potentialAction\":[{\"@type\":\"SearchAction\",\"target\":{\"@type\":\"EntryPoint\",\"urlTemplate\":\"https:\\\/\\\/redamlo.com\\\/?s={search_term_string}\"},\"query-input\":{\"@type\":\"PropertyValueSpecification\",\"valueRequired\":true,\"valueName\":\"search_term_string\"}}],\"inLanguage\":\"es\"},{\"@type\":\"Organization\",\"@id\":\"https:\\\/\\\/redamlo.com\\\/#organization\",\"name\":\"NOTICIAS DE LA 4T\",\"url\":\"https:\\\/\\\/redamlo.com\\\/\",\"logo\":{\"@type\":\"ImageObject\",\"inLanguage\":\"es\",\"@id\":\"https:\\\/\\\/redamlo.com\\\/#\\\/schema\\\/logo\\\/image\\\/\",\"url\":\"https:\\\/\\\/redamlo.com\\\/wp-content\\\/uploads\\\/2024\\\/08\\\/cropped-RED-AMLO-logo-50.png\",\"contentUrl\":\"https:\\\/\\\/redamlo.com\\\/wp-content\\\/uploads\\\/2024\\\/08\\\/cropped-RED-AMLO-logo-50.png\",\"width\":256,\"height\":256,\"caption\":\"NOTICIAS DE LA 4T\"},\"image\":{\"@id\":\"https:\\\/\\\/redamlo.com\\\/#\\\/schema\\\/logo\\\/image\\\/\"}},{\"@type\":\"Person\",\"@id\":\"https:\\\/\\\/redamlo.com\\\/#\\\/schema\\\/person\\\/197a0a670d21b1f4f1483ddda1b64613\",\"name\":\"admin\",\"image\":{\"@type\":\"ImageObject\",\"inLanguage\":\"es\",\"@id\":\"https:\\\/\\\/secure.gravatar.com\\\/avatar\\\/293dccd927043f2e641da6685c2f84009782eb9ee0054daceada4e261ded849a?s=96&d=mm&r=g\",\"url\":\"https:\\\/\\\/secure.gravatar.com\\\/avatar\\\/293dccd927043f2e641da6685c2f84009782eb9ee0054daceada4e261ded849a?s=96&d=mm&r=g\",\"contentUrl\":\"https:\\\/\\\/secure.gravatar.com\\\/avatar\\\/293dccd927043f2e641da6685c2f84009782eb9ee0054daceada4e261ded849a?s=96&d=mm&r=g\",\"caption\":\"admin\"},\"sameAs\":[\"https:\\\/\\\/redamlo.com\"],\"url\":\"https:\\\/\\\/redamlo.com\\\/index.php\\\/author\\\/stell\\\/\"}]}<\/script>\n<!-- \/ Yoast SEO plugin. -->","yoast_head_json":{"title":"Conf\u00eda Andrea Tovar en capitalizar el hartazgo de la ciudadan\u00eda al PAN y ganar la elecci\u00f3n al Congreso de Quer\u00e9taro - NOTICIAS DE LA 4T","robots":{"index":"noindex","follow":"follow","max-snippet":"max-snippet:-1","max-image-preview":"max-image-preview:large","max-video-preview":"max-video-preview:-1"},"og_locale":"es_MX","og_type":"article","og_title":"Conf\u00eda Andrea Tovar en capitalizar el hartazgo de la ciudadan\u00eda al PAN y ganar la elecci\u00f3n al Congreso de Quer\u00e9taro - NOTICIAS DE LA 4T","og_description":"La candidata al Distrito I local en Quer\u00e9taro por Morena, Andrea Tovar Saavedra, dijo confiar...","og_url":"https:\/\/redamlo.com\/index.php\/2024\/05\/29\/confia-andrea-tovar-en-capitalizar-el-hartazgo-de-la-ciudadania-al-pan-y-ganar-la-eleccion-al-congreso-de-queretaro\/","og_site_name":"NOTICIAS DE LA 4T","article_published_time":"2024-05-30T04:24:05+00:00","og_image":[{"width":1080,"height":1080,"url":"https:\/\/redamlo.com\/wp-content\/uploads\/2024\/05\/andrea-tovar-gana-qro-2.jpg","type":"image\/jpeg"}],"author":"admin","twitter_card":"summary_large_image","twitter_misc":{"Escrito por":"admin","Tiempo de lectura":"3 minutos"},"schema":{"@context":"https:\/\/schema.org","@graph":[{"@type":"Article","@id":"https:\/\/redamlo.com\/index.php\/2024\/05\/29\/confia-andrea-tovar-en-capitalizar-el-hartazgo-de-la-ciudadania-al-pan-y-ganar-la-eleccion-al-congreso-de-queretaro\/#article","isPartOf":{"@id":"https:\/\/redamlo.com\/index.php\/2024\/05\/29\/confia-andrea-tovar-en-capitalizar-el-hartazgo-de-la-ciudadania-al-pan-y-ganar-la-eleccion-al-congreso-de-queretaro\/"},"author":{"name":"admin","@id":"https:\/\/redamlo.com\/#\/schema\/person\/197a0a670d21b1f4f1483ddda1b64613"},"headline":"Conf\u00eda Andrea Tovar en capitalizar el hartazgo de la ciudadan\u00eda al PAN y ganar la elecci\u00f3n al Congreso de Quer\u00e9taro","datePublished":"2024-05-30T04:24:05+00:00","mainEntityOfPage":{"@id":"https:\/\/redamlo.com\/index.php\/2024\/05\/29\/confia-andrea-tovar-en-capitalizar-el-hartazgo-de-la-ciudadania-al-pan-y-ganar-la-eleccion-al-congreso-de-queretaro\/"},"wordCount":345,"commentCount":0,"publisher":{"@id":"https:\/\/redamlo.com\/#organization"},"image":{"@id":"https:\/\/redamlo.com\/index.php\/2024\/05\/29\/confia-andrea-tovar-en-capitalizar-el-hartazgo-de-la-ciudadania-al-pan-y-ganar-la-eleccion-al-congreso-de-queretaro\/#primaryimage"},"thumbnailUrl":"https:\/\/redamlo.com\/wp-content\/uploads\/2024\/05\/andrea-tovar-gana-qro-2.jpg","keywords":["andrea tovar","congreso qro","elecciones queretaro 2024","Morena","PT","PVEM"],"articleSection":["Estados","Pol\u00edtica"],"inLanguage":"es","potentialAction":[{"@type":"CommentAction","name":"Comment","target":["https:\/\/redamlo.com\/index.php\/2024\/05\/29\/confia-andrea-tovar-en-capitalizar-el-hartazgo-de-la-ciudadania-al-pan-y-ganar-la-eleccion-al-congreso-de-queretaro\/#respond"]}]},{"@type":"WebPage","@id":"https:\/\/redamlo.com\/index.php\/2024\/05\/29\/confia-andrea-tovar-en-capitalizar-el-hartazgo-de-la-ciudadania-al-pan-y-ganar-la-eleccion-al-congreso-de-queretaro\/","url":"https:\/\/redamlo.com\/index.php\/2024\/05\/29\/confia-andrea-tovar-en-capitalizar-el-hartazgo-de-la-ciudadania-al-pan-y-ganar-la-eleccion-al-congreso-de-queretaro\/","name":"Conf\u00eda Andrea Tovar en capitalizar el hartazgo de la ciudadan\u00eda al PAN y ganar la elecci\u00f3n al Congreso de Quer\u00e9taro - NOTICIAS DE LA 4T","isPartOf":{"@id":"https:\/\/redamlo.com\/#website"},"primaryImageOfPage":{"@id":"https:\/\/redamlo.com\/index.php\/2024\/05\/29\/confia-andrea-tovar-en-capitalizar-el-hartazgo-de-la-ciudadania-al-pan-y-ganar-la-eleccion-al-congreso-de-queretaro\/#primaryimage"},"image":{"@id":"https:\/\/redamlo.com\/index.php\/2024\/05\/29\/confia-andrea-tovar-en-capitalizar-el-hartazgo-de-la-ciudadania-al-pan-y-ganar-la-eleccion-al-congreso-de-queretaro\/#primaryimage"},"thumbnailUrl":"https:\/\/redamlo.com\/wp-content\/uploads\/2024\/05\/andrea-tovar-gana-qro-2.jpg","datePublished":"2024-05-30T04:24:05+00:00","breadcrumb":{"@id":"https:\/\/redamlo.com\/index.php\/2024\/05\/29\/confia-andrea-tovar-en-capitalizar-el-hartazgo-de-la-ciudadania-al-pan-y-ganar-la-eleccion-al-congreso-de-queretaro\/#breadcrumb"},"inLanguage":"es","potentialAction":[{"@type":"ReadAction","target":["https:\/\/redamlo.com\/index.php\/2024\/05\/29\/confia-andrea-tovar-en-capitalizar-el-hartazgo-de-la-ciudadania-al-pan-y-ganar-la-eleccion-al-congreso-de-queretaro\/"]}]},{"@type":"ImageObject","inLanguage":"es","@id":"https:\/\/redamlo.com\/index.php\/2024\/05\/29\/confia-andrea-tovar-en-capitalizar-el-hartazgo-de-la-ciudadania-al-pan-y-ganar-la-eleccion-al-congreso-de-queretaro\/#primaryimage","url":"https:\/\/redamlo.com\/wp-content\/uploads\/2024\/05\/andrea-tovar-gana-qro-2.jpg","contentUrl":"https:\/\/redamlo.com\/wp-content\/uploads\/2024\/05\/andrea-tovar-gana-qro-2.jpg","width":1080,"height":1080},{"@type":"BreadcrumbList","@id":"https:\/\/redamlo.com\/index.php\/2024\/05\/29\/confia-andrea-tovar-en-capitalizar-el-hartazgo-de-la-ciudadania-al-pan-y-ganar-la-eleccion-al-congreso-de-queretaro\/#breadcrumb","itemListElement":[{"@type":"ListItem","position":1,"name":"Inicio","item":"https:\/\/redamlo.com\/"},{"@type":"ListItem","position":2,"name":"Conf\u00eda Andrea Tovar en capitalizar el hartazgo de la ciudadan\u00eda al PAN y ganar la elecci\u00f3n al Congreso de Quer\u00e9taro"}]},{"@type":"WebSite","@id":"https:\/\/redamlo.com\/#website","url":"https:\/\/redamlo.com\/","name":"NOTICIAS DE LA 4T","description":"","publisher":{"@id":"https:\/\/redamlo.com\/#organization"},"potentialAction":[{"@type":"SearchAction","target":{"@type":"EntryPoint","urlTemplate":"https:\/\/redamlo.com\/?s={search_term_string}"},"query-input":{"@type":"PropertyValueSpecification","valueRequired":true,"valueName":"search_term_string"}}],"inLanguage":"es"},{"@type":"Organization","@id":"https:\/\/redamlo.com\/#organization","name":"NOTICIAS DE LA 4T","url":"https:\/\/redamlo.com\/","logo":{"@type":"ImageObject","inLanguage":"es","@id":"https:\/\/redamlo.com\/#\/schema\/logo\/image\/","url":"https:\/\/redamlo.com\/wp-content\/uploads\/2024\/08\/cropped-RED-AMLO-logo-50.png","contentUrl":"https:\/\/redamlo.com\/wp-content\/uploads\/2024\/08\/cropped-RED-AMLO-logo-50.png","width":256,"height":256,"caption":"NOTICIAS DE LA 4T"},"image":{"@id":"https:\/\/redamlo.com\/#\/schema\/logo\/image\/"}},{"@type":"Person","@id":"https:\/\/redamlo.com\/#\/schema\/person\/197a0a670d21b1f4f1483ddda1b64613","name":"admin","image":{"@type":"ImageObject","inLanguage":"es","@id":"https:\/\/secure.gravatar.com\/avatar\/293dccd927043f2e641da6685c2f84009782eb9ee0054daceada4e261ded849a?s=96&d=mm&r=g","url":"https:\/\/secure.gravatar.com\/avatar\/293dccd927043f2e641da6685c2f84009782eb9ee0054daceada4e261ded849a?s=96&d=mm&r=g","contentUrl":"https:\/\/secure.gravatar.com\/avatar\/293dccd927043f2e641da6685c2f84009782eb9ee0054daceada4e261ded849a?s=96&d=mm&r=g","caption":"admin"},"sameAs":["https:\/\/redamlo.com"],"url":"https:\/\/redamlo.com\/index.php\/author\/stell\/"}]}},"_links":{"self":[{"href":"https:\/\/redamlo.com\/index.php\/wp-json\/wp\/v2\/posts\/7858","targetHints":{"allow":["GET"]}}],"collection":[{"href":"https:\/\/redamlo.com\/index.php\/wp-json\/wp\/v2\/posts"}],"about":[{"href":"https:\/\/redamlo.com\/index.php\/wp-json\/wp\/v2\/types\/post"}],"author":[{"embeddable":true,"href":"https:\/\/redamlo.com\/index.php\/wp-json\/wp\/v2\/users\/1"}],"replies":[{"embeddable":true,"href":"https:\/\/redamlo.com\/index.php\/wp-json\/wp\/v2\/comments?post=7858"}],"version-history":[{"count":0,"href":"https:\/\/redamlo.com\/index.php\/wp-json\/wp\/v2\/posts\/7858\/revisions"}],"wp:featuredmedia":[{"embeddable":true,"href":"https:\/\/redamlo.com\/index.php\/wp-json\/wp\/v2\/media\/7861"}],"wp:attachment":[{"href":"https:\/\/redamlo.com\/index.php\/wp-json\/wp\/v2\/media?parent=7858"}],"wp:term":[{"taxonomy":"category","embeddable":true,"href":"https:\/\/redamlo.com\/index.php\/wp-json\/wp\/v2\/categories?post=7858"},{"taxonomy":"post_tag","embeddable":true,"href":"https:\/\/redamlo.com\/index.php\/wp-json\/wp\/v2\/tags?post=7858"}],"curies":[{"name":"wp","href":"https:\/\/api.w.org\/{rel}","templated":true}]}}