{"id":7853,"date":"2024-05-29T20:12:31","date_gmt":"2024-05-30T02:12:31","guid":{"rendered":"https:\/\/redamlo.com\/?p=7853"},"modified":"2024-05-29T20:12:31","modified_gmt":"2024-05-30T02:12:31","slug":"aventaja-clara-brugada-con-14-puntos-en-la-cdmx-seguira-siendo-el-corazon-del-obradorismo-afirma","status":"publish","type":"post","link":"https:\/\/redamlo.com\/index.php\/2024\/05\/29\/aventaja-clara-brugada-con-14-puntos-en-la-cdmx-seguira-siendo-el-corazon-del-obradorismo-afirma\/","title":{"rendered":"Aventaja Clara Brugada con 14 puntos en la CDMX; seguir\u00e1 siendo el coraz\u00f3n del obradorismo, afirma"},"content":{"rendered":"<p>Por : Zavianny Torres Baltazar.<\/p>\n<p>&nbsp;<\/p>\n<p>&nbsp;<\/p>\n<p>Clara Brugada aventaja en las preferencias electorales en la Ciudad de M\u00e9xico. La encuesta publicada por la empresa De Las Heras Demotecnia muestra que el 55% de los capitalinos respaldan a la candidata.<\/p>\n<p><img loading=\"lazy\" decoding=\"async\" class=\"aligncenter wp-image-7855 size-large\" src=\"https:\/\/redamlo.com\/wp-content\/uploads\/2024\/05\/clara-aventaja-1-1024x576.jpg\" alt=\"\" width=\"640\" height=\"360\" srcset=\"https:\/\/redamlo.com\/wp-content\/uploads\/2024\/05\/clara-aventaja-1-1024x576.jpg 1024w, https:\/\/redamlo.com\/wp-content\/uploads\/2024\/05\/clara-aventaja-1-300x169.jpg 300w, https:\/\/redamlo.com\/wp-content\/uploads\/2024\/05\/clara-aventaja-1-768x432.jpg 768w, https:\/\/redamlo.com\/wp-content\/uploads\/2024\/05\/clara-aventaja-1-1536x864.jpg 1536w, https:\/\/redamlo.com\/wp-content\/uploads\/2024\/05\/clara-aventaja-1.jpg 1600w\" sizes=\"auto, (max-width: 640px) 100vw, 640px\" \/><\/p>\n<p>&nbsp;<\/p>\n<p>Con una participaci\u00f3n estimada en el 64%, se estima que Brugada obtendr\u00e1 el triunfo, ya que le saca 14 puntos de ventaja a Santiago Taboada, es decir, casi 800 mil votos.<\/p>\n<p>&nbsp;<\/p>\n<p>Durante la campa\u00f1a, la aspirante de los partidos Morena, Partido Verde y Partido del Trabajo, present\u00f3 el mayor crecimiento con respecto a sus contrincantes, ya que al inicio se estimaba que pudiera tener 2 millones 500 mil votos, al d\u00eda de hoy a esa cifra se suman 300 mil m\u00e1s.<\/p>\n<p>&nbsp;<\/p>\n<p>Taboada, por su parte, tuvo un incremento tres veces menor al que tuvo Clara Brugada durante el periodo de campa\u00f1a.<\/p>\n<p><img loading=\"lazy\" decoding=\"async\" class=\"aligncenter wp-image-7854 size-large\" src=\"https:\/\/redamlo.com\/wp-content\/uploads\/2024\/05\/clara-aventaja-3-1024x576.jpg\" alt=\"\" width=\"640\" height=\"360\" srcset=\"https:\/\/redamlo.com\/wp-content\/uploads\/2024\/05\/clara-aventaja-3-1024x576.jpg 1024w, https:\/\/redamlo.com\/wp-content\/uploads\/2024\/05\/clara-aventaja-3-300x169.jpg 300w, https:\/\/redamlo.com\/wp-content\/uploads\/2024\/05\/clara-aventaja-3-768x432.jpg 768w, https:\/\/redamlo.com\/wp-content\/uploads\/2024\/05\/clara-aventaja-3-1536x864.jpg 1536w, https:\/\/redamlo.com\/wp-content\/uploads\/2024\/05\/clara-aventaja-3.jpg 1600w\" sizes=\"auto, (max-width: 640px) 100vw, 640px\" \/><\/p>\n<p>&nbsp;<\/p>\n<p>Durante su discurso en el cierre de campa\u00f1a de Claudia Sheinbaum en el Z\u00f3calo de la Ciudad de M\u00e9xico, Brugada asegur\u00f3 que continuar\u00e1 trabajando por el bienestar de los capitalinos, as\u00ed como lo hizo durante su gesti\u00f3n al frente de la alcald\u00eda Iztapalapa.<\/p>\n<p>&nbsp;<\/p>\n<p>Asegur\u00f3 que derogar\u00e1 a la priandilla inmobiliaria y que la Ciudad de M\u00e9xico seguir\u00e1 siendo el coraz\u00f3n del obradorismo en el pa\u00eds.<\/p>\n<p>&nbsp;<\/p>\n<p>&#8220;En esta gran ciudad ganaremos con contundencia la Jefatura de Gobierno y todas las alcald\u00edas. El pueblo triunfar\u00e1 y derrotaremos a la priandilla inmobiliaria y esta gran ciudad seguir\u00e1 siendo el coraz\u00f3n del obradorismo&#8221;<\/p>\n<p>&nbsp;<\/p>\n","protected":false},"excerpt":{"rendered":"<p>Por : Zavianny Torres Baltazar. &nbsp; &nbsp; Clara Brugada aventaja en las preferencias electorales en&#8230;<\/p>\n","protected":false},"author":1,"featured_media":7857,"comment_status":"open","ping_status":"closed","sticky":false,"template":"","format":"standard","meta":{"footnotes":""},"categories":[17,5],"tags":[190,154,885,2666,24,389,390],"class_list":["post-7853","post","type-post","status-publish","format-standard","has-post-thumbnail","hentry","category-cdmx","category-politica","tag-4t","tag-cdmx","tag-clara-brugada","tag-elecciones-2024","tag-morena","tag-pt","tag-pvem"],"yoast_head":"<!-- This site is optimized with the Yoast SEO plugin v27.5 - https:\/\/yoast.com\/product\/yoast-seo-wordpress\/ -->\n<title>Aventaja Clara Brugada con 14 puntos en la CDMX; seguir\u00e1 siendo el coraz\u00f3n del obradorismo, afirma - NOTICIAS DE LA 4T<\/title>\n<meta name=\"robots\" content=\"noindex, follow, max-snippet:-1, max-image-preview:large, max-video-preview:-1\" \/>\n<meta property=\"og:locale\" content=\"es_MX\" \/>\n<meta property=\"og:type\" content=\"article\" \/>\n<meta property=\"og:title\" content=\"Aventaja Clara Brugada con 14 puntos en la CDMX; seguir\u00e1 siendo el coraz\u00f3n del obradorismo, afirma - NOTICIAS DE LA 4T\" \/>\n<meta property=\"og:description\" content=\"Por : Zavianny Torres Baltazar. &nbsp; &nbsp; Clara Brugada aventaja en las preferencias electorales en...\" \/>\n<meta property=\"og:url\" content=\"https:\/\/redamlo.com\/index.php\/2024\/05\/29\/aventaja-clara-brugada-con-14-puntos-en-la-cdmx-seguira-siendo-el-corazon-del-obradorismo-afirma\/\" \/>\n<meta property=\"og:site_name\" content=\"NOTICIAS DE LA 4T\" \/>\n<meta property=\"article:published_time\" content=\"2024-05-30T02:12:31+00:00\" \/>\n<meta property=\"og:image\" content=\"https:\/\/redamlo.com\/wp-content\/uploads\/2024\/05\/clara-aventaja-2.jpg\" \/>\n\t<meta property=\"og:image:width\" content=\"1080\" \/>\n\t<meta property=\"og:image:height\" content=\"1350\" \/>\n\t<meta property=\"og:image:type\" content=\"image\/jpeg\" \/>\n<meta name=\"author\" content=\"admin\" \/>\n<meta name=\"twitter:card\" content=\"summary_large_image\" \/>\n<meta name=\"twitter:label1\" content=\"Escrito por\" \/>\n\t<meta name=\"twitter:data1\" content=\"admin\" \/>\n\t<meta name=\"twitter:label2\" content=\"Tiempo de lectura\" \/>\n\t<meta name=\"twitter:data2\" content=\"2 minutos\" \/>\n<script type=\"application\/ld+json\" class=\"yoast-schema-graph\">{\"@context\":\"https:\\\/\\\/schema.org\",\"@graph\":[{\"@type\":\"Article\",\"@id\":\"https:\\\/\\\/redamlo.com\\\/index.php\\\/2024\\\/05\\\/29\\\/aventaja-clara-brugada-con-14-puntos-en-la-cdmx-seguira-siendo-el-corazon-del-obradorismo-afirma\\\/#article\",\"isPartOf\":{\"@id\":\"https:\\\/\\\/redamlo.com\\\/index.php\\\/2024\\\/05\\\/29\\\/aventaja-clara-brugada-con-14-puntos-en-la-cdmx-seguira-siendo-el-corazon-del-obradorismo-afirma\\\/\"},\"author\":{\"name\":\"admin\",\"@id\":\"https:\\\/\\\/redamlo.com\\\/#\\\/schema\\\/person\\\/197a0a670d21b1f4f1483ddda1b64613\"},\"headline\":\"Aventaja Clara Brugada con 14 puntos en la CDMX; seguir\u00e1 siendo el coraz\u00f3n del obradorismo, afirma\",\"datePublished\":\"2024-05-30T02:12:31+00:00\",\"mainEntityOfPage\":{\"@id\":\"https:\\\/\\\/redamlo.com\\\/index.php\\\/2024\\\/05\\\/29\\\/aventaja-clara-brugada-con-14-puntos-en-la-cdmx-seguira-siendo-el-corazon-del-obradorismo-afirma\\\/\"},\"wordCount\":271,\"commentCount\":0,\"publisher\":{\"@id\":\"https:\\\/\\\/redamlo.com\\\/#organization\"},\"image\":{\"@id\":\"https:\\\/\\\/redamlo.com\\\/index.php\\\/2024\\\/05\\\/29\\\/aventaja-clara-brugada-con-14-puntos-en-la-cdmx-seguira-siendo-el-corazon-del-obradorismo-afirma\\\/#primaryimage\"},\"thumbnailUrl\":\"https:\\\/\\\/redamlo.com\\\/wp-content\\\/uploads\\\/2024\\\/05\\\/clara-aventaja-2.jpg\",\"keywords\":[\"4T\",\"CDMX\",\"Clara Brugada\",\"Elecciones 2024\",\"Morena\",\"PT\",\"PVEM\"],\"articleSection\":[\"CDMX\",\"Pol\u00edtica\"],\"inLanguage\":\"es\",\"potentialAction\":[{\"@type\":\"CommentAction\",\"name\":\"Comment\",\"target\":[\"https:\\\/\\\/redamlo.com\\\/index.php\\\/2024\\\/05\\\/29\\\/aventaja-clara-brugada-con-14-puntos-en-la-cdmx-seguira-siendo-el-corazon-del-obradorismo-afirma\\\/#respond\"]}]},{\"@type\":\"WebPage\",\"@id\":\"https:\\\/\\\/redamlo.com\\\/index.php\\\/2024\\\/05\\\/29\\\/aventaja-clara-brugada-con-14-puntos-en-la-cdmx-seguira-siendo-el-corazon-del-obradorismo-afirma\\\/\",\"url\":\"https:\\\/\\\/redamlo.com\\\/index.php\\\/2024\\\/05\\\/29\\\/aventaja-clara-brugada-con-14-puntos-en-la-cdmx-seguira-siendo-el-corazon-del-obradorismo-afirma\\\/\",\"name\":\"Aventaja Clara Brugada con 14 puntos en la CDMX; seguir\u00e1 siendo el coraz\u00f3n del obradorismo, afirma - NOTICIAS DE LA 4T\",\"isPartOf\":{\"@id\":\"https:\\\/\\\/redamlo.com\\\/#website\"},\"primaryImageOfPage\":{\"@id\":\"https:\\\/\\\/redamlo.com\\\/index.php\\\/2024\\\/05\\\/29\\\/aventaja-clara-brugada-con-14-puntos-en-la-cdmx-seguira-siendo-el-corazon-del-obradorismo-afirma\\\/#primaryimage\"},\"image\":{\"@id\":\"https:\\\/\\\/redamlo.com\\\/index.php\\\/2024\\\/05\\\/29\\\/aventaja-clara-brugada-con-14-puntos-en-la-cdmx-seguira-siendo-el-corazon-del-obradorismo-afirma\\\/#primaryimage\"},\"thumbnailUrl\":\"https:\\\/\\\/redamlo.com\\\/wp-content\\\/uploads\\\/2024\\\/05\\\/clara-aventaja-2.jpg\",\"datePublished\":\"2024-05-30T02:12:31+00:00\",\"breadcrumb\":{\"@id\":\"https:\\\/\\\/redamlo.com\\\/index.php\\\/2024\\\/05\\\/29\\\/aventaja-clara-brugada-con-14-puntos-en-la-cdmx-seguira-siendo-el-corazon-del-obradorismo-afirma\\\/#breadcrumb\"},\"inLanguage\":\"es\",\"potentialAction\":[{\"@type\":\"ReadAction\",\"target\":[\"https:\\\/\\\/redamlo.com\\\/index.php\\\/2024\\\/05\\\/29\\\/aventaja-clara-brugada-con-14-puntos-en-la-cdmx-seguira-siendo-el-corazon-del-obradorismo-afirma\\\/\"]}]},{\"@type\":\"ImageObject\",\"inLanguage\":\"es\",\"@id\":\"https:\\\/\\\/redamlo.com\\\/index.php\\\/2024\\\/05\\\/29\\\/aventaja-clara-brugada-con-14-puntos-en-la-cdmx-seguira-siendo-el-corazon-del-obradorismo-afirma\\\/#primaryimage\",\"url\":\"https:\\\/\\\/redamlo.com\\\/wp-content\\\/uploads\\\/2024\\\/05\\\/clara-aventaja-2.jpg\",\"contentUrl\":\"https:\\\/\\\/redamlo.com\\\/wp-content\\\/uploads\\\/2024\\\/05\\\/clara-aventaja-2.jpg\",\"width\":1080,\"height\":1350},{\"@type\":\"BreadcrumbList\",\"@id\":\"https:\\\/\\\/redamlo.com\\\/index.php\\\/2024\\\/05\\\/29\\\/aventaja-clara-brugada-con-14-puntos-en-la-cdmx-seguira-siendo-el-corazon-del-obradorismo-afirma\\\/#breadcrumb\",\"itemListElement\":[{\"@type\":\"ListItem\",\"position\":1,\"name\":\"Inicio\",\"item\":\"https:\\\/\\\/redamlo.com\\\/\"},{\"@type\":\"ListItem\",\"position\":2,\"name\":\"Aventaja Clara Brugada con 14 puntos en la CDMX; seguir\u00e1 siendo el coraz\u00f3n del obradorismo, afirma\"}]},{\"@type\":\"WebSite\",\"@id\":\"https:\\\/\\\/redamlo.com\\\/#website\",\"url\":\"https:\\\/\\\/redamlo.com\\\/\",\"name\":\"NOTICIAS DE LA 4T\",\"description\":\"\",\"publisher\":{\"@id\":\"https:\\\/\\\/redamlo.com\\\/#organization\"},\"potentialAction\":[{\"@type\":\"SearchAction\",\"target\":{\"@type\":\"EntryPoint\",\"urlTemplate\":\"https:\\\/\\\/redamlo.com\\\/?s={search_term_string}\"},\"query-input\":{\"@type\":\"PropertyValueSpecification\",\"valueRequired\":true,\"valueName\":\"search_term_string\"}}],\"inLanguage\":\"es\"},{\"@type\":\"Organization\",\"@id\":\"https:\\\/\\\/redamlo.com\\\/#organization\",\"name\":\"NOTICIAS DE LA 4T\",\"url\":\"https:\\\/\\\/redamlo.com\\\/\",\"logo\":{\"@type\":\"ImageObject\",\"inLanguage\":\"es\",\"@id\":\"https:\\\/\\\/redamlo.com\\\/#\\\/schema\\\/logo\\\/image\\\/\",\"url\":\"https:\\\/\\\/redamlo.com\\\/wp-content\\\/uploads\\\/2024\\\/08\\\/cropped-RED-AMLO-logo-50.png\",\"contentUrl\":\"https:\\\/\\\/redamlo.com\\\/wp-content\\\/uploads\\\/2024\\\/08\\\/cropped-RED-AMLO-logo-50.png\",\"width\":256,\"height\":256,\"caption\":\"NOTICIAS DE LA 4T\"},\"image\":{\"@id\":\"https:\\\/\\\/redamlo.com\\\/#\\\/schema\\\/logo\\\/image\\\/\"}},{\"@type\":\"Person\",\"@id\":\"https:\\\/\\\/redamlo.com\\\/#\\\/schema\\\/person\\\/197a0a670d21b1f4f1483ddda1b64613\",\"name\":\"admin\",\"image\":{\"@type\":\"ImageObject\",\"inLanguage\":\"es\",\"@id\":\"https:\\\/\\\/secure.gravatar.com\\\/avatar\\\/293dccd927043f2e641da6685c2f84009782eb9ee0054daceada4e261ded849a?s=96&d=mm&r=g\",\"url\":\"https:\\\/\\\/secure.gravatar.com\\\/avatar\\\/293dccd927043f2e641da6685c2f84009782eb9ee0054daceada4e261ded849a?s=96&d=mm&r=g\",\"contentUrl\":\"https:\\\/\\\/secure.gravatar.com\\\/avatar\\\/293dccd927043f2e641da6685c2f84009782eb9ee0054daceada4e261ded849a?s=96&d=mm&r=g\",\"caption\":\"admin\"},\"sameAs\":[\"https:\\\/\\\/redamlo.com\"],\"url\":\"https:\\\/\\\/redamlo.com\\\/index.php\\\/author\\\/stell\\\/\"}]}<\/script>\n<!-- \/ Yoast SEO plugin. -->","yoast_head_json":{"title":"Aventaja Clara Brugada con 14 puntos en la CDMX; seguir\u00e1 siendo el coraz\u00f3n del obradorismo, afirma - NOTICIAS DE LA 4T","robots":{"index":"noindex","follow":"follow","max-snippet":"max-snippet:-1","max-image-preview":"max-image-preview:large","max-video-preview":"max-video-preview:-1"},"og_locale":"es_MX","og_type":"article","og_title":"Aventaja Clara Brugada con 14 puntos en la CDMX; seguir\u00e1 siendo el coraz\u00f3n del obradorismo, afirma - NOTICIAS DE LA 4T","og_description":"Por : Zavianny Torres Baltazar. &nbsp; &nbsp; Clara Brugada aventaja en las preferencias electorales en...","og_url":"https:\/\/redamlo.com\/index.php\/2024\/05\/29\/aventaja-clara-brugada-con-14-puntos-en-la-cdmx-seguira-siendo-el-corazon-del-obradorismo-afirma\/","og_site_name":"NOTICIAS DE LA 4T","article_published_time":"2024-05-30T02:12:31+00:00","og_image":[{"width":1080,"height":1350,"url":"https:\/\/redamlo.com\/wp-content\/uploads\/2024\/05\/clara-aventaja-2.jpg","type":"image\/jpeg"}],"author":"admin","twitter_card":"summary_large_image","twitter_misc":{"Escrito por":"admin","Tiempo de lectura":"2 minutos"},"schema":{"@context":"https:\/\/schema.org","@graph":[{"@type":"Article","@id":"https:\/\/redamlo.com\/index.php\/2024\/05\/29\/aventaja-clara-brugada-con-14-puntos-en-la-cdmx-seguira-siendo-el-corazon-del-obradorismo-afirma\/#article","isPartOf":{"@id":"https:\/\/redamlo.com\/index.php\/2024\/05\/29\/aventaja-clara-brugada-con-14-puntos-en-la-cdmx-seguira-siendo-el-corazon-del-obradorismo-afirma\/"},"author":{"name":"admin","@id":"https:\/\/redamlo.com\/#\/schema\/person\/197a0a670d21b1f4f1483ddda1b64613"},"headline":"Aventaja Clara Brugada con 14 puntos en la CDMX; seguir\u00e1 siendo el coraz\u00f3n del obradorismo, afirma","datePublished":"2024-05-30T02:12:31+00:00","mainEntityOfPage":{"@id":"https:\/\/redamlo.com\/index.php\/2024\/05\/29\/aventaja-clara-brugada-con-14-puntos-en-la-cdmx-seguira-siendo-el-corazon-del-obradorismo-afirma\/"},"wordCount":271,"commentCount":0,"publisher":{"@id":"https:\/\/redamlo.com\/#organization"},"image":{"@id":"https:\/\/redamlo.com\/index.php\/2024\/05\/29\/aventaja-clara-brugada-con-14-puntos-en-la-cdmx-seguira-siendo-el-corazon-del-obradorismo-afirma\/#primaryimage"},"thumbnailUrl":"https:\/\/redamlo.com\/wp-content\/uploads\/2024\/05\/clara-aventaja-2.jpg","keywords":["4T","CDMX","Clara Brugada","Elecciones 2024","Morena","PT","PVEM"],"articleSection":["CDMX","Pol\u00edtica"],"inLanguage":"es","potentialAction":[{"@type":"CommentAction","name":"Comment","target":["https:\/\/redamlo.com\/index.php\/2024\/05\/29\/aventaja-clara-brugada-con-14-puntos-en-la-cdmx-seguira-siendo-el-corazon-del-obradorismo-afirma\/#respond"]}]},{"@type":"WebPage","@id":"https:\/\/redamlo.com\/index.php\/2024\/05\/29\/aventaja-clara-brugada-con-14-puntos-en-la-cdmx-seguira-siendo-el-corazon-del-obradorismo-afirma\/","url":"https:\/\/redamlo.com\/index.php\/2024\/05\/29\/aventaja-clara-brugada-con-14-puntos-en-la-cdmx-seguira-siendo-el-corazon-del-obradorismo-afirma\/","name":"Aventaja Clara Brugada con 14 puntos en la CDMX; seguir\u00e1 siendo el coraz\u00f3n del obradorismo, afirma - NOTICIAS DE LA 4T","isPartOf":{"@id":"https:\/\/redamlo.com\/#website"},"primaryImageOfPage":{"@id":"https:\/\/redamlo.com\/index.php\/2024\/05\/29\/aventaja-clara-brugada-con-14-puntos-en-la-cdmx-seguira-siendo-el-corazon-del-obradorismo-afirma\/#primaryimage"},"image":{"@id":"https:\/\/redamlo.com\/index.php\/2024\/05\/29\/aventaja-clara-brugada-con-14-puntos-en-la-cdmx-seguira-siendo-el-corazon-del-obradorismo-afirma\/#primaryimage"},"thumbnailUrl":"https:\/\/redamlo.com\/wp-content\/uploads\/2024\/05\/clara-aventaja-2.jpg","datePublished":"2024-05-30T02:12:31+00:00","breadcrumb":{"@id":"https:\/\/redamlo.com\/index.php\/2024\/05\/29\/aventaja-clara-brugada-con-14-puntos-en-la-cdmx-seguira-siendo-el-corazon-del-obradorismo-afirma\/#breadcrumb"},"inLanguage":"es","potentialAction":[{"@type":"ReadAction","target":["https:\/\/redamlo.com\/index.php\/2024\/05\/29\/aventaja-clara-brugada-con-14-puntos-en-la-cdmx-seguira-siendo-el-corazon-del-obradorismo-afirma\/"]}]},{"@type":"ImageObject","inLanguage":"es","@id":"https:\/\/redamlo.com\/index.php\/2024\/05\/29\/aventaja-clara-brugada-con-14-puntos-en-la-cdmx-seguira-siendo-el-corazon-del-obradorismo-afirma\/#primaryimage","url":"https:\/\/redamlo.com\/wp-content\/uploads\/2024\/05\/clara-aventaja-2.jpg","contentUrl":"https:\/\/redamlo.com\/wp-content\/uploads\/2024\/05\/clara-aventaja-2.jpg","width":1080,"height":1350},{"@type":"BreadcrumbList","@id":"https:\/\/redamlo.com\/index.php\/2024\/05\/29\/aventaja-clara-brugada-con-14-puntos-en-la-cdmx-seguira-siendo-el-corazon-del-obradorismo-afirma\/#breadcrumb","itemListElement":[{"@type":"ListItem","position":1,"name":"Inicio","item":"https:\/\/redamlo.com\/"},{"@type":"ListItem","position":2,"name":"Aventaja Clara Brugada con 14 puntos en la CDMX; seguir\u00e1 siendo el coraz\u00f3n del obradorismo, afirma"}]},{"@type":"WebSite","@id":"https:\/\/redamlo.com\/#website","url":"https:\/\/redamlo.com\/","name":"NOTICIAS DE LA 4T","description":"","publisher":{"@id":"https:\/\/redamlo.com\/#organization"},"potentialAction":[{"@type":"SearchAction","target":{"@type":"EntryPoint","urlTemplate":"https:\/\/redamlo.com\/?s={search_term_string}"},"query-input":{"@type":"PropertyValueSpecification","valueRequired":true,"valueName":"search_term_string"}}],"inLanguage":"es"},{"@type":"Organization","@id":"https:\/\/redamlo.com\/#organization","name":"NOTICIAS DE LA 4T","url":"https:\/\/redamlo.com\/","logo":{"@type":"ImageObject","inLanguage":"es","@id":"https:\/\/redamlo.com\/#\/schema\/logo\/image\/","url":"https:\/\/redamlo.com\/wp-content\/uploads\/2024\/08\/cropped-RED-AMLO-logo-50.png","contentUrl":"https:\/\/redamlo.com\/wp-content\/uploads\/2024\/08\/cropped-RED-AMLO-logo-50.png","width":256,"height":256,"caption":"NOTICIAS DE LA 4T"},"image":{"@id":"https:\/\/redamlo.com\/#\/schema\/logo\/image\/"}},{"@type":"Person","@id":"https:\/\/redamlo.com\/#\/schema\/person\/197a0a670d21b1f4f1483ddda1b64613","name":"admin","image":{"@type":"ImageObject","inLanguage":"es","@id":"https:\/\/secure.gravatar.com\/avatar\/293dccd927043f2e641da6685c2f84009782eb9ee0054daceada4e261ded849a?s=96&d=mm&r=g","url":"https:\/\/secure.gravatar.com\/avatar\/293dccd927043f2e641da6685c2f84009782eb9ee0054daceada4e261ded849a?s=96&d=mm&r=g","contentUrl":"https:\/\/secure.gravatar.com\/avatar\/293dccd927043f2e641da6685c2f84009782eb9ee0054daceada4e261ded849a?s=96&d=mm&r=g","caption":"admin"},"sameAs":["https:\/\/redamlo.com"],"url":"https:\/\/redamlo.com\/index.php\/author\/stell\/"}]}},"_links":{"self":[{"href":"https:\/\/redamlo.com\/index.php\/wp-json\/wp\/v2\/posts\/7853","targetHints":{"allow":["GET"]}}],"collection":[{"href":"https:\/\/redamlo.com\/index.php\/wp-json\/wp\/v2\/posts"}],"about":[{"href":"https:\/\/redamlo.com\/index.php\/wp-json\/wp\/v2\/types\/post"}],"author":[{"embeddable":true,"href":"https:\/\/redamlo.com\/index.php\/wp-json\/wp\/v2\/users\/1"}],"replies":[{"embeddable":true,"href":"https:\/\/redamlo.com\/index.php\/wp-json\/wp\/v2\/comments?post=7853"}],"version-history":[{"count":0,"href":"https:\/\/redamlo.com\/index.php\/wp-json\/wp\/v2\/posts\/7853\/revisions"}],"wp:featuredmedia":[{"embeddable":true,"href":"https:\/\/redamlo.com\/index.php\/wp-json\/wp\/v2\/media\/7857"}],"wp:attachment":[{"href":"https:\/\/redamlo.com\/index.php\/wp-json\/wp\/v2\/media?parent=7853"}],"wp:term":[{"taxonomy":"category","embeddable":true,"href":"https:\/\/redamlo.com\/index.php\/wp-json\/wp\/v2\/categories?post=7853"},{"taxonomy":"post_tag","embeddable":true,"href":"https:\/\/redamlo.com\/index.php\/wp-json\/wp\/v2\/tags?post=7853"}],"curies":[{"name":"wp","href":"https:\/\/api.w.org\/{rel}","templated":true}]}}