{"id":7843,"date":"2024-05-25T14:08:27","date_gmt":"2024-05-25T20:08:27","guid":{"rendered":"https:\/\/redamlo.com\/?p=7843"},"modified":"2024-05-25T14:08:27","modified_gmt":"2024-05-25T20:08:27","slug":"mas-de-900-intelectuales-academicos-y-artistas-expresan-su-apoyo-a-claudia-sheinbaum","status":"publish","type":"post","link":"https:\/\/redamlo.com\/index.php\/2024\/05\/25\/mas-de-900-intelectuales-academicos-y-artistas-expresan-su-apoyo-a-claudia-sheinbaum\/","title":{"rendered":"M\u00e1s de 900 intelectuales, acad\u00e9micos y artistas expresan su apoyo a Claudia Sheinbaum"},"content":{"rendered":"<div>\n<p><strong>M\u00e1s de 900 intelectuales, acad\u00e9micos, cient\u00edficos y artistas<\/strong> expresaron su apoyo este viernes a la candidatura presidencial de Claudia <strong>Sheinbaum<\/strong> para la elecci\u00f3n del 2 de junio.<\/p>\n<\/div>\n<div>\n<p>En un documento titulado \u2018Por una Democracia para todas y todos\u2019, las y los firmantes se\u00f1alan que \u201cla democracia seguir\u00e1 fortaleci\u00e9ndose con la siguiente etapa de la transformaci\u00f3n\u201d, en referencia a la continuidad del gobierno del presidente Andr\u00e9s Manuel L\u00f3pez Obrador.<\/p>\n<\/div>\n<div>\n<p>\u201cLa transformaci\u00f3n de la vida p\u00fablica nacional que vivimos es producto de un movimiento profundo, amplio, plural, que surge de las luchas por la democracia y la justicia en M\u00e9xico.<\/p>\n<\/div>\n<div>\n<p>\u201cEn ella coincidimos ciudadanas y ciudadanos de una sociedad plural, que encuentra en la candidatura de la Dra. Claudia Sheinbaum Pardo y en su programa de gobierno, las mejores propuestas para consolidar un pa\u00eds<br \/>\nm\u00e1s justo y pr\u00f3spero.<\/p>\n<\/div>\n<div>\n<p><a href=\"https:\/\/editorial.aristeguinoticias.com\/wp-content\/uploads\/2024\/05\/claudia-sheinbaum-900-intelectuales-academicos-artistas-apoyo-sheinbaum-3-24052024-scaled.jpg\"><img loading=\"lazy\" decoding=\"async\" class=\"alignnone size-large wp-image-1392543\" src=\"https:\/\/editorial.aristeguinoticias.com\/wp-content\/uploads\/2024\/05\/claudia-sheinbaum-900-intelectuales-academicos-artistas-apoyo-sheinbaum-3-24052024-700x459.jpg\" sizes=\"auto, (max-width: 700px) 100vw, 700px\" srcset=\"https:\/\/editorial.aristeguinoticias.com\/wp-content\/uploads\/2024\/05\/claudia-sheinbaum-900-intelectuales-academicos-artistas-apoyo-sheinbaum-3-24052024-700x459.jpg 700w, https:\/\/editorial.aristeguinoticias.com\/wp-content\/uploads\/2024\/05\/claudia-sheinbaum-900-intelectuales-academicos-artistas-apoyo-sheinbaum-3-24052024-250x164.jpg 250w, https:\/\/editorial.aristeguinoticias.com\/wp-content\/uploads\/2024\/05\/claudia-sheinbaum-900-intelectuales-academicos-artistas-apoyo-sheinbaum-3-24052024-768x504.jpg 768w, https:\/\/editorial.aristeguinoticias.com\/wp-content\/uploads\/2024\/05\/claudia-sheinbaum-900-intelectuales-academicos-artistas-apoyo-sheinbaum-3-24052024-628x412.jpg 628w, https:\/\/editorial.aristeguinoticias.com\/wp-content\/uploads\/2024\/05\/claudia-sheinbaum-900-intelectuales-academicos-artistas-apoyo-sheinbaum-3-24052024-298x195.jpg 298w, https:\/\/editorial.aristeguinoticias.com\/wp-content\/uploads\/2024\/05\/claudia-sheinbaum-900-intelectuales-academicos-artistas-apoyo-sheinbaum-3-24052024-295x193.jpg 295w, https:\/\/editorial.aristeguinoticias.com\/wp-content\/uploads\/2024\/05\/claudia-sheinbaum-900-intelectuales-academicos-artistas-apoyo-sheinbaum-3-24052024-205x134.jpg 205w, https:\/\/editorial.aristeguinoticias.com\/wp-content\/uploads\/2024\/05\/claudia-sheinbaum-900-intelectuales-academicos-artistas-apoyo-sheinbaum-3-24052024-1536x1007.jpg 1536w, https:\/\/editorial.aristeguinoticias.com\/wp-content\/uploads\/2024\/05\/claudia-sheinbaum-900-intelectuales-academicos-artistas-apoyo-sheinbaum-3-24052024-2048x1343.jpg 2048w, https:\/\/editorial.aristeguinoticias.com\/wp-content\/uploads\/2024\/05\/claudia-sheinbaum-900-intelectuales-academicos-artistas-apoyo-sheinbaum-3-24052024-120x79.jpg 120w\" alt=\"\" width=\"700\" height=\"459\" \/><\/a><\/p>\n<\/div>\n<div><\/div>\n<div>\n<p>\u201cLa democracia seguir\u00e1 fortaleci\u00e9ndose con la siguiente etapa de la transformaci\u00f3n. Ganaremos las elecciones, libre y democr\u00e1ticamente el 2 de junio.<\/p>\n<\/div>\n<div>\n<p>\u201cSalgamos todas y todos a votar por el \u00fanico proyecto de naci\u00f3n que garantiza la prosperidad compartida.<\/p>\n<\/div>\n<div>\n<p>\u201cQuienes suscribimos este documento, acad\u00e9micos, intelectuales, cient\u00edficos y artistas, apoyamos a la Dra.<br \/>\nClaudia Sheinbaum Pardo\u201d, finaliza el documento.<\/p>\n<\/div>\n<div>\n<p>Por su parte, Claudia Sheinbaum Pardo neg\u00f3 que la democracia est\u00e9 \u201cen riesgo\u201d con su candidatura como afirma la oposici\u00f3n, que ha elevado los se\u00f1alamientos de \u201cautoritarismo\u201d en la \u00faltima semana de campa\u00f1as.<\/p>\n<\/div>\n<div>\n<p>\u201cLa democracia no solo no est\u00e1 en riesgo, sino que se fortalece con el proyecto que representamos, porque la defensa de la democracia nunca ha sido una reivindicaci\u00f3n de la derecha, es m\u00e1s, la lucha por la democracia es una parte del origen de nuestro movimiento\u201d.<\/p>\n<\/div>\n<div>\n<p><a href=\"https:\/\/editorial.aristeguinoticias.com\/wp-content\/uploads\/2024\/05\/claudia-sheinbaum-900-intelectuales-academicos-artistas-apoyo-sheinbaum-2-24052024.jpg\"><img loading=\"lazy\" decoding=\"async\" class=\"alignnone size-large wp-image-1392544\" src=\"https:\/\/editorial.aristeguinoticias.com\/wp-content\/uploads\/2024\/05\/claudia-sheinbaum-900-intelectuales-academicos-artistas-apoyo-sheinbaum-2-24052024-700x935.jpg\" sizes=\"auto, (max-width: 700px) 100vw, 700px\" srcset=\"https:\/\/editorial.aristeguinoticias.com\/wp-content\/uploads\/2024\/05\/claudia-sheinbaum-900-intelectuales-academicos-artistas-apoyo-sheinbaum-2-24052024-700x935.jpg 700w, https:\/\/editorial.aristeguinoticias.com\/wp-content\/uploads\/2024\/05\/claudia-sheinbaum-900-intelectuales-academicos-artistas-apoyo-sheinbaum-2-24052024-250x334.jpg 250w, https:\/\/editorial.aristeguinoticias.com\/wp-content\/uploads\/2024\/05\/claudia-sheinbaum-900-intelectuales-academicos-artistas-apoyo-sheinbaum-2-24052024-768x1026.jpg 768w, https:\/\/editorial.aristeguinoticias.com\/wp-content\/uploads\/2024\/05\/claudia-sheinbaum-900-intelectuales-academicos-artistas-apoyo-sheinbaum-2-24052024-628x839.jpg 628w, https:\/\/editorial.aristeguinoticias.com\/wp-content\/uploads\/2024\/05\/claudia-sheinbaum-900-intelectuales-academicos-artistas-apoyo-sheinbaum-2-24052024-298x398.jpg 298w, https:\/\/editorial.aristeguinoticias.com\/wp-content\/uploads\/2024\/05\/claudia-sheinbaum-900-intelectuales-academicos-artistas-apoyo-sheinbaum-2-24052024-295x394.jpg 295w, https:\/\/editorial.aristeguinoticias.com\/wp-content\/uploads\/2024\/05\/claudia-sheinbaum-900-intelectuales-academicos-artistas-apoyo-sheinbaum-2-24052024-205x274.jpg 205w, https:\/\/editorial.aristeguinoticias.com\/wp-content\/uploads\/2024\/05\/claudia-sheinbaum-900-intelectuales-academicos-artistas-apoyo-sheinbaum-2-24052024-1150x1536.jpg 1150w, https:\/\/editorial.aristeguinoticias.com\/wp-content\/uploads\/2024\/05\/claudia-sheinbaum-900-intelectuales-academicos-artistas-apoyo-sheinbaum-2-24052024-120x160.jpg 120w, https:\/\/editorial.aristeguinoticias.com\/wp-content\/uploads\/2024\/05\/claudia-sheinbaum-900-intelectuales-academicos-artistas-apoyo-sheinbaum-2-24052024.jpg 1437w\" alt=\"\" width=\"700\" height=\"935\" \/><\/a><\/p>\n<\/div>\n<div>\n<p>Afirm\u00f3 que la democracia es su \u201cbandera\u201d en un encuentro con los m\u00e1s de 900 intelectuales, acad\u00e9micos, cient\u00edficos y artistas que le expresaron su apoyo.<\/p>\n<\/div>\n<div>\n<p>\u201cNos une el anhelo de seguir construyendo un M\u00e9xico democr\u00e1tico, justo, de libertades, soberano, libre de discriminaci\u00f3n, de racismo, de clasismo, nos indigna la pobreza y la desigualdad, nos indigna la corrupci\u00f3n, nos indignan los privilegios frente a los derechos\u201d, expres\u00f3 Sheinbaum.<\/p>\n<\/div>\n<div>\n<div id=\"div-gpt-ad-ddnotamexicoZA_box_e\"><\/div>\n<\/div>\n<div>\n<p>La abanderada de la coalici\u00f3n Sigamos Haciendo Historia, integrada por tambi\u00e9n por los partidos del Trabajo (PT) y el Verde Ecologista de M\u00e9xico (PVEM), estuvo acompa\u00f1ada en el estrado por el historiador Lorenzo Meyer, la investigadora Sonia Mayra P\u00e9rez, el flautista Horacio Franco, la cient\u00edfica Rosaura Ruiz Guti\u00e9rrez, y el exrector de la Universidad Nacional Aut\u00f3noma de M\u00e9xico (UNAM) Juan Ram\u00f3n de la Fuente. (EFE)<\/p>\n<\/div>\n","protected":false},"excerpt":{"rendered":"<p>M\u00e1s de 900 intelectuales, acad\u00e9micos, cient\u00edficos y artistas expresaron su apoyo este viernes a la&#8230;<\/p>\n","protected":false},"author":1,"featured_media":7844,"comment_status":"open","ping_status":"closed","sticky":false,"template":"","format":"standard","meta":{"footnotes":""},"categories":[25],"tags":[2703,2470],"class_list":["post-7843","post","type-post","status-publish","format-standard","has-post-thumbnail","hentry","category-4t","tag-900-intelectuales","tag-sheinbaum"],"yoast_head":"<!-- This site is optimized with the Yoast SEO plugin v27.5 - https:\/\/yoast.com\/product\/yoast-seo-wordpress\/ -->\n<title>M\u00e1s de 900 intelectuales, acad\u00e9micos y artistas expresan su apoyo a Claudia Sheinbaum - NOTICIAS DE LA 4T<\/title>\n<meta name=\"robots\" content=\"noindex, follow, max-snippet:-1, max-image-preview:large, max-video-preview:-1\" \/>\n<meta property=\"og:locale\" content=\"es_MX\" \/>\n<meta property=\"og:type\" content=\"article\" \/>\n<meta property=\"og:title\" content=\"M\u00e1s de 900 intelectuales, acad\u00e9micos y artistas expresan su apoyo a Claudia Sheinbaum - NOTICIAS DE LA 4T\" \/>\n<meta property=\"og:description\" content=\"M\u00e1s de 900 intelectuales, acad\u00e9micos, cient\u00edficos y artistas expresaron su apoyo este viernes a la...\" \/>\n<meta property=\"og:url\" content=\"https:\/\/redamlo.com\/index.php\/2024\/05\/25\/mas-de-900-intelectuales-academicos-y-artistas-expresan-su-apoyo-a-claudia-sheinbaum\/\" \/>\n<meta property=\"og:site_name\" content=\"NOTICIAS DE LA 4T\" \/>\n<meta property=\"article:published_time\" content=\"2024-05-25T20:08:27+00:00\" \/>\n<meta property=\"og:image\" content=\"https:\/\/redamlo.com\/wp-content\/uploads\/2024\/05\/900_shein.jpeg\" \/>\n\t<meta property=\"og:image:width\" content=\"1200\" \/>\n\t<meta property=\"og:image:height\" content=\"750\" \/>\n\t<meta property=\"og:image:type\" content=\"image\/jpeg\" \/>\n<meta name=\"author\" content=\"admin\" \/>\n<meta name=\"twitter:card\" content=\"summary_large_image\" \/>\n<meta name=\"twitter:label1\" content=\"Escrito por\" \/>\n\t<meta name=\"twitter:data1\" content=\"admin\" \/>\n\t<meta name=\"twitter:label2\" content=\"Tiempo de lectura\" \/>\n\t<meta name=\"twitter:data2\" content=\"3 minutos\" \/>\n<script type=\"application\/ld+json\" class=\"yoast-schema-graph\">{\"@context\":\"https:\\\/\\\/schema.org\",\"@graph\":[{\"@type\":\"Article\",\"@id\":\"https:\\\/\\\/redamlo.com\\\/index.php\\\/2024\\\/05\\\/25\\\/mas-de-900-intelectuales-academicos-y-artistas-expresan-su-apoyo-a-claudia-sheinbaum\\\/#article\",\"isPartOf\":{\"@id\":\"https:\\\/\\\/redamlo.com\\\/index.php\\\/2024\\\/05\\\/25\\\/mas-de-900-intelectuales-academicos-y-artistas-expresan-su-apoyo-a-claudia-sheinbaum\\\/\"},\"author\":{\"name\":\"admin\",\"@id\":\"https:\\\/\\\/redamlo.com\\\/#\\\/schema\\\/person\\\/197a0a670d21b1f4f1483ddda1b64613\"},\"headline\":\"M\u00e1s de 900 intelectuales, acad\u00e9micos y artistas expresan su apoyo a Claudia Sheinbaum\",\"datePublished\":\"2024-05-25T20:08:27+00:00\",\"mainEntityOfPage\":{\"@id\":\"https:\\\/\\\/redamlo.com\\\/index.php\\\/2024\\\/05\\\/25\\\/mas-de-900-intelectuales-academicos-y-artistas-expresan-su-apoyo-a-claudia-sheinbaum\\\/\"},\"wordCount\":457,\"commentCount\":0,\"publisher\":{\"@id\":\"https:\\\/\\\/redamlo.com\\\/#organization\"},\"image\":{\"@id\":\"https:\\\/\\\/redamlo.com\\\/index.php\\\/2024\\\/05\\\/25\\\/mas-de-900-intelectuales-academicos-y-artistas-expresan-su-apoyo-a-claudia-sheinbaum\\\/#primaryimage\"},\"thumbnailUrl\":\"https:\\\/\\\/redamlo.com\\\/wp-content\\\/uploads\\\/2024\\\/05\\\/900_shein.jpeg\",\"keywords\":[\"900 intelectuales\",\"Sheinbaum\"],\"articleSection\":[\"4T\"],\"inLanguage\":\"es\",\"potentialAction\":[{\"@type\":\"CommentAction\",\"name\":\"Comment\",\"target\":[\"https:\\\/\\\/redamlo.com\\\/index.php\\\/2024\\\/05\\\/25\\\/mas-de-900-intelectuales-academicos-y-artistas-expresan-su-apoyo-a-claudia-sheinbaum\\\/#respond\"]}]},{\"@type\":\"WebPage\",\"@id\":\"https:\\\/\\\/redamlo.com\\\/index.php\\\/2024\\\/05\\\/25\\\/mas-de-900-intelectuales-academicos-y-artistas-expresan-su-apoyo-a-claudia-sheinbaum\\\/\",\"url\":\"https:\\\/\\\/redamlo.com\\\/index.php\\\/2024\\\/05\\\/25\\\/mas-de-900-intelectuales-academicos-y-artistas-expresan-su-apoyo-a-claudia-sheinbaum\\\/\",\"name\":\"M\u00e1s de 900 intelectuales, acad\u00e9micos y artistas expresan su apoyo a Claudia Sheinbaum - NOTICIAS DE LA 4T\",\"isPartOf\":{\"@id\":\"https:\\\/\\\/redamlo.com\\\/#website\"},\"primaryImageOfPage\":{\"@id\":\"https:\\\/\\\/redamlo.com\\\/index.php\\\/2024\\\/05\\\/25\\\/mas-de-900-intelectuales-academicos-y-artistas-expresan-su-apoyo-a-claudia-sheinbaum\\\/#primaryimage\"},\"image\":{\"@id\":\"https:\\\/\\\/redamlo.com\\\/index.php\\\/2024\\\/05\\\/25\\\/mas-de-900-intelectuales-academicos-y-artistas-expresan-su-apoyo-a-claudia-sheinbaum\\\/#primaryimage\"},\"thumbnailUrl\":\"https:\\\/\\\/redamlo.com\\\/wp-content\\\/uploads\\\/2024\\\/05\\\/900_shein.jpeg\",\"datePublished\":\"2024-05-25T20:08:27+00:00\",\"breadcrumb\":{\"@id\":\"https:\\\/\\\/redamlo.com\\\/index.php\\\/2024\\\/05\\\/25\\\/mas-de-900-intelectuales-academicos-y-artistas-expresan-su-apoyo-a-claudia-sheinbaum\\\/#breadcrumb\"},\"inLanguage\":\"es\",\"potentialAction\":[{\"@type\":\"ReadAction\",\"target\":[\"https:\\\/\\\/redamlo.com\\\/index.php\\\/2024\\\/05\\\/25\\\/mas-de-900-intelectuales-academicos-y-artistas-expresan-su-apoyo-a-claudia-sheinbaum\\\/\"]}]},{\"@type\":\"ImageObject\",\"inLanguage\":\"es\",\"@id\":\"https:\\\/\\\/redamlo.com\\\/index.php\\\/2024\\\/05\\\/25\\\/mas-de-900-intelectuales-academicos-y-artistas-expresan-su-apoyo-a-claudia-sheinbaum\\\/#primaryimage\",\"url\":\"https:\\\/\\\/redamlo.com\\\/wp-content\\\/uploads\\\/2024\\\/05\\\/900_shein.jpeg\",\"contentUrl\":\"https:\\\/\\\/redamlo.com\\\/wp-content\\\/uploads\\\/2024\\\/05\\\/900_shein.jpeg\",\"width\":1200,\"height\":750},{\"@type\":\"BreadcrumbList\",\"@id\":\"https:\\\/\\\/redamlo.com\\\/index.php\\\/2024\\\/05\\\/25\\\/mas-de-900-intelectuales-academicos-y-artistas-expresan-su-apoyo-a-claudia-sheinbaum\\\/#breadcrumb\",\"itemListElement\":[{\"@type\":\"ListItem\",\"position\":1,\"name\":\"Inicio\",\"item\":\"https:\\\/\\\/redamlo.com\\\/\"},{\"@type\":\"ListItem\",\"position\":2,\"name\":\"M\u00e1s de 900 intelectuales, acad\u00e9micos y artistas expresan su apoyo a Claudia Sheinbaum\"}]},{\"@type\":\"WebSite\",\"@id\":\"https:\\\/\\\/redamlo.com\\\/#website\",\"url\":\"https:\\\/\\\/redamlo.com\\\/\",\"name\":\"NOTICIAS DE LA 4T\",\"description\":\"\",\"publisher\":{\"@id\":\"https:\\\/\\\/redamlo.com\\\/#organization\"},\"potentialAction\":[{\"@type\":\"SearchAction\",\"target\":{\"@type\":\"EntryPoint\",\"urlTemplate\":\"https:\\\/\\\/redamlo.com\\\/?s={search_term_string}\"},\"query-input\":{\"@type\":\"PropertyValueSpecification\",\"valueRequired\":true,\"valueName\":\"search_term_string\"}}],\"inLanguage\":\"es\"},{\"@type\":\"Organization\",\"@id\":\"https:\\\/\\\/redamlo.com\\\/#organization\",\"name\":\"NOTICIAS DE LA 4T\",\"url\":\"https:\\\/\\\/redamlo.com\\\/\",\"logo\":{\"@type\":\"ImageObject\",\"inLanguage\":\"es\",\"@id\":\"https:\\\/\\\/redamlo.com\\\/#\\\/schema\\\/logo\\\/image\\\/\",\"url\":\"https:\\\/\\\/redamlo.com\\\/wp-content\\\/uploads\\\/2024\\\/08\\\/cropped-RED-AMLO-logo-50.png\",\"contentUrl\":\"https:\\\/\\\/redamlo.com\\\/wp-content\\\/uploads\\\/2024\\\/08\\\/cropped-RED-AMLO-logo-50.png\",\"width\":256,\"height\":256,\"caption\":\"NOTICIAS DE LA 4T\"},\"image\":{\"@id\":\"https:\\\/\\\/redamlo.com\\\/#\\\/schema\\\/logo\\\/image\\\/\"}},{\"@type\":\"Person\",\"@id\":\"https:\\\/\\\/redamlo.com\\\/#\\\/schema\\\/person\\\/197a0a670d21b1f4f1483ddda1b64613\",\"name\":\"admin\",\"image\":{\"@type\":\"ImageObject\",\"inLanguage\":\"es\",\"@id\":\"https:\\\/\\\/secure.gravatar.com\\\/avatar\\\/293dccd927043f2e641da6685c2f84009782eb9ee0054daceada4e261ded849a?s=96&d=mm&r=g\",\"url\":\"https:\\\/\\\/secure.gravatar.com\\\/avatar\\\/293dccd927043f2e641da6685c2f84009782eb9ee0054daceada4e261ded849a?s=96&d=mm&r=g\",\"contentUrl\":\"https:\\\/\\\/secure.gravatar.com\\\/avatar\\\/293dccd927043f2e641da6685c2f84009782eb9ee0054daceada4e261ded849a?s=96&d=mm&r=g\",\"caption\":\"admin\"},\"sameAs\":[\"https:\\\/\\\/redamlo.com\"],\"url\":\"https:\\\/\\\/redamlo.com\\\/index.php\\\/author\\\/stell\\\/\"}]}<\/script>\n<!-- \/ Yoast SEO plugin. -->","yoast_head_json":{"title":"M\u00e1s de 900 intelectuales, acad\u00e9micos y artistas expresan su apoyo a Claudia Sheinbaum - NOTICIAS DE LA 4T","robots":{"index":"noindex","follow":"follow","max-snippet":"max-snippet:-1","max-image-preview":"max-image-preview:large","max-video-preview":"max-video-preview:-1"},"og_locale":"es_MX","og_type":"article","og_title":"M\u00e1s de 900 intelectuales, acad\u00e9micos y artistas expresan su apoyo a Claudia Sheinbaum - NOTICIAS DE LA 4T","og_description":"M\u00e1s de 900 intelectuales, acad\u00e9micos, cient\u00edficos y artistas expresaron su apoyo este viernes a la...","og_url":"https:\/\/redamlo.com\/index.php\/2024\/05\/25\/mas-de-900-intelectuales-academicos-y-artistas-expresan-su-apoyo-a-claudia-sheinbaum\/","og_site_name":"NOTICIAS DE LA 4T","article_published_time":"2024-05-25T20:08:27+00:00","og_image":[{"width":1200,"height":750,"url":"https:\/\/redamlo.com\/wp-content\/uploads\/2024\/05\/900_shein.jpeg","type":"image\/jpeg"}],"author":"admin","twitter_card":"summary_large_image","twitter_misc":{"Escrito por":"admin","Tiempo de lectura":"3 minutos"},"schema":{"@context":"https:\/\/schema.org","@graph":[{"@type":"Article","@id":"https:\/\/redamlo.com\/index.php\/2024\/05\/25\/mas-de-900-intelectuales-academicos-y-artistas-expresan-su-apoyo-a-claudia-sheinbaum\/#article","isPartOf":{"@id":"https:\/\/redamlo.com\/index.php\/2024\/05\/25\/mas-de-900-intelectuales-academicos-y-artistas-expresan-su-apoyo-a-claudia-sheinbaum\/"},"author":{"name":"admin","@id":"https:\/\/redamlo.com\/#\/schema\/person\/197a0a670d21b1f4f1483ddda1b64613"},"headline":"M\u00e1s de 900 intelectuales, acad\u00e9micos y artistas expresan su apoyo a Claudia Sheinbaum","datePublished":"2024-05-25T20:08:27+00:00","mainEntityOfPage":{"@id":"https:\/\/redamlo.com\/index.php\/2024\/05\/25\/mas-de-900-intelectuales-academicos-y-artistas-expresan-su-apoyo-a-claudia-sheinbaum\/"},"wordCount":457,"commentCount":0,"publisher":{"@id":"https:\/\/redamlo.com\/#organization"},"image":{"@id":"https:\/\/redamlo.com\/index.php\/2024\/05\/25\/mas-de-900-intelectuales-academicos-y-artistas-expresan-su-apoyo-a-claudia-sheinbaum\/#primaryimage"},"thumbnailUrl":"https:\/\/redamlo.com\/wp-content\/uploads\/2024\/05\/900_shein.jpeg","keywords":["900 intelectuales","Sheinbaum"],"articleSection":["4T"],"inLanguage":"es","potentialAction":[{"@type":"CommentAction","name":"Comment","target":["https:\/\/redamlo.com\/index.php\/2024\/05\/25\/mas-de-900-intelectuales-academicos-y-artistas-expresan-su-apoyo-a-claudia-sheinbaum\/#respond"]}]},{"@type":"WebPage","@id":"https:\/\/redamlo.com\/index.php\/2024\/05\/25\/mas-de-900-intelectuales-academicos-y-artistas-expresan-su-apoyo-a-claudia-sheinbaum\/","url":"https:\/\/redamlo.com\/index.php\/2024\/05\/25\/mas-de-900-intelectuales-academicos-y-artistas-expresan-su-apoyo-a-claudia-sheinbaum\/","name":"M\u00e1s de 900 intelectuales, acad\u00e9micos y artistas expresan su apoyo a Claudia Sheinbaum - NOTICIAS DE LA 4T","isPartOf":{"@id":"https:\/\/redamlo.com\/#website"},"primaryImageOfPage":{"@id":"https:\/\/redamlo.com\/index.php\/2024\/05\/25\/mas-de-900-intelectuales-academicos-y-artistas-expresan-su-apoyo-a-claudia-sheinbaum\/#primaryimage"},"image":{"@id":"https:\/\/redamlo.com\/index.php\/2024\/05\/25\/mas-de-900-intelectuales-academicos-y-artistas-expresan-su-apoyo-a-claudia-sheinbaum\/#primaryimage"},"thumbnailUrl":"https:\/\/redamlo.com\/wp-content\/uploads\/2024\/05\/900_shein.jpeg","datePublished":"2024-05-25T20:08:27+00:00","breadcrumb":{"@id":"https:\/\/redamlo.com\/index.php\/2024\/05\/25\/mas-de-900-intelectuales-academicos-y-artistas-expresan-su-apoyo-a-claudia-sheinbaum\/#breadcrumb"},"inLanguage":"es","potentialAction":[{"@type":"ReadAction","target":["https:\/\/redamlo.com\/index.php\/2024\/05\/25\/mas-de-900-intelectuales-academicos-y-artistas-expresan-su-apoyo-a-claudia-sheinbaum\/"]}]},{"@type":"ImageObject","inLanguage":"es","@id":"https:\/\/redamlo.com\/index.php\/2024\/05\/25\/mas-de-900-intelectuales-academicos-y-artistas-expresan-su-apoyo-a-claudia-sheinbaum\/#primaryimage","url":"https:\/\/redamlo.com\/wp-content\/uploads\/2024\/05\/900_shein.jpeg","contentUrl":"https:\/\/redamlo.com\/wp-content\/uploads\/2024\/05\/900_shein.jpeg","width":1200,"height":750},{"@type":"BreadcrumbList","@id":"https:\/\/redamlo.com\/index.php\/2024\/05\/25\/mas-de-900-intelectuales-academicos-y-artistas-expresan-su-apoyo-a-claudia-sheinbaum\/#breadcrumb","itemListElement":[{"@type":"ListItem","position":1,"name":"Inicio","item":"https:\/\/redamlo.com\/"},{"@type":"ListItem","position":2,"name":"M\u00e1s de 900 intelectuales, acad\u00e9micos y artistas expresan su apoyo a Claudia Sheinbaum"}]},{"@type":"WebSite","@id":"https:\/\/redamlo.com\/#website","url":"https:\/\/redamlo.com\/","name":"NOTICIAS DE LA 4T","description":"","publisher":{"@id":"https:\/\/redamlo.com\/#organization"},"potentialAction":[{"@type":"SearchAction","target":{"@type":"EntryPoint","urlTemplate":"https:\/\/redamlo.com\/?s={search_term_string}"},"query-input":{"@type":"PropertyValueSpecification","valueRequired":true,"valueName":"search_term_string"}}],"inLanguage":"es"},{"@type":"Organization","@id":"https:\/\/redamlo.com\/#organization","name":"NOTICIAS DE LA 4T","url":"https:\/\/redamlo.com\/","logo":{"@type":"ImageObject","inLanguage":"es","@id":"https:\/\/redamlo.com\/#\/schema\/logo\/image\/","url":"https:\/\/redamlo.com\/wp-content\/uploads\/2024\/08\/cropped-RED-AMLO-logo-50.png","contentUrl":"https:\/\/redamlo.com\/wp-content\/uploads\/2024\/08\/cropped-RED-AMLO-logo-50.png","width":256,"height":256,"caption":"NOTICIAS DE LA 4T"},"image":{"@id":"https:\/\/redamlo.com\/#\/schema\/logo\/image\/"}},{"@type":"Person","@id":"https:\/\/redamlo.com\/#\/schema\/person\/197a0a670d21b1f4f1483ddda1b64613","name":"admin","image":{"@type":"ImageObject","inLanguage":"es","@id":"https:\/\/secure.gravatar.com\/avatar\/293dccd927043f2e641da6685c2f84009782eb9ee0054daceada4e261ded849a?s=96&d=mm&r=g","url":"https:\/\/secure.gravatar.com\/avatar\/293dccd927043f2e641da6685c2f84009782eb9ee0054daceada4e261ded849a?s=96&d=mm&r=g","contentUrl":"https:\/\/secure.gravatar.com\/avatar\/293dccd927043f2e641da6685c2f84009782eb9ee0054daceada4e261ded849a?s=96&d=mm&r=g","caption":"admin"},"sameAs":["https:\/\/redamlo.com"],"url":"https:\/\/redamlo.com\/index.php\/author\/stell\/"}]}},"_links":{"self":[{"href":"https:\/\/redamlo.com\/index.php\/wp-json\/wp\/v2\/posts\/7843","targetHints":{"allow":["GET"]}}],"collection":[{"href":"https:\/\/redamlo.com\/index.php\/wp-json\/wp\/v2\/posts"}],"about":[{"href":"https:\/\/redamlo.com\/index.php\/wp-json\/wp\/v2\/types\/post"}],"author":[{"embeddable":true,"href":"https:\/\/redamlo.com\/index.php\/wp-json\/wp\/v2\/users\/1"}],"replies":[{"embeddable":true,"href":"https:\/\/redamlo.com\/index.php\/wp-json\/wp\/v2\/comments?post=7843"}],"version-history":[{"count":0,"href":"https:\/\/redamlo.com\/index.php\/wp-json\/wp\/v2\/posts\/7843\/revisions"}],"wp:featuredmedia":[{"embeddable":true,"href":"https:\/\/redamlo.com\/index.php\/wp-json\/wp\/v2\/media\/7844"}],"wp:attachment":[{"href":"https:\/\/redamlo.com\/index.php\/wp-json\/wp\/v2\/media?parent=7843"}],"wp:term":[{"taxonomy":"category","embeddable":true,"href":"https:\/\/redamlo.com\/index.php\/wp-json\/wp\/v2\/categories?post=7843"},{"taxonomy":"post_tag","embeddable":true,"href":"https:\/\/redamlo.com\/index.php\/wp-json\/wp\/v2\/tags?post=7843"}],"curies":[{"name":"wp","href":"https:\/\/api.w.org\/{rel}","templated":true}]}}