{"id":7834,"date":"2024-05-23T16:33:55","date_gmt":"2024-05-23T22:33:55","guid":{"rendered":"https:\/\/redamlo.com\/?p=7834"},"modified":"2024-05-23T16:33:55","modified_gmt":"2024-05-23T22:33:55","slug":"mi-compromiso-sera-fortalecer-las-acciones-que-en-favor-del-medio-ambiente-hector-garcia-gonzalez","status":"publish","type":"post","link":"https:\/\/redamlo.com\/index.php\/2024\/05\/23\/mi-compromiso-sera-fortalecer-las-acciones-que-en-favor-del-medio-ambiente-hector-garcia-gonzalez\/","title":{"rendered":"Mi compromiso ser\u00e1 fortalecer las acciones que en favor del medio ambiente: H\u00e9ctor Garc\u00eda Gonz\u00e1lez"},"content":{"rendered":"<p>Tenago del Valle, Estado de M\u00e9xico . \u2013 El candidato de la coalici\u00f3n \u201cSigamos Haciendo Historia\u201d a la diputaci\u00f3n local por el Distrito 7 H\u00e9ctor Ra\u00fal Garc\u00eda Gonz\u00e1lez, destac\u00f3 la importancia de crear conciencia en la poblaci\u00f3n del Estado de M\u00e9xico para el cuidado del medio ambiente y los recursos naturales, llam\u00f3 a la ciudadan\u00eda a proteger el planeta y los ecosistemas para disminuir los problemas que afectan a la tierra en el distrito donde est\u00e1 haciendo sus \u00faltimos recorridos de campa\u00f1a.<\/p>\n<p>A unos d\u00edas de la contienda electoral la agenda ambiental ser\u00e1 un factor clave a tener en cuenta por la sociedad que emitir\u00e1 su voto en las urnas, principalmente, los j\u00f3venes, quienes son los que m\u00e1s nos demandan estos temas.<\/p>\n<p>Sobre este punto, afirm\u00f3 que llegando al Congreso del Estado ser\u00e1 fomentador de la cultura del cuidado al medio ambiente; para ello habr\u00e1 de incentivar a los j\u00f3venes para qu\u00e9 sean el motor y defensa de la pol\u00edtica ambientalista, legislar\u00e1 para que se les proporcionen becas y apoyos a j\u00f3venes que se dediquen a actividades agropecuarias y del cuidado ambiental.<\/p>\n<p>Otras de sus propuestas para su distrito son:<\/p>\n<ul>\n<li>Reconocer y proteger a los adultos mayores con servicios de atenci\u00f3n m\u00e9dica domiciliaria.<\/li>\n<li>Proponer Leyes para proteger y respaldar a las mujeres. Busca la prisi\u00f3n de por vida a feminicidas y violadores.<\/li>\n<li>Castigos severos a quienes maltraten a seres sintientes, con la creaci\u00f3n de un registro de agresores de animales.<\/li>\n<\/ul>\n<p>Buscar\u00e1 legislar para que se tenga una Polic\u00eda ambiental para cuidar nuestros recursos naturales y sanciones severas a quien lucre con ellos.<\/p>\n<p>De igual forma habr\u00e1 de impulsar el turismo y el crecimiento econ\u00f3mico de Malinalco, Tenancingo, Tenango del Valle, Joquicingo, Zumpahuacan y Villa Guerrero.<\/p>\n<p>Reiter\u00f3 H\u00e9ctor Garc\u00eda en que \u201cse debe de crear una amplia conciencia de protecci\u00f3n ambiental en ni\u00f1os y ni\u00f1as, desde las escuelas y en las familias; \u00a0es importante no ver estos temas de manera superficial hoy en d\u00eda es no es una obligaci\u00f3n moral y estrat\u00e9gica de gobierno, sino un compromiso con las pr\u00f3ximas generaciones\u201d, asever\u00f3 el candidato del Partido Verde a la diputaci\u00f3n local por el distrito 07 H\u00e9ctor Garc\u00eda Gonz\u00e1lez.<\/p>\n<p>Por \u00faltimo record\u00f3 e hizo un llamado a todas y\u00a0 todos los ciudadanos a salir a votar por la coalici\u00f3n \u201dSigamos Haciendo Historia\u201d para salir a votar en favor de su plataforma pol\u00edtica quien re\u00fane la experiencia y las condiciones para generar bienestar en su distrito, argumentando que votar por una Nueva V\u00eda es la mejor manera de contribuir por un mejor Estado de M\u00e9xico verde y transformador.<\/p>\n","protected":false},"excerpt":{"rendered":"<p>Tenago del Valle, Estado de M\u00e9xico . \u2013 El candidato de la coalici\u00f3n \u201cSigamos Haciendo&#8230;<\/p>\n","protected":false},"author":1,"featured_media":7835,"comment_status":"open","ping_status":"closed","sticky":false,"template":"","format":"standard","meta":{"footnotes":""},"categories":[25,3],"tags":[190,60,2674,232,2697],"class_list":["post-7834","post","type-post","status-publish","format-standard","has-post-thumbnail","hentry","category-4t","category-estado-de-mexico","tag-4t","tag-estado-de-mexico","tag-hector-garcia","tag-medio-ambiente","tag-verdes"],"yoast_head":"<!-- This site is optimized with the Yoast SEO plugin v27.5 - https:\/\/yoast.com\/product\/yoast-seo-wordpress\/ -->\n<title>Mi compromiso ser\u00e1 fortalecer las acciones que en favor del medio ambiente: H\u00e9ctor Garc\u00eda Gonz\u00e1lez - NOTICIAS DE LA 4T<\/title>\n<meta name=\"robots\" content=\"noindex, follow, max-snippet:-1, max-image-preview:large, max-video-preview:-1\" \/>\n<meta property=\"og:locale\" content=\"es_MX\" \/>\n<meta property=\"og:type\" content=\"article\" \/>\n<meta property=\"og:title\" content=\"Mi compromiso ser\u00e1 fortalecer las acciones que en favor del medio ambiente: H\u00e9ctor Garc\u00eda Gonz\u00e1lez - NOTICIAS DE LA 4T\" \/>\n<meta property=\"og:description\" content=\"Tenago del Valle, Estado de M\u00e9xico . \u2013 El candidato de la coalici\u00f3n \u201cSigamos Haciendo...\" \/>\n<meta property=\"og:url\" content=\"https:\/\/redamlo.com\/index.php\/2024\/05\/23\/mi-compromiso-sera-fortalecer-las-acciones-que-en-favor-del-medio-ambiente-hector-garcia-gonzalez\/\" \/>\n<meta property=\"og:site_name\" content=\"NOTICIAS DE LA 4T\" \/>\n<meta property=\"article:published_time\" content=\"2024-05-23T22:33:55+00:00\" \/>\n<meta property=\"og:image\" content=\"https:\/\/redamlo.com\/wp-content\/uploads\/2024\/05\/HG_SELFIE.jpg\" \/>\n\t<meta property=\"og:image:width\" content=\"1360\" \/>\n\t<meta property=\"og:image:height\" content=\"864\" \/>\n\t<meta property=\"og:image:type\" content=\"image\/jpeg\" \/>\n<meta name=\"author\" content=\"admin\" \/>\n<meta name=\"twitter:card\" content=\"summary_large_image\" \/>\n<meta name=\"twitter:label1\" content=\"Escrito por\" \/>\n\t<meta name=\"twitter:data1\" content=\"admin\" \/>\n\t<meta name=\"twitter:label2\" content=\"Tiempo de lectura\" \/>\n\t<meta name=\"twitter:data2\" content=\"2 minutos\" \/>\n<script type=\"application\/ld+json\" class=\"yoast-schema-graph\">{\"@context\":\"https:\\\/\\\/schema.org\",\"@graph\":[{\"@type\":\"Article\",\"@id\":\"https:\\\/\\\/redamlo.com\\\/index.php\\\/2024\\\/05\\\/23\\\/mi-compromiso-sera-fortalecer-las-acciones-que-en-favor-del-medio-ambiente-hector-garcia-gonzalez\\\/#article\",\"isPartOf\":{\"@id\":\"https:\\\/\\\/redamlo.com\\\/index.php\\\/2024\\\/05\\\/23\\\/mi-compromiso-sera-fortalecer-las-acciones-que-en-favor-del-medio-ambiente-hector-garcia-gonzalez\\\/\"},\"author\":{\"name\":\"admin\",\"@id\":\"https:\\\/\\\/redamlo.com\\\/#\\\/schema\\\/person\\\/197a0a670d21b1f4f1483ddda1b64613\"},\"headline\":\"Mi compromiso ser\u00e1 fortalecer las acciones que en favor del medio ambiente: H\u00e9ctor Garc\u00eda Gonz\u00e1lez\",\"datePublished\":\"2024-05-23T22:33:55+00:00\",\"mainEntityOfPage\":{\"@id\":\"https:\\\/\\\/redamlo.com\\\/index.php\\\/2024\\\/05\\\/23\\\/mi-compromiso-sera-fortalecer-las-acciones-que-en-favor-del-medio-ambiente-hector-garcia-gonzalez\\\/\"},\"wordCount\":480,\"commentCount\":0,\"publisher\":{\"@id\":\"https:\\\/\\\/redamlo.com\\\/#organization\"},\"image\":{\"@id\":\"https:\\\/\\\/redamlo.com\\\/index.php\\\/2024\\\/05\\\/23\\\/mi-compromiso-sera-fortalecer-las-acciones-que-en-favor-del-medio-ambiente-hector-garcia-gonzalez\\\/#primaryimage\"},\"thumbnailUrl\":\"https:\\\/\\\/redamlo.com\\\/wp-content\\\/uploads\\\/2024\\\/05\\\/HG_SELFIE.jpg\",\"keywords\":[\"4T\",\"estado de mexico\",\"H\u00e9ctor Garc\u00eda\",\"medio ambiente\",\"Verdes\"],\"articleSection\":[\"4T\",\"Estado de M\u00e9xico\"],\"inLanguage\":\"es\",\"potentialAction\":[{\"@type\":\"CommentAction\",\"name\":\"Comment\",\"target\":[\"https:\\\/\\\/redamlo.com\\\/index.php\\\/2024\\\/05\\\/23\\\/mi-compromiso-sera-fortalecer-las-acciones-que-en-favor-del-medio-ambiente-hector-garcia-gonzalez\\\/#respond\"]}]},{\"@type\":\"WebPage\",\"@id\":\"https:\\\/\\\/redamlo.com\\\/index.php\\\/2024\\\/05\\\/23\\\/mi-compromiso-sera-fortalecer-las-acciones-que-en-favor-del-medio-ambiente-hector-garcia-gonzalez\\\/\",\"url\":\"https:\\\/\\\/redamlo.com\\\/index.php\\\/2024\\\/05\\\/23\\\/mi-compromiso-sera-fortalecer-las-acciones-que-en-favor-del-medio-ambiente-hector-garcia-gonzalez\\\/\",\"name\":\"Mi compromiso ser\u00e1 fortalecer las acciones que en favor del medio ambiente: H\u00e9ctor Garc\u00eda Gonz\u00e1lez - NOTICIAS DE LA 4T\",\"isPartOf\":{\"@id\":\"https:\\\/\\\/redamlo.com\\\/#website\"},\"primaryImageOfPage\":{\"@id\":\"https:\\\/\\\/redamlo.com\\\/index.php\\\/2024\\\/05\\\/23\\\/mi-compromiso-sera-fortalecer-las-acciones-que-en-favor-del-medio-ambiente-hector-garcia-gonzalez\\\/#primaryimage\"},\"image\":{\"@id\":\"https:\\\/\\\/redamlo.com\\\/index.php\\\/2024\\\/05\\\/23\\\/mi-compromiso-sera-fortalecer-las-acciones-que-en-favor-del-medio-ambiente-hector-garcia-gonzalez\\\/#primaryimage\"},\"thumbnailUrl\":\"https:\\\/\\\/redamlo.com\\\/wp-content\\\/uploads\\\/2024\\\/05\\\/HG_SELFIE.jpg\",\"datePublished\":\"2024-05-23T22:33:55+00:00\",\"breadcrumb\":{\"@id\":\"https:\\\/\\\/redamlo.com\\\/index.php\\\/2024\\\/05\\\/23\\\/mi-compromiso-sera-fortalecer-las-acciones-que-en-favor-del-medio-ambiente-hector-garcia-gonzalez\\\/#breadcrumb\"},\"inLanguage\":\"es\",\"potentialAction\":[{\"@type\":\"ReadAction\",\"target\":[\"https:\\\/\\\/redamlo.com\\\/index.php\\\/2024\\\/05\\\/23\\\/mi-compromiso-sera-fortalecer-las-acciones-que-en-favor-del-medio-ambiente-hector-garcia-gonzalez\\\/\"]}]},{\"@type\":\"ImageObject\",\"inLanguage\":\"es\",\"@id\":\"https:\\\/\\\/redamlo.com\\\/index.php\\\/2024\\\/05\\\/23\\\/mi-compromiso-sera-fortalecer-las-acciones-que-en-favor-del-medio-ambiente-hector-garcia-gonzalez\\\/#primaryimage\",\"url\":\"https:\\\/\\\/redamlo.com\\\/wp-content\\\/uploads\\\/2024\\\/05\\\/HG_SELFIE.jpg\",\"contentUrl\":\"https:\\\/\\\/redamlo.com\\\/wp-content\\\/uploads\\\/2024\\\/05\\\/HG_SELFIE.jpg\",\"width\":1360,\"height\":864},{\"@type\":\"BreadcrumbList\",\"@id\":\"https:\\\/\\\/redamlo.com\\\/index.php\\\/2024\\\/05\\\/23\\\/mi-compromiso-sera-fortalecer-las-acciones-que-en-favor-del-medio-ambiente-hector-garcia-gonzalez\\\/#breadcrumb\",\"itemListElement\":[{\"@type\":\"ListItem\",\"position\":1,\"name\":\"Inicio\",\"item\":\"https:\\\/\\\/redamlo.com\\\/\"},{\"@type\":\"ListItem\",\"position\":2,\"name\":\"Mi compromiso ser\u00e1 fortalecer las acciones que en favor del medio ambiente: H\u00e9ctor Garc\u00eda Gonz\u00e1lez\"}]},{\"@type\":\"WebSite\",\"@id\":\"https:\\\/\\\/redamlo.com\\\/#website\",\"url\":\"https:\\\/\\\/redamlo.com\\\/\",\"name\":\"NOTICIAS DE LA 4T\",\"description\":\"\",\"publisher\":{\"@id\":\"https:\\\/\\\/redamlo.com\\\/#organization\"},\"potentialAction\":[{\"@type\":\"SearchAction\",\"target\":{\"@type\":\"EntryPoint\",\"urlTemplate\":\"https:\\\/\\\/redamlo.com\\\/?s={search_term_string}\"},\"query-input\":{\"@type\":\"PropertyValueSpecification\",\"valueRequired\":true,\"valueName\":\"search_term_string\"}}],\"inLanguage\":\"es\"},{\"@type\":\"Organization\",\"@id\":\"https:\\\/\\\/redamlo.com\\\/#organization\",\"name\":\"NOTICIAS DE LA 4T\",\"url\":\"https:\\\/\\\/redamlo.com\\\/\",\"logo\":{\"@type\":\"ImageObject\",\"inLanguage\":\"es\",\"@id\":\"https:\\\/\\\/redamlo.com\\\/#\\\/schema\\\/logo\\\/image\\\/\",\"url\":\"https:\\\/\\\/redamlo.com\\\/wp-content\\\/uploads\\\/2024\\\/08\\\/cropped-RED-AMLO-logo-50.png\",\"contentUrl\":\"https:\\\/\\\/redamlo.com\\\/wp-content\\\/uploads\\\/2024\\\/08\\\/cropped-RED-AMLO-logo-50.png\",\"width\":256,\"height\":256,\"caption\":\"NOTICIAS DE LA 4T\"},\"image\":{\"@id\":\"https:\\\/\\\/redamlo.com\\\/#\\\/schema\\\/logo\\\/image\\\/\"}},{\"@type\":\"Person\",\"@id\":\"https:\\\/\\\/redamlo.com\\\/#\\\/schema\\\/person\\\/197a0a670d21b1f4f1483ddda1b64613\",\"name\":\"admin\",\"image\":{\"@type\":\"ImageObject\",\"inLanguage\":\"es\",\"@id\":\"https:\\\/\\\/secure.gravatar.com\\\/avatar\\\/293dccd927043f2e641da6685c2f84009782eb9ee0054daceada4e261ded849a?s=96&d=mm&r=g\",\"url\":\"https:\\\/\\\/secure.gravatar.com\\\/avatar\\\/293dccd927043f2e641da6685c2f84009782eb9ee0054daceada4e261ded849a?s=96&d=mm&r=g\",\"contentUrl\":\"https:\\\/\\\/secure.gravatar.com\\\/avatar\\\/293dccd927043f2e641da6685c2f84009782eb9ee0054daceada4e261ded849a?s=96&d=mm&r=g\",\"caption\":\"admin\"},\"sameAs\":[\"https:\\\/\\\/redamlo.com\"],\"url\":\"https:\\\/\\\/redamlo.com\\\/index.php\\\/author\\\/stell\\\/\"}]}<\/script>\n<!-- \/ Yoast SEO plugin. -->","yoast_head_json":{"title":"Mi compromiso ser\u00e1 fortalecer las acciones que en favor del medio ambiente: H\u00e9ctor Garc\u00eda Gonz\u00e1lez - NOTICIAS DE LA 4T","robots":{"index":"noindex","follow":"follow","max-snippet":"max-snippet:-1","max-image-preview":"max-image-preview:large","max-video-preview":"max-video-preview:-1"},"og_locale":"es_MX","og_type":"article","og_title":"Mi compromiso ser\u00e1 fortalecer las acciones que en favor del medio ambiente: H\u00e9ctor Garc\u00eda Gonz\u00e1lez - NOTICIAS DE LA 4T","og_description":"Tenago del Valle, Estado de M\u00e9xico . \u2013 El candidato de la coalici\u00f3n \u201cSigamos Haciendo...","og_url":"https:\/\/redamlo.com\/index.php\/2024\/05\/23\/mi-compromiso-sera-fortalecer-las-acciones-que-en-favor-del-medio-ambiente-hector-garcia-gonzalez\/","og_site_name":"NOTICIAS DE LA 4T","article_published_time":"2024-05-23T22:33:55+00:00","og_image":[{"width":1360,"height":864,"url":"https:\/\/redamlo.com\/wp-content\/uploads\/2024\/05\/HG_SELFIE.jpg","type":"image\/jpeg"}],"author":"admin","twitter_card":"summary_large_image","twitter_misc":{"Escrito por":"admin","Tiempo de lectura":"2 minutos"},"schema":{"@context":"https:\/\/schema.org","@graph":[{"@type":"Article","@id":"https:\/\/redamlo.com\/index.php\/2024\/05\/23\/mi-compromiso-sera-fortalecer-las-acciones-que-en-favor-del-medio-ambiente-hector-garcia-gonzalez\/#article","isPartOf":{"@id":"https:\/\/redamlo.com\/index.php\/2024\/05\/23\/mi-compromiso-sera-fortalecer-las-acciones-que-en-favor-del-medio-ambiente-hector-garcia-gonzalez\/"},"author":{"name":"admin","@id":"https:\/\/redamlo.com\/#\/schema\/person\/197a0a670d21b1f4f1483ddda1b64613"},"headline":"Mi compromiso ser\u00e1 fortalecer las acciones que en favor del medio ambiente: H\u00e9ctor Garc\u00eda Gonz\u00e1lez","datePublished":"2024-05-23T22:33:55+00:00","mainEntityOfPage":{"@id":"https:\/\/redamlo.com\/index.php\/2024\/05\/23\/mi-compromiso-sera-fortalecer-las-acciones-que-en-favor-del-medio-ambiente-hector-garcia-gonzalez\/"},"wordCount":480,"commentCount":0,"publisher":{"@id":"https:\/\/redamlo.com\/#organization"},"image":{"@id":"https:\/\/redamlo.com\/index.php\/2024\/05\/23\/mi-compromiso-sera-fortalecer-las-acciones-que-en-favor-del-medio-ambiente-hector-garcia-gonzalez\/#primaryimage"},"thumbnailUrl":"https:\/\/redamlo.com\/wp-content\/uploads\/2024\/05\/HG_SELFIE.jpg","keywords":["4T","estado de mexico","H\u00e9ctor Garc\u00eda","medio ambiente","Verdes"],"articleSection":["4T","Estado de M\u00e9xico"],"inLanguage":"es","potentialAction":[{"@type":"CommentAction","name":"Comment","target":["https:\/\/redamlo.com\/index.php\/2024\/05\/23\/mi-compromiso-sera-fortalecer-las-acciones-que-en-favor-del-medio-ambiente-hector-garcia-gonzalez\/#respond"]}]},{"@type":"WebPage","@id":"https:\/\/redamlo.com\/index.php\/2024\/05\/23\/mi-compromiso-sera-fortalecer-las-acciones-que-en-favor-del-medio-ambiente-hector-garcia-gonzalez\/","url":"https:\/\/redamlo.com\/index.php\/2024\/05\/23\/mi-compromiso-sera-fortalecer-las-acciones-que-en-favor-del-medio-ambiente-hector-garcia-gonzalez\/","name":"Mi compromiso ser\u00e1 fortalecer las acciones que en favor del medio ambiente: H\u00e9ctor Garc\u00eda Gonz\u00e1lez - NOTICIAS DE LA 4T","isPartOf":{"@id":"https:\/\/redamlo.com\/#website"},"primaryImageOfPage":{"@id":"https:\/\/redamlo.com\/index.php\/2024\/05\/23\/mi-compromiso-sera-fortalecer-las-acciones-que-en-favor-del-medio-ambiente-hector-garcia-gonzalez\/#primaryimage"},"image":{"@id":"https:\/\/redamlo.com\/index.php\/2024\/05\/23\/mi-compromiso-sera-fortalecer-las-acciones-que-en-favor-del-medio-ambiente-hector-garcia-gonzalez\/#primaryimage"},"thumbnailUrl":"https:\/\/redamlo.com\/wp-content\/uploads\/2024\/05\/HG_SELFIE.jpg","datePublished":"2024-05-23T22:33:55+00:00","breadcrumb":{"@id":"https:\/\/redamlo.com\/index.php\/2024\/05\/23\/mi-compromiso-sera-fortalecer-las-acciones-que-en-favor-del-medio-ambiente-hector-garcia-gonzalez\/#breadcrumb"},"inLanguage":"es","potentialAction":[{"@type":"ReadAction","target":["https:\/\/redamlo.com\/index.php\/2024\/05\/23\/mi-compromiso-sera-fortalecer-las-acciones-que-en-favor-del-medio-ambiente-hector-garcia-gonzalez\/"]}]},{"@type":"ImageObject","inLanguage":"es","@id":"https:\/\/redamlo.com\/index.php\/2024\/05\/23\/mi-compromiso-sera-fortalecer-las-acciones-que-en-favor-del-medio-ambiente-hector-garcia-gonzalez\/#primaryimage","url":"https:\/\/redamlo.com\/wp-content\/uploads\/2024\/05\/HG_SELFIE.jpg","contentUrl":"https:\/\/redamlo.com\/wp-content\/uploads\/2024\/05\/HG_SELFIE.jpg","width":1360,"height":864},{"@type":"BreadcrumbList","@id":"https:\/\/redamlo.com\/index.php\/2024\/05\/23\/mi-compromiso-sera-fortalecer-las-acciones-que-en-favor-del-medio-ambiente-hector-garcia-gonzalez\/#breadcrumb","itemListElement":[{"@type":"ListItem","position":1,"name":"Inicio","item":"https:\/\/redamlo.com\/"},{"@type":"ListItem","position":2,"name":"Mi compromiso ser\u00e1 fortalecer las acciones que en favor del medio ambiente: H\u00e9ctor Garc\u00eda Gonz\u00e1lez"}]},{"@type":"WebSite","@id":"https:\/\/redamlo.com\/#website","url":"https:\/\/redamlo.com\/","name":"NOTICIAS DE LA 4T","description":"","publisher":{"@id":"https:\/\/redamlo.com\/#organization"},"potentialAction":[{"@type":"SearchAction","target":{"@type":"EntryPoint","urlTemplate":"https:\/\/redamlo.com\/?s={search_term_string}"},"query-input":{"@type":"PropertyValueSpecification","valueRequired":true,"valueName":"search_term_string"}}],"inLanguage":"es"},{"@type":"Organization","@id":"https:\/\/redamlo.com\/#organization","name":"NOTICIAS DE LA 4T","url":"https:\/\/redamlo.com\/","logo":{"@type":"ImageObject","inLanguage":"es","@id":"https:\/\/redamlo.com\/#\/schema\/logo\/image\/","url":"https:\/\/redamlo.com\/wp-content\/uploads\/2024\/08\/cropped-RED-AMLO-logo-50.png","contentUrl":"https:\/\/redamlo.com\/wp-content\/uploads\/2024\/08\/cropped-RED-AMLO-logo-50.png","width":256,"height":256,"caption":"NOTICIAS DE LA 4T"},"image":{"@id":"https:\/\/redamlo.com\/#\/schema\/logo\/image\/"}},{"@type":"Person","@id":"https:\/\/redamlo.com\/#\/schema\/person\/197a0a670d21b1f4f1483ddda1b64613","name":"admin","image":{"@type":"ImageObject","inLanguage":"es","@id":"https:\/\/secure.gravatar.com\/avatar\/293dccd927043f2e641da6685c2f84009782eb9ee0054daceada4e261ded849a?s=96&d=mm&r=g","url":"https:\/\/secure.gravatar.com\/avatar\/293dccd927043f2e641da6685c2f84009782eb9ee0054daceada4e261ded849a?s=96&d=mm&r=g","contentUrl":"https:\/\/secure.gravatar.com\/avatar\/293dccd927043f2e641da6685c2f84009782eb9ee0054daceada4e261ded849a?s=96&d=mm&r=g","caption":"admin"},"sameAs":["https:\/\/redamlo.com"],"url":"https:\/\/redamlo.com\/index.php\/author\/stell\/"}]}},"_links":{"self":[{"href":"https:\/\/redamlo.com\/index.php\/wp-json\/wp\/v2\/posts\/7834","targetHints":{"allow":["GET"]}}],"collection":[{"href":"https:\/\/redamlo.com\/index.php\/wp-json\/wp\/v2\/posts"}],"about":[{"href":"https:\/\/redamlo.com\/index.php\/wp-json\/wp\/v2\/types\/post"}],"author":[{"embeddable":true,"href":"https:\/\/redamlo.com\/index.php\/wp-json\/wp\/v2\/users\/1"}],"replies":[{"embeddable":true,"href":"https:\/\/redamlo.com\/index.php\/wp-json\/wp\/v2\/comments?post=7834"}],"version-history":[{"count":0,"href":"https:\/\/redamlo.com\/index.php\/wp-json\/wp\/v2\/posts\/7834\/revisions"}],"wp:featuredmedia":[{"embeddable":true,"href":"https:\/\/redamlo.com\/index.php\/wp-json\/wp\/v2\/media\/7835"}],"wp:attachment":[{"href":"https:\/\/redamlo.com\/index.php\/wp-json\/wp\/v2\/media?parent=7834"}],"wp:term":[{"taxonomy":"category","embeddable":true,"href":"https:\/\/redamlo.com\/index.php\/wp-json\/wp\/v2\/categories?post=7834"},{"taxonomy":"post_tag","embeddable":true,"href":"https:\/\/redamlo.com\/index.php\/wp-json\/wp\/v2\/tags?post=7834"}],"curies":[{"name":"wp","href":"https:\/\/api.w.org\/{rel}","templated":true}]}}