{"id":783,"date":"2020-03-08T14:42:31","date_gmt":"2020-03-08T20:42:31","guid":{"rendered":"http:\/\/redamlo.com\/?p=783"},"modified":"2020-03-08T14:42:31","modified_gmt":"2020-03-08T20:42:31","slug":"oportunismo-del-pan-y-de-mexico-libre-se-cuelgan-de-un-movimiento-social-legitimo","status":"publish","type":"post","link":"https:\/\/redamlo.com\/index.php\/2020\/03\/08\/oportunismo-del-pan-y-de-mexico-libre-se-cuelgan-de-un-movimiento-social-legitimo\/","title":{"rendered":"Oportunismo del  PAN y de M\u00e9xico Libre , se cuelgan de un Movimiento Social legitimo"},"content":{"rendered":"<h3>Ciudad de M\u00e9xico a 08 de Marzo del 2020 (Cdmx Press).-<\/h3>\n<p><strong>Los pol\u00edticos y el oportunismo<\/strong><\/p>\n<p>No es malo manifestarte como mujer, lo malo es esto. Dorso de la mano con el dedo \u00edndice se\u00f1alando hacia abajo S\u00ed, el PAN.<\/p>\n<p><strong>La derecha secuestr\u00f3 la lucha feminista y convirti\u00f3 el \u2018Paro Nacional de Mujeres\u2019; en un acto pol\u00edtico<\/strong><\/p>\n<h1><span style=\"font-size: 12pt;\">Contrastes en el PAN: tomaron la bandera del feminismo con fuerza, pero promueven leyes anti-aborto.<\/span><\/h1>\n<p><strong>Marko Cort\u00e9s,<\/strong> dirigente del <strong>PAN,<\/strong> uno de los partidos que ha presentado las distintas iniciativas para proteger la vida desde la concepci\u00f3n y la libre decisi\u00f3n sobre sus cuerpos adem\u00e1s de que rechaza de manera tajante los matrimonios del mismo sexo; se ha sumado a la demanda del paro nacional de mujeres.<\/p>\n<p>Es el caso del alcalde de San Nicol\u00e1s de los<strong> Garza, Zeferino Salgado Almaguer<\/strong>, quien anunci\u00f3 que dar\u00e1n facilidades para que las mujeres que trabajan en su administraci\u00f3n no acudan a laborar el 9 de marzo, pero buscar\u00e1n reponer el d\u00eda mediante horas extras.<\/p>\n<p>Lo peor de la derecha mexicana se dice hoy defensora de los derechos de las mujeres.<strong> \u201cM\u00e9xico Libre\u201d<\/strong>, asociaci\u00f3n creada por Felipe Calder\u00f3n con la intenci\u00f3n de convertirlo en partido pol\u00edtico, ya publica propaganda a favor del <strong>Paro Nacional del 9 de marzo,<\/strong> pero aprovechando el viaje para calificar de incompetente al gobierno de la Cuarta Transformaci\u00f3n.<br \/>\nComo si el problema de la violencia hacia las mujeres no hubiera existido en el pasado. Como si se tratara de una injusticia nacida del gobierno del cambio.<\/p>\n<p>Las dirigencias de los partidos pol\u00edticos Acci\u00f3n Nacional y PRD, tambi\u00e9n se lanzan en apoyo al evento feminista, con la clara intenci\u00f3n de utilizar al movimiento construido por mujeres, a favor de sus interese pol\u00edticos.<\/p>\n<p>&nbsp;<\/p>\n<p>Durante su conferencia en <strong>Palacio Nacional, L\u00f3pez Obrador<\/strong> asegur\u00f3 que su postura no es \u201cmachista\u201d, debido a que \u201cfui el primer gobernante en darle la mismas oportunidades a hombres y mujeres\u201d.<\/p>\n<p style=\"text-align: center;\"><strong>\u201cNo somos machistas, este gobierno respeta a las mujeres. Los machistas son los conservadores, los que discriminan. Lo \u00fanico que pedimos es que todo mundo se manifieste y no a la violencia y no a la manipulaci\u00f3n y oportunismo\u201d, asegur\u00f3 L\u00f3pez Obrador.<\/strong><\/p>\n","protected":false},"excerpt":{"rendered":"<p>Ciudad de M\u00e9xico a 08 de Marzo del 2020 (Cdmx Press).- Los pol\u00edticos y el&#8230;<\/p>\n","protected":false},"author":2,"featured_media":785,"comment_status":"open","ping_status":"closed","sticky":false,"template":"","format":"standard","meta":{"footnotes":""},"categories":[5],"tags":[],"class_list":["post-783","post","type-post","status-publish","format-standard","has-post-thumbnail","hentry","category-politica"],"yoast_head":"<!-- This site is optimized with the Yoast SEO plugin v27.5 - https:\/\/yoast.com\/product\/yoast-seo-wordpress\/ -->\n<title>Oportunismo del PAN y de M\u00e9xico Libre , se cuelgan de un Movimiento Social legitimo - NOTICIAS DE LA 4T<\/title>\n<meta name=\"robots\" content=\"noindex, follow, max-snippet:-1, max-image-preview:large, max-video-preview:-1\" \/>\n<meta property=\"og:locale\" content=\"es_MX\" \/>\n<meta property=\"og:type\" content=\"article\" \/>\n<meta property=\"og:title\" content=\"Oportunismo del PAN y de M\u00e9xico Libre , se cuelgan de un Movimiento Social legitimo - NOTICIAS DE LA 4T\" \/>\n<meta property=\"og:description\" content=\"Ciudad de M\u00e9xico a 08 de Marzo del 2020 (Cdmx Press).- Los pol\u00edticos y el...\" \/>\n<meta property=\"og:url\" content=\"https:\/\/redamlo.com\/index.php\/2020\/03\/08\/oportunismo-del-pan-y-de-mexico-libre-se-cuelgan-de-un-movimiento-social-legitimo\/\" \/>\n<meta property=\"og:site_name\" content=\"NOTICIAS DE LA 4T\" \/>\n<meta property=\"article:published_time\" content=\"2020-03-08T20:42:31+00:00\" \/>\n<meta name=\"author\" content=\"Blanca\" \/>\n<meta name=\"twitter:card\" content=\"summary_large_image\" \/>\n<meta name=\"twitter:label1\" content=\"Escrito por\" \/>\n\t<meta name=\"twitter:data1\" content=\"Blanca\" \/>\n\t<meta name=\"twitter:label2\" content=\"Tiempo de lectura\" \/>\n\t<meta name=\"twitter:data2\" content=\"2 minutos\" \/>\n<script type=\"application\/ld+json\" class=\"yoast-schema-graph\">{\"@context\":\"https:\\\/\\\/schema.org\",\"@graph\":[{\"@type\":\"Article\",\"@id\":\"https:\\\/\\\/redamlo.com\\\/index.php\\\/2020\\\/03\\\/08\\\/oportunismo-del-pan-y-de-mexico-libre-se-cuelgan-de-un-movimiento-social-legitimo\\\/#article\",\"isPartOf\":{\"@id\":\"https:\\\/\\\/redamlo.com\\\/index.php\\\/2020\\\/03\\\/08\\\/oportunismo-del-pan-y-de-mexico-libre-se-cuelgan-de-un-movimiento-social-legitimo\\\/\"},\"author\":{\"name\":\"Blanca\",\"@id\":\"https:\\\/\\\/redamlo.com\\\/#\\\/schema\\\/person\\\/7223a4375eb8f1a782fcae010a7115cf\"},\"headline\":\"Oportunismo del PAN y de M\u00e9xico Libre , se cuelgan de un Movimiento Social legitimo\",\"datePublished\":\"2020-03-08T20:42:31+00:00\",\"mainEntityOfPage\":{\"@id\":\"https:\\\/\\\/redamlo.com\\\/index.php\\\/2020\\\/03\\\/08\\\/oportunismo-del-pan-y-de-mexico-libre-se-cuelgan-de-un-movimiento-social-legitimo\\\/\"},\"wordCount\":401,\"commentCount\":0,\"publisher\":{\"@id\":\"https:\\\/\\\/redamlo.com\\\/#organization\"},\"image\":{\"@id\":\"https:\\\/\\\/redamlo.com\\\/index.php\\\/2020\\\/03\\\/08\\\/oportunismo-del-pan-y-de-mexico-libre-se-cuelgan-de-un-movimiento-social-legitimo\\\/#primaryimage\"},\"thumbnailUrl\":\"\",\"articleSection\":[\"Pol\u00edtica\"],\"inLanguage\":\"es\",\"potentialAction\":[{\"@type\":\"CommentAction\",\"name\":\"Comment\",\"target\":[\"https:\\\/\\\/redamlo.com\\\/index.php\\\/2020\\\/03\\\/08\\\/oportunismo-del-pan-y-de-mexico-libre-se-cuelgan-de-un-movimiento-social-legitimo\\\/#respond\"]}]},{\"@type\":\"WebPage\",\"@id\":\"https:\\\/\\\/redamlo.com\\\/index.php\\\/2020\\\/03\\\/08\\\/oportunismo-del-pan-y-de-mexico-libre-se-cuelgan-de-un-movimiento-social-legitimo\\\/\",\"url\":\"https:\\\/\\\/redamlo.com\\\/index.php\\\/2020\\\/03\\\/08\\\/oportunismo-del-pan-y-de-mexico-libre-se-cuelgan-de-un-movimiento-social-legitimo\\\/\",\"name\":\"Oportunismo del PAN y de M\u00e9xico Libre , se cuelgan de un Movimiento Social legitimo - NOTICIAS DE LA 4T\",\"isPartOf\":{\"@id\":\"https:\\\/\\\/redamlo.com\\\/#website\"},\"primaryImageOfPage\":{\"@id\":\"https:\\\/\\\/redamlo.com\\\/index.php\\\/2020\\\/03\\\/08\\\/oportunismo-del-pan-y-de-mexico-libre-se-cuelgan-de-un-movimiento-social-legitimo\\\/#primaryimage\"},\"image\":{\"@id\":\"https:\\\/\\\/redamlo.com\\\/index.php\\\/2020\\\/03\\\/08\\\/oportunismo-del-pan-y-de-mexico-libre-se-cuelgan-de-un-movimiento-social-legitimo\\\/#primaryimage\"},\"thumbnailUrl\":\"\",\"datePublished\":\"2020-03-08T20:42:31+00:00\",\"breadcrumb\":{\"@id\":\"https:\\\/\\\/redamlo.com\\\/index.php\\\/2020\\\/03\\\/08\\\/oportunismo-del-pan-y-de-mexico-libre-se-cuelgan-de-un-movimiento-social-legitimo\\\/#breadcrumb\"},\"inLanguage\":\"es\",\"potentialAction\":[{\"@type\":\"ReadAction\",\"target\":[\"https:\\\/\\\/redamlo.com\\\/index.php\\\/2020\\\/03\\\/08\\\/oportunismo-del-pan-y-de-mexico-libre-se-cuelgan-de-un-movimiento-social-legitimo\\\/\"]}]},{\"@type\":\"ImageObject\",\"inLanguage\":\"es\",\"@id\":\"https:\\\/\\\/redamlo.com\\\/index.php\\\/2020\\\/03\\\/08\\\/oportunismo-del-pan-y-de-mexico-libre-se-cuelgan-de-un-movimiento-social-legitimo\\\/#primaryimage\",\"url\":\"\",\"contentUrl\":\"\"},{\"@type\":\"BreadcrumbList\",\"@id\":\"https:\\\/\\\/redamlo.com\\\/index.php\\\/2020\\\/03\\\/08\\\/oportunismo-del-pan-y-de-mexico-libre-se-cuelgan-de-un-movimiento-social-legitimo\\\/#breadcrumb\",\"itemListElement\":[{\"@type\":\"ListItem\",\"position\":1,\"name\":\"Inicio\",\"item\":\"https:\\\/\\\/redamlo.com\\\/\"},{\"@type\":\"ListItem\",\"position\":2,\"name\":\"Oportunismo del PAN y de M\u00e9xico Libre , se cuelgan de un Movimiento Social legitimo\"}]},{\"@type\":\"WebSite\",\"@id\":\"https:\\\/\\\/redamlo.com\\\/#website\",\"url\":\"https:\\\/\\\/redamlo.com\\\/\",\"name\":\"NOTICIAS DE LA 4T\",\"description\":\"\",\"publisher\":{\"@id\":\"https:\\\/\\\/redamlo.com\\\/#organization\"},\"potentialAction\":[{\"@type\":\"SearchAction\",\"target\":{\"@type\":\"EntryPoint\",\"urlTemplate\":\"https:\\\/\\\/redamlo.com\\\/?s={search_term_string}\"},\"query-input\":{\"@type\":\"PropertyValueSpecification\",\"valueRequired\":true,\"valueName\":\"search_term_string\"}}],\"inLanguage\":\"es\"},{\"@type\":\"Organization\",\"@id\":\"https:\\\/\\\/redamlo.com\\\/#organization\",\"name\":\"NOTICIAS DE LA 4T\",\"url\":\"https:\\\/\\\/redamlo.com\\\/\",\"logo\":{\"@type\":\"ImageObject\",\"inLanguage\":\"es\",\"@id\":\"https:\\\/\\\/redamlo.com\\\/#\\\/schema\\\/logo\\\/image\\\/\",\"url\":\"https:\\\/\\\/redamlo.com\\\/wp-content\\\/uploads\\\/2024\\\/08\\\/cropped-RED-AMLO-logo-50.png\",\"contentUrl\":\"https:\\\/\\\/redamlo.com\\\/wp-content\\\/uploads\\\/2024\\\/08\\\/cropped-RED-AMLO-logo-50.png\",\"width\":256,\"height\":256,\"caption\":\"NOTICIAS DE LA 4T\"},\"image\":{\"@id\":\"https:\\\/\\\/redamlo.com\\\/#\\\/schema\\\/logo\\\/image\\\/\"}},{\"@type\":\"Person\",\"@id\":\"https:\\\/\\\/redamlo.com\\\/#\\\/schema\\\/person\\\/7223a4375eb8f1a782fcae010a7115cf\",\"name\":\"Blanca\",\"image\":{\"@type\":\"ImageObject\",\"inLanguage\":\"es\",\"@id\":\"https:\\\/\\\/secure.gravatar.com\\\/avatar\\\/3f79bc8336367a4e6093eae8757acaaf61d1124834b905616de7829b0273426d?s=96&d=mm&r=g\",\"url\":\"https:\\\/\\\/secure.gravatar.com\\\/avatar\\\/3f79bc8336367a4e6093eae8757acaaf61d1124834b905616de7829b0273426d?s=96&d=mm&r=g\",\"contentUrl\":\"https:\\\/\\\/secure.gravatar.com\\\/avatar\\\/3f79bc8336367a4e6093eae8757acaaf61d1124834b905616de7829b0273426d?s=96&d=mm&r=g\",\"caption\":\"Blanca\"},\"url\":\"https:\\\/\\\/redamlo.com\\\/index.php\\\/author\\\/blanca\\\/\"}]}<\/script>\n<!-- \/ Yoast SEO plugin. -->","yoast_head_json":{"title":"Oportunismo del PAN y de M\u00e9xico Libre , se cuelgan de un Movimiento Social legitimo - NOTICIAS DE LA 4T","robots":{"index":"noindex","follow":"follow","max-snippet":"max-snippet:-1","max-image-preview":"max-image-preview:large","max-video-preview":"max-video-preview:-1"},"og_locale":"es_MX","og_type":"article","og_title":"Oportunismo del PAN y de M\u00e9xico Libre , se cuelgan de un Movimiento Social legitimo - NOTICIAS DE LA 4T","og_description":"Ciudad de M\u00e9xico a 08 de Marzo del 2020 (Cdmx Press).- Los pol\u00edticos y el...","og_url":"https:\/\/redamlo.com\/index.php\/2020\/03\/08\/oportunismo-del-pan-y-de-mexico-libre-se-cuelgan-de-un-movimiento-social-legitimo\/","og_site_name":"NOTICIAS DE LA 4T","article_published_time":"2020-03-08T20:42:31+00:00","author":"Blanca","twitter_card":"summary_large_image","twitter_misc":{"Escrito por":"Blanca","Tiempo de lectura":"2 minutos"},"schema":{"@context":"https:\/\/schema.org","@graph":[{"@type":"Article","@id":"https:\/\/redamlo.com\/index.php\/2020\/03\/08\/oportunismo-del-pan-y-de-mexico-libre-se-cuelgan-de-un-movimiento-social-legitimo\/#article","isPartOf":{"@id":"https:\/\/redamlo.com\/index.php\/2020\/03\/08\/oportunismo-del-pan-y-de-mexico-libre-se-cuelgan-de-un-movimiento-social-legitimo\/"},"author":{"name":"Blanca","@id":"https:\/\/redamlo.com\/#\/schema\/person\/7223a4375eb8f1a782fcae010a7115cf"},"headline":"Oportunismo del PAN y de M\u00e9xico Libre , se cuelgan de un Movimiento Social legitimo","datePublished":"2020-03-08T20:42:31+00:00","mainEntityOfPage":{"@id":"https:\/\/redamlo.com\/index.php\/2020\/03\/08\/oportunismo-del-pan-y-de-mexico-libre-se-cuelgan-de-un-movimiento-social-legitimo\/"},"wordCount":401,"commentCount":0,"publisher":{"@id":"https:\/\/redamlo.com\/#organization"},"image":{"@id":"https:\/\/redamlo.com\/index.php\/2020\/03\/08\/oportunismo-del-pan-y-de-mexico-libre-se-cuelgan-de-un-movimiento-social-legitimo\/#primaryimage"},"thumbnailUrl":"","articleSection":["Pol\u00edtica"],"inLanguage":"es","potentialAction":[{"@type":"CommentAction","name":"Comment","target":["https:\/\/redamlo.com\/index.php\/2020\/03\/08\/oportunismo-del-pan-y-de-mexico-libre-se-cuelgan-de-un-movimiento-social-legitimo\/#respond"]}]},{"@type":"WebPage","@id":"https:\/\/redamlo.com\/index.php\/2020\/03\/08\/oportunismo-del-pan-y-de-mexico-libre-se-cuelgan-de-un-movimiento-social-legitimo\/","url":"https:\/\/redamlo.com\/index.php\/2020\/03\/08\/oportunismo-del-pan-y-de-mexico-libre-se-cuelgan-de-un-movimiento-social-legitimo\/","name":"Oportunismo del PAN y de M\u00e9xico Libre , se cuelgan de un Movimiento Social legitimo - NOTICIAS DE LA 4T","isPartOf":{"@id":"https:\/\/redamlo.com\/#website"},"primaryImageOfPage":{"@id":"https:\/\/redamlo.com\/index.php\/2020\/03\/08\/oportunismo-del-pan-y-de-mexico-libre-se-cuelgan-de-un-movimiento-social-legitimo\/#primaryimage"},"image":{"@id":"https:\/\/redamlo.com\/index.php\/2020\/03\/08\/oportunismo-del-pan-y-de-mexico-libre-se-cuelgan-de-un-movimiento-social-legitimo\/#primaryimage"},"thumbnailUrl":"","datePublished":"2020-03-08T20:42:31+00:00","breadcrumb":{"@id":"https:\/\/redamlo.com\/index.php\/2020\/03\/08\/oportunismo-del-pan-y-de-mexico-libre-se-cuelgan-de-un-movimiento-social-legitimo\/#breadcrumb"},"inLanguage":"es","potentialAction":[{"@type":"ReadAction","target":["https:\/\/redamlo.com\/index.php\/2020\/03\/08\/oportunismo-del-pan-y-de-mexico-libre-se-cuelgan-de-un-movimiento-social-legitimo\/"]}]},{"@type":"ImageObject","inLanguage":"es","@id":"https:\/\/redamlo.com\/index.php\/2020\/03\/08\/oportunismo-del-pan-y-de-mexico-libre-se-cuelgan-de-un-movimiento-social-legitimo\/#primaryimage","url":"","contentUrl":""},{"@type":"BreadcrumbList","@id":"https:\/\/redamlo.com\/index.php\/2020\/03\/08\/oportunismo-del-pan-y-de-mexico-libre-se-cuelgan-de-un-movimiento-social-legitimo\/#breadcrumb","itemListElement":[{"@type":"ListItem","position":1,"name":"Inicio","item":"https:\/\/redamlo.com\/"},{"@type":"ListItem","position":2,"name":"Oportunismo del PAN y de M\u00e9xico Libre , se cuelgan de un Movimiento Social legitimo"}]},{"@type":"WebSite","@id":"https:\/\/redamlo.com\/#website","url":"https:\/\/redamlo.com\/","name":"NOTICIAS DE LA 4T","description":"","publisher":{"@id":"https:\/\/redamlo.com\/#organization"},"potentialAction":[{"@type":"SearchAction","target":{"@type":"EntryPoint","urlTemplate":"https:\/\/redamlo.com\/?s={search_term_string}"},"query-input":{"@type":"PropertyValueSpecification","valueRequired":true,"valueName":"search_term_string"}}],"inLanguage":"es"},{"@type":"Organization","@id":"https:\/\/redamlo.com\/#organization","name":"NOTICIAS DE LA 4T","url":"https:\/\/redamlo.com\/","logo":{"@type":"ImageObject","inLanguage":"es","@id":"https:\/\/redamlo.com\/#\/schema\/logo\/image\/","url":"https:\/\/redamlo.com\/wp-content\/uploads\/2024\/08\/cropped-RED-AMLO-logo-50.png","contentUrl":"https:\/\/redamlo.com\/wp-content\/uploads\/2024\/08\/cropped-RED-AMLO-logo-50.png","width":256,"height":256,"caption":"NOTICIAS DE LA 4T"},"image":{"@id":"https:\/\/redamlo.com\/#\/schema\/logo\/image\/"}},{"@type":"Person","@id":"https:\/\/redamlo.com\/#\/schema\/person\/7223a4375eb8f1a782fcae010a7115cf","name":"Blanca","image":{"@type":"ImageObject","inLanguage":"es","@id":"https:\/\/secure.gravatar.com\/avatar\/3f79bc8336367a4e6093eae8757acaaf61d1124834b905616de7829b0273426d?s=96&d=mm&r=g","url":"https:\/\/secure.gravatar.com\/avatar\/3f79bc8336367a4e6093eae8757acaaf61d1124834b905616de7829b0273426d?s=96&d=mm&r=g","contentUrl":"https:\/\/secure.gravatar.com\/avatar\/3f79bc8336367a4e6093eae8757acaaf61d1124834b905616de7829b0273426d?s=96&d=mm&r=g","caption":"Blanca"},"url":"https:\/\/redamlo.com\/index.php\/author\/blanca\/"}]}},"_links":{"self":[{"href":"https:\/\/redamlo.com\/index.php\/wp-json\/wp\/v2\/posts\/783","targetHints":{"allow":["GET"]}}],"collection":[{"href":"https:\/\/redamlo.com\/index.php\/wp-json\/wp\/v2\/posts"}],"about":[{"href":"https:\/\/redamlo.com\/index.php\/wp-json\/wp\/v2\/types\/post"}],"author":[{"embeddable":true,"href":"https:\/\/redamlo.com\/index.php\/wp-json\/wp\/v2\/users\/2"}],"replies":[{"embeddable":true,"href":"https:\/\/redamlo.com\/index.php\/wp-json\/wp\/v2\/comments?post=783"}],"version-history":[{"count":0,"href":"https:\/\/redamlo.com\/index.php\/wp-json\/wp\/v2\/posts\/783\/revisions"}],"wp:featuredmedia":[{"embeddable":true,"href":"https:\/\/redamlo.com\/index.php\/wp-json\/"}],"wp:attachment":[{"href":"https:\/\/redamlo.com\/index.php\/wp-json\/wp\/v2\/media?parent=783"}],"wp:term":[{"taxonomy":"category","embeddable":true,"href":"https:\/\/redamlo.com\/index.php\/wp-json\/wp\/v2\/categories?post=783"},{"taxonomy":"post_tag","embeddable":true,"href":"https:\/\/redamlo.com\/index.php\/wp-json\/wp\/v2\/tags?post=783"}],"curies":[{"name":"wp","href":"https:\/\/api.w.org\/{rel}","templated":true}]}}