{"id":7809,"date":"2024-05-15T20:46:27","date_gmt":"2024-05-16T02:46:27","guid":{"rendered":"https:\/\/redamlo.com\/?p=7809"},"modified":"2024-05-15T20:46:27","modified_gmt":"2024-05-16T02:46:27","slug":"amlo-lamenta-muerte-de-ocho-trabajadores-mexicanos-en-florida","status":"publish","type":"post","link":"https:\/\/redamlo.com\/index.php\/2024\/05\/15\/amlo-lamenta-muerte-de-ocho-trabajadores-mexicanos-en-florida\/","title":{"rendered":"AMLO lamenta muerte de ocho trabajadores mexicanos en Florida, EE.UU."},"content":{"rendered":"<p>El presidente Andr\u00e9s Manuel L\u00f3pez Obrador lament\u00f3 la muerte de ocho trabajadores mexicanos agr\u00edcolas por un accidente automovil\u00edstico al norte del condado de Citrus en Florida, Estados Unidos, que se registr\u00f3 el martes 14 de mayo.<\/p>\n<p>&nbsp;<\/p>\n<p>En conferencia de prensa matutina refiri\u00f3 que hay siete heridos y las dem\u00e1s v\u00edctimas se encuentran fuera de peligro, de acuerdo con el reporte m\u00e9dico.<\/p>\n<blockquote><p>\u201cYa estamos atendiendo este caso; estamos cuidando el tener toda la informaci\u00f3n para no alarmar a familiares, buscando tener ya muy clara la identidad, la identificaci\u00f3n de los que perdieron la vida y de los que est\u00e1n heridos, siendo atendidos en dos hospitales en Estados Unidos. Esto es lo que podemos comentarles\u201d, explic\u00f3.<\/p><\/blockquote>\n<p>La Secretar\u00eda de Relaciones Exteriores (SRE) est\u00e1 al pendiente del caso desde que se dio a conocer. Los consulados de Miami y Orlando brindan atenci\u00f3n y protecci\u00f3n a connacionales afectados por el choque al autob\u00fas en el que eran transportados 44 mexicanos migrantes, indic\u00f3 el jefe del Ejecutivo.<\/p>\n<p>Los connacionales contaban con visas de trabajo temporales y hab\u00edan sido contratados por un empresario mexicoestadounidense.<\/p>\n","protected":false},"excerpt":{"rendered":"<p>El presidente Andr\u00e9s Manuel L\u00f3pez Obrador lament\u00f3 la muerte de ocho trabajadores mexicanos agr\u00edcolas por&#8230;<\/p>\n","protected":false},"author":2,"featured_media":7811,"comment_status":"closed","ping_status":"closed","sticky":false,"template":"","format":"standard","meta":{"footnotes":""},"categories":[20],"tags":[2691,84,2692],"class_list":["post-7809","post","type-post","status-publish","format-standard","has-post-thumbnail","hentry","category-nacionales","tag-accidente-de-mexicanos-en-florida","tag-amlo","tag-e-u"],"yoast_head":"<!-- This site is optimized with the Yoast SEO plugin v27.5 - https:\/\/yoast.com\/product\/yoast-seo-wordpress\/ -->\n<title>AMLO lamenta muerte de ocho trabajadores mexicanos en Florida, EE.UU. - NOTICIAS DE LA 4T<\/title>\n<meta name=\"robots\" content=\"noindex, follow, max-snippet:-1, max-image-preview:large, max-video-preview:-1\" \/>\n<meta property=\"og:locale\" content=\"es_MX\" \/>\n<meta property=\"og:type\" content=\"article\" \/>\n<meta property=\"og:title\" content=\"AMLO lamenta muerte de ocho trabajadores mexicanos en Florida, EE.UU. - NOTICIAS DE LA 4T\" \/>\n<meta property=\"og:description\" content=\"El presidente Andr\u00e9s Manuel L\u00f3pez Obrador lament\u00f3 la muerte de ocho trabajadores mexicanos agr\u00edcolas por...\" \/>\n<meta property=\"og:url\" content=\"https:\/\/redamlo.com\/index.php\/2024\/05\/15\/amlo-lamenta-muerte-de-ocho-trabajadores-mexicanos-en-florida\/\" \/>\n<meta property=\"og:site_name\" content=\"NOTICIAS DE LA 4T\" \/>\n<meta property=\"article:published_time\" content=\"2024-05-16T02:46:27+00:00\" \/>\n<meta property=\"og:image\" content=\"https:\/\/redamlo.com\/wp-content\/uploads\/2024\/05\/2024-05-15-Conferencia-de-prensa-matutina-Palacio-Nacional-Foto-05.jpg\" \/>\n\t<meta property=\"og:image:width\" content=\"1503\" \/>\n\t<meta property=\"og:image:height\" content=\"1000\" \/>\n\t<meta property=\"og:image:type\" content=\"image\/jpeg\" \/>\n<meta name=\"author\" content=\"Blanca\" \/>\n<meta name=\"twitter:card\" content=\"summary_large_image\" \/>\n<meta name=\"twitter:label1\" content=\"Escrito por\" \/>\n\t<meta name=\"twitter:data1\" content=\"Blanca\" \/>\n\t<meta name=\"twitter:label2\" content=\"Tiempo de lectura\" \/>\n\t<meta name=\"twitter:data2\" content=\"1 minuto\" \/>\n<script type=\"application\/ld+json\" class=\"yoast-schema-graph\">{\"@context\":\"https:\\\/\\\/schema.org\",\"@graph\":[{\"@type\":\"Article\",\"@id\":\"https:\\\/\\\/redamlo.com\\\/index.php\\\/2024\\\/05\\\/15\\\/amlo-lamenta-muerte-de-ocho-trabajadores-mexicanos-en-florida\\\/#article\",\"isPartOf\":{\"@id\":\"https:\\\/\\\/redamlo.com\\\/index.php\\\/2024\\\/05\\\/15\\\/amlo-lamenta-muerte-de-ocho-trabajadores-mexicanos-en-florida\\\/\"},\"author\":{\"name\":\"Blanca\",\"@id\":\"https:\\\/\\\/redamlo.com\\\/#\\\/schema\\\/person\\\/7223a4375eb8f1a782fcae010a7115cf\"},\"headline\":\"AMLO lamenta muerte de ocho trabajadores mexicanos en Florida, EE.UU.\",\"datePublished\":\"2024-05-16T02:46:27+00:00\",\"mainEntityOfPage\":{\"@id\":\"https:\\\/\\\/redamlo.com\\\/index.php\\\/2024\\\/05\\\/15\\\/amlo-lamenta-muerte-de-ocho-trabajadores-mexicanos-en-florida\\\/\"},\"wordCount\":203,\"publisher\":{\"@id\":\"https:\\\/\\\/redamlo.com\\\/#organization\"},\"image\":{\"@id\":\"https:\\\/\\\/redamlo.com\\\/index.php\\\/2024\\\/05\\\/15\\\/amlo-lamenta-muerte-de-ocho-trabajadores-mexicanos-en-florida\\\/#primaryimage\"},\"thumbnailUrl\":\"https:\\\/\\\/redamlo.com\\\/wp-content\\\/uploads\\\/2024\\\/05\\\/2024-05-15-Conferencia-de-prensa-matutina-Palacio-Nacional-Foto-05.jpg\",\"keywords\":[\"accidente de mexicanos en florida\",\"AMLO\",\"e.u\"],\"articleSection\":[\"Nacionales\"],\"inLanguage\":\"es\"},{\"@type\":\"WebPage\",\"@id\":\"https:\\\/\\\/redamlo.com\\\/index.php\\\/2024\\\/05\\\/15\\\/amlo-lamenta-muerte-de-ocho-trabajadores-mexicanos-en-florida\\\/\",\"url\":\"https:\\\/\\\/redamlo.com\\\/index.php\\\/2024\\\/05\\\/15\\\/amlo-lamenta-muerte-de-ocho-trabajadores-mexicanos-en-florida\\\/\",\"name\":\"AMLO lamenta muerte de ocho trabajadores mexicanos en Florida, EE.UU. - NOTICIAS DE LA 4T\",\"isPartOf\":{\"@id\":\"https:\\\/\\\/redamlo.com\\\/#website\"},\"primaryImageOfPage\":{\"@id\":\"https:\\\/\\\/redamlo.com\\\/index.php\\\/2024\\\/05\\\/15\\\/amlo-lamenta-muerte-de-ocho-trabajadores-mexicanos-en-florida\\\/#primaryimage\"},\"image\":{\"@id\":\"https:\\\/\\\/redamlo.com\\\/index.php\\\/2024\\\/05\\\/15\\\/amlo-lamenta-muerte-de-ocho-trabajadores-mexicanos-en-florida\\\/#primaryimage\"},\"thumbnailUrl\":\"https:\\\/\\\/redamlo.com\\\/wp-content\\\/uploads\\\/2024\\\/05\\\/2024-05-15-Conferencia-de-prensa-matutina-Palacio-Nacional-Foto-05.jpg\",\"datePublished\":\"2024-05-16T02:46:27+00:00\",\"breadcrumb\":{\"@id\":\"https:\\\/\\\/redamlo.com\\\/index.php\\\/2024\\\/05\\\/15\\\/amlo-lamenta-muerte-de-ocho-trabajadores-mexicanos-en-florida\\\/#breadcrumb\"},\"inLanguage\":\"es\",\"potentialAction\":[{\"@type\":\"ReadAction\",\"target\":[\"https:\\\/\\\/redamlo.com\\\/index.php\\\/2024\\\/05\\\/15\\\/amlo-lamenta-muerte-de-ocho-trabajadores-mexicanos-en-florida\\\/\"]}]},{\"@type\":\"ImageObject\",\"inLanguage\":\"es\",\"@id\":\"https:\\\/\\\/redamlo.com\\\/index.php\\\/2024\\\/05\\\/15\\\/amlo-lamenta-muerte-de-ocho-trabajadores-mexicanos-en-florida\\\/#primaryimage\",\"url\":\"https:\\\/\\\/redamlo.com\\\/wp-content\\\/uploads\\\/2024\\\/05\\\/2024-05-15-Conferencia-de-prensa-matutina-Palacio-Nacional-Foto-05.jpg\",\"contentUrl\":\"https:\\\/\\\/redamlo.com\\\/wp-content\\\/uploads\\\/2024\\\/05\\\/2024-05-15-Conferencia-de-prensa-matutina-Palacio-Nacional-Foto-05.jpg\",\"width\":1503,\"height\":1000},{\"@type\":\"BreadcrumbList\",\"@id\":\"https:\\\/\\\/redamlo.com\\\/index.php\\\/2024\\\/05\\\/15\\\/amlo-lamenta-muerte-de-ocho-trabajadores-mexicanos-en-florida\\\/#breadcrumb\",\"itemListElement\":[{\"@type\":\"ListItem\",\"position\":1,\"name\":\"Inicio\",\"item\":\"https:\\\/\\\/redamlo.com\\\/\"},{\"@type\":\"ListItem\",\"position\":2,\"name\":\"AMLO lamenta muerte de ocho trabajadores mexicanos en Florida, EE.UU.\"}]},{\"@type\":\"WebSite\",\"@id\":\"https:\\\/\\\/redamlo.com\\\/#website\",\"url\":\"https:\\\/\\\/redamlo.com\\\/\",\"name\":\"NOTICIAS DE LA 4T\",\"description\":\"\",\"publisher\":{\"@id\":\"https:\\\/\\\/redamlo.com\\\/#organization\"},\"potentialAction\":[{\"@type\":\"SearchAction\",\"target\":{\"@type\":\"EntryPoint\",\"urlTemplate\":\"https:\\\/\\\/redamlo.com\\\/?s={search_term_string}\"},\"query-input\":{\"@type\":\"PropertyValueSpecification\",\"valueRequired\":true,\"valueName\":\"search_term_string\"}}],\"inLanguage\":\"es\"},{\"@type\":\"Organization\",\"@id\":\"https:\\\/\\\/redamlo.com\\\/#organization\",\"name\":\"NOTICIAS DE LA 4T\",\"url\":\"https:\\\/\\\/redamlo.com\\\/\",\"logo\":{\"@type\":\"ImageObject\",\"inLanguage\":\"es\",\"@id\":\"https:\\\/\\\/redamlo.com\\\/#\\\/schema\\\/logo\\\/image\\\/\",\"url\":\"https:\\\/\\\/redamlo.com\\\/wp-content\\\/uploads\\\/2024\\\/08\\\/cropped-RED-AMLO-logo-50.png\",\"contentUrl\":\"https:\\\/\\\/redamlo.com\\\/wp-content\\\/uploads\\\/2024\\\/08\\\/cropped-RED-AMLO-logo-50.png\",\"width\":256,\"height\":256,\"caption\":\"NOTICIAS DE LA 4T\"},\"image\":{\"@id\":\"https:\\\/\\\/redamlo.com\\\/#\\\/schema\\\/logo\\\/image\\\/\"}},{\"@type\":\"Person\",\"@id\":\"https:\\\/\\\/redamlo.com\\\/#\\\/schema\\\/person\\\/7223a4375eb8f1a782fcae010a7115cf\",\"name\":\"Blanca\",\"image\":{\"@type\":\"ImageObject\",\"inLanguage\":\"es\",\"@id\":\"https:\\\/\\\/secure.gravatar.com\\\/avatar\\\/3f79bc8336367a4e6093eae8757acaaf61d1124834b905616de7829b0273426d?s=96&d=mm&r=g\",\"url\":\"https:\\\/\\\/secure.gravatar.com\\\/avatar\\\/3f79bc8336367a4e6093eae8757acaaf61d1124834b905616de7829b0273426d?s=96&d=mm&r=g\",\"contentUrl\":\"https:\\\/\\\/secure.gravatar.com\\\/avatar\\\/3f79bc8336367a4e6093eae8757acaaf61d1124834b905616de7829b0273426d?s=96&d=mm&r=g\",\"caption\":\"Blanca\"},\"url\":\"https:\\\/\\\/redamlo.com\\\/index.php\\\/author\\\/blanca\\\/\"}]}<\/script>\n<!-- \/ Yoast SEO plugin. -->","yoast_head_json":{"title":"AMLO lamenta muerte de ocho trabajadores mexicanos en Florida, EE.UU. - NOTICIAS DE LA 4T","robots":{"index":"noindex","follow":"follow","max-snippet":"max-snippet:-1","max-image-preview":"max-image-preview:large","max-video-preview":"max-video-preview:-1"},"og_locale":"es_MX","og_type":"article","og_title":"AMLO lamenta muerte de ocho trabajadores mexicanos en Florida, EE.UU. - NOTICIAS DE LA 4T","og_description":"El presidente Andr\u00e9s Manuel L\u00f3pez Obrador lament\u00f3 la muerte de ocho trabajadores mexicanos agr\u00edcolas por...","og_url":"https:\/\/redamlo.com\/index.php\/2024\/05\/15\/amlo-lamenta-muerte-de-ocho-trabajadores-mexicanos-en-florida\/","og_site_name":"NOTICIAS DE LA 4T","article_published_time":"2024-05-16T02:46:27+00:00","og_image":[{"width":1503,"height":1000,"url":"https:\/\/redamlo.com\/wp-content\/uploads\/2024\/05\/2024-05-15-Conferencia-de-prensa-matutina-Palacio-Nacional-Foto-05.jpg","type":"image\/jpeg"}],"author":"Blanca","twitter_card":"summary_large_image","twitter_misc":{"Escrito por":"Blanca","Tiempo de lectura":"1 minuto"},"schema":{"@context":"https:\/\/schema.org","@graph":[{"@type":"Article","@id":"https:\/\/redamlo.com\/index.php\/2024\/05\/15\/amlo-lamenta-muerte-de-ocho-trabajadores-mexicanos-en-florida\/#article","isPartOf":{"@id":"https:\/\/redamlo.com\/index.php\/2024\/05\/15\/amlo-lamenta-muerte-de-ocho-trabajadores-mexicanos-en-florida\/"},"author":{"name":"Blanca","@id":"https:\/\/redamlo.com\/#\/schema\/person\/7223a4375eb8f1a782fcae010a7115cf"},"headline":"AMLO lamenta muerte de ocho trabajadores mexicanos en Florida, EE.UU.","datePublished":"2024-05-16T02:46:27+00:00","mainEntityOfPage":{"@id":"https:\/\/redamlo.com\/index.php\/2024\/05\/15\/amlo-lamenta-muerte-de-ocho-trabajadores-mexicanos-en-florida\/"},"wordCount":203,"publisher":{"@id":"https:\/\/redamlo.com\/#organization"},"image":{"@id":"https:\/\/redamlo.com\/index.php\/2024\/05\/15\/amlo-lamenta-muerte-de-ocho-trabajadores-mexicanos-en-florida\/#primaryimage"},"thumbnailUrl":"https:\/\/redamlo.com\/wp-content\/uploads\/2024\/05\/2024-05-15-Conferencia-de-prensa-matutina-Palacio-Nacional-Foto-05.jpg","keywords":["accidente de mexicanos en florida","AMLO","e.u"],"articleSection":["Nacionales"],"inLanguage":"es"},{"@type":"WebPage","@id":"https:\/\/redamlo.com\/index.php\/2024\/05\/15\/amlo-lamenta-muerte-de-ocho-trabajadores-mexicanos-en-florida\/","url":"https:\/\/redamlo.com\/index.php\/2024\/05\/15\/amlo-lamenta-muerte-de-ocho-trabajadores-mexicanos-en-florida\/","name":"AMLO lamenta muerte de ocho trabajadores mexicanos en Florida, EE.UU. - NOTICIAS DE LA 4T","isPartOf":{"@id":"https:\/\/redamlo.com\/#website"},"primaryImageOfPage":{"@id":"https:\/\/redamlo.com\/index.php\/2024\/05\/15\/amlo-lamenta-muerte-de-ocho-trabajadores-mexicanos-en-florida\/#primaryimage"},"image":{"@id":"https:\/\/redamlo.com\/index.php\/2024\/05\/15\/amlo-lamenta-muerte-de-ocho-trabajadores-mexicanos-en-florida\/#primaryimage"},"thumbnailUrl":"https:\/\/redamlo.com\/wp-content\/uploads\/2024\/05\/2024-05-15-Conferencia-de-prensa-matutina-Palacio-Nacional-Foto-05.jpg","datePublished":"2024-05-16T02:46:27+00:00","breadcrumb":{"@id":"https:\/\/redamlo.com\/index.php\/2024\/05\/15\/amlo-lamenta-muerte-de-ocho-trabajadores-mexicanos-en-florida\/#breadcrumb"},"inLanguage":"es","potentialAction":[{"@type":"ReadAction","target":["https:\/\/redamlo.com\/index.php\/2024\/05\/15\/amlo-lamenta-muerte-de-ocho-trabajadores-mexicanos-en-florida\/"]}]},{"@type":"ImageObject","inLanguage":"es","@id":"https:\/\/redamlo.com\/index.php\/2024\/05\/15\/amlo-lamenta-muerte-de-ocho-trabajadores-mexicanos-en-florida\/#primaryimage","url":"https:\/\/redamlo.com\/wp-content\/uploads\/2024\/05\/2024-05-15-Conferencia-de-prensa-matutina-Palacio-Nacional-Foto-05.jpg","contentUrl":"https:\/\/redamlo.com\/wp-content\/uploads\/2024\/05\/2024-05-15-Conferencia-de-prensa-matutina-Palacio-Nacional-Foto-05.jpg","width":1503,"height":1000},{"@type":"BreadcrumbList","@id":"https:\/\/redamlo.com\/index.php\/2024\/05\/15\/amlo-lamenta-muerte-de-ocho-trabajadores-mexicanos-en-florida\/#breadcrumb","itemListElement":[{"@type":"ListItem","position":1,"name":"Inicio","item":"https:\/\/redamlo.com\/"},{"@type":"ListItem","position":2,"name":"AMLO lamenta muerte de ocho trabajadores mexicanos en Florida, EE.UU."}]},{"@type":"WebSite","@id":"https:\/\/redamlo.com\/#website","url":"https:\/\/redamlo.com\/","name":"NOTICIAS DE LA 4T","description":"","publisher":{"@id":"https:\/\/redamlo.com\/#organization"},"potentialAction":[{"@type":"SearchAction","target":{"@type":"EntryPoint","urlTemplate":"https:\/\/redamlo.com\/?s={search_term_string}"},"query-input":{"@type":"PropertyValueSpecification","valueRequired":true,"valueName":"search_term_string"}}],"inLanguage":"es"},{"@type":"Organization","@id":"https:\/\/redamlo.com\/#organization","name":"NOTICIAS DE LA 4T","url":"https:\/\/redamlo.com\/","logo":{"@type":"ImageObject","inLanguage":"es","@id":"https:\/\/redamlo.com\/#\/schema\/logo\/image\/","url":"https:\/\/redamlo.com\/wp-content\/uploads\/2024\/08\/cropped-RED-AMLO-logo-50.png","contentUrl":"https:\/\/redamlo.com\/wp-content\/uploads\/2024\/08\/cropped-RED-AMLO-logo-50.png","width":256,"height":256,"caption":"NOTICIAS DE LA 4T"},"image":{"@id":"https:\/\/redamlo.com\/#\/schema\/logo\/image\/"}},{"@type":"Person","@id":"https:\/\/redamlo.com\/#\/schema\/person\/7223a4375eb8f1a782fcae010a7115cf","name":"Blanca","image":{"@type":"ImageObject","inLanguage":"es","@id":"https:\/\/secure.gravatar.com\/avatar\/3f79bc8336367a4e6093eae8757acaaf61d1124834b905616de7829b0273426d?s=96&d=mm&r=g","url":"https:\/\/secure.gravatar.com\/avatar\/3f79bc8336367a4e6093eae8757acaaf61d1124834b905616de7829b0273426d?s=96&d=mm&r=g","contentUrl":"https:\/\/secure.gravatar.com\/avatar\/3f79bc8336367a4e6093eae8757acaaf61d1124834b905616de7829b0273426d?s=96&d=mm&r=g","caption":"Blanca"},"url":"https:\/\/redamlo.com\/index.php\/author\/blanca\/"}]}},"_links":{"self":[{"href":"https:\/\/redamlo.com\/index.php\/wp-json\/wp\/v2\/posts\/7809","targetHints":{"allow":["GET"]}}],"collection":[{"href":"https:\/\/redamlo.com\/index.php\/wp-json\/wp\/v2\/posts"}],"about":[{"href":"https:\/\/redamlo.com\/index.php\/wp-json\/wp\/v2\/types\/post"}],"author":[{"embeddable":true,"href":"https:\/\/redamlo.com\/index.php\/wp-json\/wp\/v2\/users\/2"}],"replies":[{"embeddable":true,"href":"https:\/\/redamlo.com\/index.php\/wp-json\/wp\/v2\/comments?post=7809"}],"version-history":[{"count":0,"href":"https:\/\/redamlo.com\/index.php\/wp-json\/wp\/v2\/posts\/7809\/revisions"}],"wp:featuredmedia":[{"embeddable":true,"href":"https:\/\/redamlo.com\/index.php\/wp-json\/wp\/v2\/media\/7811"}],"wp:attachment":[{"href":"https:\/\/redamlo.com\/index.php\/wp-json\/wp\/v2\/media?parent=7809"}],"wp:term":[{"taxonomy":"category","embeddable":true,"href":"https:\/\/redamlo.com\/index.php\/wp-json\/wp\/v2\/categories?post=7809"},{"taxonomy":"post_tag","embeddable":true,"href":"https:\/\/redamlo.com\/index.php\/wp-json\/wp\/v2\/tags?post=7809"}],"curies":[{"name":"wp","href":"https:\/\/api.w.org\/{rel}","templated":true}]}}