{"id":7805,"date":"2024-05-15T20:33:55","date_gmt":"2024-05-16T02:33:55","guid":{"rendered":"https:\/\/redamlo.com\/?p=7805"},"modified":"2024-05-15T20:33:55","modified_gmt":"2024-05-16T02:33:55","slug":"gobierno-de-mexico-consolida-derecho-a-la-salud-y-pension-digna-para-maestras-y-maestros","status":"publish","type":"post","link":"https:\/\/redamlo.com\/index.php\/2024\/05\/15\/gobierno-de-mexico-consolida-derecho-a-la-salud-y-pension-digna-para-maestras-y-maestros\/","title":{"rendered":"Gobierno de M\u00e9xico consolida derecho a la salud y pensi\u00f3n digna para maestros y maestras"},"content":{"rendered":"<p>El presidente Andr\u00e9s Manuel L\u00f3pez Obrador conmemor\u00f3 en Palacio Nacional el\u00a0<strong>D\u00eda de la Maestra y el Maestro<\/strong>, a quienes dijo que tendr\u00e1n garantizado el derecho a la salud y a una pensi\u00f3n digna.<\/p>\n<p>&nbsp;<\/p>\n<p>Adelant\u00f3 que est\u00e1 por celebrarse un convenio con el<strong>\u00a0Instituto Mexicano del Seguro Social (IMSS)<\/strong>\u00a0en beneficio de maestras y maestros que viven y trabajan en comunidades apartadas del pa\u00eds con el objetivo de atenderlos en m\u00e1s de 11 mil cl\u00ednicas y 635 hospitales del\u00a0<strong>IMSS Bienestar<\/strong>, modelo que garantiza a diario atenci\u00f3n m\u00e9dica de calidad, universal y gratuita.<\/p>\n<p>https:\/\/www.youtube.com\/watch?v=g30KrGw8wLE<\/p>\n<p>Simult\u00e1neamente est\u00e1 en proceso el rescate del\u00a0<strong>Instituto de Seguridad y Servicios Sociales de los Trabajadores del Estado (ISSSTE).<\/strong>\u00a0Actualmente son remodeladas 547 cl\u00ednicas y 114 hospitales est\u00e1n por habilitarse y equiparse, al tiempo que se construyen seis hospitales de especialidades, donde maestras y maestros har\u00e1n valer su derecho a la salud con abasto de medicamentos al cien por ciento.<\/p>\n<p>Con motivo de la conmemoraci\u00f3n del 15 de mayo, el presidente resalt\u00f3 la creaci\u00f3n del<strong>\u00a0Fondo de Pensiones para el Bienestar<\/strong>, el cual permitir\u00e1 a maestras y maestros una jubilaci\u00f3n equivalente al 100 por ciento del \u00faltimo sueldo que perciban antes de retirarse. Este mecanismo revierte el da\u00f1o causado por la ley aprobada durante el gobierno de Felipe Calder\u00f3n, que s\u00f3lo contemplaba entregar el 30 por ciento del salario.<\/p>\n<p>Ante representantes del sector magisterial reiter\u00f3 el anuncio del aumento anual del 10 por ciento en promedio en el sueldo de maestras y maestros de educaci\u00f3n b\u00e1sica federalizada, medida acompa\u00f1ada de la continua basificaci\u00f3n de trabajadores de la educaci\u00f3n. En el Gobierno de la Cuarta Transformaci\u00f3n ya suman 960 mil beneficiados.<\/p>\n<p>La federaci\u00f3n garantiza a maestras y maestros un salario de 17 mil 635 pesos mensuales, lo que representa un incremento en este sexenio de 47.5 por ciento, a diferencia de las administraciones de Felipe Calder\u00f3n Hinojosa y Enrique Pe\u00f1a Nieto en las que los sueldos se situaron en 9 mil 580 pesos y 11 mil 952 pesos mensuales, respectivamente.<\/p>\n<p>Las y los aspirantes a profesor biling\u00fce de educaci\u00f3n ind\u00edgena ganar\u00e1n ahora 17 mil 278 pesos mensuales, un aumento del 188 por ciento en comparaci\u00f3n con 2018, cuando obten\u00edan 5 mil 994 pesos. El personal administrativo del sector educativo recibir\u00e1 16 mil 778 pesos al mes, pr\u00e1cticamente el doble de los 8 mil 430 pesos que percib\u00eda en el sexenio anterior.<\/p>\n<blockquote><p>\u201cEn nuestro gobierno, habremos destinado para aumentos salariales de maestras y maestros y otros trabajadores de la educaci\u00f3n 175 mil millones de pesos adicionales a lo presupuestado\u201d, destac\u00f3.<\/p><\/blockquote>\n<p>En su discurso refiri\u00f3 que la administraci\u00f3n de la 4T prioriza la escucha y la atenci\u00f3n a las necesidades del personal educativo. Tambi\u00e9n puntualiz\u00f3 las iniciativas de La Escuela es Nuestra y las Becas para el Bienestar Benito Ju\u00e1rez en beneficio de alumnas y alumnos, as\u00ed como la aportaci\u00f3n hist\u00f3rica de maestras y maestros en la elaboraci\u00f3n de los nuevos contenidos de los libros de texto gratuitos.<\/p>\n<blockquote><p>\u201cContra viento y marea, enfrentando como siempre a la reacci\u00f3n conservadora, logramos distribuir esos materiales educativos en todas las escuelas de nivel b\u00e1sico del pa\u00eds. Hablo de 153 millones de libros, de ejemplares con una orientaci\u00f3n cient\u00edfica, pero tambi\u00e9n human\u00edstica\u201d, argument\u00f3.<\/p><\/blockquote>\n<p>En el Sal\u00f3n de la Tesorer\u00eda de Palacio Nacional reconoci\u00f3 a las y los trabajadores de la educaci\u00f3n por su respaldo en el actual proceso de transformaci\u00f3n.<\/p>\n<p>\u201cEn todo momento, siempre, hemos contado con el apoyo de ustedes, del magisterio nacional. Me han apoyado, me han respaldado, han formado parte del proceso de transformaci\u00f3n, del proceso de cambio. Como dec\u00eda el presidente Ju\u00e1rez: \u201ccon el pueblo, todo; sin el pueblo, nada\u201d. Y parafraseando al presidente Ju\u00e1rez: con los maestros y maestras, todo; sin las maestras y los maestros, nada\u201d, asegur\u00f3.<\/p>\n<p>Agradeci\u00f3 la labor y la confianza del\u00a0<strong>Sindicato Nacional de Trabajadores de la Educaci\u00f3n (SNTE)<\/strong>\u00a0y reconoci\u00f3 la importancia de la\u00a0<strong>Coordinadora Nacional de Trabajadores de la Educaci\u00f3n (CNTE)<\/strong>\u00a0en las acciones de resistencia que emprendieron en la defensa de la educaci\u00f3n p\u00fablica cuando el sexenio anterior quiso imponer la mal llamada reforma educativa.<\/p>\n<blockquote><p>\u201cA cuatro meses y medio de terminar mi mandato, no me queda m\u00e1s que agradecerles por su vocaci\u00f3n de servicio, porque ustedes quieren verdaderamente a sus alumnos y ayudan mucho a las familias y desde luego contribuyen mucho al desarrollo de nuestro querido M\u00e9xico\u201d, indic\u00f3.<\/p><\/blockquote>\n<p>\u201cUstedes no s\u00f3lo han dado instrucci\u00f3n elemental y secundaria a millones de ni\u00f1as, ni\u00f1os y j\u00f3venes, sino que con su ejemplo le ense\u00f1aron a incontables hombres y mujeres libres a mantener en alto los ideales, a organizarse, a defender sus derechos, a arraigarse en el pueblo y a resistir ante las injusticias. La transformaci\u00f3n nacional que hoy vivimos tambi\u00e9n aprendi\u00f3 de ustedes y por eso, m\u00e1s all\u00e1 de diferencias circunstanciales, los tengo y los tendr\u00e9 siempre como compa\u00f1eras y compa\u00f1eros\u201d, concluy\u00f3.<\/p>\n<p>Junto con la secretaria de Educaci\u00f3n P\u00fablica, Leticia Ram\u00edrez Amaya, el jefe del Ejecutivo entreg\u00f3 40 condecoraciones Maestro Manuel Altamirano a maestras y maestros galardonados por cuarenta a\u00f1os o m\u00e1s de servicio docente. Recibieron: Mar\u00eda del Carmen Rosales Loera, Marina Ofelia Camarena Soto, Laura Beatriz Castorena G\u00f3mez, Alma Rosa M\u00e9ndez Capul, Marco Antonio Herrera Tolentino, Fernando Francisco Hensler Blanco, Marco Antonio G\u00f3mez Alc\u00e1zar, Carmen Aurora Bailon Caro, Mar\u00eda Elena Ramos Mart\u00ednez, Patricia Camacho Chavira, Etelvina de Lourdes Vega Ariaza, Valeriano D\u00edaz Basurto, Noria Hilda Aguilar Islas, Miguel \u00c1ngel Valdez Orozco, Hugo Guti\u00e9rrez Garc\u00eda, Norma Ang\u00e9lica Trujillo Salazar, Ma. de Lourdes Calixto Lozano, Herminio Gandhi Castillo Barrios, Mar\u00eda Hilda Quiroz Guardado y Kathia Alejandra Livas Benavides.<\/p>\n<p>Tambi\u00e9n Guillermo Marcial V\u00e1squez, Mar\u00eda de la Luz Mej\u00eda Budar, Cecilia Patricia Castro Res\u00e9ndiz, Miriam Elvira Cervera Pe\u00f1a, Francisco Roberto M\u00e1rquez Bravo, Enriqueta Garc\u00eda Garc\u00eda, Fernanda Alicia Arag\u00f3n Romero, Blanca Hern\u00e1ndez Payr\u00f3, Ana Mar\u00eda Atencio Guerrero, Virgenmina Mu\u00f1oz Mu\u00f1oz, Lidia Adriana Ramos Maldonado, Silvia Beatriz Springer Franco, Carlos Rodr\u00edguez Ram\u00edrez, Mar\u00eda Guadalupe Argando\u00f1a Mendoza, Mar\u00eda Alejandra Cervantes Arrazola, Germana Cruz Raquel, Guadalupe Camacho Reyes, Jaime Eugenio Arau Roffiel, Francisco Javier M\u00e9ndez Escamilla y Yolanda de la Garza de Lara.<\/p>\n<p>Acompa\u00f1aron en la mesa de honor: el secretario general del Sindicato Nacional de Trabajadores de la Educaci\u00f3n (SNTE), Alfonso Cepeda Salas y los galardonados con la Condecoraci\u00f3n Maestro Altamirano, maestra Fernanda Alicia Arag\u00f3n Romero y maestro Hugo Guti\u00e9rrez Garc\u00eda.<\/p>\n","protected":false},"excerpt":{"rendered":"<p>El presidente Andr\u00e9s Manuel L\u00f3pez Obrador conmemor\u00f3 en Palacio Nacional el\u00a0D\u00eda de la Maestra y&#8230;<\/p>\n","protected":false},"author":2,"featured_media":7808,"comment_status":"closed","ping_status":"closed","sticky":false,"template":"","format":"standard","meta":{"footnotes":""},"categories":[28,27],"tags":[84,2690,279],"class_list":["post-7805","post","type-post","status-publish","format-standard","has-post-thumbnail","hentry","category-educacion","category-presidencia","tag-amlo","tag-dia-del-maestro","tag-sep"],"yoast_head":"<!-- This site is optimized with the Yoast SEO plugin v27.5 - https:\/\/yoast.com\/product\/yoast-seo-wordpress\/ -->\n<title>Gobierno de M\u00e9xico consolida derecho a la salud y pensi\u00f3n digna para maestros y maestras - NOTICIAS DE LA 4T<\/title>\n<meta name=\"robots\" content=\"noindex, follow, max-snippet:-1, max-image-preview:large, max-video-preview:-1\" \/>\n<meta property=\"og:locale\" content=\"es_MX\" \/>\n<meta property=\"og:type\" content=\"article\" \/>\n<meta property=\"og:title\" content=\"Gobierno de M\u00e9xico consolida derecho a la salud y pensi\u00f3n digna para maestros y maestras - NOTICIAS DE LA 4T\" \/>\n<meta property=\"og:description\" content=\"El presidente Andr\u00e9s Manuel L\u00f3pez Obrador conmemor\u00f3 en Palacio Nacional el\u00a0D\u00eda de la Maestra y...\" \/>\n<meta property=\"og:url\" content=\"https:\/\/redamlo.com\/index.php\/2024\/05\/15\/gobierno-de-mexico-consolida-derecho-a-la-salud-y-pension-digna-para-maestras-y-maestros\/\" \/>\n<meta property=\"og:site_name\" content=\"NOTICIAS DE LA 4T\" \/>\n<meta property=\"article:published_time\" content=\"2024-05-16T02:33:55+00:00\" \/>\n<meta property=\"og:image\" content=\"https:\/\/redamlo.com\/wp-content\/uploads\/2024\/05\/2024-05-15-Presidente-AMLO-Dia-de-la-maestra-y-el-maestro-Palacio-Nacional-Foto-9.jpg\" \/>\n\t<meta property=\"og:image:width\" content=\"1778\" \/>\n\t<meta property=\"og:image:height\" content=\"1000\" \/>\n\t<meta property=\"og:image:type\" content=\"image\/jpeg\" \/>\n<meta name=\"author\" content=\"Blanca\" \/>\n<meta name=\"twitter:card\" content=\"summary_large_image\" \/>\n<meta name=\"twitter:label1\" content=\"Escrito por\" \/>\n\t<meta name=\"twitter:data1\" content=\"Blanca\" \/>\n\t<meta name=\"twitter:label2\" content=\"Tiempo de lectura\" \/>\n\t<meta name=\"twitter:data2\" content=\"6 minutos\" \/>\n<script type=\"application\/ld+json\" class=\"yoast-schema-graph\">{\"@context\":\"https:\\\/\\\/schema.org\",\"@graph\":[{\"@type\":\"Article\",\"@id\":\"https:\\\/\\\/redamlo.com\\\/index.php\\\/2024\\\/05\\\/15\\\/gobierno-de-mexico-consolida-derecho-a-la-salud-y-pension-digna-para-maestras-y-maestros\\\/#article\",\"isPartOf\":{\"@id\":\"https:\\\/\\\/redamlo.com\\\/index.php\\\/2024\\\/05\\\/15\\\/gobierno-de-mexico-consolida-derecho-a-la-salud-y-pension-digna-para-maestras-y-maestros\\\/\"},\"author\":{\"name\":\"Blanca\",\"@id\":\"https:\\\/\\\/redamlo.com\\\/#\\\/schema\\\/person\\\/7223a4375eb8f1a782fcae010a7115cf\"},\"headline\":\"Gobierno de M\u00e9xico consolida derecho a la salud y pensi\u00f3n digna para maestros y maestras\",\"datePublished\":\"2024-05-16T02:33:55+00:00\",\"mainEntityOfPage\":{\"@id\":\"https:\\\/\\\/redamlo.com\\\/index.php\\\/2024\\\/05\\\/15\\\/gobierno-de-mexico-consolida-derecho-a-la-salud-y-pension-digna-para-maestras-y-maestros\\\/\"},\"wordCount\":1151,\"publisher\":{\"@id\":\"https:\\\/\\\/redamlo.com\\\/#organization\"},\"image\":{\"@id\":\"https:\\\/\\\/redamlo.com\\\/index.php\\\/2024\\\/05\\\/15\\\/gobierno-de-mexico-consolida-derecho-a-la-salud-y-pension-digna-para-maestras-y-maestros\\\/#primaryimage\"},\"thumbnailUrl\":\"https:\\\/\\\/redamlo.com\\\/wp-content\\\/uploads\\\/2024\\\/05\\\/2024-05-15-Presidente-AMLO-Dia-de-la-maestra-y-el-maestro-Palacio-Nacional-Foto-9.jpg\",\"keywords\":[\"AMLO\",\"dia del maestro\",\"SEP\"],\"articleSection\":[\"Educaci\u00f3n\",\"Presidencia\"],\"inLanguage\":\"es\"},{\"@type\":\"WebPage\",\"@id\":\"https:\\\/\\\/redamlo.com\\\/index.php\\\/2024\\\/05\\\/15\\\/gobierno-de-mexico-consolida-derecho-a-la-salud-y-pension-digna-para-maestras-y-maestros\\\/\",\"url\":\"https:\\\/\\\/redamlo.com\\\/index.php\\\/2024\\\/05\\\/15\\\/gobierno-de-mexico-consolida-derecho-a-la-salud-y-pension-digna-para-maestras-y-maestros\\\/\",\"name\":\"Gobierno de M\u00e9xico consolida derecho a la salud y pensi\u00f3n digna para maestros y maestras - NOTICIAS DE LA 4T\",\"isPartOf\":{\"@id\":\"https:\\\/\\\/redamlo.com\\\/#website\"},\"primaryImageOfPage\":{\"@id\":\"https:\\\/\\\/redamlo.com\\\/index.php\\\/2024\\\/05\\\/15\\\/gobierno-de-mexico-consolida-derecho-a-la-salud-y-pension-digna-para-maestras-y-maestros\\\/#primaryimage\"},\"image\":{\"@id\":\"https:\\\/\\\/redamlo.com\\\/index.php\\\/2024\\\/05\\\/15\\\/gobierno-de-mexico-consolida-derecho-a-la-salud-y-pension-digna-para-maestras-y-maestros\\\/#primaryimage\"},\"thumbnailUrl\":\"https:\\\/\\\/redamlo.com\\\/wp-content\\\/uploads\\\/2024\\\/05\\\/2024-05-15-Presidente-AMLO-Dia-de-la-maestra-y-el-maestro-Palacio-Nacional-Foto-9.jpg\",\"datePublished\":\"2024-05-16T02:33:55+00:00\",\"breadcrumb\":{\"@id\":\"https:\\\/\\\/redamlo.com\\\/index.php\\\/2024\\\/05\\\/15\\\/gobierno-de-mexico-consolida-derecho-a-la-salud-y-pension-digna-para-maestras-y-maestros\\\/#breadcrumb\"},\"inLanguage\":\"es\",\"potentialAction\":[{\"@type\":\"ReadAction\",\"target\":[\"https:\\\/\\\/redamlo.com\\\/index.php\\\/2024\\\/05\\\/15\\\/gobierno-de-mexico-consolida-derecho-a-la-salud-y-pension-digna-para-maestras-y-maestros\\\/\"]}]},{\"@type\":\"ImageObject\",\"inLanguage\":\"es\",\"@id\":\"https:\\\/\\\/redamlo.com\\\/index.php\\\/2024\\\/05\\\/15\\\/gobierno-de-mexico-consolida-derecho-a-la-salud-y-pension-digna-para-maestras-y-maestros\\\/#primaryimage\",\"url\":\"https:\\\/\\\/redamlo.com\\\/wp-content\\\/uploads\\\/2024\\\/05\\\/2024-05-15-Presidente-AMLO-Dia-de-la-maestra-y-el-maestro-Palacio-Nacional-Foto-9.jpg\",\"contentUrl\":\"https:\\\/\\\/redamlo.com\\\/wp-content\\\/uploads\\\/2024\\\/05\\\/2024-05-15-Presidente-AMLO-Dia-de-la-maestra-y-el-maestro-Palacio-Nacional-Foto-9.jpg\",\"width\":1778,\"height\":1000},{\"@type\":\"BreadcrumbList\",\"@id\":\"https:\\\/\\\/redamlo.com\\\/index.php\\\/2024\\\/05\\\/15\\\/gobierno-de-mexico-consolida-derecho-a-la-salud-y-pension-digna-para-maestras-y-maestros\\\/#breadcrumb\",\"itemListElement\":[{\"@type\":\"ListItem\",\"position\":1,\"name\":\"Inicio\",\"item\":\"https:\\\/\\\/redamlo.com\\\/\"},{\"@type\":\"ListItem\",\"position\":2,\"name\":\"Gobierno de M\u00e9xico consolida derecho a la salud y pensi\u00f3n digna para maestros y maestras\"}]},{\"@type\":\"WebSite\",\"@id\":\"https:\\\/\\\/redamlo.com\\\/#website\",\"url\":\"https:\\\/\\\/redamlo.com\\\/\",\"name\":\"NOTICIAS DE LA 4T\",\"description\":\"\",\"publisher\":{\"@id\":\"https:\\\/\\\/redamlo.com\\\/#organization\"},\"potentialAction\":[{\"@type\":\"SearchAction\",\"target\":{\"@type\":\"EntryPoint\",\"urlTemplate\":\"https:\\\/\\\/redamlo.com\\\/?s={search_term_string}\"},\"query-input\":{\"@type\":\"PropertyValueSpecification\",\"valueRequired\":true,\"valueName\":\"search_term_string\"}}],\"inLanguage\":\"es\"},{\"@type\":\"Organization\",\"@id\":\"https:\\\/\\\/redamlo.com\\\/#organization\",\"name\":\"NOTICIAS DE LA 4T\",\"url\":\"https:\\\/\\\/redamlo.com\\\/\",\"logo\":{\"@type\":\"ImageObject\",\"inLanguage\":\"es\",\"@id\":\"https:\\\/\\\/redamlo.com\\\/#\\\/schema\\\/logo\\\/image\\\/\",\"url\":\"https:\\\/\\\/redamlo.com\\\/wp-content\\\/uploads\\\/2024\\\/08\\\/cropped-RED-AMLO-logo-50.png\",\"contentUrl\":\"https:\\\/\\\/redamlo.com\\\/wp-content\\\/uploads\\\/2024\\\/08\\\/cropped-RED-AMLO-logo-50.png\",\"width\":256,\"height\":256,\"caption\":\"NOTICIAS DE LA 4T\"},\"image\":{\"@id\":\"https:\\\/\\\/redamlo.com\\\/#\\\/schema\\\/logo\\\/image\\\/\"}},{\"@type\":\"Person\",\"@id\":\"https:\\\/\\\/redamlo.com\\\/#\\\/schema\\\/person\\\/7223a4375eb8f1a782fcae010a7115cf\",\"name\":\"Blanca\",\"image\":{\"@type\":\"ImageObject\",\"inLanguage\":\"es\",\"@id\":\"https:\\\/\\\/secure.gravatar.com\\\/avatar\\\/3f79bc8336367a4e6093eae8757acaaf61d1124834b905616de7829b0273426d?s=96&d=mm&r=g\",\"url\":\"https:\\\/\\\/secure.gravatar.com\\\/avatar\\\/3f79bc8336367a4e6093eae8757acaaf61d1124834b905616de7829b0273426d?s=96&d=mm&r=g\",\"contentUrl\":\"https:\\\/\\\/secure.gravatar.com\\\/avatar\\\/3f79bc8336367a4e6093eae8757acaaf61d1124834b905616de7829b0273426d?s=96&d=mm&r=g\",\"caption\":\"Blanca\"},\"url\":\"https:\\\/\\\/redamlo.com\\\/index.php\\\/author\\\/blanca\\\/\"}]}<\/script>\n<!-- \/ Yoast SEO plugin. -->","yoast_head_json":{"title":"Gobierno de M\u00e9xico consolida derecho a la salud y pensi\u00f3n digna para maestros y maestras - NOTICIAS DE LA 4T","robots":{"index":"noindex","follow":"follow","max-snippet":"max-snippet:-1","max-image-preview":"max-image-preview:large","max-video-preview":"max-video-preview:-1"},"og_locale":"es_MX","og_type":"article","og_title":"Gobierno de M\u00e9xico consolida derecho a la salud y pensi\u00f3n digna para maestros y maestras - NOTICIAS DE LA 4T","og_description":"El presidente Andr\u00e9s Manuel L\u00f3pez Obrador conmemor\u00f3 en Palacio Nacional el\u00a0D\u00eda de la Maestra y...","og_url":"https:\/\/redamlo.com\/index.php\/2024\/05\/15\/gobierno-de-mexico-consolida-derecho-a-la-salud-y-pension-digna-para-maestras-y-maestros\/","og_site_name":"NOTICIAS DE LA 4T","article_published_time":"2024-05-16T02:33:55+00:00","og_image":[{"width":1778,"height":1000,"url":"https:\/\/redamlo.com\/wp-content\/uploads\/2024\/05\/2024-05-15-Presidente-AMLO-Dia-de-la-maestra-y-el-maestro-Palacio-Nacional-Foto-9.jpg","type":"image\/jpeg"}],"author":"Blanca","twitter_card":"summary_large_image","twitter_misc":{"Escrito por":"Blanca","Tiempo de lectura":"6 minutos"},"schema":{"@context":"https:\/\/schema.org","@graph":[{"@type":"Article","@id":"https:\/\/redamlo.com\/index.php\/2024\/05\/15\/gobierno-de-mexico-consolida-derecho-a-la-salud-y-pension-digna-para-maestras-y-maestros\/#article","isPartOf":{"@id":"https:\/\/redamlo.com\/index.php\/2024\/05\/15\/gobierno-de-mexico-consolida-derecho-a-la-salud-y-pension-digna-para-maestras-y-maestros\/"},"author":{"name":"Blanca","@id":"https:\/\/redamlo.com\/#\/schema\/person\/7223a4375eb8f1a782fcae010a7115cf"},"headline":"Gobierno de M\u00e9xico consolida derecho a la salud y pensi\u00f3n digna para maestros y maestras","datePublished":"2024-05-16T02:33:55+00:00","mainEntityOfPage":{"@id":"https:\/\/redamlo.com\/index.php\/2024\/05\/15\/gobierno-de-mexico-consolida-derecho-a-la-salud-y-pension-digna-para-maestras-y-maestros\/"},"wordCount":1151,"publisher":{"@id":"https:\/\/redamlo.com\/#organization"},"image":{"@id":"https:\/\/redamlo.com\/index.php\/2024\/05\/15\/gobierno-de-mexico-consolida-derecho-a-la-salud-y-pension-digna-para-maestras-y-maestros\/#primaryimage"},"thumbnailUrl":"https:\/\/redamlo.com\/wp-content\/uploads\/2024\/05\/2024-05-15-Presidente-AMLO-Dia-de-la-maestra-y-el-maestro-Palacio-Nacional-Foto-9.jpg","keywords":["AMLO","dia del maestro","SEP"],"articleSection":["Educaci\u00f3n","Presidencia"],"inLanguage":"es"},{"@type":"WebPage","@id":"https:\/\/redamlo.com\/index.php\/2024\/05\/15\/gobierno-de-mexico-consolida-derecho-a-la-salud-y-pension-digna-para-maestras-y-maestros\/","url":"https:\/\/redamlo.com\/index.php\/2024\/05\/15\/gobierno-de-mexico-consolida-derecho-a-la-salud-y-pension-digna-para-maestras-y-maestros\/","name":"Gobierno de M\u00e9xico consolida derecho a la salud y pensi\u00f3n digna para maestros y maestras - NOTICIAS DE LA 4T","isPartOf":{"@id":"https:\/\/redamlo.com\/#website"},"primaryImageOfPage":{"@id":"https:\/\/redamlo.com\/index.php\/2024\/05\/15\/gobierno-de-mexico-consolida-derecho-a-la-salud-y-pension-digna-para-maestras-y-maestros\/#primaryimage"},"image":{"@id":"https:\/\/redamlo.com\/index.php\/2024\/05\/15\/gobierno-de-mexico-consolida-derecho-a-la-salud-y-pension-digna-para-maestras-y-maestros\/#primaryimage"},"thumbnailUrl":"https:\/\/redamlo.com\/wp-content\/uploads\/2024\/05\/2024-05-15-Presidente-AMLO-Dia-de-la-maestra-y-el-maestro-Palacio-Nacional-Foto-9.jpg","datePublished":"2024-05-16T02:33:55+00:00","breadcrumb":{"@id":"https:\/\/redamlo.com\/index.php\/2024\/05\/15\/gobierno-de-mexico-consolida-derecho-a-la-salud-y-pension-digna-para-maestras-y-maestros\/#breadcrumb"},"inLanguage":"es","potentialAction":[{"@type":"ReadAction","target":["https:\/\/redamlo.com\/index.php\/2024\/05\/15\/gobierno-de-mexico-consolida-derecho-a-la-salud-y-pension-digna-para-maestras-y-maestros\/"]}]},{"@type":"ImageObject","inLanguage":"es","@id":"https:\/\/redamlo.com\/index.php\/2024\/05\/15\/gobierno-de-mexico-consolida-derecho-a-la-salud-y-pension-digna-para-maestras-y-maestros\/#primaryimage","url":"https:\/\/redamlo.com\/wp-content\/uploads\/2024\/05\/2024-05-15-Presidente-AMLO-Dia-de-la-maestra-y-el-maestro-Palacio-Nacional-Foto-9.jpg","contentUrl":"https:\/\/redamlo.com\/wp-content\/uploads\/2024\/05\/2024-05-15-Presidente-AMLO-Dia-de-la-maestra-y-el-maestro-Palacio-Nacional-Foto-9.jpg","width":1778,"height":1000},{"@type":"BreadcrumbList","@id":"https:\/\/redamlo.com\/index.php\/2024\/05\/15\/gobierno-de-mexico-consolida-derecho-a-la-salud-y-pension-digna-para-maestras-y-maestros\/#breadcrumb","itemListElement":[{"@type":"ListItem","position":1,"name":"Inicio","item":"https:\/\/redamlo.com\/"},{"@type":"ListItem","position":2,"name":"Gobierno de M\u00e9xico consolida derecho a la salud y pensi\u00f3n digna para maestros y maestras"}]},{"@type":"WebSite","@id":"https:\/\/redamlo.com\/#website","url":"https:\/\/redamlo.com\/","name":"NOTICIAS DE LA 4T","description":"","publisher":{"@id":"https:\/\/redamlo.com\/#organization"},"potentialAction":[{"@type":"SearchAction","target":{"@type":"EntryPoint","urlTemplate":"https:\/\/redamlo.com\/?s={search_term_string}"},"query-input":{"@type":"PropertyValueSpecification","valueRequired":true,"valueName":"search_term_string"}}],"inLanguage":"es"},{"@type":"Organization","@id":"https:\/\/redamlo.com\/#organization","name":"NOTICIAS DE LA 4T","url":"https:\/\/redamlo.com\/","logo":{"@type":"ImageObject","inLanguage":"es","@id":"https:\/\/redamlo.com\/#\/schema\/logo\/image\/","url":"https:\/\/redamlo.com\/wp-content\/uploads\/2024\/08\/cropped-RED-AMLO-logo-50.png","contentUrl":"https:\/\/redamlo.com\/wp-content\/uploads\/2024\/08\/cropped-RED-AMLO-logo-50.png","width":256,"height":256,"caption":"NOTICIAS DE LA 4T"},"image":{"@id":"https:\/\/redamlo.com\/#\/schema\/logo\/image\/"}},{"@type":"Person","@id":"https:\/\/redamlo.com\/#\/schema\/person\/7223a4375eb8f1a782fcae010a7115cf","name":"Blanca","image":{"@type":"ImageObject","inLanguage":"es","@id":"https:\/\/secure.gravatar.com\/avatar\/3f79bc8336367a4e6093eae8757acaaf61d1124834b905616de7829b0273426d?s=96&d=mm&r=g","url":"https:\/\/secure.gravatar.com\/avatar\/3f79bc8336367a4e6093eae8757acaaf61d1124834b905616de7829b0273426d?s=96&d=mm&r=g","contentUrl":"https:\/\/secure.gravatar.com\/avatar\/3f79bc8336367a4e6093eae8757acaaf61d1124834b905616de7829b0273426d?s=96&d=mm&r=g","caption":"Blanca"},"url":"https:\/\/redamlo.com\/index.php\/author\/blanca\/"}]}},"_links":{"self":[{"href":"https:\/\/redamlo.com\/index.php\/wp-json\/wp\/v2\/posts\/7805","targetHints":{"allow":["GET"]}}],"collection":[{"href":"https:\/\/redamlo.com\/index.php\/wp-json\/wp\/v2\/posts"}],"about":[{"href":"https:\/\/redamlo.com\/index.php\/wp-json\/wp\/v2\/types\/post"}],"author":[{"embeddable":true,"href":"https:\/\/redamlo.com\/index.php\/wp-json\/wp\/v2\/users\/2"}],"replies":[{"embeddable":true,"href":"https:\/\/redamlo.com\/index.php\/wp-json\/wp\/v2\/comments?post=7805"}],"version-history":[{"count":0,"href":"https:\/\/redamlo.com\/index.php\/wp-json\/wp\/v2\/posts\/7805\/revisions"}],"wp:featuredmedia":[{"embeddable":true,"href":"https:\/\/redamlo.com\/index.php\/wp-json\/wp\/v2\/media\/7808"}],"wp:attachment":[{"href":"https:\/\/redamlo.com\/index.php\/wp-json\/wp\/v2\/media?parent=7805"}],"wp:term":[{"taxonomy":"category","embeddable":true,"href":"https:\/\/redamlo.com\/index.php\/wp-json\/wp\/v2\/categories?post=7805"},{"taxonomy":"post_tag","embeddable":true,"href":"https:\/\/redamlo.com\/index.php\/wp-json\/wp\/v2\/tags?post=7805"}],"curies":[{"name":"wp","href":"https:\/\/api.w.org\/{rel}","templated":true}]}}