{"id":7798,"date":"2024-05-14T16:21:34","date_gmt":"2024-05-14T22:21:34","guid":{"rendered":"https:\/\/redamlo.com\/?p=7798"},"modified":"2024-05-14T16:21:34","modified_gmt":"2024-05-14T22:21:34","slug":"rommel-pacheco-asegura-que-acabara-con-el-cartel-inmobiliario-de-merida-exhibe-a-sus-contrincantes-por-no-tener-cedula-profesional","status":"publish","type":"post","link":"https:\/\/redamlo.com\/index.php\/2024\/05\/14\/rommel-pacheco-asegura-que-acabara-con-el-cartel-inmobiliario-de-merida-exhibe-a-sus-contrincantes-por-no-tener-cedula-profesional\/","title":{"rendered":"Rommel Pacheco asegura que acabar\u00e1 con el c\u00e1rtel inmobiliario de M\u00e9rida; exhibe a sus contrincantes por no tener c\u00e9dula profesional"},"content":{"rendered":"\n\nM\u00e9rida.- El candidato a la alcald\u00eda de M\u00e9rida por Morena, Rommel Pacheco Marrufo asegur\u00f3 que en su gobierno \u00e9l acabar\u00e1 con el c\u00e1rtel inmobiliario que han propiciado el PAN y el PRI y adem\u00e1s asegur\u00f3 que de las personas que participan en la contienda electoral s\u00f3lo \u00e9l cuenta con c\u00e9dula profesional.\n\n \n\nDurante la rueda de prensa que realiza cada lunes, Pacheco Marrufo enfatiz\u00f3 que uno de los problemas que m\u00e1s agravan a la ciudad es el desarrollo inmobiliario que se ha establecido de forma desordenada.\n\n \n\n\u201cVamos a acabar con el c\u00e1rtel inmobiliario que ha ocasionado el PRI y el PAN, ellos han sido permisivos, pero han ocasionado el tr\u00e1fico con todos los desarrollos que se han construido. Lo vemos s\u00f3lo en las comisar\u00edas, como la de Dzyti\u00e1, de donde salen cientos de autos de las privadas y se topan con las personas que viven ya desde a\u00f1os en la comunidad\u201d, asever\u00f3.\n\n \n\nPara el candidato morenista fue duro el contraste de propuestas que hubo en el debate realizado el d\u00eda de ayer y, por ejemplo, \u00e9l reiter\u00f3 que el gobierno panista siempre ha hecho diferencia entre las distintas zonas de la ciudad.\n\n \n\n\u201cLo vemos con la situaci\u00f3n de Emiliano Zapata Norte y Emiliano Zapata Sur, no cuentan con los mismos servicios y as\u00ed, como eso, aunque quieran inventar, ellos no ganaron el debate\u201d, asegur\u00f3.\n<img loading=\"lazy\" decoding=\"async\" src=\"https:\/\/noticaribe.com.mx\/wp\/wp-content\/uploads\/2024\/04\/rommelPHOTO-2024-04-29-10-00-16.jpg\" srcset=\"https:\/\/noticaribe.com.mx\/wp\/wp-content\/uploads\/2024\/04\/rommelPHOTO-2024-04-29-10-00-16.jpg 700w, https:\/\/noticaribe.com.mx\/wp\/wp-content\/uploads\/2024\/04\/rommelPHOTO-2024-04-29-10-00-16-300x225.jpg 300w, https:\/\/noticaribe.com.mx\/wp\/wp-content\/uploads\/2024\/04\/rommelPHOTO-2024-04-29-10-00-16-560x420.jpg 560w, https:\/\/noticaribe.com.mx\/wp\/wp-content\/uploads\/2024\/04\/rommelPHOTO-2024-04-29-10-00-16-80x60.jpg 80w, https:\/\/noticaribe.com.mx\/wp\/wp-content\/uploads\/2024\/04\/rommelPHOTO-2024-04-29-10-00-16-150x113.jpg 150w, https:\/\/noticaribe.com.mx\/wp\/wp-content\/uploads\/2024\/04\/rommelPHOTO-2024-04-29-10-00-16-696x522.jpg 696w, https:\/\/noticaribe.com.mx\/wp\/wp-content\/uploads\/2024\/04\/rommelPHOTO-2024-04-29-10-00-16-265x198.jpg 265w\" alt=\"\" width=\"700\" height=\"525\" \/>\nEn este sentido, mencion\u00f3 que Morena viene a tirar las barreras de la desigualdad con argumentos s\u00f3lidos y transparencia.\n\n \n\nAdem\u00e1s de exhibir que ni uno de sus contrincantes tiene c\u00e9dula profesional, tambi\u00e9n critic\u00f3 al PAN de prometer cosas que no han podido resolver en todos los a\u00f1os que han estado frente al gobierno.\n\n \n\n\u201cEllos s\u00f3lo maquillan y enchulan la ciudad, pero la ciudadan\u00eda ya est\u00e1 cansada de sus propuestas. Es dif\u00edcil que intenten defender un proyecto que a ojos de todo el mundo no funciona\u201d, enfatiz\u00f3.\n\n \n\nAdem\u00e1s, comparti\u00f3 que la candidata del PAN a la alcald\u00eda de M\u00e9rida, Cecilia Patr\u00f3n Laviada, promete la conversi\u00f3n de l\u00e1mparas del alumbrado p\u00fablico a tipo LED, cuando en todos los gobiernos anteriores s\u00f3lo pudieron cambiar 7 mil.\n\n \n\nFinalmente dijo que las equivocaciones que tuvo Patr\u00f3n Laviada, respecto a las propuestas que tendr\u00eda para las personas de la comunidad de la diversidad sexual y los pueblos originarios se hicieron presente ya que siempre, en el partido al que pertenece (PAN), se han usurpado candidaturas que corresponden a grupos vulnerables y mienten que pertenecen a ellas.\n\n \n\nFuente: <strong>Noticaribe<\/strong>\n\n","protected":false},"excerpt":{"rendered":"<p>M\u00e9rida.- El candidato a la alcald\u00eda de M\u00e9rida por Morena, Rommel Pacheco Marrufo asegur\u00f3 que&#8230;<\/p>\n","protected":false},"author":1,"featured_media":7799,"comment_status":"open","ping_status":"closed","sticky":false,"template":"","format":"standard","meta":{"footnotes":""},"categories":[25],"tags":[811,24,2628,2470],"class_list":["post-7798","post","type-post","status-publish","format-standard","has-post-thumbnail","hentry","category-4t","tag-merida","tag-morena","tag-rommel-pacheco","tag-sheinbaum"],"yoast_head":"<!-- This site is optimized with the Yoast SEO plugin v27.5 - https:\/\/yoast.com\/product\/yoast-seo-wordpress\/ -->\n<title>Rommel Pacheco asegura que acabar\u00e1 con el c\u00e1rtel inmobiliario de M\u00e9rida; exhibe a sus contrincantes por no tener c\u00e9dula profesional - NOTICIAS DE LA 4T<\/title>\n<meta name=\"robots\" content=\"noindex, follow, max-snippet:-1, max-image-preview:large, max-video-preview:-1\" \/>\n<meta property=\"og:locale\" content=\"es_MX\" \/>\n<meta property=\"og:type\" content=\"article\" \/>\n<meta property=\"og:title\" content=\"Rommel Pacheco asegura que acabar\u00e1 con el c\u00e1rtel inmobiliario de M\u00e9rida; exhibe a sus contrincantes por no tener c\u00e9dula profesional - NOTICIAS DE LA 4T\" \/>\n<meta property=\"og:description\" content=\"M\u00e9rida.- El candidato a la alcald\u00eda de M\u00e9rida por Morena, Rommel Pacheco Marrufo asegur\u00f3 que...\" \/>\n<meta property=\"og:url\" content=\"https:\/\/redamlo.com\/index.php\/2024\/05\/14\/rommel-pacheco-asegura-que-acabara-con-el-cartel-inmobiliario-de-merida-exhibe-a-sus-contrincantes-por-no-tener-cedula-profesional\/\" \/>\n<meta property=\"og:site_name\" content=\"NOTICIAS DE LA 4T\" \/>\n<meta property=\"article:published_time\" content=\"2024-05-14T22:21:34+00:00\" \/>\n<meta property=\"og:image\" content=\"https:\/\/redamlo.com\/wp-content\/uploads\/2024\/05\/rommel_claudia.jpg\" \/>\n\t<meta property=\"og:image:width\" content=\"1462\" \/>\n\t<meta property=\"og:image:height\" content=\"1113\" \/>\n\t<meta property=\"og:image:type\" content=\"image\/jpeg\" \/>\n<meta name=\"author\" content=\"admin\" \/>\n<meta name=\"twitter:card\" content=\"summary_large_image\" \/>\n<meta name=\"twitter:label1\" content=\"Escrito por\" \/>\n\t<meta name=\"twitter:data1\" content=\"admin\" \/>\n\t<meta name=\"twitter:label2\" content=\"Tiempo de lectura\" \/>\n\t<meta name=\"twitter:data2\" content=\"2 minutos\" \/>\n<script type=\"application\/ld+json\" class=\"yoast-schema-graph\">{\"@context\":\"https:\\\/\\\/schema.org\",\"@graph\":[{\"@type\":\"Article\",\"@id\":\"https:\\\/\\\/redamlo.com\\\/index.php\\\/2024\\\/05\\\/14\\\/rommel-pacheco-asegura-que-acabara-con-el-cartel-inmobiliario-de-merida-exhibe-a-sus-contrincantes-por-no-tener-cedula-profesional\\\/#article\",\"isPartOf\":{\"@id\":\"https:\\\/\\\/redamlo.com\\\/index.php\\\/2024\\\/05\\\/14\\\/rommel-pacheco-asegura-que-acabara-con-el-cartel-inmobiliario-de-merida-exhibe-a-sus-contrincantes-por-no-tener-cedula-profesional\\\/\"},\"author\":{\"name\":\"admin\",\"@id\":\"https:\\\/\\\/redamlo.com\\\/#\\\/schema\\\/person\\\/197a0a670d21b1f4f1483ddda1b64613\"},\"headline\":\"Rommel Pacheco asegura que acabar\u00e1 con el c\u00e1rtel inmobiliario de M\u00e9rida; exhibe a sus contrincantes por no tener c\u00e9dula profesional\",\"datePublished\":\"2024-05-14T22:21:34+00:00\",\"mainEntityOfPage\":{\"@id\":\"https:\\\/\\\/redamlo.com\\\/index.php\\\/2024\\\/05\\\/14\\\/rommel-pacheco-asegura-que-acabara-con-el-cartel-inmobiliario-de-merida-exhibe-a-sus-contrincantes-por-no-tener-cedula-profesional\\\/\"},\"wordCount\":461,\"commentCount\":0,\"publisher\":{\"@id\":\"https:\\\/\\\/redamlo.com\\\/#organization\"},\"image\":{\"@id\":\"https:\\\/\\\/redamlo.com\\\/index.php\\\/2024\\\/05\\\/14\\\/rommel-pacheco-asegura-que-acabara-con-el-cartel-inmobiliario-de-merida-exhibe-a-sus-contrincantes-por-no-tener-cedula-profesional\\\/#primaryimage\"},\"thumbnailUrl\":\"https:\\\/\\\/redamlo.com\\\/wp-content\\\/uploads\\\/2024\\\/05\\\/rommel_claudia.jpg\",\"keywords\":[\"M\u00e9rida\",\"Morena\",\"Rommel Pacheco\",\"Sheinbaum\"],\"articleSection\":[\"4T\"],\"inLanguage\":\"es\",\"potentialAction\":[{\"@type\":\"CommentAction\",\"name\":\"Comment\",\"target\":[\"https:\\\/\\\/redamlo.com\\\/index.php\\\/2024\\\/05\\\/14\\\/rommel-pacheco-asegura-que-acabara-con-el-cartel-inmobiliario-de-merida-exhibe-a-sus-contrincantes-por-no-tener-cedula-profesional\\\/#respond\"]}]},{\"@type\":\"WebPage\",\"@id\":\"https:\\\/\\\/redamlo.com\\\/index.php\\\/2024\\\/05\\\/14\\\/rommel-pacheco-asegura-que-acabara-con-el-cartel-inmobiliario-de-merida-exhibe-a-sus-contrincantes-por-no-tener-cedula-profesional\\\/\",\"url\":\"https:\\\/\\\/redamlo.com\\\/index.php\\\/2024\\\/05\\\/14\\\/rommel-pacheco-asegura-que-acabara-con-el-cartel-inmobiliario-de-merida-exhibe-a-sus-contrincantes-por-no-tener-cedula-profesional\\\/\",\"name\":\"Rommel Pacheco asegura que acabar\u00e1 con el c\u00e1rtel inmobiliario de M\u00e9rida; exhibe a sus contrincantes por no tener c\u00e9dula profesional - NOTICIAS DE LA 4T\",\"isPartOf\":{\"@id\":\"https:\\\/\\\/redamlo.com\\\/#website\"},\"primaryImageOfPage\":{\"@id\":\"https:\\\/\\\/redamlo.com\\\/index.php\\\/2024\\\/05\\\/14\\\/rommel-pacheco-asegura-que-acabara-con-el-cartel-inmobiliario-de-merida-exhibe-a-sus-contrincantes-por-no-tener-cedula-profesional\\\/#primaryimage\"},\"image\":{\"@id\":\"https:\\\/\\\/redamlo.com\\\/index.php\\\/2024\\\/05\\\/14\\\/rommel-pacheco-asegura-que-acabara-con-el-cartel-inmobiliario-de-merida-exhibe-a-sus-contrincantes-por-no-tener-cedula-profesional\\\/#primaryimage\"},\"thumbnailUrl\":\"https:\\\/\\\/redamlo.com\\\/wp-content\\\/uploads\\\/2024\\\/05\\\/rommel_claudia.jpg\",\"datePublished\":\"2024-05-14T22:21:34+00:00\",\"breadcrumb\":{\"@id\":\"https:\\\/\\\/redamlo.com\\\/index.php\\\/2024\\\/05\\\/14\\\/rommel-pacheco-asegura-que-acabara-con-el-cartel-inmobiliario-de-merida-exhibe-a-sus-contrincantes-por-no-tener-cedula-profesional\\\/#breadcrumb\"},\"inLanguage\":\"es\",\"potentialAction\":[{\"@type\":\"ReadAction\",\"target\":[\"https:\\\/\\\/redamlo.com\\\/index.php\\\/2024\\\/05\\\/14\\\/rommel-pacheco-asegura-que-acabara-con-el-cartel-inmobiliario-de-merida-exhibe-a-sus-contrincantes-por-no-tener-cedula-profesional\\\/\"]}]},{\"@type\":\"ImageObject\",\"inLanguage\":\"es\",\"@id\":\"https:\\\/\\\/redamlo.com\\\/index.php\\\/2024\\\/05\\\/14\\\/rommel-pacheco-asegura-que-acabara-con-el-cartel-inmobiliario-de-merida-exhibe-a-sus-contrincantes-por-no-tener-cedula-profesional\\\/#primaryimage\",\"url\":\"https:\\\/\\\/redamlo.com\\\/wp-content\\\/uploads\\\/2024\\\/05\\\/rommel_claudia.jpg\",\"contentUrl\":\"https:\\\/\\\/redamlo.com\\\/wp-content\\\/uploads\\\/2024\\\/05\\\/rommel_claudia.jpg\",\"width\":1462,\"height\":1113},{\"@type\":\"BreadcrumbList\",\"@id\":\"https:\\\/\\\/redamlo.com\\\/index.php\\\/2024\\\/05\\\/14\\\/rommel-pacheco-asegura-que-acabara-con-el-cartel-inmobiliario-de-merida-exhibe-a-sus-contrincantes-por-no-tener-cedula-profesional\\\/#breadcrumb\",\"itemListElement\":[{\"@type\":\"ListItem\",\"position\":1,\"name\":\"Inicio\",\"item\":\"https:\\\/\\\/redamlo.com\\\/\"},{\"@type\":\"ListItem\",\"position\":2,\"name\":\"Rommel Pacheco asegura que acabar\u00e1 con el c\u00e1rtel inmobiliario de M\u00e9rida; exhibe a sus contrincantes por no tener c\u00e9dula profesional\"}]},{\"@type\":\"WebSite\",\"@id\":\"https:\\\/\\\/redamlo.com\\\/#website\",\"url\":\"https:\\\/\\\/redamlo.com\\\/\",\"name\":\"NOTICIAS DE LA 4T\",\"description\":\"\",\"publisher\":{\"@id\":\"https:\\\/\\\/redamlo.com\\\/#organization\"},\"potentialAction\":[{\"@type\":\"SearchAction\",\"target\":{\"@type\":\"EntryPoint\",\"urlTemplate\":\"https:\\\/\\\/redamlo.com\\\/?s={search_term_string}\"},\"query-input\":{\"@type\":\"PropertyValueSpecification\",\"valueRequired\":true,\"valueName\":\"search_term_string\"}}],\"inLanguage\":\"es\"},{\"@type\":\"Organization\",\"@id\":\"https:\\\/\\\/redamlo.com\\\/#organization\",\"name\":\"NOTICIAS DE LA 4T\",\"url\":\"https:\\\/\\\/redamlo.com\\\/\",\"logo\":{\"@type\":\"ImageObject\",\"inLanguage\":\"es\",\"@id\":\"https:\\\/\\\/redamlo.com\\\/#\\\/schema\\\/logo\\\/image\\\/\",\"url\":\"https:\\\/\\\/redamlo.com\\\/wp-content\\\/uploads\\\/2024\\\/08\\\/cropped-RED-AMLO-logo-50.png\",\"contentUrl\":\"https:\\\/\\\/redamlo.com\\\/wp-content\\\/uploads\\\/2024\\\/08\\\/cropped-RED-AMLO-logo-50.png\",\"width\":256,\"height\":256,\"caption\":\"NOTICIAS DE LA 4T\"},\"image\":{\"@id\":\"https:\\\/\\\/redamlo.com\\\/#\\\/schema\\\/logo\\\/image\\\/\"}},{\"@type\":\"Person\",\"@id\":\"https:\\\/\\\/redamlo.com\\\/#\\\/schema\\\/person\\\/197a0a670d21b1f4f1483ddda1b64613\",\"name\":\"admin\",\"image\":{\"@type\":\"ImageObject\",\"inLanguage\":\"es\",\"@id\":\"https:\\\/\\\/secure.gravatar.com\\\/avatar\\\/293dccd927043f2e641da6685c2f84009782eb9ee0054daceada4e261ded849a?s=96&d=mm&r=g\",\"url\":\"https:\\\/\\\/secure.gravatar.com\\\/avatar\\\/293dccd927043f2e641da6685c2f84009782eb9ee0054daceada4e261ded849a?s=96&d=mm&r=g\",\"contentUrl\":\"https:\\\/\\\/secure.gravatar.com\\\/avatar\\\/293dccd927043f2e641da6685c2f84009782eb9ee0054daceada4e261ded849a?s=96&d=mm&r=g\",\"caption\":\"admin\"},\"sameAs\":[\"https:\\\/\\\/redamlo.com\"],\"url\":\"https:\\\/\\\/redamlo.com\\\/index.php\\\/author\\\/stell\\\/\"}]}<\/script>\n<!-- \/ Yoast SEO plugin. -->","yoast_head_json":{"title":"Rommel Pacheco asegura que acabar\u00e1 con el c\u00e1rtel inmobiliario de M\u00e9rida; exhibe a sus contrincantes por no tener c\u00e9dula profesional - NOTICIAS DE LA 4T","robots":{"index":"noindex","follow":"follow","max-snippet":"max-snippet:-1","max-image-preview":"max-image-preview:large","max-video-preview":"max-video-preview:-1"},"og_locale":"es_MX","og_type":"article","og_title":"Rommel Pacheco asegura que acabar\u00e1 con el c\u00e1rtel inmobiliario de M\u00e9rida; exhibe a sus contrincantes por no tener c\u00e9dula profesional - NOTICIAS DE LA 4T","og_description":"M\u00e9rida.- El candidato a la alcald\u00eda de M\u00e9rida por Morena, Rommel Pacheco Marrufo asegur\u00f3 que...","og_url":"https:\/\/redamlo.com\/index.php\/2024\/05\/14\/rommel-pacheco-asegura-que-acabara-con-el-cartel-inmobiliario-de-merida-exhibe-a-sus-contrincantes-por-no-tener-cedula-profesional\/","og_site_name":"NOTICIAS DE LA 4T","article_published_time":"2024-05-14T22:21:34+00:00","og_image":[{"width":1462,"height":1113,"url":"https:\/\/redamlo.com\/wp-content\/uploads\/2024\/05\/rommel_claudia.jpg","type":"image\/jpeg"}],"author":"admin","twitter_card":"summary_large_image","twitter_misc":{"Escrito por":"admin","Tiempo de lectura":"2 minutos"},"schema":{"@context":"https:\/\/schema.org","@graph":[{"@type":"Article","@id":"https:\/\/redamlo.com\/index.php\/2024\/05\/14\/rommel-pacheco-asegura-que-acabara-con-el-cartel-inmobiliario-de-merida-exhibe-a-sus-contrincantes-por-no-tener-cedula-profesional\/#article","isPartOf":{"@id":"https:\/\/redamlo.com\/index.php\/2024\/05\/14\/rommel-pacheco-asegura-que-acabara-con-el-cartel-inmobiliario-de-merida-exhibe-a-sus-contrincantes-por-no-tener-cedula-profesional\/"},"author":{"name":"admin","@id":"https:\/\/redamlo.com\/#\/schema\/person\/197a0a670d21b1f4f1483ddda1b64613"},"headline":"Rommel Pacheco asegura que acabar\u00e1 con el c\u00e1rtel inmobiliario de M\u00e9rida; exhibe a sus contrincantes por no tener c\u00e9dula profesional","datePublished":"2024-05-14T22:21:34+00:00","mainEntityOfPage":{"@id":"https:\/\/redamlo.com\/index.php\/2024\/05\/14\/rommel-pacheco-asegura-que-acabara-con-el-cartel-inmobiliario-de-merida-exhibe-a-sus-contrincantes-por-no-tener-cedula-profesional\/"},"wordCount":461,"commentCount":0,"publisher":{"@id":"https:\/\/redamlo.com\/#organization"},"image":{"@id":"https:\/\/redamlo.com\/index.php\/2024\/05\/14\/rommel-pacheco-asegura-que-acabara-con-el-cartel-inmobiliario-de-merida-exhibe-a-sus-contrincantes-por-no-tener-cedula-profesional\/#primaryimage"},"thumbnailUrl":"https:\/\/redamlo.com\/wp-content\/uploads\/2024\/05\/rommel_claudia.jpg","keywords":["M\u00e9rida","Morena","Rommel Pacheco","Sheinbaum"],"articleSection":["4T"],"inLanguage":"es","potentialAction":[{"@type":"CommentAction","name":"Comment","target":["https:\/\/redamlo.com\/index.php\/2024\/05\/14\/rommel-pacheco-asegura-que-acabara-con-el-cartel-inmobiliario-de-merida-exhibe-a-sus-contrincantes-por-no-tener-cedula-profesional\/#respond"]}]},{"@type":"WebPage","@id":"https:\/\/redamlo.com\/index.php\/2024\/05\/14\/rommel-pacheco-asegura-que-acabara-con-el-cartel-inmobiliario-de-merida-exhibe-a-sus-contrincantes-por-no-tener-cedula-profesional\/","url":"https:\/\/redamlo.com\/index.php\/2024\/05\/14\/rommel-pacheco-asegura-que-acabara-con-el-cartel-inmobiliario-de-merida-exhibe-a-sus-contrincantes-por-no-tener-cedula-profesional\/","name":"Rommel Pacheco asegura que acabar\u00e1 con el c\u00e1rtel inmobiliario de M\u00e9rida; exhibe a sus contrincantes por no tener c\u00e9dula profesional - NOTICIAS DE LA 4T","isPartOf":{"@id":"https:\/\/redamlo.com\/#website"},"primaryImageOfPage":{"@id":"https:\/\/redamlo.com\/index.php\/2024\/05\/14\/rommel-pacheco-asegura-que-acabara-con-el-cartel-inmobiliario-de-merida-exhibe-a-sus-contrincantes-por-no-tener-cedula-profesional\/#primaryimage"},"image":{"@id":"https:\/\/redamlo.com\/index.php\/2024\/05\/14\/rommel-pacheco-asegura-que-acabara-con-el-cartel-inmobiliario-de-merida-exhibe-a-sus-contrincantes-por-no-tener-cedula-profesional\/#primaryimage"},"thumbnailUrl":"https:\/\/redamlo.com\/wp-content\/uploads\/2024\/05\/rommel_claudia.jpg","datePublished":"2024-05-14T22:21:34+00:00","breadcrumb":{"@id":"https:\/\/redamlo.com\/index.php\/2024\/05\/14\/rommel-pacheco-asegura-que-acabara-con-el-cartel-inmobiliario-de-merida-exhibe-a-sus-contrincantes-por-no-tener-cedula-profesional\/#breadcrumb"},"inLanguage":"es","potentialAction":[{"@type":"ReadAction","target":["https:\/\/redamlo.com\/index.php\/2024\/05\/14\/rommel-pacheco-asegura-que-acabara-con-el-cartel-inmobiliario-de-merida-exhibe-a-sus-contrincantes-por-no-tener-cedula-profesional\/"]}]},{"@type":"ImageObject","inLanguage":"es","@id":"https:\/\/redamlo.com\/index.php\/2024\/05\/14\/rommel-pacheco-asegura-que-acabara-con-el-cartel-inmobiliario-de-merida-exhibe-a-sus-contrincantes-por-no-tener-cedula-profesional\/#primaryimage","url":"https:\/\/redamlo.com\/wp-content\/uploads\/2024\/05\/rommel_claudia.jpg","contentUrl":"https:\/\/redamlo.com\/wp-content\/uploads\/2024\/05\/rommel_claudia.jpg","width":1462,"height":1113},{"@type":"BreadcrumbList","@id":"https:\/\/redamlo.com\/index.php\/2024\/05\/14\/rommel-pacheco-asegura-que-acabara-con-el-cartel-inmobiliario-de-merida-exhibe-a-sus-contrincantes-por-no-tener-cedula-profesional\/#breadcrumb","itemListElement":[{"@type":"ListItem","position":1,"name":"Inicio","item":"https:\/\/redamlo.com\/"},{"@type":"ListItem","position":2,"name":"Rommel Pacheco asegura que acabar\u00e1 con el c\u00e1rtel inmobiliario de M\u00e9rida; exhibe a sus contrincantes por no tener c\u00e9dula profesional"}]},{"@type":"WebSite","@id":"https:\/\/redamlo.com\/#website","url":"https:\/\/redamlo.com\/","name":"NOTICIAS DE LA 4T","description":"","publisher":{"@id":"https:\/\/redamlo.com\/#organization"},"potentialAction":[{"@type":"SearchAction","target":{"@type":"EntryPoint","urlTemplate":"https:\/\/redamlo.com\/?s={search_term_string}"},"query-input":{"@type":"PropertyValueSpecification","valueRequired":true,"valueName":"search_term_string"}}],"inLanguage":"es"},{"@type":"Organization","@id":"https:\/\/redamlo.com\/#organization","name":"NOTICIAS DE LA 4T","url":"https:\/\/redamlo.com\/","logo":{"@type":"ImageObject","inLanguage":"es","@id":"https:\/\/redamlo.com\/#\/schema\/logo\/image\/","url":"https:\/\/redamlo.com\/wp-content\/uploads\/2024\/08\/cropped-RED-AMLO-logo-50.png","contentUrl":"https:\/\/redamlo.com\/wp-content\/uploads\/2024\/08\/cropped-RED-AMLO-logo-50.png","width":256,"height":256,"caption":"NOTICIAS DE LA 4T"},"image":{"@id":"https:\/\/redamlo.com\/#\/schema\/logo\/image\/"}},{"@type":"Person","@id":"https:\/\/redamlo.com\/#\/schema\/person\/197a0a670d21b1f4f1483ddda1b64613","name":"admin","image":{"@type":"ImageObject","inLanguage":"es","@id":"https:\/\/secure.gravatar.com\/avatar\/293dccd927043f2e641da6685c2f84009782eb9ee0054daceada4e261ded849a?s=96&d=mm&r=g","url":"https:\/\/secure.gravatar.com\/avatar\/293dccd927043f2e641da6685c2f84009782eb9ee0054daceada4e261ded849a?s=96&d=mm&r=g","contentUrl":"https:\/\/secure.gravatar.com\/avatar\/293dccd927043f2e641da6685c2f84009782eb9ee0054daceada4e261ded849a?s=96&d=mm&r=g","caption":"admin"},"sameAs":["https:\/\/redamlo.com"],"url":"https:\/\/redamlo.com\/index.php\/author\/stell\/"}]}},"_links":{"self":[{"href":"https:\/\/redamlo.com\/index.php\/wp-json\/wp\/v2\/posts\/7798","targetHints":{"allow":["GET"]}}],"collection":[{"href":"https:\/\/redamlo.com\/index.php\/wp-json\/wp\/v2\/posts"}],"about":[{"href":"https:\/\/redamlo.com\/index.php\/wp-json\/wp\/v2\/types\/post"}],"author":[{"embeddable":true,"href":"https:\/\/redamlo.com\/index.php\/wp-json\/wp\/v2\/users\/1"}],"replies":[{"embeddable":true,"href":"https:\/\/redamlo.com\/index.php\/wp-json\/wp\/v2\/comments?post=7798"}],"version-history":[{"count":0,"href":"https:\/\/redamlo.com\/index.php\/wp-json\/wp\/v2\/posts\/7798\/revisions"}],"wp:featuredmedia":[{"embeddable":true,"href":"https:\/\/redamlo.com\/index.php\/wp-json\/wp\/v2\/media\/7799"}],"wp:attachment":[{"href":"https:\/\/redamlo.com\/index.php\/wp-json\/wp\/v2\/media?parent=7798"}],"wp:term":[{"taxonomy":"category","embeddable":true,"href":"https:\/\/redamlo.com\/index.php\/wp-json\/wp\/v2\/categories?post=7798"},{"taxonomy":"post_tag","embeddable":true,"href":"https:\/\/redamlo.com\/index.php\/wp-json\/wp\/v2\/tags?post=7798"}],"curies":[{"name":"wp","href":"https:\/\/api.w.org\/{rel}","templated":true}]}}