{"id":7793,"date":"2024-05-10T00:35:17","date_gmt":"2024-05-10T06:35:17","guid":{"rendered":"https:\/\/redamlo.com\/?p=7793"},"modified":"2024-05-10T00:35:17","modified_gmt":"2024-05-10T06:35:17","slug":"7793-2voy-a-ser-diputada-de-todos-los-mexicanos-afirma-betty-barron","status":"publish","type":"post","link":"https:\/\/redamlo.com\/index.php\/2024\/05\/10\/7793-2voy-a-ser-diputada-de-todos-los-mexicanos-afirma-betty-barron\/","title":{"rendered":"Voy a ser diputada de todos los mexicanos, afirma Betty Barr\u00f3n"},"content":{"rendered":"<div class=\"placeholder\">\n<div class=\"text-paragraph\">\n<p>Conoc\u00ed hace unos a a\u00f1os a la Lic. Barr\u00f3n en un grupo de WhatsApp que se llama <em>Caf\u00e9 Grillo Ciudadano<\/em>, integrado por personas de todas las ideolog\u00edas; sin embargo, quienes m\u00e1s participan son los seguidores de AMLO y uno que otro opositor.<\/p>\n<p class=\"subtitle underlined\">Betty es candidata por Morena a diputada federal por el Distrito 10 de nuestro estado, con m\u00e1s de 400 colonias donde viven familias de todas las clases socioecon\u00f3micas, sobre todo clase media y un peque\u00f1o sector de las clases m\u00e1s vulnerables.<\/p>\n<\/div>\n<\/div>\n<div class=\"image-paragraph size-100 align-left\">\n<div class=\"image-paragraph-wrapper effect-ripped-paper effect-bottom ripped-paper-white field field-thumbnail\">\n<div class=\"placeholder\"><picture><source srcset=\"https:\/\/d2ae5z3vq26n06.cloudfront.net\/s3fs-public\/2024-05%2FPHOTO-2024-05-07-10-25-06.jpg?auto=format,compress&amp;q=70&amp;ar=1080:1080&amp;w=900&amp;fit=crop&amp;crop=entropy 1x, https:\/\/d2ae5z3vq26n06.cloudfront.net\/s3fs-public\/2024-05%2FPHOTO-2024-05-07-10-25-06.jpg?auto=format,compress&amp;q=70&amp;ar=1080:1080&amp;w=1800&amp;fit=crop&amp;crop=entropy&amp;dpr=2 2x\" media=\"(max-width: 640px)\" \/><source srcset=\"https:\/\/d2ae5z3vq26n06.cloudfront.net\/s3fs-public\/2024-05%2FPHOTO-2024-05-07-10-25-06.jpg?auto=format,compress&amp;q=70&amp;ar=1080:1080&amp;w=900&amp;fit=crop&amp;crop=entropy 1x, https:\/\/d2ae5z3vq26n06.cloudfront.net\/s3fs-public\/2024-05%2FPHOTO-2024-05-07-10-25-06.jpg?auto=format,compress&amp;q=70&amp;ar=1080:1080&amp;w=900&amp;fit=crop&amp;crop=entropy&amp;dpr=2 2x\" \/><\/picture><\/div>\n<\/div>\n<\/div>\n<div class=\"placeholder\">\n<div class=\"text-paragraph\">\n<p>Barr\u00f3n, con su perfil de maestra, siempre busca educar y dar ejemplo, por ello tiene muy claro que uno de sus principales prop\u00f3sitos como diputada ser\u00e1 la promoci\u00f3n de iniciativas para que se construyan m\u00e1s escuelas preparatorias, ya que en la actualidad millones de adolescentes se grad\u00faan en las secundarias, pero para ingresar a las prepas,\u00a0<u>el cupo es limitado.<\/u><\/p>\n<\/div>\n<\/div>\n<div class=\"image-paragraph size-100 align-left\">\n<div class=\"image-paragraph-wrapper effect-ripped-paper effect-bottom ripped-paper-white field field-thumbnail\">\n<div class=\"placeholder\"><picture><source srcset=\"https:\/\/d2ae5z3vq26n06.cloudfront.net\/s3fs-public\/2023-02%2FCobertura_de_Educacion_superior_Mexico_menor_que_AL_Alcaldes_de_Mexico_Septiembre_2016.png?auto=format,compress&amp;q=70&amp;ar=1024:512&amp;w=900&amp;fit=crop&amp;crop=entropy 1x, https:\/\/d2ae5z3vq26n06.cloudfront.net\/s3fs-public\/2023-02%2FCobertura_de_Educacion_superior_Mexico_menor_que_AL_Alcaldes_de_Mexico_Septiembre_2016.png?auto=format,compress&amp;q=70&amp;ar=1024:512&amp;w=1800&amp;fit=crop&amp;crop=entropy&amp;dpr=2 2x\" media=\"(max-width: 640px)\" \/><source srcset=\"https:\/\/d2ae5z3vq26n06.cloudfront.net\/s3fs-public\/2023-02%2FCobertura_de_Educacion_superior_Mexico_menor_que_AL_Alcaldes_de_Mexico_Septiembre_2016.png?auto=format,compress&amp;q=70&amp;ar=1024:512&amp;w=900&amp;fit=crop&amp;crop=entropy 1x, https:\/\/d2ae5z3vq26n06.cloudfront.net\/s3fs-public\/2023-02%2FCobertura_de_Educacion_superior_Mexico_menor_que_AL_Alcaldes_de_Mexico_Septiembre_2016.png?auto=format,compress&amp;q=70&amp;ar=1024:512&amp;w=900&amp;fit=crop&amp;crop=entropy&amp;dpr=2 2x\" \/><\/picture><\/div>\n<\/div>\n<\/div>\n<div class=\"placeholder\">\n<div class=\"text-paragraph\">\n<p>No existen suficientes instalaciones, lo cual provoca la decepci\u00f3n y frustraci\u00f3n de muchos j\u00f3venes que no pueden concluir sus estudios, factor que influye en el incremento de <u>drogadicci\u00f3n y delincuencia juvenil<\/u>, originando la p\u00e9rdida de oportunidades de superaci\u00f3n acad\u00e9mica y de trabajo para estos muchachos y muchachas que ven truncada su vida y toman caminos equivocados.<\/p>\n<p>Otro objetivo de la candidata Betty es trabajar en la\u00a0C\u00e1mara\u00a0de Diputados para acelerar <u>la elaboraci\u00f3n de las Leyes Reglamentarias para la extracci\u00f3n,\u00a0distribuci\u00f3n\u00a0y uso del agua en forma ordenada,<\/u> dando prioridad al consumo humano, sin descuidar los sectores productivos, que pueden usar agua tratada; pero lamentablemente no existe el marco jur\u00eddico adecuado, dejando todo a la interpretaci\u00f3n, abuso y corrupci\u00f3n.<\/p>\n<\/div>\n<\/div>\n<div class=\"image-paragraph size-100 align-left\">\n<div class=\"image-paragraph-wrapper effect-ripped-paper effect-bottom ripped-paper-white field field-thumbnail\">\n<div class=\"placeholder\"><picture><source srcset=\"https:\/\/d2ae5z3vq26n06.cloudfront.net\/s3fs-public\/2024-05%2FPHOTO-2024-02-19-19-54-37_0.jpg?auto=format,compress&amp;q=70&amp;ar=1600:582&amp;w=900&amp;fit=crop&amp;crop=entropy 1x, https:\/\/d2ae5z3vq26n06.cloudfront.net\/s3fs-public\/2024-05%2FPHOTO-2024-02-19-19-54-37_0.jpg?auto=format,compress&amp;q=70&amp;ar=1600:582&amp;w=1800&amp;fit=crop&amp;crop=entropy&amp;dpr=2 2x\" media=\"(max-width: 640px)\" \/><source srcset=\"https:\/\/d2ae5z3vq26n06.cloudfront.net\/s3fs-public\/2024-05%2FPHOTO-2024-02-19-19-54-37_0.jpg?auto=format,compress&amp;q=70&amp;ar=1600:582&amp;w=900&amp;fit=crop&amp;crop=entropy 1x, https:\/\/d2ae5z3vq26n06.cloudfront.net\/s3fs-public\/2024-05%2FPHOTO-2024-02-19-19-54-37_0.jpg?auto=format,compress&amp;q=70&amp;ar=1600:582&amp;w=900&amp;fit=crop&amp;crop=entropy&amp;dpr=2 2x\" \/><\/picture><\/div>\n<\/div>\n<\/div>\n<div class=\"placeholder\">\n<div class=\"text-paragraph\">\n<p>Ir\u00e1 viniendo, iremos viendo como hace campa\u00f1a Betty para llegar a ser diputada federal, asegurando que su trabajo <u>ser\u00e1 a favor de todos los mexicanos,<\/u> dando prioridad a los m\u00e1s pobres.<\/p>\n<p>Fuente: <a href=\"https:\/\/www.detona.com\/articulo\/voy-ser-diputada-de-todos-los-mexicanos\">DETONA<\/a><\/p>\n<\/div>\n<\/div>\n","protected":false},"excerpt":{"rendered":"<p>Conoc\u00ed hace unos a a\u00f1os a la Lic. Barr\u00f3n en un grupo de WhatsApp que&#8230;<\/p>\n","protected":false},"author":1,"featured_media":7794,"comment_status":"open","ping_status":"closed","sticky":false,"template":"","format":"standard","meta":{"footnotes":""},"categories":[25],"tags":[2687,2688,491,24,2449],"class_list":["post-7793","post","type-post","status-publish","format-standard","has-post-thumbnail","hentry","category-4t","tag-betty-barron","tag-defensora-del-agua","tag-distrito-10","tag-morena","tag-nuevo-leon"],"yoast_head":"<!-- This site is optimized with the Yoast SEO plugin v27.5 - https:\/\/yoast.com\/product\/yoast-seo-wordpress\/ -->\n<title>Voy a ser diputada de todos los mexicanos, afirma Betty Barr\u00f3n - NOTICIAS DE LA 4T<\/title>\n<meta name=\"robots\" content=\"noindex, follow, max-snippet:-1, max-image-preview:large, max-video-preview:-1\" \/>\n<meta property=\"og:locale\" content=\"es_MX\" \/>\n<meta property=\"og:type\" content=\"article\" \/>\n<meta property=\"og:title\" content=\"Voy a ser diputada de todos los mexicanos, afirma Betty Barr\u00f3n - NOTICIAS DE LA 4T\" \/>\n<meta property=\"og:description\" content=\"Conoc\u00ed hace unos a a\u00f1os a la Lic. Barr\u00f3n en un grupo de WhatsApp que...\" \/>\n<meta property=\"og:url\" content=\"https:\/\/redamlo.com\/index.php\/2024\/05\/10\/7793-2voy-a-ser-diputada-de-todos-los-mexicanos-afirma-betty-barron\/\" \/>\n<meta property=\"og:site_name\" content=\"NOTICIAS DE LA 4T\" \/>\n<meta property=\"article:published_time\" content=\"2024-05-10T06:35:17+00:00\" \/>\n<meta property=\"og:image\" content=\"https:\/\/redamlo.com\/wp-content\/uploads\/2024\/05\/betty_barron.png\" \/>\n\t<meta property=\"og:image:width\" content=\"774\" \/>\n\t<meta property=\"og:image:height\" content=\"500\" \/>\n\t<meta property=\"og:image:type\" content=\"image\/png\" \/>\n<meta name=\"author\" content=\"admin\" \/>\n<meta name=\"twitter:card\" content=\"summary_large_image\" \/>\n<meta name=\"twitter:label1\" content=\"Escrito por\" \/>\n\t<meta name=\"twitter:data1\" content=\"admin\" \/>\n\t<meta name=\"twitter:label2\" content=\"Tiempo de lectura\" \/>\n\t<meta name=\"twitter:data2\" content=\"2 minutos\" \/>\n<script type=\"application\/ld+json\" class=\"yoast-schema-graph\">{\"@context\":\"https:\\\/\\\/schema.org\",\"@graph\":[{\"@type\":\"Article\",\"@id\":\"https:\\\/\\\/redamlo.com\\\/index.php\\\/2024\\\/05\\\/10\\\/7793-2voy-a-ser-diputada-de-todos-los-mexicanos-afirma-betty-barron\\\/#article\",\"isPartOf\":{\"@id\":\"https:\\\/\\\/redamlo.com\\\/index.php\\\/2024\\\/05\\\/10\\\/7793-2voy-a-ser-diputada-de-todos-los-mexicanos-afirma-betty-barron\\\/\"},\"author\":{\"name\":\"admin\",\"@id\":\"https:\\\/\\\/redamlo.com\\\/#\\\/schema\\\/person\\\/197a0a670d21b1f4f1483ddda1b64613\"},\"headline\":\"Voy a ser diputada de todos los mexicanos, afirma Betty Barr\u00f3n\",\"datePublished\":\"2024-05-10T06:35:17+00:00\",\"mainEntityOfPage\":{\"@id\":\"https:\\\/\\\/redamlo.com\\\/index.php\\\/2024\\\/05\\\/10\\\/7793-2voy-a-ser-diputada-de-todos-los-mexicanos-afirma-betty-barron\\\/\"},\"wordCount\":334,\"commentCount\":0,\"publisher\":{\"@id\":\"https:\\\/\\\/redamlo.com\\\/#organization\"},\"image\":{\"@id\":\"https:\\\/\\\/redamlo.com\\\/index.php\\\/2024\\\/05\\\/10\\\/7793-2voy-a-ser-diputada-de-todos-los-mexicanos-afirma-betty-barron\\\/#primaryimage\"},\"thumbnailUrl\":\"https:\\\/\\\/redamlo.com\\\/wp-content\\\/uploads\\\/2024\\\/05\\\/betty_barron.png\",\"keywords\":[\"Betty Barr\u00f3n\",\"defensora del agua\",\"Distrito 10\",\"Morena\",\"Nuevo Le\u00f3n\"],\"articleSection\":[\"4T\"],\"inLanguage\":\"es\",\"potentialAction\":[{\"@type\":\"CommentAction\",\"name\":\"Comment\",\"target\":[\"https:\\\/\\\/redamlo.com\\\/index.php\\\/2024\\\/05\\\/10\\\/7793-2voy-a-ser-diputada-de-todos-los-mexicanos-afirma-betty-barron\\\/#respond\"]}]},{\"@type\":\"WebPage\",\"@id\":\"https:\\\/\\\/redamlo.com\\\/index.php\\\/2024\\\/05\\\/10\\\/7793-2voy-a-ser-diputada-de-todos-los-mexicanos-afirma-betty-barron\\\/\",\"url\":\"https:\\\/\\\/redamlo.com\\\/index.php\\\/2024\\\/05\\\/10\\\/7793-2voy-a-ser-diputada-de-todos-los-mexicanos-afirma-betty-barron\\\/\",\"name\":\"Voy a ser diputada de todos los mexicanos, afirma Betty Barr\u00f3n - NOTICIAS DE LA 4T\",\"isPartOf\":{\"@id\":\"https:\\\/\\\/redamlo.com\\\/#website\"},\"primaryImageOfPage\":{\"@id\":\"https:\\\/\\\/redamlo.com\\\/index.php\\\/2024\\\/05\\\/10\\\/7793-2voy-a-ser-diputada-de-todos-los-mexicanos-afirma-betty-barron\\\/#primaryimage\"},\"image\":{\"@id\":\"https:\\\/\\\/redamlo.com\\\/index.php\\\/2024\\\/05\\\/10\\\/7793-2voy-a-ser-diputada-de-todos-los-mexicanos-afirma-betty-barron\\\/#primaryimage\"},\"thumbnailUrl\":\"https:\\\/\\\/redamlo.com\\\/wp-content\\\/uploads\\\/2024\\\/05\\\/betty_barron.png\",\"datePublished\":\"2024-05-10T06:35:17+00:00\",\"breadcrumb\":{\"@id\":\"https:\\\/\\\/redamlo.com\\\/index.php\\\/2024\\\/05\\\/10\\\/7793-2voy-a-ser-diputada-de-todos-los-mexicanos-afirma-betty-barron\\\/#breadcrumb\"},\"inLanguage\":\"es\",\"potentialAction\":[{\"@type\":\"ReadAction\",\"target\":[\"https:\\\/\\\/redamlo.com\\\/index.php\\\/2024\\\/05\\\/10\\\/7793-2voy-a-ser-diputada-de-todos-los-mexicanos-afirma-betty-barron\\\/\"]}]},{\"@type\":\"ImageObject\",\"inLanguage\":\"es\",\"@id\":\"https:\\\/\\\/redamlo.com\\\/index.php\\\/2024\\\/05\\\/10\\\/7793-2voy-a-ser-diputada-de-todos-los-mexicanos-afirma-betty-barron\\\/#primaryimage\",\"url\":\"https:\\\/\\\/redamlo.com\\\/wp-content\\\/uploads\\\/2024\\\/05\\\/betty_barron.png\",\"contentUrl\":\"https:\\\/\\\/redamlo.com\\\/wp-content\\\/uploads\\\/2024\\\/05\\\/betty_barron.png\",\"width\":774,\"height\":500},{\"@type\":\"BreadcrumbList\",\"@id\":\"https:\\\/\\\/redamlo.com\\\/index.php\\\/2024\\\/05\\\/10\\\/7793-2voy-a-ser-diputada-de-todos-los-mexicanos-afirma-betty-barron\\\/#breadcrumb\",\"itemListElement\":[{\"@type\":\"ListItem\",\"position\":1,\"name\":\"Inicio\",\"item\":\"https:\\\/\\\/redamlo.com\\\/\"},{\"@type\":\"ListItem\",\"position\":2,\"name\":\"Voy a ser diputada de todos los mexicanos, afirma Betty Barr\u00f3n\"}]},{\"@type\":\"WebSite\",\"@id\":\"https:\\\/\\\/redamlo.com\\\/#website\",\"url\":\"https:\\\/\\\/redamlo.com\\\/\",\"name\":\"NOTICIAS DE LA 4T\",\"description\":\"\",\"publisher\":{\"@id\":\"https:\\\/\\\/redamlo.com\\\/#organization\"},\"potentialAction\":[{\"@type\":\"SearchAction\",\"target\":{\"@type\":\"EntryPoint\",\"urlTemplate\":\"https:\\\/\\\/redamlo.com\\\/?s={search_term_string}\"},\"query-input\":{\"@type\":\"PropertyValueSpecification\",\"valueRequired\":true,\"valueName\":\"search_term_string\"}}],\"inLanguage\":\"es\"},{\"@type\":\"Organization\",\"@id\":\"https:\\\/\\\/redamlo.com\\\/#organization\",\"name\":\"NOTICIAS DE LA 4T\",\"url\":\"https:\\\/\\\/redamlo.com\\\/\",\"logo\":{\"@type\":\"ImageObject\",\"inLanguage\":\"es\",\"@id\":\"https:\\\/\\\/redamlo.com\\\/#\\\/schema\\\/logo\\\/image\\\/\",\"url\":\"https:\\\/\\\/redamlo.com\\\/wp-content\\\/uploads\\\/2024\\\/08\\\/cropped-RED-AMLO-logo-50.png\",\"contentUrl\":\"https:\\\/\\\/redamlo.com\\\/wp-content\\\/uploads\\\/2024\\\/08\\\/cropped-RED-AMLO-logo-50.png\",\"width\":256,\"height\":256,\"caption\":\"NOTICIAS DE LA 4T\"},\"image\":{\"@id\":\"https:\\\/\\\/redamlo.com\\\/#\\\/schema\\\/logo\\\/image\\\/\"}},{\"@type\":\"Person\",\"@id\":\"https:\\\/\\\/redamlo.com\\\/#\\\/schema\\\/person\\\/197a0a670d21b1f4f1483ddda1b64613\",\"name\":\"admin\",\"image\":{\"@type\":\"ImageObject\",\"inLanguage\":\"es\",\"@id\":\"https:\\\/\\\/secure.gravatar.com\\\/avatar\\\/293dccd927043f2e641da6685c2f84009782eb9ee0054daceada4e261ded849a?s=96&d=mm&r=g\",\"url\":\"https:\\\/\\\/secure.gravatar.com\\\/avatar\\\/293dccd927043f2e641da6685c2f84009782eb9ee0054daceada4e261ded849a?s=96&d=mm&r=g\",\"contentUrl\":\"https:\\\/\\\/secure.gravatar.com\\\/avatar\\\/293dccd927043f2e641da6685c2f84009782eb9ee0054daceada4e261ded849a?s=96&d=mm&r=g\",\"caption\":\"admin\"},\"sameAs\":[\"https:\\\/\\\/redamlo.com\"],\"url\":\"https:\\\/\\\/redamlo.com\\\/index.php\\\/author\\\/stell\\\/\"}]}<\/script>\n<!-- \/ Yoast SEO plugin. -->","yoast_head_json":{"title":"Voy a ser diputada de todos los mexicanos, afirma Betty Barr\u00f3n - NOTICIAS DE LA 4T","robots":{"index":"noindex","follow":"follow","max-snippet":"max-snippet:-1","max-image-preview":"max-image-preview:large","max-video-preview":"max-video-preview:-1"},"og_locale":"es_MX","og_type":"article","og_title":"Voy a ser diputada de todos los mexicanos, afirma Betty Barr\u00f3n - NOTICIAS DE LA 4T","og_description":"Conoc\u00ed hace unos a a\u00f1os a la Lic. Barr\u00f3n en un grupo de WhatsApp que...","og_url":"https:\/\/redamlo.com\/index.php\/2024\/05\/10\/7793-2voy-a-ser-diputada-de-todos-los-mexicanos-afirma-betty-barron\/","og_site_name":"NOTICIAS DE LA 4T","article_published_time":"2024-05-10T06:35:17+00:00","og_image":[{"width":774,"height":500,"url":"https:\/\/redamlo.com\/wp-content\/uploads\/2024\/05\/betty_barron.png","type":"image\/png"}],"author":"admin","twitter_card":"summary_large_image","twitter_misc":{"Escrito por":"admin","Tiempo de lectura":"2 minutos"},"schema":{"@context":"https:\/\/schema.org","@graph":[{"@type":"Article","@id":"https:\/\/redamlo.com\/index.php\/2024\/05\/10\/7793-2voy-a-ser-diputada-de-todos-los-mexicanos-afirma-betty-barron\/#article","isPartOf":{"@id":"https:\/\/redamlo.com\/index.php\/2024\/05\/10\/7793-2voy-a-ser-diputada-de-todos-los-mexicanos-afirma-betty-barron\/"},"author":{"name":"admin","@id":"https:\/\/redamlo.com\/#\/schema\/person\/197a0a670d21b1f4f1483ddda1b64613"},"headline":"Voy a ser diputada de todos los mexicanos, afirma Betty Barr\u00f3n","datePublished":"2024-05-10T06:35:17+00:00","mainEntityOfPage":{"@id":"https:\/\/redamlo.com\/index.php\/2024\/05\/10\/7793-2voy-a-ser-diputada-de-todos-los-mexicanos-afirma-betty-barron\/"},"wordCount":334,"commentCount":0,"publisher":{"@id":"https:\/\/redamlo.com\/#organization"},"image":{"@id":"https:\/\/redamlo.com\/index.php\/2024\/05\/10\/7793-2voy-a-ser-diputada-de-todos-los-mexicanos-afirma-betty-barron\/#primaryimage"},"thumbnailUrl":"https:\/\/redamlo.com\/wp-content\/uploads\/2024\/05\/betty_barron.png","keywords":["Betty Barr\u00f3n","defensora del agua","Distrito 10","Morena","Nuevo Le\u00f3n"],"articleSection":["4T"],"inLanguage":"es","potentialAction":[{"@type":"CommentAction","name":"Comment","target":["https:\/\/redamlo.com\/index.php\/2024\/05\/10\/7793-2voy-a-ser-diputada-de-todos-los-mexicanos-afirma-betty-barron\/#respond"]}]},{"@type":"WebPage","@id":"https:\/\/redamlo.com\/index.php\/2024\/05\/10\/7793-2voy-a-ser-diputada-de-todos-los-mexicanos-afirma-betty-barron\/","url":"https:\/\/redamlo.com\/index.php\/2024\/05\/10\/7793-2voy-a-ser-diputada-de-todos-los-mexicanos-afirma-betty-barron\/","name":"Voy a ser diputada de todos los mexicanos, afirma Betty Barr\u00f3n - NOTICIAS DE LA 4T","isPartOf":{"@id":"https:\/\/redamlo.com\/#website"},"primaryImageOfPage":{"@id":"https:\/\/redamlo.com\/index.php\/2024\/05\/10\/7793-2voy-a-ser-diputada-de-todos-los-mexicanos-afirma-betty-barron\/#primaryimage"},"image":{"@id":"https:\/\/redamlo.com\/index.php\/2024\/05\/10\/7793-2voy-a-ser-diputada-de-todos-los-mexicanos-afirma-betty-barron\/#primaryimage"},"thumbnailUrl":"https:\/\/redamlo.com\/wp-content\/uploads\/2024\/05\/betty_barron.png","datePublished":"2024-05-10T06:35:17+00:00","breadcrumb":{"@id":"https:\/\/redamlo.com\/index.php\/2024\/05\/10\/7793-2voy-a-ser-diputada-de-todos-los-mexicanos-afirma-betty-barron\/#breadcrumb"},"inLanguage":"es","potentialAction":[{"@type":"ReadAction","target":["https:\/\/redamlo.com\/index.php\/2024\/05\/10\/7793-2voy-a-ser-diputada-de-todos-los-mexicanos-afirma-betty-barron\/"]}]},{"@type":"ImageObject","inLanguage":"es","@id":"https:\/\/redamlo.com\/index.php\/2024\/05\/10\/7793-2voy-a-ser-diputada-de-todos-los-mexicanos-afirma-betty-barron\/#primaryimage","url":"https:\/\/redamlo.com\/wp-content\/uploads\/2024\/05\/betty_barron.png","contentUrl":"https:\/\/redamlo.com\/wp-content\/uploads\/2024\/05\/betty_barron.png","width":774,"height":500},{"@type":"BreadcrumbList","@id":"https:\/\/redamlo.com\/index.php\/2024\/05\/10\/7793-2voy-a-ser-diputada-de-todos-los-mexicanos-afirma-betty-barron\/#breadcrumb","itemListElement":[{"@type":"ListItem","position":1,"name":"Inicio","item":"https:\/\/redamlo.com\/"},{"@type":"ListItem","position":2,"name":"Voy a ser diputada de todos los mexicanos, afirma Betty Barr\u00f3n"}]},{"@type":"WebSite","@id":"https:\/\/redamlo.com\/#website","url":"https:\/\/redamlo.com\/","name":"NOTICIAS DE LA 4T","description":"","publisher":{"@id":"https:\/\/redamlo.com\/#organization"},"potentialAction":[{"@type":"SearchAction","target":{"@type":"EntryPoint","urlTemplate":"https:\/\/redamlo.com\/?s={search_term_string}"},"query-input":{"@type":"PropertyValueSpecification","valueRequired":true,"valueName":"search_term_string"}}],"inLanguage":"es"},{"@type":"Organization","@id":"https:\/\/redamlo.com\/#organization","name":"NOTICIAS DE LA 4T","url":"https:\/\/redamlo.com\/","logo":{"@type":"ImageObject","inLanguage":"es","@id":"https:\/\/redamlo.com\/#\/schema\/logo\/image\/","url":"https:\/\/redamlo.com\/wp-content\/uploads\/2024\/08\/cropped-RED-AMLO-logo-50.png","contentUrl":"https:\/\/redamlo.com\/wp-content\/uploads\/2024\/08\/cropped-RED-AMLO-logo-50.png","width":256,"height":256,"caption":"NOTICIAS DE LA 4T"},"image":{"@id":"https:\/\/redamlo.com\/#\/schema\/logo\/image\/"}},{"@type":"Person","@id":"https:\/\/redamlo.com\/#\/schema\/person\/197a0a670d21b1f4f1483ddda1b64613","name":"admin","image":{"@type":"ImageObject","inLanguage":"es","@id":"https:\/\/secure.gravatar.com\/avatar\/293dccd927043f2e641da6685c2f84009782eb9ee0054daceada4e261ded849a?s=96&d=mm&r=g","url":"https:\/\/secure.gravatar.com\/avatar\/293dccd927043f2e641da6685c2f84009782eb9ee0054daceada4e261ded849a?s=96&d=mm&r=g","contentUrl":"https:\/\/secure.gravatar.com\/avatar\/293dccd927043f2e641da6685c2f84009782eb9ee0054daceada4e261ded849a?s=96&d=mm&r=g","caption":"admin"},"sameAs":["https:\/\/redamlo.com"],"url":"https:\/\/redamlo.com\/index.php\/author\/stell\/"}]}},"_links":{"self":[{"href":"https:\/\/redamlo.com\/index.php\/wp-json\/wp\/v2\/posts\/7793","targetHints":{"allow":["GET"]}}],"collection":[{"href":"https:\/\/redamlo.com\/index.php\/wp-json\/wp\/v2\/posts"}],"about":[{"href":"https:\/\/redamlo.com\/index.php\/wp-json\/wp\/v2\/types\/post"}],"author":[{"embeddable":true,"href":"https:\/\/redamlo.com\/index.php\/wp-json\/wp\/v2\/users\/1"}],"replies":[{"embeddable":true,"href":"https:\/\/redamlo.com\/index.php\/wp-json\/wp\/v2\/comments?post=7793"}],"version-history":[{"count":0,"href":"https:\/\/redamlo.com\/index.php\/wp-json\/wp\/v2\/posts\/7793\/revisions"}],"wp:featuredmedia":[{"embeddable":true,"href":"https:\/\/redamlo.com\/index.php\/wp-json\/wp\/v2\/media\/7794"}],"wp:attachment":[{"href":"https:\/\/redamlo.com\/index.php\/wp-json\/wp\/v2\/media?parent=7793"}],"wp:term":[{"taxonomy":"category","embeddable":true,"href":"https:\/\/redamlo.com\/index.php\/wp-json\/wp\/v2\/categories?post=7793"},{"taxonomy":"post_tag","embeddable":true,"href":"https:\/\/redamlo.com\/index.php\/wp-json\/wp\/v2\/tags?post=7793"}],"curies":[{"name":"wp","href":"https:\/\/api.w.org\/{rel}","templated":true}]}}