{"id":7784,"date":"2024-05-03T18:41:14","date_gmt":"2024-05-04T00:41:14","guid":{"rendered":"https:\/\/redamlo.com\/?p=7784"},"modified":"2024-05-03T18:41:14","modified_gmt":"2024-05-04T00:41:14","slug":"arranca-campana-por-la-diputacion-susana-estrada-y-presenta-dos-ambiciosos-proyectos","status":"publish","type":"post","link":"https:\/\/redamlo.com\/index.php\/2024\/05\/03\/arranca-campana-por-la-diputacion-susana-estrada-y-presenta-dos-ambiciosos-proyectos\/","title":{"rendered":"Arranca campa\u00f1a por la diputaci\u00f3n Susana Estrada y presenta dos ambiciosos proyectos"},"content":{"rendered":"<p>Durante el inicio de campa\u00f1a de la candidata de Morena a diputada local por el distrito 24 de Nezahualc\u00f3yotl, Susana Estrada, se congregaron miles de personas en un evento masivo realizado en la colonia el Sol, donde se cont\u00f3 con la presencia de simpatizantes y de la estructura local del partido.<\/p>\n<p><img loading=\"lazy\" decoding=\"async\" class=\"aligncenter wp-image-7750 size-large\" src=\"https:\/\/redamlo.com\/wp-content\/uploads\/2024\/04\/neza-4-1024x622.jpg\" alt=\"\" width=\"640\" height=\"389\" srcset=\"https:\/\/redamlo.com\/wp-content\/uploads\/2024\/04\/neza-4-1024x622.jpg 1024w, https:\/\/redamlo.com\/wp-content\/uploads\/2024\/04\/neza-4-300x182.jpg 300w, https:\/\/redamlo.com\/wp-content\/uploads\/2024\/04\/neza-4-768x466.jpg 768w, https:\/\/redamlo.com\/wp-content\/uploads\/2024\/04\/neza-4.jpg 1280w\" sizes=\"auto, (max-width: 640px) 100vw, 640px\" \/><\/p>\n<p>&nbsp;<\/p>\n<p>Durante el evento, Susana Estrada present\u00f3 algunas de sus propuestas que impulsar\u00e1 en el poder legislativo, las cuales atienden temas prioritarios para la ciudadan\u00eda no solo de Nezahualc\u00f3yotl, sino de todo el Estado de M\u00e9xico.<\/p>\n<p>&nbsp;<\/p>\n<p>Entre ellas, destaca la denominada \u2018Agua para todos\u2019 qu\u00e9 tiene por objetivo general condiciones para garantizar que todos los municipios del Estado de M\u00e9xico cu\u00e9nteme con un sistema de captaci\u00f3n de agua pluvial, as\u00ed como la gesti\u00f3n de una partida presupuestal para concluir la mega obra de la Red hidr\u00e1ulica en el municipio de Nezahualc\u00f3yotl, la cual asegurar\u00e1 el suministro de agua potable adecuado para todos los hogares.<\/p>\n<p><img loading=\"lazy\" decoding=\"async\" class=\"aligncenter wp-image-7786 size-large\" src=\"https:\/\/redamlo.com\/wp-content\/uploads\/2024\/05\/susana-estrada-3-1024x560.jpg\" alt=\"\" width=\"640\" height=\"350\" srcset=\"https:\/\/redamlo.com\/wp-content\/uploads\/2024\/05\/susana-estrada-3-1024x560.jpg 1024w, https:\/\/redamlo.com\/wp-content\/uploads\/2024\/05\/susana-estrada-3-300x164.jpg 300w, https:\/\/redamlo.com\/wp-content\/uploads\/2024\/05\/susana-estrada-3-768x420.jpg 768w, https:\/\/redamlo.com\/wp-content\/uploads\/2024\/05\/susana-estrada-3.jpg 1280w\" sizes=\"auto, (max-width: 640px) 100vw, 640px\" \/><\/p>\n<p>&nbsp;<\/p>\n<p>Tambi\u00e9n present\u00f3 una iniciativa que permitir\u00e1 brindar transporte gratuito para estudiantes, adultos mayores y personas con alguna discapacidad, con el objetivo de mejorar las condiciones econ\u00f3micas de las familias m\u00e1s vulnerables del Estado de M\u00e9xico y garantizar al mismo tiempo una movilidad de calidad y el acceso a servicios b\u00e1sicos para esta poblaci\u00f3n.<\/p>\n<p>&nbsp;<\/p>\n<p>La candidata Susana Estrada indic\u00f3 que existen casos exitosos en otras entidades que se pueden retomar en el Estado de M\u00e9xico para que mejore la calidad de vida de los ciudadanos.<\/p>\n<p><img loading=\"lazy\" decoding=\"async\" class=\"aligncenter wp-image-7787 size-large\" src=\"https:\/\/redamlo.com\/wp-content\/uploads\/2024\/05\/susana-estrada-1-1024x749.jpg\" alt=\"\" width=\"640\" height=\"468\" srcset=\"https:\/\/redamlo.com\/wp-content\/uploads\/2024\/05\/susana-estrada-1-1024x749.jpg 1024w, https:\/\/redamlo.com\/wp-content\/uploads\/2024\/05\/susana-estrada-1-300x219.jpg 300w, https:\/\/redamlo.com\/wp-content\/uploads\/2024\/05\/susana-estrada-1-768x562.jpg 768w, https:\/\/redamlo.com\/wp-content\/uploads\/2024\/05\/susana-estrada-1.jpg 1280w\" sizes=\"auto, (max-width: 640px) 100vw, 640px\" \/><\/p>\n<p>&nbsp;<\/p>\n<p>Durante el evento, tambi\u00e9n realiz\u00f3 la entrega de algunos presentes para los ni\u00f1os por motivo de su d\u00eda, y asegur\u00f3 que trabajar\u00e1 de la mano con las madres de familia para generar pol\u00edticas en favor de ellas y sus hijos. Durante el evento, algunas de las madres presentes se acercaron para plantear sus inquietudes, las cuales fueron recabadas por la candidata.<\/p>\n","protected":false},"excerpt":{"rendered":"<p>Durante el inicio de campa\u00f1a de la candidata de Morena a diputada local por el&#8230;<\/p>\n","protected":false},"author":1,"featured_media":7785,"comment_status":"open","ping_status":"closed","sticky":false,"template":"","format":"standard","meta":{"footnotes":""},"categories":[3,6,5],"tags":[59,331,2592],"class_list":["post-7784","post","type-post","status-publish","format-standard","has-post-thumbnail","hentry","category-estado-de-mexico","category-estados","category-politica","tag-edomex","tag-nezahualcoyotl","tag-susana-estrada"],"yoast_head":"<!-- This site is optimized with the Yoast SEO plugin v27.5 - https:\/\/yoast.com\/product\/yoast-seo-wordpress\/ -->\n<title>Arranca campa\u00f1a por la diputaci\u00f3n Susana Estrada y presenta dos ambiciosos proyectos - NOTICIAS DE LA 4T<\/title>\n<meta name=\"robots\" content=\"noindex, follow, max-snippet:-1, max-image-preview:large, max-video-preview:-1\" \/>\n<meta property=\"og:locale\" content=\"es_MX\" \/>\n<meta property=\"og:type\" content=\"article\" \/>\n<meta property=\"og:title\" content=\"Arranca campa\u00f1a por la diputaci\u00f3n Susana Estrada y presenta dos ambiciosos proyectos - NOTICIAS DE LA 4T\" \/>\n<meta property=\"og:description\" content=\"Durante el inicio de campa\u00f1a de la candidata de Morena a diputada local por el...\" \/>\n<meta property=\"og:url\" content=\"https:\/\/redamlo.com\/index.php\/2024\/05\/03\/arranca-campana-por-la-diputacion-susana-estrada-y-presenta-dos-ambiciosos-proyectos\/\" \/>\n<meta property=\"og:site_name\" content=\"NOTICIAS DE LA 4T\" \/>\n<meta property=\"article:published_time\" content=\"2024-05-04T00:41:14+00:00\" \/>\n<meta property=\"og:image\" content=\"https:\/\/redamlo.com\/wp-content\/uploads\/2024\/05\/susana-estrada-4.jpg\" \/>\n\t<meta property=\"og:image:width\" content=\"1280\" \/>\n\t<meta property=\"og:image:height\" content=\"814\" \/>\n\t<meta property=\"og:image:type\" content=\"image\/jpeg\" \/>\n<meta name=\"author\" content=\"admin\" \/>\n<meta name=\"twitter:card\" content=\"summary_large_image\" \/>\n<meta name=\"twitter:label1\" content=\"Escrito por\" \/>\n\t<meta name=\"twitter:data1\" content=\"admin\" \/>\n\t<meta name=\"twitter:label2\" content=\"Tiempo de lectura\" \/>\n\t<meta name=\"twitter:data2\" content=\"2 minutos\" \/>\n<script type=\"application\/ld+json\" class=\"yoast-schema-graph\">{\"@context\":\"https:\\\/\\\/schema.org\",\"@graph\":[{\"@type\":\"Article\",\"@id\":\"https:\\\/\\\/redamlo.com\\\/index.php\\\/2024\\\/05\\\/03\\\/arranca-campana-por-la-diputacion-susana-estrada-y-presenta-dos-ambiciosos-proyectos\\\/#article\",\"isPartOf\":{\"@id\":\"https:\\\/\\\/redamlo.com\\\/index.php\\\/2024\\\/05\\\/03\\\/arranca-campana-por-la-diputacion-susana-estrada-y-presenta-dos-ambiciosos-proyectos\\\/\"},\"author\":{\"name\":\"admin\",\"@id\":\"https:\\\/\\\/redamlo.com\\\/#\\\/schema\\\/person\\\/197a0a670d21b1f4f1483ddda1b64613\"},\"headline\":\"Arranca campa\u00f1a por la diputaci\u00f3n Susana Estrada y presenta dos ambiciosos proyectos\",\"datePublished\":\"2024-05-04T00:41:14+00:00\",\"mainEntityOfPage\":{\"@id\":\"https:\\\/\\\/redamlo.com\\\/index.php\\\/2024\\\/05\\\/03\\\/arranca-campana-por-la-diputacion-susana-estrada-y-presenta-dos-ambiciosos-proyectos\\\/\"},\"wordCount\":339,\"commentCount\":0,\"publisher\":{\"@id\":\"https:\\\/\\\/redamlo.com\\\/#organization\"},\"image\":{\"@id\":\"https:\\\/\\\/redamlo.com\\\/index.php\\\/2024\\\/05\\\/03\\\/arranca-campana-por-la-diputacion-susana-estrada-y-presenta-dos-ambiciosos-proyectos\\\/#primaryimage\"},\"thumbnailUrl\":\"https:\\\/\\\/redamlo.com\\\/wp-content\\\/uploads\\\/2024\\\/05\\\/susana-estrada-4.jpg\",\"keywords\":[\"edomex\",\"Nezahualc\u00f3yotl\",\"susana estrada\"],\"articleSection\":[\"Estado de M\u00e9xico\",\"Estados\",\"Pol\u00edtica\"],\"inLanguage\":\"es\",\"potentialAction\":[{\"@type\":\"CommentAction\",\"name\":\"Comment\",\"target\":[\"https:\\\/\\\/redamlo.com\\\/index.php\\\/2024\\\/05\\\/03\\\/arranca-campana-por-la-diputacion-susana-estrada-y-presenta-dos-ambiciosos-proyectos\\\/#respond\"]}]},{\"@type\":\"WebPage\",\"@id\":\"https:\\\/\\\/redamlo.com\\\/index.php\\\/2024\\\/05\\\/03\\\/arranca-campana-por-la-diputacion-susana-estrada-y-presenta-dos-ambiciosos-proyectos\\\/\",\"url\":\"https:\\\/\\\/redamlo.com\\\/index.php\\\/2024\\\/05\\\/03\\\/arranca-campana-por-la-diputacion-susana-estrada-y-presenta-dos-ambiciosos-proyectos\\\/\",\"name\":\"Arranca campa\u00f1a por la diputaci\u00f3n Susana Estrada y presenta dos ambiciosos proyectos - NOTICIAS DE LA 4T\",\"isPartOf\":{\"@id\":\"https:\\\/\\\/redamlo.com\\\/#website\"},\"primaryImageOfPage\":{\"@id\":\"https:\\\/\\\/redamlo.com\\\/index.php\\\/2024\\\/05\\\/03\\\/arranca-campana-por-la-diputacion-susana-estrada-y-presenta-dos-ambiciosos-proyectos\\\/#primaryimage\"},\"image\":{\"@id\":\"https:\\\/\\\/redamlo.com\\\/index.php\\\/2024\\\/05\\\/03\\\/arranca-campana-por-la-diputacion-susana-estrada-y-presenta-dos-ambiciosos-proyectos\\\/#primaryimage\"},\"thumbnailUrl\":\"https:\\\/\\\/redamlo.com\\\/wp-content\\\/uploads\\\/2024\\\/05\\\/susana-estrada-4.jpg\",\"datePublished\":\"2024-05-04T00:41:14+00:00\",\"breadcrumb\":{\"@id\":\"https:\\\/\\\/redamlo.com\\\/index.php\\\/2024\\\/05\\\/03\\\/arranca-campana-por-la-diputacion-susana-estrada-y-presenta-dos-ambiciosos-proyectos\\\/#breadcrumb\"},\"inLanguage\":\"es\",\"potentialAction\":[{\"@type\":\"ReadAction\",\"target\":[\"https:\\\/\\\/redamlo.com\\\/index.php\\\/2024\\\/05\\\/03\\\/arranca-campana-por-la-diputacion-susana-estrada-y-presenta-dos-ambiciosos-proyectos\\\/\"]}]},{\"@type\":\"ImageObject\",\"inLanguage\":\"es\",\"@id\":\"https:\\\/\\\/redamlo.com\\\/index.php\\\/2024\\\/05\\\/03\\\/arranca-campana-por-la-diputacion-susana-estrada-y-presenta-dos-ambiciosos-proyectos\\\/#primaryimage\",\"url\":\"https:\\\/\\\/redamlo.com\\\/wp-content\\\/uploads\\\/2024\\\/05\\\/susana-estrada-4.jpg\",\"contentUrl\":\"https:\\\/\\\/redamlo.com\\\/wp-content\\\/uploads\\\/2024\\\/05\\\/susana-estrada-4.jpg\",\"width\":1280,\"height\":814},{\"@type\":\"BreadcrumbList\",\"@id\":\"https:\\\/\\\/redamlo.com\\\/index.php\\\/2024\\\/05\\\/03\\\/arranca-campana-por-la-diputacion-susana-estrada-y-presenta-dos-ambiciosos-proyectos\\\/#breadcrumb\",\"itemListElement\":[{\"@type\":\"ListItem\",\"position\":1,\"name\":\"Inicio\",\"item\":\"https:\\\/\\\/redamlo.com\\\/\"},{\"@type\":\"ListItem\",\"position\":2,\"name\":\"Arranca campa\u00f1a por la diputaci\u00f3n Susana Estrada y presenta dos ambiciosos proyectos\"}]},{\"@type\":\"WebSite\",\"@id\":\"https:\\\/\\\/redamlo.com\\\/#website\",\"url\":\"https:\\\/\\\/redamlo.com\\\/\",\"name\":\"NOTICIAS DE LA 4T\",\"description\":\"\",\"publisher\":{\"@id\":\"https:\\\/\\\/redamlo.com\\\/#organization\"},\"potentialAction\":[{\"@type\":\"SearchAction\",\"target\":{\"@type\":\"EntryPoint\",\"urlTemplate\":\"https:\\\/\\\/redamlo.com\\\/?s={search_term_string}\"},\"query-input\":{\"@type\":\"PropertyValueSpecification\",\"valueRequired\":true,\"valueName\":\"search_term_string\"}}],\"inLanguage\":\"es\"},{\"@type\":\"Organization\",\"@id\":\"https:\\\/\\\/redamlo.com\\\/#organization\",\"name\":\"NOTICIAS DE LA 4T\",\"url\":\"https:\\\/\\\/redamlo.com\\\/\",\"logo\":{\"@type\":\"ImageObject\",\"inLanguage\":\"es\",\"@id\":\"https:\\\/\\\/redamlo.com\\\/#\\\/schema\\\/logo\\\/image\\\/\",\"url\":\"https:\\\/\\\/redamlo.com\\\/wp-content\\\/uploads\\\/2024\\\/08\\\/cropped-RED-AMLO-logo-50.png\",\"contentUrl\":\"https:\\\/\\\/redamlo.com\\\/wp-content\\\/uploads\\\/2024\\\/08\\\/cropped-RED-AMLO-logo-50.png\",\"width\":256,\"height\":256,\"caption\":\"NOTICIAS DE LA 4T\"},\"image\":{\"@id\":\"https:\\\/\\\/redamlo.com\\\/#\\\/schema\\\/logo\\\/image\\\/\"}},{\"@type\":\"Person\",\"@id\":\"https:\\\/\\\/redamlo.com\\\/#\\\/schema\\\/person\\\/197a0a670d21b1f4f1483ddda1b64613\",\"name\":\"admin\",\"image\":{\"@type\":\"ImageObject\",\"inLanguage\":\"es\",\"@id\":\"https:\\\/\\\/secure.gravatar.com\\\/avatar\\\/293dccd927043f2e641da6685c2f84009782eb9ee0054daceada4e261ded849a?s=96&d=mm&r=g\",\"url\":\"https:\\\/\\\/secure.gravatar.com\\\/avatar\\\/293dccd927043f2e641da6685c2f84009782eb9ee0054daceada4e261ded849a?s=96&d=mm&r=g\",\"contentUrl\":\"https:\\\/\\\/secure.gravatar.com\\\/avatar\\\/293dccd927043f2e641da6685c2f84009782eb9ee0054daceada4e261ded849a?s=96&d=mm&r=g\",\"caption\":\"admin\"},\"sameAs\":[\"https:\\\/\\\/redamlo.com\"],\"url\":\"https:\\\/\\\/redamlo.com\\\/index.php\\\/author\\\/stell\\\/\"}]}<\/script>\n<!-- \/ Yoast SEO plugin. -->","yoast_head_json":{"title":"Arranca campa\u00f1a por la diputaci\u00f3n Susana Estrada y presenta dos ambiciosos proyectos - NOTICIAS DE LA 4T","robots":{"index":"noindex","follow":"follow","max-snippet":"max-snippet:-1","max-image-preview":"max-image-preview:large","max-video-preview":"max-video-preview:-1"},"og_locale":"es_MX","og_type":"article","og_title":"Arranca campa\u00f1a por la diputaci\u00f3n Susana Estrada y presenta dos ambiciosos proyectos - NOTICIAS DE LA 4T","og_description":"Durante el inicio de campa\u00f1a de la candidata de Morena a diputada local por el...","og_url":"https:\/\/redamlo.com\/index.php\/2024\/05\/03\/arranca-campana-por-la-diputacion-susana-estrada-y-presenta-dos-ambiciosos-proyectos\/","og_site_name":"NOTICIAS DE LA 4T","article_published_time":"2024-05-04T00:41:14+00:00","og_image":[{"width":1280,"height":814,"url":"https:\/\/redamlo.com\/wp-content\/uploads\/2024\/05\/susana-estrada-4.jpg","type":"image\/jpeg"}],"author":"admin","twitter_card":"summary_large_image","twitter_misc":{"Escrito por":"admin","Tiempo de lectura":"2 minutos"},"schema":{"@context":"https:\/\/schema.org","@graph":[{"@type":"Article","@id":"https:\/\/redamlo.com\/index.php\/2024\/05\/03\/arranca-campana-por-la-diputacion-susana-estrada-y-presenta-dos-ambiciosos-proyectos\/#article","isPartOf":{"@id":"https:\/\/redamlo.com\/index.php\/2024\/05\/03\/arranca-campana-por-la-diputacion-susana-estrada-y-presenta-dos-ambiciosos-proyectos\/"},"author":{"name":"admin","@id":"https:\/\/redamlo.com\/#\/schema\/person\/197a0a670d21b1f4f1483ddda1b64613"},"headline":"Arranca campa\u00f1a por la diputaci\u00f3n Susana Estrada y presenta dos ambiciosos proyectos","datePublished":"2024-05-04T00:41:14+00:00","mainEntityOfPage":{"@id":"https:\/\/redamlo.com\/index.php\/2024\/05\/03\/arranca-campana-por-la-diputacion-susana-estrada-y-presenta-dos-ambiciosos-proyectos\/"},"wordCount":339,"commentCount":0,"publisher":{"@id":"https:\/\/redamlo.com\/#organization"},"image":{"@id":"https:\/\/redamlo.com\/index.php\/2024\/05\/03\/arranca-campana-por-la-diputacion-susana-estrada-y-presenta-dos-ambiciosos-proyectos\/#primaryimage"},"thumbnailUrl":"https:\/\/redamlo.com\/wp-content\/uploads\/2024\/05\/susana-estrada-4.jpg","keywords":["edomex","Nezahualc\u00f3yotl","susana estrada"],"articleSection":["Estado de M\u00e9xico","Estados","Pol\u00edtica"],"inLanguage":"es","potentialAction":[{"@type":"CommentAction","name":"Comment","target":["https:\/\/redamlo.com\/index.php\/2024\/05\/03\/arranca-campana-por-la-diputacion-susana-estrada-y-presenta-dos-ambiciosos-proyectos\/#respond"]}]},{"@type":"WebPage","@id":"https:\/\/redamlo.com\/index.php\/2024\/05\/03\/arranca-campana-por-la-diputacion-susana-estrada-y-presenta-dos-ambiciosos-proyectos\/","url":"https:\/\/redamlo.com\/index.php\/2024\/05\/03\/arranca-campana-por-la-diputacion-susana-estrada-y-presenta-dos-ambiciosos-proyectos\/","name":"Arranca campa\u00f1a por la diputaci\u00f3n Susana Estrada y presenta dos ambiciosos proyectos - NOTICIAS DE LA 4T","isPartOf":{"@id":"https:\/\/redamlo.com\/#website"},"primaryImageOfPage":{"@id":"https:\/\/redamlo.com\/index.php\/2024\/05\/03\/arranca-campana-por-la-diputacion-susana-estrada-y-presenta-dos-ambiciosos-proyectos\/#primaryimage"},"image":{"@id":"https:\/\/redamlo.com\/index.php\/2024\/05\/03\/arranca-campana-por-la-diputacion-susana-estrada-y-presenta-dos-ambiciosos-proyectos\/#primaryimage"},"thumbnailUrl":"https:\/\/redamlo.com\/wp-content\/uploads\/2024\/05\/susana-estrada-4.jpg","datePublished":"2024-05-04T00:41:14+00:00","breadcrumb":{"@id":"https:\/\/redamlo.com\/index.php\/2024\/05\/03\/arranca-campana-por-la-diputacion-susana-estrada-y-presenta-dos-ambiciosos-proyectos\/#breadcrumb"},"inLanguage":"es","potentialAction":[{"@type":"ReadAction","target":["https:\/\/redamlo.com\/index.php\/2024\/05\/03\/arranca-campana-por-la-diputacion-susana-estrada-y-presenta-dos-ambiciosos-proyectos\/"]}]},{"@type":"ImageObject","inLanguage":"es","@id":"https:\/\/redamlo.com\/index.php\/2024\/05\/03\/arranca-campana-por-la-diputacion-susana-estrada-y-presenta-dos-ambiciosos-proyectos\/#primaryimage","url":"https:\/\/redamlo.com\/wp-content\/uploads\/2024\/05\/susana-estrada-4.jpg","contentUrl":"https:\/\/redamlo.com\/wp-content\/uploads\/2024\/05\/susana-estrada-4.jpg","width":1280,"height":814},{"@type":"BreadcrumbList","@id":"https:\/\/redamlo.com\/index.php\/2024\/05\/03\/arranca-campana-por-la-diputacion-susana-estrada-y-presenta-dos-ambiciosos-proyectos\/#breadcrumb","itemListElement":[{"@type":"ListItem","position":1,"name":"Inicio","item":"https:\/\/redamlo.com\/"},{"@type":"ListItem","position":2,"name":"Arranca campa\u00f1a por la diputaci\u00f3n Susana Estrada y presenta dos ambiciosos proyectos"}]},{"@type":"WebSite","@id":"https:\/\/redamlo.com\/#website","url":"https:\/\/redamlo.com\/","name":"NOTICIAS DE LA 4T","description":"","publisher":{"@id":"https:\/\/redamlo.com\/#organization"},"potentialAction":[{"@type":"SearchAction","target":{"@type":"EntryPoint","urlTemplate":"https:\/\/redamlo.com\/?s={search_term_string}"},"query-input":{"@type":"PropertyValueSpecification","valueRequired":true,"valueName":"search_term_string"}}],"inLanguage":"es"},{"@type":"Organization","@id":"https:\/\/redamlo.com\/#organization","name":"NOTICIAS DE LA 4T","url":"https:\/\/redamlo.com\/","logo":{"@type":"ImageObject","inLanguage":"es","@id":"https:\/\/redamlo.com\/#\/schema\/logo\/image\/","url":"https:\/\/redamlo.com\/wp-content\/uploads\/2024\/08\/cropped-RED-AMLO-logo-50.png","contentUrl":"https:\/\/redamlo.com\/wp-content\/uploads\/2024\/08\/cropped-RED-AMLO-logo-50.png","width":256,"height":256,"caption":"NOTICIAS DE LA 4T"},"image":{"@id":"https:\/\/redamlo.com\/#\/schema\/logo\/image\/"}},{"@type":"Person","@id":"https:\/\/redamlo.com\/#\/schema\/person\/197a0a670d21b1f4f1483ddda1b64613","name":"admin","image":{"@type":"ImageObject","inLanguage":"es","@id":"https:\/\/secure.gravatar.com\/avatar\/293dccd927043f2e641da6685c2f84009782eb9ee0054daceada4e261ded849a?s=96&d=mm&r=g","url":"https:\/\/secure.gravatar.com\/avatar\/293dccd927043f2e641da6685c2f84009782eb9ee0054daceada4e261ded849a?s=96&d=mm&r=g","contentUrl":"https:\/\/secure.gravatar.com\/avatar\/293dccd927043f2e641da6685c2f84009782eb9ee0054daceada4e261ded849a?s=96&d=mm&r=g","caption":"admin"},"sameAs":["https:\/\/redamlo.com"],"url":"https:\/\/redamlo.com\/index.php\/author\/stell\/"}]}},"_links":{"self":[{"href":"https:\/\/redamlo.com\/index.php\/wp-json\/wp\/v2\/posts\/7784","targetHints":{"allow":["GET"]}}],"collection":[{"href":"https:\/\/redamlo.com\/index.php\/wp-json\/wp\/v2\/posts"}],"about":[{"href":"https:\/\/redamlo.com\/index.php\/wp-json\/wp\/v2\/types\/post"}],"author":[{"embeddable":true,"href":"https:\/\/redamlo.com\/index.php\/wp-json\/wp\/v2\/users\/1"}],"replies":[{"embeddable":true,"href":"https:\/\/redamlo.com\/index.php\/wp-json\/wp\/v2\/comments?post=7784"}],"version-history":[{"count":0,"href":"https:\/\/redamlo.com\/index.php\/wp-json\/wp\/v2\/posts\/7784\/revisions"}],"wp:featuredmedia":[{"embeddable":true,"href":"https:\/\/redamlo.com\/index.php\/wp-json\/wp\/v2\/media\/7785"}],"wp:attachment":[{"href":"https:\/\/redamlo.com\/index.php\/wp-json\/wp\/v2\/media?parent=7784"}],"wp:term":[{"taxonomy":"category","embeddable":true,"href":"https:\/\/redamlo.com\/index.php\/wp-json\/wp\/v2\/categories?post=7784"},{"taxonomy":"post_tag","embeddable":true,"href":"https:\/\/redamlo.com\/index.php\/wp-json\/wp\/v2\/tags?post=7784"}],"curies":[{"name":"wp","href":"https:\/\/api.w.org\/{rel}","templated":true}]}}