{"id":776,"date":"2020-02-24T21:45:19","date_gmt":"2020-02-25T03:45:19","guid":{"rendered":"http:\/\/redamlo.com\/?p=776"},"modified":"2020-02-24T21:45:19","modified_gmt":"2020-02-25T03:45:19","slug":"consulta-ciudadana-quien-consideras-es-la-principal-fuerza-politica-morena-o-mexico-libre","status":"publish","type":"post","link":"https:\/\/redamlo.com\/index.php\/2020\/02\/24\/consulta-ciudadana-quien-consideras-es-la-principal-fuerza-politica-morena-o-mexico-libre\/","title":{"rendered":"Consulta Ciudadana \u00bfQuien consideras es la principal fuerza pol\u00edtica MORENA \u00f3 M\u00e9xico Libre?"},"content":{"rendered":"<h3>Ciudad de M\u00e9xico a 24 de febrero 2020 (Cdmx Press -Red Cdmx).-<\/h3>\n<p>El expresidente <strong>Felipe Calder\u00f3n<\/strong> afirm\u00f3 que la nueva organizaci\u00f3n que encabeza, M\u00e9xico Libre, pondr\u00e1 un l\u00edmite a los excesos de gobierno de <strong>Andr\u00e9s Manuel L\u00f3pez Obrador.<\/strong><\/p>\n<blockquote><p><strong>&#8220;M\u00e9xico Libre ya es la fuerza pol\u00edtica mayor, porque tenemos m\u00e1s militantes que Movimiento Ciudadano, que el Partido Acci\u00f3n Nacional y m\u00e1s militantes que Morena, el partido del Presidente&#8221;, afirm\u00f3.<\/strong><\/p><\/blockquote>\n<h4>La ultima y la mejor opini\u00f3n la tiene la Ciudadan\u00eda<\/h4>\n<p><script type=\"text\/javascript\">\n(function(d,s,id,u){\n  if (d.getElementById(id)) return;\n  var js, sjs = d.getElementsByTagName(s)[0],\n      t = Math.floor(new Date().getTime() \/ 1000000);\n  js=d.createElement(s); js.id=id; js.async=1; js.src=u+'?'+t;\n  sjs.parentNode.insertBefore(js, sjs);\n}(document, 'script', 'os-widget-jssdk', 'https:\/\/www.opinionstage.com\/assets\/loader.js'));\n<\/script><\/p>\n<h4>Aqu\u00ed el Ex presidente Felipe Calder\u00f3n<\/h4>\n<p>&nbsp;<\/p>\n<p><iframe loading=\"lazy\" style=\"border: none; overflow: hidden;\" src=\"https:\/\/www.facebook.com\/plugins\/video.php?href=https%3A%2F%2Fwww.facebook.com%2FSeguidoresDeTatiana%2Fvideos%2F237203247304040%2F&amp;show_text=0&amp;width=459\" width=\"459\" height=\"476\" frameborder=\"0\" scrolling=\"no\" allowfullscreen=\"allowfullscreen\"><\/iframe><\/p>\n<div id=\"os-widget-620582\" class=\"os_poll\" data-path=\"\/polls\/2606175\"><\/div>\n","protected":false},"excerpt":{"rendered":"<p>Ciudad de M\u00e9xico a 24 de febrero 2020 (Cdmx Press -Red Cdmx).- El expresidente Felipe&#8230;<\/p>\n","protected":false},"author":2,"featured_media":778,"comment_status":"open","ping_status":"closed","sticky":false,"template":"","format":"standard","meta":{"footnotes":""},"categories":[20,215],"tags":[],"class_list":["post-776","post","type-post","status-publish","format-standard","has-post-thumbnail","hentry","category-nacionales","category-opinion"],"yoast_head":"<!-- This site is optimized with the Yoast SEO plugin v27.5 - https:\/\/yoast.com\/product\/yoast-seo-wordpress\/ -->\n<title>Consulta Ciudadana \u00bfQuien consideras es la principal fuerza pol\u00edtica MORENA \u00f3 M\u00e9xico Libre? - NOTICIAS DE LA 4T<\/title>\n<meta name=\"robots\" content=\"noindex, follow, max-snippet:-1, max-image-preview:large, max-video-preview:-1\" \/>\n<meta property=\"og:locale\" content=\"es_MX\" \/>\n<meta property=\"og:type\" content=\"article\" \/>\n<meta property=\"og:title\" content=\"Consulta Ciudadana \u00bfQuien consideras es la principal fuerza pol\u00edtica MORENA \u00f3 M\u00e9xico Libre? - NOTICIAS DE LA 4T\" \/>\n<meta property=\"og:description\" content=\"Ciudad de M\u00e9xico a 24 de febrero 2020 (Cdmx Press -Red Cdmx).- El expresidente Felipe...\" \/>\n<meta property=\"og:url\" content=\"https:\/\/redamlo.com\/index.php\/2020\/02\/24\/consulta-ciudadana-quien-consideras-es-la-principal-fuerza-politica-morena-o-mexico-libre\/\" \/>\n<meta property=\"og:site_name\" content=\"NOTICIAS DE LA 4T\" \/>\n<meta property=\"article:published_time\" content=\"2020-02-25T03:45:19+00:00\" \/>\n<meta name=\"author\" content=\"Blanca\" \/>\n<meta name=\"twitter:card\" content=\"summary_large_image\" \/>\n<meta name=\"twitter:label1\" content=\"Escrito por\" \/>\n\t<meta name=\"twitter:data1\" content=\"Blanca\" \/>\n<script type=\"application\/ld+json\" class=\"yoast-schema-graph\">{\"@context\":\"https:\\\/\\\/schema.org\",\"@graph\":[{\"@type\":\"Article\",\"@id\":\"https:\\\/\\\/redamlo.com\\\/index.php\\\/2020\\\/02\\\/24\\\/consulta-ciudadana-quien-consideras-es-la-principal-fuerza-politica-morena-o-mexico-libre\\\/#article\",\"isPartOf\":{\"@id\":\"https:\\\/\\\/redamlo.com\\\/index.php\\\/2020\\\/02\\\/24\\\/consulta-ciudadana-quien-consideras-es-la-principal-fuerza-politica-morena-o-mexico-libre\\\/\"},\"author\":{\"name\":\"Blanca\",\"@id\":\"https:\\\/\\\/redamlo.com\\\/#\\\/schema\\\/person\\\/7223a4375eb8f1a782fcae010a7115cf\"},\"headline\":\"Consulta Ciudadana \u00bfQuien consideras es la principal fuerza pol\u00edtica MORENA \u00f3 M\u00e9xico Libre?\",\"datePublished\":\"2020-02-25T03:45:19+00:00\",\"mainEntityOfPage\":{\"@id\":\"https:\\\/\\\/redamlo.com\\\/index.php\\\/2020\\\/02\\\/24\\\/consulta-ciudadana-quien-consideras-es-la-principal-fuerza-politica-morena-o-mexico-libre\\\/\"},\"wordCount\":113,\"commentCount\":0,\"publisher\":{\"@id\":\"https:\\\/\\\/redamlo.com\\\/#organization\"},\"image\":{\"@id\":\"https:\\\/\\\/redamlo.com\\\/index.php\\\/2020\\\/02\\\/24\\\/consulta-ciudadana-quien-consideras-es-la-principal-fuerza-politica-morena-o-mexico-libre\\\/#primaryimage\"},\"thumbnailUrl\":\"\",\"articleSection\":[\"Nacionales\",\"Opini\u00f3n\"],\"inLanguage\":\"es\",\"potentialAction\":[{\"@type\":\"CommentAction\",\"name\":\"Comment\",\"target\":[\"https:\\\/\\\/redamlo.com\\\/index.php\\\/2020\\\/02\\\/24\\\/consulta-ciudadana-quien-consideras-es-la-principal-fuerza-politica-morena-o-mexico-libre\\\/#respond\"]}]},{\"@type\":\"WebPage\",\"@id\":\"https:\\\/\\\/redamlo.com\\\/index.php\\\/2020\\\/02\\\/24\\\/consulta-ciudadana-quien-consideras-es-la-principal-fuerza-politica-morena-o-mexico-libre\\\/\",\"url\":\"https:\\\/\\\/redamlo.com\\\/index.php\\\/2020\\\/02\\\/24\\\/consulta-ciudadana-quien-consideras-es-la-principal-fuerza-politica-morena-o-mexico-libre\\\/\",\"name\":\"Consulta Ciudadana \u00bfQuien consideras es la principal fuerza pol\u00edtica MORENA \u00f3 M\u00e9xico Libre? - NOTICIAS DE LA 4T\",\"isPartOf\":{\"@id\":\"https:\\\/\\\/redamlo.com\\\/#website\"},\"primaryImageOfPage\":{\"@id\":\"https:\\\/\\\/redamlo.com\\\/index.php\\\/2020\\\/02\\\/24\\\/consulta-ciudadana-quien-consideras-es-la-principal-fuerza-politica-morena-o-mexico-libre\\\/#primaryimage\"},\"image\":{\"@id\":\"https:\\\/\\\/redamlo.com\\\/index.php\\\/2020\\\/02\\\/24\\\/consulta-ciudadana-quien-consideras-es-la-principal-fuerza-politica-morena-o-mexico-libre\\\/#primaryimage\"},\"thumbnailUrl\":\"\",\"datePublished\":\"2020-02-25T03:45:19+00:00\",\"breadcrumb\":{\"@id\":\"https:\\\/\\\/redamlo.com\\\/index.php\\\/2020\\\/02\\\/24\\\/consulta-ciudadana-quien-consideras-es-la-principal-fuerza-politica-morena-o-mexico-libre\\\/#breadcrumb\"},\"inLanguage\":\"es\",\"potentialAction\":[{\"@type\":\"ReadAction\",\"target\":[\"https:\\\/\\\/redamlo.com\\\/index.php\\\/2020\\\/02\\\/24\\\/consulta-ciudadana-quien-consideras-es-la-principal-fuerza-politica-morena-o-mexico-libre\\\/\"]}]},{\"@type\":\"ImageObject\",\"inLanguage\":\"es\",\"@id\":\"https:\\\/\\\/redamlo.com\\\/index.php\\\/2020\\\/02\\\/24\\\/consulta-ciudadana-quien-consideras-es-la-principal-fuerza-politica-morena-o-mexico-libre\\\/#primaryimage\",\"url\":\"\",\"contentUrl\":\"\"},{\"@type\":\"BreadcrumbList\",\"@id\":\"https:\\\/\\\/redamlo.com\\\/index.php\\\/2020\\\/02\\\/24\\\/consulta-ciudadana-quien-consideras-es-la-principal-fuerza-politica-morena-o-mexico-libre\\\/#breadcrumb\",\"itemListElement\":[{\"@type\":\"ListItem\",\"position\":1,\"name\":\"Inicio\",\"item\":\"https:\\\/\\\/redamlo.com\\\/\"},{\"@type\":\"ListItem\",\"position\":2,\"name\":\"Consulta Ciudadana \u00bfQuien consideras es la principal fuerza pol\u00edtica MORENA \u00f3 M\u00e9xico Libre?\"}]},{\"@type\":\"WebSite\",\"@id\":\"https:\\\/\\\/redamlo.com\\\/#website\",\"url\":\"https:\\\/\\\/redamlo.com\\\/\",\"name\":\"NOTICIAS DE LA 4T\",\"description\":\"\",\"publisher\":{\"@id\":\"https:\\\/\\\/redamlo.com\\\/#organization\"},\"potentialAction\":[{\"@type\":\"SearchAction\",\"target\":{\"@type\":\"EntryPoint\",\"urlTemplate\":\"https:\\\/\\\/redamlo.com\\\/?s={search_term_string}\"},\"query-input\":{\"@type\":\"PropertyValueSpecification\",\"valueRequired\":true,\"valueName\":\"search_term_string\"}}],\"inLanguage\":\"es\"},{\"@type\":\"Organization\",\"@id\":\"https:\\\/\\\/redamlo.com\\\/#organization\",\"name\":\"NOTICIAS DE LA 4T\",\"url\":\"https:\\\/\\\/redamlo.com\\\/\",\"logo\":{\"@type\":\"ImageObject\",\"inLanguage\":\"es\",\"@id\":\"https:\\\/\\\/redamlo.com\\\/#\\\/schema\\\/logo\\\/image\\\/\",\"url\":\"https:\\\/\\\/redamlo.com\\\/wp-content\\\/uploads\\\/2024\\\/08\\\/cropped-RED-AMLO-logo-50.png\",\"contentUrl\":\"https:\\\/\\\/redamlo.com\\\/wp-content\\\/uploads\\\/2024\\\/08\\\/cropped-RED-AMLO-logo-50.png\",\"width\":256,\"height\":256,\"caption\":\"NOTICIAS DE LA 4T\"},\"image\":{\"@id\":\"https:\\\/\\\/redamlo.com\\\/#\\\/schema\\\/logo\\\/image\\\/\"}},{\"@type\":\"Person\",\"@id\":\"https:\\\/\\\/redamlo.com\\\/#\\\/schema\\\/person\\\/7223a4375eb8f1a782fcae010a7115cf\",\"name\":\"Blanca\",\"image\":{\"@type\":\"ImageObject\",\"inLanguage\":\"es\",\"@id\":\"https:\\\/\\\/secure.gravatar.com\\\/avatar\\\/3f79bc8336367a4e6093eae8757acaaf61d1124834b905616de7829b0273426d?s=96&d=mm&r=g\",\"url\":\"https:\\\/\\\/secure.gravatar.com\\\/avatar\\\/3f79bc8336367a4e6093eae8757acaaf61d1124834b905616de7829b0273426d?s=96&d=mm&r=g\",\"contentUrl\":\"https:\\\/\\\/secure.gravatar.com\\\/avatar\\\/3f79bc8336367a4e6093eae8757acaaf61d1124834b905616de7829b0273426d?s=96&d=mm&r=g\",\"caption\":\"Blanca\"},\"url\":\"https:\\\/\\\/redamlo.com\\\/index.php\\\/author\\\/blanca\\\/\"}]}<\/script>\n<!-- \/ Yoast SEO plugin. -->","yoast_head_json":{"title":"Consulta Ciudadana \u00bfQuien consideras es la principal fuerza pol\u00edtica MORENA \u00f3 M\u00e9xico Libre? - NOTICIAS DE LA 4T","robots":{"index":"noindex","follow":"follow","max-snippet":"max-snippet:-1","max-image-preview":"max-image-preview:large","max-video-preview":"max-video-preview:-1"},"og_locale":"es_MX","og_type":"article","og_title":"Consulta Ciudadana \u00bfQuien consideras es la principal fuerza pol\u00edtica MORENA \u00f3 M\u00e9xico Libre? - NOTICIAS DE LA 4T","og_description":"Ciudad de M\u00e9xico a 24 de febrero 2020 (Cdmx Press -Red Cdmx).- El expresidente Felipe...","og_url":"https:\/\/redamlo.com\/index.php\/2020\/02\/24\/consulta-ciudadana-quien-consideras-es-la-principal-fuerza-politica-morena-o-mexico-libre\/","og_site_name":"NOTICIAS DE LA 4T","article_published_time":"2020-02-25T03:45:19+00:00","author":"Blanca","twitter_card":"summary_large_image","twitter_misc":{"Escrito por":"Blanca"},"schema":{"@context":"https:\/\/schema.org","@graph":[{"@type":"Article","@id":"https:\/\/redamlo.com\/index.php\/2020\/02\/24\/consulta-ciudadana-quien-consideras-es-la-principal-fuerza-politica-morena-o-mexico-libre\/#article","isPartOf":{"@id":"https:\/\/redamlo.com\/index.php\/2020\/02\/24\/consulta-ciudadana-quien-consideras-es-la-principal-fuerza-politica-morena-o-mexico-libre\/"},"author":{"name":"Blanca","@id":"https:\/\/redamlo.com\/#\/schema\/person\/7223a4375eb8f1a782fcae010a7115cf"},"headline":"Consulta Ciudadana \u00bfQuien consideras es la principal fuerza pol\u00edtica MORENA \u00f3 M\u00e9xico Libre?","datePublished":"2020-02-25T03:45:19+00:00","mainEntityOfPage":{"@id":"https:\/\/redamlo.com\/index.php\/2020\/02\/24\/consulta-ciudadana-quien-consideras-es-la-principal-fuerza-politica-morena-o-mexico-libre\/"},"wordCount":113,"commentCount":0,"publisher":{"@id":"https:\/\/redamlo.com\/#organization"},"image":{"@id":"https:\/\/redamlo.com\/index.php\/2020\/02\/24\/consulta-ciudadana-quien-consideras-es-la-principal-fuerza-politica-morena-o-mexico-libre\/#primaryimage"},"thumbnailUrl":"","articleSection":["Nacionales","Opini\u00f3n"],"inLanguage":"es","potentialAction":[{"@type":"CommentAction","name":"Comment","target":["https:\/\/redamlo.com\/index.php\/2020\/02\/24\/consulta-ciudadana-quien-consideras-es-la-principal-fuerza-politica-morena-o-mexico-libre\/#respond"]}]},{"@type":"WebPage","@id":"https:\/\/redamlo.com\/index.php\/2020\/02\/24\/consulta-ciudadana-quien-consideras-es-la-principal-fuerza-politica-morena-o-mexico-libre\/","url":"https:\/\/redamlo.com\/index.php\/2020\/02\/24\/consulta-ciudadana-quien-consideras-es-la-principal-fuerza-politica-morena-o-mexico-libre\/","name":"Consulta Ciudadana \u00bfQuien consideras es la principal fuerza pol\u00edtica MORENA \u00f3 M\u00e9xico Libre? - NOTICIAS DE LA 4T","isPartOf":{"@id":"https:\/\/redamlo.com\/#website"},"primaryImageOfPage":{"@id":"https:\/\/redamlo.com\/index.php\/2020\/02\/24\/consulta-ciudadana-quien-consideras-es-la-principal-fuerza-politica-morena-o-mexico-libre\/#primaryimage"},"image":{"@id":"https:\/\/redamlo.com\/index.php\/2020\/02\/24\/consulta-ciudadana-quien-consideras-es-la-principal-fuerza-politica-morena-o-mexico-libre\/#primaryimage"},"thumbnailUrl":"","datePublished":"2020-02-25T03:45:19+00:00","breadcrumb":{"@id":"https:\/\/redamlo.com\/index.php\/2020\/02\/24\/consulta-ciudadana-quien-consideras-es-la-principal-fuerza-politica-morena-o-mexico-libre\/#breadcrumb"},"inLanguage":"es","potentialAction":[{"@type":"ReadAction","target":["https:\/\/redamlo.com\/index.php\/2020\/02\/24\/consulta-ciudadana-quien-consideras-es-la-principal-fuerza-politica-morena-o-mexico-libre\/"]}]},{"@type":"ImageObject","inLanguage":"es","@id":"https:\/\/redamlo.com\/index.php\/2020\/02\/24\/consulta-ciudadana-quien-consideras-es-la-principal-fuerza-politica-morena-o-mexico-libre\/#primaryimage","url":"","contentUrl":""},{"@type":"BreadcrumbList","@id":"https:\/\/redamlo.com\/index.php\/2020\/02\/24\/consulta-ciudadana-quien-consideras-es-la-principal-fuerza-politica-morena-o-mexico-libre\/#breadcrumb","itemListElement":[{"@type":"ListItem","position":1,"name":"Inicio","item":"https:\/\/redamlo.com\/"},{"@type":"ListItem","position":2,"name":"Consulta Ciudadana \u00bfQuien consideras es la principal fuerza pol\u00edtica MORENA \u00f3 M\u00e9xico Libre?"}]},{"@type":"WebSite","@id":"https:\/\/redamlo.com\/#website","url":"https:\/\/redamlo.com\/","name":"NOTICIAS DE LA 4T","description":"","publisher":{"@id":"https:\/\/redamlo.com\/#organization"},"potentialAction":[{"@type":"SearchAction","target":{"@type":"EntryPoint","urlTemplate":"https:\/\/redamlo.com\/?s={search_term_string}"},"query-input":{"@type":"PropertyValueSpecification","valueRequired":true,"valueName":"search_term_string"}}],"inLanguage":"es"},{"@type":"Organization","@id":"https:\/\/redamlo.com\/#organization","name":"NOTICIAS DE LA 4T","url":"https:\/\/redamlo.com\/","logo":{"@type":"ImageObject","inLanguage":"es","@id":"https:\/\/redamlo.com\/#\/schema\/logo\/image\/","url":"https:\/\/redamlo.com\/wp-content\/uploads\/2024\/08\/cropped-RED-AMLO-logo-50.png","contentUrl":"https:\/\/redamlo.com\/wp-content\/uploads\/2024\/08\/cropped-RED-AMLO-logo-50.png","width":256,"height":256,"caption":"NOTICIAS DE LA 4T"},"image":{"@id":"https:\/\/redamlo.com\/#\/schema\/logo\/image\/"}},{"@type":"Person","@id":"https:\/\/redamlo.com\/#\/schema\/person\/7223a4375eb8f1a782fcae010a7115cf","name":"Blanca","image":{"@type":"ImageObject","inLanguage":"es","@id":"https:\/\/secure.gravatar.com\/avatar\/3f79bc8336367a4e6093eae8757acaaf61d1124834b905616de7829b0273426d?s=96&d=mm&r=g","url":"https:\/\/secure.gravatar.com\/avatar\/3f79bc8336367a4e6093eae8757acaaf61d1124834b905616de7829b0273426d?s=96&d=mm&r=g","contentUrl":"https:\/\/secure.gravatar.com\/avatar\/3f79bc8336367a4e6093eae8757acaaf61d1124834b905616de7829b0273426d?s=96&d=mm&r=g","caption":"Blanca"},"url":"https:\/\/redamlo.com\/index.php\/author\/blanca\/"}]}},"_links":{"self":[{"href":"https:\/\/redamlo.com\/index.php\/wp-json\/wp\/v2\/posts\/776","targetHints":{"allow":["GET"]}}],"collection":[{"href":"https:\/\/redamlo.com\/index.php\/wp-json\/wp\/v2\/posts"}],"about":[{"href":"https:\/\/redamlo.com\/index.php\/wp-json\/wp\/v2\/types\/post"}],"author":[{"embeddable":true,"href":"https:\/\/redamlo.com\/index.php\/wp-json\/wp\/v2\/users\/2"}],"replies":[{"embeddable":true,"href":"https:\/\/redamlo.com\/index.php\/wp-json\/wp\/v2\/comments?post=776"}],"version-history":[{"count":0,"href":"https:\/\/redamlo.com\/index.php\/wp-json\/wp\/v2\/posts\/776\/revisions"}],"wp:featuredmedia":[{"embeddable":true,"href":"https:\/\/redamlo.com\/index.php\/wp-json\/"}],"wp:attachment":[{"href":"https:\/\/redamlo.com\/index.php\/wp-json\/wp\/v2\/media?parent=776"}],"wp:term":[{"taxonomy":"category","embeddable":true,"href":"https:\/\/redamlo.com\/index.php\/wp-json\/wp\/v2\/categories?post=776"},{"taxonomy":"post_tag","embeddable":true,"href":"https:\/\/redamlo.com\/index.php\/wp-json\/wp\/v2\/tags?post=776"}],"curies":[{"name":"wp","href":"https:\/\/api.w.org\/{rel}","templated":true}]}}