{"id":7752,"date":"2024-05-01T07:47:56","date_gmt":"2024-05-01T13:47:56","guid":{"rendered":"https:\/\/redamlo.com\/?p=7752"},"modified":"2024-05-01T07:47:56","modified_gmt":"2024-05-01T13:47:56","slug":"candidatos-de-la-4t-convocan-al-inicio-de-campana-en-joquicingo-edomex","status":"publish","type":"post","link":"https:\/\/redamlo.com\/index.php\/2024\/05\/01\/candidatos-de-la-4t-convocan-al-inicio-de-campana-en-joquicingo-edomex\/","title":{"rendered":"Candidatos de la 4T convocan al inicio de campa\u00f1a en Joquicingo, EdoM\u00e9x"},"content":{"rendered":"<p>En el marco del <strong>proceso electoral 2024 en el Estado de M\u00e9xico<\/strong> para renovar las Alcald\u00edas y los diputados en el Poder Legislativo de la entidad, la abanderada por la presidencia municipal de <strong>Joquicingo<\/strong>, <strong>Dana\u00e9 Espinoza Zimerman<\/strong> por la coalici\u00f3n <strong>&#8220;Juntos seguiremos haciendo historia&#8221;<\/strong> conformada por los partidos <strong>Morena, Partido Verde Ecologista de M\u00e9xico y Partido del Trabajo<\/strong> <a href=\"https:\/\/www.facebook.com\/reel\/754905183111863?mibextid=WC7FNe\">convoc\u00f3<\/a> a los simpatizantes de la cuarta transformaci\u00f3n a asistir al inicio de campa\u00f1a en el municipio mexiquense.<\/p>\n<p>En el mitin pol\u00edtico participar\u00e1 <strong>H\u00e9ctor Garc\u00eda, abanderado de la 4T en el distrito 07<\/strong> donde <strong>Joquicingo forma parte al igual que los Municipios de Malinalco, Tenancingo, Tenango del Valle, Villa Guerrero y Zumpahuac\u00e1n<\/strong> de la zona oriente del Estado de M\u00e9xico.<\/p>\n<p>La convocatoria para el inicio de campa\u00f1a electoral del <strong>Municipio de Joquicingo<\/strong> es el 1ro de mayo a las 15:00 hrs. frente a la escuela secundaria Filiberto Navas Vald\u00e9s.<\/p>\n<p>&nbsp;<\/p>\n<p>&nbsp;<\/p>\n","protected":false},"excerpt":{"rendered":"<p>En el marco del proceso electoral 2024 en el Estado de M\u00e9xico para renovar las&#8230;<\/p>\n","protected":false},"author":1,"featured_media":7753,"comment_status":"open","ping_status":"closed","sticky":false,"template":"","format":"standard","meta":{"footnotes":""},"categories":[25,3],"tags":[190,2676,60,2674,2667,2677,24,750],"class_list":["post-7752","post","type-post","status-publish","format-standard","has-post-thumbnail","hentry","category-4t","category-estado-de-mexico","tag-4t","tag-danae-espinoza","tag-estado-de-mexico","tag-hector-garcia","tag-hector-raul-garcia-gonzalez","tag-joquicingo","tag-morena","tag-partido-verde"],"yoast_head":"<!-- This site is optimized with the Yoast SEO plugin v27.5 - https:\/\/yoast.com\/product\/yoast-seo-wordpress\/ -->\n<title>Candidatos de la 4T convocan al inicio de campa\u00f1a en Joquicingo, EdoM\u00e9x - NOTICIAS DE LA 4T<\/title>\n<meta name=\"robots\" content=\"noindex, follow, max-snippet:-1, max-image-preview:large, max-video-preview:-1\" \/>\n<meta property=\"og:locale\" content=\"es_MX\" \/>\n<meta property=\"og:type\" content=\"article\" \/>\n<meta property=\"og:title\" content=\"Candidatos de la 4T convocan al inicio de campa\u00f1a en Joquicingo, EdoM\u00e9x - NOTICIAS DE LA 4T\" \/>\n<meta property=\"og:description\" content=\"En el marco del proceso electoral 2024 en el Estado de M\u00e9xico para renovar las...\" \/>\n<meta property=\"og:url\" content=\"https:\/\/redamlo.com\/index.php\/2024\/05\/01\/candidatos-de-la-4t-convocan-al-inicio-de-campana-en-joquicingo-edomex\/\" \/>\n<meta property=\"og:site_name\" content=\"NOTICIAS DE LA 4T\" \/>\n<meta property=\"article:published_time\" content=\"2024-05-01T13:47:56+00:00\" \/>\n<meta property=\"og:image\" content=\"https:\/\/redamlo.com\/wp-content\/uploads\/2024\/05\/WhatsApp-Image-2024-05-01-at-08.43.31.jpeg\" \/>\n\t<meta property=\"og:image:width\" content=\"1280\" \/>\n\t<meta property=\"og:image:height\" content=\"754\" \/>\n\t<meta property=\"og:image:type\" content=\"image\/jpeg\" \/>\n<meta name=\"author\" content=\"admin\" \/>\n<meta name=\"twitter:card\" content=\"summary_large_image\" \/>\n<meta name=\"twitter:label1\" content=\"Escrito por\" \/>\n\t<meta name=\"twitter:data1\" content=\"admin\" \/>\n\t<meta name=\"twitter:label2\" content=\"Tiempo de lectura\" \/>\n\t<meta name=\"twitter:data2\" content=\"1 minuto\" \/>\n<script type=\"application\/ld+json\" class=\"yoast-schema-graph\">{\"@context\":\"https:\\\/\\\/schema.org\",\"@graph\":[{\"@type\":\"Article\",\"@id\":\"https:\\\/\\\/redamlo.com\\\/index.php\\\/2024\\\/05\\\/01\\\/candidatos-de-la-4t-convocan-al-inicio-de-campana-en-joquicingo-edomex\\\/#article\",\"isPartOf\":{\"@id\":\"https:\\\/\\\/redamlo.com\\\/index.php\\\/2024\\\/05\\\/01\\\/candidatos-de-la-4t-convocan-al-inicio-de-campana-en-joquicingo-edomex\\\/\"},\"author\":{\"name\":\"admin\",\"@id\":\"https:\\\/\\\/redamlo.com\\\/#\\\/schema\\\/person\\\/197a0a670d21b1f4f1483ddda1b64613\"},\"headline\":\"Candidatos de la 4T convocan al inicio de campa\u00f1a en Joquicingo, EdoM\u00e9x\",\"datePublished\":\"2024-05-01T13:47:56+00:00\",\"mainEntityOfPage\":{\"@id\":\"https:\\\/\\\/redamlo.com\\\/index.php\\\/2024\\\/05\\\/01\\\/candidatos-de-la-4t-convocan-al-inicio-de-campana-en-joquicingo-edomex\\\/\"},\"wordCount\":173,\"commentCount\":0,\"publisher\":{\"@id\":\"https:\\\/\\\/redamlo.com\\\/#organization\"},\"image\":{\"@id\":\"https:\\\/\\\/redamlo.com\\\/index.php\\\/2024\\\/05\\\/01\\\/candidatos-de-la-4t-convocan-al-inicio-de-campana-en-joquicingo-edomex\\\/#primaryimage\"},\"thumbnailUrl\":\"https:\\\/\\\/redamlo.com\\\/wp-content\\\/uploads\\\/2024\\\/05\\\/WhatsApp-Image-2024-05-01-at-08.43.31.jpeg\",\"keywords\":[\"4T\",\"Dana\u00e9 Espinoza\",\"estado de mexico\",\"H\u00e9ctor Garc\u00eda\",\"H\u00e9ctor Ra\u00fal Garc\u00eda Gonz\u00e1lez\",\"Joquicingo\",\"Morena\",\"Partido Verde\"],\"articleSection\":[\"4T\",\"Estado de M\u00e9xico\"],\"inLanguage\":\"es\",\"potentialAction\":[{\"@type\":\"CommentAction\",\"name\":\"Comment\",\"target\":[\"https:\\\/\\\/redamlo.com\\\/index.php\\\/2024\\\/05\\\/01\\\/candidatos-de-la-4t-convocan-al-inicio-de-campana-en-joquicingo-edomex\\\/#respond\"]}]},{\"@type\":\"WebPage\",\"@id\":\"https:\\\/\\\/redamlo.com\\\/index.php\\\/2024\\\/05\\\/01\\\/candidatos-de-la-4t-convocan-al-inicio-de-campana-en-joquicingo-edomex\\\/\",\"url\":\"https:\\\/\\\/redamlo.com\\\/index.php\\\/2024\\\/05\\\/01\\\/candidatos-de-la-4t-convocan-al-inicio-de-campana-en-joquicingo-edomex\\\/\",\"name\":\"Candidatos de la 4T convocan al inicio de campa\u00f1a en Joquicingo, EdoM\u00e9x - NOTICIAS DE LA 4T\",\"isPartOf\":{\"@id\":\"https:\\\/\\\/redamlo.com\\\/#website\"},\"primaryImageOfPage\":{\"@id\":\"https:\\\/\\\/redamlo.com\\\/index.php\\\/2024\\\/05\\\/01\\\/candidatos-de-la-4t-convocan-al-inicio-de-campana-en-joquicingo-edomex\\\/#primaryimage\"},\"image\":{\"@id\":\"https:\\\/\\\/redamlo.com\\\/index.php\\\/2024\\\/05\\\/01\\\/candidatos-de-la-4t-convocan-al-inicio-de-campana-en-joquicingo-edomex\\\/#primaryimage\"},\"thumbnailUrl\":\"https:\\\/\\\/redamlo.com\\\/wp-content\\\/uploads\\\/2024\\\/05\\\/WhatsApp-Image-2024-05-01-at-08.43.31.jpeg\",\"datePublished\":\"2024-05-01T13:47:56+00:00\",\"breadcrumb\":{\"@id\":\"https:\\\/\\\/redamlo.com\\\/index.php\\\/2024\\\/05\\\/01\\\/candidatos-de-la-4t-convocan-al-inicio-de-campana-en-joquicingo-edomex\\\/#breadcrumb\"},\"inLanguage\":\"es\",\"potentialAction\":[{\"@type\":\"ReadAction\",\"target\":[\"https:\\\/\\\/redamlo.com\\\/index.php\\\/2024\\\/05\\\/01\\\/candidatos-de-la-4t-convocan-al-inicio-de-campana-en-joquicingo-edomex\\\/\"]}]},{\"@type\":\"ImageObject\",\"inLanguage\":\"es\",\"@id\":\"https:\\\/\\\/redamlo.com\\\/index.php\\\/2024\\\/05\\\/01\\\/candidatos-de-la-4t-convocan-al-inicio-de-campana-en-joquicingo-edomex\\\/#primaryimage\",\"url\":\"https:\\\/\\\/redamlo.com\\\/wp-content\\\/uploads\\\/2024\\\/05\\\/WhatsApp-Image-2024-05-01-at-08.43.31.jpeg\",\"contentUrl\":\"https:\\\/\\\/redamlo.com\\\/wp-content\\\/uploads\\\/2024\\\/05\\\/WhatsApp-Image-2024-05-01-at-08.43.31.jpeg\",\"width\":1280,\"height\":754},{\"@type\":\"BreadcrumbList\",\"@id\":\"https:\\\/\\\/redamlo.com\\\/index.php\\\/2024\\\/05\\\/01\\\/candidatos-de-la-4t-convocan-al-inicio-de-campana-en-joquicingo-edomex\\\/#breadcrumb\",\"itemListElement\":[{\"@type\":\"ListItem\",\"position\":1,\"name\":\"Inicio\",\"item\":\"https:\\\/\\\/redamlo.com\\\/\"},{\"@type\":\"ListItem\",\"position\":2,\"name\":\"Candidatos de la 4T convocan al inicio de campa\u00f1a en Joquicingo, EdoM\u00e9x\"}]},{\"@type\":\"WebSite\",\"@id\":\"https:\\\/\\\/redamlo.com\\\/#website\",\"url\":\"https:\\\/\\\/redamlo.com\\\/\",\"name\":\"NOTICIAS DE LA 4T\",\"description\":\"\",\"publisher\":{\"@id\":\"https:\\\/\\\/redamlo.com\\\/#organization\"},\"potentialAction\":[{\"@type\":\"SearchAction\",\"target\":{\"@type\":\"EntryPoint\",\"urlTemplate\":\"https:\\\/\\\/redamlo.com\\\/?s={search_term_string}\"},\"query-input\":{\"@type\":\"PropertyValueSpecification\",\"valueRequired\":true,\"valueName\":\"search_term_string\"}}],\"inLanguage\":\"es\"},{\"@type\":\"Organization\",\"@id\":\"https:\\\/\\\/redamlo.com\\\/#organization\",\"name\":\"NOTICIAS DE LA 4T\",\"url\":\"https:\\\/\\\/redamlo.com\\\/\",\"logo\":{\"@type\":\"ImageObject\",\"inLanguage\":\"es\",\"@id\":\"https:\\\/\\\/redamlo.com\\\/#\\\/schema\\\/logo\\\/image\\\/\",\"url\":\"https:\\\/\\\/redamlo.com\\\/wp-content\\\/uploads\\\/2024\\\/08\\\/cropped-RED-AMLO-logo-50.png\",\"contentUrl\":\"https:\\\/\\\/redamlo.com\\\/wp-content\\\/uploads\\\/2024\\\/08\\\/cropped-RED-AMLO-logo-50.png\",\"width\":256,\"height\":256,\"caption\":\"NOTICIAS DE LA 4T\"},\"image\":{\"@id\":\"https:\\\/\\\/redamlo.com\\\/#\\\/schema\\\/logo\\\/image\\\/\"}},{\"@type\":\"Person\",\"@id\":\"https:\\\/\\\/redamlo.com\\\/#\\\/schema\\\/person\\\/197a0a670d21b1f4f1483ddda1b64613\",\"name\":\"admin\",\"image\":{\"@type\":\"ImageObject\",\"inLanguage\":\"es\",\"@id\":\"https:\\\/\\\/secure.gravatar.com\\\/avatar\\\/293dccd927043f2e641da6685c2f84009782eb9ee0054daceada4e261ded849a?s=96&d=mm&r=g\",\"url\":\"https:\\\/\\\/secure.gravatar.com\\\/avatar\\\/293dccd927043f2e641da6685c2f84009782eb9ee0054daceada4e261ded849a?s=96&d=mm&r=g\",\"contentUrl\":\"https:\\\/\\\/secure.gravatar.com\\\/avatar\\\/293dccd927043f2e641da6685c2f84009782eb9ee0054daceada4e261ded849a?s=96&d=mm&r=g\",\"caption\":\"admin\"},\"sameAs\":[\"https:\\\/\\\/redamlo.com\"],\"url\":\"https:\\\/\\\/redamlo.com\\\/index.php\\\/author\\\/stell\\\/\"}]}<\/script>\n<!-- \/ Yoast SEO plugin. -->","yoast_head_json":{"title":"Candidatos de la 4T convocan al inicio de campa\u00f1a en Joquicingo, EdoM\u00e9x - NOTICIAS DE LA 4T","robots":{"index":"noindex","follow":"follow","max-snippet":"max-snippet:-1","max-image-preview":"max-image-preview:large","max-video-preview":"max-video-preview:-1"},"og_locale":"es_MX","og_type":"article","og_title":"Candidatos de la 4T convocan al inicio de campa\u00f1a en Joquicingo, EdoM\u00e9x - NOTICIAS DE LA 4T","og_description":"En el marco del proceso electoral 2024 en el Estado de M\u00e9xico para renovar las...","og_url":"https:\/\/redamlo.com\/index.php\/2024\/05\/01\/candidatos-de-la-4t-convocan-al-inicio-de-campana-en-joquicingo-edomex\/","og_site_name":"NOTICIAS DE LA 4T","article_published_time":"2024-05-01T13:47:56+00:00","og_image":[{"width":1280,"height":754,"url":"https:\/\/redamlo.com\/wp-content\/uploads\/2024\/05\/WhatsApp-Image-2024-05-01-at-08.43.31.jpeg","type":"image\/jpeg"}],"author":"admin","twitter_card":"summary_large_image","twitter_misc":{"Escrito por":"admin","Tiempo de lectura":"1 minuto"},"schema":{"@context":"https:\/\/schema.org","@graph":[{"@type":"Article","@id":"https:\/\/redamlo.com\/index.php\/2024\/05\/01\/candidatos-de-la-4t-convocan-al-inicio-de-campana-en-joquicingo-edomex\/#article","isPartOf":{"@id":"https:\/\/redamlo.com\/index.php\/2024\/05\/01\/candidatos-de-la-4t-convocan-al-inicio-de-campana-en-joquicingo-edomex\/"},"author":{"name":"admin","@id":"https:\/\/redamlo.com\/#\/schema\/person\/197a0a670d21b1f4f1483ddda1b64613"},"headline":"Candidatos de la 4T convocan al inicio de campa\u00f1a en Joquicingo, EdoM\u00e9x","datePublished":"2024-05-01T13:47:56+00:00","mainEntityOfPage":{"@id":"https:\/\/redamlo.com\/index.php\/2024\/05\/01\/candidatos-de-la-4t-convocan-al-inicio-de-campana-en-joquicingo-edomex\/"},"wordCount":173,"commentCount":0,"publisher":{"@id":"https:\/\/redamlo.com\/#organization"},"image":{"@id":"https:\/\/redamlo.com\/index.php\/2024\/05\/01\/candidatos-de-la-4t-convocan-al-inicio-de-campana-en-joquicingo-edomex\/#primaryimage"},"thumbnailUrl":"https:\/\/redamlo.com\/wp-content\/uploads\/2024\/05\/WhatsApp-Image-2024-05-01-at-08.43.31.jpeg","keywords":["4T","Dana\u00e9 Espinoza","estado de mexico","H\u00e9ctor Garc\u00eda","H\u00e9ctor Ra\u00fal Garc\u00eda Gonz\u00e1lez","Joquicingo","Morena","Partido Verde"],"articleSection":["4T","Estado de M\u00e9xico"],"inLanguage":"es","potentialAction":[{"@type":"CommentAction","name":"Comment","target":["https:\/\/redamlo.com\/index.php\/2024\/05\/01\/candidatos-de-la-4t-convocan-al-inicio-de-campana-en-joquicingo-edomex\/#respond"]}]},{"@type":"WebPage","@id":"https:\/\/redamlo.com\/index.php\/2024\/05\/01\/candidatos-de-la-4t-convocan-al-inicio-de-campana-en-joquicingo-edomex\/","url":"https:\/\/redamlo.com\/index.php\/2024\/05\/01\/candidatos-de-la-4t-convocan-al-inicio-de-campana-en-joquicingo-edomex\/","name":"Candidatos de la 4T convocan al inicio de campa\u00f1a en Joquicingo, EdoM\u00e9x - NOTICIAS DE LA 4T","isPartOf":{"@id":"https:\/\/redamlo.com\/#website"},"primaryImageOfPage":{"@id":"https:\/\/redamlo.com\/index.php\/2024\/05\/01\/candidatos-de-la-4t-convocan-al-inicio-de-campana-en-joquicingo-edomex\/#primaryimage"},"image":{"@id":"https:\/\/redamlo.com\/index.php\/2024\/05\/01\/candidatos-de-la-4t-convocan-al-inicio-de-campana-en-joquicingo-edomex\/#primaryimage"},"thumbnailUrl":"https:\/\/redamlo.com\/wp-content\/uploads\/2024\/05\/WhatsApp-Image-2024-05-01-at-08.43.31.jpeg","datePublished":"2024-05-01T13:47:56+00:00","breadcrumb":{"@id":"https:\/\/redamlo.com\/index.php\/2024\/05\/01\/candidatos-de-la-4t-convocan-al-inicio-de-campana-en-joquicingo-edomex\/#breadcrumb"},"inLanguage":"es","potentialAction":[{"@type":"ReadAction","target":["https:\/\/redamlo.com\/index.php\/2024\/05\/01\/candidatos-de-la-4t-convocan-al-inicio-de-campana-en-joquicingo-edomex\/"]}]},{"@type":"ImageObject","inLanguage":"es","@id":"https:\/\/redamlo.com\/index.php\/2024\/05\/01\/candidatos-de-la-4t-convocan-al-inicio-de-campana-en-joquicingo-edomex\/#primaryimage","url":"https:\/\/redamlo.com\/wp-content\/uploads\/2024\/05\/WhatsApp-Image-2024-05-01-at-08.43.31.jpeg","contentUrl":"https:\/\/redamlo.com\/wp-content\/uploads\/2024\/05\/WhatsApp-Image-2024-05-01-at-08.43.31.jpeg","width":1280,"height":754},{"@type":"BreadcrumbList","@id":"https:\/\/redamlo.com\/index.php\/2024\/05\/01\/candidatos-de-la-4t-convocan-al-inicio-de-campana-en-joquicingo-edomex\/#breadcrumb","itemListElement":[{"@type":"ListItem","position":1,"name":"Inicio","item":"https:\/\/redamlo.com\/"},{"@type":"ListItem","position":2,"name":"Candidatos de la 4T convocan al inicio de campa\u00f1a en Joquicingo, EdoM\u00e9x"}]},{"@type":"WebSite","@id":"https:\/\/redamlo.com\/#website","url":"https:\/\/redamlo.com\/","name":"NOTICIAS DE LA 4T","description":"","publisher":{"@id":"https:\/\/redamlo.com\/#organization"},"potentialAction":[{"@type":"SearchAction","target":{"@type":"EntryPoint","urlTemplate":"https:\/\/redamlo.com\/?s={search_term_string}"},"query-input":{"@type":"PropertyValueSpecification","valueRequired":true,"valueName":"search_term_string"}}],"inLanguage":"es"},{"@type":"Organization","@id":"https:\/\/redamlo.com\/#organization","name":"NOTICIAS DE LA 4T","url":"https:\/\/redamlo.com\/","logo":{"@type":"ImageObject","inLanguage":"es","@id":"https:\/\/redamlo.com\/#\/schema\/logo\/image\/","url":"https:\/\/redamlo.com\/wp-content\/uploads\/2024\/08\/cropped-RED-AMLO-logo-50.png","contentUrl":"https:\/\/redamlo.com\/wp-content\/uploads\/2024\/08\/cropped-RED-AMLO-logo-50.png","width":256,"height":256,"caption":"NOTICIAS DE LA 4T"},"image":{"@id":"https:\/\/redamlo.com\/#\/schema\/logo\/image\/"}},{"@type":"Person","@id":"https:\/\/redamlo.com\/#\/schema\/person\/197a0a670d21b1f4f1483ddda1b64613","name":"admin","image":{"@type":"ImageObject","inLanguage":"es","@id":"https:\/\/secure.gravatar.com\/avatar\/293dccd927043f2e641da6685c2f84009782eb9ee0054daceada4e261ded849a?s=96&d=mm&r=g","url":"https:\/\/secure.gravatar.com\/avatar\/293dccd927043f2e641da6685c2f84009782eb9ee0054daceada4e261ded849a?s=96&d=mm&r=g","contentUrl":"https:\/\/secure.gravatar.com\/avatar\/293dccd927043f2e641da6685c2f84009782eb9ee0054daceada4e261ded849a?s=96&d=mm&r=g","caption":"admin"},"sameAs":["https:\/\/redamlo.com"],"url":"https:\/\/redamlo.com\/index.php\/author\/stell\/"}]}},"_links":{"self":[{"href":"https:\/\/redamlo.com\/index.php\/wp-json\/wp\/v2\/posts\/7752","targetHints":{"allow":["GET"]}}],"collection":[{"href":"https:\/\/redamlo.com\/index.php\/wp-json\/wp\/v2\/posts"}],"about":[{"href":"https:\/\/redamlo.com\/index.php\/wp-json\/wp\/v2\/types\/post"}],"author":[{"embeddable":true,"href":"https:\/\/redamlo.com\/index.php\/wp-json\/wp\/v2\/users\/1"}],"replies":[{"embeddable":true,"href":"https:\/\/redamlo.com\/index.php\/wp-json\/wp\/v2\/comments?post=7752"}],"version-history":[{"count":0,"href":"https:\/\/redamlo.com\/index.php\/wp-json\/wp\/v2\/posts\/7752\/revisions"}],"wp:featuredmedia":[{"embeddable":true,"href":"https:\/\/redamlo.com\/index.php\/wp-json\/wp\/v2\/media\/7753"}],"wp:attachment":[{"href":"https:\/\/redamlo.com\/index.php\/wp-json\/wp\/v2\/media?parent=7752"}],"wp:term":[{"taxonomy":"category","embeddable":true,"href":"https:\/\/redamlo.com\/index.php\/wp-json\/wp\/v2\/categories?post=7752"},{"taxonomy":"post_tag","embeddable":true,"href":"https:\/\/redamlo.com\/index.php\/wp-json\/wp\/v2\/tags?post=7752"}],"curies":[{"name":"wp","href":"https:\/\/api.w.org\/{rel}","templated":true}]}}