{"id":7749,"date":"2024-04-29T20:34:06","date_gmt":"2024-04-30T02:34:06","guid":{"rendered":"https:\/\/redamlo.com\/?p=7749"},"modified":"2024-04-29T20:34:06","modified_gmt":"2024-04-30T02:34:06","slug":"da-banderazo-de-inicio-a-su-campana-susana-estrada-candidata-a-diputada-por-morena-en-nezahualcoyotl","status":"publish","type":"post","link":"https:\/\/redamlo.com\/index.php\/2024\/04\/29\/da-banderazo-de-inicio-a-su-campana-susana-estrada-candidata-a-diputada-por-morena-en-nezahualcoyotl\/","title":{"rendered":"Da banderazo de inicio a su campa\u00f1a Susana Estrada, candidata a diputada por Morena en Nezahualc\u00f3yotl"},"content":{"rendered":"<p>En el inicio de su campa\u00f1a como candidata de Morena a diputada local, por el distrito 24 de Nezahualc\u00f3yotl, Susana Estrada, logr\u00f3 convocar un evento masivo en la colonia El Sol, que cont\u00f3 con la presencia de simpatizantes y de una estructura electoral robusta.Durante el evento, la candidata present\u00f3 algunas de las propuestas que llevar\u00e1 al congreso local, las cuales fueron bien \u00a0recibidas por parte de los asistentes.<\/p>\n<p><img loading=\"lazy\" decoding=\"async\" class=\"aligncenter wp-image-12860 size-large\" src=\"http:\/\/redcdmx.com\/wp-content\/uploads\/2024\/04\/neza-4-1-1024x622.jpg\" alt=\"\" width=\"640\" height=\"389\" \/><\/p>\n<p>Entre estas iniciativas sobresale la denominada &#8220;Agua para todos&#8221;, la cual ya cuenta con una propuesta marco en la que se compromete a generar las condiciones para garantizar que todos los municipios del Estado de M\u00e9xico cuenten con un sistema de captaci\u00f3n de agua pluvial, as\u00ed como gestionar una partida presupuestal que servir\u00e1 para concluir con la mega-obra de la red hidr\u00e1ulica en el municipio de Nezahualc\u00f3yotl, para asegurar un suministro adecuado de agua potable en todos los hogares.<\/p>\n<p><img loading=\"lazy\" decoding=\"async\" class=\"aligncenter wp-image-12861 size-large\" src=\"http:\/\/redcdmx.com\/wp-content\/uploads\/2024\/04\/neza-1-1024x560.jpg\" alt=\"\" width=\"640\" height=\"350\" \/><\/p>\n<p>Por otra parte, una iniciativa que permita contar con el servicio de transporte gratuito para estudiantes, adultos mayores y discapacitados. Dicha propuesta servir\u00eda para mejorar las condiciones econ\u00f3micas de las familias m\u00e1s vulnerables del Estado de M\u00e9xico y con el fin de garantizar su movilidad as\u00ed como el acceso a servicios b\u00e1sicos. En otros estados de la Rep\u00fablica hay experiencias que han demostrado su viabilidad, ejemplo de ello es la capital nuevoleonense.<\/p>\n<p><img loading=\"lazy\" decoding=\"async\" class=\"aligncenter wp-image-12862 size-large\" src=\"http:\/\/redcdmx.com\/wp-content\/uploads\/2024\/04\/neza-5-1024x640.jpg\" alt=\"\" width=\"640\" height=\"400\" \/><\/p>\n<p>La candidata a legisladora al congreso mexiquense, Susana Estrada,se comprometi\u00f3 a promover programas de empoderamiento para las mujeres, que incluyen becas estudiantiles, cursos, talleres, capacitaciones enfocadas en la econom\u00eda social y solidaria, as\u00ed como apoyos econ\u00f3micos para emprendedoras y madres jefas de familia, reconociendo que empoderar a una mujer es empoderar a toda una familia.<\/p>\n<p><img loading=\"lazy\" decoding=\"async\" class=\"aligncenter wp-image-12863 size-large\" src=\"http:\/\/redcdmx.com\/wp-content\/uploads\/2024\/04\/neza-3-1024x699.jpg\" alt=\"\" width=\"640\" height=\"437\" \/><\/p>\n<p>Para concluir, la candidata Susana Estrada convoc\u00f3 a los presentes a votar por la coalici\u00f3n &#8220;Sigamos Haciendo Historia&#8221; y manifest\u00f3 su compromiso con el municipio de Nezahualc\u00f3yotl y el Estado de M\u00e9xico<\/p>\n<p><img loading=\"lazy\" decoding=\"async\" class=\"aligncenter wp-image-12864 size-large\" src=\"http:\/\/redcdmx.com\/wp-content\/uploads\/2024\/04\/neza-2-1024x639.jpg\" alt=\"\" width=\"640\" height=\"399\" \/><\/p>\n","protected":false},"excerpt":{"rendered":"<p>En el inicio de su campa\u00f1a como candidata de Morena a diputada local, por el&#8230;<\/p>\n","protected":false},"author":1,"featured_media":7750,"comment_status":"open","ping_status":"closed","sticky":false,"template":"","format":"standard","meta":{"footnotes":""},"categories":[3,5],"tags":[24,331,2592],"class_list":["post-7749","post","type-post","status-publish","format-standard","has-post-thumbnail","hentry","category-estado-de-mexico","category-politica","tag-morena","tag-nezahualcoyotl","tag-susana-estrada"],"yoast_head":"<!-- This site is optimized with the Yoast SEO plugin v27.5 - https:\/\/yoast.com\/product\/yoast-seo-wordpress\/ -->\n<title>Da banderazo de inicio a su campa\u00f1a Susana Estrada, candidata a diputada por Morena en Nezahualc\u00f3yotl - NOTICIAS DE LA 4T<\/title>\n<meta name=\"robots\" content=\"noindex, follow, max-snippet:-1, max-image-preview:large, max-video-preview:-1\" \/>\n<meta property=\"og:locale\" content=\"es_MX\" \/>\n<meta property=\"og:type\" content=\"article\" \/>\n<meta property=\"og:title\" content=\"Da banderazo de inicio a su campa\u00f1a Susana Estrada, candidata a diputada por Morena en Nezahualc\u00f3yotl - NOTICIAS DE LA 4T\" \/>\n<meta property=\"og:description\" content=\"En el inicio de su campa\u00f1a como candidata de Morena a diputada local, por el...\" \/>\n<meta property=\"og:url\" content=\"https:\/\/redamlo.com\/index.php\/2024\/04\/29\/da-banderazo-de-inicio-a-su-campana-susana-estrada-candidata-a-diputada-por-morena-en-nezahualcoyotl\/\" \/>\n<meta property=\"og:site_name\" content=\"NOTICIAS DE LA 4T\" \/>\n<meta property=\"article:published_time\" content=\"2024-04-30T02:34:06+00:00\" \/>\n<meta property=\"og:image\" content=\"https:\/\/redamlo.com\/wp-content\/uploads\/2024\/04\/neza-4.jpg\" \/>\n\t<meta property=\"og:image:width\" content=\"1280\" \/>\n\t<meta property=\"og:image:height\" content=\"777\" \/>\n\t<meta property=\"og:image:type\" content=\"image\/jpeg\" \/>\n<meta name=\"author\" content=\"admin\" \/>\n<meta name=\"twitter:card\" content=\"summary_large_image\" \/>\n<meta name=\"twitter:label1\" content=\"Escrito por\" \/>\n\t<meta name=\"twitter:data1\" content=\"admin\" \/>\n\t<meta name=\"twitter:label2\" content=\"Tiempo de lectura\" \/>\n\t<meta name=\"twitter:data2\" content=\"3 minutos\" \/>\n<script type=\"application\/ld+json\" class=\"yoast-schema-graph\">{\"@context\":\"https:\\\/\\\/schema.org\",\"@graph\":[{\"@type\":\"Article\",\"@id\":\"https:\\\/\\\/redamlo.com\\\/index.php\\\/2024\\\/04\\\/29\\\/da-banderazo-de-inicio-a-su-campana-susana-estrada-candidata-a-diputada-por-morena-en-nezahualcoyotl\\\/#article\",\"isPartOf\":{\"@id\":\"https:\\\/\\\/redamlo.com\\\/index.php\\\/2024\\\/04\\\/29\\\/da-banderazo-de-inicio-a-su-campana-susana-estrada-candidata-a-diputada-por-morena-en-nezahualcoyotl\\\/\"},\"author\":{\"name\":\"admin\",\"@id\":\"https:\\\/\\\/redamlo.com\\\/#\\\/schema\\\/person\\\/197a0a670d21b1f4f1483ddda1b64613\"},\"headline\":\"Da banderazo de inicio a su campa\u00f1a Susana Estrada, candidata a diputada por Morena en Nezahualc\u00f3yotl\",\"datePublished\":\"2024-04-30T02:34:06+00:00\",\"mainEntityOfPage\":{\"@id\":\"https:\\\/\\\/redamlo.com\\\/index.php\\\/2024\\\/04\\\/29\\\/da-banderazo-de-inicio-a-su-campana-susana-estrada-candidata-a-diputada-por-morena-en-nezahualcoyotl\\\/\"},\"wordCount\":342,\"commentCount\":0,\"publisher\":{\"@id\":\"https:\\\/\\\/redamlo.com\\\/#organization\"},\"image\":{\"@id\":\"https:\\\/\\\/redamlo.com\\\/index.php\\\/2024\\\/04\\\/29\\\/da-banderazo-de-inicio-a-su-campana-susana-estrada-candidata-a-diputada-por-morena-en-nezahualcoyotl\\\/#primaryimage\"},\"thumbnailUrl\":\"https:\\\/\\\/redamlo.com\\\/wp-content\\\/uploads\\\/2024\\\/04\\\/neza-4.jpg\",\"keywords\":[\"Morena\",\"Nezahualc\u00f3yotl\",\"susana estrada\"],\"articleSection\":[\"Estado de M\u00e9xico\",\"Pol\u00edtica\"],\"inLanguage\":\"es\",\"potentialAction\":[{\"@type\":\"CommentAction\",\"name\":\"Comment\",\"target\":[\"https:\\\/\\\/redamlo.com\\\/index.php\\\/2024\\\/04\\\/29\\\/da-banderazo-de-inicio-a-su-campana-susana-estrada-candidata-a-diputada-por-morena-en-nezahualcoyotl\\\/#respond\"]}]},{\"@type\":\"WebPage\",\"@id\":\"https:\\\/\\\/redamlo.com\\\/index.php\\\/2024\\\/04\\\/29\\\/da-banderazo-de-inicio-a-su-campana-susana-estrada-candidata-a-diputada-por-morena-en-nezahualcoyotl\\\/\",\"url\":\"https:\\\/\\\/redamlo.com\\\/index.php\\\/2024\\\/04\\\/29\\\/da-banderazo-de-inicio-a-su-campana-susana-estrada-candidata-a-diputada-por-morena-en-nezahualcoyotl\\\/\",\"name\":\"Da banderazo de inicio a su campa\u00f1a Susana Estrada, candidata a diputada por Morena en Nezahualc\u00f3yotl - NOTICIAS DE LA 4T\",\"isPartOf\":{\"@id\":\"https:\\\/\\\/redamlo.com\\\/#website\"},\"primaryImageOfPage\":{\"@id\":\"https:\\\/\\\/redamlo.com\\\/index.php\\\/2024\\\/04\\\/29\\\/da-banderazo-de-inicio-a-su-campana-susana-estrada-candidata-a-diputada-por-morena-en-nezahualcoyotl\\\/#primaryimage\"},\"image\":{\"@id\":\"https:\\\/\\\/redamlo.com\\\/index.php\\\/2024\\\/04\\\/29\\\/da-banderazo-de-inicio-a-su-campana-susana-estrada-candidata-a-diputada-por-morena-en-nezahualcoyotl\\\/#primaryimage\"},\"thumbnailUrl\":\"https:\\\/\\\/redamlo.com\\\/wp-content\\\/uploads\\\/2024\\\/04\\\/neza-4.jpg\",\"datePublished\":\"2024-04-30T02:34:06+00:00\",\"breadcrumb\":{\"@id\":\"https:\\\/\\\/redamlo.com\\\/index.php\\\/2024\\\/04\\\/29\\\/da-banderazo-de-inicio-a-su-campana-susana-estrada-candidata-a-diputada-por-morena-en-nezahualcoyotl\\\/#breadcrumb\"},\"inLanguage\":\"es\",\"potentialAction\":[{\"@type\":\"ReadAction\",\"target\":[\"https:\\\/\\\/redamlo.com\\\/index.php\\\/2024\\\/04\\\/29\\\/da-banderazo-de-inicio-a-su-campana-susana-estrada-candidata-a-diputada-por-morena-en-nezahualcoyotl\\\/\"]}]},{\"@type\":\"ImageObject\",\"inLanguage\":\"es\",\"@id\":\"https:\\\/\\\/redamlo.com\\\/index.php\\\/2024\\\/04\\\/29\\\/da-banderazo-de-inicio-a-su-campana-susana-estrada-candidata-a-diputada-por-morena-en-nezahualcoyotl\\\/#primaryimage\",\"url\":\"https:\\\/\\\/redamlo.com\\\/wp-content\\\/uploads\\\/2024\\\/04\\\/neza-4.jpg\",\"contentUrl\":\"https:\\\/\\\/redamlo.com\\\/wp-content\\\/uploads\\\/2024\\\/04\\\/neza-4.jpg\",\"width\":1280,\"height\":777},{\"@type\":\"BreadcrumbList\",\"@id\":\"https:\\\/\\\/redamlo.com\\\/index.php\\\/2024\\\/04\\\/29\\\/da-banderazo-de-inicio-a-su-campana-susana-estrada-candidata-a-diputada-por-morena-en-nezahualcoyotl\\\/#breadcrumb\",\"itemListElement\":[{\"@type\":\"ListItem\",\"position\":1,\"name\":\"Inicio\",\"item\":\"https:\\\/\\\/redamlo.com\\\/\"},{\"@type\":\"ListItem\",\"position\":2,\"name\":\"Da banderazo de inicio a su campa\u00f1a Susana Estrada, candidata a diputada por Morena en Nezahualc\u00f3yotl\"}]},{\"@type\":\"WebSite\",\"@id\":\"https:\\\/\\\/redamlo.com\\\/#website\",\"url\":\"https:\\\/\\\/redamlo.com\\\/\",\"name\":\"NOTICIAS DE LA 4T\",\"description\":\"\",\"publisher\":{\"@id\":\"https:\\\/\\\/redamlo.com\\\/#organization\"},\"potentialAction\":[{\"@type\":\"SearchAction\",\"target\":{\"@type\":\"EntryPoint\",\"urlTemplate\":\"https:\\\/\\\/redamlo.com\\\/?s={search_term_string}\"},\"query-input\":{\"@type\":\"PropertyValueSpecification\",\"valueRequired\":true,\"valueName\":\"search_term_string\"}}],\"inLanguage\":\"es\"},{\"@type\":\"Organization\",\"@id\":\"https:\\\/\\\/redamlo.com\\\/#organization\",\"name\":\"NOTICIAS DE LA 4T\",\"url\":\"https:\\\/\\\/redamlo.com\\\/\",\"logo\":{\"@type\":\"ImageObject\",\"inLanguage\":\"es\",\"@id\":\"https:\\\/\\\/redamlo.com\\\/#\\\/schema\\\/logo\\\/image\\\/\",\"url\":\"https:\\\/\\\/redamlo.com\\\/wp-content\\\/uploads\\\/2024\\\/08\\\/cropped-RED-AMLO-logo-50.png\",\"contentUrl\":\"https:\\\/\\\/redamlo.com\\\/wp-content\\\/uploads\\\/2024\\\/08\\\/cropped-RED-AMLO-logo-50.png\",\"width\":256,\"height\":256,\"caption\":\"NOTICIAS DE LA 4T\"},\"image\":{\"@id\":\"https:\\\/\\\/redamlo.com\\\/#\\\/schema\\\/logo\\\/image\\\/\"}},{\"@type\":\"Person\",\"@id\":\"https:\\\/\\\/redamlo.com\\\/#\\\/schema\\\/person\\\/197a0a670d21b1f4f1483ddda1b64613\",\"name\":\"admin\",\"image\":{\"@type\":\"ImageObject\",\"inLanguage\":\"es\",\"@id\":\"https:\\\/\\\/secure.gravatar.com\\\/avatar\\\/293dccd927043f2e641da6685c2f84009782eb9ee0054daceada4e261ded849a?s=96&d=mm&r=g\",\"url\":\"https:\\\/\\\/secure.gravatar.com\\\/avatar\\\/293dccd927043f2e641da6685c2f84009782eb9ee0054daceada4e261ded849a?s=96&d=mm&r=g\",\"contentUrl\":\"https:\\\/\\\/secure.gravatar.com\\\/avatar\\\/293dccd927043f2e641da6685c2f84009782eb9ee0054daceada4e261ded849a?s=96&d=mm&r=g\",\"caption\":\"admin\"},\"sameAs\":[\"https:\\\/\\\/redamlo.com\"],\"url\":\"https:\\\/\\\/redamlo.com\\\/index.php\\\/author\\\/stell\\\/\"}]}<\/script>\n<!-- \/ Yoast SEO plugin. -->","yoast_head_json":{"title":"Da banderazo de inicio a su campa\u00f1a Susana Estrada, candidata a diputada por Morena en Nezahualc\u00f3yotl - NOTICIAS DE LA 4T","robots":{"index":"noindex","follow":"follow","max-snippet":"max-snippet:-1","max-image-preview":"max-image-preview:large","max-video-preview":"max-video-preview:-1"},"og_locale":"es_MX","og_type":"article","og_title":"Da banderazo de inicio a su campa\u00f1a Susana Estrada, candidata a diputada por Morena en Nezahualc\u00f3yotl - NOTICIAS DE LA 4T","og_description":"En el inicio de su campa\u00f1a como candidata de Morena a diputada local, por el...","og_url":"https:\/\/redamlo.com\/index.php\/2024\/04\/29\/da-banderazo-de-inicio-a-su-campana-susana-estrada-candidata-a-diputada-por-morena-en-nezahualcoyotl\/","og_site_name":"NOTICIAS DE LA 4T","article_published_time":"2024-04-30T02:34:06+00:00","og_image":[{"width":1280,"height":777,"url":"https:\/\/redamlo.com\/wp-content\/uploads\/2024\/04\/neza-4.jpg","type":"image\/jpeg"}],"author":"admin","twitter_card":"summary_large_image","twitter_misc":{"Escrito por":"admin","Tiempo de lectura":"3 minutos"},"schema":{"@context":"https:\/\/schema.org","@graph":[{"@type":"Article","@id":"https:\/\/redamlo.com\/index.php\/2024\/04\/29\/da-banderazo-de-inicio-a-su-campana-susana-estrada-candidata-a-diputada-por-morena-en-nezahualcoyotl\/#article","isPartOf":{"@id":"https:\/\/redamlo.com\/index.php\/2024\/04\/29\/da-banderazo-de-inicio-a-su-campana-susana-estrada-candidata-a-diputada-por-morena-en-nezahualcoyotl\/"},"author":{"name":"admin","@id":"https:\/\/redamlo.com\/#\/schema\/person\/197a0a670d21b1f4f1483ddda1b64613"},"headline":"Da banderazo de inicio a su campa\u00f1a Susana Estrada, candidata a diputada por Morena en Nezahualc\u00f3yotl","datePublished":"2024-04-30T02:34:06+00:00","mainEntityOfPage":{"@id":"https:\/\/redamlo.com\/index.php\/2024\/04\/29\/da-banderazo-de-inicio-a-su-campana-susana-estrada-candidata-a-diputada-por-morena-en-nezahualcoyotl\/"},"wordCount":342,"commentCount":0,"publisher":{"@id":"https:\/\/redamlo.com\/#organization"},"image":{"@id":"https:\/\/redamlo.com\/index.php\/2024\/04\/29\/da-banderazo-de-inicio-a-su-campana-susana-estrada-candidata-a-diputada-por-morena-en-nezahualcoyotl\/#primaryimage"},"thumbnailUrl":"https:\/\/redamlo.com\/wp-content\/uploads\/2024\/04\/neza-4.jpg","keywords":["Morena","Nezahualc\u00f3yotl","susana estrada"],"articleSection":["Estado de M\u00e9xico","Pol\u00edtica"],"inLanguage":"es","potentialAction":[{"@type":"CommentAction","name":"Comment","target":["https:\/\/redamlo.com\/index.php\/2024\/04\/29\/da-banderazo-de-inicio-a-su-campana-susana-estrada-candidata-a-diputada-por-morena-en-nezahualcoyotl\/#respond"]}]},{"@type":"WebPage","@id":"https:\/\/redamlo.com\/index.php\/2024\/04\/29\/da-banderazo-de-inicio-a-su-campana-susana-estrada-candidata-a-diputada-por-morena-en-nezahualcoyotl\/","url":"https:\/\/redamlo.com\/index.php\/2024\/04\/29\/da-banderazo-de-inicio-a-su-campana-susana-estrada-candidata-a-diputada-por-morena-en-nezahualcoyotl\/","name":"Da banderazo de inicio a su campa\u00f1a Susana Estrada, candidata a diputada por Morena en Nezahualc\u00f3yotl - NOTICIAS DE LA 4T","isPartOf":{"@id":"https:\/\/redamlo.com\/#website"},"primaryImageOfPage":{"@id":"https:\/\/redamlo.com\/index.php\/2024\/04\/29\/da-banderazo-de-inicio-a-su-campana-susana-estrada-candidata-a-diputada-por-morena-en-nezahualcoyotl\/#primaryimage"},"image":{"@id":"https:\/\/redamlo.com\/index.php\/2024\/04\/29\/da-banderazo-de-inicio-a-su-campana-susana-estrada-candidata-a-diputada-por-morena-en-nezahualcoyotl\/#primaryimage"},"thumbnailUrl":"https:\/\/redamlo.com\/wp-content\/uploads\/2024\/04\/neza-4.jpg","datePublished":"2024-04-30T02:34:06+00:00","breadcrumb":{"@id":"https:\/\/redamlo.com\/index.php\/2024\/04\/29\/da-banderazo-de-inicio-a-su-campana-susana-estrada-candidata-a-diputada-por-morena-en-nezahualcoyotl\/#breadcrumb"},"inLanguage":"es","potentialAction":[{"@type":"ReadAction","target":["https:\/\/redamlo.com\/index.php\/2024\/04\/29\/da-banderazo-de-inicio-a-su-campana-susana-estrada-candidata-a-diputada-por-morena-en-nezahualcoyotl\/"]}]},{"@type":"ImageObject","inLanguage":"es","@id":"https:\/\/redamlo.com\/index.php\/2024\/04\/29\/da-banderazo-de-inicio-a-su-campana-susana-estrada-candidata-a-diputada-por-morena-en-nezahualcoyotl\/#primaryimage","url":"https:\/\/redamlo.com\/wp-content\/uploads\/2024\/04\/neza-4.jpg","contentUrl":"https:\/\/redamlo.com\/wp-content\/uploads\/2024\/04\/neza-4.jpg","width":1280,"height":777},{"@type":"BreadcrumbList","@id":"https:\/\/redamlo.com\/index.php\/2024\/04\/29\/da-banderazo-de-inicio-a-su-campana-susana-estrada-candidata-a-diputada-por-morena-en-nezahualcoyotl\/#breadcrumb","itemListElement":[{"@type":"ListItem","position":1,"name":"Inicio","item":"https:\/\/redamlo.com\/"},{"@type":"ListItem","position":2,"name":"Da banderazo de inicio a su campa\u00f1a Susana Estrada, candidata a diputada por Morena en Nezahualc\u00f3yotl"}]},{"@type":"WebSite","@id":"https:\/\/redamlo.com\/#website","url":"https:\/\/redamlo.com\/","name":"NOTICIAS DE LA 4T","description":"","publisher":{"@id":"https:\/\/redamlo.com\/#organization"},"potentialAction":[{"@type":"SearchAction","target":{"@type":"EntryPoint","urlTemplate":"https:\/\/redamlo.com\/?s={search_term_string}"},"query-input":{"@type":"PropertyValueSpecification","valueRequired":true,"valueName":"search_term_string"}}],"inLanguage":"es"},{"@type":"Organization","@id":"https:\/\/redamlo.com\/#organization","name":"NOTICIAS DE LA 4T","url":"https:\/\/redamlo.com\/","logo":{"@type":"ImageObject","inLanguage":"es","@id":"https:\/\/redamlo.com\/#\/schema\/logo\/image\/","url":"https:\/\/redamlo.com\/wp-content\/uploads\/2024\/08\/cropped-RED-AMLO-logo-50.png","contentUrl":"https:\/\/redamlo.com\/wp-content\/uploads\/2024\/08\/cropped-RED-AMLO-logo-50.png","width":256,"height":256,"caption":"NOTICIAS DE LA 4T"},"image":{"@id":"https:\/\/redamlo.com\/#\/schema\/logo\/image\/"}},{"@type":"Person","@id":"https:\/\/redamlo.com\/#\/schema\/person\/197a0a670d21b1f4f1483ddda1b64613","name":"admin","image":{"@type":"ImageObject","inLanguage":"es","@id":"https:\/\/secure.gravatar.com\/avatar\/293dccd927043f2e641da6685c2f84009782eb9ee0054daceada4e261ded849a?s=96&d=mm&r=g","url":"https:\/\/secure.gravatar.com\/avatar\/293dccd927043f2e641da6685c2f84009782eb9ee0054daceada4e261ded849a?s=96&d=mm&r=g","contentUrl":"https:\/\/secure.gravatar.com\/avatar\/293dccd927043f2e641da6685c2f84009782eb9ee0054daceada4e261ded849a?s=96&d=mm&r=g","caption":"admin"},"sameAs":["https:\/\/redamlo.com"],"url":"https:\/\/redamlo.com\/index.php\/author\/stell\/"}]}},"_links":{"self":[{"href":"https:\/\/redamlo.com\/index.php\/wp-json\/wp\/v2\/posts\/7749","targetHints":{"allow":["GET"]}}],"collection":[{"href":"https:\/\/redamlo.com\/index.php\/wp-json\/wp\/v2\/posts"}],"about":[{"href":"https:\/\/redamlo.com\/index.php\/wp-json\/wp\/v2\/types\/post"}],"author":[{"embeddable":true,"href":"https:\/\/redamlo.com\/index.php\/wp-json\/wp\/v2\/users\/1"}],"replies":[{"embeddable":true,"href":"https:\/\/redamlo.com\/index.php\/wp-json\/wp\/v2\/comments?post=7749"}],"version-history":[{"count":0,"href":"https:\/\/redamlo.com\/index.php\/wp-json\/wp\/v2\/posts\/7749\/revisions"}],"wp:featuredmedia":[{"embeddable":true,"href":"https:\/\/redamlo.com\/index.php\/wp-json\/wp\/v2\/media\/7750"}],"wp:attachment":[{"href":"https:\/\/redamlo.com\/index.php\/wp-json\/wp\/v2\/media?parent=7749"}],"wp:term":[{"taxonomy":"category","embeddable":true,"href":"https:\/\/redamlo.com\/index.php\/wp-json\/wp\/v2\/categories?post=7749"},{"taxonomy":"post_tag","embeddable":true,"href":"https:\/\/redamlo.com\/index.php\/wp-json\/wp\/v2\/tags?post=7749"}],"curies":[{"name":"wp","href":"https:\/\/api.w.org\/{rel}","templated":true}]}}