{"id":7744,"date":"2024-04-29T15:06:33","date_gmt":"2024-04-29T21:06:33","guid":{"rendered":"https:\/\/redamlo.com\/?p=7744"},"modified":"2024-04-29T15:06:33","modified_gmt":"2024-04-29T21:06:33","slug":"candidatos-de-la-4t-carlos-rogel-y-hector-garcia-arrancan-campana-en-el-mpio-floricultor-del-villa-guerrero","status":"publish","type":"post","link":"https:\/\/redamlo.com\/index.php\/2024\/04\/29\/candidatos-de-la-4t-carlos-rogel-y-hector-garcia-arrancan-campana-en-el-mpio-floricultor-del-villa-guerrero\/","title":{"rendered":"Candidatos de la 4T Carlos Rogel y H\u00e9ctor Garc\u00eda arrancan campa\u00f1a en el Mpio. floricultor de Villa Guerrero"},"content":{"rendered":"<p>El proceso electoral 2024 definir\u00e1 nuevos diputados locales y <strong>alcaldes en los 125 Municipios del Estado de M\u00e9xico<\/strong>, siendo la entidad federativa m\u00e1s poblada de la Rep\u00fablica y por ende tendr\u00e1 destacada relevancia e influencia en la elecci\u00f3n presidencial.<\/p>\n<p><span class=\"x193iq5w xeuugli x13faqbe x1vvkbs x1xmvt09 x1lliihq x1s928wv xhkezso x1gmr53x x1cpjm7i x1fgarty x1943h6x xudqn12 x3x7a5m x6prxxf xvq8zen xo1l8bm xzsf02u x1yc453h\" dir=\"auto\">El <strong>municipio de Villa Guerrero<\/strong> es un <strong>destacado productor de flores de gran diversidad<\/strong>. La <a title=\"Floricultura\" href=\"https:\/\/es.wikipedia.org\/wiki\/Floricultura\">floricultura<\/a> es la principal actividad que ocupa a la poblaci\u00f3n, siendo el mayor impulso de la econom\u00eda regional. El desarrollo fruct\u00edfero de esta actividad se debe gracias <strong>al clima templado, suelos f\u00e9rtiles y abundante agua gracias a la cercan\u00eda con el volc\u00e1n <a title=\"Nevado de Toluca\" href=\"https:\/\/es.wikipedia.org\/wiki\/Nevado_de_Toluca\">Xinant\u00e9catl<\/a>.<\/strong><\/span><\/p>\n<p><img loading=\"lazy\" decoding=\"async\" class=\"alignnone size-medium wp-image-12853 aligncenter\" src=\"http:\/\/redcdmx.com\/wp-content\/uploads\/2024\/04\/floricultura-300x199.jpeg\" sizes=\"auto, (max-width: 300px) 100vw, 300px\" srcset=\"https:\/\/redcdmx.com\/wp-content\/uploads\/2024\/04\/floricultura-300x199.jpeg 300w, https:\/\/redcdmx.com\/wp-content\/uploads\/2024\/04\/floricultura-1024x679.jpeg 1024w, https:\/\/redcdmx.com\/wp-content\/uploads\/2024\/04\/floricultura-768x509.jpeg 768w, https:\/\/redcdmx.com\/wp-content\/uploads\/2024\/04\/floricultura.jpeg 1080w\" alt=\"\" width=\"300\" height=\"199\" \/><\/p>\n<p>El abanderado del <strong>Partido Verde-Morena-PT<\/strong> es <strong><a href=\"https:\/\/www.facebook.com\/photo\/?fbid=899570122181328&amp;set=a.469803188491359\">Carlos Rogel Guadarrama<\/a>, destacado <\/strong><strong>floricultor que conoce de primera mano las necesidades del sector y su proyecto pol\u00edtico busca generar pol\u00edticas p\u00fablicas que fortalezcan el sector econ\u00f3mico primario de Villa Guerrero.<\/strong><img loading=\"lazy\" decoding=\"async\" class=\"x1bwycvy x193iq5w x4fas0m x19kjcj4 aligncenter\" src=\"https:\/\/scontent.fmex26-1.fna.fbcdn.net\/v\/t39.30808-6\/440751537_899570228847984_7470773889826554793_n.jpg?_nc_cat=105&amp;ccb=1-7&amp;_nc_sid=5f2048&amp;_nc_ohc=dywwOX57q94Q7kNvgGRQ-1t&amp;_nc_ht=scontent.fmex26-1.fna&amp;oh=00_AfDydVRQfBPUMkrU_gz460ffBEKybJBUHiYr3j-MnEErEg&amp;oe=6635EBA0\" alt=\"Puede ser una imagen de 1 persona y texto que dice &quot;morena VERDE VERDEL PT 50000EMEI0O CARI OXV Rogel HONESTIDAD, TRABAJO Y RESULTADOS CANDIDATO A PRESIDENTE MUNICIPAL DE VILLA GUERRERO&quot;\" width=\"589\" height=\"218\" data-visualcompletion=\"media-vc-image\" \/><\/p>\n<p>&nbsp;<\/p>\n<p>En el evento de su inicio de campa\u00f1a estuvo acompa\u00f1ado del candidato a diputado, <a href=\"https:\/\/www.facebook.com\/hectorgarciagon\"><strong>H\u00e9ctor Ra\u00fal Garc\u00eda Gonz\u00e1lez<\/strong><\/a> correspondiente al <strong>distrito 07 que abarca los Municipios de Villa Guerrero, Malinalco, Tenango del Valle, Tenancingo, Joquicingo y Zumpahuacan. Durante su participaci\u00f3n asegur\u00f3 que trabajar\u00e1 desde el Poder Legislativo del Estado de M\u00e9xico en respaldo de los floricultores.<br \/>\n<\/strong><\/p>\n<p>&nbsp;<\/p>\n<p>&nbsp;<\/p>\n<figure class=\"wp-caption aligncenter\"><img loading=\"lazy\" decoding=\"async\" class=\"x1bwycvy x193iq5w x4fas0m x19kjcj4\" src=\"https:\/\/scontent.fmex22-1.fna.fbcdn.net\/v\/t39.30808-6\/440408088_883419267160444_4257828598362451622_n.jpg?_nc_cat=104&amp;ccb=1-7&amp;_nc_sid=5f2048&amp;_nc_ohc=SEDj_Ha8ae0Q7kNvgF5_Ghz&amp;_nc_ht=scontent.fmex22-1.fna&amp;oh=00_AfB-TIvJpsy094t9P9dQeCEWVsj5jB9LMZscBXmRbjb_Mw&amp;oe=6635E8F7\" alt=\"Puede ser una imagen de 1 persona y texto que dice &quot;morena \u6240\u30d3 morena VERDE IERDE WERDE [\uc8708l ERDI&quot;\" width=\"551\" height=\"367\" data-visualcompletion=\"media-vc-image\" \/><figcaption class=\"wp-caption-text\">Candidato H\u00e9ctor R\u00e1ul Garc\u00eda Gonz\u00e1lez del Partido Verde por el distrito 07 en el Estado de M\u00e9xico<\/figcaption><\/figure>\n<p>El abanderado de la cuarta transformaci\u00f3n contender\u00e1 frente a <a href=\"https:\/\/www.facebook.com\/TitoMayadelaCruz\">Tito Maya de la Cruz<\/a>, abanderado del PRD-PRI-PAN-NA quien tambi\u00e9n dio inicio a su campa\u00f1a, as\u00ed como el abanderado de MC, <a href=\"https:\/\/www.facebook.com\/PacoLugo24\">Francisco Lugo Mill\u00e1n<\/a>.<\/p>\n","protected":false},"excerpt":{"rendered":"<p>El proceso electoral 2024 definir\u00e1 nuevos diputados locales y alcaldes en los 125 Municipios del&#8230;<\/p>\n","protected":false},"author":1,"featured_media":7745,"comment_status":"open","ping_status":"closed","sticky":false,"template":"","format":"standard","meta":{"footnotes":""},"categories":[25],"tags":[190,2673,442,59,2674,2675],"class_list":["post-7744","post","type-post","status-publish","format-standard","has-post-thumbnail","hentry","category-4t","tag-4t","tag-carlos-rogel","tag-cuarta-transformacion","tag-edomex","tag-hector-garcia","tag-villa-guerrero"],"yoast_head":"<!-- This site is optimized with the Yoast SEO plugin v27.5 - https:\/\/yoast.com\/product\/yoast-seo-wordpress\/ -->\n<title>Candidatos de la 4T Carlos Rogel y H\u00e9ctor Garc\u00eda arrancan campa\u00f1a en el Mpio. floricultor de Villa Guerrero - NOTICIAS DE LA 4T<\/title>\n<meta name=\"robots\" content=\"noindex, follow, max-snippet:-1, max-image-preview:large, max-video-preview:-1\" \/>\n<meta property=\"og:locale\" content=\"es_MX\" \/>\n<meta property=\"og:type\" content=\"article\" \/>\n<meta property=\"og:title\" content=\"Candidatos de la 4T Carlos Rogel y H\u00e9ctor Garc\u00eda arrancan campa\u00f1a en el Mpio. floricultor de Villa Guerrero - NOTICIAS DE LA 4T\" \/>\n<meta property=\"og:description\" content=\"El proceso electoral 2024 definir\u00e1 nuevos diputados locales y alcaldes en los 125 Municipios del...\" \/>\n<meta property=\"og:url\" content=\"https:\/\/redamlo.com\/index.php\/2024\/04\/29\/candidatos-de-la-4t-carlos-rogel-y-hector-garcia-arrancan-campana-en-el-mpio-floricultor-del-villa-guerrero\/\" \/>\n<meta property=\"og:site_name\" content=\"NOTICIAS DE LA 4T\" \/>\n<meta property=\"article:published_time\" content=\"2024-04-29T21:06:33+00:00\" \/>\n<meta property=\"og:image\" content=\"https:\/\/redamlo.com\/wp-content\/uploads\/2024\/04\/White-Tips-Mistakes-Learnings-You-Tube-Thumbnail27.png\" \/>\n\t<meta property=\"og:image:width\" content=\"1280\" \/>\n\t<meta property=\"og:image:height\" content=\"720\" \/>\n\t<meta property=\"og:image:type\" content=\"image\/png\" \/>\n<meta name=\"author\" content=\"admin\" \/>\n<meta name=\"twitter:card\" content=\"summary_large_image\" \/>\n<meta name=\"twitter:label1\" content=\"Escrito por\" \/>\n\t<meta name=\"twitter:data1\" content=\"admin\" \/>\n\t<meta name=\"twitter:label2\" content=\"Tiempo de lectura\" \/>\n\t<meta name=\"twitter:data2\" content=\"2 minutos\" \/>\n<script type=\"application\/ld+json\" class=\"yoast-schema-graph\">{\"@context\":\"https:\\\/\\\/schema.org\",\"@graph\":[{\"@type\":\"Article\",\"@id\":\"https:\\\/\\\/redamlo.com\\\/index.php\\\/2024\\\/04\\\/29\\\/candidatos-de-la-4t-carlos-rogel-y-hector-garcia-arrancan-campana-en-el-mpio-floricultor-del-villa-guerrero\\\/#article\",\"isPartOf\":{\"@id\":\"https:\\\/\\\/redamlo.com\\\/index.php\\\/2024\\\/04\\\/29\\\/candidatos-de-la-4t-carlos-rogel-y-hector-garcia-arrancan-campana-en-el-mpio-floricultor-del-villa-guerrero\\\/\"},\"author\":{\"name\":\"admin\",\"@id\":\"https:\\\/\\\/redamlo.com\\\/#\\\/schema\\\/person\\\/197a0a670d21b1f4f1483ddda1b64613\"},\"headline\":\"Candidatos de la 4T Carlos Rogel y H\u00e9ctor Garc\u00eda arrancan campa\u00f1a en el Mpio. floricultor de Villa Guerrero\",\"datePublished\":\"2024-04-29T21:06:33+00:00\",\"mainEntityOfPage\":{\"@id\":\"https:\\\/\\\/redamlo.com\\\/index.php\\\/2024\\\/04\\\/29\\\/candidatos-de-la-4t-carlos-rogel-y-hector-garcia-arrancan-campana-en-el-mpio-floricultor-del-villa-guerrero\\\/\"},\"wordCount\":292,\"commentCount\":0,\"publisher\":{\"@id\":\"https:\\\/\\\/redamlo.com\\\/#organization\"},\"image\":{\"@id\":\"https:\\\/\\\/redamlo.com\\\/index.php\\\/2024\\\/04\\\/29\\\/candidatos-de-la-4t-carlos-rogel-y-hector-garcia-arrancan-campana-en-el-mpio-floricultor-del-villa-guerrero\\\/#primaryimage\"},\"thumbnailUrl\":\"https:\\\/\\\/redamlo.com\\\/wp-content\\\/uploads\\\/2024\\\/04\\\/White-Tips-Mistakes-Learnings-You-Tube-Thumbnail27.png\",\"keywords\":[\"4T\",\"Carlos Rogel\",\"Cuarta Transformaci\u00f3n\",\"edomex\",\"H\u00e9ctor Garc\u00eda\",\"Villa Guerrero\"],\"articleSection\":[\"4T\"],\"inLanguage\":\"es\",\"potentialAction\":[{\"@type\":\"CommentAction\",\"name\":\"Comment\",\"target\":[\"https:\\\/\\\/redamlo.com\\\/index.php\\\/2024\\\/04\\\/29\\\/candidatos-de-la-4t-carlos-rogel-y-hector-garcia-arrancan-campana-en-el-mpio-floricultor-del-villa-guerrero\\\/#respond\"]}]},{\"@type\":\"WebPage\",\"@id\":\"https:\\\/\\\/redamlo.com\\\/index.php\\\/2024\\\/04\\\/29\\\/candidatos-de-la-4t-carlos-rogel-y-hector-garcia-arrancan-campana-en-el-mpio-floricultor-del-villa-guerrero\\\/\",\"url\":\"https:\\\/\\\/redamlo.com\\\/index.php\\\/2024\\\/04\\\/29\\\/candidatos-de-la-4t-carlos-rogel-y-hector-garcia-arrancan-campana-en-el-mpio-floricultor-del-villa-guerrero\\\/\",\"name\":\"Candidatos de la 4T Carlos Rogel y H\u00e9ctor Garc\u00eda arrancan campa\u00f1a en el Mpio. floricultor de Villa Guerrero - NOTICIAS DE LA 4T\",\"isPartOf\":{\"@id\":\"https:\\\/\\\/redamlo.com\\\/#website\"},\"primaryImageOfPage\":{\"@id\":\"https:\\\/\\\/redamlo.com\\\/index.php\\\/2024\\\/04\\\/29\\\/candidatos-de-la-4t-carlos-rogel-y-hector-garcia-arrancan-campana-en-el-mpio-floricultor-del-villa-guerrero\\\/#primaryimage\"},\"image\":{\"@id\":\"https:\\\/\\\/redamlo.com\\\/index.php\\\/2024\\\/04\\\/29\\\/candidatos-de-la-4t-carlos-rogel-y-hector-garcia-arrancan-campana-en-el-mpio-floricultor-del-villa-guerrero\\\/#primaryimage\"},\"thumbnailUrl\":\"https:\\\/\\\/redamlo.com\\\/wp-content\\\/uploads\\\/2024\\\/04\\\/White-Tips-Mistakes-Learnings-You-Tube-Thumbnail27.png\",\"datePublished\":\"2024-04-29T21:06:33+00:00\",\"breadcrumb\":{\"@id\":\"https:\\\/\\\/redamlo.com\\\/index.php\\\/2024\\\/04\\\/29\\\/candidatos-de-la-4t-carlos-rogel-y-hector-garcia-arrancan-campana-en-el-mpio-floricultor-del-villa-guerrero\\\/#breadcrumb\"},\"inLanguage\":\"es\",\"potentialAction\":[{\"@type\":\"ReadAction\",\"target\":[\"https:\\\/\\\/redamlo.com\\\/index.php\\\/2024\\\/04\\\/29\\\/candidatos-de-la-4t-carlos-rogel-y-hector-garcia-arrancan-campana-en-el-mpio-floricultor-del-villa-guerrero\\\/\"]}]},{\"@type\":\"ImageObject\",\"inLanguage\":\"es\",\"@id\":\"https:\\\/\\\/redamlo.com\\\/index.php\\\/2024\\\/04\\\/29\\\/candidatos-de-la-4t-carlos-rogel-y-hector-garcia-arrancan-campana-en-el-mpio-floricultor-del-villa-guerrero\\\/#primaryimage\",\"url\":\"https:\\\/\\\/redamlo.com\\\/wp-content\\\/uploads\\\/2024\\\/04\\\/White-Tips-Mistakes-Learnings-You-Tube-Thumbnail27.png\",\"contentUrl\":\"https:\\\/\\\/redamlo.com\\\/wp-content\\\/uploads\\\/2024\\\/04\\\/White-Tips-Mistakes-Learnings-You-Tube-Thumbnail27.png\",\"width\":1280,\"height\":720},{\"@type\":\"BreadcrumbList\",\"@id\":\"https:\\\/\\\/redamlo.com\\\/index.php\\\/2024\\\/04\\\/29\\\/candidatos-de-la-4t-carlos-rogel-y-hector-garcia-arrancan-campana-en-el-mpio-floricultor-del-villa-guerrero\\\/#breadcrumb\",\"itemListElement\":[{\"@type\":\"ListItem\",\"position\":1,\"name\":\"Inicio\",\"item\":\"https:\\\/\\\/redamlo.com\\\/\"},{\"@type\":\"ListItem\",\"position\":2,\"name\":\"Candidatos de la 4T Carlos Rogel y H\u00e9ctor Garc\u00eda arrancan campa\u00f1a en el Mpio. floricultor de Villa Guerrero\"}]},{\"@type\":\"WebSite\",\"@id\":\"https:\\\/\\\/redamlo.com\\\/#website\",\"url\":\"https:\\\/\\\/redamlo.com\\\/\",\"name\":\"NOTICIAS DE LA 4T\",\"description\":\"\",\"publisher\":{\"@id\":\"https:\\\/\\\/redamlo.com\\\/#organization\"},\"potentialAction\":[{\"@type\":\"SearchAction\",\"target\":{\"@type\":\"EntryPoint\",\"urlTemplate\":\"https:\\\/\\\/redamlo.com\\\/?s={search_term_string}\"},\"query-input\":{\"@type\":\"PropertyValueSpecification\",\"valueRequired\":true,\"valueName\":\"search_term_string\"}}],\"inLanguage\":\"es\"},{\"@type\":\"Organization\",\"@id\":\"https:\\\/\\\/redamlo.com\\\/#organization\",\"name\":\"NOTICIAS DE LA 4T\",\"url\":\"https:\\\/\\\/redamlo.com\\\/\",\"logo\":{\"@type\":\"ImageObject\",\"inLanguage\":\"es\",\"@id\":\"https:\\\/\\\/redamlo.com\\\/#\\\/schema\\\/logo\\\/image\\\/\",\"url\":\"https:\\\/\\\/redamlo.com\\\/wp-content\\\/uploads\\\/2024\\\/08\\\/cropped-RED-AMLO-logo-50.png\",\"contentUrl\":\"https:\\\/\\\/redamlo.com\\\/wp-content\\\/uploads\\\/2024\\\/08\\\/cropped-RED-AMLO-logo-50.png\",\"width\":256,\"height\":256,\"caption\":\"NOTICIAS DE LA 4T\"},\"image\":{\"@id\":\"https:\\\/\\\/redamlo.com\\\/#\\\/schema\\\/logo\\\/image\\\/\"}},{\"@type\":\"Person\",\"@id\":\"https:\\\/\\\/redamlo.com\\\/#\\\/schema\\\/person\\\/197a0a670d21b1f4f1483ddda1b64613\",\"name\":\"admin\",\"image\":{\"@type\":\"ImageObject\",\"inLanguage\":\"es\",\"@id\":\"https:\\\/\\\/secure.gravatar.com\\\/avatar\\\/293dccd927043f2e641da6685c2f84009782eb9ee0054daceada4e261ded849a?s=96&d=mm&r=g\",\"url\":\"https:\\\/\\\/secure.gravatar.com\\\/avatar\\\/293dccd927043f2e641da6685c2f84009782eb9ee0054daceada4e261ded849a?s=96&d=mm&r=g\",\"contentUrl\":\"https:\\\/\\\/secure.gravatar.com\\\/avatar\\\/293dccd927043f2e641da6685c2f84009782eb9ee0054daceada4e261ded849a?s=96&d=mm&r=g\",\"caption\":\"admin\"},\"sameAs\":[\"https:\\\/\\\/redamlo.com\"],\"url\":\"https:\\\/\\\/redamlo.com\\\/index.php\\\/author\\\/stell\\\/\"}]}<\/script>\n<!-- \/ Yoast SEO plugin. -->","yoast_head_json":{"title":"Candidatos de la 4T Carlos Rogel y H\u00e9ctor Garc\u00eda arrancan campa\u00f1a en el Mpio. floricultor de Villa Guerrero - NOTICIAS DE LA 4T","robots":{"index":"noindex","follow":"follow","max-snippet":"max-snippet:-1","max-image-preview":"max-image-preview:large","max-video-preview":"max-video-preview:-1"},"og_locale":"es_MX","og_type":"article","og_title":"Candidatos de la 4T Carlos Rogel y H\u00e9ctor Garc\u00eda arrancan campa\u00f1a en el Mpio. floricultor de Villa Guerrero - NOTICIAS DE LA 4T","og_description":"El proceso electoral 2024 definir\u00e1 nuevos diputados locales y alcaldes en los 125 Municipios del...","og_url":"https:\/\/redamlo.com\/index.php\/2024\/04\/29\/candidatos-de-la-4t-carlos-rogel-y-hector-garcia-arrancan-campana-en-el-mpio-floricultor-del-villa-guerrero\/","og_site_name":"NOTICIAS DE LA 4T","article_published_time":"2024-04-29T21:06:33+00:00","og_image":[{"width":1280,"height":720,"url":"https:\/\/redamlo.com\/wp-content\/uploads\/2024\/04\/White-Tips-Mistakes-Learnings-You-Tube-Thumbnail27.png","type":"image\/png"}],"author":"admin","twitter_card":"summary_large_image","twitter_misc":{"Escrito por":"admin","Tiempo de lectura":"2 minutos"},"schema":{"@context":"https:\/\/schema.org","@graph":[{"@type":"Article","@id":"https:\/\/redamlo.com\/index.php\/2024\/04\/29\/candidatos-de-la-4t-carlos-rogel-y-hector-garcia-arrancan-campana-en-el-mpio-floricultor-del-villa-guerrero\/#article","isPartOf":{"@id":"https:\/\/redamlo.com\/index.php\/2024\/04\/29\/candidatos-de-la-4t-carlos-rogel-y-hector-garcia-arrancan-campana-en-el-mpio-floricultor-del-villa-guerrero\/"},"author":{"name":"admin","@id":"https:\/\/redamlo.com\/#\/schema\/person\/197a0a670d21b1f4f1483ddda1b64613"},"headline":"Candidatos de la 4T Carlos Rogel y H\u00e9ctor Garc\u00eda arrancan campa\u00f1a en el Mpio. floricultor de Villa Guerrero","datePublished":"2024-04-29T21:06:33+00:00","mainEntityOfPage":{"@id":"https:\/\/redamlo.com\/index.php\/2024\/04\/29\/candidatos-de-la-4t-carlos-rogel-y-hector-garcia-arrancan-campana-en-el-mpio-floricultor-del-villa-guerrero\/"},"wordCount":292,"commentCount":0,"publisher":{"@id":"https:\/\/redamlo.com\/#organization"},"image":{"@id":"https:\/\/redamlo.com\/index.php\/2024\/04\/29\/candidatos-de-la-4t-carlos-rogel-y-hector-garcia-arrancan-campana-en-el-mpio-floricultor-del-villa-guerrero\/#primaryimage"},"thumbnailUrl":"https:\/\/redamlo.com\/wp-content\/uploads\/2024\/04\/White-Tips-Mistakes-Learnings-You-Tube-Thumbnail27.png","keywords":["4T","Carlos Rogel","Cuarta Transformaci\u00f3n","edomex","H\u00e9ctor Garc\u00eda","Villa Guerrero"],"articleSection":["4T"],"inLanguage":"es","potentialAction":[{"@type":"CommentAction","name":"Comment","target":["https:\/\/redamlo.com\/index.php\/2024\/04\/29\/candidatos-de-la-4t-carlos-rogel-y-hector-garcia-arrancan-campana-en-el-mpio-floricultor-del-villa-guerrero\/#respond"]}]},{"@type":"WebPage","@id":"https:\/\/redamlo.com\/index.php\/2024\/04\/29\/candidatos-de-la-4t-carlos-rogel-y-hector-garcia-arrancan-campana-en-el-mpio-floricultor-del-villa-guerrero\/","url":"https:\/\/redamlo.com\/index.php\/2024\/04\/29\/candidatos-de-la-4t-carlos-rogel-y-hector-garcia-arrancan-campana-en-el-mpio-floricultor-del-villa-guerrero\/","name":"Candidatos de la 4T Carlos Rogel y H\u00e9ctor Garc\u00eda arrancan campa\u00f1a en el Mpio. floricultor de Villa Guerrero - NOTICIAS DE LA 4T","isPartOf":{"@id":"https:\/\/redamlo.com\/#website"},"primaryImageOfPage":{"@id":"https:\/\/redamlo.com\/index.php\/2024\/04\/29\/candidatos-de-la-4t-carlos-rogel-y-hector-garcia-arrancan-campana-en-el-mpio-floricultor-del-villa-guerrero\/#primaryimage"},"image":{"@id":"https:\/\/redamlo.com\/index.php\/2024\/04\/29\/candidatos-de-la-4t-carlos-rogel-y-hector-garcia-arrancan-campana-en-el-mpio-floricultor-del-villa-guerrero\/#primaryimage"},"thumbnailUrl":"https:\/\/redamlo.com\/wp-content\/uploads\/2024\/04\/White-Tips-Mistakes-Learnings-You-Tube-Thumbnail27.png","datePublished":"2024-04-29T21:06:33+00:00","breadcrumb":{"@id":"https:\/\/redamlo.com\/index.php\/2024\/04\/29\/candidatos-de-la-4t-carlos-rogel-y-hector-garcia-arrancan-campana-en-el-mpio-floricultor-del-villa-guerrero\/#breadcrumb"},"inLanguage":"es","potentialAction":[{"@type":"ReadAction","target":["https:\/\/redamlo.com\/index.php\/2024\/04\/29\/candidatos-de-la-4t-carlos-rogel-y-hector-garcia-arrancan-campana-en-el-mpio-floricultor-del-villa-guerrero\/"]}]},{"@type":"ImageObject","inLanguage":"es","@id":"https:\/\/redamlo.com\/index.php\/2024\/04\/29\/candidatos-de-la-4t-carlos-rogel-y-hector-garcia-arrancan-campana-en-el-mpio-floricultor-del-villa-guerrero\/#primaryimage","url":"https:\/\/redamlo.com\/wp-content\/uploads\/2024\/04\/White-Tips-Mistakes-Learnings-You-Tube-Thumbnail27.png","contentUrl":"https:\/\/redamlo.com\/wp-content\/uploads\/2024\/04\/White-Tips-Mistakes-Learnings-You-Tube-Thumbnail27.png","width":1280,"height":720},{"@type":"BreadcrumbList","@id":"https:\/\/redamlo.com\/index.php\/2024\/04\/29\/candidatos-de-la-4t-carlos-rogel-y-hector-garcia-arrancan-campana-en-el-mpio-floricultor-del-villa-guerrero\/#breadcrumb","itemListElement":[{"@type":"ListItem","position":1,"name":"Inicio","item":"https:\/\/redamlo.com\/"},{"@type":"ListItem","position":2,"name":"Candidatos de la 4T Carlos Rogel y H\u00e9ctor Garc\u00eda arrancan campa\u00f1a en el Mpio. floricultor de Villa Guerrero"}]},{"@type":"WebSite","@id":"https:\/\/redamlo.com\/#website","url":"https:\/\/redamlo.com\/","name":"NOTICIAS DE LA 4T","description":"","publisher":{"@id":"https:\/\/redamlo.com\/#organization"},"potentialAction":[{"@type":"SearchAction","target":{"@type":"EntryPoint","urlTemplate":"https:\/\/redamlo.com\/?s={search_term_string}"},"query-input":{"@type":"PropertyValueSpecification","valueRequired":true,"valueName":"search_term_string"}}],"inLanguage":"es"},{"@type":"Organization","@id":"https:\/\/redamlo.com\/#organization","name":"NOTICIAS DE LA 4T","url":"https:\/\/redamlo.com\/","logo":{"@type":"ImageObject","inLanguage":"es","@id":"https:\/\/redamlo.com\/#\/schema\/logo\/image\/","url":"https:\/\/redamlo.com\/wp-content\/uploads\/2024\/08\/cropped-RED-AMLO-logo-50.png","contentUrl":"https:\/\/redamlo.com\/wp-content\/uploads\/2024\/08\/cropped-RED-AMLO-logo-50.png","width":256,"height":256,"caption":"NOTICIAS DE LA 4T"},"image":{"@id":"https:\/\/redamlo.com\/#\/schema\/logo\/image\/"}},{"@type":"Person","@id":"https:\/\/redamlo.com\/#\/schema\/person\/197a0a670d21b1f4f1483ddda1b64613","name":"admin","image":{"@type":"ImageObject","inLanguage":"es","@id":"https:\/\/secure.gravatar.com\/avatar\/293dccd927043f2e641da6685c2f84009782eb9ee0054daceada4e261ded849a?s=96&d=mm&r=g","url":"https:\/\/secure.gravatar.com\/avatar\/293dccd927043f2e641da6685c2f84009782eb9ee0054daceada4e261ded849a?s=96&d=mm&r=g","contentUrl":"https:\/\/secure.gravatar.com\/avatar\/293dccd927043f2e641da6685c2f84009782eb9ee0054daceada4e261ded849a?s=96&d=mm&r=g","caption":"admin"},"sameAs":["https:\/\/redamlo.com"],"url":"https:\/\/redamlo.com\/index.php\/author\/stell\/"}]}},"_links":{"self":[{"href":"https:\/\/redamlo.com\/index.php\/wp-json\/wp\/v2\/posts\/7744","targetHints":{"allow":["GET"]}}],"collection":[{"href":"https:\/\/redamlo.com\/index.php\/wp-json\/wp\/v2\/posts"}],"about":[{"href":"https:\/\/redamlo.com\/index.php\/wp-json\/wp\/v2\/types\/post"}],"author":[{"embeddable":true,"href":"https:\/\/redamlo.com\/index.php\/wp-json\/wp\/v2\/users\/1"}],"replies":[{"embeddable":true,"href":"https:\/\/redamlo.com\/index.php\/wp-json\/wp\/v2\/comments?post=7744"}],"version-history":[{"count":0,"href":"https:\/\/redamlo.com\/index.php\/wp-json\/wp\/v2\/posts\/7744\/revisions"}],"wp:featuredmedia":[{"embeddable":true,"href":"https:\/\/redamlo.com\/index.php\/wp-json\/wp\/v2\/media\/7745"}],"wp:attachment":[{"href":"https:\/\/redamlo.com\/index.php\/wp-json\/wp\/v2\/media?parent=7744"}],"wp:term":[{"taxonomy":"category","embeddable":true,"href":"https:\/\/redamlo.com\/index.php\/wp-json\/wp\/v2\/categories?post=7744"},{"taxonomy":"post_tag","embeddable":true,"href":"https:\/\/redamlo.com\/index.php\/wp-json\/wp\/v2\/tags?post=7744"}],"curies":[{"name":"wp","href":"https:\/\/api.w.org\/{rel}","templated":true}]}}