{"id":7741,"date":"2024-04-28T10:47:53","date_gmt":"2024-04-28T16:47:53","guid":{"rendered":"https:\/\/redamlo.com\/?p=7741"},"modified":"2024-04-28T10:47:53","modified_gmt":"2024-04-28T16:47:53","slug":"gobierno-de-amlo-decreto-43-nuevas-areas-naturales-protegidas-mas-de-tres-millones-de-hectareas-son-anp","status":"publish","type":"post","link":"https:\/\/redamlo.com\/index.php\/2024\/04\/28\/gobierno-de-amlo-decreto-43-nuevas-areas-naturales-protegidas-mas-de-tres-millones-de-hectareas-son-anp\/","title":{"rendered":"Gobierno de AMLO decret\u00f3 43 nuevas \u00e1reas naturales protegidas; M\u00e1s de tres millones de hect\u00e1reas son ANP"},"content":{"rendered":"<p>El gobierno de Andr\u00e9s Manuel L\u00f3pez Obrador rebas\u00f3 a la administraci\u00f3n del general L\u00e1zaro C\u00e1rdenas del R\u00edo como la que m\u00e1s \u00e1reas naturales protegidas (ANP) ha decretado en su gesti\u00f3n, un total de 43; con lo que el pa\u00eds ya suma 225.<\/p>\n<p>En la ma\u00f1anera de este martes se dio a conocer que luego del decreto publicado ayer en el Diario Oficial de la Federaci\u00f3n (DOF) que estableci\u00f3 20 nuevas ANP, la administraci\u00f3n del tabasque\u00f1o alcanz\u00f3 43 territorios bajo ese esquema, que suman m\u00e1s de 3 millones de hect\u00e1reas.<\/p>\n<p>La titular de la Secretar\u00eda de Medio Ambiente y Recursos Naturales (Semarnat), Mar\u00eda Luisa Albores, detall\u00f3 que la administraci\u00f3n federal que hist\u00f3ricamente m\u00e1s \u00e1reas naturales protegidas hab\u00eda decretado era la del general C\u00e1rdenas, con 41; seguida de la de Ernesto Zedillo, con 30.<\/p>\n<p>Refiri\u00f3 que al iniciar el actual sexenio, el pa\u00eds contaba con 182 ANP, y cerrar\u00e1 con 225.<\/p>\n<p>La funcionaria afirm\u00f3 que estas nuevas ANP se lograron por la solicitud de la poblaci\u00f3n.<\/p>\n<p>Fuente: La Jornada<\/p>\n","protected":false},"excerpt":{"rendered":"<p>El gobierno de Andr\u00e9s Manuel L\u00f3pez Obrador rebas\u00f3 a la administraci\u00f3n del general L\u00e1zaro C\u00e1rdenas&#8230;<\/p>\n","protected":false},"author":1,"featured_media":7742,"comment_status":"open","ping_status":"closed","sticky":false,"template":"","format":"standard","meta":{"footnotes":""},"categories":[25],"tags":[84,2672],"class_list":["post-7741","post","type-post","status-publish","format-standard","has-post-thumbnail","hentry","category-4t","tag-amlo","tag-areas-naturales-protegidas"],"yoast_head":"<!-- This site is optimized with the Yoast SEO plugin v27.5 - https:\/\/yoast.com\/product\/yoast-seo-wordpress\/ -->\n<title>Gobierno de AMLO decret\u00f3 43 nuevas \u00e1reas naturales protegidas; M\u00e1s de tres millones de hect\u00e1reas son ANP - NOTICIAS DE LA 4T<\/title>\n<meta name=\"robots\" content=\"noindex, follow, max-snippet:-1, max-image-preview:large, max-video-preview:-1\" \/>\n<meta property=\"og:locale\" content=\"es_MX\" \/>\n<meta property=\"og:type\" content=\"article\" \/>\n<meta property=\"og:title\" content=\"Gobierno de AMLO decret\u00f3 43 nuevas \u00e1reas naturales protegidas; M\u00e1s de tres millones de hect\u00e1reas son ANP - NOTICIAS DE LA 4T\" \/>\n<meta property=\"og:description\" content=\"El gobierno de Andr\u00e9s Manuel L\u00f3pez Obrador rebas\u00f3 a la administraci\u00f3n del general L\u00e1zaro C\u00e1rdenas...\" \/>\n<meta property=\"og:url\" content=\"https:\/\/redamlo.com\/index.php\/2024\/04\/28\/gobierno-de-amlo-decreto-43-nuevas-areas-naturales-protegidas-mas-de-tres-millones-de-hectareas-son-anp\/\" \/>\n<meta property=\"og:site_name\" content=\"NOTICIAS DE LA 4T\" \/>\n<meta property=\"article:published_time\" content=\"2024-04-28T16:47:53+00:00\" \/>\n<meta property=\"og:image\" content=\"https:\/\/redamlo.com\/wp-content\/uploads\/2024\/04\/White-Tips-Mistakes-Learnings-You-Tube-Thumbnail26.png\" \/>\n\t<meta property=\"og:image:width\" content=\"1280\" \/>\n\t<meta property=\"og:image:height\" content=\"720\" \/>\n\t<meta property=\"og:image:type\" content=\"image\/png\" \/>\n<meta name=\"author\" content=\"admin\" \/>\n<meta name=\"twitter:card\" content=\"summary_large_image\" \/>\n<meta name=\"twitter:label1\" content=\"Escrito por\" \/>\n\t<meta name=\"twitter:data1\" content=\"admin\" \/>\n\t<meta name=\"twitter:label2\" content=\"Tiempo de lectura\" \/>\n\t<meta name=\"twitter:data2\" content=\"1 minuto\" \/>\n<script type=\"application\/ld+json\" class=\"yoast-schema-graph\">{\"@context\":\"https:\\\/\\\/schema.org\",\"@graph\":[{\"@type\":\"Article\",\"@id\":\"https:\\\/\\\/redamlo.com\\\/index.php\\\/2024\\\/04\\\/28\\\/gobierno-de-amlo-decreto-43-nuevas-areas-naturales-protegidas-mas-de-tres-millones-de-hectareas-son-anp\\\/#article\",\"isPartOf\":{\"@id\":\"https:\\\/\\\/redamlo.com\\\/index.php\\\/2024\\\/04\\\/28\\\/gobierno-de-amlo-decreto-43-nuevas-areas-naturales-protegidas-mas-de-tres-millones-de-hectareas-son-anp\\\/\"},\"author\":{\"name\":\"admin\",\"@id\":\"https:\\\/\\\/redamlo.com\\\/#\\\/schema\\\/person\\\/197a0a670d21b1f4f1483ddda1b64613\"},\"headline\":\"Gobierno de AMLO decret\u00f3 43 nuevas \u00e1reas naturales protegidas; M\u00e1s de tres millones de hect\u00e1reas son ANP\",\"datePublished\":\"2024-04-28T16:47:53+00:00\",\"mainEntityOfPage\":{\"@id\":\"https:\\\/\\\/redamlo.com\\\/index.php\\\/2024\\\/04\\\/28\\\/gobierno-de-amlo-decreto-43-nuevas-areas-naturales-protegidas-mas-de-tres-millones-de-hectareas-son-anp\\\/\"},\"wordCount\":200,\"commentCount\":0,\"publisher\":{\"@id\":\"https:\\\/\\\/redamlo.com\\\/#organization\"},\"image\":{\"@id\":\"https:\\\/\\\/redamlo.com\\\/index.php\\\/2024\\\/04\\\/28\\\/gobierno-de-amlo-decreto-43-nuevas-areas-naturales-protegidas-mas-de-tres-millones-de-hectareas-son-anp\\\/#primaryimage\"},\"thumbnailUrl\":\"https:\\\/\\\/redamlo.com\\\/wp-content\\\/uploads\\\/2024\\\/04\\\/White-Tips-Mistakes-Learnings-You-Tube-Thumbnail26.png\",\"keywords\":[\"AMLO\",\"Areas Naturales Protegidas\"],\"articleSection\":[\"4T\"],\"inLanguage\":\"es\",\"potentialAction\":[{\"@type\":\"CommentAction\",\"name\":\"Comment\",\"target\":[\"https:\\\/\\\/redamlo.com\\\/index.php\\\/2024\\\/04\\\/28\\\/gobierno-de-amlo-decreto-43-nuevas-areas-naturales-protegidas-mas-de-tres-millones-de-hectareas-son-anp\\\/#respond\"]}]},{\"@type\":\"WebPage\",\"@id\":\"https:\\\/\\\/redamlo.com\\\/index.php\\\/2024\\\/04\\\/28\\\/gobierno-de-amlo-decreto-43-nuevas-areas-naturales-protegidas-mas-de-tres-millones-de-hectareas-son-anp\\\/\",\"url\":\"https:\\\/\\\/redamlo.com\\\/index.php\\\/2024\\\/04\\\/28\\\/gobierno-de-amlo-decreto-43-nuevas-areas-naturales-protegidas-mas-de-tres-millones-de-hectareas-son-anp\\\/\",\"name\":\"Gobierno de AMLO decret\u00f3 43 nuevas \u00e1reas naturales protegidas; M\u00e1s de tres millones de hect\u00e1reas son ANP - NOTICIAS DE LA 4T\",\"isPartOf\":{\"@id\":\"https:\\\/\\\/redamlo.com\\\/#website\"},\"primaryImageOfPage\":{\"@id\":\"https:\\\/\\\/redamlo.com\\\/index.php\\\/2024\\\/04\\\/28\\\/gobierno-de-amlo-decreto-43-nuevas-areas-naturales-protegidas-mas-de-tres-millones-de-hectareas-son-anp\\\/#primaryimage\"},\"image\":{\"@id\":\"https:\\\/\\\/redamlo.com\\\/index.php\\\/2024\\\/04\\\/28\\\/gobierno-de-amlo-decreto-43-nuevas-areas-naturales-protegidas-mas-de-tres-millones-de-hectareas-son-anp\\\/#primaryimage\"},\"thumbnailUrl\":\"https:\\\/\\\/redamlo.com\\\/wp-content\\\/uploads\\\/2024\\\/04\\\/White-Tips-Mistakes-Learnings-You-Tube-Thumbnail26.png\",\"datePublished\":\"2024-04-28T16:47:53+00:00\",\"breadcrumb\":{\"@id\":\"https:\\\/\\\/redamlo.com\\\/index.php\\\/2024\\\/04\\\/28\\\/gobierno-de-amlo-decreto-43-nuevas-areas-naturales-protegidas-mas-de-tres-millones-de-hectareas-son-anp\\\/#breadcrumb\"},\"inLanguage\":\"es\",\"potentialAction\":[{\"@type\":\"ReadAction\",\"target\":[\"https:\\\/\\\/redamlo.com\\\/index.php\\\/2024\\\/04\\\/28\\\/gobierno-de-amlo-decreto-43-nuevas-areas-naturales-protegidas-mas-de-tres-millones-de-hectareas-son-anp\\\/\"]}]},{\"@type\":\"ImageObject\",\"inLanguage\":\"es\",\"@id\":\"https:\\\/\\\/redamlo.com\\\/index.php\\\/2024\\\/04\\\/28\\\/gobierno-de-amlo-decreto-43-nuevas-areas-naturales-protegidas-mas-de-tres-millones-de-hectareas-son-anp\\\/#primaryimage\",\"url\":\"https:\\\/\\\/redamlo.com\\\/wp-content\\\/uploads\\\/2024\\\/04\\\/White-Tips-Mistakes-Learnings-You-Tube-Thumbnail26.png\",\"contentUrl\":\"https:\\\/\\\/redamlo.com\\\/wp-content\\\/uploads\\\/2024\\\/04\\\/White-Tips-Mistakes-Learnings-You-Tube-Thumbnail26.png\",\"width\":1280,\"height\":720},{\"@type\":\"BreadcrumbList\",\"@id\":\"https:\\\/\\\/redamlo.com\\\/index.php\\\/2024\\\/04\\\/28\\\/gobierno-de-amlo-decreto-43-nuevas-areas-naturales-protegidas-mas-de-tres-millones-de-hectareas-son-anp\\\/#breadcrumb\",\"itemListElement\":[{\"@type\":\"ListItem\",\"position\":1,\"name\":\"Inicio\",\"item\":\"https:\\\/\\\/redamlo.com\\\/\"},{\"@type\":\"ListItem\",\"position\":2,\"name\":\"Gobierno de AMLO decret\u00f3 43 nuevas \u00e1reas naturales protegidas; M\u00e1s de tres millones de hect\u00e1reas son ANP\"}]},{\"@type\":\"WebSite\",\"@id\":\"https:\\\/\\\/redamlo.com\\\/#website\",\"url\":\"https:\\\/\\\/redamlo.com\\\/\",\"name\":\"NOTICIAS DE LA 4T\",\"description\":\"\",\"publisher\":{\"@id\":\"https:\\\/\\\/redamlo.com\\\/#organization\"},\"potentialAction\":[{\"@type\":\"SearchAction\",\"target\":{\"@type\":\"EntryPoint\",\"urlTemplate\":\"https:\\\/\\\/redamlo.com\\\/?s={search_term_string}\"},\"query-input\":{\"@type\":\"PropertyValueSpecification\",\"valueRequired\":true,\"valueName\":\"search_term_string\"}}],\"inLanguage\":\"es\"},{\"@type\":\"Organization\",\"@id\":\"https:\\\/\\\/redamlo.com\\\/#organization\",\"name\":\"NOTICIAS DE LA 4T\",\"url\":\"https:\\\/\\\/redamlo.com\\\/\",\"logo\":{\"@type\":\"ImageObject\",\"inLanguage\":\"es\",\"@id\":\"https:\\\/\\\/redamlo.com\\\/#\\\/schema\\\/logo\\\/image\\\/\",\"url\":\"https:\\\/\\\/redamlo.com\\\/wp-content\\\/uploads\\\/2024\\\/08\\\/cropped-RED-AMLO-logo-50.png\",\"contentUrl\":\"https:\\\/\\\/redamlo.com\\\/wp-content\\\/uploads\\\/2024\\\/08\\\/cropped-RED-AMLO-logo-50.png\",\"width\":256,\"height\":256,\"caption\":\"NOTICIAS DE LA 4T\"},\"image\":{\"@id\":\"https:\\\/\\\/redamlo.com\\\/#\\\/schema\\\/logo\\\/image\\\/\"}},{\"@type\":\"Person\",\"@id\":\"https:\\\/\\\/redamlo.com\\\/#\\\/schema\\\/person\\\/197a0a670d21b1f4f1483ddda1b64613\",\"name\":\"admin\",\"image\":{\"@type\":\"ImageObject\",\"inLanguage\":\"es\",\"@id\":\"https:\\\/\\\/secure.gravatar.com\\\/avatar\\\/293dccd927043f2e641da6685c2f84009782eb9ee0054daceada4e261ded849a?s=96&d=mm&r=g\",\"url\":\"https:\\\/\\\/secure.gravatar.com\\\/avatar\\\/293dccd927043f2e641da6685c2f84009782eb9ee0054daceada4e261ded849a?s=96&d=mm&r=g\",\"contentUrl\":\"https:\\\/\\\/secure.gravatar.com\\\/avatar\\\/293dccd927043f2e641da6685c2f84009782eb9ee0054daceada4e261ded849a?s=96&d=mm&r=g\",\"caption\":\"admin\"},\"sameAs\":[\"https:\\\/\\\/redamlo.com\"],\"url\":\"https:\\\/\\\/redamlo.com\\\/index.php\\\/author\\\/stell\\\/\"}]}<\/script>\n<!-- \/ Yoast SEO plugin. -->","yoast_head_json":{"title":"Gobierno de AMLO decret\u00f3 43 nuevas \u00e1reas naturales protegidas; M\u00e1s de tres millones de hect\u00e1reas son ANP - NOTICIAS DE LA 4T","robots":{"index":"noindex","follow":"follow","max-snippet":"max-snippet:-1","max-image-preview":"max-image-preview:large","max-video-preview":"max-video-preview:-1"},"og_locale":"es_MX","og_type":"article","og_title":"Gobierno de AMLO decret\u00f3 43 nuevas \u00e1reas naturales protegidas; M\u00e1s de tres millones de hect\u00e1reas son ANP - NOTICIAS DE LA 4T","og_description":"El gobierno de Andr\u00e9s Manuel L\u00f3pez Obrador rebas\u00f3 a la administraci\u00f3n del general L\u00e1zaro C\u00e1rdenas...","og_url":"https:\/\/redamlo.com\/index.php\/2024\/04\/28\/gobierno-de-amlo-decreto-43-nuevas-areas-naturales-protegidas-mas-de-tres-millones-de-hectareas-son-anp\/","og_site_name":"NOTICIAS DE LA 4T","article_published_time":"2024-04-28T16:47:53+00:00","og_image":[{"width":1280,"height":720,"url":"https:\/\/redamlo.com\/wp-content\/uploads\/2024\/04\/White-Tips-Mistakes-Learnings-You-Tube-Thumbnail26.png","type":"image\/png"}],"author":"admin","twitter_card":"summary_large_image","twitter_misc":{"Escrito por":"admin","Tiempo de lectura":"1 minuto"},"schema":{"@context":"https:\/\/schema.org","@graph":[{"@type":"Article","@id":"https:\/\/redamlo.com\/index.php\/2024\/04\/28\/gobierno-de-amlo-decreto-43-nuevas-areas-naturales-protegidas-mas-de-tres-millones-de-hectareas-son-anp\/#article","isPartOf":{"@id":"https:\/\/redamlo.com\/index.php\/2024\/04\/28\/gobierno-de-amlo-decreto-43-nuevas-areas-naturales-protegidas-mas-de-tres-millones-de-hectareas-son-anp\/"},"author":{"name":"admin","@id":"https:\/\/redamlo.com\/#\/schema\/person\/197a0a670d21b1f4f1483ddda1b64613"},"headline":"Gobierno de AMLO decret\u00f3 43 nuevas \u00e1reas naturales protegidas; M\u00e1s de tres millones de hect\u00e1reas son ANP","datePublished":"2024-04-28T16:47:53+00:00","mainEntityOfPage":{"@id":"https:\/\/redamlo.com\/index.php\/2024\/04\/28\/gobierno-de-amlo-decreto-43-nuevas-areas-naturales-protegidas-mas-de-tres-millones-de-hectareas-son-anp\/"},"wordCount":200,"commentCount":0,"publisher":{"@id":"https:\/\/redamlo.com\/#organization"},"image":{"@id":"https:\/\/redamlo.com\/index.php\/2024\/04\/28\/gobierno-de-amlo-decreto-43-nuevas-areas-naturales-protegidas-mas-de-tres-millones-de-hectareas-son-anp\/#primaryimage"},"thumbnailUrl":"https:\/\/redamlo.com\/wp-content\/uploads\/2024\/04\/White-Tips-Mistakes-Learnings-You-Tube-Thumbnail26.png","keywords":["AMLO","Areas Naturales Protegidas"],"articleSection":["4T"],"inLanguage":"es","potentialAction":[{"@type":"CommentAction","name":"Comment","target":["https:\/\/redamlo.com\/index.php\/2024\/04\/28\/gobierno-de-amlo-decreto-43-nuevas-areas-naturales-protegidas-mas-de-tres-millones-de-hectareas-son-anp\/#respond"]}]},{"@type":"WebPage","@id":"https:\/\/redamlo.com\/index.php\/2024\/04\/28\/gobierno-de-amlo-decreto-43-nuevas-areas-naturales-protegidas-mas-de-tres-millones-de-hectareas-son-anp\/","url":"https:\/\/redamlo.com\/index.php\/2024\/04\/28\/gobierno-de-amlo-decreto-43-nuevas-areas-naturales-protegidas-mas-de-tres-millones-de-hectareas-son-anp\/","name":"Gobierno de AMLO decret\u00f3 43 nuevas \u00e1reas naturales protegidas; M\u00e1s de tres millones de hect\u00e1reas son ANP - NOTICIAS DE LA 4T","isPartOf":{"@id":"https:\/\/redamlo.com\/#website"},"primaryImageOfPage":{"@id":"https:\/\/redamlo.com\/index.php\/2024\/04\/28\/gobierno-de-amlo-decreto-43-nuevas-areas-naturales-protegidas-mas-de-tres-millones-de-hectareas-son-anp\/#primaryimage"},"image":{"@id":"https:\/\/redamlo.com\/index.php\/2024\/04\/28\/gobierno-de-amlo-decreto-43-nuevas-areas-naturales-protegidas-mas-de-tres-millones-de-hectareas-son-anp\/#primaryimage"},"thumbnailUrl":"https:\/\/redamlo.com\/wp-content\/uploads\/2024\/04\/White-Tips-Mistakes-Learnings-You-Tube-Thumbnail26.png","datePublished":"2024-04-28T16:47:53+00:00","breadcrumb":{"@id":"https:\/\/redamlo.com\/index.php\/2024\/04\/28\/gobierno-de-amlo-decreto-43-nuevas-areas-naturales-protegidas-mas-de-tres-millones-de-hectareas-son-anp\/#breadcrumb"},"inLanguage":"es","potentialAction":[{"@type":"ReadAction","target":["https:\/\/redamlo.com\/index.php\/2024\/04\/28\/gobierno-de-amlo-decreto-43-nuevas-areas-naturales-protegidas-mas-de-tres-millones-de-hectareas-son-anp\/"]}]},{"@type":"ImageObject","inLanguage":"es","@id":"https:\/\/redamlo.com\/index.php\/2024\/04\/28\/gobierno-de-amlo-decreto-43-nuevas-areas-naturales-protegidas-mas-de-tres-millones-de-hectareas-son-anp\/#primaryimage","url":"https:\/\/redamlo.com\/wp-content\/uploads\/2024\/04\/White-Tips-Mistakes-Learnings-You-Tube-Thumbnail26.png","contentUrl":"https:\/\/redamlo.com\/wp-content\/uploads\/2024\/04\/White-Tips-Mistakes-Learnings-You-Tube-Thumbnail26.png","width":1280,"height":720},{"@type":"BreadcrumbList","@id":"https:\/\/redamlo.com\/index.php\/2024\/04\/28\/gobierno-de-amlo-decreto-43-nuevas-areas-naturales-protegidas-mas-de-tres-millones-de-hectareas-son-anp\/#breadcrumb","itemListElement":[{"@type":"ListItem","position":1,"name":"Inicio","item":"https:\/\/redamlo.com\/"},{"@type":"ListItem","position":2,"name":"Gobierno de AMLO decret\u00f3 43 nuevas \u00e1reas naturales protegidas; M\u00e1s de tres millones de hect\u00e1reas son ANP"}]},{"@type":"WebSite","@id":"https:\/\/redamlo.com\/#website","url":"https:\/\/redamlo.com\/","name":"NOTICIAS DE LA 4T","description":"","publisher":{"@id":"https:\/\/redamlo.com\/#organization"},"potentialAction":[{"@type":"SearchAction","target":{"@type":"EntryPoint","urlTemplate":"https:\/\/redamlo.com\/?s={search_term_string}"},"query-input":{"@type":"PropertyValueSpecification","valueRequired":true,"valueName":"search_term_string"}}],"inLanguage":"es"},{"@type":"Organization","@id":"https:\/\/redamlo.com\/#organization","name":"NOTICIAS DE LA 4T","url":"https:\/\/redamlo.com\/","logo":{"@type":"ImageObject","inLanguage":"es","@id":"https:\/\/redamlo.com\/#\/schema\/logo\/image\/","url":"https:\/\/redamlo.com\/wp-content\/uploads\/2024\/08\/cropped-RED-AMLO-logo-50.png","contentUrl":"https:\/\/redamlo.com\/wp-content\/uploads\/2024\/08\/cropped-RED-AMLO-logo-50.png","width":256,"height":256,"caption":"NOTICIAS DE LA 4T"},"image":{"@id":"https:\/\/redamlo.com\/#\/schema\/logo\/image\/"}},{"@type":"Person","@id":"https:\/\/redamlo.com\/#\/schema\/person\/197a0a670d21b1f4f1483ddda1b64613","name":"admin","image":{"@type":"ImageObject","inLanguage":"es","@id":"https:\/\/secure.gravatar.com\/avatar\/293dccd927043f2e641da6685c2f84009782eb9ee0054daceada4e261ded849a?s=96&d=mm&r=g","url":"https:\/\/secure.gravatar.com\/avatar\/293dccd927043f2e641da6685c2f84009782eb9ee0054daceada4e261ded849a?s=96&d=mm&r=g","contentUrl":"https:\/\/secure.gravatar.com\/avatar\/293dccd927043f2e641da6685c2f84009782eb9ee0054daceada4e261ded849a?s=96&d=mm&r=g","caption":"admin"},"sameAs":["https:\/\/redamlo.com"],"url":"https:\/\/redamlo.com\/index.php\/author\/stell\/"}]}},"_links":{"self":[{"href":"https:\/\/redamlo.com\/index.php\/wp-json\/wp\/v2\/posts\/7741","targetHints":{"allow":["GET"]}}],"collection":[{"href":"https:\/\/redamlo.com\/index.php\/wp-json\/wp\/v2\/posts"}],"about":[{"href":"https:\/\/redamlo.com\/index.php\/wp-json\/wp\/v2\/types\/post"}],"author":[{"embeddable":true,"href":"https:\/\/redamlo.com\/index.php\/wp-json\/wp\/v2\/users\/1"}],"replies":[{"embeddable":true,"href":"https:\/\/redamlo.com\/index.php\/wp-json\/wp\/v2\/comments?post=7741"}],"version-history":[{"count":0,"href":"https:\/\/redamlo.com\/index.php\/wp-json\/wp\/v2\/posts\/7741\/revisions"}],"wp:featuredmedia":[{"embeddable":true,"href":"https:\/\/redamlo.com\/index.php\/wp-json\/wp\/v2\/media\/7742"}],"wp:attachment":[{"href":"https:\/\/redamlo.com\/index.php\/wp-json\/wp\/v2\/media?parent=7741"}],"wp:term":[{"taxonomy":"category","embeddable":true,"href":"https:\/\/redamlo.com\/index.php\/wp-json\/wp\/v2\/categories?post=7741"},{"taxonomy":"post_tag","embeddable":true,"href":"https:\/\/redamlo.com\/index.php\/wp-json\/wp\/v2\/tags?post=7741"}],"curies":[{"name":"wp","href":"https:\/\/api.w.org\/{rel}","templated":true}]}}