{"id":7713,"date":"2024-04-07T17:42:13","date_gmt":"2024-04-07T23:42:13","guid":{"rendered":"https:\/\/redamlo.com\/?p=7713"},"modified":"2024-04-07T17:42:13","modified_gmt":"2024-04-07T23:42:13","slug":"personal-diplomatico-de-la-embajada-de-mexico-en-ecuador-regreso-al-pais-tras-la-irrupcion-a-la-sede-mexicana","status":"publish","type":"post","link":"https:\/\/redamlo.com\/index.php\/2024\/04\/07\/personal-diplomatico-de-la-embajada-de-mexico-en-ecuador-regreso-al-pais-tras-la-irrupcion-a-la-sede-mexicana\/","title":{"rendered":"Personal diplom\u00e1tico de la Embajada de M\u00e9xico en Ecuador regres\u00f3 al pa\u00eds tras la irrupci\u00f3n a la sede mexicana"},"content":{"rendered":"<p>La\u00a0<b>Secretar\u00eda de Relaciones Exteriores<\/b>\u00a0(SRE) inform\u00f3 que el personal diplom\u00e1tico de la Embajada de M\u00e9xico en Ecuador ya viaja de regreso desde Quito \u201ccon la frente en alto\u201d, despu\u00e9s de la irrupci\u00f3n de la polic\u00eda ecuatoriana en la delegaci\u00f3n representante de M\u00e9xico.<\/p>\n<p>La\u00a0<b>titular de la SRE<\/b>, Alicia B\u00e1rcena, agradeci\u00f3 a pa\u00edses amigos y aliados tras el apoyo mostrado y acompa\u00f1amiento en el recorrido hasta el aeropuerto de la capital ecuatoriana con el objetivo de garantizar la\u00a0<span class=\"Enhancement\"><span class=\"Enhancement-item\">seguridad de los trabajadores mexicanos.<\/span><\/span><\/p>\n<p>Los\u00a0<b>embajadores de Alemania<\/b>,\u00a0<b>Panam\u00e1<\/b>,\u00a0<b>Cuba<\/b>,\u00a0<b>Honduras<\/b>\u00a0y el presidente de la\u00a0<b>C\u00e1mara Ecuador-M\u00e9xico<\/b>\u00a0acompa\u00f1aron al personal diplom\u00e1tico al aeropuerto como resguardo para que los empleados de M\u00e9xico no sufrieran alg\u00fan tipo de violencia.<\/p>\n<div class=\"Enhancement\">\n<div class=\"Enhancement-item\">\n<blockquote><p><strong>&#8220;Pa\u00edses amigos y aliados de nuestra embajada apoyaron para velar por la integridad de las personas mexicanas, a trav\u00e9s de su acompa\u00f1amiento en el recorrido hasta el aeropuerto de la capital ecuatoriana. \u00a1Agradecemos a las y los embajadores de Alemania, Panam\u00e1, Cuba, Honduras, el presidente de la C\u00e1mara Ecuador-M\u00e9xico y el resto del personal diplom\u00e1tico por su solidaridad con el pueblo de M\u00e9xico!&#8221;<\/strong><\/p><\/blockquote>\n<\/div>\n<\/div>\n<div class=\"Enhancement\">\n<div class=\"Enhancement-item\">\n<div class=\"TweetEmbed\"><\/div>\n<\/div>\n<\/div>\n<p>https:\/\/twitter.com\/aliciabarcena\/status\/1776994388444332246?ref_src=twsrc%5Etfw%7Ctwcamp%5Etweetembed%7Ctwterm%5E1776994388444332246%7Ctwgr%5E9589f35b8bcfe8ce5395348810dd6790ebf1ff39%7Ctwcon%5Es1_&#038;ref_url=https%3A%2F%2Fwww.adn40.mx%2Fpoder%2Fsre-personal-embajada-mexico-en-ecuador-se-retira-frente-en-alto<\/p>\n<p>De acuerdo con Alicia B\u00e1rcena, son 18 personas las que viajan de regreso en un\u00a0<b>vuelo comercial desde Ecuador a la Ciudad de M\u00e9xico<\/b>.<\/p>\n<p>Fuente: ADN 40.<\/p>\n<p>&nbsp;<\/p>\n","protected":false},"excerpt":{"rendered":"<p>La\u00a0Secretar\u00eda de Relaciones Exteriores\u00a0(SRE) inform\u00f3 que el personal diplom\u00e1tico de la Embajada de M\u00e9xico en&#8230;<\/p>\n","protected":false},"author":1,"featured_media":7714,"comment_status":"open","ping_status":"closed","sticky":false,"template":"","format":"standard","meta":{"footnotes":""},"categories":[20],"tags":[2661,2662,2414,9],"class_list":["post-7713","post","type-post","status-publish","format-standard","has-post-thumbnail","hentry","category-nacionales","tag-conflicto-con-ecuador","tag-diplomaticos-en-ecuador","tag-ecuador","tag-mexico"],"yoast_head":"<!-- This site is optimized with the Yoast SEO plugin v27.5 - https:\/\/yoast.com\/product\/yoast-seo-wordpress\/ -->\n<title>Personal diplom\u00e1tico de la Embajada de M\u00e9xico en Ecuador regres\u00f3 al pa\u00eds tras la irrupci\u00f3n a la sede mexicana - NOTICIAS DE LA 4T<\/title>\n<meta name=\"robots\" content=\"noindex, follow, max-snippet:-1, max-image-preview:large, max-video-preview:-1\" \/>\n<meta property=\"og:locale\" content=\"es_MX\" \/>\n<meta property=\"og:type\" content=\"article\" \/>\n<meta property=\"og:title\" content=\"Personal diplom\u00e1tico de la Embajada de M\u00e9xico en Ecuador regres\u00f3 al pa\u00eds tras la irrupci\u00f3n a la sede mexicana - NOTICIAS DE LA 4T\" \/>\n<meta property=\"og:description\" content=\"La\u00a0Secretar\u00eda de Relaciones Exteriores\u00a0(SRE) inform\u00f3 que el personal diplom\u00e1tico de la Embajada de M\u00e9xico en...\" \/>\n<meta property=\"og:url\" content=\"https:\/\/redamlo.com\/index.php\/2024\/04\/07\/personal-diplomatico-de-la-embajada-de-mexico-en-ecuador-regreso-al-pais-tras-la-irrupcion-a-la-sede-mexicana\/\" \/>\n<meta property=\"og:site_name\" content=\"NOTICIAS DE LA 4T\" \/>\n<meta property=\"article:published_time\" content=\"2024-04-07T23:42:13+00:00\" \/>\n<meta property=\"og:image\" content=\"https:\/\/redamlo.com\/wp-content\/uploads\/2024\/04\/diplomaticos-regresan-de-ecuador.jpg\" \/>\n\t<meta property=\"og:image:width\" content=\"1280\" \/>\n\t<meta property=\"og:image:height\" content=\"960\" \/>\n\t<meta property=\"og:image:type\" content=\"image\/jpeg\" \/>\n<meta name=\"author\" content=\"admin\" \/>\n<meta name=\"twitter:card\" content=\"summary_large_image\" \/>\n<meta name=\"twitter:label1\" content=\"Escrito por\" \/>\n\t<meta name=\"twitter:data1\" content=\"admin\" \/>\n\t<meta name=\"twitter:label2\" content=\"Tiempo de lectura\" \/>\n\t<meta name=\"twitter:data2\" content=\"1 minuto\" \/>\n<script type=\"application\/ld+json\" class=\"yoast-schema-graph\">{\"@context\":\"https:\\\/\\\/schema.org\",\"@graph\":[{\"@type\":\"Article\",\"@id\":\"https:\\\/\\\/redamlo.com\\\/index.php\\\/2024\\\/04\\\/07\\\/personal-diplomatico-de-la-embajada-de-mexico-en-ecuador-regreso-al-pais-tras-la-irrupcion-a-la-sede-mexicana\\\/#article\",\"isPartOf\":{\"@id\":\"https:\\\/\\\/redamlo.com\\\/index.php\\\/2024\\\/04\\\/07\\\/personal-diplomatico-de-la-embajada-de-mexico-en-ecuador-regreso-al-pais-tras-la-irrupcion-a-la-sede-mexicana\\\/\"},\"author\":{\"name\":\"admin\",\"@id\":\"https:\\\/\\\/redamlo.com\\\/#\\\/schema\\\/person\\\/197a0a670d21b1f4f1483ddda1b64613\"},\"headline\":\"Personal diplom\u00e1tico de la Embajada de M\u00e9xico en Ecuador regres\u00f3 al pa\u00eds tras la irrupci\u00f3n a la sede mexicana\",\"datePublished\":\"2024-04-07T23:42:13+00:00\",\"mainEntityOfPage\":{\"@id\":\"https:\\\/\\\/redamlo.com\\\/index.php\\\/2024\\\/04\\\/07\\\/personal-diplomatico-de-la-embajada-de-mexico-en-ecuador-regreso-al-pais-tras-la-irrupcion-a-la-sede-mexicana\\\/\"},\"wordCount\":290,\"commentCount\":0,\"publisher\":{\"@id\":\"https:\\\/\\\/redamlo.com\\\/#organization\"},\"image\":{\"@id\":\"https:\\\/\\\/redamlo.com\\\/index.php\\\/2024\\\/04\\\/07\\\/personal-diplomatico-de-la-embajada-de-mexico-en-ecuador-regreso-al-pais-tras-la-irrupcion-a-la-sede-mexicana\\\/#primaryimage\"},\"thumbnailUrl\":\"https:\\\/\\\/redamlo.com\\\/wp-content\\\/uploads\\\/2024\\\/04\\\/diplomaticos-regresan-de-ecuador.jpg\",\"keywords\":[\"conflicto con ecuador\",\"diplomaticos en ecuador\",\"Ecuador\",\"M\u00e9xico\"],\"articleSection\":[\"Nacionales\"],\"inLanguage\":\"es\",\"potentialAction\":[{\"@type\":\"CommentAction\",\"name\":\"Comment\",\"target\":[\"https:\\\/\\\/redamlo.com\\\/index.php\\\/2024\\\/04\\\/07\\\/personal-diplomatico-de-la-embajada-de-mexico-en-ecuador-regreso-al-pais-tras-la-irrupcion-a-la-sede-mexicana\\\/#respond\"]}]},{\"@type\":\"WebPage\",\"@id\":\"https:\\\/\\\/redamlo.com\\\/index.php\\\/2024\\\/04\\\/07\\\/personal-diplomatico-de-la-embajada-de-mexico-en-ecuador-regreso-al-pais-tras-la-irrupcion-a-la-sede-mexicana\\\/\",\"url\":\"https:\\\/\\\/redamlo.com\\\/index.php\\\/2024\\\/04\\\/07\\\/personal-diplomatico-de-la-embajada-de-mexico-en-ecuador-regreso-al-pais-tras-la-irrupcion-a-la-sede-mexicana\\\/\",\"name\":\"Personal diplom\u00e1tico de la Embajada de M\u00e9xico en Ecuador regres\u00f3 al pa\u00eds tras la irrupci\u00f3n a la sede mexicana - NOTICIAS DE LA 4T\",\"isPartOf\":{\"@id\":\"https:\\\/\\\/redamlo.com\\\/#website\"},\"primaryImageOfPage\":{\"@id\":\"https:\\\/\\\/redamlo.com\\\/index.php\\\/2024\\\/04\\\/07\\\/personal-diplomatico-de-la-embajada-de-mexico-en-ecuador-regreso-al-pais-tras-la-irrupcion-a-la-sede-mexicana\\\/#primaryimage\"},\"image\":{\"@id\":\"https:\\\/\\\/redamlo.com\\\/index.php\\\/2024\\\/04\\\/07\\\/personal-diplomatico-de-la-embajada-de-mexico-en-ecuador-regreso-al-pais-tras-la-irrupcion-a-la-sede-mexicana\\\/#primaryimage\"},\"thumbnailUrl\":\"https:\\\/\\\/redamlo.com\\\/wp-content\\\/uploads\\\/2024\\\/04\\\/diplomaticos-regresan-de-ecuador.jpg\",\"datePublished\":\"2024-04-07T23:42:13+00:00\",\"breadcrumb\":{\"@id\":\"https:\\\/\\\/redamlo.com\\\/index.php\\\/2024\\\/04\\\/07\\\/personal-diplomatico-de-la-embajada-de-mexico-en-ecuador-regreso-al-pais-tras-la-irrupcion-a-la-sede-mexicana\\\/#breadcrumb\"},\"inLanguage\":\"es\",\"potentialAction\":[{\"@type\":\"ReadAction\",\"target\":[\"https:\\\/\\\/redamlo.com\\\/index.php\\\/2024\\\/04\\\/07\\\/personal-diplomatico-de-la-embajada-de-mexico-en-ecuador-regreso-al-pais-tras-la-irrupcion-a-la-sede-mexicana\\\/\"]}]},{\"@type\":\"ImageObject\",\"inLanguage\":\"es\",\"@id\":\"https:\\\/\\\/redamlo.com\\\/index.php\\\/2024\\\/04\\\/07\\\/personal-diplomatico-de-la-embajada-de-mexico-en-ecuador-regreso-al-pais-tras-la-irrupcion-a-la-sede-mexicana\\\/#primaryimage\",\"url\":\"https:\\\/\\\/redamlo.com\\\/wp-content\\\/uploads\\\/2024\\\/04\\\/diplomaticos-regresan-de-ecuador.jpg\",\"contentUrl\":\"https:\\\/\\\/redamlo.com\\\/wp-content\\\/uploads\\\/2024\\\/04\\\/diplomaticos-regresan-de-ecuador.jpg\",\"width\":1280,\"height\":960},{\"@type\":\"BreadcrumbList\",\"@id\":\"https:\\\/\\\/redamlo.com\\\/index.php\\\/2024\\\/04\\\/07\\\/personal-diplomatico-de-la-embajada-de-mexico-en-ecuador-regreso-al-pais-tras-la-irrupcion-a-la-sede-mexicana\\\/#breadcrumb\",\"itemListElement\":[{\"@type\":\"ListItem\",\"position\":1,\"name\":\"Inicio\",\"item\":\"https:\\\/\\\/redamlo.com\\\/\"},{\"@type\":\"ListItem\",\"position\":2,\"name\":\"Personal diplom\u00e1tico de la Embajada de M\u00e9xico en Ecuador regres\u00f3 al pa\u00eds tras la irrupci\u00f3n a la sede mexicana\"}]},{\"@type\":\"WebSite\",\"@id\":\"https:\\\/\\\/redamlo.com\\\/#website\",\"url\":\"https:\\\/\\\/redamlo.com\\\/\",\"name\":\"NOTICIAS DE LA 4T\",\"description\":\"\",\"publisher\":{\"@id\":\"https:\\\/\\\/redamlo.com\\\/#organization\"},\"potentialAction\":[{\"@type\":\"SearchAction\",\"target\":{\"@type\":\"EntryPoint\",\"urlTemplate\":\"https:\\\/\\\/redamlo.com\\\/?s={search_term_string}\"},\"query-input\":{\"@type\":\"PropertyValueSpecification\",\"valueRequired\":true,\"valueName\":\"search_term_string\"}}],\"inLanguage\":\"es\"},{\"@type\":\"Organization\",\"@id\":\"https:\\\/\\\/redamlo.com\\\/#organization\",\"name\":\"NOTICIAS DE LA 4T\",\"url\":\"https:\\\/\\\/redamlo.com\\\/\",\"logo\":{\"@type\":\"ImageObject\",\"inLanguage\":\"es\",\"@id\":\"https:\\\/\\\/redamlo.com\\\/#\\\/schema\\\/logo\\\/image\\\/\",\"url\":\"https:\\\/\\\/redamlo.com\\\/wp-content\\\/uploads\\\/2024\\\/08\\\/cropped-RED-AMLO-logo-50.png\",\"contentUrl\":\"https:\\\/\\\/redamlo.com\\\/wp-content\\\/uploads\\\/2024\\\/08\\\/cropped-RED-AMLO-logo-50.png\",\"width\":256,\"height\":256,\"caption\":\"NOTICIAS DE LA 4T\"},\"image\":{\"@id\":\"https:\\\/\\\/redamlo.com\\\/#\\\/schema\\\/logo\\\/image\\\/\"}},{\"@type\":\"Person\",\"@id\":\"https:\\\/\\\/redamlo.com\\\/#\\\/schema\\\/person\\\/197a0a670d21b1f4f1483ddda1b64613\",\"name\":\"admin\",\"image\":{\"@type\":\"ImageObject\",\"inLanguage\":\"es\",\"@id\":\"https:\\\/\\\/secure.gravatar.com\\\/avatar\\\/293dccd927043f2e641da6685c2f84009782eb9ee0054daceada4e261ded849a?s=96&d=mm&r=g\",\"url\":\"https:\\\/\\\/secure.gravatar.com\\\/avatar\\\/293dccd927043f2e641da6685c2f84009782eb9ee0054daceada4e261ded849a?s=96&d=mm&r=g\",\"contentUrl\":\"https:\\\/\\\/secure.gravatar.com\\\/avatar\\\/293dccd927043f2e641da6685c2f84009782eb9ee0054daceada4e261ded849a?s=96&d=mm&r=g\",\"caption\":\"admin\"},\"sameAs\":[\"https:\\\/\\\/redamlo.com\"],\"url\":\"https:\\\/\\\/redamlo.com\\\/index.php\\\/author\\\/stell\\\/\"}]}<\/script>\n<!-- \/ Yoast SEO plugin. -->","yoast_head_json":{"title":"Personal diplom\u00e1tico de la Embajada de M\u00e9xico en Ecuador regres\u00f3 al pa\u00eds tras la irrupci\u00f3n a la sede mexicana - NOTICIAS DE LA 4T","robots":{"index":"noindex","follow":"follow","max-snippet":"max-snippet:-1","max-image-preview":"max-image-preview:large","max-video-preview":"max-video-preview:-1"},"og_locale":"es_MX","og_type":"article","og_title":"Personal diplom\u00e1tico de la Embajada de M\u00e9xico en Ecuador regres\u00f3 al pa\u00eds tras la irrupci\u00f3n a la sede mexicana - NOTICIAS DE LA 4T","og_description":"La\u00a0Secretar\u00eda de Relaciones Exteriores\u00a0(SRE) inform\u00f3 que el personal diplom\u00e1tico de la Embajada de M\u00e9xico en...","og_url":"https:\/\/redamlo.com\/index.php\/2024\/04\/07\/personal-diplomatico-de-la-embajada-de-mexico-en-ecuador-regreso-al-pais-tras-la-irrupcion-a-la-sede-mexicana\/","og_site_name":"NOTICIAS DE LA 4T","article_published_time":"2024-04-07T23:42:13+00:00","og_image":[{"width":1280,"height":960,"url":"https:\/\/redamlo.com\/wp-content\/uploads\/2024\/04\/diplomaticos-regresan-de-ecuador.jpg","type":"image\/jpeg"}],"author":"admin","twitter_card":"summary_large_image","twitter_misc":{"Escrito por":"admin","Tiempo de lectura":"1 minuto"},"schema":{"@context":"https:\/\/schema.org","@graph":[{"@type":"Article","@id":"https:\/\/redamlo.com\/index.php\/2024\/04\/07\/personal-diplomatico-de-la-embajada-de-mexico-en-ecuador-regreso-al-pais-tras-la-irrupcion-a-la-sede-mexicana\/#article","isPartOf":{"@id":"https:\/\/redamlo.com\/index.php\/2024\/04\/07\/personal-diplomatico-de-la-embajada-de-mexico-en-ecuador-regreso-al-pais-tras-la-irrupcion-a-la-sede-mexicana\/"},"author":{"name":"admin","@id":"https:\/\/redamlo.com\/#\/schema\/person\/197a0a670d21b1f4f1483ddda1b64613"},"headline":"Personal diplom\u00e1tico de la Embajada de M\u00e9xico en Ecuador regres\u00f3 al pa\u00eds tras la irrupci\u00f3n a la sede mexicana","datePublished":"2024-04-07T23:42:13+00:00","mainEntityOfPage":{"@id":"https:\/\/redamlo.com\/index.php\/2024\/04\/07\/personal-diplomatico-de-la-embajada-de-mexico-en-ecuador-regreso-al-pais-tras-la-irrupcion-a-la-sede-mexicana\/"},"wordCount":290,"commentCount":0,"publisher":{"@id":"https:\/\/redamlo.com\/#organization"},"image":{"@id":"https:\/\/redamlo.com\/index.php\/2024\/04\/07\/personal-diplomatico-de-la-embajada-de-mexico-en-ecuador-regreso-al-pais-tras-la-irrupcion-a-la-sede-mexicana\/#primaryimage"},"thumbnailUrl":"https:\/\/redamlo.com\/wp-content\/uploads\/2024\/04\/diplomaticos-regresan-de-ecuador.jpg","keywords":["conflicto con ecuador","diplomaticos en ecuador","Ecuador","M\u00e9xico"],"articleSection":["Nacionales"],"inLanguage":"es","potentialAction":[{"@type":"CommentAction","name":"Comment","target":["https:\/\/redamlo.com\/index.php\/2024\/04\/07\/personal-diplomatico-de-la-embajada-de-mexico-en-ecuador-regreso-al-pais-tras-la-irrupcion-a-la-sede-mexicana\/#respond"]}]},{"@type":"WebPage","@id":"https:\/\/redamlo.com\/index.php\/2024\/04\/07\/personal-diplomatico-de-la-embajada-de-mexico-en-ecuador-regreso-al-pais-tras-la-irrupcion-a-la-sede-mexicana\/","url":"https:\/\/redamlo.com\/index.php\/2024\/04\/07\/personal-diplomatico-de-la-embajada-de-mexico-en-ecuador-regreso-al-pais-tras-la-irrupcion-a-la-sede-mexicana\/","name":"Personal diplom\u00e1tico de la Embajada de M\u00e9xico en Ecuador regres\u00f3 al pa\u00eds tras la irrupci\u00f3n a la sede mexicana - NOTICIAS DE LA 4T","isPartOf":{"@id":"https:\/\/redamlo.com\/#website"},"primaryImageOfPage":{"@id":"https:\/\/redamlo.com\/index.php\/2024\/04\/07\/personal-diplomatico-de-la-embajada-de-mexico-en-ecuador-regreso-al-pais-tras-la-irrupcion-a-la-sede-mexicana\/#primaryimage"},"image":{"@id":"https:\/\/redamlo.com\/index.php\/2024\/04\/07\/personal-diplomatico-de-la-embajada-de-mexico-en-ecuador-regreso-al-pais-tras-la-irrupcion-a-la-sede-mexicana\/#primaryimage"},"thumbnailUrl":"https:\/\/redamlo.com\/wp-content\/uploads\/2024\/04\/diplomaticos-regresan-de-ecuador.jpg","datePublished":"2024-04-07T23:42:13+00:00","breadcrumb":{"@id":"https:\/\/redamlo.com\/index.php\/2024\/04\/07\/personal-diplomatico-de-la-embajada-de-mexico-en-ecuador-regreso-al-pais-tras-la-irrupcion-a-la-sede-mexicana\/#breadcrumb"},"inLanguage":"es","potentialAction":[{"@type":"ReadAction","target":["https:\/\/redamlo.com\/index.php\/2024\/04\/07\/personal-diplomatico-de-la-embajada-de-mexico-en-ecuador-regreso-al-pais-tras-la-irrupcion-a-la-sede-mexicana\/"]}]},{"@type":"ImageObject","inLanguage":"es","@id":"https:\/\/redamlo.com\/index.php\/2024\/04\/07\/personal-diplomatico-de-la-embajada-de-mexico-en-ecuador-regreso-al-pais-tras-la-irrupcion-a-la-sede-mexicana\/#primaryimage","url":"https:\/\/redamlo.com\/wp-content\/uploads\/2024\/04\/diplomaticos-regresan-de-ecuador.jpg","contentUrl":"https:\/\/redamlo.com\/wp-content\/uploads\/2024\/04\/diplomaticos-regresan-de-ecuador.jpg","width":1280,"height":960},{"@type":"BreadcrumbList","@id":"https:\/\/redamlo.com\/index.php\/2024\/04\/07\/personal-diplomatico-de-la-embajada-de-mexico-en-ecuador-regreso-al-pais-tras-la-irrupcion-a-la-sede-mexicana\/#breadcrumb","itemListElement":[{"@type":"ListItem","position":1,"name":"Inicio","item":"https:\/\/redamlo.com\/"},{"@type":"ListItem","position":2,"name":"Personal diplom\u00e1tico de la Embajada de M\u00e9xico en Ecuador regres\u00f3 al pa\u00eds tras la irrupci\u00f3n a la sede mexicana"}]},{"@type":"WebSite","@id":"https:\/\/redamlo.com\/#website","url":"https:\/\/redamlo.com\/","name":"NOTICIAS DE LA 4T","description":"","publisher":{"@id":"https:\/\/redamlo.com\/#organization"},"potentialAction":[{"@type":"SearchAction","target":{"@type":"EntryPoint","urlTemplate":"https:\/\/redamlo.com\/?s={search_term_string}"},"query-input":{"@type":"PropertyValueSpecification","valueRequired":true,"valueName":"search_term_string"}}],"inLanguage":"es"},{"@type":"Organization","@id":"https:\/\/redamlo.com\/#organization","name":"NOTICIAS DE LA 4T","url":"https:\/\/redamlo.com\/","logo":{"@type":"ImageObject","inLanguage":"es","@id":"https:\/\/redamlo.com\/#\/schema\/logo\/image\/","url":"https:\/\/redamlo.com\/wp-content\/uploads\/2024\/08\/cropped-RED-AMLO-logo-50.png","contentUrl":"https:\/\/redamlo.com\/wp-content\/uploads\/2024\/08\/cropped-RED-AMLO-logo-50.png","width":256,"height":256,"caption":"NOTICIAS DE LA 4T"},"image":{"@id":"https:\/\/redamlo.com\/#\/schema\/logo\/image\/"}},{"@type":"Person","@id":"https:\/\/redamlo.com\/#\/schema\/person\/197a0a670d21b1f4f1483ddda1b64613","name":"admin","image":{"@type":"ImageObject","inLanguage":"es","@id":"https:\/\/secure.gravatar.com\/avatar\/293dccd927043f2e641da6685c2f84009782eb9ee0054daceada4e261ded849a?s=96&d=mm&r=g","url":"https:\/\/secure.gravatar.com\/avatar\/293dccd927043f2e641da6685c2f84009782eb9ee0054daceada4e261ded849a?s=96&d=mm&r=g","contentUrl":"https:\/\/secure.gravatar.com\/avatar\/293dccd927043f2e641da6685c2f84009782eb9ee0054daceada4e261ded849a?s=96&d=mm&r=g","caption":"admin"},"sameAs":["https:\/\/redamlo.com"],"url":"https:\/\/redamlo.com\/index.php\/author\/stell\/"}]}},"_links":{"self":[{"href":"https:\/\/redamlo.com\/index.php\/wp-json\/wp\/v2\/posts\/7713","targetHints":{"allow":["GET"]}}],"collection":[{"href":"https:\/\/redamlo.com\/index.php\/wp-json\/wp\/v2\/posts"}],"about":[{"href":"https:\/\/redamlo.com\/index.php\/wp-json\/wp\/v2\/types\/post"}],"author":[{"embeddable":true,"href":"https:\/\/redamlo.com\/index.php\/wp-json\/wp\/v2\/users\/1"}],"replies":[{"embeddable":true,"href":"https:\/\/redamlo.com\/index.php\/wp-json\/wp\/v2\/comments?post=7713"}],"version-history":[{"count":0,"href":"https:\/\/redamlo.com\/index.php\/wp-json\/wp\/v2\/posts\/7713\/revisions"}],"wp:featuredmedia":[{"embeddable":true,"href":"https:\/\/redamlo.com\/index.php\/wp-json\/wp\/v2\/media\/7714"}],"wp:attachment":[{"href":"https:\/\/redamlo.com\/index.php\/wp-json\/wp\/v2\/media?parent=7713"}],"wp:term":[{"taxonomy":"category","embeddable":true,"href":"https:\/\/redamlo.com\/index.php\/wp-json\/wp\/v2\/categories?post=7713"},{"taxonomy":"post_tag","embeddable":true,"href":"https:\/\/redamlo.com\/index.php\/wp-json\/wp\/v2\/tags?post=7713"}],"curies":[{"name":"wp","href":"https:\/\/api.w.org\/{rel}","templated":true}]}}