{"id":7710,"date":"2024-04-06T17:18:53","date_gmt":"2024-04-06T23:18:53","guid":{"rendered":"https:\/\/redamlo.com\/?p=7710"},"modified":"2024-04-06T17:18:53","modified_gmt":"2024-04-06T23:18:53","slug":"presidente-agradece-solidaridad-internacional-tras-asalto-de-la-embajada-de-mexico-en-ecuador","status":"publish","type":"post","link":"https:\/\/redamlo.com\/index.php\/2024\/04\/06\/presidente-agradece-solidaridad-internacional-tras-asalto-de-la-embajada-de-mexico-en-ecuador\/","title":{"rendered":"PRESIDENTE AGRADECE SOLIDARIDAD INTERNACIONAL TRAS ASALTO DE LA EMBAJADA DE M\u00c9XICO EN ECUADOR"},"content":{"rendered":"<p>El presidente Andr\u00e9s Manuel L\u00f3pez Obrador agradeci\u00f3 en sus redes sociales a\u00a0<strong>mandatarios, dirigentes y organizaciones civiles\u00a0<\/strong>de distintos pa\u00edses y de M\u00e9xico por su<strong>\u00a0solidaridad<\/strong>\u00a0luego de la entrada ilegal de polic\u00edas de\u00a0<strong>Ecuador a la Embajada de M\u00e9xico<\/strong>\u00a0con uso de la fuerza.<\/p>\n<p>En la publicaci\u00f3n reiter\u00f3 su\u00a0<strong>respeto al pueblo hermano de Ecuador<\/strong>\u00a0y llam\u00f3 a las y los connacionales a\u00a0<strong>actuar con prudencia<\/strong>\u00a0para evitar el acoso y no caer en provocaciones.<\/p>\n<blockquote class=\"twitter-tweet\" data-width=\"550\" data-dnt=\"true\">\n<p lang=\"es\" dir=\"ltr\">Agradecemos la solidaridad de mandatarios, dirigentes y organizaciones civiles de distintos pa\u00edses y del nuestro tras el asalto de la Embajada de M\u00e9xico en Ecuador. <\/p>\n<p>Respetamos al pueblo hermano de ese pa\u00eds y a nuestros connacionales les pedimos comportarse con mucha prudencia\u2026<\/p>\n<p>&mdash; Andr\u00e9s Manuel (@lopezobrador_) <a href=\"https:\/\/twitter.com\/lopezobrador_\/status\/1776668336618938622?ref_src=twsrc%5Etfw\">April 6, 2024<\/a><\/p><\/blockquote>\n<p><script async src=\"https:\/\/platform.twitter.com\/widgets.js\" charset=\"utf-8\"><\/script><\/p>\n<p>El mandatario indic\u00f3 que el personal diplom\u00e1tico de M\u00e9xico en aquel pa\u00eds no est\u00e1 solo y tiene el respaldo del Gobierno de M\u00e9xico.<\/p>\n<p>Destac\u00f3 que los\u00a0<strong>representantes de la canciller\u00eda<\/strong>\u00a0\u201chan dado\u00a0<strong>muestra de dignidad y decoro,<\/strong>\u00a0como qued\u00f3 de manifiesto con la actitud de Raquel Serur, nuestra embajadora, y de Roberto Canseco, jefe de canciller\u00eda de la embajada\u201d.<\/p>\n<p>En el reconocimiento, el mandatario incluy\u00f3 a la secretaria de Relaciones Exteriores,<strong>\u00a0Alicia B\u00e1rcena Ibarra.<\/strong>\u00a0Su desempe\u00f1o, dijo, ha sido \u201c<strong>profesional y eficaz en este penoso asunto<\/strong>\u201d.<\/p>\n<p>&nbsp;<\/p>\n","protected":false},"excerpt":{"rendered":"<p>El presidente Andr\u00e9s Manuel L\u00f3pez Obrador agradeci\u00f3 en sus redes sociales a\u00a0mandatarios, dirigentes y organizaciones&#8230;<\/p>\n","protected":false},"author":1,"featured_media":7711,"comment_status":"open","ping_status":"closed","sticky":false,"template":"","format":"standard","meta":{"footnotes":""},"categories":[27],"tags":[84,2660],"class_list":["post-7710","post","type-post","status-publish","format-standard","has-post-thumbnail","hentry","category-presidencia","tag-amlo","tag-conflicto-mexico-ecuador"],"yoast_head":"<!-- This site is optimized with the Yoast SEO plugin v27.5 - https:\/\/yoast.com\/product\/yoast-seo-wordpress\/ -->\n<title>PRESIDENTE AGRADECE SOLIDARIDAD INTERNACIONAL TRAS ASALTO DE LA EMBAJADA DE M\u00c9XICO EN ECUADOR - NOTICIAS DE LA 4T<\/title>\n<meta name=\"robots\" content=\"noindex, follow, max-snippet:-1, max-image-preview:large, max-video-preview:-1\" \/>\n<meta property=\"og:locale\" content=\"es_MX\" \/>\n<meta property=\"og:type\" content=\"article\" \/>\n<meta property=\"og:title\" content=\"PRESIDENTE AGRADECE SOLIDARIDAD INTERNACIONAL TRAS ASALTO DE LA EMBAJADA DE M\u00c9XICO EN ECUADOR - NOTICIAS DE LA 4T\" \/>\n<meta property=\"og:description\" content=\"El presidente Andr\u00e9s Manuel L\u00f3pez Obrador agradeci\u00f3 en sus redes sociales a\u00a0mandatarios, dirigentes y organizaciones...\" \/>\n<meta property=\"og:url\" content=\"https:\/\/redamlo.com\/index.php\/2024\/04\/06\/presidente-agradece-solidaridad-internacional-tras-asalto-de-la-embajada-de-mexico-en-ecuador\/\" \/>\n<meta property=\"og:site_name\" content=\"NOTICIAS DE LA 4T\" \/>\n<meta property=\"article:published_time\" content=\"2024-04-06T23:18:53+00:00\" \/>\n<meta property=\"og:image\" content=\"https:\/\/redamlo.com\/wp-content\/uploads\/2024\/04\/amlo-agradece-solidaridad-internacional.jpeg\" \/>\n\t<meta property=\"og:image:width\" content=\"1280\" \/>\n\t<meta property=\"og:image:height\" content=\"853\" \/>\n\t<meta property=\"og:image:type\" content=\"image\/jpeg\" \/>\n<meta name=\"author\" content=\"admin\" \/>\n<meta name=\"twitter:card\" content=\"summary_large_image\" \/>\n<meta name=\"twitter:label1\" content=\"Escrito por\" \/>\n\t<meta name=\"twitter:data1\" content=\"admin\" \/>\n\t<meta name=\"twitter:label2\" content=\"Tiempo de lectura\" \/>\n\t<meta name=\"twitter:data2\" content=\"1 minuto\" \/>\n<script type=\"application\/ld+json\" class=\"yoast-schema-graph\">{\"@context\":\"https:\\\/\\\/schema.org\",\"@graph\":[{\"@type\":\"Article\",\"@id\":\"https:\\\/\\\/redamlo.com\\\/index.php\\\/2024\\\/04\\\/06\\\/presidente-agradece-solidaridad-internacional-tras-asalto-de-la-embajada-de-mexico-en-ecuador\\\/#article\",\"isPartOf\":{\"@id\":\"https:\\\/\\\/redamlo.com\\\/index.php\\\/2024\\\/04\\\/06\\\/presidente-agradece-solidaridad-internacional-tras-asalto-de-la-embajada-de-mexico-en-ecuador\\\/\"},\"author\":{\"name\":\"admin\",\"@id\":\"https:\\\/\\\/redamlo.com\\\/#\\\/schema\\\/person\\\/197a0a670d21b1f4f1483ddda1b64613\"},\"headline\":\"PRESIDENTE AGRADECE SOLIDARIDAD INTERNACIONAL TRAS ASALTO DE LA EMBAJADA DE M\u00c9XICO EN ECUADOR\",\"datePublished\":\"2024-04-06T23:18:53+00:00\",\"mainEntityOfPage\":{\"@id\":\"https:\\\/\\\/redamlo.com\\\/index.php\\\/2024\\\/04\\\/06\\\/presidente-agradece-solidaridad-internacional-tras-asalto-de-la-embajada-de-mexico-en-ecuador\\\/\"},\"wordCount\":230,\"commentCount\":0,\"publisher\":{\"@id\":\"https:\\\/\\\/redamlo.com\\\/#organization\"},\"image\":{\"@id\":\"https:\\\/\\\/redamlo.com\\\/index.php\\\/2024\\\/04\\\/06\\\/presidente-agradece-solidaridad-internacional-tras-asalto-de-la-embajada-de-mexico-en-ecuador\\\/#primaryimage\"},\"thumbnailUrl\":\"https:\\\/\\\/redamlo.com\\\/wp-content\\\/uploads\\\/2024\\\/04\\\/amlo-agradece-solidaridad-internacional.jpeg\",\"keywords\":[\"AMLO\",\"conflicto mexico-ecuador\"],\"articleSection\":[\"Presidencia\"],\"inLanguage\":\"es\",\"potentialAction\":[{\"@type\":\"CommentAction\",\"name\":\"Comment\",\"target\":[\"https:\\\/\\\/redamlo.com\\\/index.php\\\/2024\\\/04\\\/06\\\/presidente-agradece-solidaridad-internacional-tras-asalto-de-la-embajada-de-mexico-en-ecuador\\\/#respond\"]}]},{\"@type\":\"WebPage\",\"@id\":\"https:\\\/\\\/redamlo.com\\\/index.php\\\/2024\\\/04\\\/06\\\/presidente-agradece-solidaridad-internacional-tras-asalto-de-la-embajada-de-mexico-en-ecuador\\\/\",\"url\":\"https:\\\/\\\/redamlo.com\\\/index.php\\\/2024\\\/04\\\/06\\\/presidente-agradece-solidaridad-internacional-tras-asalto-de-la-embajada-de-mexico-en-ecuador\\\/\",\"name\":\"PRESIDENTE AGRADECE SOLIDARIDAD INTERNACIONAL TRAS ASALTO DE LA EMBAJADA DE M\u00c9XICO EN ECUADOR - NOTICIAS DE LA 4T\",\"isPartOf\":{\"@id\":\"https:\\\/\\\/redamlo.com\\\/#website\"},\"primaryImageOfPage\":{\"@id\":\"https:\\\/\\\/redamlo.com\\\/index.php\\\/2024\\\/04\\\/06\\\/presidente-agradece-solidaridad-internacional-tras-asalto-de-la-embajada-de-mexico-en-ecuador\\\/#primaryimage\"},\"image\":{\"@id\":\"https:\\\/\\\/redamlo.com\\\/index.php\\\/2024\\\/04\\\/06\\\/presidente-agradece-solidaridad-internacional-tras-asalto-de-la-embajada-de-mexico-en-ecuador\\\/#primaryimage\"},\"thumbnailUrl\":\"https:\\\/\\\/redamlo.com\\\/wp-content\\\/uploads\\\/2024\\\/04\\\/amlo-agradece-solidaridad-internacional.jpeg\",\"datePublished\":\"2024-04-06T23:18:53+00:00\",\"breadcrumb\":{\"@id\":\"https:\\\/\\\/redamlo.com\\\/index.php\\\/2024\\\/04\\\/06\\\/presidente-agradece-solidaridad-internacional-tras-asalto-de-la-embajada-de-mexico-en-ecuador\\\/#breadcrumb\"},\"inLanguage\":\"es\",\"potentialAction\":[{\"@type\":\"ReadAction\",\"target\":[\"https:\\\/\\\/redamlo.com\\\/index.php\\\/2024\\\/04\\\/06\\\/presidente-agradece-solidaridad-internacional-tras-asalto-de-la-embajada-de-mexico-en-ecuador\\\/\"]}]},{\"@type\":\"ImageObject\",\"inLanguage\":\"es\",\"@id\":\"https:\\\/\\\/redamlo.com\\\/index.php\\\/2024\\\/04\\\/06\\\/presidente-agradece-solidaridad-internacional-tras-asalto-de-la-embajada-de-mexico-en-ecuador\\\/#primaryimage\",\"url\":\"https:\\\/\\\/redamlo.com\\\/wp-content\\\/uploads\\\/2024\\\/04\\\/amlo-agradece-solidaridad-internacional.jpeg\",\"contentUrl\":\"https:\\\/\\\/redamlo.com\\\/wp-content\\\/uploads\\\/2024\\\/04\\\/amlo-agradece-solidaridad-internacional.jpeg\",\"width\":1280,\"height\":853},{\"@type\":\"BreadcrumbList\",\"@id\":\"https:\\\/\\\/redamlo.com\\\/index.php\\\/2024\\\/04\\\/06\\\/presidente-agradece-solidaridad-internacional-tras-asalto-de-la-embajada-de-mexico-en-ecuador\\\/#breadcrumb\",\"itemListElement\":[{\"@type\":\"ListItem\",\"position\":1,\"name\":\"Inicio\",\"item\":\"https:\\\/\\\/redamlo.com\\\/\"},{\"@type\":\"ListItem\",\"position\":2,\"name\":\"PRESIDENTE AGRADECE SOLIDARIDAD INTERNACIONAL TRAS ASALTO DE LA EMBAJADA DE M\u00c9XICO EN ECUADOR\"}]},{\"@type\":\"WebSite\",\"@id\":\"https:\\\/\\\/redamlo.com\\\/#website\",\"url\":\"https:\\\/\\\/redamlo.com\\\/\",\"name\":\"NOTICIAS DE LA 4T\",\"description\":\"\",\"publisher\":{\"@id\":\"https:\\\/\\\/redamlo.com\\\/#organization\"},\"potentialAction\":[{\"@type\":\"SearchAction\",\"target\":{\"@type\":\"EntryPoint\",\"urlTemplate\":\"https:\\\/\\\/redamlo.com\\\/?s={search_term_string}\"},\"query-input\":{\"@type\":\"PropertyValueSpecification\",\"valueRequired\":true,\"valueName\":\"search_term_string\"}}],\"inLanguage\":\"es\"},{\"@type\":\"Organization\",\"@id\":\"https:\\\/\\\/redamlo.com\\\/#organization\",\"name\":\"NOTICIAS DE LA 4T\",\"url\":\"https:\\\/\\\/redamlo.com\\\/\",\"logo\":{\"@type\":\"ImageObject\",\"inLanguage\":\"es\",\"@id\":\"https:\\\/\\\/redamlo.com\\\/#\\\/schema\\\/logo\\\/image\\\/\",\"url\":\"https:\\\/\\\/redamlo.com\\\/wp-content\\\/uploads\\\/2024\\\/08\\\/cropped-RED-AMLO-logo-50.png\",\"contentUrl\":\"https:\\\/\\\/redamlo.com\\\/wp-content\\\/uploads\\\/2024\\\/08\\\/cropped-RED-AMLO-logo-50.png\",\"width\":256,\"height\":256,\"caption\":\"NOTICIAS DE LA 4T\"},\"image\":{\"@id\":\"https:\\\/\\\/redamlo.com\\\/#\\\/schema\\\/logo\\\/image\\\/\"}},{\"@type\":\"Person\",\"@id\":\"https:\\\/\\\/redamlo.com\\\/#\\\/schema\\\/person\\\/197a0a670d21b1f4f1483ddda1b64613\",\"name\":\"admin\",\"image\":{\"@type\":\"ImageObject\",\"inLanguage\":\"es\",\"@id\":\"https:\\\/\\\/secure.gravatar.com\\\/avatar\\\/293dccd927043f2e641da6685c2f84009782eb9ee0054daceada4e261ded849a?s=96&d=mm&r=g\",\"url\":\"https:\\\/\\\/secure.gravatar.com\\\/avatar\\\/293dccd927043f2e641da6685c2f84009782eb9ee0054daceada4e261ded849a?s=96&d=mm&r=g\",\"contentUrl\":\"https:\\\/\\\/secure.gravatar.com\\\/avatar\\\/293dccd927043f2e641da6685c2f84009782eb9ee0054daceada4e261ded849a?s=96&d=mm&r=g\",\"caption\":\"admin\"},\"sameAs\":[\"https:\\\/\\\/redamlo.com\"],\"url\":\"https:\\\/\\\/redamlo.com\\\/index.php\\\/author\\\/stell\\\/\"}]}<\/script>\n<!-- \/ Yoast SEO plugin. -->","yoast_head_json":{"title":"PRESIDENTE AGRADECE SOLIDARIDAD INTERNACIONAL TRAS ASALTO DE LA EMBAJADA DE M\u00c9XICO EN ECUADOR - NOTICIAS DE LA 4T","robots":{"index":"noindex","follow":"follow","max-snippet":"max-snippet:-1","max-image-preview":"max-image-preview:large","max-video-preview":"max-video-preview:-1"},"og_locale":"es_MX","og_type":"article","og_title":"PRESIDENTE AGRADECE SOLIDARIDAD INTERNACIONAL TRAS ASALTO DE LA EMBAJADA DE M\u00c9XICO EN ECUADOR - NOTICIAS DE LA 4T","og_description":"El presidente Andr\u00e9s Manuel L\u00f3pez Obrador agradeci\u00f3 en sus redes sociales a\u00a0mandatarios, dirigentes y organizaciones...","og_url":"https:\/\/redamlo.com\/index.php\/2024\/04\/06\/presidente-agradece-solidaridad-internacional-tras-asalto-de-la-embajada-de-mexico-en-ecuador\/","og_site_name":"NOTICIAS DE LA 4T","article_published_time":"2024-04-06T23:18:53+00:00","og_image":[{"width":1280,"height":853,"url":"https:\/\/redamlo.com\/wp-content\/uploads\/2024\/04\/amlo-agradece-solidaridad-internacional.jpeg","type":"image\/jpeg"}],"author":"admin","twitter_card":"summary_large_image","twitter_misc":{"Escrito por":"admin","Tiempo de lectura":"1 minuto"},"schema":{"@context":"https:\/\/schema.org","@graph":[{"@type":"Article","@id":"https:\/\/redamlo.com\/index.php\/2024\/04\/06\/presidente-agradece-solidaridad-internacional-tras-asalto-de-la-embajada-de-mexico-en-ecuador\/#article","isPartOf":{"@id":"https:\/\/redamlo.com\/index.php\/2024\/04\/06\/presidente-agradece-solidaridad-internacional-tras-asalto-de-la-embajada-de-mexico-en-ecuador\/"},"author":{"name":"admin","@id":"https:\/\/redamlo.com\/#\/schema\/person\/197a0a670d21b1f4f1483ddda1b64613"},"headline":"PRESIDENTE AGRADECE SOLIDARIDAD INTERNACIONAL TRAS ASALTO DE LA EMBAJADA DE M\u00c9XICO EN ECUADOR","datePublished":"2024-04-06T23:18:53+00:00","mainEntityOfPage":{"@id":"https:\/\/redamlo.com\/index.php\/2024\/04\/06\/presidente-agradece-solidaridad-internacional-tras-asalto-de-la-embajada-de-mexico-en-ecuador\/"},"wordCount":230,"commentCount":0,"publisher":{"@id":"https:\/\/redamlo.com\/#organization"},"image":{"@id":"https:\/\/redamlo.com\/index.php\/2024\/04\/06\/presidente-agradece-solidaridad-internacional-tras-asalto-de-la-embajada-de-mexico-en-ecuador\/#primaryimage"},"thumbnailUrl":"https:\/\/redamlo.com\/wp-content\/uploads\/2024\/04\/amlo-agradece-solidaridad-internacional.jpeg","keywords":["AMLO","conflicto mexico-ecuador"],"articleSection":["Presidencia"],"inLanguage":"es","potentialAction":[{"@type":"CommentAction","name":"Comment","target":["https:\/\/redamlo.com\/index.php\/2024\/04\/06\/presidente-agradece-solidaridad-internacional-tras-asalto-de-la-embajada-de-mexico-en-ecuador\/#respond"]}]},{"@type":"WebPage","@id":"https:\/\/redamlo.com\/index.php\/2024\/04\/06\/presidente-agradece-solidaridad-internacional-tras-asalto-de-la-embajada-de-mexico-en-ecuador\/","url":"https:\/\/redamlo.com\/index.php\/2024\/04\/06\/presidente-agradece-solidaridad-internacional-tras-asalto-de-la-embajada-de-mexico-en-ecuador\/","name":"PRESIDENTE AGRADECE SOLIDARIDAD INTERNACIONAL TRAS ASALTO DE LA EMBAJADA DE M\u00c9XICO EN ECUADOR - NOTICIAS DE LA 4T","isPartOf":{"@id":"https:\/\/redamlo.com\/#website"},"primaryImageOfPage":{"@id":"https:\/\/redamlo.com\/index.php\/2024\/04\/06\/presidente-agradece-solidaridad-internacional-tras-asalto-de-la-embajada-de-mexico-en-ecuador\/#primaryimage"},"image":{"@id":"https:\/\/redamlo.com\/index.php\/2024\/04\/06\/presidente-agradece-solidaridad-internacional-tras-asalto-de-la-embajada-de-mexico-en-ecuador\/#primaryimage"},"thumbnailUrl":"https:\/\/redamlo.com\/wp-content\/uploads\/2024\/04\/amlo-agradece-solidaridad-internacional.jpeg","datePublished":"2024-04-06T23:18:53+00:00","breadcrumb":{"@id":"https:\/\/redamlo.com\/index.php\/2024\/04\/06\/presidente-agradece-solidaridad-internacional-tras-asalto-de-la-embajada-de-mexico-en-ecuador\/#breadcrumb"},"inLanguage":"es","potentialAction":[{"@type":"ReadAction","target":["https:\/\/redamlo.com\/index.php\/2024\/04\/06\/presidente-agradece-solidaridad-internacional-tras-asalto-de-la-embajada-de-mexico-en-ecuador\/"]}]},{"@type":"ImageObject","inLanguage":"es","@id":"https:\/\/redamlo.com\/index.php\/2024\/04\/06\/presidente-agradece-solidaridad-internacional-tras-asalto-de-la-embajada-de-mexico-en-ecuador\/#primaryimage","url":"https:\/\/redamlo.com\/wp-content\/uploads\/2024\/04\/amlo-agradece-solidaridad-internacional.jpeg","contentUrl":"https:\/\/redamlo.com\/wp-content\/uploads\/2024\/04\/amlo-agradece-solidaridad-internacional.jpeg","width":1280,"height":853},{"@type":"BreadcrumbList","@id":"https:\/\/redamlo.com\/index.php\/2024\/04\/06\/presidente-agradece-solidaridad-internacional-tras-asalto-de-la-embajada-de-mexico-en-ecuador\/#breadcrumb","itemListElement":[{"@type":"ListItem","position":1,"name":"Inicio","item":"https:\/\/redamlo.com\/"},{"@type":"ListItem","position":2,"name":"PRESIDENTE AGRADECE SOLIDARIDAD INTERNACIONAL TRAS ASALTO DE LA EMBAJADA DE M\u00c9XICO EN ECUADOR"}]},{"@type":"WebSite","@id":"https:\/\/redamlo.com\/#website","url":"https:\/\/redamlo.com\/","name":"NOTICIAS DE LA 4T","description":"","publisher":{"@id":"https:\/\/redamlo.com\/#organization"},"potentialAction":[{"@type":"SearchAction","target":{"@type":"EntryPoint","urlTemplate":"https:\/\/redamlo.com\/?s={search_term_string}"},"query-input":{"@type":"PropertyValueSpecification","valueRequired":true,"valueName":"search_term_string"}}],"inLanguage":"es"},{"@type":"Organization","@id":"https:\/\/redamlo.com\/#organization","name":"NOTICIAS DE LA 4T","url":"https:\/\/redamlo.com\/","logo":{"@type":"ImageObject","inLanguage":"es","@id":"https:\/\/redamlo.com\/#\/schema\/logo\/image\/","url":"https:\/\/redamlo.com\/wp-content\/uploads\/2024\/08\/cropped-RED-AMLO-logo-50.png","contentUrl":"https:\/\/redamlo.com\/wp-content\/uploads\/2024\/08\/cropped-RED-AMLO-logo-50.png","width":256,"height":256,"caption":"NOTICIAS DE LA 4T"},"image":{"@id":"https:\/\/redamlo.com\/#\/schema\/logo\/image\/"}},{"@type":"Person","@id":"https:\/\/redamlo.com\/#\/schema\/person\/197a0a670d21b1f4f1483ddda1b64613","name":"admin","image":{"@type":"ImageObject","inLanguage":"es","@id":"https:\/\/secure.gravatar.com\/avatar\/293dccd927043f2e641da6685c2f84009782eb9ee0054daceada4e261ded849a?s=96&d=mm&r=g","url":"https:\/\/secure.gravatar.com\/avatar\/293dccd927043f2e641da6685c2f84009782eb9ee0054daceada4e261ded849a?s=96&d=mm&r=g","contentUrl":"https:\/\/secure.gravatar.com\/avatar\/293dccd927043f2e641da6685c2f84009782eb9ee0054daceada4e261ded849a?s=96&d=mm&r=g","caption":"admin"},"sameAs":["https:\/\/redamlo.com"],"url":"https:\/\/redamlo.com\/index.php\/author\/stell\/"}]}},"_links":{"self":[{"href":"https:\/\/redamlo.com\/index.php\/wp-json\/wp\/v2\/posts\/7710","targetHints":{"allow":["GET"]}}],"collection":[{"href":"https:\/\/redamlo.com\/index.php\/wp-json\/wp\/v2\/posts"}],"about":[{"href":"https:\/\/redamlo.com\/index.php\/wp-json\/wp\/v2\/types\/post"}],"author":[{"embeddable":true,"href":"https:\/\/redamlo.com\/index.php\/wp-json\/wp\/v2\/users\/1"}],"replies":[{"embeddable":true,"href":"https:\/\/redamlo.com\/index.php\/wp-json\/wp\/v2\/comments?post=7710"}],"version-history":[{"count":0,"href":"https:\/\/redamlo.com\/index.php\/wp-json\/wp\/v2\/posts\/7710\/revisions"}],"wp:featuredmedia":[{"embeddable":true,"href":"https:\/\/redamlo.com\/index.php\/wp-json\/wp\/v2\/media\/7711"}],"wp:attachment":[{"href":"https:\/\/redamlo.com\/index.php\/wp-json\/wp\/v2\/media?parent=7710"}],"wp:term":[{"taxonomy":"category","embeddable":true,"href":"https:\/\/redamlo.com\/index.php\/wp-json\/wp\/v2\/categories?post=7710"},{"taxonomy":"post_tag","embeddable":true,"href":"https:\/\/redamlo.com\/index.php\/wp-json\/wp\/v2\/tags?post=7710"}],"curies":[{"name":"wp","href":"https:\/\/api.w.org\/{rel}","templated":true}]}}