{"id":7707,"date":"2024-04-05T23:59:46","date_gmt":"2024-04-06T05:59:46","guid":{"rendered":"https:\/\/redamlo.com\/?p=7707"},"modified":"2024-04-05T23:59:46","modified_gmt":"2024-04-06T05:59:46","slug":"amlo-condena-ingreso-de-policia-de-ecuador-en-embajada-de-mexico-instruye-rompimiento-de-relaciones-diplomaticas","status":"publish","type":"post","link":"https:\/\/redamlo.com\/index.php\/2024\/04\/05\/amlo-condena-ingreso-de-policia-de-ecuador-en-embajada-de-mexico-instruye-rompimiento-de-relaciones-diplomaticas\/","title":{"rendered":"AMLO CONDENA INGRESO DE POLIC\u00cdA DE ECUADOR EN EMBAJADA DE M\u00c9XICO; INSTRUYE ROMPIMIENTO DE RELACIONES DIPLOM\u00c1TICAS"},"content":{"rendered":"<p>El presidente Andr\u00e9s Manuel L\u00f3pez Obrador afirm\u00f3 que la irrupci\u00f3n por la fuerza de polic\u00edas de Ecuador a la embajada de M\u00e9xico en ese pa\u00eds es un hecho autoritario y \u201cuna una violaci\u00f3n flagrante al derecho internacional y a la soberan\u00eda de M\u00e9xico\u201d.<\/p>\n<blockquote class=\"twitter-tweet\" data-width=\"550\" data-dnt=\"true\">\n<p lang=\"es\" dir=\"ltr\">Me acaba de informar Alicia B\u00e1rcena, nuestra secretaria de Relaciones Exteriores que polic\u00edas de Ecuador entraron por la fuerza a nuestra embajada y se llevaron detenido al exvicepresidente de ese pa\u00eds quien se encontraba refugiado y tramitando asilo por la persecuci\u00f3n y el acoso\u2026<\/p>\n<p>&mdash; Andr\u00e9s Manuel (@lopezobrador_) <a href=\"https:\/\/twitter.com\/lopezobrador_\/status\/1776467730423824446?ref_src=twsrc%5Etfw\">April 6, 2024<\/a><\/p><\/blockquote>\n<p><script async src=\"https:\/\/platform.twitter.com\/widgets.js\" charset=\"utf-8\"><\/script><\/p>\n<p>Al condenar el hecho en sus redes sociales, el mandatario inform\u00f3 que instruy\u00f3 a la secretaria de Relaciones Exteriores, Alicia B\u00e1rcena, declarar de inmediato la suspensi\u00f3n de relaciones diplom\u00e1ticas con el gobierno de Ecuador. Adem\u00e1s, la canciller emitir\u00e1 un comunicado al respecto y proceder\u00e1 de manera legal.<\/p>\n<p>La polic\u00eda ecuatoriana hizo uso de la fuerza en la embajada para llevarse detenido al exvicepresidente de ese pa\u00eds, Jorge David Glas Espinel, que se encontraba refugiado y tramitando asilo por la persecuci\u00f3n y el acoso que enfrenta, acot\u00f3 el mandatario en la publicaci\u00f3n.<\/p>\n","protected":false},"excerpt":{"rendered":"<p>El presidente Andr\u00e9s Manuel L\u00f3pez Obrador afirm\u00f3 que la irrupci\u00f3n por la fuerza de polic\u00edas&#8230;<\/p>\n","protected":false},"author":1,"featured_media":7708,"comment_status":"open","ping_status":"closed","sticky":false,"template":"","format":"standard","meta":{"footnotes":""},"categories":[27],"tags":[2659,84,2660,1466],"class_list":["post-7707","post","type-post","status-publish","format-standard","has-post-thumbnail","hentry","category-presidencia","tag-america-latina","tag-amlo","tag-conflicto-mexico-ecuador","tag-onu"],"yoast_head":"<!-- This site is optimized with the Yoast SEO plugin v27.5 - https:\/\/yoast.com\/product\/yoast-seo-wordpress\/ -->\n<title>AMLO CONDENA INGRESO DE POLIC\u00cdA DE ECUADOR EN EMBAJADA DE M\u00c9XICO; INSTRUYE ROMPIMIENTO DE RELACIONES DIPLOM\u00c1TICAS - NOTICIAS DE LA 4T<\/title>\n<meta name=\"robots\" content=\"noindex, follow, max-snippet:-1, max-image-preview:large, max-video-preview:-1\" \/>\n<meta property=\"og:locale\" content=\"es_MX\" \/>\n<meta property=\"og:type\" content=\"article\" \/>\n<meta property=\"og:title\" content=\"AMLO CONDENA INGRESO DE POLIC\u00cdA DE ECUADOR EN EMBAJADA DE M\u00c9XICO; INSTRUYE ROMPIMIENTO DE RELACIONES DIPLOM\u00c1TICAS - NOTICIAS DE LA 4T\" \/>\n<meta property=\"og:description\" content=\"El presidente Andr\u00e9s Manuel L\u00f3pez Obrador afirm\u00f3 que la irrupci\u00f3n por la fuerza de polic\u00edas...\" \/>\n<meta property=\"og:url\" content=\"https:\/\/redamlo.com\/index.php\/2024\/04\/05\/amlo-condena-ingreso-de-policia-de-ecuador-en-embajada-de-mexico-instruye-rompimiento-de-relaciones-diplomaticas\/\" \/>\n<meta property=\"og:site_name\" content=\"NOTICIAS DE LA 4T\" \/>\n<meta property=\"article:published_time\" content=\"2024-04-06T05:59:46+00:00\" \/>\n<meta property=\"og:image\" content=\"https:\/\/redamlo.com\/wp-content\/uploads\/2024\/04\/A137198E-6937-40F5-96FA-4342214DB132.jpeg\" \/>\n\t<meta property=\"og:image:width\" content=\"1280\" \/>\n\t<meta property=\"og:image:height\" content=\"853\" \/>\n\t<meta property=\"og:image:type\" content=\"image\/jpeg\" \/>\n<meta name=\"author\" content=\"admin\" \/>\n<meta name=\"twitter:card\" content=\"summary_large_image\" \/>\n<meta name=\"twitter:label1\" content=\"Escrito por\" \/>\n\t<meta name=\"twitter:data1\" content=\"admin\" \/>\n\t<meta name=\"twitter:label2\" content=\"Tiempo de lectura\" \/>\n\t<meta name=\"twitter:data2\" content=\"1 minuto\" \/>\n<script type=\"application\/ld+json\" class=\"yoast-schema-graph\">{\"@context\":\"https:\\\/\\\/schema.org\",\"@graph\":[{\"@type\":\"Article\",\"@id\":\"https:\\\/\\\/redamlo.com\\\/index.php\\\/2024\\\/04\\\/05\\\/amlo-condena-ingreso-de-policia-de-ecuador-en-embajada-de-mexico-instruye-rompimiento-de-relaciones-diplomaticas\\\/#article\",\"isPartOf\":{\"@id\":\"https:\\\/\\\/redamlo.com\\\/index.php\\\/2024\\\/04\\\/05\\\/amlo-condena-ingreso-de-policia-de-ecuador-en-embajada-de-mexico-instruye-rompimiento-de-relaciones-diplomaticas\\\/\"},\"author\":{\"name\":\"admin\",\"@id\":\"https:\\\/\\\/redamlo.com\\\/#\\\/schema\\\/person\\\/197a0a670d21b1f4f1483ddda1b64613\"},\"headline\":\"AMLO CONDENA INGRESO DE POLIC\u00cdA DE ECUADOR EN EMBAJADA DE M\u00c9XICO; INSTRUYE ROMPIMIENTO DE RELACIONES DIPLOM\u00c1TICAS\",\"datePublished\":\"2024-04-06T05:59:46+00:00\",\"mainEntityOfPage\":{\"@id\":\"https:\\\/\\\/redamlo.com\\\/index.php\\\/2024\\\/04\\\/05\\\/amlo-condena-ingreso-de-policia-de-ecuador-en-embajada-de-mexico-instruye-rompimiento-de-relaciones-diplomaticas\\\/\"},\"wordCount\":208,\"commentCount\":0,\"publisher\":{\"@id\":\"https:\\\/\\\/redamlo.com\\\/#organization\"},\"image\":{\"@id\":\"https:\\\/\\\/redamlo.com\\\/index.php\\\/2024\\\/04\\\/05\\\/amlo-condena-ingreso-de-policia-de-ecuador-en-embajada-de-mexico-instruye-rompimiento-de-relaciones-diplomaticas\\\/#primaryimage\"},\"thumbnailUrl\":\"https:\\\/\\\/redamlo.com\\\/wp-content\\\/uploads\\\/2024\\\/04\\\/A137198E-6937-40F5-96FA-4342214DB132.jpeg\",\"keywords\":[\"america latina\",\"AMLO\",\"conflicto mexico-ecuador\",\"ONU\"],\"articleSection\":[\"Presidencia\"],\"inLanguage\":\"es\",\"potentialAction\":[{\"@type\":\"CommentAction\",\"name\":\"Comment\",\"target\":[\"https:\\\/\\\/redamlo.com\\\/index.php\\\/2024\\\/04\\\/05\\\/amlo-condena-ingreso-de-policia-de-ecuador-en-embajada-de-mexico-instruye-rompimiento-de-relaciones-diplomaticas\\\/#respond\"]}]},{\"@type\":\"WebPage\",\"@id\":\"https:\\\/\\\/redamlo.com\\\/index.php\\\/2024\\\/04\\\/05\\\/amlo-condena-ingreso-de-policia-de-ecuador-en-embajada-de-mexico-instruye-rompimiento-de-relaciones-diplomaticas\\\/\",\"url\":\"https:\\\/\\\/redamlo.com\\\/index.php\\\/2024\\\/04\\\/05\\\/amlo-condena-ingreso-de-policia-de-ecuador-en-embajada-de-mexico-instruye-rompimiento-de-relaciones-diplomaticas\\\/\",\"name\":\"AMLO CONDENA INGRESO DE POLIC\u00cdA DE ECUADOR EN EMBAJADA DE M\u00c9XICO; INSTRUYE ROMPIMIENTO DE RELACIONES DIPLOM\u00c1TICAS - NOTICIAS DE LA 4T\",\"isPartOf\":{\"@id\":\"https:\\\/\\\/redamlo.com\\\/#website\"},\"primaryImageOfPage\":{\"@id\":\"https:\\\/\\\/redamlo.com\\\/index.php\\\/2024\\\/04\\\/05\\\/amlo-condena-ingreso-de-policia-de-ecuador-en-embajada-de-mexico-instruye-rompimiento-de-relaciones-diplomaticas\\\/#primaryimage\"},\"image\":{\"@id\":\"https:\\\/\\\/redamlo.com\\\/index.php\\\/2024\\\/04\\\/05\\\/amlo-condena-ingreso-de-policia-de-ecuador-en-embajada-de-mexico-instruye-rompimiento-de-relaciones-diplomaticas\\\/#primaryimage\"},\"thumbnailUrl\":\"https:\\\/\\\/redamlo.com\\\/wp-content\\\/uploads\\\/2024\\\/04\\\/A137198E-6937-40F5-96FA-4342214DB132.jpeg\",\"datePublished\":\"2024-04-06T05:59:46+00:00\",\"breadcrumb\":{\"@id\":\"https:\\\/\\\/redamlo.com\\\/index.php\\\/2024\\\/04\\\/05\\\/amlo-condena-ingreso-de-policia-de-ecuador-en-embajada-de-mexico-instruye-rompimiento-de-relaciones-diplomaticas\\\/#breadcrumb\"},\"inLanguage\":\"es\",\"potentialAction\":[{\"@type\":\"ReadAction\",\"target\":[\"https:\\\/\\\/redamlo.com\\\/index.php\\\/2024\\\/04\\\/05\\\/amlo-condena-ingreso-de-policia-de-ecuador-en-embajada-de-mexico-instruye-rompimiento-de-relaciones-diplomaticas\\\/\"]}]},{\"@type\":\"ImageObject\",\"inLanguage\":\"es\",\"@id\":\"https:\\\/\\\/redamlo.com\\\/index.php\\\/2024\\\/04\\\/05\\\/amlo-condena-ingreso-de-policia-de-ecuador-en-embajada-de-mexico-instruye-rompimiento-de-relaciones-diplomaticas\\\/#primaryimage\",\"url\":\"https:\\\/\\\/redamlo.com\\\/wp-content\\\/uploads\\\/2024\\\/04\\\/A137198E-6937-40F5-96FA-4342214DB132.jpeg\",\"contentUrl\":\"https:\\\/\\\/redamlo.com\\\/wp-content\\\/uploads\\\/2024\\\/04\\\/A137198E-6937-40F5-96FA-4342214DB132.jpeg\",\"width\":1280,\"height\":853},{\"@type\":\"BreadcrumbList\",\"@id\":\"https:\\\/\\\/redamlo.com\\\/index.php\\\/2024\\\/04\\\/05\\\/amlo-condena-ingreso-de-policia-de-ecuador-en-embajada-de-mexico-instruye-rompimiento-de-relaciones-diplomaticas\\\/#breadcrumb\",\"itemListElement\":[{\"@type\":\"ListItem\",\"position\":1,\"name\":\"Inicio\",\"item\":\"https:\\\/\\\/redamlo.com\\\/\"},{\"@type\":\"ListItem\",\"position\":2,\"name\":\"AMLO CONDENA INGRESO DE POLIC\u00cdA DE ECUADOR EN EMBAJADA DE M\u00c9XICO; INSTRUYE ROMPIMIENTO DE RELACIONES DIPLOM\u00c1TICAS\"}]},{\"@type\":\"WebSite\",\"@id\":\"https:\\\/\\\/redamlo.com\\\/#website\",\"url\":\"https:\\\/\\\/redamlo.com\\\/\",\"name\":\"NOTICIAS DE LA 4T\",\"description\":\"\",\"publisher\":{\"@id\":\"https:\\\/\\\/redamlo.com\\\/#organization\"},\"potentialAction\":[{\"@type\":\"SearchAction\",\"target\":{\"@type\":\"EntryPoint\",\"urlTemplate\":\"https:\\\/\\\/redamlo.com\\\/?s={search_term_string}\"},\"query-input\":{\"@type\":\"PropertyValueSpecification\",\"valueRequired\":true,\"valueName\":\"search_term_string\"}}],\"inLanguage\":\"es\"},{\"@type\":\"Organization\",\"@id\":\"https:\\\/\\\/redamlo.com\\\/#organization\",\"name\":\"NOTICIAS DE LA 4T\",\"url\":\"https:\\\/\\\/redamlo.com\\\/\",\"logo\":{\"@type\":\"ImageObject\",\"inLanguage\":\"es\",\"@id\":\"https:\\\/\\\/redamlo.com\\\/#\\\/schema\\\/logo\\\/image\\\/\",\"url\":\"https:\\\/\\\/redamlo.com\\\/wp-content\\\/uploads\\\/2024\\\/08\\\/cropped-RED-AMLO-logo-50.png\",\"contentUrl\":\"https:\\\/\\\/redamlo.com\\\/wp-content\\\/uploads\\\/2024\\\/08\\\/cropped-RED-AMLO-logo-50.png\",\"width\":256,\"height\":256,\"caption\":\"NOTICIAS DE LA 4T\"},\"image\":{\"@id\":\"https:\\\/\\\/redamlo.com\\\/#\\\/schema\\\/logo\\\/image\\\/\"}},{\"@type\":\"Person\",\"@id\":\"https:\\\/\\\/redamlo.com\\\/#\\\/schema\\\/person\\\/197a0a670d21b1f4f1483ddda1b64613\",\"name\":\"admin\",\"image\":{\"@type\":\"ImageObject\",\"inLanguage\":\"es\",\"@id\":\"https:\\\/\\\/secure.gravatar.com\\\/avatar\\\/293dccd927043f2e641da6685c2f84009782eb9ee0054daceada4e261ded849a?s=96&d=mm&r=g\",\"url\":\"https:\\\/\\\/secure.gravatar.com\\\/avatar\\\/293dccd927043f2e641da6685c2f84009782eb9ee0054daceada4e261ded849a?s=96&d=mm&r=g\",\"contentUrl\":\"https:\\\/\\\/secure.gravatar.com\\\/avatar\\\/293dccd927043f2e641da6685c2f84009782eb9ee0054daceada4e261ded849a?s=96&d=mm&r=g\",\"caption\":\"admin\"},\"sameAs\":[\"https:\\\/\\\/redamlo.com\"],\"url\":\"https:\\\/\\\/redamlo.com\\\/index.php\\\/author\\\/stell\\\/\"}]}<\/script>\n<!-- \/ Yoast SEO plugin. -->","yoast_head_json":{"title":"AMLO CONDENA INGRESO DE POLIC\u00cdA DE ECUADOR EN EMBAJADA DE M\u00c9XICO; INSTRUYE ROMPIMIENTO DE RELACIONES DIPLOM\u00c1TICAS - NOTICIAS DE LA 4T","robots":{"index":"noindex","follow":"follow","max-snippet":"max-snippet:-1","max-image-preview":"max-image-preview:large","max-video-preview":"max-video-preview:-1"},"og_locale":"es_MX","og_type":"article","og_title":"AMLO CONDENA INGRESO DE POLIC\u00cdA DE ECUADOR EN EMBAJADA DE M\u00c9XICO; INSTRUYE ROMPIMIENTO DE RELACIONES DIPLOM\u00c1TICAS - NOTICIAS DE LA 4T","og_description":"El presidente Andr\u00e9s Manuel L\u00f3pez Obrador afirm\u00f3 que la irrupci\u00f3n por la fuerza de polic\u00edas...","og_url":"https:\/\/redamlo.com\/index.php\/2024\/04\/05\/amlo-condena-ingreso-de-policia-de-ecuador-en-embajada-de-mexico-instruye-rompimiento-de-relaciones-diplomaticas\/","og_site_name":"NOTICIAS DE LA 4T","article_published_time":"2024-04-06T05:59:46+00:00","og_image":[{"width":1280,"height":853,"url":"https:\/\/redamlo.com\/wp-content\/uploads\/2024\/04\/A137198E-6937-40F5-96FA-4342214DB132.jpeg","type":"image\/jpeg"}],"author":"admin","twitter_card":"summary_large_image","twitter_misc":{"Escrito por":"admin","Tiempo de lectura":"1 minuto"},"schema":{"@context":"https:\/\/schema.org","@graph":[{"@type":"Article","@id":"https:\/\/redamlo.com\/index.php\/2024\/04\/05\/amlo-condena-ingreso-de-policia-de-ecuador-en-embajada-de-mexico-instruye-rompimiento-de-relaciones-diplomaticas\/#article","isPartOf":{"@id":"https:\/\/redamlo.com\/index.php\/2024\/04\/05\/amlo-condena-ingreso-de-policia-de-ecuador-en-embajada-de-mexico-instruye-rompimiento-de-relaciones-diplomaticas\/"},"author":{"name":"admin","@id":"https:\/\/redamlo.com\/#\/schema\/person\/197a0a670d21b1f4f1483ddda1b64613"},"headline":"AMLO CONDENA INGRESO DE POLIC\u00cdA DE ECUADOR EN EMBAJADA DE M\u00c9XICO; INSTRUYE ROMPIMIENTO DE RELACIONES DIPLOM\u00c1TICAS","datePublished":"2024-04-06T05:59:46+00:00","mainEntityOfPage":{"@id":"https:\/\/redamlo.com\/index.php\/2024\/04\/05\/amlo-condena-ingreso-de-policia-de-ecuador-en-embajada-de-mexico-instruye-rompimiento-de-relaciones-diplomaticas\/"},"wordCount":208,"commentCount":0,"publisher":{"@id":"https:\/\/redamlo.com\/#organization"},"image":{"@id":"https:\/\/redamlo.com\/index.php\/2024\/04\/05\/amlo-condena-ingreso-de-policia-de-ecuador-en-embajada-de-mexico-instruye-rompimiento-de-relaciones-diplomaticas\/#primaryimage"},"thumbnailUrl":"https:\/\/redamlo.com\/wp-content\/uploads\/2024\/04\/A137198E-6937-40F5-96FA-4342214DB132.jpeg","keywords":["america latina","AMLO","conflicto mexico-ecuador","ONU"],"articleSection":["Presidencia"],"inLanguage":"es","potentialAction":[{"@type":"CommentAction","name":"Comment","target":["https:\/\/redamlo.com\/index.php\/2024\/04\/05\/amlo-condena-ingreso-de-policia-de-ecuador-en-embajada-de-mexico-instruye-rompimiento-de-relaciones-diplomaticas\/#respond"]}]},{"@type":"WebPage","@id":"https:\/\/redamlo.com\/index.php\/2024\/04\/05\/amlo-condena-ingreso-de-policia-de-ecuador-en-embajada-de-mexico-instruye-rompimiento-de-relaciones-diplomaticas\/","url":"https:\/\/redamlo.com\/index.php\/2024\/04\/05\/amlo-condena-ingreso-de-policia-de-ecuador-en-embajada-de-mexico-instruye-rompimiento-de-relaciones-diplomaticas\/","name":"AMLO CONDENA INGRESO DE POLIC\u00cdA DE ECUADOR EN EMBAJADA DE M\u00c9XICO; INSTRUYE ROMPIMIENTO DE RELACIONES DIPLOM\u00c1TICAS - NOTICIAS DE LA 4T","isPartOf":{"@id":"https:\/\/redamlo.com\/#website"},"primaryImageOfPage":{"@id":"https:\/\/redamlo.com\/index.php\/2024\/04\/05\/amlo-condena-ingreso-de-policia-de-ecuador-en-embajada-de-mexico-instruye-rompimiento-de-relaciones-diplomaticas\/#primaryimage"},"image":{"@id":"https:\/\/redamlo.com\/index.php\/2024\/04\/05\/amlo-condena-ingreso-de-policia-de-ecuador-en-embajada-de-mexico-instruye-rompimiento-de-relaciones-diplomaticas\/#primaryimage"},"thumbnailUrl":"https:\/\/redamlo.com\/wp-content\/uploads\/2024\/04\/A137198E-6937-40F5-96FA-4342214DB132.jpeg","datePublished":"2024-04-06T05:59:46+00:00","breadcrumb":{"@id":"https:\/\/redamlo.com\/index.php\/2024\/04\/05\/amlo-condena-ingreso-de-policia-de-ecuador-en-embajada-de-mexico-instruye-rompimiento-de-relaciones-diplomaticas\/#breadcrumb"},"inLanguage":"es","potentialAction":[{"@type":"ReadAction","target":["https:\/\/redamlo.com\/index.php\/2024\/04\/05\/amlo-condena-ingreso-de-policia-de-ecuador-en-embajada-de-mexico-instruye-rompimiento-de-relaciones-diplomaticas\/"]}]},{"@type":"ImageObject","inLanguage":"es","@id":"https:\/\/redamlo.com\/index.php\/2024\/04\/05\/amlo-condena-ingreso-de-policia-de-ecuador-en-embajada-de-mexico-instruye-rompimiento-de-relaciones-diplomaticas\/#primaryimage","url":"https:\/\/redamlo.com\/wp-content\/uploads\/2024\/04\/A137198E-6937-40F5-96FA-4342214DB132.jpeg","contentUrl":"https:\/\/redamlo.com\/wp-content\/uploads\/2024\/04\/A137198E-6937-40F5-96FA-4342214DB132.jpeg","width":1280,"height":853},{"@type":"BreadcrumbList","@id":"https:\/\/redamlo.com\/index.php\/2024\/04\/05\/amlo-condena-ingreso-de-policia-de-ecuador-en-embajada-de-mexico-instruye-rompimiento-de-relaciones-diplomaticas\/#breadcrumb","itemListElement":[{"@type":"ListItem","position":1,"name":"Inicio","item":"https:\/\/redamlo.com\/"},{"@type":"ListItem","position":2,"name":"AMLO CONDENA INGRESO DE POLIC\u00cdA DE ECUADOR EN EMBAJADA DE M\u00c9XICO; INSTRUYE ROMPIMIENTO DE RELACIONES DIPLOM\u00c1TICAS"}]},{"@type":"WebSite","@id":"https:\/\/redamlo.com\/#website","url":"https:\/\/redamlo.com\/","name":"NOTICIAS DE LA 4T","description":"","publisher":{"@id":"https:\/\/redamlo.com\/#organization"},"potentialAction":[{"@type":"SearchAction","target":{"@type":"EntryPoint","urlTemplate":"https:\/\/redamlo.com\/?s={search_term_string}"},"query-input":{"@type":"PropertyValueSpecification","valueRequired":true,"valueName":"search_term_string"}}],"inLanguage":"es"},{"@type":"Organization","@id":"https:\/\/redamlo.com\/#organization","name":"NOTICIAS DE LA 4T","url":"https:\/\/redamlo.com\/","logo":{"@type":"ImageObject","inLanguage":"es","@id":"https:\/\/redamlo.com\/#\/schema\/logo\/image\/","url":"https:\/\/redamlo.com\/wp-content\/uploads\/2024\/08\/cropped-RED-AMLO-logo-50.png","contentUrl":"https:\/\/redamlo.com\/wp-content\/uploads\/2024\/08\/cropped-RED-AMLO-logo-50.png","width":256,"height":256,"caption":"NOTICIAS DE LA 4T"},"image":{"@id":"https:\/\/redamlo.com\/#\/schema\/logo\/image\/"}},{"@type":"Person","@id":"https:\/\/redamlo.com\/#\/schema\/person\/197a0a670d21b1f4f1483ddda1b64613","name":"admin","image":{"@type":"ImageObject","inLanguage":"es","@id":"https:\/\/secure.gravatar.com\/avatar\/293dccd927043f2e641da6685c2f84009782eb9ee0054daceada4e261ded849a?s=96&d=mm&r=g","url":"https:\/\/secure.gravatar.com\/avatar\/293dccd927043f2e641da6685c2f84009782eb9ee0054daceada4e261ded849a?s=96&d=mm&r=g","contentUrl":"https:\/\/secure.gravatar.com\/avatar\/293dccd927043f2e641da6685c2f84009782eb9ee0054daceada4e261ded849a?s=96&d=mm&r=g","caption":"admin"},"sameAs":["https:\/\/redamlo.com"],"url":"https:\/\/redamlo.com\/index.php\/author\/stell\/"}]}},"_links":{"self":[{"href":"https:\/\/redamlo.com\/index.php\/wp-json\/wp\/v2\/posts\/7707","targetHints":{"allow":["GET"]}}],"collection":[{"href":"https:\/\/redamlo.com\/index.php\/wp-json\/wp\/v2\/posts"}],"about":[{"href":"https:\/\/redamlo.com\/index.php\/wp-json\/wp\/v2\/types\/post"}],"author":[{"embeddable":true,"href":"https:\/\/redamlo.com\/index.php\/wp-json\/wp\/v2\/users\/1"}],"replies":[{"embeddable":true,"href":"https:\/\/redamlo.com\/index.php\/wp-json\/wp\/v2\/comments?post=7707"}],"version-history":[{"count":0,"href":"https:\/\/redamlo.com\/index.php\/wp-json\/wp\/v2\/posts\/7707\/revisions"}],"wp:featuredmedia":[{"embeddable":true,"href":"https:\/\/redamlo.com\/index.php\/wp-json\/wp\/v2\/media\/7708"}],"wp:attachment":[{"href":"https:\/\/redamlo.com\/index.php\/wp-json\/wp\/v2\/media?parent=7707"}],"wp:term":[{"taxonomy":"category","embeddable":true,"href":"https:\/\/redamlo.com\/index.php\/wp-json\/wp\/v2\/categories?post=7707"},{"taxonomy":"post_tag","embeddable":true,"href":"https:\/\/redamlo.com\/index.php\/wp-json\/wp\/v2\/tags?post=7707"}],"curies":[{"name":"wp","href":"https:\/\/api.w.org\/{rel}","templated":true}]}}