{"id":770,"date":"2020-02-22T18:08:52","date_gmt":"2020-02-23T00:08:52","guid":{"rendered":"http:\/\/redamlo.com\/?p=770"},"modified":"2020-02-22T18:08:52","modified_gmt":"2020-02-23T00:08:52","slug":"alejandro-rojas-suplente-de-monreal-en-senado-y-con-una-nula-fuerza-politica-quiere-dirigir-morena","status":"publish","type":"post","link":"https:\/\/redamlo.com\/index.php\/2020\/02\/22\/alejandro-rojas-suplente-de-monreal-en-senado-y-con-una-nula-fuerza-politica-quiere-dirigir-morena\/","title":{"rendered":"Alejandro Rojas, suplente de Monreal en Senado y con una nula fuerza politica  quiere dirigir Morena"},"content":{"rendered":"<h3>Ciudad de M\u00e9xico a 22 de Febrero 2020 (4T Press).-<\/h3>\n<p><strong>Alejandro Rojas D\u00edaz Dur\u00e1n<\/strong> ha sido el mas quejumbroso y mas d\u00e9bil de los personajes\u00a0 que pretenden dirigir MORENA.<\/p>\n<p>Es uno de los principales detractores de la gesti\u00f3n de Yeidckol Polevnsky como secretaria general de Morena con labores de presidenta.<\/p>\n<p>Ha declarado en reiteradas ocasiones intereses al interior del partido, incluso ha pedido que si <strong>Bertha Luj\u00e1n y Yeidckol<\/strong> <strong>Polevnsky<\/strong>, quienes buscan la presidencia del partido, minan la institucionalidad del partido, todos los militantes, incluido el presidente<strong> Andr\u00e9s Manuel L\u00f3pez Obrador<\/strong>, deben renunciar a Morena.<\/p>\n<p>Lo que deja ver un claro panorama y las negras\u00a0 intenciones de <strong>Ricardo Monreal y Alejandro Rojas. <\/strong>Incluso de crear otro partido<\/p>\n<p>&#8220;Si las dirigentes contin\u00faan montadas en su necedad de seguir echando a perder Morena, los protagonistas del cambio verdadero, que somos los lopezobradoristas de coraz\u00f3n, le vamos a solicitar a nuestro fundador, el presidente Andr\u00e9s Manuel L\u00f3pez Obrador, que renunciemos todos junto con \u00e9l a Morena&#8221;, se\u00f1al\u00f3 en una conferencia del 23 de enero.<\/p>\n","protected":false},"excerpt":{"rendered":"<p>Ciudad de M\u00e9xico a 22 de Febrero 2020 (4T Press).- Alejandro Rojas D\u00edaz Dur\u00e1n ha&#8230;<\/p>\n","protected":false},"author":2,"featured_media":772,"comment_status":"open","ping_status":"closed","sticky":false,"template":"","format":"standard","meta":{"footnotes":""},"categories":[1],"tags":[],"class_list":["post-770","post","type-post","status-publish","format-standard","has-post-thumbnail","hentry","category-uncategorized"],"yoast_head":"<!-- This site is optimized with the Yoast SEO plugin v27.5 - https:\/\/yoast.com\/product\/yoast-seo-wordpress\/ -->\n<title>Alejandro Rojas, suplente de Monreal en Senado y con una nula fuerza politica quiere dirigir Morena - NOTICIAS DE LA 4T<\/title>\n<meta name=\"robots\" content=\"noindex, follow, max-snippet:-1, max-image-preview:large, max-video-preview:-1\" \/>\n<meta property=\"og:locale\" content=\"es_MX\" \/>\n<meta property=\"og:type\" content=\"article\" \/>\n<meta property=\"og:title\" content=\"Alejandro Rojas, suplente de Monreal en Senado y con una nula fuerza politica quiere dirigir Morena - NOTICIAS DE LA 4T\" \/>\n<meta property=\"og:description\" content=\"Ciudad de M\u00e9xico a 22 de Febrero 2020 (4T Press).- Alejandro Rojas D\u00edaz Dur\u00e1n ha...\" \/>\n<meta property=\"og:url\" content=\"https:\/\/redamlo.com\/index.php\/2020\/02\/22\/alejandro-rojas-suplente-de-monreal-en-senado-y-con-una-nula-fuerza-politica-quiere-dirigir-morena\/\" \/>\n<meta property=\"og:site_name\" content=\"NOTICIAS DE LA 4T\" \/>\n<meta property=\"article:published_time\" content=\"2020-02-23T00:08:52+00:00\" \/>\n<meta name=\"author\" content=\"Blanca\" \/>\n<meta name=\"twitter:card\" content=\"summary_large_image\" \/>\n<meta name=\"twitter:label1\" content=\"Escrito por\" \/>\n\t<meta name=\"twitter:data1\" content=\"Blanca\" \/>\n\t<meta name=\"twitter:label2\" content=\"Tiempo de lectura\" \/>\n\t<meta name=\"twitter:data2\" content=\"1 minuto\" \/>\n<script type=\"application\/ld+json\" class=\"yoast-schema-graph\">{\"@context\":\"https:\\\/\\\/schema.org\",\"@graph\":[{\"@type\":\"Article\",\"@id\":\"https:\\\/\\\/redamlo.com\\\/index.php\\\/2020\\\/02\\\/22\\\/alejandro-rojas-suplente-de-monreal-en-senado-y-con-una-nula-fuerza-politica-quiere-dirigir-morena\\\/#article\",\"isPartOf\":{\"@id\":\"https:\\\/\\\/redamlo.com\\\/index.php\\\/2020\\\/02\\\/22\\\/alejandro-rojas-suplente-de-monreal-en-senado-y-con-una-nula-fuerza-politica-quiere-dirigir-morena\\\/\"},\"author\":{\"name\":\"Blanca\",\"@id\":\"https:\\\/\\\/redamlo.com\\\/#\\\/schema\\\/person\\\/7223a4375eb8f1a782fcae010a7115cf\"},\"headline\":\"Alejandro Rojas, suplente de Monreal en Senado y con una nula fuerza politica quiere dirigir Morena\",\"datePublished\":\"2020-02-23T00:08:52+00:00\",\"mainEntityOfPage\":{\"@id\":\"https:\\\/\\\/redamlo.com\\\/index.php\\\/2020\\\/02\\\/22\\\/alejandro-rojas-suplente-de-monreal-en-senado-y-con-una-nula-fuerza-politica-quiere-dirigir-morena\\\/\"},\"wordCount\":198,\"commentCount\":0,\"publisher\":{\"@id\":\"https:\\\/\\\/redamlo.com\\\/#organization\"},\"image\":{\"@id\":\"https:\\\/\\\/redamlo.com\\\/index.php\\\/2020\\\/02\\\/22\\\/alejandro-rojas-suplente-de-monreal-en-senado-y-con-una-nula-fuerza-politica-quiere-dirigir-morena\\\/#primaryimage\"},\"thumbnailUrl\":\"\",\"articleSection\":[\"Uncategorized\"],\"inLanguage\":\"es\",\"potentialAction\":[{\"@type\":\"CommentAction\",\"name\":\"Comment\",\"target\":[\"https:\\\/\\\/redamlo.com\\\/index.php\\\/2020\\\/02\\\/22\\\/alejandro-rojas-suplente-de-monreal-en-senado-y-con-una-nula-fuerza-politica-quiere-dirigir-morena\\\/#respond\"]}]},{\"@type\":\"WebPage\",\"@id\":\"https:\\\/\\\/redamlo.com\\\/index.php\\\/2020\\\/02\\\/22\\\/alejandro-rojas-suplente-de-monreal-en-senado-y-con-una-nula-fuerza-politica-quiere-dirigir-morena\\\/\",\"url\":\"https:\\\/\\\/redamlo.com\\\/index.php\\\/2020\\\/02\\\/22\\\/alejandro-rojas-suplente-de-monreal-en-senado-y-con-una-nula-fuerza-politica-quiere-dirigir-morena\\\/\",\"name\":\"Alejandro Rojas, suplente de Monreal en Senado y con una nula fuerza politica quiere dirigir Morena - NOTICIAS DE LA 4T\",\"isPartOf\":{\"@id\":\"https:\\\/\\\/redamlo.com\\\/#website\"},\"primaryImageOfPage\":{\"@id\":\"https:\\\/\\\/redamlo.com\\\/index.php\\\/2020\\\/02\\\/22\\\/alejandro-rojas-suplente-de-monreal-en-senado-y-con-una-nula-fuerza-politica-quiere-dirigir-morena\\\/#primaryimage\"},\"image\":{\"@id\":\"https:\\\/\\\/redamlo.com\\\/index.php\\\/2020\\\/02\\\/22\\\/alejandro-rojas-suplente-de-monreal-en-senado-y-con-una-nula-fuerza-politica-quiere-dirigir-morena\\\/#primaryimage\"},\"thumbnailUrl\":\"\",\"datePublished\":\"2020-02-23T00:08:52+00:00\",\"breadcrumb\":{\"@id\":\"https:\\\/\\\/redamlo.com\\\/index.php\\\/2020\\\/02\\\/22\\\/alejandro-rojas-suplente-de-monreal-en-senado-y-con-una-nula-fuerza-politica-quiere-dirigir-morena\\\/#breadcrumb\"},\"inLanguage\":\"es\",\"potentialAction\":[{\"@type\":\"ReadAction\",\"target\":[\"https:\\\/\\\/redamlo.com\\\/index.php\\\/2020\\\/02\\\/22\\\/alejandro-rojas-suplente-de-monreal-en-senado-y-con-una-nula-fuerza-politica-quiere-dirigir-morena\\\/\"]}]},{\"@type\":\"ImageObject\",\"inLanguage\":\"es\",\"@id\":\"https:\\\/\\\/redamlo.com\\\/index.php\\\/2020\\\/02\\\/22\\\/alejandro-rojas-suplente-de-monreal-en-senado-y-con-una-nula-fuerza-politica-quiere-dirigir-morena\\\/#primaryimage\",\"url\":\"\",\"contentUrl\":\"\"},{\"@type\":\"BreadcrumbList\",\"@id\":\"https:\\\/\\\/redamlo.com\\\/index.php\\\/2020\\\/02\\\/22\\\/alejandro-rojas-suplente-de-monreal-en-senado-y-con-una-nula-fuerza-politica-quiere-dirigir-morena\\\/#breadcrumb\",\"itemListElement\":[{\"@type\":\"ListItem\",\"position\":1,\"name\":\"Inicio\",\"item\":\"https:\\\/\\\/redamlo.com\\\/\"},{\"@type\":\"ListItem\",\"position\":2,\"name\":\"Alejandro Rojas, suplente de Monreal en Senado y con una nula fuerza politica quiere dirigir Morena\"}]},{\"@type\":\"WebSite\",\"@id\":\"https:\\\/\\\/redamlo.com\\\/#website\",\"url\":\"https:\\\/\\\/redamlo.com\\\/\",\"name\":\"NOTICIAS DE LA 4T\",\"description\":\"\",\"publisher\":{\"@id\":\"https:\\\/\\\/redamlo.com\\\/#organization\"},\"potentialAction\":[{\"@type\":\"SearchAction\",\"target\":{\"@type\":\"EntryPoint\",\"urlTemplate\":\"https:\\\/\\\/redamlo.com\\\/?s={search_term_string}\"},\"query-input\":{\"@type\":\"PropertyValueSpecification\",\"valueRequired\":true,\"valueName\":\"search_term_string\"}}],\"inLanguage\":\"es\"},{\"@type\":\"Organization\",\"@id\":\"https:\\\/\\\/redamlo.com\\\/#organization\",\"name\":\"NOTICIAS DE LA 4T\",\"url\":\"https:\\\/\\\/redamlo.com\\\/\",\"logo\":{\"@type\":\"ImageObject\",\"inLanguage\":\"es\",\"@id\":\"https:\\\/\\\/redamlo.com\\\/#\\\/schema\\\/logo\\\/image\\\/\",\"url\":\"https:\\\/\\\/redamlo.com\\\/wp-content\\\/uploads\\\/2024\\\/08\\\/cropped-RED-AMLO-logo-50.png\",\"contentUrl\":\"https:\\\/\\\/redamlo.com\\\/wp-content\\\/uploads\\\/2024\\\/08\\\/cropped-RED-AMLO-logo-50.png\",\"width\":256,\"height\":256,\"caption\":\"NOTICIAS DE LA 4T\"},\"image\":{\"@id\":\"https:\\\/\\\/redamlo.com\\\/#\\\/schema\\\/logo\\\/image\\\/\"}},{\"@type\":\"Person\",\"@id\":\"https:\\\/\\\/redamlo.com\\\/#\\\/schema\\\/person\\\/7223a4375eb8f1a782fcae010a7115cf\",\"name\":\"Blanca\",\"image\":{\"@type\":\"ImageObject\",\"inLanguage\":\"es\",\"@id\":\"https:\\\/\\\/secure.gravatar.com\\\/avatar\\\/3f79bc8336367a4e6093eae8757acaaf61d1124834b905616de7829b0273426d?s=96&d=mm&r=g\",\"url\":\"https:\\\/\\\/secure.gravatar.com\\\/avatar\\\/3f79bc8336367a4e6093eae8757acaaf61d1124834b905616de7829b0273426d?s=96&d=mm&r=g\",\"contentUrl\":\"https:\\\/\\\/secure.gravatar.com\\\/avatar\\\/3f79bc8336367a4e6093eae8757acaaf61d1124834b905616de7829b0273426d?s=96&d=mm&r=g\",\"caption\":\"Blanca\"},\"url\":\"https:\\\/\\\/redamlo.com\\\/index.php\\\/author\\\/blanca\\\/\"}]}<\/script>\n<!-- \/ Yoast SEO plugin. -->","yoast_head_json":{"title":"Alejandro Rojas, suplente de Monreal en Senado y con una nula fuerza politica quiere dirigir Morena - NOTICIAS DE LA 4T","robots":{"index":"noindex","follow":"follow","max-snippet":"max-snippet:-1","max-image-preview":"max-image-preview:large","max-video-preview":"max-video-preview:-1"},"og_locale":"es_MX","og_type":"article","og_title":"Alejandro Rojas, suplente de Monreal en Senado y con una nula fuerza politica quiere dirigir Morena - NOTICIAS DE LA 4T","og_description":"Ciudad de M\u00e9xico a 22 de Febrero 2020 (4T Press).- Alejandro Rojas D\u00edaz Dur\u00e1n ha...","og_url":"https:\/\/redamlo.com\/index.php\/2020\/02\/22\/alejandro-rojas-suplente-de-monreal-en-senado-y-con-una-nula-fuerza-politica-quiere-dirigir-morena\/","og_site_name":"NOTICIAS DE LA 4T","article_published_time":"2020-02-23T00:08:52+00:00","author":"Blanca","twitter_card":"summary_large_image","twitter_misc":{"Escrito por":"Blanca","Tiempo de lectura":"1 minuto"},"schema":{"@context":"https:\/\/schema.org","@graph":[{"@type":"Article","@id":"https:\/\/redamlo.com\/index.php\/2020\/02\/22\/alejandro-rojas-suplente-de-monreal-en-senado-y-con-una-nula-fuerza-politica-quiere-dirigir-morena\/#article","isPartOf":{"@id":"https:\/\/redamlo.com\/index.php\/2020\/02\/22\/alejandro-rojas-suplente-de-monreal-en-senado-y-con-una-nula-fuerza-politica-quiere-dirigir-morena\/"},"author":{"name":"Blanca","@id":"https:\/\/redamlo.com\/#\/schema\/person\/7223a4375eb8f1a782fcae010a7115cf"},"headline":"Alejandro Rojas, suplente de Monreal en Senado y con una nula fuerza politica quiere dirigir Morena","datePublished":"2020-02-23T00:08:52+00:00","mainEntityOfPage":{"@id":"https:\/\/redamlo.com\/index.php\/2020\/02\/22\/alejandro-rojas-suplente-de-monreal-en-senado-y-con-una-nula-fuerza-politica-quiere-dirigir-morena\/"},"wordCount":198,"commentCount":0,"publisher":{"@id":"https:\/\/redamlo.com\/#organization"},"image":{"@id":"https:\/\/redamlo.com\/index.php\/2020\/02\/22\/alejandro-rojas-suplente-de-monreal-en-senado-y-con-una-nula-fuerza-politica-quiere-dirigir-morena\/#primaryimage"},"thumbnailUrl":"","articleSection":["Uncategorized"],"inLanguage":"es","potentialAction":[{"@type":"CommentAction","name":"Comment","target":["https:\/\/redamlo.com\/index.php\/2020\/02\/22\/alejandro-rojas-suplente-de-monreal-en-senado-y-con-una-nula-fuerza-politica-quiere-dirigir-morena\/#respond"]}]},{"@type":"WebPage","@id":"https:\/\/redamlo.com\/index.php\/2020\/02\/22\/alejandro-rojas-suplente-de-monreal-en-senado-y-con-una-nula-fuerza-politica-quiere-dirigir-morena\/","url":"https:\/\/redamlo.com\/index.php\/2020\/02\/22\/alejandro-rojas-suplente-de-monreal-en-senado-y-con-una-nula-fuerza-politica-quiere-dirigir-morena\/","name":"Alejandro Rojas, suplente de Monreal en Senado y con una nula fuerza politica quiere dirigir Morena - NOTICIAS DE LA 4T","isPartOf":{"@id":"https:\/\/redamlo.com\/#website"},"primaryImageOfPage":{"@id":"https:\/\/redamlo.com\/index.php\/2020\/02\/22\/alejandro-rojas-suplente-de-monreal-en-senado-y-con-una-nula-fuerza-politica-quiere-dirigir-morena\/#primaryimage"},"image":{"@id":"https:\/\/redamlo.com\/index.php\/2020\/02\/22\/alejandro-rojas-suplente-de-monreal-en-senado-y-con-una-nula-fuerza-politica-quiere-dirigir-morena\/#primaryimage"},"thumbnailUrl":"","datePublished":"2020-02-23T00:08:52+00:00","breadcrumb":{"@id":"https:\/\/redamlo.com\/index.php\/2020\/02\/22\/alejandro-rojas-suplente-de-monreal-en-senado-y-con-una-nula-fuerza-politica-quiere-dirigir-morena\/#breadcrumb"},"inLanguage":"es","potentialAction":[{"@type":"ReadAction","target":["https:\/\/redamlo.com\/index.php\/2020\/02\/22\/alejandro-rojas-suplente-de-monreal-en-senado-y-con-una-nula-fuerza-politica-quiere-dirigir-morena\/"]}]},{"@type":"ImageObject","inLanguage":"es","@id":"https:\/\/redamlo.com\/index.php\/2020\/02\/22\/alejandro-rojas-suplente-de-monreal-en-senado-y-con-una-nula-fuerza-politica-quiere-dirigir-morena\/#primaryimage","url":"","contentUrl":""},{"@type":"BreadcrumbList","@id":"https:\/\/redamlo.com\/index.php\/2020\/02\/22\/alejandro-rojas-suplente-de-monreal-en-senado-y-con-una-nula-fuerza-politica-quiere-dirigir-morena\/#breadcrumb","itemListElement":[{"@type":"ListItem","position":1,"name":"Inicio","item":"https:\/\/redamlo.com\/"},{"@type":"ListItem","position":2,"name":"Alejandro Rojas, suplente de Monreal en Senado y con una nula fuerza politica quiere dirigir Morena"}]},{"@type":"WebSite","@id":"https:\/\/redamlo.com\/#website","url":"https:\/\/redamlo.com\/","name":"NOTICIAS DE LA 4T","description":"","publisher":{"@id":"https:\/\/redamlo.com\/#organization"},"potentialAction":[{"@type":"SearchAction","target":{"@type":"EntryPoint","urlTemplate":"https:\/\/redamlo.com\/?s={search_term_string}"},"query-input":{"@type":"PropertyValueSpecification","valueRequired":true,"valueName":"search_term_string"}}],"inLanguage":"es"},{"@type":"Organization","@id":"https:\/\/redamlo.com\/#organization","name":"NOTICIAS DE LA 4T","url":"https:\/\/redamlo.com\/","logo":{"@type":"ImageObject","inLanguage":"es","@id":"https:\/\/redamlo.com\/#\/schema\/logo\/image\/","url":"https:\/\/redamlo.com\/wp-content\/uploads\/2024\/08\/cropped-RED-AMLO-logo-50.png","contentUrl":"https:\/\/redamlo.com\/wp-content\/uploads\/2024\/08\/cropped-RED-AMLO-logo-50.png","width":256,"height":256,"caption":"NOTICIAS DE LA 4T"},"image":{"@id":"https:\/\/redamlo.com\/#\/schema\/logo\/image\/"}},{"@type":"Person","@id":"https:\/\/redamlo.com\/#\/schema\/person\/7223a4375eb8f1a782fcae010a7115cf","name":"Blanca","image":{"@type":"ImageObject","inLanguage":"es","@id":"https:\/\/secure.gravatar.com\/avatar\/3f79bc8336367a4e6093eae8757acaaf61d1124834b905616de7829b0273426d?s=96&d=mm&r=g","url":"https:\/\/secure.gravatar.com\/avatar\/3f79bc8336367a4e6093eae8757acaaf61d1124834b905616de7829b0273426d?s=96&d=mm&r=g","contentUrl":"https:\/\/secure.gravatar.com\/avatar\/3f79bc8336367a4e6093eae8757acaaf61d1124834b905616de7829b0273426d?s=96&d=mm&r=g","caption":"Blanca"},"url":"https:\/\/redamlo.com\/index.php\/author\/blanca\/"}]}},"_links":{"self":[{"href":"https:\/\/redamlo.com\/index.php\/wp-json\/wp\/v2\/posts\/770","targetHints":{"allow":["GET"]}}],"collection":[{"href":"https:\/\/redamlo.com\/index.php\/wp-json\/wp\/v2\/posts"}],"about":[{"href":"https:\/\/redamlo.com\/index.php\/wp-json\/wp\/v2\/types\/post"}],"author":[{"embeddable":true,"href":"https:\/\/redamlo.com\/index.php\/wp-json\/wp\/v2\/users\/2"}],"replies":[{"embeddable":true,"href":"https:\/\/redamlo.com\/index.php\/wp-json\/wp\/v2\/comments?post=770"}],"version-history":[{"count":0,"href":"https:\/\/redamlo.com\/index.php\/wp-json\/wp\/v2\/posts\/770\/revisions"}],"wp:featuredmedia":[{"embeddable":true,"href":"https:\/\/redamlo.com\/index.php\/wp-json\/"}],"wp:attachment":[{"href":"https:\/\/redamlo.com\/index.php\/wp-json\/wp\/v2\/media?parent=770"}],"wp:term":[{"taxonomy":"category","embeddable":true,"href":"https:\/\/redamlo.com\/index.php\/wp-json\/wp\/v2\/categories?post=770"},{"taxonomy":"post_tag","embeddable":true,"href":"https:\/\/redamlo.com\/index.php\/wp-json\/wp\/v2\/tags?post=770"}],"curies":[{"name":"wp","href":"https:\/\/api.w.org\/{rel}","templated":true}]}}