{"id":7692,"date":"2024-03-20T20:30:15","date_gmt":"2024-03-21T02:30:15","guid":{"rendered":"https:\/\/redamlo.com\/?p=7692"},"modified":"2024-03-20T20:30:15","modified_gmt":"2024-03-21T02:30:15","slug":"el-modelo-implementado-en-materia-de-seguridad-publica-en-la-administracion-de-juan-hugo-de-la-rosa-dio-excelentes-resultados","status":"publish","type":"post","link":"https:\/\/redamlo.com\/index.php\/2024\/03\/20\/el-modelo-implementado-en-materia-de-seguridad-publica-en-la-administracion-de-juan-hugo-de-la-rosa-dio-excelentes-resultados\/","title":{"rendered":"El modelo implementado en materia de seguridad p\u00fablica en la administraci\u00f3n de Juan Hugo de la Rosa dio excelentes resultados"},"content":{"rendered":"<ul>\n<li>Estrategia reconocida y avalada por diversos organismos internacionales<\/li>\n<\/ul>\n<p>&nbsp;<\/p>\n<p>Por\u00a0: Zavianny Torres Baltazar.<\/p>\n<p>&nbsp;<\/p>\n<p>En d\u00edas recientes, el candidato a diputado federal por un distrito que abarca parte de los municipios de Nezahualc\u00f3yotl y Ecatepec, Juan Hugo de la Rosa, apareci\u00f3 en redes sociales junto a la candidata presidencial, Claudia Sheinbaum, de quien dijo, la candidata presidencial cuenta con un gran liderazgo social al interior del partido, que ya no solo es el del presidente Andr\u00e9s Manuel L\u00f3pez Obrador, cuyos n\u00fameros positivos alcanzan alrededor del 73%. Sin embargo, hoy existe el liderazgo construido con Claudia Sheinbaum<\/p>\n<p>&nbsp;<\/p>\n<p>Dijo que junto a Claudia implement\u00f3 parte de la estrategia de seguridad que dio \u00e9xito durante su periodo al frente del municipio.<\/p>\n<p>&nbsp;<\/p>\n<p>&#8220;Ella conoce perfectamente el trabajo que hicimos en el municipio, porque al estar\u00a0 gobernando la Ciudad de M\u00e9xico y en mi caso gobernar en ese momento Nezahualc\u00f3yotl, nos permit\u00eda tener confluencia en algunas necesidades de la propia poblaci\u00f3n y yo le agradezco a ella porque siempre mostr\u00f3 disposici\u00f3n para que pudi\u00e9ramos trabajar de manera coordinada desde el primer momento que yo la busqu\u00e9, cosa que no logr\u00e9 desde mi primer periodo de gobierno por m\u00e1s que insist\u00ed. Sin embargo, ella desde el primer minuto acept\u00f3 reunirnos y atender de manera muy pronta varios de los temas que planteamos&#8221;<\/p>\n<p><a href=\"https:\/\/www.facebook.com\/100003312639864\/posts\/7259349594185390\/?mibextid=xfxF2i\">https:\/\/www.facebook.com\/100003312639864\/posts\/7259349594185390\/?mibextid=xfxF2i<\/a><\/p>\n<p>&nbsp;<\/p>\n<p>&nbsp;<\/p>\n<p>&nbsp;<\/p>\n<p>En 2016, como presidente municipal de Nezahualc\u00f3yotl, Juan Hugo de la Rosa, implement\u00f3 un nuevo modelo de seguridad, mismo que obtuvo premio a las Buenas Pr\u00e1cticas en la Prevenci\u00f3n de Violencia y Delincuencia. En 2019, la ONU eligi\u00f3 a Ciudad Nezahualc\u00f3yotl, para representar a M\u00e9xico en el Encuentro Latinoamericano y del Caribe sobre Prevenci\u00f3n de la Violencia y el Delito, en el que se compartieron las estrategias de seguridad implementadas.<\/p>\n<p><img loading=\"lazy\" decoding=\"async\" class=\"aligncenter wp-image-7694 size-large\" src=\"https:\/\/redamlo.com\/wp-content\/uploads\/2024\/03\/hugo-de-la-rosa-2-1024x768.jpg\" alt=\"\" width=\"640\" height=\"480\" srcset=\"https:\/\/redamlo.com\/wp-content\/uploads\/2024\/03\/hugo-de-la-rosa-2-1024x768.jpg 1024w, https:\/\/redamlo.com\/wp-content\/uploads\/2024\/03\/hugo-de-la-rosa-2-300x225.jpg 300w, https:\/\/redamlo.com\/wp-content\/uploads\/2024\/03\/hugo-de-la-rosa-2-768x576.jpg 768w, https:\/\/redamlo.com\/wp-content\/uploads\/2024\/03\/hugo-de-la-rosa-2-1536x1152.jpg 1536w, https:\/\/redamlo.com\/wp-content\/uploads\/2024\/03\/hugo-de-la-rosa-2.jpg 1600w\" sizes=\"auto, (max-width: 640px) 100vw, 640px\" \/><\/p>\n<p>&nbsp;<\/p>\n<p>El modelo de proximidad social que se practic\u00f3 en el municipio de Nezahualc\u00f3yotl dio excelentes resultados, ya que se logr\u00f3 reducir los \u00edndices delictivos en un 64%. El modelo busca implementar la participaci\u00f3n de la ciudadan\u00eda a trav\u00e9s de redes vecinales que incentivaron a que las personas participaran.<\/p>\n<p>&nbsp;<\/p>\n<p>Respecto al involucramiento de la poblaci\u00f3n en la estrategia de seguridad enfatiz\u00f3: &#8220;A hacer suyo este proyecto, al sentirse parte de este proyecto, contribuye de manera muy contundente para lograr que en lo particular en cada una de sus cuadras se logre tener tranquilidad, se logre sentir seguridad y que se pueda dar una colaboraci\u00f3n entre la autoridad municipal y el ciudadano\u201d.<\/p>\n<p>&nbsp;<\/p>\n<p>Otro de los temas importantes que reconocen de la administraci\u00f3n del candidato de la Rosa, es el tema del abasto de agua potable para los ciudadanos, tema que defender\u00e1 desde el congreso de la uni\u00f3n.<\/p>\n<p><img loading=\"lazy\" decoding=\"async\" class=\"aligncenter wp-image-7695 size-large\" src=\"https:\/\/redamlo.com\/wp-content\/uploads\/2024\/03\/hugo-de-la-rosa-3-1024x768.jpg\" alt=\"\" width=\"640\" height=\"480\" srcset=\"https:\/\/redamlo.com\/wp-content\/uploads\/2024\/03\/hugo-de-la-rosa-3-1024x768.jpg 1024w, https:\/\/redamlo.com\/wp-content\/uploads\/2024\/03\/hugo-de-la-rosa-3-300x225.jpg 300w, https:\/\/redamlo.com\/wp-content\/uploads\/2024\/03\/hugo-de-la-rosa-3-768x576.jpg 768w, https:\/\/redamlo.com\/wp-content\/uploads\/2024\/03\/hugo-de-la-rosa-3-1536x1152.jpg 1536w, https:\/\/redamlo.com\/wp-content\/uploads\/2024\/03\/hugo-de-la-rosa-3.jpg 1600w\" sizes=\"auto, (max-width: 640px) 100vw, 640px\" \/><\/p>\n<p>&nbsp;<\/p>\n<p>Como presidente municipal, inici\u00f3 la sustituci\u00f3n de la red hidr\u00e1ulica en Nezahualc\u00f3yotl, ya que el nivel de p\u00e9rdida que ten\u00edan era alrededor del 40% del l\u00edquido que circulaba por la red y no llegaba a los hogares.<\/p>\n<p>&nbsp;<\/p>\n<p>&#8220;Desgraciadamente, tuvimos un fen\u00f3meno importante, porque el anterior gobierno del Estado busc\u00f3 a toda costa que el proyecto no se concretara. Sin embargo, ahora con el gobierno de la maestra Delfina G\u00f3mez, se est\u00e1 retomando todo el proyecto y es una de las cuestiones que tenemos a la que debemos darle continuidad y aportar con una experiencia exitosa, porque hoy escuchamos que se habla de una crisis h\u00eddrica muy grave que est\u00e1 concentrada en las zonas metropolitanas\u201d.<\/p>\n<p>&nbsp;<\/p>\n<p>Asegur\u00f3 que no tiene caso buscar fuentes de abasto para la zona metropolitana de la ciudad de M\u00e9xico si cuando se inyecta a la red se pierde el 40%, por lo que ve como una experiencia exitosa en la que se debe aportar.<\/p>\n<p>&nbsp;<\/p>\n<p>Asegur\u00f3 que trabajar\u00e1 para que se concrete el plan h\u00eddrico de la doctora Claudia Sheinbaum, quien dijo tiene un gran compromiso en materia medioambiental.<\/p>\n<p>&nbsp;<\/p>\n<p>Otro de los rubros en los que tiene basta experiencia el aspirante Juan Hugo de la Rosa es en materia de la operaci\u00f3n de programas de salud p\u00fablica, debido a que uno de los principales retos que enfrent\u00f3 como presidente municipal de Nezahualc\u00f3yotl fue la pandemia por COVID 19.<\/p>\n<p>&nbsp;<\/p>\n<p>Lo hizo en una zona con una densidad poblacional alta, que requiri\u00f3 la implementaci\u00f3n de una estrategia de salud coordinada con los distintos entes de gobierno.<\/p>\n<p>&nbsp;<\/p>\n<p>La estrategia se bas\u00f3 en la coordinaci\u00f3n entre diversos municipios del Estado de M\u00e9xico y alcald\u00edas de la Ciudad de M\u00e9xico, entre ellos con Clara Brugada, actual candidata a la jefatura de gobierno para homologar acciones con el objetivo de frenar la cadena de contagios.<\/p>\n<p>&nbsp;<\/p>\n<p>&#8220;Logramos coordinarnos con 11 municipios y con por lo menos cinco alcald\u00edas de la Ciudad de M\u00e9xico, con qui\u00e9n es hicimos reuniones que nos permitieron homologar algunas acciones importantes. Se instalaron consultorios m\u00e9dicos para atender alrededor de 35 mil personas de manera directa, adem\u00e1s de brindar atenci\u00f3n telef\u00f3nica al doble de personas, debido a que muchas personas no quer\u00edan salir de sus casas\u201d.<\/p>\n<p>&nbsp;<\/p>\n<p>Adicionalmente, como parte de las acciones para que las familias lograr\u00e1n tener condiciones sanitarias para enfrentar a la pandemia, as\u00ed realizaron kits de limpieza con elementos necesarios para sanitizar todas las \u00e1reas en los hogares.<\/p>\n<p>&nbsp;<\/p>\n<p>&#8220;Ten\u00edamos un grave problema en la ciudad, que de acuerdo datos, tenemos la cuarta ciudad m\u00e1s poblada del mundo, entonces eso lo hac\u00eda m\u00e1s complicado. 1 mill\u00f3n de personas pasan a diario por la estaci\u00f3n Pantitl\u00e1n; el nivel de riesgo se multiplicaba. Por eso ten\u00edamos que implementar medidas como esa, para lograr que la gente pudiera tener sanitizadas sus \u00e1reas&#8221;, relat\u00f3.<\/p>\n<p>&nbsp;<\/p>\n<p>Con apoyo del gobierno federal, y una log\u00edstica que permitiera dar confianza a la ciudadan\u00eda, se logr\u00f3 vacunar al 96% de la poblaci\u00f3n.<\/p>\n<p>&nbsp;<\/p>\n<p>Las acciones implementadas permitieron reducir el n\u00famero de contagios en una zona, donde los factores de riesgo eran mayores en comparaci\u00f3n con otros puntos del pa\u00eds.<\/p>\n<p>&nbsp;<\/p>\n<p>El expresidente de Nezahualc\u00f3yotl\u00a0 y aspirante a diputado federal, Juan Hugo de la Rosa, busca aportar 130 mil votos en la pr\u00f3xima elecci\u00f3n federal a favor de la candidata de la Cuarta Transformaci\u00f3n, Claudia Sheinbaum Pardo. Adem\u00e1s de aportar en la estrategia de seguridad, misma que fue reconocida a nivel internacional durante su gesti\u00f3n en el municipio.<\/p>\n<p>&nbsp;<\/p>\n<p>Durante una entrevista, Juan Hugo de la Rosa, reconoci\u00f3 que no se trata de un n\u00famero sencillo; sin embargo, cuenta con reconocimiento el uno de los distritos que concentra a dos de los municipios como Nezahualc\u00f3yotl y Ecatepec, cuya poblaci\u00f3n supera incluso a la de diversos estados de la Rep\u00fablica.<\/p>\n<p><img loading=\"lazy\" decoding=\"async\" class=\"aligncenter wp-image-7696 size-large\" src=\"https:\/\/redamlo.com\/wp-content\/uploads\/2024\/03\/hugo-de-la-rosa-4-768x1024.jpg\" alt=\"\" width=\"640\" height=\"853\" srcset=\"https:\/\/redamlo.com\/wp-content\/uploads\/2024\/03\/hugo-de-la-rosa-4-768x1024.jpg 768w, https:\/\/redamlo.com\/wp-content\/uploads\/2024\/03\/hugo-de-la-rosa-4-225x300.jpg 225w, https:\/\/redamlo.com\/wp-content\/uploads\/2024\/03\/hugo-de-la-rosa-4-1152x1536.jpg 1152w, https:\/\/redamlo.com\/wp-content\/uploads\/2024\/03\/hugo-de-la-rosa-4.jpg 1200w\" sizes=\"auto, (max-width: 640px) 100vw, 640px\" \/><\/p>\n<p>&nbsp;<\/p>\n<p>El piso de votaci\u00f3n, reconoce el aspirante a diputado federal, es de 95 mil votos, pero el trabajo que se ha hecho en territorio a favor del proyecto de Claudia Sheinbaum es amplio, por lo que existe confianza en que se pueda lograr esta meta, que forma parte del Plan C que plante\u00f3 presidente Andr\u00e9s Manuel L\u00f3pez Obrador.<\/p>\n<p>&nbsp;<\/p>\n<p>&#8220;Yo creo que podemos acercarnos mucho a cumplir esta meta, porque adem\u00e1s de tener experiencia en procesos electorales, podemos sembrar esperanza, podemos sembrar confianza en la ciudadan\u00eda, y sobre todo por la experiencia que tenemos tambi\u00e9n, podemos hacer que la gente diga por donde se puede caminar y se puede ayudar a ir atendiendo las diferentes problem\u00e1ticas que a\u00fan tenemos&#8221;. Concluy\u00f3 enf\u00e1tico.<\/p>\n<p>&nbsp;<\/p>\n","protected":false},"excerpt":{"rendered":"<p>Estrategia reconocida y avalada por diversos organismos internacionales &nbsp; Por\u00a0: Zavianny Torres Baltazar. &nbsp; En&#8230;<\/p>\n","protected":false},"author":1,"featured_media":7693,"comment_status":"open","ping_status":"closed","sticky":false,"template":"","format":"standard","meta":{"footnotes":""},"categories":[3,6,5],"tags":[58,59,333,24,331],"class_list":["post-7692","post","type-post","status-publish","format-standard","has-post-thumbnail","hentry","category-estado-de-mexico","category-estados","category-politica","tag-ecatepec","tag-edomex","tag-juan-hugo-de-la-rosa","tag-morena","tag-nezahualcoyotl"],"yoast_head":"<!-- This site is optimized with the Yoast SEO plugin v27.5 - https:\/\/yoast.com\/product\/yoast-seo-wordpress\/ -->\n<title>El modelo implementado en materia de seguridad p\u00fablica en la administraci\u00f3n de Juan Hugo de la Rosa dio excelentes resultados - NOTICIAS DE LA 4T<\/title>\n<meta name=\"robots\" content=\"noindex, follow, max-snippet:-1, max-image-preview:large, max-video-preview:-1\" \/>\n<meta property=\"og:locale\" content=\"es_MX\" \/>\n<meta property=\"og:type\" content=\"article\" \/>\n<meta property=\"og:title\" content=\"El modelo implementado en materia de seguridad p\u00fablica en la administraci\u00f3n de Juan Hugo de la Rosa dio excelentes resultados - NOTICIAS DE LA 4T\" \/>\n<meta property=\"og:description\" content=\"Estrategia reconocida y avalada por diversos organismos internacionales &nbsp; Por\u00a0: Zavianny Torres Baltazar. &nbsp; En...\" \/>\n<meta property=\"og:url\" content=\"https:\/\/redamlo.com\/index.php\/2024\/03\/20\/el-modelo-implementado-en-materia-de-seguridad-publica-en-la-administracion-de-juan-hugo-de-la-rosa-dio-excelentes-resultados\/\" \/>\n<meta property=\"og:site_name\" content=\"NOTICIAS DE LA 4T\" \/>\n<meta property=\"article:published_time\" content=\"2024-03-21T02:30:15+00:00\" \/>\n<meta property=\"og:image\" content=\"https:\/\/redamlo.com\/wp-content\/uploads\/2024\/03\/hugo-de-la-rosa-1.jpg\" \/>\n\t<meta property=\"og:image:width\" content=\"1600\" \/>\n\t<meta property=\"og:image:height\" content=\"1200\" \/>\n\t<meta property=\"og:image:type\" content=\"image\/jpeg\" \/>\n<meta name=\"author\" content=\"admin\" \/>\n<meta name=\"twitter:card\" content=\"summary_large_image\" \/>\n<meta name=\"twitter:label1\" content=\"Escrito por\" \/>\n\t<meta name=\"twitter:data1\" content=\"admin\" \/>\n\t<meta name=\"twitter:label2\" content=\"Tiempo de lectura\" \/>\n\t<meta name=\"twitter:data2\" content=\"6 minutos\" \/>\n<script type=\"application\/ld+json\" class=\"yoast-schema-graph\">{\"@context\":\"https:\\\/\\\/schema.org\",\"@graph\":[{\"@type\":\"Article\",\"@id\":\"https:\\\/\\\/redamlo.com\\\/index.php\\\/2024\\\/03\\\/20\\\/el-modelo-implementado-en-materia-de-seguridad-publica-en-la-administracion-de-juan-hugo-de-la-rosa-dio-excelentes-resultados\\\/#article\",\"isPartOf\":{\"@id\":\"https:\\\/\\\/redamlo.com\\\/index.php\\\/2024\\\/03\\\/20\\\/el-modelo-implementado-en-materia-de-seguridad-publica-en-la-administracion-de-juan-hugo-de-la-rosa-dio-excelentes-resultados\\\/\"},\"author\":{\"name\":\"admin\",\"@id\":\"https:\\\/\\\/redamlo.com\\\/#\\\/schema\\\/person\\\/197a0a670d21b1f4f1483ddda1b64613\"},\"headline\":\"El modelo implementado en materia de seguridad p\u00fablica en la administraci\u00f3n de Juan Hugo de la Rosa dio excelentes resultados\",\"datePublished\":\"2024-03-21T02:30:15+00:00\",\"mainEntityOfPage\":{\"@id\":\"https:\\\/\\\/redamlo.com\\\/index.php\\\/2024\\\/03\\\/20\\\/el-modelo-implementado-en-materia-de-seguridad-publica-en-la-administracion-de-juan-hugo-de-la-rosa-dio-excelentes-resultados\\\/\"},\"wordCount\":1296,\"commentCount\":0,\"publisher\":{\"@id\":\"https:\\\/\\\/redamlo.com\\\/#organization\"},\"image\":{\"@id\":\"https:\\\/\\\/redamlo.com\\\/index.php\\\/2024\\\/03\\\/20\\\/el-modelo-implementado-en-materia-de-seguridad-publica-en-la-administracion-de-juan-hugo-de-la-rosa-dio-excelentes-resultados\\\/#primaryimage\"},\"thumbnailUrl\":\"https:\\\/\\\/redamlo.com\\\/wp-content\\\/uploads\\\/2024\\\/03\\\/hugo-de-la-rosa-1.jpg\",\"keywords\":[\"ecatepec\",\"edomex\",\"Juan Hugo De La Rosa\",\"Morena\",\"Nezahualc\u00f3yotl\"],\"articleSection\":[\"Estado de M\u00e9xico\",\"Estados\",\"Pol\u00edtica\"],\"inLanguage\":\"es\",\"potentialAction\":[{\"@type\":\"CommentAction\",\"name\":\"Comment\",\"target\":[\"https:\\\/\\\/redamlo.com\\\/index.php\\\/2024\\\/03\\\/20\\\/el-modelo-implementado-en-materia-de-seguridad-publica-en-la-administracion-de-juan-hugo-de-la-rosa-dio-excelentes-resultados\\\/#respond\"]}]},{\"@type\":\"WebPage\",\"@id\":\"https:\\\/\\\/redamlo.com\\\/index.php\\\/2024\\\/03\\\/20\\\/el-modelo-implementado-en-materia-de-seguridad-publica-en-la-administracion-de-juan-hugo-de-la-rosa-dio-excelentes-resultados\\\/\",\"url\":\"https:\\\/\\\/redamlo.com\\\/index.php\\\/2024\\\/03\\\/20\\\/el-modelo-implementado-en-materia-de-seguridad-publica-en-la-administracion-de-juan-hugo-de-la-rosa-dio-excelentes-resultados\\\/\",\"name\":\"El modelo implementado en materia de seguridad p\u00fablica en la administraci\u00f3n de Juan Hugo de la Rosa dio excelentes resultados - NOTICIAS DE LA 4T\",\"isPartOf\":{\"@id\":\"https:\\\/\\\/redamlo.com\\\/#website\"},\"primaryImageOfPage\":{\"@id\":\"https:\\\/\\\/redamlo.com\\\/index.php\\\/2024\\\/03\\\/20\\\/el-modelo-implementado-en-materia-de-seguridad-publica-en-la-administracion-de-juan-hugo-de-la-rosa-dio-excelentes-resultados\\\/#primaryimage\"},\"image\":{\"@id\":\"https:\\\/\\\/redamlo.com\\\/index.php\\\/2024\\\/03\\\/20\\\/el-modelo-implementado-en-materia-de-seguridad-publica-en-la-administracion-de-juan-hugo-de-la-rosa-dio-excelentes-resultados\\\/#primaryimage\"},\"thumbnailUrl\":\"https:\\\/\\\/redamlo.com\\\/wp-content\\\/uploads\\\/2024\\\/03\\\/hugo-de-la-rosa-1.jpg\",\"datePublished\":\"2024-03-21T02:30:15+00:00\",\"breadcrumb\":{\"@id\":\"https:\\\/\\\/redamlo.com\\\/index.php\\\/2024\\\/03\\\/20\\\/el-modelo-implementado-en-materia-de-seguridad-publica-en-la-administracion-de-juan-hugo-de-la-rosa-dio-excelentes-resultados\\\/#breadcrumb\"},\"inLanguage\":\"es\",\"potentialAction\":[{\"@type\":\"ReadAction\",\"target\":[\"https:\\\/\\\/redamlo.com\\\/index.php\\\/2024\\\/03\\\/20\\\/el-modelo-implementado-en-materia-de-seguridad-publica-en-la-administracion-de-juan-hugo-de-la-rosa-dio-excelentes-resultados\\\/\"]}]},{\"@type\":\"ImageObject\",\"inLanguage\":\"es\",\"@id\":\"https:\\\/\\\/redamlo.com\\\/index.php\\\/2024\\\/03\\\/20\\\/el-modelo-implementado-en-materia-de-seguridad-publica-en-la-administracion-de-juan-hugo-de-la-rosa-dio-excelentes-resultados\\\/#primaryimage\",\"url\":\"https:\\\/\\\/redamlo.com\\\/wp-content\\\/uploads\\\/2024\\\/03\\\/hugo-de-la-rosa-1.jpg\",\"contentUrl\":\"https:\\\/\\\/redamlo.com\\\/wp-content\\\/uploads\\\/2024\\\/03\\\/hugo-de-la-rosa-1.jpg\",\"width\":1600,\"height\":1200},{\"@type\":\"BreadcrumbList\",\"@id\":\"https:\\\/\\\/redamlo.com\\\/index.php\\\/2024\\\/03\\\/20\\\/el-modelo-implementado-en-materia-de-seguridad-publica-en-la-administracion-de-juan-hugo-de-la-rosa-dio-excelentes-resultados\\\/#breadcrumb\",\"itemListElement\":[{\"@type\":\"ListItem\",\"position\":1,\"name\":\"Inicio\",\"item\":\"https:\\\/\\\/redamlo.com\\\/\"},{\"@type\":\"ListItem\",\"position\":2,\"name\":\"El modelo implementado en materia de seguridad p\u00fablica en la administraci\u00f3n de Juan Hugo de la Rosa dio excelentes resultados\"}]},{\"@type\":\"WebSite\",\"@id\":\"https:\\\/\\\/redamlo.com\\\/#website\",\"url\":\"https:\\\/\\\/redamlo.com\\\/\",\"name\":\"NOTICIAS DE LA 4T\",\"description\":\"\",\"publisher\":{\"@id\":\"https:\\\/\\\/redamlo.com\\\/#organization\"},\"potentialAction\":[{\"@type\":\"SearchAction\",\"target\":{\"@type\":\"EntryPoint\",\"urlTemplate\":\"https:\\\/\\\/redamlo.com\\\/?s={search_term_string}\"},\"query-input\":{\"@type\":\"PropertyValueSpecification\",\"valueRequired\":true,\"valueName\":\"search_term_string\"}}],\"inLanguage\":\"es\"},{\"@type\":\"Organization\",\"@id\":\"https:\\\/\\\/redamlo.com\\\/#organization\",\"name\":\"NOTICIAS DE LA 4T\",\"url\":\"https:\\\/\\\/redamlo.com\\\/\",\"logo\":{\"@type\":\"ImageObject\",\"inLanguage\":\"es\",\"@id\":\"https:\\\/\\\/redamlo.com\\\/#\\\/schema\\\/logo\\\/image\\\/\",\"url\":\"https:\\\/\\\/redamlo.com\\\/wp-content\\\/uploads\\\/2024\\\/08\\\/cropped-RED-AMLO-logo-50.png\",\"contentUrl\":\"https:\\\/\\\/redamlo.com\\\/wp-content\\\/uploads\\\/2024\\\/08\\\/cropped-RED-AMLO-logo-50.png\",\"width\":256,\"height\":256,\"caption\":\"NOTICIAS DE LA 4T\"},\"image\":{\"@id\":\"https:\\\/\\\/redamlo.com\\\/#\\\/schema\\\/logo\\\/image\\\/\"}},{\"@type\":\"Person\",\"@id\":\"https:\\\/\\\/redamlo.com\\\/#\\\/schema\\\/person\\\/197a0a670d21b1f4f1483ddda1b64613\",\"name\":\"admin\",\"image\":{\"@type\":\"ImageObject\",\"inLanguage\":\"es\",\"@id\":\"https:\\\/\\\/secure.gravatar.com\\\/avatar\\\/293dccd927043f2e641da6685c2f84009782eb9ee0054daceada4e261ded849a?s=96&d=mm&r=g\",\"url\":\"https:\\\/\\\/secure.gravatar.com\\\/avatar\\\/293dccd927043f2e641da6685c2f84009782eb9ee0054daceada4e261ded849a?s=96&d=mm&r=g\",\"contentUrl\":\"https:\\\/\\\/secure.gravatar.com\\\/avatar\\\/293dccd927043f2e641da6685c2f84009782eb9ee0054daceada4e261ded849a?s=96&d=mm&r=g\",\"caption\":\"admin\"},\"sameAs\":[\"https:\\\/\\\/redamlo.com\"],\"url\":\"https:\\\/\\\/redamlo.com\\\/index.php\\\/author\\\/stell\\\/\"}]}<\/script>\n<!-- \/ Yoast SEO plugin. -->","yoast_head_json":{"title":"El modelo implementado en materia de seguridad p\u00fablica en la administraci\u00f3n de Juan Hugo de la Rosa dio excelentes resultados - NOTICIAS DE LA 4T","robots":{"index":"noindex","follow":"follow","max-snippet":"max-snippet:-1","max-image-preview":"max-image-preview:large","max-video-preview":"max-video-preview:-1"},"og_locale":"es_MX","og_type":"article","og_title":"El modelo implementado en materia de seguridad p\u00fablica en la administraci\u00f3n de Juan Hugo de la Rosa dio excelentes resultados - NOTICIAS DE LA 4T","og_description":"Estrategia reconocida y avalada por diversos organismos internacionales &nbsp; Por\u00a0: Zavianny Torres Baltazar. &nbsp; En...","og_url":"https:\/\/redamlo.com\/index.php\/2024\/03\/20\/el-modelo-implementado-en-materia-de-seguridad-publica-en-la-administracion-de-juan-hugo-de-la-rosa-dio-excelentes-resultados\/","og_site_name":"NOTICIAS DE LA 4T","article_published_time":"2024-03-21T02:30:15+00:00","og_image":[{"width":1600,"height":1200,"url":"https:\/\/redamlo.com\/wp-content\/uploads\/2024\/03\/hugo-de-la-rosa-1.jpg","type":"image\/jpeg"}],"author":"admin","twitter_card":"summary_large_image","twitter_misc":{"Escrito por":"admin","Tiempo de lectura":"6 minutos"},"schema":{"@context":"https:\/\/schema.org","@graph":[{"@type":"Article","@id":"https:\/\/redamlo.com\/index.php\/2024\/03\/20\/el-modelo-implementado-en-materia-de-seguridad-publica-en-la-administracion-de-juan-hugo-de-la-rosa-dio-excelentes-resultados\/#article","isPartOf":{"@id":"https:\/\/redamlo.com\/index.php\/2024\/03\/20\/el-modelo-implementado-en-materia-de-seguridad-publica-en-la-administracion-de-juan-hugo-de-la-rosa-dio-excelentes-resultados\/"},"author":{"name":"admin","@id":"https:\/\/redamlo.com\/#\/schema\/person\/197a0a670d21b1f4f1483ddda1b64613"},"headline":"El modelo implementado en materia de seguridad p\u00fablica en la administraci\u00f3n de Juan Hugo de la Rosa dio excelentes resultados","datePublished":"2024-03-21T02:30:15+00:00","mainEntityOfPage":{"@id":"https:\/\/redamlo.com\/index.php\/2024\/03\/20\/el-modelo-implementado-en-materia-de-seguridad-publica-en-la-administracion-de-juan-hugo-de-la-rosa-dio-excelentes-resultados\/"},"wordCount":1296,"commentCount":0,"publisher":{"@id":"https:\/\/redamlo.com\/#organization"},"image":{"@id":"https:\/\/redamlo.com\/index.php\/2024\/03\/20\/el-modelo-implementado-en-materia-de-seguridad-publica-en-la-administracion-de-juan-hugo-de-la-rosa-dio-excelentes-resultados\/#primaryimage"},"thumbnailUrl":"https:\/\/redamlo.com\/wp-content\/uploads\/2024\/03\/hugo-de-la-rosa-1.jpg","keywords":["ecatepec","edomex","Juan Hugo De La Rosa","Morena","Nezahualc\u00f3yotl"],"articleSection":["Estado de M\u00e9xico","Estados","Pol\u00edtica"],"inLanguage":"es","potentialAction":[{"@type":"CommentAction","name":"Comment","target":["https:\/\/redamlo.com\/index.php\/2024\/03\/20\/el-modelo-implementado-en-materia-de-seguridad-publica-en-la-administracion-de-juan-hugo-de-la-rosa-dio-excelentes-resultados\/#respond"]}]},{"@type":"WebPage","@id":"https:\/\/redamlo.com\/index.php\/2024\/03\/20\/el-modelo-implementado-en-materia-de-seguridad-publica-en-la-administracion-de-juan-hugo-de-la-rosa-dio-excelentes-resultados\/","url":"https:\/\/redamlo.com\/index.php\/2024\/03\/20\/el-modelo-implementado-en-materia-de-seguridad-publica-en-la-administracion-de-juan-hugo-de-la-rosa-dio-excelentes-resultados\/","name":"El modelo implementado en materia de seguridad p\u00fablica en la administraci\u00f3n de Juan Hugo de la Rosa dio excelentes resultados - NOTICIAS DE LA 4T","isPartOf":{"@id":"https:\/\/redamlo.com\/#website"},"primaryImageOfPage":{"@id":"https:\/\/redamlo.com\/index.php\/2024\/03\/20\/el-modelo-implementado-en-materia-de-seguridad-publica-en-la-administracion-de-juan-hugo-de-la-rosa-dio-excelentes-resultados\/#primaryimage"},"image":{"@id":"https:\/\/redamlo.com\/index.php\/2024\/03\/20\/el-modelo-implementado-en-materia-de-seguridad-publica-en-la-administracion-de-juan-hugo-de-la-rosa-dio-excelentes-resultados\/#primaryimage"},"thumbnailUrl":"https:\/\/redamlo.com\/wp-content\/uploads\/2024\/03\/hugo-de-la-rosa-1.jpg","datePublished":"2024-03-21T02:30:15+00:00","breadcrumb":{"@id":"https:\/\/redamlo.com\/index.php\/2024\/03\/20\/el-modelo-implementado-en-materia-de-seguridad-publica-en-la-administracion-de-juan-hugo-de-la-rosa-dio-excelentes-resultados\/#breadcrumb"},"inLanguage":"es","potentialAction":[{"@type":"ReadAction","target":["https:\/\/redamlo.com\/index.php\/2024\/03\/20\/el-modelo-implementado-en-materia-de-seguridad-publica-en-la-administracion-de-juan-hugo-de-la-rosa-dio-excelentes-resultados\/"]}]},{"@type":"ImageObject","inLanguage":"es","@id":"https:\/\/redamlo.com\/index.php\/2024\/03\/20\/el-modelo-implementado-en-materia-de-seguridad-publica-en-la-administracion-de-juan-hugo-de-la-rosa-dio-excelentes-resultados\/#primaryimage","url":"https:\/\/redamlo.com\/wp-content\/uploads\/2024\/03\/hugo-de-la-rosa-1.jpg","contentUrl":"https:\/\/redamlo.com\/wp-content\/uploads\/2024\/03\/hugo-de-la-rosa-1.jpg","width":1600,"height":1200},{"@type":"BreadcrumbList","@id":"https:\/\/redamlo.com\/index.php\/2024\/03\/20\/el-modelo-implementado-en-materia-de-seguridad-publica-en-la-administracion-de-juan-hugo-de-la-rosa-dio-excelentes-resultados\/#breadcrumb","itemListElement":[{"@type":"ListItem","position":1,"name":"Inicio","item":"https:\/\/redamlo.com\/"},{"@type":"ListItem","position":2,"name":"El modelo implementado en materia de seguridad p\u00fablica en la administraci\u00f3n de Juan Hugo de la Rosa dio excelentes resultados"}]},{"@type":"WebSite","@id":"https:\/\/redamlo.com\/#website","url":"https:\/\/redamlo.com\/","name":"NOTICIAS DE LA 4T","description":"","publisher":{"@id":"https:\/\/redamlo.com\/#organization"},"potentialAction":[{"@type":"SearchAction","target":{"@type":"EntryPoint","urlTemplate":"https:\/\/redamlo.com\/?s={search_term_string}"},"query-input":{"@type":"PropertyValueSpecification","valueRequired":true,"valueName":"search_term_string"}}],"inLanguage":"es"},{"@type":"Organization","@id":"https:\/\/redamlo.com\/#organization","name":"NOTICIAS DE LA 4T","url":"https:\/\/redamlo.com\/","logo":{"@type":"ImageObject","inLanguage":"es","@id":"https:\/\/redamlo.com\/#\/schema\/logo\/image\/","url":"https:\/\/redamlo.com\/wp-content\/uploads\/2024\/08\/cropped-RED-AMLO-logo-50.png","contentUrl":"https:\/\/redamlo.com\/wp-content\/uploads\/2024\/08\/cropped-RED-AMLO-logo-50.png","width":256,"height":256,"caption":"NOTICIAS DE LA 4T"},"image":{"@id":"https:\/\/redamlo.com\/#\/schema\/logo\/image\/"}},{"@type":"Person","@id":"https:\/\/redamlo.com\/#\/schema\/person\/197a0a670d21b1f4f1483ddda1b64613","name":"admin","image":{"@type":"ImageObject","inLanguage":"es","@id":"https:\/\/secure.gravatar.com\/avatar\/293dccd927043f2e641da6685c2f84009782eb9ee0054daceada4e261ded849a?s=96&d=mm&r=g","url":"https:\/\/secure.gravatar.com\/avatar\/293dccd927043f2e641da6685c2f84009782eb9ee0054daceada4e261ded849a?s=96&d=mm&r=g","contentUrl":"https:\/\/secure.gravatar.com\/avatar\/293dccd927043f2e641da6685c2f84009782eb9ee0054daceada4e261ded849a?s=96&d=mm&r=g","caption":"admin"},"sameAs":["https:\/\/redamlo.com"],"url":"https:\/\/redamlo.com\/index.php\/author\/stell\/"}]}},"_links":{"self":[{"href":"https:\/\/redamlo.com\/index.php\/wp-json\/wp\/v2\/posts\/7692","targetHints":{"allow":["GET"]}}],"collection":[{"href":"https:\/\/redamlo.com\/index.php\/wp-json\/wp\/v2\/posts"}],"about":[{"href":"https:\/\/redamlo.com\/index.php\/wp-json\/wp\/v2\/types\/post"}],"author":[{"embeddable":true,"href":"https:\/\/redamlo.com\/index.php\/wp-json\/wp\/v2\/users\/1"}],"replies":[{"embeddable":true,"href":"https:\/\/redamlo.com\/index.php\/wp-json\/wp\/v2\/comments?post=7692"}],"version-history":[{"count":0,"href":"https:\/\/redamlo.com\/index.php\/wp-json\/wp\/v2\/posts\/7692\/revisions"}],"wp:featuredmedia":[{"embeddable":true,"href":"https:\/\/redamlo.com\/index.php\/wp-json\/wp\/v2\/media\/7693"}],"wp:attachment":[{"href":"https:\/\/redamlo.com\/index.php\/wp-json\/wp\/v2\/media?parent=7692"}],"wp:term":[{"taxonomy":"category","embeddable":true,"href":"https:\/\/redamlo.com\/index.php\/wp-json\/wp\/v2\/categories?post=7692"},{"taxonomy":"post_tag","embeddable":true,"href":"https:\/\/redamlo.com\/index.php\/wp-json\/wp\/v2\/tags?post=7692"}],"curies":[{"name":"wp","href":"https:\/\/api.w.org\/{rel}","templated":true}]}}