{"id":7682,"date":"2024-03-16T13:47:37","date_gmt":"2024-03-16T19:47:37","guid":{"rendered":"https:\/\/redamlo.com\/?p=7682"},"modified":"2024-03-16T13:47:37","modified_gmt":"2024-03-16T19:47:37","slug":"urge-luz-ma-hernandez-bermudez-desde-ecatepec-a-terminar-con-los-feminicidios-y-la-brecha-de-genero","status":"publish","type":"post","link":"https:\/\/redamlo.com\/index.php\/2024\/03\/16\/urge-luz-ma-hernandez-bermudez-desde-ecatepec-a-terminar-con-los-feminicidios-y-la-brecha-de-genero\/","title":{"rendered":"Urge Luz Ma Hern\u00e1ndez Berm\u00fadez desde Ecatepec a terminar con los feminicidios y la brecha de g\u00e9nero"},"content":{"rendered":"<p>La diputada mexiquense Luz MaHern\u00e1ndezBerm\u00fadez exigi\u00f3 que se garantice la seguridad para las mujeres en el Estado de M\u00e9xico y en el pa\u00eds. Adem\u00e1s de alzar la voz para que se termine con brecha de g\u00e9nero que genera marcadas diferencias entre hombres y mujeres.<\/p>\n<p><img loading=\"lazy\" decoding=\"async\" class=\"aligncenter wp-image-7683 size-large\" src=\"https:\/\/redamlo.com\/wp-content\/uploads\/2024\/03\/luzma-hernandez-feminicidios-ecatepec-2-1024x768.jpg\" alt=\"\" width=\"640\" height=\"480\" srcset=\"https:\/\/redamlo.com\/wp-content\/uploads\/2024\/03\/luzma-hernandez-feminicidios-ecatepec-2-1024x768.jpg 1024w, https:\/\/redamlo.com\/wp-content\/uploads\/2024\/03\/luzma-hernandez-feminicidios-ecatepec-2-300x225.jpg 300w, https:\/\/redamlo.com\/wp-content\/uploads\/2024\/03\/luzma-hernandez-feminicidios-ecatepec-2-768x576.jpg 768w, https:\/\/redamlo.com\/wp-content\/uploads\/2024\/03\/luzma-hernandez-feminicidios-ecatepec-2-1536x1152.jpg 1536w, https:\/\/redamlo.com\/wp-content\/uploads\/2024\/03\/luzma-hernandez-feminicidios-ecatepec-2.jpg 1600w\" sizes=\"auto, (max-width: 640px) 100vw, 640px\" \/><\/p>\n<p>&nbsp;<\/p>\n<p>Durante un evento en el municipio de Ecatepec, hizo \u00e9nfasis en la urgencia de terminar con los feminicidios, un tema urgente que se dej\u00f3 crecer en el municipio y en el Estado de M\u00e9xico desde hace algunos sexenios, superando en cifras incluso a Ciudad Ju\u00e1rez y que llev\u00f3 a un grupo de mujeres a organizarse para visibilizar la problem\u00e1tica y trabajar para combatir la inseguridad.<\/p>\n<p>&nbsp;<\/p>\n<p>\u201cGracias a quienes caminamos en ese momento y hoy caminamos de la mano para darle continuidad, para lograr que en M\u00e9xico se dignifique el hecho de nacer mujer\u201d.<\/p>\n<p>&nbsp;<\/p>\n<p>Una de las diferencias m\u00e1s visibles, dijo la legisladora Luz Ma Hern\u00e1ndez, es la diferencia que existe en la remuneraci\u00f3n econ\u00f3mica entre hombres y mujeres que realizan las mismas funciones. Cit\u00f3 los datos publicados por el Banco Interamericano de Desarrollo, que establece una diferencia de 18% en el salario.<\/p>\n<p>&nbsp;<\/p>\n<p>\u201cEn el 2010, la ONU reconoci\u00f3 que aunque las mujeres han logrado avances en muchas profesiones, la pol\u00edtica no es una de ellas, y aunque se ha exportado a los gobiernos para desarrollar estrategias para promover la participaci\u00f3n igualitaria de las mujeres, todav\u00eda no es una de sus prioridades. En el mundo del trabajo las mujeres enfrentan amplias desventajas, las mujeres que trabajan tiempo completo, ganan menos que los hombres. Am\u00e9rica Latina no es la excepci\u00f3n, seg\u00fan datos del banco interamericano de desarrollo, el salario por hora de las mujeres es 18% menor que el de los hombres; la brecha salarial sigue haciendo estragos en la mujer\u201d.<\/p>\n<p>&nbsp;<\/p>\n<p>Acompa\u00f1ada de F\u00e1tima Olivares, presidenta nacional de Embajadoras por la Cuarta Transformaci\u00f3n y Nayeli Herreras, directora de las Redes de Asociaciones Civiles Ecatepenses por los Derechos Humanos, reconoci\u00f3 la labor de distintas mujeres que con sus acciones demuestran la importancia de sumarse a distintos sectores econ\u00f3micos, ya que dijo, existen ejemplos de \u00e9xito en distintas ramas, como la ciencia, el deporte y la cultura.<\/p>\n<p><img loading=\"lazy\" decoding=\"async\" class=\"aligncenter wp-image-7684 size-large\" src=\"https:\/\/redamlo.com\/wp-content\/uploads\/2024\/03\/luzma-hernandez-feminicidios-ecatepec-1-1024x462.jpg\" alt=\"\" width=\"640\" height=\"289\" srcset=\"https:\/\/redamlo.com\/wp-content\/uploads\/2024\/03\/luzma-hernandez-feminicidios-ecatepec-1-1024x462.jpg 1024w, https:\/\/redamlo.com\/wp-content\/uploads\/2024\/03\/luzma-hernandez-feminicidios-ecatepec-1-300x135.jpg 300w, https:\/\/redamlo.com\/wp-content\/uploads\/2024\/03\/luzma-hernandez-feminicidios-ecatepec-1-768x347.jpg 768w, https:\/\/redamlo.com\/wp-content\/uploads\/2024\/03\/luzma-hernandez-feminicidios-ecatepec-1-1536x694.jpg 1536w, https:\/\/redamlo.com\/wp-content\/uploads\/2024\/03\/luzma-hernandez-feminicidios-ecatepec-1.jpg 1599w\" sizes=\"auto, (max-width: 640px) 100vw, 640px\" \/><\/p>\n<p>&nbsp;<\/p>\n<p>Asimismo, reconoci\u00f3 la labor de las mujeres que forman parte de la Cuarta Transformaci\u00f3n, encabezada por el presidente Andr\u00e9s Manuel L\u00f3pez Obrador la gobernadora del Estado de M\u00e9xico, Delfina G\u00f3mez \u00c1lvarez, quien dedic\u00f3 gran parte de su trayectoria a la ense\u00f1anza de estudiantes de nivel b\u00e1sico, donde ayud\u00f3 a forjar a muchos de los profesionistas que hoy se desarrollan en la entidad.<\/p>\n<p><img loading=\"lazy\" decoding=\"async\" class=\"aligncenter wp-image-7685 size-large\" src=\"https:\/\/redamlo.com\/wp-content\/uploads\/2024\/03\/luzma-hernandez-feminicidios-ecatepec-3-690x1024.jpg\" alt=\"\" width=\"640\" height=\"950\" srcset=\"https:\/\/redamlo.com\/wp-content\/uploads\/2024\/03\/luzma-hernandez-feminicidios-ecatepec-3-690x1024.jpg 690w, https:\/\/redamlo.com\/wp-content\/uploads\/2024\/03\/luzma-hernandez-feminicidios-ecatepec-3-202x300.jpg 202w, https:\/\/redamlo.com\/wp-content\/uploads\/2024\/03\/luzma-hernandez-feminicidios-ecatepec-3-768x1140.jpg 768w, https:\/\/redamlo.com\/wp-content\/uploads\/2024\/03\/luzma-hernandez-feminicidios-ecatepec-3.jpg 1008w\" sizes=\"auto, (max-width: 640px) 100vw, 640px\" \/><\/p>\n<p>&nbsp;<\/p>\n","protected":false},"excerpt":{"rendered":"<p>La diputada mexiquense Luz MaHern\u00e1ndezBerm\u00fadez exigi\u00f3 que se garantice la seguridad para las mujeres en&#8230;<\/p>\n","protected":false},"author":1,"featured_media":7683,"comment_status":"open","ping_status":"closed","sticky":false,"template":"","format":"standard","meta":{"footnotes":""},"categories":[3,6,5],"tags":[2508,2655,59],"class_list":["post-7682","post","type-post","status-publish","format-standard","has-post-thumbnail","hentry","category-estado-de-mexico","category-estados","category-politica","tag-diputada-luz-ma-hernandez","tag-ecatepec-feminicidios","tag-edomex"],"yoast_head":"<!-- This site is optimized with the Yoast SEO plugin v27.5 - https:\/\/yoast.com\/product\/yoast-seo-wordpress\/ -->\n<title>Urge Luz Ma Hern\u00e1ndez Berm\u00fadez desde Ecatepec a terminar con los feminicidios y la brecha de g\u00e9nero - NOTICIAS DE LA 4T<\/title>\n<meta name=\"robots\" content=\"noindex, follow, max-snippet:-1, max-image-preview:large, max-video-preview:-1\" \/>\n<meta property=\"og:locale\" content=\"es_MX\" \/>\n<meta property=\"og:type\" content=\"article\" \/>\n<meta property=\"og:title\" content=\"Urge Luz Ma Hern\u00e1ndez Berm\u00fadez desde Ecatepec a terminar con los feminicidios y la brecha de g\u00e9nero - NOTICIAS DE LA 4T\" \/>\n<meta property=\"og:description\" content=\"La diputada mexiquense Luz MaHern\u00e1ndezBerm\u00fadez exigi\u00f3 que se garantice la seguridad para las mujeres en...\" \/>\n<meta property=\"og:url\" content=\"https:\/\/redamlo.com\/index.php\/2024\/03\/16\/urge-luz-ma-hernandez-bermudez-desde-ecatepec-a-terminar-con-los-feminicidios-y-la-brecha-de-genero\/\" \/>\n<meta property=\"og:site_name\" content=\"NOTICIAS DE LA 4T\" \/>\n<meta property=\"article:published_time\" content=\"2024-03-16T19:47:37+00:00\" \/>\n<meta property=\"og:image\" content=\"https:\/\/redamlo.com\/wp-content\/uploads\/2024\/03\/luzma-hernandez-feminicidios-ecatepec-2.jpg\" \/>\n\t<meta property=\"og:image:width\" content=\"1600\" \/>\n\t<meta property=\"og:image:height\" content=\"1200\" \/>\n\t<meta property=\"og:image:type\" content=\"image\/jpeg\" \/>\n<meta name=\"author\" content=\"admin\" \/>\n<meta name=\"twitter:card\" content=\"summary_large_image\" \/>\n<meta name=\"twitter:label1\" content=\"Escrito por\" \/>\n\t<meta name=\"twitter:data1\" content=\"admin\" \/>\n\t<meta name=\"twitter:label2\" content=\"Tiempo de lectura\" \/>\n\t<meta name=\"twitter:data2\" content=\"3 minutos\" \/>\n<script type=\"application\/ld+json\" class=\"yoast-schema-graph\">{\"@context\":\"https:\\\/\\\/schema.org\",\"@graph\":[{\"@type\":\"Article\",\"@id\":\"https:\\\/\\\/redamlo.com\\\/index.php\\\/2024\\\/03\\\/16\\\/urge-luz-ma-hernandez-bermudez-desde-ecatepec-a-terminar-con-los-feminicidios-y-la-brecha-de-genero\\\/#article\",\"isPartOf\":{\"@id\":\"https:\\\/\\\/redamlo.com\\\/index.php\\\/2024\\\/03\\\/16\\\/urge-luz-ma-hernandez-bermudez-desde-ecatepec-a-terminar-con-los-feminicidios-y-la-brecha-de-genero\\\/\"},\"author\":{\"name\":\"admin\",\"@id\":\"https:\\\/\\\/redamlo.com\\\/#\\\/schema\\\/person\\\/197a0a670d21b1f4f1483ddda1b64613\"},\"headline\":\"Urge Luz Ma Hern\u00e1ndez Berm\u00fadez desde Ecatepec a terminar con los feminicidios y la brecha de g\u00e9nero\",\"datePublished\":\"2024-03-16T19:47:37+00:00\",\"mainEntityOfPage\":{\"@id\":\"https:\\\/\\\/redamlo.com\\\/index.php\\\/2024\\\/03\\\/16\\\/urge-luz-ma-hernandez-bermudez-desde-ecatepec-a-terminar-con-los-feminicidios-y-la-brecha-de-genero\\\/\"},\"wordCount\":474,\"commentCount\":0,\"publisher\":{\"@id\":\"https:\\\/\\\/redamlo.com\\\/#organization\"},\"image\":{\"@id\":\"https:\\\/\\\/redamlo.com\\\/index.php\\\/2024\\\/03\\\/16\\\/urge-luz-ma-hernandez-bermudez-desde-ecatepec-a-terminar-con-los-feminicidios-y-la-brecha-de-genero\\\/#primaryimage\"},\"thumbnailUrl\":\"https:\\\/\\\/redamlo.com\\\/wp-content\\\/uploads\\\/2024\\\/03\\\/luzma-hernandez-feminicidios-ecatepec-2.jpg\",\"keywords\":[\"Diputada Luz Ma Hernandez\",\"ecatepec feminicidios\",\"edomex\"],\"articleSection\":[\"Estado de M\u00e9xico\",\"Estados\",\"Pol\u00edtica\"],\"inLanguage\":\"es\",\"potentialAction\":[{\"@type\":\"CommentAction\",\"name\":\"Comment\",\"target\":[\"https:\\\/\\\/redamlo.com\\\/index.php\\\/2024\\\/03\\\/16\\\/urge-luz-ma-hernandez-bermudez-desde-ecatepec-a-terminar-con-los-feminicidios-y-la-brecha-de-genero\\\/#respond\"]}]},{\"@type\":\"WebPage\",\"@id\":\"https:\\\/\\\/redamlo.com\\\/index.php\\\/2024\\\/03\\\/16\\\/urge-luz-ma-hernandez-bermudez-desde-ecatepec-a-terminar-con-los-feminicidios-y-la-brecha-de-genero\\\/\",\"url\":\"https:\\\/\\\/redamlo.com\\\/index.php\\\/2024\\\/03\\\/16\\\/urge-luz-ma-hernandez-bermudez-desde-ecatepec-a-terminar-con-los-feminicidios-y-la-brecha-de-genero\\\/\",\"name\":\"Urge Luz Ma Hern\u00e1ndez Berm\u00fadez desde Ecatepec a terminar con los feminicidios y la brecha de g\u00e9nero - NOTICIAS DE LA 4T\",\"isPartOf\":{\"@id\":\"https:\\\/\\\/redamlo.com\\\/#website\"},\"primaryImageOfPage\":{\"@id\":\"https:\\\/\\\/redamlo.com\\\/index.php\\\/2024\\\/03\\\/16\\\/urge-luz-ma-hernandez-bermudez-desde-ecatepec-a-terminar-con-los-feminicidios-y-la-brecha-de-genero\\\/#primaryimage\"},\"image\":{\"@id\":\"https:\\\/\\\/redamlo.com\\\/index.php\\\/2024\\\/03\\\/16\\\/urge-luz-ma-hernandez-bermudez-desde-ecatepec-a-terminar-con-los-feminicidios-y-la-brecha-de-genero\\\/#primaryimage\"},\"thumbnailUrl\":\"https:\\\/\\\/redamlo.com\\\/wp-content\\\/uploads\\\/2024\\\/03\\\/luzma-hernandez-feminicidios-ecatepec-2.jpg\",\"datePublished\":\"2024-03-16T19:47:37+00:00\",\"breadcrumb\":{\"@id\":\"https:\\\/\\\/redamlo.com\\\/index.php\\\/2024\\\/03\\\/16\\\/urge-luz-ma-hernandez-bermudez-desde-ecatepec-a-terminar-con-los-feminicidios-y-la-brecha-de-genero\\\/#breadcrumb\"},\"inLanguage\":\"es\",\"potentialAction\":[{\"@type\":\"ReadAction\",\"target\":[\"https:\\\/\\\/redamlo.com\\\/index.php\\\/2024\\\/03\\\/16\\\/urge-luz-ma-hernandez-bermudez-desde-ecatepec-a-terminar-con-los-feminicidios-y-la-brecha-de-genero\\\/\"]}]},{\"@type\":\"ImageObject\",\"inLanguage\":\"es\",\"@id\":\"https:\\\/\\\/redamlo.com\\\/index.php\\\/2024\\\/03\\\/16\\\/urge-luz-ma-hernandez-bermudez-desde-ecatepec-a-terminar-con-los-feminicidios-y-la-brecha-de-genero\\\/#primaryimage\",\"url\":\"https:\\\/\\\/redamlo.com\\\/wp-content\\\/uploads\\\/2024\\\/03\\\/luzma-hernandez-feminicidios-ecatepec-2.jpg\",\"contentUrl\":\"https:\\\/\\\/redamlo.com\\\/wp-content\\\/uploads\\\/2024\\\/03\\\/luzma-hernandez-feminicidios-ecatepec-2.jpg\",\"width\":1600,\"height\":1200},{\"@type\":\"BreadcrumbList\",\"@id\":\"https:\\\/\\\/redamlo.com\\\/index.php\\\/2024\\\/03\\\/16\\\/urge-luz-ma-hernandez-bermudez-desde-ecatepec-a-terminar-con-los-feminicidios-y-la-brecha-de-genero\\\/#breadcrumb\",\"itemListElement\":[{\"@type\":\"ListItem\",\"position\":1,\"name\":\"Inicio\",\"item\":\"https:\\\/\\\/redamlo.com\\\/\"},{\"@type\":\"ListItem\",\"position\":2,\"name\":\"Urge Luz Ma Hern\u00e1ndez Berm\u00fadez desde Ecatepec a terminar con los feminicidios y la brecha de g\u00e9nero\"}]},{\"@type\":\"WebSite\",\"@id\":\"https:\\\/\\\/redamlo.com\\\/#website\",\"url\":\"https:\\\/\\\/redamlo.com\\\/\",\"name\":\"NOTICIAS DE LA 4T\",\"description\":\"\",\"publisher\":{\"@id\":\"https:\\\/\\\/redamlo.com\\\/#organization\"},\"potentialAction\":[{\"@type\":\"SearchAction\",\"target\":{\"@type\":\"EntryPoint\",\"urlTemplate\":\"https:\\\/\\\/redamlo.com\\\/?s={search_term_string}\"},\"query-input\":{\"@type\":\"PropertyValueSpecification\",\"valueRequired\":true,\"valueName\":\"search_term_string\"}}],\"inLanguage\":\"es\"},{\"@type\":\"Organization\",\"@id\":\"https:\\\/\\\/redamlo.com\\\/#organization\",\"name\":\"NOTICIAS DE LA 4T\",\"url\":\"https:\\\/\\\/redamlo.com\\\/\",\"logo\":{\"@type\":\"ImageObject\",\"inLanguage\":\"es\",\"@id\":\"https:\\\/\\\/redamlo.com\\\/#\\\/schema\\\/logo\\\/image\\\/\",\"url\":\"https:\\\/\\\/redamlo.com\\\/wp-content\\\/uploads\\\/2024\\\/08\\\/cropped-RED-AMLO-logo-50.png\",\"contentUrl\":\"https:\\\/\\\/redamlo.com\\\/wp-content\\\/uploads\\\/2024\\\/08\\\/cropped-RED-AMLO-logo-50.png\",\"width\":256,\"height\":256,\"caption\":\"NOTICIAS DE LA 4T\"},\"image\":{\"@id\":\"https:\\\/\\\/redamlo.com\\\/#\\\/schema\\\/logo\\\/image\\\/\"}},{\"@type\":\"Person\",\"@id\":\"https:\\\/\\\/redamlo.com\\\/#\\\/schema\\\/person\\\/197a0a670d21b1f4f1483ddda1b64613\",\"name\":\"admin\",\"image\":{\"@type\":\"ImageObject\",\"inLanguage\":\"es\",\"@id\":\"https:\\\/\\\/secure.gravatar.com\\\/avatar\\\/293dccd927043f2e641da6685c2f84009782eb9ee0054daceada4e261ded849a?s=96&d=mm&r=g\",\"url\":\"https:\\\/\\\/secure.gravatar.com\\\/avatar\\\/293dccd927043f2e641da6685c2f84009782eb9ee0054daceada4e261ded849a?s=96&d=mm&r=g\",\"contentUrl\":\"https:\\\/\\\/secure.gravatar.com\\\/avatar\\\/293dccd927043f2e641da6685c2f84009782eb9ee0054daceada4e261ded849a?s=96&d=mm&r=g\",\"caption\":\"admin\"},\"sameAs\":[\"https:\\\/\\\/redamlo.com\"],\"url\":\"https:\\\/\\\/redamlo.com\\\/index.php\\\/author\\\/stell\\\/\"}]}<\/script>\n<!-- \/ Yoast SEO plugin. -->","yoast_head_json":{"title":"Urge Luz Ma Hern\u00e1ndez Berm\u00fadez desde Ecatepec a terminar con los feminicidios y la brecha de g\u00e9nero - NOTICIAS DE LA 4T","robots":{"index":"noindex","follow":"follow","max-snippet":"max-snippet:-1","max-image-preview":"max-image-preview:large","max-video-preview":"max-video-preview:-1"},"og_locale":"es_MX","og_type":"article","og_title":"Urge Luz Ma Hern\u00e1ndez Berm\u00fadez desde Ecatepec a terminar con los feminicidios y la brecha de g\u00e9nero - NOTICIAS DE LA 4T","og_description":"La diputada mexiquense Luz MaHern\u00e1ndezBerm\u00fadez exigi\u00f3 que se garantice la seguridad para las mujeres en...","og_url":"https:\/\/redamlo.com\/index.php\/2024\/03\/16\/urge-luz-ma-hernandez-bermudez-desde-ecatepec-a-terminar-con-los-feminicidios-y-la-brecha-de-genero\/","og_site_name":"NOTICIAS DE LA 4T","article_published_time":"2024-03-16T19:47:37+00:00","og_image":[{"width":1600,"height":1200,"url":"https:\/\/redamlo.com\/wp-content\/uploads\/2024\/03\/luzma-hernandez-feminicidios-ecatepec-2.jpg","type":"image\/jpeg"}],"author":"admin","twitter_card":"summary_large_image","twitter_misc":{"Escrito por":"admin","Tiempo de lectura":"3 minutos"},"schema":{"@context":"https:\/\/schema.org","@graph":[{"@type":"Article","@id":"https:\/\/redamlo.com\/index.php\/2024\/03\/16\/urge-luz-ma-hernandez-bermudez-desde-ecatepec-a-terminar-con-los-feminicidios-y-la-brecha-de-genero\/#article","isPartOf":{"@id":"https:\/\/redamlo.com\/index.php\/2024\/03\/16\/urge-luz-ma-hernandez-bermudez-desde-ecatepec-a-terminar-con-los-feminicidios-y-la-brecha-de-genero\/"},"author":{"name":"admin","@id":"https:\/\/redamlo.com\/#\/schema\/person\/197a0a670d21b1f4f1483ddda1b64613"},"headline":"Urge Luz Ma Hern\u00e1ndez Berm\u00fadez desde Ecatepec a terminar con los feminicidios y la brecha de g\u00e9nero","datePublished":"2024-03-16T19:47:37+00:00","mainEntityOfPage":{"@id":"https:\/\/redamlo.com\/index.php\/2024\/03\/16\/urge-luz-ma-hernandez-bermudez-desde-ecatepec-a-terminar-con-los-feminicidios-y-la-brecha-de-genero\/"},"wordCount":474,"commentCount":0,"publisher":{"@id":"https:\/\/redamlo.com\/#organization"},"image":{"@id":"https:\/\/redamlo.com\/index.php\/2024\/03\/16\/urge-luz-ma-hernandez-bermudez-desde-ecatepec-a-terminar-con-los-feminicidios-y-la-brecha-de-genero\/#primaryimage"},"thumbnailUrl":"https:\/\/redamlo.com\/wp-content\/uploads\/2024\/03\/luzma-hernandez-feminicidios-ecatepec-2.jpg","keywords":["Diputada Luz Ma Hernandez","ecatepec feminicidios","edomex"],"articleSection":["Estado de M\u00e9xico","Estados","Pol\u00edtica"],"inLanguage":"es","potentialAction":[{"@type":"CommentAction","name":"Comment","target":["https:\/\/redamlo.com\/index.php\/2024\/03\/16\/urge-luz-ma-hernandez-bermudez-desde-ecatepec-a-terminar-con-los-feminicidios-y-la-brecha-de-genero\/#respond"]}]},{"@type":"WebPage","@id":"https:\/\/redamlo.com\/index.php\/2024\/03\/16\/urge-luz-ma-hernandez-bermudez-desde-ecatepec-a-terminar-con-los-feminicidios-y-la-brecha-de-genero\/","url":"https:\/\/redamlo.com\/index.php\/2024\/03\/16\/urge-luz-ma-hernandez-bermudez-desde-ecatepec-a-terminar-con-los-feminicidios-y-la-brecha-de-genero\/","name":"Urge Luz Ma Hern\u00e1ndez Berm\u00fadez desde Ecatepec a terminar con los feminicidios y la brecha de g\u00e9nero - NOTICIAS DE LA 4T","isPartOf":{"@id":"https:\/\/redamlo.com\/#website"},"primaryImageOfPage":{"@id":"https:\/\/redamlo.com\/index.php\/2024\/03\/16\/urge-luz-ma-hernandez-bermudez-desde-ecatepec-a-terminar-con-los-feminicidios-y-la-brecha-de-genero\/#primaryimage"},"image":{"@id":"https:\/\/redamlo.com\/index.php\/2024\/03\/16\/urge-luz-ma-hernandez-bermudez-desde-ecatepec-a-terminar-con-los-feminicidios-y-la-brecha-de-genero\/#primaryimage"},"thumbnailUrl":"https:\/\/redamlo.com\/wp-content\/uploads\/2024\/03\/luzma-hernandez-feminicidios-ecatepec-2.jpg","datePublished":"2024-03-16T19:47:37+00:00","breadcrumb":{"@id":"https:\/\/redamlo.com\/index.php\/2024\/03\/16\/urge-luz-ma-hernandez-bermudez-desde-ecatepec-a-terminar-con-los-feminicidios-y-la-brecha-de-genero\/#breadcrumb"},"inLanguage":"es","potentialAction":[{"@type":"ReadAction","target":["https:\/\/redamlo.com\/index.php\/2024\/03\/16\/urge-luz-ma-hernandez-bermudez-desde-ecatepec-a-terminar-con-los-feminicidios-y-la-brecha-de-genero\/"]}]},{"@type":"ImageObject","inLanguage":"es","@id":"https:\/\/redamlo.com\/index.php\/2024\/03\/16\/urge-luz-ma-hernandez-bermudez-desde-ecatepec-a-terminar-con-los-feminicidios-y-la-brecha-de-genero\/#primaryimage","url":"https:\/\/redamlo.com\/wp-content\/uploads\/2024\/03\/luzma-hernandez-feminicidios-ecatepec-2.jpg","contentUrl":"https:\/\/redamlo.com\/wp-content\/uploads\/2024\/03\/luzma-hernandez-feminicidios-ecatepec-2.jpg","width":1600,"height":1200},{"@type":"BreadcrumbList","@id":"https:\/\/redamlo.com\/index.php\/2024\/03\/16\/urge-luz-ma-hernandez-bermudez-desde-ecatepec-a-terminar-con-los-feminicidios-y-la-brecha-de-genero\/#breadcrumb","itemListElement":[{"@type":"ListItem","position":1,"name":"Inicio","item":"https:\/\/redamlo.com\/"},{"@type":"ListItem","position":2,"name":"Urge Luz Ma Hern\u00e1ndez Berm\u00fadez desde Ecatepec a terminar con los feminicidios y la brecha de g\u00e9nero"}]},{"@type":"WebSite","@id":"https:\/\/redamlo.com\/#website","url":"https:\/\/redamlo.com\/","name":"NOTICIAS DE LA 4T","description":"","publisher":{"@id":"https:\/\/redamlo.com\/#organization"},"potentialAction":[{"@type":"SearchAction","target":{"@type":"EntryPoint","urlTemplate":"https:\/\/redamlo.com\/?s={search_term_string}"},"query-input":{"@type":"PropertyValueSpecification","valueRequired":true,"valueName":"search_term_string"}}],"inLanguage":"es"},{"@type":"Organization","@id":"https:\/\/redamlo.com\/#organization","name":"NOTICIAS DE LA 4T","url":"https:\/\/redamlo.com\/","logo":{"@type":"ImageObject","inLanguage":"es","@id":"https:\/\/redamlo.com\/#\/schema\/logo\/image\/","url":"https:\/\/redamlo.com\/wp-content\/uploads\/2024\/08\/cropped-RED-AMLO-logo-50.png","contentUrl":"https:\/\/redamlo.com\/wp-content\/uploads\/2024\/08\/cropped-RED-AMLO-logo-50.png","width":256,"height":256,"caption":"NOTICIAS DE LA 4T"},"image":{"@id":"https:\/\/redamlo.com\/#\/schema\/logo\/image\/"}},{"@type":"Person","@id":"https:\/\/redamlo.com\/#\/schema\/person\/197a0a670d21b1f4f1483ddda1b64613","name":"admin","image":{"@type":"ImageObject","inLanguage":"es","@id":"https:\/\/secure.gravatar.com\/avatar\/293dccd927043f2e641da6685c2f84009782eb9ee0054daceada4e261ded849a?s=96&d=mm&r=g","url":"https:\/\/secure.gravatar.com\/avatar\/293dccd927043f2e641da6685c2f84009782eb9ee0054daceada4e261ded849a?s=96&d=mm&r=g","contentUrl":"https:\/\/secure.gravatar.com\/avatar\/293dccd927043f2e641da6685c2f84009782eb9ee0054daceada4e261ded849a?s=96&d=mm&r=g","caption":"admin"},"sameAs":["https:\/\/redamlo.com"],"url":"https:\/\/redamlo.com\/index.php\/author\/stell\/"}]}},"_links":{"self":[{"href":"https:\/\/redamlo.com\/index.php\/wp-json\/wp\/v2\/posts\/7682","targetHints":{"allow":["GET"]}}],"collection":[{"href":"https:\/\/redamlo.com\/index.php\/wp-json\/wp\/v2\/posts"}],"about":[{"href":"https:\/\/redamlo.com\/index.php\/wp-json\/wp\/v2\/types\/post"}],"author":[{"embeddable":true,"href":"https:\/\/redamlo.com\/index.php\/wp-json\/wp\/v2\/users\/1"}],"replies":[{"embeddable":true,"href":"https:\/\/redamlo.com\/index.php\/wp-json\/wp\/v2\/comments?post=7682"}],"version-history":[{"count":0,"href":"https:\/\/redamlo.com\/index.php\/wp-json\/wp\/v2\/posts\/7682\/revisions"}],"wp:featuredmedia":[{"embeddable":true,"href":"https:\/\/redamlo.com\/index.php\/wp-json\/wp\/v2\/media\/7683"}],"wp:attachment":[{"href":"https:\/\/redamlo.com\/index.php\/wp-json\/wp\/v2\/media?parent=7682"}],"wp:term":[{"taxonomy":"category","embeddable":true,"href":"https:\/\/redamlo.com\/index.php\/wp-json\/wp\/v2\/categories?post=7682"},{"taxonomy":"post_tag","embeddable":true,"href":"https:\/\/redamlo.com\/index.php\/wp-json\/wp\/v2\/tags?post=7682"}],"curies":[{"name":"wp","href":"https:\/\/api.w.org\/{rel}","templated":true}]}}