{"id":767,"date":"2020-02-11T08:28:18","date_gmt":"2020-02-11T14:28:18","guid":{"rendered":"http:\/\/redamlo.com\/?p=767"},"modified":"2020-02-11T08:28:18","modified_gmt":"2020-02-11T14:28:18","slug":"encuesta-de-opinion-quien-es-el-mejor-candidato-para-gobernar-nuevo-leon","status":"publish","type":"post","link":"https:\/\/redamlo.com\/index.php\/2020\/02\/11\/encuesta-de-opinion-quien-es-el-mejor-candidato-para-gobernar-nuevo-leon\/","title":{"rendered":"Encuesta de Opinion \u00bfQuien es el mejor candidato para Gobernar Nuevo Le\u00f3n?"},"content":{"rendered":"<h3>Ciudad de M\u00e9xico a 11 de Febrero 2020 (Cdmx Press).-<\/h3>\n<p>Las elecciones en Nuevo Le\u00f3n ser\u00e1n el 6 de junio del 2021, cuando adem\u00e1s de votar por el nuevo gobernador del estado, se elegir\u00e1n 42 diputados estatales y funcionarios de 51 ayuntamientos.<\/p>\n<p>Entre los candidatos mas fuertes para ocupar la Gobernatura est\u00e1n <strong>Tatiana Clouthier y Samuel Garc\u00eda<\/strong><\/p>\n<p><strong>Tatiana Clouthier<\/strong> anuncia que va a la gubernatura de NL o Sinaloa.<\/p>\n<p>La diputada federal de Morena,<strong> Tatiana Clouthier<\/strong> explic\u00f3 que a mediano plazo en su futuro pol\u00edtico puede optar a contender tanto por la gubernatura de Nuevo Le\u00f3n o la de Sinaloa por que as\u00ed la asiste el derecho electoral; as\u00ed sale al paso de los rumores que la colocan como una futura candidata, aunque ella no establece si eso va a ocurrir.<\/p>\n<p>Movimiento Ciudadano tiene entre sus objetivos apostarlo todo en la carrera por la gubernatura de\u00a0<strong>Nuevo Le\u00f3n<\/strong>, donde lidera las preferencias su senador\u00a0<strong>Samuel Garc\u00eda<\/strong>. Sin embargo, en esta competencia tendr\u00e1 adversarios dif\u00edciles de vencer, pues se perfilan personajes como\u00a0<strong>Tatiana Clouthier<\/strong>, vicecoordinadora de Morena en la C\u00e1mara de Diputados; Clara Luz Flores, alcaldesa priista del municipio de Escobedo; Adri\u00e1n de la Garza, alcalde priista de Monterrey; y V\u00edctor Fuentes, senador del PAN, entre otros.<\/p>\n","protected":false},"excerpt":{"rendered":"<p>Ciudad de M\u00e9xico a 11 de Febrero 2020 (Cdmx Press).- Las elecciones en Nuevo Le\u00f3n&#8230;<\/p>\n","protected":false},"author":2,"featured_media":769,"comment_status":"open","ping_status":"closed","sticky":false,"template":"","format":"standard","meta":{"footnotes":""},"categories":[20],"tags":[],"class_list":["post-767","post","type-post","status-publish","format-standard","has-post-thumbnail","hentry","category-nacionales"],"yoast_head":"<!-- This site is optimized with the Yoast SEO plugin v27.5 - https:\/\/yoast.com\/product\/yoast-seo-wordpress\/ -->\n<title>Encuesta de Opinion \u00bfQuien es el mejor candidato para Gobernar Nuevo Le\u00f3n? - NOTICIAS DE LA 4T<\/title>\n<meta name=\"robots\" content=\"noindex, follow, max-snippet:-1, max-image-preview:large, max-video-preview:-1\" \/>\n<meta property=\"og:locale\" content=\"es_MX\" \/>\n<meta property=\"og:type\" content=\"article\" \/>\n<meta property=\"og:title\" content=\"Encuesta de Opinion \u00bfQuien es el mejor candidato para Gobernar Nuevo Le\u00f3n? - NOTICIAS DE LA 4T\" \/>\n<meta property=\"og:description\" content=\"Ciudad de M\u00e9xico a 11 de Febrero 2020 (Cdmx Press).- Las elecciones en Nuevo Le\u00f3n...\" \/>\n<meta property=\"og:url\" content=\"https:\/\/redamlo.com\/index.php\/2020\/02\/11\/encuesta-de-opinion-quien-es-el-mejor-candidato-para-gobernar-nuevo-leon\/\" \/>\n<meta property=\"og:site_name\" content=\"NOTICIAS DE LA 4T\" \/>\n<meta property=\"article:published_time\" content=\"2020-02-11T14:28:18+00:00\" \/>\n<meta name=\"author\" content=\"Blanca\" \/>\n<meta name=\"twitter:card\" content=\"summary_large_image\" \/>\n<meta name=\"twitter:label1\" content=\"Escrito por\" \/>\n\t<meta name=\"twitter:data1\" content=\"Blanca\" \/>\n\t<meta name=\"twitter:label2\" content=\"Tiempo de lectura\" \/>\n\t<meta name=\"twitter:data2\" content=\"1 minuto\" \/>\n<script type=\"application\/ld+json\" class=\"yoast-schema-graph\">{\"@context\":\"https:\\\/\\\/schema.org\",\"@graph\":[{\"@type\":\"Article\",\"@id\":\"https:\\\/\\\/redamlo.com\\\/index.php\\\/2020\\\/02\\\/11\\\/encuesta-de-opinion-quien-es-el-mejor-candidato-para-gobernar-nuevo-leon\\\/#article\",\"isPartOf\":{\"@id\":\"https:\\\/\\\/redamlo.com\\\/index.php\\\/2020\\\/02\\\/11\\\/encuesta-de-opinion-quien-es-el-mejor-candidato-para-gobernar-nuevo-leon\\\/\"},\"author\":{\"name\":\"Blanca\",\"@id\":\"https:\\\/\\\/redamlo.com\\\/#\\\/schema\\\/person\\\/7223a4375eb8f1a782fcae010a7115cf\"},\"headline\":\"Encuesta de Opinion \u00bfQuien es el mejor candidato para Gobernar Nuevo Le\u00f3n?\",\"datePublished\":\"2020-02-11T14:28:18+00:00\",\"mainEntityOfPage\":{\"@id\":\"https:\\\/\\\/redamlo.com\\\/index.php\\\/2020\\\/02\\\/11\\\/encuesta-de-opinion-quien-es-el-mejor-candidato-para-gobernar-nuevo-leon\\\/\"},\"wordCount\":229,\"commentCount\":0,\"publisher\":{\"@id\":\"https:\\\/\\\/redamlo.com\\\/#organization\"},\"image\":{\"@id\":\"https:\\\/\\\/redamlo.com\\\/index.php\\\/2020\\\/02\\\/11\\\/encuesta-de-opinion-quien-es-el-mejor-candidato-para-gobernar-nuevo-leon\\\/#primaryimage\"},\"thumbnailUrl\":\"\",\"articleSection\":[\"Nacionales\"],\"inLanguage\":\"es\",\"potentialAction\":[{\"@type\":\"CommentAction\",\"name\":\"Comment\",\"target\":[\"https:\\\/\\\/redamlo.com\\\/index.php\\\/2020\\\/02\\\/11\\\/encuesta-de-opinion-quien-es-el-mejor-candidato-para-gobernar-nuevo-leon\\\/#respond\"]}]},{\"@type\":\"WebPage\",\"@id\":\"https:\\\/\\\/redamlo.com\\\/index.php\\\/2020\\\/02\\\/11\\\/encuesta-de-opinion-quien-es-el-mejor-candidato-para-gobernar-nuevo-leon\\\/\",\"url\":\"https:\\\/\\\/redamlo.com\\\/index.php\\\/2020\\\/02\\\/11\\\/encuesta-de-opinion-quien-es-el-mejor-candidato-para-gobernar-nuevo-leon\\\/\",\"name\":\"Encuesta de Opinion \u00bfQuien es el mejor candidato para Gobernar Nuevo Le\u00f3n? - NOTICIAS DE LA 4T\",\"isPartOf\":{\"@id\":\"https:\\\/\\\/redamlo.com\\\/#website\"},\"primaryImageOfPage\":{\"@id\":\"https:\\\/\\\/redamlo.com\\\/index.php\\\/2020\\\/02\\\/11\\\/encuesta-de-opinion-quien-es-el-mejor-candidato-para-gobernar-nuevo-leon\\\/#primaryimage\"},\"image\":{\"@id\":\"https:\\\/\\\/redamlo.com\\\/index.php\\\/2020\\\/02\\\/11\\\/encuesta-de-opinion-quien-es-el-mejor-candidato-para-gobernar-nuevo-leon\\\/#primaryimage\"},\"thumbnailUrl\":\"\",\"datePublished\":\"2020-02-11T14:28:18+00:00\",\"breadcrumb\":{\"@id\":\"https:\\\/\\\/redamlo.com\\\/index.php\\\/2020\\\/02\\\/11\\\/encuesta-de-opinion-quien-es-el-mejor-candidato-para-gobernar-nuevo-leon\\\/#breadcrumb\"},\"inLanguage\":\"es\",\"potentialAction\":[{\"@type\":\"ReadAction\",\"target\":[\"https:\\\/\\\/redamlo.com\\\/index.php\\\/2020\\\/02\\\/11\\\/encuesta-de-opinion-quien-es-el-mejor-candidato-para-gobernar-nuevo-leon\\\/\"]}]},{\"@type\":\"ImageObject\",\"inLanguage\":\"es\",\"@id\":\"https:\\\/\\\/redamlo.com\\\/index.php\\\/2020\\\/02\\\/11\\\/encuesta-de-opinion-quien-es-el-mejor-candidato-para-gobernar-nuevo-leon\\\/#primaryimage\",\"url\":\"\",\"contentUrl\":\"\"},{\"@type\":\"BreadcrumbList\",\"@id\":\"https:\\\/\\\/redamlo.com\\\/index.php\\\/2020\\\/02\\\/11\\\/encuesta-de-opinion-quien-es-el-mejor-candidato-para-gobernar-nuevo-leon\\\/#breadcrumb\",\"itemListElement\":[{\"@type\":\"ListItem\",\"position\":1,\"name\":\"Inicio\",\"item\":\"https:\\\/\\\/redamlo.com\\\/\"},{\"@type\":\"ListItem\",\"position\":2,\"name\":\"Encuesta de Opinion \u00bfQuien es el mejor candidato para Gobernar Nuevo Le\u00f3n?\"}]},{\"@type\":\"WebSite\",\"@id\":\"https:\\\/\\\/redamlo.com\\\/#website\",\"url\":\"https:\\\/\\\/redamlo.com\\\/\",\"name\":\"NOTICIAS DE LA 4T\",\"description\":\"\",\"publisher\":{\"@id\":\"https:\\\/\\\/redamlo.com\\\/#organization\"},\"potentialAction\":[{\"@type\":\"SearchAction\",\"target\":{\"@type\":\"EntryPoint\",\"urlTemplate\":\"https:\\\/\\\/redamlo.com\\\/?s={search_term_string}\"},\"query-input\":{\"@type\":\"PropertyValueSpecification\",\"valueRequired\":true,\"valueName\":\"search_term_string\"}}],\"inLanguage\":\"es\"},{\"@type\":\"Organization\",\"@id\":\"https:\\\/\\\/redamlo.com\\\/#organization\",\"name\":\"NOTICIAS DE LA 4T\",\"url\":\"https:\\\/\\\/redamlo.com\\\/\",\"logo\":{\"@type\":\"ImageObject\",\"inLanguage\":\"es\",\"@id\":\"https:\\\/\\\/redamlo.com\\\/#\\\/schema\\\/logo\\\/image\\\/\",\"url\":\"https:\\\/\\\/redamlo.com\\\/wp-content\\\/uploads\\\/2024\\\/08\\\/cropped-RED-AMLO-logo-50.png\",\"contentUrl\":\"https:\\\/\\\/redamlo.com\\\/wp-content\\\/uploads\\\/2024\\\/08\\\/cropped-RED-AMLO-logo-50.png\",\"width\":256,\"height\":256,\"caption\":\"NOTICIAS DE LA 4T\"},\"image\":{\"@id\":\"https:\\\/\\\/redamlo.com\\\/#\\\/schema\\\/logo\\\/image\\\/\"}},{\"@type\":\"Person\",\"@id\":\"https:\\\/\\\/redamlo.com\\\/#\\\/schema\\\/person\\\/7223a4375eb8f1a782fcae010a7115cf\",\"name\":\"Blanca\",\"image\":{\"@type\":\"ImageObject\",\"inLanguage\":\"es\",\"@id\":\"https:\\\/\\\/secure.gravatar.com\\\/avatar\\\/3f79bc8336367a4e6093eae8757acaaf61d1124834b905616de7829b0273426d?s=96&d=mm&r=g\",\"url\":\"https:\\\/\\\/secure.gravatar.com\\\/avatar\\\/3f79bc8336367a4e6093eae8757acaaf61d1124834b905616de7829b0273426d?s=96&d=mm&r=g\",\"contentUrl\":\"https:\\\/\\\/secure.gravatar.com\\\/avatar\\\/3f79bc8336367a4e6093eae8757acaaf61d1124834b905616de7829b0273426d?s=96&d=mm&r=g\",\"caption\":\"Blanca\"},\"url\":\"https:\\\/\\\/redamlo.com\\\/index.php\\\/author\\\/blanca\\\/\"}]}<\/script>\n<!-- \/ Yoast SEO plugin. -->","yoast_head_json":{"title":"Encuesta de Opinion \u00bfQuien es el mejor candidato para Gobernar Nuevo Le\u00f3n? - NOTICIAS DE LA 4T","robots":{"index":"noindex","follow":"follow","max-snippet":"max-snippet:-1","max-image-preview":"max-image-preview:large","max-video-preview":"max-video-preview:-1"},"og_locale":"es_MX","og_type":"article","og_title":"Encuesta de Opinion \u00bfQuien es el mejor candidato para Gobernar Nuevo Le\u00f3n? - NOTICIAS DE LA 4T","og_description":"Ciudad de M\u00e9xico a 11 de Febrero 2020 (Cdmx Press).- Las elecciones en Nuevo Le\u00f3n...","og_url":"https:\/\/redamlo.com\/index.php\/2020\/02\/11\/encuesta-de-opinion-quien-es-el-mejor-candidato-para-gobernar-nuevo-leon\/","og_site_name":"NOTICIAS DE LA 4T","article_published_time":"2020-02-11T14:28:18+00:00","author":"Blanca","twitter_card":"summary_large_image","twitter_misc":{"Escrito por":"Blanca","Tiempo de lectura":"1 minuto"},"schema":{"@context":"https:\/\/schema.org","@graph":[{"@type":"Article","@id":"https:\/\/redamlo.com\/index.php\/2020\/02\/11\/encuesta-de-opinion-quien-es-el-mejor-candidato-para-gobernar-nuevo-leon\/#article","isPartOf":{"@id":"https:\/\/redamlo.com\/index.php\/2020\/02\/11\/encuesta-de-opinion-quien-es-el-mejor-candidato-para-gobernar-nuevo-leon\/"},"author":{"name":"Blanca","@id":"https:\/\/redamlo.com\/#\/schema\/person\/7223a4375eb8f1a782fcae010a7115cf"},"headline":"Encuesta de Opinion \u00bfQuien es el mejor candidato para Gobernar Nuevo Le\u00f3n?","datePublished":"2020-02-11T14:28:18+00:00","mainEntityOfPage":{"@id":"https:\/\/redamlo.com\/index.php\/2020\/02\/11\/encuesta-de-opinion-quien-es-el-mejor-candidato-para-gobernar-nuevo-leon\/"},"wordCount":229,"commentCount":0,"publisher":{"@id":"https:\/\/redamlo.com\/#organization"},"image":{"@id":"https:\/\/redamlo.com\/index.php\/2020\/02\/11\/encuesta-de-opinion-quien-es-el-mejor-candidato-para-gobernar-nuevo-leon\/#primaryimage"},"thumbnailUrl":"","articleSection":["Nacionales"],"inLanguage":"es","potentialAction":[{"@type":"CommentAction","name":"Comment","target":["https:\/\/redamlo.com\/index.php\/2020\/02\/11\/encuesta-de-opinion-quien-es-el-mejor-candidato-para-gobernar-nuevo-leon\/#respond"]}]},{"@type":"WebPage","@id":"https:\/\/redamlo.com\/index.php\/2020\/02\/11\/encuesta-de-opinion-quien-es-el-mejor-candidato-para-gobernar-nuevo-leon\/","url":"https:\/\/redamlo.com\/index.php\/2020\/02\/11\/encuesta-de-opinion-quien-es-el-mejor-candidato-para-gobernar-nuevo-leon\/","name":"Encuesta de Opinion \u00bfQuien es el mejor candidato para Gobernar Nuevo Le\u00f3n? - NOTICIAS DE LA 4T","isPartOf":{"@id":"https:\/\/redamlo.com\/#website"},"primaryImageOfPage":{"@id":"https:\/\/redamlo.com\/index.php\/2020\/02\/11\/encuesta-de-opinion-quien-es-el-mejor-candidato-para-gobernar-nuevo-leon\/#primaryimage"},"image":{"@id":"https:\/\/redamlo.com\/index.php\/2020\/02\/11\/encuesta-de-opinion-quien-es-el-mejor-candidato-para-gobernar-nuevo-leon\/#primaryimage"},"thumbnailUrl":"","datePublished":"2020-02-11T14:28:18+00:00","breadcrumb":{"@id":"https:\/\/redamlo.com\/index.php\/2020\/02\/11\/encuesta-de-opinion-quien-es-el-mejor-candidato-para-gobernar-nuevo-leon\/#breadcrumb"},"inLanguage":"es","potentialAction":[{"@type":"ReadAction","target":["https:\/\/redamlo.com\/index.php\/2020\/02\/11\/encuesta-de-opinion-quien-es-el-mejor-candidato-para-gobernar-nuevo-leon\/"]}]},{"@type":"ImageObject","inLanguage":"es","@id":"https:\/\/redamlo.com\/index.php\/2020\/02\/11\/encuesta-de-opinion-quien-es-el-mejor-candidato-para-gobernar-nuevo-leon\/#primaryimage","url":"","contentUrl":""},{"@type":"BreadcrumbList","@id":"https:\/\/redamlo.com\/index.php\/2020\/02\/11\/encuesta-de-opinion-quien-es-el-mejor-candidato-para-gobernar-nuevo-leon\/#breadcrumb","itemListElement":[{"@type":"ListItem","position":1,"name":"Inicio","item":"https:\/\/redamlo.com\/"},{"@type":"ListItem","position":2,"name":"Encuesta de Opinion \u00bfQuien es el mejor candidato para Gobernar Nuevo Le\u00f3n?"}]},{"@type":"WebSite","@id":"https:\/\/redamlo.com\/#website","url":"https:\/\/redamlo.com\/","name":"NOTICIAS DE LA 4T","description":"","publisher":{"@id":"https:\/\/redamlo.com\/#organization"},"potentialAction":[{"@type":"SearchAction","target":{"@type":"EntryPoint","urlTemplate":"https:\/\/redamlo.com\/?s={search_term_string}"},"query-input":{"@type":"PropertyValueSpecification","valueRequired":true,"valueName":"search_term_string"}}],"inLanguage":"es"},{"@type":"Organization","@id":"https:\/\/redamlo.com\/#organization","name":"NOTICIAS DE LA 4T","url":"https:\/\/redamlo.com\/","logo":{"@type":"ImageObject","inLanguage":"es","@id":"https:\/\/redamlo.com\/#\/schema\/logo\/image\/","url":"https:\/\/redamlo.com\/wp-content\/uploads\/2024\/08\/cropped-RED-AMLO-logo-50.png","contentUrl":"https:\/\/redamlo.com\/wp-content\/uploads\/2024\/08\/cropped-RED-AMLO-logo-50.png","width":256,"height":256,"caption":"NOTICIAS DE LA 4T"},"image":{"@id":"https:\/\/redamlo.com\/#\/schema\/logo\/image\/"}},{"@type":"Person","@id":"https:\/\/redamlo.com\/#\/schema\/person\/7223a4375eb8f1a782fcae010a7115cf","name":"Blanca","image":{"@type":"ImageObject","inLanguage":"es","@id":"https:\/\/secure.gravatar.com\/avatar\/3f79bc8336367a4e6093eae8757acaaf61d1124834b905616de7829b0273426d?s=96&d=mm&r=g","url":"https:\/\/secure.gravatar.com\/avatar\/3f79bc8336367a4e6093eae8757acaaf61d1124834b905616de7829b0273426d?s=96&d=mm&r=g","contentUrl":"https:\/\/secure.gravatar.com\/avatar\/3f79bc8336367a4e6093eae8757acaaf61d1124834b905616de7829b0273426d?s=96&d=mm&r=g","caption":"Blanca"},"url":"https:\/\/redamlo.com\/index.php\/author\/blanca\/"}]}},"_links":{"self":[{"href":"https:\/\/redamlo.com\/index.php\/wp-json\/wp\/v2\/posts\/767","targetHints":{"allow":["GET"]}}],"collection":[{"href":"https:\/\/redamlo.com\/index.php\/wp-json\/wp\/v2\/posts"}],"about":[{"href":"https:\/\/redamlo.com\/index.php\/wp-json\/wp\/v2\/types\/post"}],"author":[{"embeddable":true,"href":"https:\/\/redamlo.com\/index.php\/wp-json\/wp\/v2\/users\/2"}],"replies":[{"embeddable":true,"href":"https:\/\/redamlo.com\/index.php\/wp-json\/wp\/v2\/comments?post=767"}],"version-history":[{"count":0,"href":"https:\/\/redamlo.com\/index.php\/wp-json\/wp\/v2\/posts\/767\/revisions"}],"wp:featuredmedia":[{"embeddable":true,"href":"https:\/\/redamlo.com\/index.php\/wp-json\/"}],"wp:attachment":[{"href":"https:\/\/redamlo.com\/index.php\/wp-json\/wp\/v2\/media?parent=767"}],"wp:term":[{"taxonomy":"category","embeddable":true,"href":"https:\/\/redamlo.com\/index.php\/wp-json\/wp\/v2\/categories?post=767"},{"taxonomy":"post_tag","embeddable":true,"href":"https:\/\/redamlo.com\/index.php\/wp-json\/wp\/v2\/tags?post=767"}],"curies":[{"name":"wp","href":"https:\/\/api.w.org\/{rel}","templated":true}]}}