{"id":7659,"date":"2024-03-11T19:12:22","date_gmt":"2024-03-12T01:12:22","guid":{"rendered":"https:\/\/redamlo.com\/?p=7659"},"modified":"2024-03-11T19:12:22","modified_gmt":"2024-03-12T01:12:22","slug":"claudia-es-mejor-que-yo-amlo-en-entrevista-con-periodista-rusa-inna-afinogenova","status":"publish","type":"post","link":"https:\/\/redamlo.com\/index.php\/2024\/03\/11\/claudia-es-mejor-que-yo-amlo-en-entrevista-con-periodista-rusa-inna-afinogenova\/","title":{"rendered":"&#8220;Claudia es mejor que yo&#8221;: AMLO en entrevista con periodista rusa Inna Afinogenova"},"content":{"rendered":"<p>Durante la entrevista que brind\u00f3 el presidente Andr\u00e9s Manuel L\u00f3pez Obrador a la periodista de origen ruso<a href=\"https:\/\/twitter.com\/inafinogenova\"> Inna Afinogenova<\/a> para el Canal Red respondi\u00f3 a pregunta expresa sobre &#8220;<strong>\u00bfQu\u00e9 tiene Claudia que AMLO no tiene?&#8221;. <\/strong> <strong>El primer mandatario mexicano no dud\u00f3 en responder que Claudia Sheinbaum es mejor que el mismo.<\/strong> El m\u00e1ximo l\u00edder del denominado movimiento de la cuarta transformaci\u00f3n argument\u00f3 su respuesta al se\u00f1alar la formaci\u00f3n acad\u00e9mica en grado doctoral de Sheinbaum, su manejo del idioma ingl\u00e9s y sus valores morales como son la rectitud y los principios pol\u00edticos que rigen al movimiento.<\/p>\n<!-- \/wp:post-content -->\n\n<!-- wp:paragraph -->\n<p>\u00a0 https:\/\/www.youtube.com\/watch?v=NFXnnFYRq9g&amp;t=7402s<\/p>\n<!-- \/wp:paragraph -->\n\n<!-- wp:embed {\"url\":\"https:\/\/www.youtube.com\/watch?v=NFXnnFYRq9g\\u0026t=7402s\",\"type\":\"video\",\"providerNameSlug\":\"youtube\",\"responsive\":true,\"className\":\"wp-embed-aspect-16-9 wp-has-aspect-ratio\"} -->\n<figure class=\"wp-block-embed is-type-video is-provider-youtube wp-block-embed-youtube wp-embed-aspect-16-9 wp-has-aspect-ratio\">\n<div class=\"wp-block-embed__wrapper\">\u00a0<\/div>\n<\/figure>\n<!-- \/wp:embed -->\n\n<!-- wp:paragraph -->\n<p>La entrevista de AMLO otorgada a la periodista Inna, representa un mensaje intr\u00ednseco sobre<strong> la visi\u00f3n del presidente mexicano en apoyo hacia una nueva forma de comunicaci\u00f3n marcada por la des-estructuraci\u00f3n de la hegemon\u00eda de los medios corporativos de comunicaci\u00f3n en habla hispana.<\/strong><\/p>\n<!-- \/wp:paragraph -->\n\n<!-- wp:paragraph -->\n<p>El objetivo de la entrevista tuvo una connotaci\u00f3n internacionalista al desarrollarse a modo de s\u00edntesis para informar a toda la poblaci\u00f3n latinoamericana e hispanoparlante sobre el humanismo mexicano y la postura del presidente de M\u00e9xico en los temas principales de su agenda pol\u00edtica por medio de la plataforma Canal Red que tiene amplia audiencia en Espa\u00f1a y en Latinoam\u00e9rica.<\/p>\n<!-- \/wp:paragraph -->\n\n<!-- wp:paragraph -->\n<p><strong>Cabe mencionar que la periodista rusa renunci\u00f3 a la direcci\u00f3n de la plataforma de RT en espa\u00f1ol al iniciarse las operaciones militares de Rusia en Ucrania, <\/strong>plataforma de Ria Novosti<strong>,<\/strong> desde donde desarrollaba su <strong>video-columna &#8220;Ah\u00ed les va&#8221; donde desafiaba la narrativa eurocentrista occidental de los principales medios de comunicaci\u00f3n<\/strong> estadounideses, brit\u00e1nicos, alemanes y espa\u00f1oles ligados a la hegemon\u00eda medi\u00e1tica corporativa tradicional impuesta con la visi\u00f3n colonialista.<\/p>\n<!-- \/wp:paragraph -->\n\n<!-- wp:paragraph -->\n<p>Sin embargo, <strong>de igual forma Inna tiene un papel poco cr\u00edtico hacia el r\u00e9gimen encabezado por Vladimir Putin y pr\u00e1cticamente NO desarrolla investigaciones sobre la pol\u00edtica interior de la naci\u00f3n euroasi\u00e1tica a diferencia de sus extensos an\u00e1lisis sobre la pol\u00edtica espa\u00f1ola o mexicana.<\/strong><\/p>\n<!-- \/wp:paragraph -->\n\n<!-- wp:paragraph -->\n<p><strong>La realidad es que el periodismo ruso es muy cr\u00edtico hacia el exterior pero dif\u00edcilmente se replica esa dureza al cuestionar el r\u00e9gimen interno en Rusia<\/strong>, prueba de ello fue la reciente <strong>muerte del principal opositor Navalny en una c\u00e1rcel en Siberia<\/strong>, misma que fue se\u00f1alada por la Stella Assange, (esposa del periodista Julian Assange) en medio de un gran hermetismo y opacidad sobre los hechos que pasaron desapercibidos por la periodista rusa Inna Afinogenova en su plataforma de twitter donde es una activa usuaria.<\/p>\n<!-- \/wp:paragraph -->\n\n<!-- wp:embed {\"url\":\"https:\/\/twitter.com\/FreeAssangeNews\/status\/1760975287431688314\",\"type\":\"rich\",\"providerNameSlug\":\"twitter\",\"responsive\":true} -->\n<div>\u00a0<\/div>\n<div>https:\/\/twitter.com\/FreeAssangeNews\/status\/1760975287431688314<\/div>","protected":false},"excerpt":{"rendered":"<p>Durante la entrevista que brind\u00f3 el presidente Andr\u00e9s Manuel L\u00f3pez Obrador a la periodista de&#8230;<\/p>\n","protected":false},"author":1,"featured_media":7660,"comment_status":"open","ping_status":"closed","sticky":false,"template":"","format":"standard","meta":{"footnotes":""},"categories":[25],"tags":[2648,84,2015,2649,245,9,2650,50],"class_list":["post-7659","post","type-post","status-publish","format-standard","has-post-thumbnail","hentry","category-4t","tag-afinogenova","tag-amlo","tag-assange","tag-inna","tag-lopez-obrador","tag-mexico","tag-navalny","tag-rusia"],"yoast_head":"<!-- This site is optimized with the Yoast SEO plugin v27.5 - https:\/\/yoast.com\/product\/yoast-seo-wordpress\/ -->\n<title>&quot;Claudia es mejor que yo&quot;: AMLO en entrevista con periodista rusa Inna Afinogenova - NOTICIAS DE LA 4T<\/title>\n<meta name=\"robots\" content=\"noindex, follow, max-snippet:-1, max-image-preview:large, max-video-preview:-1\" \/>\n<meta property=\"og:locale\" content=\"es_MX\" \/>\n<meta property=\"og:type\" content=\"article\" \/>\n<meta property=\"og:title\" content=\"&quot;Claudia es mejor que yo&quot;: AMLO en entrevista con periodista rusa Inna Afinogenova - NOTICIAS DE LA 4T\" \/>\n<meta property=\"og:description\" content=\"Durante la entrevista que brind\u00f3 el presidente Andr\u00e9s Manuel L\u00f3pez Obrador a la periodista de...\" \/>\n<meta property=\"og:url\" content=\"https:\/\/redamlo.com\/index.php\/2024\/03\/11\/claudia-es-mejor-que-yo-amlo-en-entrevista-con-periodista-rusa-inna-afinogenova\/\" \/>\n<meta property=\"og:site_name\" content=\"NOTICIAS DE LA 4T\" \/>\n<meta property=\"article:published_time\" content=\"2024-03-12T01:12:22+00:00\" \/>\n<meta property=\"og:image\" content=\"https:\/\/redamlo.com\/wp-content\/uploads\/2024\/03\/AMLO_inna.png\" \/>\n\t<meta property=\"og:image:width\" content=\"849\" \/>\n\t<meta property=\"og:image:height\" content=\"467\" \/>\n\t<meta property=\"og:image:type\" content=\"image\/png\" \/>\n<meta name=\"author\" content=\"admin\" \/>\n<meta name=\"twitter:card\" content=\"summary_large_image\" \/>\n<meta name=\"twitter:label1\" content=\"Escrito por\" \/>\n\t<meta name=\"twitter:data1\" content=\"admin\" \/>\n\t<meta name=\"twitter:label2\" content=\"Tiempo de lectura\" \/>\n\t<meta name=\"twitter:data2\" content=\"2 minutos\" \/>\n<script type=\"application\/ld+json\" class=\"yoast-schema-graph\">{\"@context\":\"https:\\\/\\\/schema.org\",\"@graph\":[{\"@type\":\"Article\",\"@id\":\"https:\\\/\\\/redamlo.com\\\/index.php\\\/2024\\\/03\\\/11\\\/claudia-es-mejor-que-yo-amlo-en-entrevista-con-periodista-rusa-inna-afinogenova\\\/#article\",\"isPartOf\":{\"@id\":\"https:\\\/\\\/redamlo.com\\\/index.php\\\/2024\\\/03\\\/11\\\/claudia-es-mejor-que-yo-amlo-en-entrevista-con-periodista-rusa-inna-afinogenova\\\/\"},\"author\":{\"name\":\"admin\",\"@id\":\"https:\\\/\\\/redamlo.com\\\/#\\\/schema\\\/person\\\/197a0a670d21b1f4f1483ddda1b64613\"},\"headline\":\"&#8220;Claudia es mejor que yo&#8221;: AMLO en entrevista con periodista rusa Inna Afinogenova\",\"datePublished\":\"2024-03-12T01:12:22+00:00\",\"mainEntityOfPage\":{\"@id\":\"https:\\\/\\\/redamlo.com\\\/index.php\\\/2024\\\/03\\\/11\\\/claudia-es-mejor-que-yo-amlo-en-entrevista-con-periodista-rusa-inna-afinogenova\\\/\"},\"wordCount\":466,\"commentCount\":0,\"publisher\":{\"@id\":\"https:\\\/\\\/redamlo.com\\\/#organization\"},\"image\":{\"@id\":\"https:\\\/\\\/redamlo.com\\\/index.php\\\/2024\\\/03\\\/11\\\/claudia-es-mejor-que-yo-amlo-en-entrevista-con-periodista-rusa-inna-afinogenova\\\/#primaryimage\"},\"thumbnailUrl\":\"https:\\\/\\\/redamlo.com\\\/wp-content\\\/uploads\\\/2024\\\/03\\\/AMLO_inna.png\",\"keywords\":[\"Afinogenova\",\"AMLO\",\"Assange\",\"INNA\",\"L\u00f3pez Obrador\",\"M\u00e9xico\",\"Navalny\",\"rusia\"],\"articleSection\":[\"4T\"],\"inLanguage\":\"es\",\"potentialAction\":[{\"@type\":\"CommentAction\",\"name\":\"Comment\",\"target\":[\"https:\\\/\\\/redamlo.com\\\/index.php\\\/2024\\\/03\\\/11\\\/claudia-es-mejor-que-yo-amlo-en-entrevista-con-periodista-rusa-inna-afinogenova\\\/#respond\"]}]},{\"@type\":\"WebPage\",\"@id\":\"https:\\\/\\\/redamlo.com\\\/index.php\\\/2024\\\/03\\\/11\\\/claudia-es-mejor-que-yo-amlo-en-entrevista-con-periodista-rusa-inna-afinogenova\\\/\",\"url\":\"https:\\\/\\\/redamlo.com\\\/index.php\\\/2024\\\/03\\\/11\\\/claudia-es-mejor-que-yo-amlo-en-entrevista-con-periodista-rusa-inna-afinogenova\\\/\",\"name\":\"\\\"Claudia es mejor que yo\\\": AMLO en entrevista con periodista rusa Inna Afinogenova - NOTICIAS DE LA 4T\",\"isPartOf\":{\"@id\":\"https:\\\/\\\/redamlo.com\\\/#website\"},\"primaryImageOfPage\":{\"@id\":\"https:\\\/\\\/redamlo.com\\\/index.php\\\/2024\\\/03\\\/11\\\/claudia-es-mejor-que-yo-amlo-en-entrevista-con-periodista-rusa-inna-afinogenova\\\/#primaryimage\"},\"image\":{\"@id\":\"https:\\\/\\\/redamlo.com\\\/index.php\\\/2024\\\/03\\\/11\\\/claudia-es-mejor-que-yo-amlo-en-entrevista-con-periodista-rusa-inna-afinogenova\\\/#primaryimage\"},\"thumbnailUrl\":\"https:\\\/\\\/redamlo.com\\\/wp-content\\\/uploads\\\/2024\\\/03\\\/AMLO_inna.png\",\"datePublished\":\"2024-03-12T01:12:22+00:00\",\"breadcrumb\":{\"@id\":\"https:\\\/\\\/redamlo.com\\\/index.php\\\/2024\\\/03\\\/11\\\/claudia-es-mejor-que-yo-amlo-en-entrevista-con-periodista-rusa-inna-afinogenova\\\/#breadcrumb\"},\"inLanguage\":\"es\",\"potentialAction\":[{\"@type\":\"ReadAction\",\"target\":[\"https:\\\/\\\/redamlo.com\\\/index.php\\\/2024\\\/03\\\/11\\\/claudia-es-mejor-que-yo-amlo-en-entrevista-con-periodista-rusa-inna-afinogenova\\\/\"]}]},{\"@type\":\"ImageObject\",\"inLanguage\":\"es\",\"@id\":\"https:\\\/\\\/redamlo.com\\\/index.php\\\/2024\\\/03\\\/11\\\/claudia-es-mejor-que-yo-amlo-en-entrevista-con-periodista-rusa-inna-afinogenova\\\/#primaryimage\",\"url\":\"https:\\\/\\\/redamlo.com\\\/wp-content\\\/uploads\\\/2024\\\/03\\\/AMLO_inna.png\",\"contentUrl\":\"https:\\\/\\\/redamlo.com\\\/wp-content\\\/uploads\\\/2024\\\/03\\\/AMLO_inna.png\",\"width\":849,\"height\":467},{\"@type\":\"BreadcrumbList\",\"@id\":\"https:\\\/\\\/redamlo.com\\\/index.php\\\/2024\\\/03\\\/11\\\/claudia-es-mejor-que-yo-amlo-en-entrevista-con-periodista-rusa-inna-afinogenova\\\/#breadcrumb\",\"itemListElement\":[{\"@type\":\"ListItem\",\"position\":1,\"name\":\"Inicio\",\"item\":\"https:\\\/\\\/redamlo.com\\\/\"},{\"@type\":\"ListItem\",\"position\":2,\"name\":\"&#8220;Claudia es mejor que yo&#8221;: AMLO en entrevista con periodista rusa Inna Afinogenova\"}]},{\"@type\":\"WebSite\",\"@id\":\"https:\\\/\\\/redamlo.com\\\/#website\",\"url\":\"https:\\\/\\\/redamlo.com\\\/\",\"name\":\"NOTICIAS DE LA 4T\",\"description\":\"\",\"publisher\":{\"@id\":\"https:\\\/\\\/redamlo.com\\\/#organization\"},\"potentialAction\":[{\"@type\":\"SearchAction\",\"target\":{\"@type\":\"EntryPoint\",\"urlTemplate\":\"https:\\\/\\\/redamlo.com\\\/?s={search_term_string}\"},\"query-input\":{\"@type\":\"PropertyValueSpecification\",\"valueRequired\":true,\"valueName\":\"search_term_string\"}}],\"inLanguage\":\"es\"},{\"@type\":\"Organization\",\"@id\":\"https:\\\/\\\/redamlo.com\\\/#organization\",\"name\":\"NOTICIAS DE LA 4T\",\"url\":\"https:\\\/\\\/redamlo.com\\\/\",\"logo\":{\"@type\":\"ImageObject\",\"inLanguage\":\"es\",\"@id\":\"https:\\\/\\\/redamlo.com\\\/#\\\/schema\\\/logo\\\/image\\\/\",\"url\":\"https:\\\/\\\/redamlo.com\\\/wp-content\\\/uploads\\\/2024\\\/08\\\/cropped-RED-AMLO-logo-50.png\",\"contentUrl\":\"https:\\\/\\\/redamlo.com\\\/wp-content\\\/uploads\\\/2024\\\/08\\\/cropped-RED-AMLO-logo-50.png\",\"width\":256,\"height\":256,\"caption\":\"NOTICIAS DE LA 4T\"},\"image\":{\"@id\":\"https:\\\/\\\/redamlo.com\\\/#\\\/schema\\\/logo\\\/image\\\/\"}},{\"@type\":\"Person\",\"@id\":\"https:\\\/\\\/redamlo.com\\\/#\\\/schema\\\/person\\\/197a0a670d21b1f4f1483ddda1b64613\",\"name\":\"admin\",\"image\":{\"@type\":\"ImageObject\",\"inLanguage\":\"es\",\"@id\":\"https:\\\/\\\/secure.gravatar.com\\\/avatar\\\/293dccd927043f2e641da6685c2f84009782eb9ee0054daceada4e261ded849a?s=96&d=mm&r=g\",\"url\":\"https:\\\/\\\/secure.gravatar.com\\\/avatar\\\/293dccd927043f2e641da6685c2f84009782eb9ee0054daceada4e261ded849a?s=96&d=mm&r=g\",\"contentUrl\":\"https:\\\/\\\/secure.gravatar.com\\\/avatar\\\/293dccd927043f2e641da6685c2f84009782eb9ee0054daceada4e261ded849a?s=96&d=mm&r=g\",\"caption\":\"admin\"},\"sameAs\":[\"https:\\\/\\\/redamlo.com\"],\"url\":\"https:\\\/\\\/redamlo.com\\\/index.php\\\/author\\\/stell\\\/\"}]}<\/script>\n<!-- \/ Yoast SEO plugin. -->","yoast_head_json":{"title":"\"Claudia es mejor que yo\": AMLO en entrevista con periodista rusa Inna Afinogenova - NOTICIAS DE LA 4T","robots":{"index":"noindex","follow":"follow","max-snippet":"max-snippet:-1","max-image-preview":"max-image-preview:large","max-video-preview":"max-video-preview:-1"},"og_locale":"es_MX","og_type":"article","og_title":"\"Claudia es mejor que yo\": AMLO en entrevista con periodista rusa Inna Afinogenova - NOTICIAS DE LA 4T","og_description":"Durante la entrevista que brind\u00f3 el presidente Andr\u00e9s Manuel L\u00f3pez Obrador a la periodista de...","og_url":"https:\/\/redamlo.com\/index.php\/2024\/03\/11\/claudia-es-mejor-que-yo-amlo-en-entrevista-con-periodista-rusa-inna-afinogenova\/","og_site_name":"NOTICIAS DE LA 4T","article_published_time":"2024-03-12T01:12:22+00:00","og_image":[{"width":849,"height":467,"url":"https:\/\/redamlo.com\/wp-content\/uploads\/2024\/03\/AMLO_inna.png","type":"image\/png"}],"author":"admin","twitter_card":"summary_large_image","twitter_misc":{"Escrito por":"admin","Tiempo de lectura":"2 minutos"},"schema":{"@context":"https:\/\/schema.org","@graph":[{"@type":"Article","@id":"https:\/\/redamlo.com\/index.php\/2024\/03\/11\/claudia-es-mejor-que-yo-amlo-en-entrevista-con-periodista-rusa-inna-afinogenova\/#article","isPartOf":{"@id":"https:\/\/redamlo.com\/index.php\/2024\/03\/11\/claudia-es-mejor-que-yo-amlo-en-entrevista-con-periodista-rusa-inna-afinogenova\/"},"author":{"name":"admin","@id":"https:\/\/redamlo.com\/#\/schema\/person\/197a0a670d21b1f4f1483ddda1b64613"},"headline":"&#8220;Claudia es mejor que yo&#8221;: AMLO en entrevista con periodista rusa Inna Afinogenova","datePublished":"2024-03-12T01:12:22+00:00","mainEntityOfPage":{"@id":"https:\/\/redamlo.com\/index.php\/2024\/03\/11\/claudia-es-mejor-que-yo-amlo-en-entrevista-con-periodista-rusa-inna-afinogenova\/"},"wordCount":466,"commentCount":0,"publisher":{"@id":"https:\/\/redamlo.com\/#organization"},"image":{"@id":"https:\/\/redamlo.com\/index.php\/2024\/03\/11\/claudia-es-mejor-que-yo-amlo-en-entrevista-con-periodista-rusa-inna-afinogenova\/#primaryimage"},"thumbnailUrl":"https:\/\/redamlo.com\/wp-content\/uploads\/2024\/03\/AMLO_inna.png","keywords":["Afinogenova","AMLO","Assange","INNA","L\u00f3pez Obrador","M\u00e9xico","Navalny","rusia"],"articleSection":["4T"],"inLanguage":"es","potentialAction":[{"@type":"CommentAction","name":"Comment","target":["https:\/\/redamlo.com\/index.php\/2024\/03\/11\/claudia-es-mejor-que-yo-amlo-en-entrevista-con-periodista-rusa-inna-afinogenova\/#respond"]}]},{"@type":"WebPage","@id":"https:\/\/redamlo.com\/index.php\/2024\/03\/11\/claudia-es-mejor-que-yo-amlo-en-entrevista-con-periodista-rusa-inna-afinogenova\/","url":"https:\/\/redamlo.com\/index.php\/2024\/03\/11\/claudia-es-mejor-que-yo-amlo-en-entrevista-con-periodista-rusa-inna-afinogenova\/","name":"\"Claudia es mejor que yo\": AMLO en entrevista con periodista rusa Inna Afinogenova - NOTICIAS DE LA 4T","isPartOf":{"@id":"https:\/\/redamlo.com\/#website"},"primaryImageOfPage":{"@id":"https:\/\/redamlo.com\/index.php\/2024\/03\/11\/claudia-es-mejor-que-yo-amlo-en-entrevista-con-periodista-rusa-inna-afinogenova\/#primaryimage"},"image":{"@id":"https:\/\/redamlo.com\/index.php\/2024\/03\/11\/claudia-es-mejor-que-yo-amlo-en-entrevista-con-periodista-rusa-inna-afinogenova\/#primaryimage"},"thumbnailUrl":"https:\/\/redamlo.com\/wp-content\/uploads\/2024\/03\/AMLO_inna.png","datePublished":"2024-03-12T01:12:22+00:00","breadcrumb":{"@id":"https:\/\/redamlo.com\/index.php\/2024\/03\/11\/claudia-es-mejor-que-yo-amlo-en-entrevista-con-periodista-rusa-inna-afinogenova\/#breadcrumb"},"inLanguage":"es","potentialAction":[{"@type":"ReadAction","target":["https:\/\/redamlo.com\/index.php\/2024\/03\/11\/claudia-es-mejor-que-yo-amlo-en-entrevista-con-periodista-rusa-inna-afinogenova\/"]}]},{"@type":"ImageObject","inLanguage":"es","@id":"https:\/\/redamlo.com\/index.php\/2024\/03\/11\/claudia-es-mejor-que-yo-amlo-en-entrevista-con-periodista-rusa-inna-afinogenova\/#primaryimage","url":"https:\/\/redamlo.com\/wp-content\/uploads\/2024\/03\/AMLO_inna.png","contentUrl":"https:\/\/redamlo.com\/wp-content\/uploads\/2024\/03\/AMLO_inna.png","width":849,"height":467},{"@type":"BreadcrumbList","@id":"https:\/\/redamlo.com\/index.php\/2024\/03\/11\/claudia-es-mejor-que-yo-amlo-en-entrevista-con-periodista-rusa-inna-afinogenova\/#breadcrumb","itemListElement":[{"@type":"ListItem","position":1,"name":"Inicio","item":"https:\/\/redamlo.com\/"},{"@type":"ListItem","position":2,"name":"&#8220;Claudia es mejor que yo&#8221;: AMLO en entrevista con periodista rusa Inna Afinogenova"}]},{"@type":"WebSite","@id":"https:\/\/redamlo.com\/#website","url":"https:\/\/redamlo.com\/","name":"NOTICIAS DE LA 4T","description":"","publisher":{"@id":"https:\/\/redamlo.com\/#organization"},"potentialAction":[{"@type":"SearchAction","target":{"@type":"EntryPoint","urlTemplate":"https:\/\/redamlo.com\/?s={search_term_string}"},"query-input":{"@type":"PropertyValueSpecification","valueRequired":true,"valueName":"search_term_string"}}],"inLanguage":"es"},{"@type":"Organization","@id":"https:\/\/redamlo.com\/#organization","name":"NOTICIAS DE LA 4T","url":"https:\/\/redamlo.com\/","logo":{"@type":"ImageObject","inLanguage":"es","@id":"https:\/\/redamlo.com\/#\/schema\/logo\/image\/","url":"https:\/\/redamlo.com\/wp-content\/uploads\/2024\/08\/cropped-RED-AMLO-logo-50.png","contentUrl":"https:\/\/redamlo.com\/wp-content\/uploads\/2024\/08\/cropped-RED-AMLO-logo-50.png","width":256,"height":256,"caption":"NOTICIAS DE LA 4T"},"image":{"@id":"https:\/\/redamlo.com\/#\/schema\/logo\/image\/"}},{"@type":"Person","@id":"https:\/\/redamlo.com\/#\/schema\/person\/197a0a670d21b1f4f1483ddda1b64613","name":"admin","image":{"@type":"ImageObject","inLanguage":"es","@id":"https:\/\/secure.gravatar.com\/avatar\/293dccd927043f2e641da6685c2f84009782eb9ee0054daceada4e261ded849a?s=96&d=mm&r=g","url":"https:\/\/secure.gravatar.com\/avatar\/293dccd927043f2e641da6685c2f84009782eb9ee0054daceada4e261ded849a?s=96&d=mm&r=g","contentUrl":"https:\/\/secure.gravatar.com\/avatar\/293dccd927043f2e641da6685c2f84009782eb9ee0054daceada4e261ded849a?s=96&d=mm&r=g","caption":"admin"},"sameAs":["https:\/\/redamlo.com"],"url":"https:\/\/redamlo.com\/index.php\/author\/stell\/"}]}},"_links":{"self":[{"href":"https:\/\/redamlo.com\/index.php\/wp-json\/wp\/v2\/posts\/7659","targetHints":{"allow":["GET"]}}],"collection":[{"href":"https:\/\/redamlo.com\/index.php\/wp-json\/wp\/v2\/posts"}],"about":[{"href":"https:\/\/redamlo.com\/index.php\/wp-json\/wp\/v2\/types\/post"}],"author":[{"embeddable":true,"href":"https:\/\/redamlo.com\/index.php\/wp-json\/wp\/v2\/users\/1"}],"replies":[{"embeddable":true,"href":"https:\/\/redamlo.com\/index.php\/wp-json\/wp\/v2\/comments?post=7659"}],"version-history":[{"count":0,"href":"https:\/\/redamlo.com\/index.php\/wp-json\/wp\/v2\/posts\/7659\/revisions"}],"wp:featuredmedia":[{"embeddable":true,"href":"https:\/\/redamlo.com\/index.php\/wp-json\/wp\/v2\/media\/7660"}],"wp:attachment":[{"href":"https:\/\/redamlo.com\/index.php\/wp-json\/wp\/v2\/media?parent=7659"}],"wp:term":[{"taxonomy":"category","embeddable":true,"href":"https:\/\/redamlo.com\/index.php\/wp-json\/wp\/v2\/categories?post=7659"},{"taxonomy":"post_tag","embeddable":true,"href":"https:\/\/redamlo.com\/index.php\/wp-json\/wp\/v2\/tags?post=7659"}],"curies":[{"name":"wp","href":"https:\/\/api.w.org\/{rel}","templated":true}]}}