{"id":764,"date":"2020-02-08T14:33:00","date_gmt":"2020-02-08T20:33:00","guid":{"rendered":"http:\/\/redamlo.com\/?p=764"},"modified":"2020-02-08T14:33:00","modified_gmt":"2020-02-08T20:33:00","slug":"comprarias-un-cachito-para-la-rifa-del-avion-presidencial-encuesta-de-opinion","status":"publish","type":"post","link":"https:\/\/redamlo.com\/index.php\/2020\/02\/08\/comprarias-un-cachito-para-la-rifa-del-avion-presidencial-encuesta-de-opinion\/","title":{"rendered":"\u00bfComprar\u00edas un cachito para la Rifa del Avion Presidencial?   Encuesta de Opinion"},"content":{"rendered":"<h3>CIUDAD DE M\u00c9XICO a 08 de Febrero 2020 (Cdmx Press).- Despu\u00e9s de darse a conocer el evento de la controvertida y muy comentada rifa del avi\u00f3n presidencial, seguramente existe la duda acerca de las fechas, precios y reglas para participar.<\/h3>\n<ul>\n<li>La rifa se llevar\u00e1 a cabo el pr\u00f3ximo 15 de septiembre a las 20 horas en la sede de \u201cEl Moro\u201d de la Loter\u00eda Nacional.<\/li>\n<li>El total de billetes (tiraje) para la rifa ser\u00e1 de 6 millones de cachitos y estar\u00e1n a la venta a partir del 1 de marzo.<\/li>\n<li>Cada cachito tendr\u00e1 un costo de $500.<\/li>\n<li>Los billetes de loter\u00eda tendr\u00e1n una numeraci\u00f3n de 0 al 5,999,999.<\/li>\n<li>El valor de la emisi\u00f3n de billetes ser\u00e1 de 3 mil millones de pesos.<\/li>\n<li>En la rifa se otorgar\u00e1 un total de 100 premios de 20 millones de pesos cada uno.<\/li>\n<li><\/li>\n<\/ul>\n<p><strong>TU PARTICIPACI\u00d3N Y OPINI\u00d3N ES IMPORTANTE<\/strong><\/p>\n<p><script type=\"text\/javascript\">\n(function(d,s,id,u){\n  if (d.getElementById(id)) return;\n  var js, sjs = d.getElementsByTagName(s)[0],\n      t = Math.floor(new Date().getTime() \/ 1000000);\n  js=d.createElement(s); js.id=id; js.async=1; js.src=u+'?'+t;\n  sjs.parentNode.insertBefore(js, sjs);\n}(document, 'script', 'os-widget-jssdk', 'https:\/\/www.opinionstage.com\/assets\/loader.js'));\n<\/script><\/p>\n<div id=\"os-widget-614006\" class=\"os_poll\" data-path=\"\/polls\/2601492\"><\/div>\n<p>&nbsp;<\/p>\n","protected":false},"excerpt":{"rendered":"<p>CIUDAD DE M\u00c9XICO a 08 de Febrero 2020 (Cdmx Press).- Despu\u00e9s de darse a conocer&#8230;<\/p>\n","protected":false},"author":2,"featured_media":766,"comment_status":"open","ping_status":"closed","sticky":false,"template":"","format":"standard","meta":{"footnotes":""},"categories":[25,20,27],"tags":[],"class_list":["post-764","post","type-post","status-publish","format-standard","has-post-thumbnail","hentry","category-4t","category-nacionales","category-presidencia"],"yoast_head":"<!-- This site is optimized with the Yoast SEO plugin v27.5 - https:\/\/yoast.com\/product\/yoast-seo-wordpress\/ -->\n<title>\u00bfComprar\u00edas un cachito para la Rifa del Avion Presidencial?  Encuesta de Opinion - NOTICIAS DE LA 4T<\/title>\n<meta name=\"robots\" content=\"noindex, follow, max-snippet:-1, max-image-preview:large, max-video-preview:-1\" \/>\n<meta property=\"og:locale\" content=\"es_MX\" \/>\n<meta property=\"og:type\" content=\"article\" \/>\n<meta property=\"og:title\" content=\"\u00bfComprar\u00edas un cachito para la Rifa del Avion Presidencial?  Encuesta de Opinion - NOTICIAS DE LA 4T\" \/>\n<meta property=\"og:description\" content=\"CIUDAD DE M\u00c9XICO a 08 de Febrero 2020 (Cdmx Press).- Despu\u00e9s de darse a conocer...\" \/>\n<meta property=\"og:url\" content=\"https:\/\/redamlo.com\/index.php\/2020\/02\/08\/comprarias-un-cachito-para-la-rifa-del-avion-presidencial-encuesta-de-opinion\/\" \/>\n<meta property=\"og:site_name\" content=\"NOTICIAS DE LA 4T\" \/>\n<meta property=\"article:published_time\" content=\"2020-02-08T20:33:00+00:00\" \/>\n<meta name=\"author\" content=\"Blanca\" \/>\n<meta name=\"twitter:card\" content=\"summary_large_image\" \/>\n<meta name=\"twitter:label1\" content=\"Escrito por\" \/>\n\t<meta name=\"twitter:data1\" content=\"Blanca\" \/>\n\t<meta name=\"twitter:label2\" content=\"Tiempo de lectura\" \/>\n\t<meta name=\"twitter:data2\" content=\"1 minuto\" \/>\n<script type=\"application\/ld+json\" class=\"yoast-schema-graph\">{\"@context\":\"https:\\\/\\\/schema.org\",\"@graph\":[{\"@type\":\"Article\",\"@id\":\"https:\\\/\\\/redamlo.com\\\/index.php\\\/2020\\\/02\\\/08\\\/comprarias-un-cachito-para-la-rifa-del-avion-presidencial-encuesta-de-opinion\\\/#article\",\"isPartOf\":{\"@id\":\"https:\\\/\\\/redamlo.com\\\/index.php\\\/2020\\\/02\\\/08\\\/comprarias-un-cachito-para-la-rifa-del-avion-presidencial-encuesta-de-opinion\\\/\"},\"author\":{\"name\":\"Blanca\",\"@id\":\"https:\\\/\\\/redamlo.com\\\/#\\\/schema\\\/person\\\/7223a4375eb8f1a782fcae010a7115cf\"},\"headline\":\"\u00bfComprar\u00edas un cachito para la Rifa del Avion Presidencial? Encuesta de Opinion\",\"datePublished\":\"2020-02-08T20:33:00+00:00\",\"mainEntityOfPage\":{\"@id\":\"https:\\\/\\\/redamlo.com\\\/index.php\\\/2020\\\/02\\\/08\\\/comprarias-un-cachito-para-la-rifa-del-avion-presidencial-encuesta-de-opinion\\\/\"},\"wordCount\":160,\"commentCount\":0,\"publisher\":{\"@id\":\"https:\\\/\\\/redamlo.com\\\/#organization\"},\"image\":{\"@id\":\"https:\\\/\\\/redamlo.com\\\/index.php\\\/2020\\\/02\\\/08\\\/comprarias-un-cachito-para-la-rifa-del-avion-presidencial-encuesta-de-opinion\\\/#primaryimage\"},\"thumbnailUrl\":\"\",\"articleSection\":[\"4T\",\"Nacionales\",\"Presidencia\"],\"inLanguage\":\"es\",\"potentialAction\":[{\"@type\":\"CommentAction\",\"name\":\"Comment\",\"target\":[\"https:\\\/\\\/redamlo.com\\\/index.php\\\/2020\\\/02\\\/08\\\/comprarias-un-cachito-para-la-rifa-del-avion-presidencial-encuesta-de-opinion\\\/#respond\"]}]},{\"@type\":\"WebPage\",\"@id\":\"https:\\\/\\\/redamlo.com\\\/index.php\\\/2020\\\/02\\\/08\\\/comprarias-un-cachito-para-la-rifa-del-avion-presidencial-encuesta-de-opinion\\\/\",\"url\":\"https:\\\/\\\/redamlo.com\\\/index.php\\\/2020\\\/02\\\/08\\\/comprarias-un-cachito-para-la-rifa-del-avion-presidencial-encuesta-de-opinion\\\/\",\"name\":\"\u00bfComprar\u00edas un cachito para la Rifa del Avion Presidencial? Encuesta de Opinion - NOTICIAS DE LA 4T\",\"isPartOf\":{\"@id\":\"https:\\\/\\\/redamlo.com\\\/#website\"},\"primaryImageOfPage\":{\"@id\":\"https:\\\/\\\/redamlo.com\\\/index.php\\\/2020\\\/02\\\/08\\\/comprarias-un-cachito-para-la-rifa-del-avion-presidencial-encuesta-de-opinion\\\/#primaryimage\"},\"image\":{\"@id\":\"https:\\\/\\\/redamlo.com\\\/index.php\\\/2020\\\/02\\\/08\\\/comprarias-un-cachito-para-la-rifa-del-avion-presidencial-encuesta-de-opinion\\\/#primaryimage\"},\"thumbnailUrl\":\"\",\"datePublished\":\"2020-02-08T20:33:00+00:00\",\"breadcrumb\":{\"@id\":\"https:\\\/\\\/redamlo.com\\\/index.php\\\/2020\\\/02\\\/08\\\/comprarias-un-cachito-para-la-rifa-del-avion-presidencial-encuesta-de-opinion\\\/#breadcrumb\"},\"inLanguage\":\"es\",\"potentialAction\":[{\"@type\":\"ReadAction\",\"target\":[\"https:\\\/\\\/redamlo.com\\\/index.php\\\/2020\\\/02\\\/08\\\/comprarias-un-cachito-para-la-rifa-del-avion-presidencial-encuesta-de-opinion\\\/\"]}]},{\"@type\":\"ImageObject\",\"inLanguage\":\"es\",\"@id\":\"https:\\\/\\\/redamlo.com\\\/index.php\\\/2020\\\/02\\\/08\\\/comprarias-un-cachito-para-la-rifa-del-avion-presidencial-encuesta-de-opinion\\\/#primaryimage\",\"url\":\"\",\"contentUrl\":\"\"},{\"@type\":\"BreadcrumbList\",\"@id\":\"https:\\\/\\\/redamlo.com\\\/index.php\\\/2020\\\/02\\\/08\\\/comprarias-un-cachito-para-la-rifa-del-avion-presidencial-encuesta-de-opinion\\\/#breadcrumb\",\"itemListElement\":[{\"@type\":\"ListItem\",\"position\":1,\"name\":\"Inicio\",\"item\":\"https:\\\/\\\/redamlo.com\\\/\"},{\"@type\":\"ListItem\",\"position\":2,\"name\":\"\u00bfComprar\u00edas un cachito para la Rifa del Avion Presidencial? Encuesta de Opinion\"}]},{\"@type\":\"WebSite\",\"@id\":\"https:\\\/\\\/redamlo.com\\\/#website\",\"url\":\"https:\\\/\\\/redamlo.com\\\/\",\"name\":\"NOTICIAS DE LA 4T\",\"description\":\"\",\"publisher\":{\"@id\":\"https:\\\/\\\/redamlo.com\\\/#organization\"},\"potentialAction\":[{\"@type\":\"SearchAction\",\"target\":{\"@type\":\"EntryPoint\",\"urlTemplate\":\"https:\\\/\\\/redamlo.com\\\/?s={search_term_string}\"},\"query-input\":{\"@type\":\"PropertyValueSpecification\",\"valueRequired\":true,\"valueName\":\"search_term_string\"}}],\"inLanguage\":\"es\"},{\"@type\":\"Organization\",\"@id\":\"https:\\\/\\\/redamlo.com\\\/#organization\",\"name\":\"NOTICIAS DE LA 4T\",\"url\":\"https:\\\/\\\/redamlo.com\\\/\",\"logo\":{\"@type\":\"ImageObject\",\"inLanguage\":\"es\",\"@id\":\"https:\\\/\\\/redamlo.com\\\/#\\\/schema\\\/logo\\\/image\\\/\",\"url\":\"https:\\\/\\\/redamlo.com\\\/wp-content\\\/uploads\\\/2024\\\/08\\\/cropped-RED-AMLO-logo-50.png\",\"contentUrl\":\"https:\\\/\\\/redamlo.com\\\/wp-content\\\/uploads\\\/2024\\\/08\\\/cropped-RED-AMLO-logo-50.png\",\"width\":256,\"height\":256,\"caption\":\"NOTICIAS DE LA 4T\"},\"image\":{\"@id\":\"https:\\\/\\\/redamlo.com\\\/#\\\/schema\\\/logo\\\/image\\\/\"}},{\"@type\":\"Person\",\"@id\":\"https:\\\/\\\/redamlo.com\\\/#\\\/schema\\\/person\\\/7223a4375eb8f1a782fcae010a7115cf\",\"name\":\"Blanca\",\"image\":{\"@type\":\"ImageObject\",\"inLanguage\":\"es\",\"@id\":\"https:\\\/\\\/secure.gravatar.com\\\/avatar\\\/3f79bc8336367a4e6093eae8757acaaf61d1124834b905616de7829b0273426d?s=96&d=mm&r=g\",\"url\":\"https:\\\/\\\/secure.gravatar.com\\\/avatar\\\/3f79bc8336367a4e6093eae8757acaaf61d1124834b905616de7829b0273426d?s=96&d=mm&r=g\",\"contentUrl\":\"https:\\\/\\\/secure.gravatar.com\\\/avatar\\\/3f79bc8336367a4e6093eae8757acaaf61d1124834b905616de7829b0273426d?s=96&d=mm&r=g\",\"caption\":\"Blanca\"},\"url\":\"https:\\\/\\\/redamlo.com\\\/index.php\\\/author\\\/blanca\\\/\"}]}<\/script>\n<!-- \/ Yoast SEO plugin. -->","yoast_head_json":{"title":"\u00bfComprar\u00edas un cachito para la Rifa del Avion Presidencial?  Encuesta de Opinion - NOTICIAS DE LA 4T","robots":{"index":"noindex","follow":"follow","max-snippet":"max-snippet:-1","max-image-preview":"max-image-preview:large","max-video-preview":"max-video-preview:-1"},"og_locale":"es_MX","og_type":"article","og_title":"\u00bfComprar\u00edas un cachito para la Rifa del Avion Presidencial?  Encuesta de Opinion - NOTICIAS DE LA 4T","og_description":"CIUDAD DE M\u00c9XICO a 08 de Febrero 2020 (Cdmx Press).- Despu\u00e9s de darse a conocer...","og_url":"https:\/\/redamlo.com\/index.php\/2020\/02\/08\/comprarias-un-cachito-para-la-rifa-del-avion-presidencial-encuesta-de-opinion\/","og_site_name":"NOTICIAS DE LA 4T","article_published_time":"2020-02-08T20:33:00+00:00","author":"Blanca","twitter_card":"summary_large_image","twitter_misc":{"Escrito por":"Blanca","Tiempo de lectura":"1 minuto"},"schema":{"@context":"https:\/\/schema.org","@graph":[{"@type":"Article","@id":"https:\/\/redamlo.com\/index.php\/2020\/02\/08\/comprarias-un-cachito-para-la-rifa-del-avion-presidencial-encuesta-de-opinion\/#article","isPartOf":{"@id":"https:\/\/redamlo.com\/index.php\/2020\/02\/08\/comprarias-un-cachito-para-la-rifa-del-avion-presidencial-encuesta-de-opinion\/"},"author":{"name":"Blanca","@id":"https:\/\/redamlo.com\/#\/schema\/person\/7223a4375eb8f1a782fcae010a7115cf"},"headline":"\u00bfComprar\u00edas un cachito para la Rifa del Avion Presidencial? Encuesta de Opinion","datePublished":"2020-02-08T20:33:00+00:00","mainEntityOfPage":{"@id":"https:\/\/redamlo.com\/index.php\/2020\/02\/08\/comprarias-un-cachito-para-la-rifa-del-avion-presidencial-encuesta-de-opinion\/"},"wordCount":160,"commentCount":0,"publisher":{"@id":"https:\/\/redamlo.com\/#organization"},"image":{"@id":"https:\/\/redamlo.com\/index.php\/2020\/02\/08\/comprarias-un-cachito-para-la-rifa-del-avion-presidencial-encuesta-de-opinion\/#primaryimage"},"thumbnailUrl":"","articleSection":["4T","Nacionales","Presidencia"],"inLanguage":"es","potentialAction":[{"@type":"CommentAction","name":"Comment","target":["https:\/\/redamlo.com\/index.php\/2020\/02\/08\/comprarias-un-cachito-para-la-rifa-del-avion-presidencial-encuesta-de-opinion\/#respond"]}]},{"@type":"WebPage","@id":"https:\/\/redamlo.com\/index.php\/2020\/02\/08\/comprarias-un-cachito-para-la-rifa-del-avion-presidencial-encuesta-de-opinion\/","url":"https:\/\/redamlo.com\/index.php\/2020\/02\/08\/comprarias-un-cachito-para-la-rifa-del-avion-presidencial-encuesta-de-opinion\/","name":"\u00bfComprar\u00edas un cachito para la Rifa del Avion Presidencial? Encuesta de Opinion - NOTICIAS DE LA 4T","isPartOf":{"@id":"https:\/\/redamlo.com\/#website"},"primaryImageOfPage":{"@id":"https:\/\/redamlo.com\/index.php\/2020\/02\/08\/comprarias-un-cachito-para-la-rifa-del-avion-presidencial-encuesta-de-opinion\/#primaryimage"},"image":{"@id":"https:\/\/redamlo.com\/index.php\/2020\/02\/08\/comprarias-un-cachito-para-la-rifa-del-avion-presidencial-encuesta-de-opinion\/#primaryimage"},"thumbnailUrl":"","datePublished":"2020-02-08T20:33:00+00:00","breadcrumb":{"@id":"https:\/\/redamlo.com\/index.php\/2020\/02\/08\/comprarias-un-cachito-para-la-rifa-del-avion-presidencial-encuesta-de-opinion\/#breadcrumb"},"inLanguage":"es","potentialAction":[{"@type":"ReadAction","target":["https:\/\/redamlo.com\/index.php\/2020\/02\/08\/comprarias-un-cachito-para-la-rifa-del-avion-presidencial-encuesta-de-opinion\/"]}]},{"@type":"ImageObject","inLanguage":"es","@id":"https:\/\/redamlo.com\/index.php\/2020\/02\/08\/comprarias-un-cachito-para-la-rifa-del-avion-presidencial-encuesta-de-opinion\/#primaryimage","url":"","contentUrl":""},{"@type":"BreadcrumbList","@id":"https:\/\/redamlo.com\/index.php\/2020\/02\/08\/comprarias-un-cachito-para-la-rifa-del-avion-presidencial-encuesta-de-opinion\/#breadcrumb","itemListElement":[{"@type":"ListItem","position":1,"name":"Inicio","item":"https:\/\/redamlo.com\/"},{"@type":"ListItem","position":2,"name":"\u00bfComprar\u00edas un cachito para la Rifa del Avion Presidencial? Encuesta de Opinion"}]},{"@type":"WebSite","@id":"https:\/\/redamlo.com\/#website","url":"https:\/\/redamlo.com\/","name":"NOTICIAS DE LA 4T","description":"","publisher":{"@id":"https:\/\/redamlo.com\/#organization"},"potentialAction":[{"@type":"SearchAction","target":{"@type":"EntryPoint","urlTemplate":"https:\/\/redamlo.com\/?s={search_term_string}"},"query-input":{"@type":"PropertyValueSpecification","valueRequired":true,"valueName":"search_term_string"}}],"inLanguage":"es"},{"@type":"Organization","@id":"https:\/\/redamlo.com\/#organization","name":"NOTICIAS DE LA 4T","url":"https:\/\/redamlo.com\/","logo":{"@type":"ImageObject","inLanguage":"es","@id":"https:\/\/redamlo.com\/#\/schema\/logo\/image\/","url":"https:\/\/redamlo.com\/wp-content\/uploads\/2024\/08\/cropped-RED-AMLO-logo-50.png","contentUrl":"https:\/\/redamlo.com\/wp-content\/uploads\/2024\/08\/cropped-RED-AMLO-logo-50.png","width":256,"height":256,"caption":"NOTICIAS DE LA 4T"},"image":{"@id":"https:\/\/redamlo.com\/#\/schema\/logo\/image\/"}},{"@type":"Person","@id":"https:\/\/redamlo.com\/#\/schema\/person\/7223a4375eb8f1a782fcae010a7115cf","name":"Blanca","image":{"@type":"ImageObject","inLanguage":"es","@id":"https:\/\/secure.gravatar.com\/avatar\/3f79bc8336367a4e6093eae8757acaaf61d1124834b905616de7829b0273426d?s=96&d=mm&r=g","url":"https:\/\/secure.gravatar.com\/avatar\/3f79bc8336367a4e6093eae8757acaaf61d1124834b905616de7829b0273426d?s=96&d=mm&r=g","contentUrl":"https:\/\/secure.gravatar.com\/avatar\/3f79bc8336367a4e6093eae8757acaaf61d1124834b905616de7829b0273426d?s=96&d=mm&r=g","caption":"Blanca"},"url":"https:\/\/redamlo.com\/index.php\/author\/blanca\/"}]}},"_links":{"self":[{"href":"https:\/\/redamlo.com\/index.php\/wp-json\/wp\/v2\/posts\/764","targetHints":{"allow":["GET"]}}],"collection":[{"href":"https:\/\/redamlo.com\/index.php\/wp-json\/wp\/v2\/posts"}],"about":[{"href":"https:\/\/redamlo.com\/index.php\/wp-json\/wp\/v2\/types\/post"}],"author":[{"embeddable":true,"href":"https:\/\/redamlo.com\/index.php\/wp-json\/wp\/v2\/users\/2"}],"replies":[{"embeddable":true,"href":"https:\/\/redamlo.com\/index.php\/wp-json\/wp\/v2\/comments?post=764"}],"version-history":[{"count":0,"href":"https:\/\/redamlo.com\/index.php\/wp-json\/wp\/v2\/posts\/764\/revisions"}],"wp:featuredmedia":[{"embeddable":true,"href":"https:\/\/redamlo.com\/index.php\/wp-json\/"}],"wp:attachment":[{"href":"https:\/\/redamlo.com\/index.php\/wp-json\/wp\/v2\/media?parent=764"}],"wp:term":[{"taxonomy":"category","embeddable":true,"href":"https:\/\/redamlo.com\/index.php\/wp-json\/wp\/v2\/categories?post=764"},{"taxonomy":"post_tag","embeddable":true,"href":"https:\/\/redamlo.com\/index.php\/wp-json\/wp\/v2\/tags?post=764"}],"curies":[{"name":"wp","href":"https:\/\/api.w.org\/{rel}","templated":true}]}}