{"id":761,"date":"2020-02-07T19:10:05","date_gmt":"2020-02-08T01:10:05","guid":{"rendered":"http:\/\/redamlo.com\/?p=761"},"modified":"2020-02-07T19:10:05","modified_gmt":"2020-02-08T01:10:05","slug":"infiltrados-en-morena-quieren-formar-otro-partido-acusa-polevnsky","status":"publish","type":"post","link":"https:\/\/redamlo.com\/index.php\/2020\/02\/07\/infiltrados-en-morena-quieren-formar-otro-partido-acusa-polevnsky\/","title":{"rendered":"Infiltrados en MORENA quieren formar otro partido, acusa Polevnsky"},"content":{"rendered":"<p><strong>Yeidckol Polvensky,<\/strong>\u00a0consider\u00f3 que una de las causas por las que algunos morenistas tienen el inter\u00e9s de obtener dinero del instituto pol\u00edtico es porque proyectan fundar otro partido; incluso, dice, algunos recurren al corporativismo y al enga\u00f1o utilizando el nombre del presidente\u00a0<strong>Andr\u00e9s Manuel L\u00f3pez Obrador<\/strong>.<\/p>\n<p>&nbsp;<\/p>\n<blockquote><p>\u201cAhora hay quien dice que lo que quieren hacer es otro partido, por eso quer\u00edan este dinero. Efectivamente, mira, usan el nombre del presidente, se cuelgan del presidente, para hacer sindicatos, partidos, de todo, y dicen que por instrucci\u00f3n del presidente.<\/p><\/blockquote>\n<p>&nbsp;<\/p>\n<blockquote><p>\u201cY estos partidos que ya est\u00e1n planteando ya hay unos que ya se han formado, pero hay otro que se llama ahorita Fuerza Social por M\u00e9xico\u2026 y otro Frente por la Cuarta Transformaci\u00f3n\u2026 hasta el nombre nos vuelan. No, es una cosa de locos\u2026 \u00bfno?\u201d, expres\u00f3.<\/p><\/blockquote>\n<p>&nbsp;<\/p>\n<p><strong>Sobre aquella frase del presidente L\u00f3pez Obrador del 29 de agosto en la conferencia de prensa ma\u00f1anera, al advertir que si Morena se echaba a perder \u201cno solo renunciar\u00eda a \u00e9l, sino que me gustar\u00eda que le cambiaran el nombre\u201d, Polevnsky consider\u00f3 que fue un mensaje a morenistas que tergiversan los postulados de la Cuarta Transformaci\u00f3n.<\/strong><\/p>\n<p>&nbsp;<\/p>\n<p>En su af\u00e1n por hacerse del partido y del dinero que representa, pese a que la dirigencia renunci\u00f3 al 75 por ciento de sus prerrogativas -lo que enfad\u00f3 a sus detractores-, la presidenta del Consejo Nacional, <strong>Bertha Luj\u00e1n<\/strong>, ha emprendido un camino mediante reuniones y consejos al margen de estatutos y leyes.<\/p>\n<p>&nbsp;<\/p>\n<p>A partir de entonces han llevado al\u00a0<strong>Instituto Nacional Electoral<\/strong>\u00a0(<strong>INE<\/strong>) documentos que son \u201cincongruentes\u201d y hasta \u201caberrantes\u201d, pues en un acta argumentaron que en una reuni\u00f3n estatutaria el hoy presidente aprob\u00f3 el tema del Instituto de Formaci\u00f3n Pol\u00edtica y los recursos.<\/p>\n<p>&nbsp;<\/p>\n<p>En este contexto y ante la documentaci\u00f3n que Bertha Luj\u00e1n y sus seguidores han llevado al INE, Polevnsky sostuvo que es imposible que les den el dinero que buscan.<\/p>\n<p>&nbsp;<\/p>\n<p>Refiri\u00f3 que posteriormente hicieron una reuni\u00f3n de Consejo, pero debido a que no tuvo qu\u00f3rum y registr\u00f3 una serie de fallas se las anul\u00f3 la Sala Superior del Tribunal Electoral federal. Enseguida los consejeros contemplaron convocar a otra reuni\u00f3n pero, advirti\u00f3, carecen de esa facultad.<\/p>\n<p>&nbsp;<\/p>\n<p>\u201cY ah\u00ed es donde est\u00e1n en la confusi\u00f3n. El \u00fanico \u00f3rgano facultado para convocar a un Congreso es el Comit\u00e9 Ejecutivo Nacional, y cuando son extraordinarios pueden solicitarlos los consejeros, pero se lo tienen que solicitar al CEN, no se lo pueden solicitar a nadie m\u00e1s\u201d.<\/p>\n<p>&nbsp;<\/p>\n<p>Record\u00f3 que, por encima de todo esto, la Sala Superior cancel\u00f3 el proceso de 2019 y mandat\u00f3 al Comit\u00e9 Ejecutivo Nacional para que lleve a cabo todos los actos necesarios para reponer el procedimiento de elecci\u00f3n de sus \u00f3rganos de conducci\u00f3n, direcci\u00f3n y ejecuci\u00f3n.<\/p>\n<p>&nbsp;<\/p>\n<p>La instancia judicial hizo referencia en octubre de 2019 a que el padr\u00f3n de Morena no resultaba confiable, no daba certeza y certidumbre para llevar a cabo el proceso interno, y se incumpli\u00f3 adem\u00e1s con el proceso de credencializaci\u00f3n que el propio partido estableci\u00f3 en sus estatutos.<\/p>\n<p>&nbsp;<\/p>\n<p>\u201cEntonces esta es la p\u00e1gina 67 de la resoluci\u00f3n, este es el expediente, lo puede revisar cualquiera\u2026 dice: tienes que resolver todo\u2026 para volver a hacer una elecci\u00f3n. \u00bfPor d\u00f3nde tenemos que empezar? Por hacer un padr\u00f3n electoral. Entonces estamos cumpliendo todas las tareas con el padr\u00f3n electoral. Porque si no, no se puede hacer\u201d.<\/p>\n<p>&nbsp;<\/p>\n<p>Aunado al fallo de la Sala Superior del Tribunal Electoral del Poder Judicial de la Federaci\u00f3n existe una jurisprudencia que data de 2013, la cual se ha empleado en casos de los partidos Acci\u00f3n Nacional (PAN) y de la Revoluci\u00f3n Democr\u00e1tica (PRD).<\/p>\n<p>&nbsp;<\/p>\n<p>\u201c\u00bfQu\u00e9 dice esta jurisprudencia? Pues que opera una pr\u00f3rroga, impl\u00edcita, en la duraci\u00f3n del cargo, cuando no haya podido elegirse sustitutos por causas extraordinarias y transitorias; esto es espec\u00edficamente para partidos pol\u00edticos y la direcci\u00f3n de los partidos pol\u00edticos. Entonces hay una pr\u00f3rroga. \u00bfPor qu\u00e9? Porque los partidos pol\u00edticos tienen recursos p\u00fablicos\u201d, argument\u00f3.<\/p>\n<p>&nbsp;<\/p>\n<p>De esta forma, apunt\u00f3, mientras se cumple un mandato de Sala Superior y est\u00e1 de por medio una jurisprudencia no se puede hacer un proceso de elecci\u00f3n.<\/p>\n<p>&nbsp;<\/p>\n<p><strong>El golpe fallido<\/strong><\/p>\n<p>La l\u00edder de Morena agreg\u00f3 que el llamado Congreso Extraordinario del 26 de enero fue un intento de golpe de Estado al partido, en el que adem\u00e1s quitaron a integrantes del Comit\u00e9 Ejecutivo Nacional (CEN) en forma ilegal y violando sus derechos.<\/p>\n<p>&nbsp;<\/p>\n<p>Polevnsky sostuvo que en esa asamblea no hubo qu\u00f3rum y para simularlo se valieron de representantes de medios de comunicaci\u00f3n que firmaron su asistencia al evento, de invitados especiales, incluso de personas a quienes visitaron casa por casa.<\/p>\n<p>&nbsp;<\/p>\n<p>La tambi\u00e9n empresaria a\u00f1adi\u00f3 que pese a los triunfos que ha logrado al frente de Morena, como en Puebla, Baja California y Quintana Roo, y los declives que ha registrado, en donde se han metido quienes s\u00f3lo ambicionan el poder, ha sido objeto de un linchamiento.<\/p>\n<p>&nbsp;<\/p>\n<p>\u201cAqu\u00ed las reuniones de Consejo se han usado como esquemas de linchamiento, b\u00e1sicamente para ir en mi contra y yo me he callado, para cuidar al partido.<\/p>\n<p>&nbsp;<\/p>\n<p>\u201cPero la cantidad de irregularidades que han hecho han sido demasiadas\u2026me parece inaceptable que si tratas de ser prudente para cuidar al partido y a los compa\u00f1eros del partido vayan cada d\u00eda m\u00e1s lejos, eso se me hace totalmente inadecuado\u201d, concluy\u00f3.<\/p>\n","protected":false},"excerpt":{"rendered":"<p>Yeidckol Polvensky,\u00a0consider\u00f3 que una de las causas por las que algunos morenistas tienen el inter\u00e9s&#8230;<\/p>\n","protected":false},"author":2,"featured_media":763,"comment_status":"open","ping_status":"closed","sticky":false,"template":"","format":"standard","meta":{"footnotes":""},"categories":[25,20],"tags":[],"class_list":["post-761","post","type-post","status-publish","format-standard","has-post-thumbnail","hentry","category-4t","category-nacionales"],"yoast_head":"<!-- This site is optimized with the Yoast SEO plugin v27.5 - https:\/\/yoast.com\/product\/yoast-seo-wordpress\/ -->\n<title>Infiltrados en MORENA quieren formar otro partido, acusa Polevnsky - NOTICIAS DE LA 4T<\/title>\n<meta name=\"robots\" content=\"noindex, follow, max-snippet:-1, max-image-preview:large, max-video-preview:-1\" \/>\n<meta property=\"og:locale\" content=\"es_MX\" \/>\n<meta property=\"og:type\" content=\"article\" \/>\n<meta property=\"og:title\" content=\"Infiltrados en MORENA quieren formar otro partido, acusa Polevnsky - NOTICIAS DE LA 4T\" \/>\n<meta property=\"og:description\" content=\"Yeidckol Polvensky,\u00a0consider\u00f3 que una de las causas por las que algunos morenistas tienen el inter\u00e9s...\" \/>\n<meta property=\"og:url\" content=\"https:\/\/redamlo.com\/index.php\/2020\/02\/07\/infiltrados-en-morena-quieren-formar-otro-partido-acusa-polevnsky\/\" \/>\n<meta property=\"og:site_name\" content=\"NOTICIAS DE LA 4T\" \/>\n<meta property=\"article:published_time\" content=\"2020-02-08T01:10:05+00:00\" \/>\n<meta name=\"author\" content=\"Blanca\" \/>\n<meta name=\"twitter:card\" content=\"summary_large_image\" \/>\n<meta name=\"twitter:label1\" content=\"Escrito por\" \/>\n\t<meta name=\"twitter:data1\" content=\"Blanca\" \/>\n\t<meta name=\"twitter:label2\" content=\"Tiempo de lectura\" \/>\n\t<meta name=\"twitter:data2\" content=\"5 minutos\" \/>\n<script type=\"application\/ld+json\" class=\"yoast-schema-graph\">{\"@context\":\"https:\\\/\\\/schema.org\",\"@graph\":[{\"@type\":\"Article\",\"@id\":\"https:\\\/\\\/redamlo.com\\\/index.php\\\/2020\\\/02\\\/07\\\/infiltrados-en-morena-quieren-formar-otro-partido-acusa-polevnsky\\\/#article\",\"isPartOf\":{\"@id\":\"https:\\\/\\\/redamlo.com\\\/index.php\\\/2020\\\/02\\\/07\\\/infiltrados-en-morena-quieren-formar-otro-partido-acusa-polevnsky\\\/\"},\"author\":{\"name\":\"Blanca\",\"@id\":\"https:\\\/\\\/redamlo.com\\\/#\\\/schema\\\/person\\\/7223a4375eb8f1a782fcae010a7115cf\"},\"headline\":\"Infiltrados en MORENA quieren formar otro partido, acusa Polevnsky\",\"datePublished\":\"2020-02-08T01:10:05+00:00\",\"mainEntityOfPage\":{\"@id\":\"https:\\\/\\\/redamlo.com\\\/index.php\\\/2020\\\/02\\\/07\\\/infiltrados-en-morena-quieren-formar-otro-partido-acusa-polevnsky\\\/\"},\"wordCount\":957,\"commentCount\":0,\"publisher\":{\"@id\":\"https:\\\/\\\/redamlo.com\\\/#organization\"},\"image\":{\"@id\":\"https:\\\/\\\/redamlo.com\\\/index.php\\\/2020\\\/02\\\/07\\\/infiltrados-en-morena-quieren-formar-otro-partido-acusa-polevnsky\\\/#primaryimage\"},\"thumbnailUrl\":\"\",\"articleSection\":[\"4T\",\"Nacionales\"],\"inLanguage\":\"es\",\"potentialAction\":[{\"@type\":\"CommentAction\",\"name\":\"Comment\",\"target\":[\"https:\\\/\\\/redamlo.com\\\/index.php\\\/2020\\\/02\\\/07\\\/infiltrados-en-morena-quieren-formar-otro-partido-acusa-polevnsky\\\/#respond\"]}]},{\"@type\":\"WebPage\",\"@id\":\"https:\\\/\\\/redamlo.com\\\/index.php\\\/2020\\\/02\\\/07\\\/infiltrados-en-morena-quieren-formar-otro-partido-acusa-polevnsky\\\/\",\"url\":\"https:\\\/\\\/redamlo.com\\\/index.php\\\/2020\\\/02\\\/07\\\/infiltrados-en-morena-quieren-formar-otro-partido-acusa-polevnsky\\\/\",\"name\":\"Infiltrados en MORENA quieren formar otro partido, acusa Polevnsky - NOTICIAS DE LA 4T\",\"isPartOf\":{\"@id\":\"https:\\\/\\\/redamlo.com\\\/#website\"},\"primaryImageOfPage\":{\"@id\":\"https:\\\/\\\/redamlo.com\\\/index.php\\\/2020\\\/02\\\/07\\\/infiltrados-en-morena-quieren-formar-otro-partido-acusa-polevnsky\\\/#primaryimage\"},\"image\":{\"@id\":\"https:\\\/\\\/redamlo.com\\\/index.php\\\/2020\\\/02\\\/07\\\/infiltrados-en-morena-quieren-formar-otro-partido-acusa-polevnsky\\\/#primaryimage\"},\"thumbnailUrl\":\"\",\"datePublished\":\"2020-02-08T01:10:05+00:00\",\"breadcrumb\":{\"@id\":\"https:\\\/\\\/redamlo.com\\\/index.php\\\/2020\\\/02\\\/07\\\/infiltrados-en-morena-quieren-formar-otro-partido-acusa-polevnsky\\\/#breadcrumb\"},\"inLanguage\":\"es\",\"potentialAction\":[{\"@type\":\"ReadAction\",\"target\":[\"https:\\\/\\\/redamlo.com\\\/index.php\\\/2020\\\/02\\\/07\\\/infiltrados-en-morena-quieren-formar-otro-partido-acusa-polevnsky\\\/\"]}]},{\"@type\":\"ImageObject\",\"inLanguage\":\"es\",\"@id\":\"https:\\\/\\\/redamlo.com\\\/index.php\\\/2020\\\/02\\\/07\\\/infiltrados-en-morena-quieren-formar-otro-partido-acusa-polevnsky\\\/#primaryimage\",\"url\":\"\",\"contentUrl\":\"\"},{\"@type\":\"BreadcrumbList\",\"@id\":\"https:\\\/\\\/redamlo.com\\\/index.php\\\/2020\\\/02\\\/07\\\/infiltrados-en-morena-quieren-formar-otro-partido-acusa-polevnsky\\\/#breadcrumb\",\"itemListElement\":[{\"@type\":\"ListItem\",\"position\":1,\"name\":\"Inicio\",\"item\":\"https:\\\/\\\/redamlo.com\\\/\"},{\"@type\":\"ListItem\",\"position\":2,\"name\":\"Infiltrados en MORENA quieren formar otro partido, acusa Polevnsky\"}]},{\"@type\":\"WebSite\",\"@id\":\"https:\\\/\\\/redamlo.com\\\/#website\",\"url\":\"https:\\\/\\\/redamlo.com\\\/\",\"name\":\"NOTICIAS DE LA 4T\",\"description\":\"\",\"publisher\":{\"@id\":\"https:\\\/\\\/redamlo.com\\\/#organization\"},\"potentialAction\":[{\"@type\":\"SearchAction\",\"target\":{\"@type\":\"EntryPoint\",\"urlTemplate\":\"https:\\\/\\\/redamlo.com\\\/?s={search_term_string}\"},\"query-input\":{\"@type\":\"PropertyValueSpecification\",\"valueRequired\":true,\"valueName\":\"search_term_string\"}}],\"inLanguage\":\"es\"},{\"@type\":\"Organization\",\"@id\":\"https:\\\/\\\/redamlo.com\\\/#organization\",\"name\":\"NOTICIAS DE LA 4T\",\"url\":\"https:\\\/\\\/redamlo.com\\\/\",\"logo\":{\"@type\":\"ImageObject\",\"inLanguage\":\"es\",\"@id\":\"https:\\\/\\\/redamlo.com\\\/#\\\/schema\\\/logo\\\/image\\\/\",\"url\":\"https:\\\/\\\/redamlo.com\\\/wp-content\\\/uploads\\\/2024\\\/08\\\/cropped-RED-AMLO-logo-50.png\",\"contentUrl\":\"https:\\\/\\\/redamlo.com\\\/wp-content\\\/uploads\\\/2024\\\/08\\\/cropped-RED-AMLO-logo-50.png\",\"width\":256,\"height\":256,\"caption\":\"NOTICIAS DE LA 4T\"},\"image\":{\"@id\":\"https:\\\/\\\/redamlo.com\\\/#\\\/schema\\\/logo\\\/image\\\/\"}},{\"@type\":\"Person\",\"@id\":\"https:\\\/\\\/redamlo.com\\\/#\\\/schema\\\/person\\\/7223a4375eb8f1a782fcae010a7115cf\",\"name\":\"Blanca\",\"image\":{\"@type\":\"ImageObject\",\"inLanguage\":\"es\",\"@id\":\"https:\\\/\\\/secure.gravatar.com\\\/avatar\\\/3f79bc8336367a4e6093eae8757acaaf61d1124834b905616de7829b0273426d?s=96&d=mm&r=g\",\"url\":\"https:\\\/\\\/secure.gravatar.com\\\/avatar\\\/3f79bc8336367a4e6093eae8757acaaf61d1124834b905616de7829b0273426d?s=96&d=mm&r=g\",\"contentUrl\":\"https:\\\/\\\/secure.gravatar.com\\\/avatar\\\/3f79bc8336367a4e6093eae8757acaaf61d1124834b905616de7829b0273426d?s=96&d=mm&r=g\",\"caption\":\"Blanca\"},\"url\":\"https:\\\/\\\/redamlo.com\\\/index.php\\\/author\\\/blanca\\\/\"}]}<\/script>\n<!-- \/ Yoast SEO plugin. -->","yoast_head_json":{"title":"Infiltrados en MORENA quieren formar otro partido, acusa Polevnsky - NOTICIAS DE LA 4T","robots":{"index":"noindex","follow":"follow","max-snippet":"max-snippet:-1","max-image-preview":"max-image-preview:large","max-video-preview":"max-video-preview:-1"},"og_locale":"es_MX","og_type":"article","og_title":"Infiltrados en MORENA quieren formar otro partido, acusa Polevnsky - NOTICIAS DE LA 4T","og_description":"Yeidckol Polvensky,\u00a0consider\u00f3 que una de las causas por las que algunos morenistas tienen el inter\u00e9s...","og_url":"https:\/\/redamlo.com\/index.php\/2020\/02\/07\/infiltrados-en-morena-quieren-formar-otro-partido-acusa-polevnsky\/","og_site_name":"NOTICIAS DE LA 4T","article_published_time":"2020-02-08T01:10:05+00:00","author":"Blanca","twitter_card":"summary_large_image","twitter_misc":{"Escrito por":"Blanca","Tiempo de lectura":"5 minutos"},"schema":{"@context":"https:\/\/schema.org","@graph":[{"@type":"Article","@id":"https:\/\/redamlo.com\/index.php\/2020\/02\/07\/infiltrados-en-morena-quieren-formar-otro-partido-acusa-polevnsky\/#article","isPartOf":{"@id":"https:\/\/redamlo.com\/index.php\/2020\/02\/07\/infiltrados-en-morena-quieren-formar-otro-partido-acusa-polevnsky\/"},"author":{"name":"Blanca","@id":"https:\/\/redamlo.com\/#\/schema\/person\/7223a4375eb8f1a782fcae010a7115cf"},"headline":"Infiltrados en MORENA quieren formar otro partido, acusa Polevnsky","datePublished":"2020-02-08T01:10:05+00:00","mainEntityOfPage":{"@id":"https:\/\/redamlo.com\/index.php\/2020\/02\/07\/infiltrados-en-morena-quieren-formar-otro-partido-acusa-polevnsky\/"},"wordCount":957,"commentCount":0,"publisher":{"@id":"https:\/\/redamlo.com\/#organization"},"image":{"@id":"https:\/\/redamlo.com\/index.php\/2020\/02\/07\/infiltrados-en-morena-quieren-formar-otro-partido-acusa-polevnsky\/#primaryimage"},"thumbnailUrl":"","articleSection":["4T","Nacionales"],"inLanguage":"es","potentialAction":[{"@type":"CommentAction","name":"Comment","target":["https:\/\/redamlo.com\/index.php\/2020\/02\/07\/infiltrados-en-morena-quieren-formar-otro-partido-acusa-polevnsky\/#respond"]}]},{"@type":"WebPage","@id":"https:\/\/redamlo.com\/index.php\/2020\/02\/07\/infiltrados-en-morena-quieren-formar-otro-partido-acusa-polevnsky\/","url":"https:\/\/redamlo.com\/index.php\/2020\/02\/07\/infiltrados-en-morena-quieren-formar-otro-partido-acusa-polevnsky\/","name":"Infiltrados en MORENA quieren formar otro partido, acusa Polevnsky - NOTICIAS DE LA 4T","isPartOf":{"@id":"https:\/\/redamlo.com\/#website"},"primaryImageOfPage":{"@id":"https:\/\/redamlo.com\/index.php\/2020\/02\/07\/infiltrados-en-morena-quieren-formar-otro-partido-acusa-polevnsky\/#primaryimage"},"image":{"@id":"https:\/\/redamlo.com\/index.php\/2020\/02\/07\/infiltrados-en-morena-quieren-formar-otro-partido-acusa-polevnsky\/#primaryimage"},"thumbnailUrl":"","datePublished":"2020-02-08T01:10:05+00:00","breadcrumb":{"@id":"https:\/\/redamlo.com\/index.php\/2020\/02\/07\/infiltrados-en-morena-quieren-formar-otro-partido-acusa-polevnsky\/#breadcrumb"},"inLanguage":"es","potentialAction":[{"@type":"ReadAction","target":["https:\/\/redamlo.com\/index.php\/2020\/02\/07\/infiltrados-en-morena-quieren-formar-otro-partido-acusa-polevnsky\/"]}]},{"@type":"ImageObject","inLanguage":"es","@id":"https:\/\/redamlo.com\/index.php\/2020\/02\/07\/infiltrados-en-morena-quieren-formar-otro-partido-acusa-polevnsky\/#primaryimage","url":"","contentUrl":""},{"@type":"BreadcrumbList","@id":"https:\/\/redamlo.com\/index.php\/2020\/02\/07\/infiltrados-en-morena-quieren-formar-otro-partido-acusa-polevnsky\/#breadcrumb","itemListElement":[{"@type":"ListItem","position":1,"name":"Inicio","item":"https:\/\/redamlo.com\/"},{"@type":"ListItem","position":2,"name":"Infiltrados en MORENA quieren formar otro partido, acusa Polevnsky"}]},{"@type":"WebSite","@id":"https:\/\/redamlo.com\/#website","url":"https:\/\/redamlo.com\/","name":"NOTICIAS DE LA 4T","description":"","publisher":{"@id":"https:\/\/redamlo.com\/#organization"},"potentialAction":[{"@type":"SearchAction","target":{"@type":"EntryPoint","urlTemplate":"https:\/\/redamlo.com\/?s={search_term_string}"},"query-input":{"@type":"PropertyValueSpecification","valueRequired":true,"valueName":"search_term_string"}}],"inLanguage":"es"},{"@type":"Organization","@id":"https:\/\/redamlo.com\/#organization","name":"NOTICIAS DE LA 4T","url":"https:\/\/redamlo.com\/","logo":{"@type":"ImageObject","inLanguage":"es","@id":"https:\/\/redamlo.com\/#\/schema\/logo\/image\/","url":"https:\/\/redamlo.com\/wp-content\/uploads\/2024\/08\/cropped-RED-AMLO-logo-50.png","contentUrl":"https:\/\/redamlo.com\/wp-content\/uploads\/2024\/08\/cropped-RED-AMLO-logo-50.png","width":256,"height":256,"caption":"NOTICIAS DE LA 4T"},"image":{"@id":"https:\/\/redamlo.com\/#\/schema\/logo\/image\/"}},{"@type":"Person","@id":"https:\/\/redamlo.com\/#\/schema\/person\/7223a4375eb8f1a782fcae010a7115cf","name":"Blanca","image":{"@type":"ImageObject","inLanguage":"es","@id":"https:\/\/secure.gravatar.com\/avatar\/3f79bc8336367a4e6093eae8757acaaf61d1124834b905616de7829b0273426d?s=96&d=mm&r=g","url":"https:\/\/secure.gravatar.com\/avatar\/3f79bc8336367a4e6093eae8757acaaf61d1124834b905616de7829b0273426d?s=96&d=mm&r=g","contentUrl":"https:\/\/secure.gravatar.com\/avatar\/3f79bc8336367a4e6093eae8757acaaf61d1124834b905616de7829b0273426d?s=96&d=mm&r=g","caption":"Blanca"},"url":"https:\/\/redamlo.com\/index.php\/author\/blanca\/"}]}},"_links":{"self":[{"href":"https:\/\/redamlo.com\/index.php\/wp-json\/wp\/v2\/posts\/761","targetHints":{"allow":["GET"]}}],"collection":[{"href":"https:\/\/redamlo.com\/index.php\/wp-json\/wp\/v2\/posts"}],"about":[{"href":"https:\/\/redamlo.com\/index.php\/wp-json\/wp\/v2\/types\/post"}],"author":[{"embeddable":true,"href":"https:\/\/redamlo.com\/index.php\/wp-json\/wp\/v2\/users\/2"}],"replies":[{"embeddable":true,"href":"https:\/\/redamlo.com\/index.php\/wp-json\/wp\/v2\/comments?post=761"}],"version-history":[{"count":0,"href":"https:\/\/redamlo.com\/index.php\/wp-json\/wp\/v2\/posts\/761\/revisions"}],"wp:featuredmedia":[{"embeddable":true,"href":"https:\/\/redamlo.com\/index.php\/wp-json\/"}],"wp:attachment":[{"href":"https:\/\/redamlo.com\/index.php\/wp-json\/wp\/v2\/media?parent=761"}],"wp:term":[{"taxonomy":"category","embeddable":true,"href":"https:\/\/redamlo.com\/index.php\/wp-json\/wp\/v2\/categories?post=761"},{"taxonomy":"post_tag","embeddable":true,"href":"https:\/\/redamlo.com\/index.php\/wp-json\/wp\/v2\/tags?post=761"}],"curies":[{"name":"wp","href":"https:\/\/api.w.org\/{rel}","templated":true}]}}