{"id":755,"date":"2020-01-27T07:44:30","date_gmt":"2020-01-27T13:44:30","guid":{"rendered":"http:\/\/redamlo.com\/?p=755"},"modified":"2020-01-27T07:44:30","modified_gmt":"2020-01-27T13:44:30","slug":"el-comite-ejecutivo-nacional-es-el-unico-organo-facultado-para-el-cambio-de-direccion-en-morena-yeidckol-polevnsky","status":"publish","type":"post","link":"https:\/\/redamlo.com\/index.php\/2020\/01\/27\/el-comite-ejecutivo-nacional-es-el-unico-organo-facultado-para-el-cambio-de-direccion-en-morena-yeidckol-polevnsky\/","title":{"rendered":"El Comit\u00e9 Ejecutivo Nacional  es el \u00fanico \u00f3rgano facultado para el cambio de direcci\u00f3n en morena: Yeidckol Polevnsky"},"content":{"rendered":"<p>Seg\u00fan se puede observar en publicaciones de redes sociales, comentarios recurrentes son: \u201cEl congreso de morena realizado el d\u00eda de hoy, fue un congreso anti estatutario y fuera de la norma que rige al partido. El \u00fanico facultado para poder convocar a Congreso Nacional es el Comit\u00e9 ejecutivo Nacional (art\u00edculo 38 del estatuto de morena).\u201d<\/p>\n<p>Los comit\u00e9s ejecutivos estatales pueden solicitar, m\u00e1s no convocar a un congreso Nacional, el \u00fanico \u00f3rgano facultado es el Comit\u00e9 Ejecutivo Nacional. \u00a0Mencionan otros comentarios afines<\/p>\n<p>En el mismo art\u00edculo 38 en su inciso b, determina que en ausencia del presidente del \u00f3rgano partidario, \u00a0el secretario general es quien toma las funciones de presidente.<\/p>\n<p>Entre los elementos de derecho electoral se cita \u00a0el primer p\u00e1rrafo del art\u00edculo 38 del estatuto, el cual menciona que \u00a0la revocaci\u00f3n de mandato del CEN est\u00e1 basado en el art\u00edculo 40 del estatuto. Lo cual, seg\u00fan esta \u00f3ptica, \u00a0no aplica para el caso de la Secretaria General con Funciones de Presidenta Yeidckol Polevnsky.<\/p>\n<p>&nbsp;<\/p>\n<p>Todo indica que se avecina una lucha que deber\u00e1 dirimirse en el Tribunal Electoral del Poder Judicial de la Federaci\u00f3n, considerando \u00a0que no puede haber un cambio de dirigencia, basado en la jurisprudencia\u00a0 48\/2013 del tribunal electoral. Los acuerdos tomados en el congreso Nacional realizado el d\u00eda de hoy al nombrar a personas en el CEN, como es el caso de la presidencia quedar\u00edan sin efectos.<\/p>\n<p>&nbsp;<\/p>\n<p>En ese mismo contexto -de m\u00faltiples impugnaciones- a partir del accidentado Congreso Nacional \u00a0se menciona que \u00a0el art\u00edculo 8 del estatuto menciona que no puede ser integrante de los \u00f3rganos de direcci\u00f3n ejecutiva los integrantes del congreso, que en ese sentido, aplica al actual diputado federal Alfonso Ram\u00edrez Cuellar.<\/p>\n<p>Seg\u00fan se dice entre propios y extra\u00f1os,\u00a0 el nombramiento del presidente de la comisi\u00f3n de presupuesto en el congreso federal, no est\u00e1 apegado al marco normativo de morena.<\/p>\n<p>En entrevista la Secretaria General, en funciones de Presidenta, Yeidckol Polevnsky mencion\u00f3 que \u201c\u2026 el Comit\u00e9 Ejecutivo Nacional, es el \u00fanico \u00f3rgano de direcci\u00f3n de Morena que puede establecer los lineamientos para el cambio de dirigencia de nuestro partido\u201d.<\/p>\n<p>En sus redes sociales fue muy puntual y concreta:<\/p>\n<p>La unidad en el partido y el apoyo al presidente @lopezobrador_ son el camino\u201d, escribi\u00f3 en su cuenta de Twitter.<\/p>\n<p>El Comit\u00e9 Ejecutivo Nacional, es el \u00fanico \u00f3rgano de direcci\u00f3n de #morena que puede establecer los lineamientos para el cambio de dirigencia de nuestro partido.<\/p>\n<p>La unidad en el partido y el apoyo al presidente @lopezobrador_ son el camino. Concluy\u00f3 enf\u00e1tica.<\/p>\n","protected":false},"excerpt":{"rendered":"<p>Seg\u00fan se puede observar en publicaciones de redes sociales, comentarios recurrentes son: \u201cEl congreso de&#8230;<\/p>\n","protected":false},"author":2,"featured_media":757,"comment_status":"open","ping_status":"closed","sticky":false,"template":"","format":"standard","meta":{"footnotes":""},"categories":[5],"tags":[],"class_list":["post-755","post","type-post","status-publish","format-standard","has-post-thumbnail","hentry","category-politica"],"yoast_head":"<!-- This site is optimized with the Yoast SEO plugin v27.5 - https:\/\/yoast.com\/product\/yoast-seo-wordpress\/ -->\n<title>El Comit\u00e9 Ejecutivo Nacional es el \u00fanico \u00f3rgano facultado para el cambio de direcci\u00f3n en morena: Yeidckol Polevnsky - NOTICIAS DE LA 4T<\/title>\n<meta name=\"robots\" content=\"noindex, follow, max-snippet:-1, max-image-preview:large, max-video-preview:-1\" \/>\n<meta property=\"og:locale\" content=\"es_MX\" \/>\n<meta property=\"og:type\" content=\"article\" \/>\n<meta property=\"og:title\" content=\"El Comit\u00e9 Ejecutivo Nacional es el \u00fanico \u00f3rgano facultado para el cambio de direcci\u00f3n en morena: Yeidckol Polevnsky - NOTICIAS DE LA 4T\" \/>\n<meta property=\"og:description\" content=\"Seg\u00fan se puede observar en publicaciones de redes sociales, comentarios recurrentes son: \u201cEl congreso de...\" \/>\n<meta property=\"og:url\" content=\"https:\/\/redamlo.com\/index.php\/2020\/01\/27\/el-comite-ejecutivo-nacional-es-el-unico-organo-facultado-para-el-cambio-de-direccion-en-morena-yeidckol-polevnsky\/\" \/>\n<meta property=\"og:site_name\" content=\"NOTICIAS DE LA 4T\" \/>\n<meta property=\"article:published_time\" content=\"2020-01-27T13:44:30+00:00\" \/>\n<meta name=\"author\" content=\"Blanca\" \/>\n<meta name=\"twitter:card\" content=\"summary_large_image\" \/>\n<meta name=\"twitter:label1\" content=\"Escrito por\" \/>\n\t<meta name=\"twitter:data1\" content=\"Blanca\" \/>\n\t<meta name=\"twitter:label2\" content=\"Tiempo de lectura\" \/>\n\t<meta name=\"twitter:data2\" content=\"2 minutos\" \/>\n<script type=\"application\/ld+json\" class=\"yoast-schema-graph\">{\"@context\":\"https:\\\/\\\/schema.org\",\"@graph\":[{\"@type\":\"Article\",\"@id\":\"https:\\\/\\\/redamlo.com\\\/index.php\\\/2020\\\/01\\\/27\\\/el-comite-ejecutivo-nacional-es-el-unico-organo-facultado-para-el-cambio-de-direccion-en-morena-yeidckol-polevnsky\\\/#article\",\"isPartOf\":{\"@id\":\"https:\\\/\\\/redamlo.com\\\/index.php\\\/2020\\\/01\\\/27\\\/el-comite-ejecutivo-nacional-es-el-unico-organo-facultado-para-el-cambio-de-direccion-en-morena-yeidckol-polevnsky\\\/\"},\"author\":{\"name\":\"Blanca\",\"@id\":\"https:\\\/\\\/redamlo.com\\\/#\\\/schema\\\/person\\\/7223a4375eb8f1a782fcae010a7115cf\"},\"headline\":\"El Comit\u00e9 Ejecutivo Nacional es el \u00fanico \u00f3rgano facultado para el cambio de direcci\u00f3n en morena: Yeidckol Polevnsky\",\"datePublished\":\"2020-01-27T13:44:30+00:00\",\"mainEntityOfPage\":{\"@id\":\"https:\\\/\\\/redamlo.com\\\/index.php\\\/2020\\\/01\\\/27\\\/el-comite-ejecutivo-nacional-es-el-unico-organo-facultado-para-el-cambio-de-direccion-en-morena-yeidckol-polevnsky\\\/\"},\"wordCount\":453,\"commentCount\":0,\"publisher\":{\"@id\":\"https:\\\/\\\/redamlo.com\\\/#organization\"},\"image\":{\"@id\":\"https:\\\/\\\/redamlo.com\\\/index.php\\\/2020\\\/01\\\/27\\\/el-comite-ejecutivo-nacional-es-el-unico-organo-facultado-para-el-cambio-de-direccion-en-morena-yeidckol-polevnsky\\\/#primaryimage\"},\"thumbnailUrl\":\"\",\"articleSection\":[\"Pol\u00edtica\"],\"inLanguage\":\"es\",\"potentialAction\":[{\"@type\":\"CommentAction\",\"name\":\"Comment\",\"target\":[\"https:\\\/\\\/redamlo.com\\\/index.php\\\/2020\\\/01\\\/27\\\/el-comite-ejecutivo-nacional-es-el-unico-organo-facultado-para-el-cambio-de-direccion-en-morena-yeidckol-polevnsky\\\/#respond\"]}]},{\"@type\":\"WebPage\",\"@id\":\"https:\\\/\\\/redamlo.com\\\/index.php\\\/2020\\\/01\\\/27\\\/el-comite-ejecutivo-nacional-es-el-unico-organo-facultado-para-el-cambio-de-direccion-en-morena-yeidckol-polevnsky\\\/\",\"url\":\"https:\\\/\\\/redamlo.com\\\/index.php\\\/2020\\\/01\\\/27\\\/el-comite-ejecutivo-nacional-es-el-unico-organo-facultado-para-el-cambio-de-direccion-en-morena-yeidckol-polevnsky\\\/\",\"name\":\"El Comit\u00e9 Ejecutivo Nacional es el \u00fanico \u00f3rgano facultado para el cambio de direcci\u00f3n en morena: Yeidckol Polevnsky - NOTICIAS DE LA 4T\",\"isPartOf\":{\"@id\":\"https:\\\/\\\/redamlo.com\\\/#website\"},\"primaryImageOfPage\":{\"@id\":\"https:\\\/\\\/redamlo.com\\\/index.php\\\/2020\\\/01\\\/27\\\/el-comite-ejecutivo-nacional-es-el-unico-organo-facultado-para-el-cambio-de-direccion-en-morena-yeidckol-polevnsky\\\/#primaryimage\"},\"image\":{\"@id\":\"https:\\\/\\\/redamlo.com\\\/index.php\\\/2020\\\/01\\\/27\\\/el-comite-ejecutivo-nacional-es-el-unico-organo-facultado-para-el-cambio-de-direccion-en-morena-yeidckol-polevnsky\\\/#primaryimage\"},\"thumbnailUrl\":\"\",\"datePublished\":\"2020-01-27T13:44:30+00:00\",\"breadcrumb\":{\"@id\":\"https:\\\/\\\/redamlo.com\\\/index.php\\\/2020\\\/01\\\/27\\\/el-comite-ejecutivo-nacional-es-el-unico-organo-facultado-para-el-cambio-de-direccion-en-morena-yeidckol-polevnsky\\\/#breadcrumb\"},\"inLanguage\":\"es\",\"potentialAction\":[{\"@type\":\"ReadAction\",\"target\":[\"https:\\\/\\\/redamlo.com\\\/index.php\\\/2020\\\/01\\\/27\\\/el-comite-ejecutivo-nacional-es-el-unico-organo-facultado-para-el-cambio-de-direccion-en-morena-yeidckol-polevnsky\\\/\"]}]},{\"@type\":\"ImageObject\",\"inLanguage\":\"es\",\"@id\":\"https:\\\/\\\/redamlo.com\\\/index.php\\\/2020\\\/01\\\/27\\\/el-comite-ejecutivo-nacional-es-el-unico-organo-facultado-para-el-cambio-de-direccion-en-morena-yeidckol-polevnsky\\\/#primaryimage\",\"url\":\"\",\"contentUrl\":\"\"},{\"@type\":\"BreadcrumbList\",\"@id\":\"https:\\\/\\\/redamlo.com\\\/index.php\\\/2020\\\/01\\\/27\\\/el-comite-ejecutivo-nacional-es-el-unico-organo-facultado-para-el-cambio-de-direccion-en-morena-yeidckol-polevnsky\\\/#breadcrumb\",\"itemListElement\":[{\"@type\":\"ListItem\",\"position\":1,\"name\":\"Inicio\",\"item\":\"https:\\\/\\\/redamlo.com\\\/\"},{\"@type\":\"ListItem\",\"position\":2,\"name\":\"El Comit\u00e9 Ejecutivo Nacional es el \u00fanico \u00f3rgano facultado para el cambio de direcci\u00f3n en morena: Yeidckol Polevnsky\"}]},{\"@type\":\"WebSite\",\"@id\":\"https:\\\/\\\/redamlo.com\\\/#website\",\"url\":\"https:\\\/\\\/redamlo.com\\\/\",\"name\":\"NOTICIAS DE LA 4T\",\"description\":\"\",\"publisher\":{\"@id\":\"https:\\\/\\\/redamlo.com\\\/#organization\"},\"potentialAction\":[{\"@type\":\"SearchAction\",\"target\":{\"@type\":\"EntryPoint\",\"urlTemplate\":\"https:\\\/\\\/redamlo.com\\\/?s={search_term_string}\"},\"query-input\":{\"@type\":\"PropertyValueSpecification\",\"valueRequired\":true,\"valueName\":\"search_term_string\"}}],\"inLanguage\":\"es\"},{\"@type\":\"Organization\",\"@id\":\"https:\\\/\\\/redamlo.com\\\/#organization\",\"name\":\"NOTICIAS DE LA 4T\",\"url\":\"https:\\\/\\\/redamlo.com\\\/\",\"logo\":{\"@type\":\"ImageObject\",\"inLanguage\":\"es\",\"@id\":\"https:\\\/\\\/redamlo.com\\\/#\\\/schema\\\/logo\\\/image\\\/\",\"url\":\"https:\\\/\\\/redamlo.com\\\/wp-content\\\/uploads\\\/2024\\\/08\\\/cropped-RED-AMLO-logo-50.png\",\"contentUrl\":\"https:\\\/\\\/redamlo.com\\\/wp-content\\\/uploads\\\/2024\\\/08\\\/cropped-RED-AMLO-logo-50.png\",\"width\":256,\"height\":256,\"caption\":\"NOTICIAS DE LA 4T\"},\"image\":{\"@id\":\"https:\\\/\\\/redamlo.com\\\/#\\\/schema\\\/logo\\\/image\\\/\"}},{\"@type\":\"Person\",\"@id\":\"https:\\\/\\\/redamlo.com\\\/#\\\/schema\\\/person\\\/7223a4375eb8f1a782fcae010a7115cf\",\"name\":\"Blanca\",\"image\":{\"@type\":\"ImageObject\",\"inLanguage\":\"es\",\"@id\":\"https:\\\/\\\/secure.gravatar.com\\\/avatar\\\/3f79bc8336367a4e6093eae8757acaaf61d1124834b905616de7829b0273426d?s=96&d=mm&r=g\",\"url\":\"https:\\\/\\\/secure.gravatar.com\\\/avatar\\\/3f79bc8336367a4e6093eae8757acaaf61d1124834b905616de7829b0273426d?s=96&d=mm&r=g\",\"contentUrl\":\"https:\\\/\\\/secure.gravatar.com\\\/avatar\\\/3f79bc8336367a4e6093eae8757acaaf61d1124834b905616de7829b0273426d?s=96&d=mm&r=g\",\"caption\":\"Blanca\"},\"url\":\"https:\\\/\\\/redamlo.com\\\/index.php\\\/author\\\/blanca\\\/\"}]}<\/script>\n<!-- \/ Yoast SEO plugin. -->","yoast_head_json":{"title":"El Comit\u00e9 Ejecutivo Nacional es el \u00fanico \u00f3rgano facultado para el cambio de direcci\u00f3n en morena: Yeidckol Polevnsky - NOTICIAS DE LA 4T","robots":{"index":"noindex","follow":"follow","max-snippet":"max-snippet:-1","max-image-preview":"max-image-preview:large","max-video-preview":"max-video-preview:-1"},"og_locale":"es_MX","og_type":"article","og_title":"El Comit\u00e9 Ejecutivo Nacional es el \u00fanico \u00f3rgano facultado para el cambio de direcci\u00f3n en morena: Yeidckol Polevnsky - NOTICIAS DE LA 4T","og_description":"Seg\u00fan se puede observar en publicaciones de redes sociales, comentarios recurrentes son: \u201cEl congreso de...","og_url":"https:\/\/redamlo.com\/index.php\/2020\/01\/27\/el-comite-ejecutivo-nacional-es-el-unico-organo-facultado-para-el-cambio-de-direccion-en-morena-yeidckol-polevnsky\/","og_site_name":"NOTICIAS DE LA 4T","article_published_time":"2020-01-27T13:44:30+00:00","author":"Blanca","twitter_card":"summary_large_image","twitter_misc":{"Escrito por":"Blanca","Tiempo de lectura":"2 minutos"},"schema":{"@context":"https:\/\/schema.org","@graph":[{"@type":"Article","@id":"https:\/\/redamlo.com\/index.php\/2020\/01\/27\/el-comite-ejecutivo-nacional-es-el-unico-organo-facultado-para-el-cambio-de-direccion-en-morena-yeidckol-polevnsky\/#article","isPartOf":{"@id":"https:\/\/redamlo.com\/index.php\/2020\/01\/27\/el-comite-ejecutivo-nacional-es-el-unico-organo-facultado-para-el-cambio-de-direccion-en-morena-yeidckol-polevnsky\/"},"author":{"name":"Blanca","@id":"https:\/\/redamlo.com\/#\/schema\/person\/7223a4375eb8f1a782fcae010a7115cf"},"headline":"El Comit\u00e9 Ejecutivo Nacional es el \u00fanico \u00f3rgano facultado para el cambio de direcci\u00f3n en morena: Yeidckol Polevnsky","datePublished":"2020-01-27T13:44:30+00:00","mainEntityOfPage":{"@id":"https:\/\/redamlo.com\/index.php\/2020\/01\/27\/el-comite-ejecutivo-nacional-es-el-unico-organo-facultado-para-el-cambio-de-direccion-en-morena-yeidckol-polevnsky\/"},"wordCount":453,"commentCount":0,"publisher":{"@id":"https:\/\/redamlo.com\/#organization"},"image":{"@id":"https:\/\/redamlo.com\/index.php\/2020\/01\/27\/el-comite-ejecutivo-nacional-es-el-unico-organo-facultado-para-el-cambio-de-direccion-en-morena-yeidckol-polevnsky\/#primaryimage"},"thumbnailUrl":"","articleSection":["Pol\u00edtica"],"inLanguage":"es","potentialAction":[{"@type":"CommentAction","name":"Comment","target":["https:\/\/redamlo.com\/index.php\/2020\/01\/27\/el-comite-ejecutivo-nacional-es-el-unico-organo-facultado-para-el-cambio-de-direccion-en-morena-yeidckol-polevnsky\/#respond"]}]},{"@type":"WebPage","@id":"https:\/\/redamlo.com\/index.php\/2020\/01\/27\/el-comite-ejecutivo-nacional-es-el-unico-organo-facultado-para-el-cambio-de-direccion-en-morena-yeidckol-polevnsky\/","url":"https:\/\/redamlo.com\/index.php\/2020\/01\/27\/el-comite-ejecutivo-nacional-es-el-unico-organo-facultado-para-el-cambio-de-direccion-en-morena-yeidckol-polevnsky\/","name":"El Comit\u00e9 Ejecutivo Nacional es el \u00fanico \u00f3rgano facultado para el cambio de direcci\u00f3n en morena: Yeidckol Polevnsky - NOTICIAS DE LA 4T","isPartOf":{"@id":"https:\/\/redamlo.com\/#website"},"primaryImageOfPage":{"@id":"https:\/\/redamlo.com\/index.php\/2020\/01\/27\/el-comite-ejecutivo-nacional-es-el-unico-organo-facultado-para-el-cambio-de-direccion-en-morena-yeidckol-polevnsky\/#primaryimage"},"image":{"@id":"https:\/\/redamlo.com\/index.php\/2020\/01\/27\/el-comite-ejecutivo-nacional-es-el-unico-organo-facultado-para-el-cambio-de-direccion-en-morena-yeidckol-polevnsky\/#primaryimage"},"thumbnailUrl":"","datePublished":"2020-01-27T13:44:30+00:00","breadcrumb":{"@id":"https:\/\/redamlo.com\/index.php\/2020\/01\/27\/el-comite-ejecutivo-nacional-es-el-unico-organo-facultado-para-el-cambio-de-direccion-en-morena-yeidckol-polevnsky\/#breadcrumb"},"inLanguage":"es","potentialAction":[{"@type":"ReadAction","target":["https:\/\/redamlo.com\/index.php\/2020\/01\/27\/el-comite-ejecutivo-nacional-es-el-unico-organo-facultado-para-el-cambio-de-direccion-en-morena-yeidckol-polevnsky\/"]}]},{"@type":"ImageObject","inLanguage":"es","@id":"https:\/\/redamlo.com\/index.php\/2020\/01\/27\/el-comite-ejecutivo-nacional-es-el-unico-organo-facultado-para-el-cambio-de-direccion-en-morena-yeidckol-polevnsky\/#primaryimage","url":"","contentUrl":""},{"@type":"BreadcrumbList","@id":"https:\/\/redamlo.com\/index.php\/2020\/01\/27\/el-comite-ejecutivo-nacional-es-el-unico-organo-facultado-para-el-cambio-de-direccion-en-morena-yeidckol-polevnsky\/#breadcrumb","itemListElement":[{"@type":"ListItem","position":1,"name":"Inicio","item":"https:\/\/redamlo.com\/"},{"@type":"ListItem","position":2,"name":"El Comit\u00e9 Ejecutivo Nacional es el \u00fanico \u00f3rgano facultado para el cambio de direcci\u00f3n en morena: Yeidckol Polevnsky"}]},{"@type":"WebSite","@id":"https:\/\/redamlo.com\/#website","url":"https:\/\/redamlo.com\/","name":"NOTICIAS DE LA 4T","description":"","publisher":{"@id":"https:\/\/redamlo.com\/#organization"},"potentialAction":[{"@type":"SearchAction","target":{"@type":"EntryPoint","urlTemplate":"https:\/\/redamlo.com\/?s={search_term_string}"},"query-input":{"@type":"PropertyValueSpecification","valueRequired":true,"valueName":"search_term_string"}}],"inLanguage":"es"},{"@type":"Organization","@id":"https:\/\/redamlo.com\/#organization","name":"NOTICIAS DE LA 4T","url":"https:\/\/redamlo.com\/","logo":{"@type":"ImageObject","inLanguage":"es","@id":"https:\/\/redamlo.com\/#\/schema\/logo\/image\/","url":"https:\/\/redamlo.com\/wp-content\/uploads\/2024\/08\/cropped-RED-AMLO-logo-50.png","contentUrl":"https:\/\/redamlo.com\/wp-content\/uploads\/2024\/08\/cropped-RED-AMLO-logo-50.png","width":256,"height":256,"caption":"NOTICIAS DE LA 4T"},"image":{"@id":"https:\/\/redamlo.com\/#\/schema\/logo\/image\/"}},{"@type":"Person","@id":"https:\/\/redamlo.com\/#\/schema\/person\/7223a4375eb8f1a782fcae010a7115cf","name":"Blanca","image":{"@type":"ImageObject","inLanguage":"es","@id":"https:\/\/secure.gravatar.com\/avatar\/3f79bc8336367a4e6093eae8757acaaf61d1124834b905616de7829b0273426d?s=96&d=mm&r=g","url":"https:\/\/secure.gravatar.com\/avatar\/3f79bc8336367a4e6093eae8757acaaf61d1124834b905616de7829b0273426d?s=96&d=mm&r=g","contentUrl":"https:\/\/secure.gravatar.com\/avatar\/3f79bc8336367a4e6093eae8757acaaf61d1124834b905616de7829b0273426d?s=96&d=mm&r=g","caption":"Blanca"},"url":"https:\/\/redamlo.com\/index.php\/author\/blanca\/"}]}},"_links":{"self":[{"href":"https:\/\/redamlo.com\/index.php\/wp-json\/wp\/v2\/posts\/755","targetHints":{"allow":["GET"]}}],"collection":[{"href":"https:\/\/redamlo.com\/index.php\/wp-json\/wp\/v2\/posts"}],"about":[{"href":"https:\/\/redamlo.com\/index.php\/wp-json\/wp\/v2\/types\/post"}],"author":[{"embeddable":true,"href":"https:\/\/redamlo.com\/index.php\/wp-json\/wp\/v2\/users\/2"}],"replies":[{"embeddable":true,"href":"https:\/\/redamlo.com\/index.php\/wp-json\/wp\/v2\/comments?post=755"}],"version-history":[{"count":0,"href":"https:\/\/redamlo.com\/index.php\/wp-json\/wp\/v2\/posts\/755\/revisions"}],"wp:featuredmedia":[{"embeddable":true,"href":"https:\/\/redamlo.com\/index.php\/wp-json\/"}],"wp:attachment":[{"href":"https:\/\/redamlo.com\/index.php\/wp-json\/wp\/v2\/media?parent=755"}],"wp:term":[{"taxonomy":"category","embeddable":true,"href":"https:\/\/redamlo.com\/index.php\/wp-json\/wp\/v2\/categories?post=755"},{"taxonomy":"post_tag","embeddable":true,"href":"https:\/\/redamlo.com\/index.php\/wp-json\/wp\/v2\/tags?post=755"}],"curies":[{"name":"wp","href":"https:\/\/api.w.org\/{rel}","templated":true}]}}