{"id":7410,"date":"2024-02-26T20:10:09","date_gmt":"2024-02-27T02:10:09","guid":{"rendered":"https:\/\/redamlo.com\/?p=7410"},"modified":"2024-02-26T20:10:09","modified_gmt":"2024-02-27T02:10:09","slug":"celia-maya-consejera-del-cjf-coincide-con-los-principios-de-la-reforma-al-poder-judicial-presentada-por-el-presidente-lopez-obrador","status":"publish","type":"post","link":"https:\/\/redamlo.com\/index.php\/2024\/02\/26\/celia-maya-consejera-del-cjf-coincide-con-los-principios-de-la-reforma-al-poder-judicial-presentada-por-el-presidente-lopez-obrador\/","title":{"rendered":"Celia Maya, consejera del CJF, coincide con los principios de la reforma al Poder Judicial presentada por el presidente L\u00f3pez Obrador"},"content":{"rendered":"<p>Durante una reuni\u00f3n realizada en las instalaciones del Tribunal Electoral del Poder Judicial de la Federaci\u00f3n, se abord\u00f3 el tema de la iniciativa de reforma al Poder Judicial que present\u00f3 el presidente Andr\u00e9s Manuel L\u00f3pez Obrador el 5 de febrero del presente a\u00f1o, en el que la consejera de la Judicatura Federal, la doctora Celia Maya Garc\u00eda, argument\u00f3 que se trata de una reforma positiva, realista, de fondo y con car\u00e1cter democr\u00e1tico, cuyo prop\u00f3sito es una construcci\u00f3n plural, por lo cual, dijo, se requiere escuchar los planteamientos de distintas corrientes pol\u00edticas.<\/p>\n<p><img loading=\"lazy\" decoding=\"async\" class=\"aligncenter wp-image-7413 size-large\" src=\"https:\/\/redamlo.com\/wp-content\/uploads\/2024\/02\/celia-maya-2-1024x461.jpg\" alt=\"\" width=\"640\" height=\"288\" srcset=\"https:\/\/redamlo.com\/wp-content\/uploads\/2024\/02\/celia-maya-2-1024x461.jpg 1024w, https:\/\/redamlo.com\/wp-content\/uploads\/2024\/02\/celia-maya-2-300x135.jpg 300w, https:\/\/redamlo.com\/wp-content\/uploads\/2024\/02\/celia-maya-2-768x346.jpg 768w, https:\/\/redamlo.com\/wp-content\/uploads\/2024\/02\/celia-maya-2-1536x691.jpg 1536w, https:\/\/redamlo.com\/wp-content\/uploads\/2024\/02\/celia-maya-2.jpg 1600w\" sizes=\"auto, (max-width: 640px) 100vw, 640px\" \/><\/p>\n<p>Dijo coincidir plenamente con los prop\u00f3sitos de la reforma que present\u00f3 el presidente, postura que ha defendido en comparecencias en el Senado de la Rep\u00fablica, as\u00ed como en foros p\u00fablicos, incluso antes de quese presentara de manera formal dicha iniciativa por parte del titular del Ejecutivo federal.<\/p>\n<p>Durante el evento, que se realiz\u00f3 en coordinaci\u00f3n entre la Escuela Judicial Electoral y la editorial Tirant Lo Blanch, la doctora Celia Maya Garc\u00eda critic\u00f3 el rezago que existe en la tramitaci\u00f3n de expedientes judiciales y la administraci\u00f3n interna del Poder Judicial, as\u00ed como la lentitud de los procedimientos judiciales, que contrasta con el principio constitucional de la expeditez en la impartici\u00f3n de justicia.<\/p>\n<p>El evento, en el que tambi\u00e9n particip\u00f3 la doctora Gabriela Ruvalcaba Garc\u00eda, directora de la Escuela Judicial Electoral del Poder Judicial de la Federaci\u00f3n, as\u00ed como la doctora Mar\u00eda Goerlich Le\u00f3n, directora de Tirant Lo Blanch M\u00e9xico y el doctor Luis Octavio Vado Grajales, Celia Maya Garc\u00eda hizo una cr\u00edtica al esp\u00edritu de cuerpo que prevalece en el Poder Judicial y en el Consejo de la Judicatura Federal, lo cual hace ineficaces los esfuerzos de quienes arriban a \u00e9l con una visi\u00f3n institucional de transformaci\u00f3n.<\/p>\n<p>&nbsp;<\/p>\n<p>Asegur\u00f3 que los \u00f3rganos judiciales se mantienen inmunes a los problemas de la realidad e insensibles ante las demandas sociales en materia de justicia, lo cual deriv\u00f3 en una p\u00e9sima imagen y una percepci\u00f3n social negativa hacia dichos \u00f3rganos y agencias de la Judicatura Federal.<\/p>\n<p>La doctora Celia Maya se integr\u00f3 al Consejo de la Judicatura Federal luego de un proceso de democracia indirecta, en el que particip\u00f3 como experta en conocimiento del Sistema Jur\u00eddico de la Naci\u00f3n. Posteriormente se abri\u00f3 un periodo para elegir una terna y ser votada en el pleno del Senado de la Rep\u00fablica, donde obtuvo 70 votos a favor, que incluyeron apoyos de senadores de oposici\u00f3n, entre los que se contabilizan los del estado de Quer\u00e9taro, pertenecientes al grupo parlamentario del PAN.<\/p>\n<p><img loading=\"lazy\" decoding=\"async\" class=\"aligncenter wp-image-7415 size-large\" src=\"https:\/\/redamlo.com\/wp-content\/uploads\/2024\/02\/celia-maya-3-1024x461.jpg\" alt=\"\" width=\"640\" height=\"288\" srcset=\"https:\/\/redamlo.com\/wp-content\/uploads\/2024\/02\/celia-maya-3-1024x461.jpg 1024w, https:\/\/redamlo.com\/wp-content\/uploads\/2024\/02\/celia-maya-3-300x135.jpg 300w, https:\/\/redamlo.com\/wp-content\/uploads\/2024\/02\/celia-maya-3-768x346.jpg 768w, https:\/\/redamlo.com\/wp-content\/uploads\/2024\/02\/celia-maya-3-1536x691.jpg 1536w, https:\/\/redamlo.com\/wp-content\/uploads\/2024\/02\/celia-maya-3.jpg 1600w\" sizes=\"auto, (max-width: 640px) 100vw, 640px\" \/><\/p>\n","protected":false},"excerpt":{"rendered":"<p>Durante una reuni\u00f3n realizada en las instalaciones del Tribunal Electoral del Poder Judicial de la&#8230;<\/p>\n","protected":false},"author":1,"featured_media":7411,"comment_status":"open","ping_status":"closed","sticky":false,"template":"","format":"standard","meta":{"footnotes":""},"categories":[5],"tags":[84,2644,2645,2646],"class_list":["post-7410","post","type-post","status-publish","format-standard","has-post-thumbnail","hentry","category-politica","tag-amlo","tag-celia-maya","tag-cjf","tag-reforma-poder-judicial"],"yoast_head":"<!-- This site is optimized with the Yoast SEO plugin v27.5 - https:\/\/yoast.com\/product\/yoast-seo-wordpress\/ -->\n<title>Celia Maya, consejera del CJF, coincide con los principios de la reforma al Poder Judicial presentada por el presidente L\u00f3pez Obrador - NOTICIAS DE LA 4T<\/title>\n<meta name=\"robots\" content=\"noindex, follow, max-snippet:-1, max-image-preview:large, max-video-preview:-1\" \/>\n<meta property=\"og:locale\" content=\"es_MX\" \/>\n<meta property=\"og:type\" content=\"article\" \/>\n<meta property=\"og:title\" content=\"Celia Maya, consejera del CJF, coincide con los principios de la reforma al Poder Judicial presentada por el presidente L\u00f3pez Obrador - NOTICIAS DE LA 4T\" \/>\n<meta property=\"og:description\" content=\"Durante una reuni\u00f3n realizada en las instalaciones del Tribunal Electoral del Poder Judicial de la...\" \/>\n<meta property=\"og:url\" content=\"https:\/\/redamlo.com\/index.php\/2024\/02\/26\/celia-maya-consejera-del-cjf-coincide-con-los-principios-de-la-reforma-al-poder-judicial-presentada-por-el-presidente-lopez-obrador\/\" \/>\n<meta property=\"og:site_name\" content=\"NOTICIAS DE LA 4T\" \/>\n<meta property=\"article:published_time\" content=\"2024-02-27T02:10:09+00:00\" \/>\n<meta property=\"og:image\" content=\"https:\/\/redamlo.com\/wp-content\/uploads\/2024\/02\/celia-maya-1.jpg\" \/>\n\t<meta property=\"og:image:width\" content=\"1600\" \/>\n\t<meta property=\"og:image:height\" content=\"720\" \/>\n\t<meta property=\"og:image:type\" content=\"image\/jpeg\" \/>\n<meta name=\"author\" content=\"admin\" \/>\n<meta name=\"twitter:card\" content=\"summary_large_image\" \/>\n<meta name=\"twitter:label1\" content=\"Escrito por\" \/>\n\t<meta name=\"twitter:data1\" content=\"admin\" \/>\n\t<meta name=\"twitter:label2\" content=\"Tiempo de lectura\" \/>\n\t<meta name=\"twitter:data2\" content=\"3 minutos\" \/>\n<script type=\"application\/ld+json\" class=\"yoast-schema-graph\">{\"@context\":\"https:\\\/\\\/schema.org\",\"@graph\":[{\"@type\":\"Article\",\"@id\":\"https:\\\/\\\/redamlo.com\\\/index.php\\\/2024\\\/02\\\/26\\\/celia-maya-consejera-del-cjf-coincide-con-los-principios-de-la-reforma-al-poder-judicial-presentada-por-el-presidente-lopez-obrador\\\/#article\",\"isPartOf\":{\"@id\":\"https:\\\/\\\/redamlo.com\\\/index.php\\\/2024\\\/02\\\/26\\\/celia-maya-consejera-del-cjf-coincide-con-los-principios-de-la-reforma-al-poder-judicial-presentada-por-el-presidente-lopez-obrador\\\/\"},\"author\":{\"name\":\"admin\",\"@id\":\"https:\\\/\\\/redamlo.com\\\/#\\\/schema\\\/person\\\/197a0a670d21b1f4f1483ddda1b64613\"},\"headline\":\"Celia Maya, consejera del CJF, coincide con los principios de la reforma al Poder Judicial presentada por el presidente L\u00f3pez Obrador\",\"datePublished\":\"2024-02-27T02:10:09+00:00\",\"mainEntityOfPage\":{\"@id\":\"https:\\\/\\\/redamlo.com\\\/index.php\\\/2024\\\/02\\\/26\\\/celia-maya-consejera-del-cjf-coincide-con-los-principios-de-la-reforma-al-poder-judicial-presentada-por-el-presidente-lopez-obrador\\\/\"},\"wordCount\":472,\"commentCount\":0,\"publisher\":{\"@id\":\"https:\\\/\\\/redamlo.com\\\/#organization\"},\"image\":{\"@id\":\"https:\\\/\\\/redamlo.com\\\/index.php\\\/2024\\\/02\\\/26\\\/celia-maya-consejera-del-cjf-coincide-con-los-principios-de-la-reforma-al-poder-judicial-presentada-por-el-presidente-lopez-obrador\\\/#primaryimage\"},\"thumbnailUrl\":\"https:\\\/\\\/redamlo.com\\\/wp-content\\\/uploads\\\/2024\\\/02\\\/celia-maya-1.jpg\",\"keywords\":[\"AMLO\",\"Celia Maya\",\"cjf\",\"reforma poder judicial\"],\"articleSection\":[\"Pol\u00edtica\"],\"inLanguage\":\"es\",\"potentialAction\":[{\"@type\":\"CommentAction\",\"name\":\"Comment\",\"target\":[\"https:\\\/\\\/redamlo.com\\\/index.php\\\/2024\\\/02\\\/26\\\/celia-maya-consejera-del-cjf-coincide-con-los-principios-de-la-reforma-al-poder-judicial-presentada-por-el-presidente-lopez-obrador\\\/#respond\"]}]},{\"@type\":\"WebPage\",\"@id\":\"https:\\\/\\\/redamlo.com\\\/index.php\\\/2024\\\/02\\\/26\\\/celia-maya-consejera-del-cjf-coincide-con-los-principios-de-la-reforma-al-poder-judicial-presentada-por-el-presidente-lopez-obrador\\\/\",\"url\":\"https:\\\/\\\/redamlo.com\\\/index.php\\\/2024\\\/02\\\/26\\\/celia-maya-consejera-del-cjf-coincide-con-los-principios-de-la-reforma-al-poder-judicial-presentada-por-el-presidente-lopez-obrador\\\/\",\"name\":\"Celia Maya, consejera del CJF, coincide con los principios de la reforma al Poder Judicial presentada por el presidente L\u00f3pez Obrador - NOTICIAS DE LA 4T\",\"isPartOf\":{\"@id\":\"https:\\\/\\\/redamlo.com\\\/#website\"},\"primaryImageOfPage\":{\"@id\":\"https:\\\/\\\/redamlo.com\\\/index.php\\\/2024\\\/02\\\/26\\\/celia-maya-consejera-del-cjf-coincide-con-los-principios-de-la-reforma-al-poder-judicial-presentada-por-el-presidente-lopez-obrador\\\/#primaryimage\"},\"image\":{\"@id\":\"https:\\\/\\\/redamlo.com\\\/index.php\\\/2024\\\/02\\\/26\\\/celia-maya-consejera-del-cjf-coincide-con-los-principios-de-la-reforma-al-poder-judicial-presentada-por-el-presidente-lopez-obrador\\\/#primaryimage\"},\"thumbnailUrl\":\"https:\\\/\\\/redamlo.com\\\/wp-content\\\/uploads\\\/2024\\\/02\\\/celia-maya-1.jpg\",\"datePublished\":\"2024-02-27T02:10:09+00:00\",\"breadcrumb\":{\"@id\":\"https:\\\/\\\/redamlo.com\\\/index.php\\\/2024\\\/02\\\/26\\\/celia-maya-consejera-del-cjf-coincide-con-los-principios-de-la-reforma-al-poder-judicial-presentada-por-el-presidente-lopez-obrador\\\/#breadcrumb\"},\"inLanguage\":\"es\",\"potentialAction\":[{\"@type\":\"ReadAction\",\"target\":[\"https:\\\/\\\/redamlo.com\\\/index.php\\\/2024\\\/02\\\/26\\\/celia-maya-consejera-del-cjf-coincide-con-los-principios-de-la-reforma-al-poder-judicial-presentada-por-el-presidente-lopez-obrador\\\/\"]}]},{\"@type\":\"ImageObject\",\"inLanguage\":\"es\",\"@id\":\"https:\\\/\\\/redamlo.com\\\/index.php\\\/2024\\\/02\\\/26\\\/celia-maya-consejera-del-cjf-coincide-con-los-principios-de-la-reforma-al-poder-judicial-presentada-por-el-presidente-lopez-obrador\\\/#primaryimage\",\"url\":\"https:\\\/\\\/redamlo.com\\\/wp-content\\\/uploads\\\/2024\\\/02\\\/celia-maya-1.jpg\",\"contentUrl\":\"https:\\\/\\\/redamlo.com\\\/wp-content\\\/uploads\\\/2024\\\/02\\\/celia-maya-1.jpg\",\"width\":1600,\"height\":720},{\"@type\":\"BreadcrumbList\",\"@id\":\"https:\\\/\\\/redamlo.com\\\/index.php\\\/2024\\\/02\\\/26\\\/celia-maya-consejera-del-cjf-coincide-con-los-principios-de-la-reforma-al-poder-judicial-presentada-por-el-presidente-lopez-obrador\\\/#breadcrumb\",\"itemListElement\":[{\"@type\":\"ListItem\",\"position\":1,\"name\":\"Inicio\",\"item\":\"https:\\\/\\\/redamlo.com\\\/\"},{\"@type\":\"ListItem\",\"position\":2,\"name\":\"Celia Maya, consejera del CJF, coincide con los principios de la reforma al Poder Judicial presentada por el presidente L\u00f3pez Obrador\"}]},{\"@type\":\"WebSite\",\"@id\":\"https:\\\/\\\/redamlo.com\\\/#website\",\"url\":\"https:\\\/\\\/redamlo.com\\\/\",\"name\":\"NOTICIAS DE LA 4T\",\"description\":\"\",\"publisher\":{\"@id\":\"https:\\\/\\\/redamlo.com\\\/#organization\"},\"potentialAction\":[{\"@type\":\"SearchAction\",\"target\":{\"@type\":\"EntryPoint\",\"urlTemplate\":\"https:\\\/\\\/redamlo.com\\\/?s={search_term_string}\"},\"query-input\":{\"@type\":\"PropertyValueSpecification\",\"valueRequired\":true,\"valueName\":\"search_term_string\"}}],\"inLanguage\":\"es\"},{\"@type\":\"Organization\",\"@id\":\"https:\\\/\\\/redamlo.com\\\/#organization\",\"name\":\"NOTICIAS DE LA 4T\",\"url\":\"https:\\\/\\\/redamlo.com\\\/\",\"logo\":{\"@type\":\"ImageObject\",\"inLanguage\":\"es\",\"@id\":\"https:\\\/\\\/redamlo.com\\\/#\\\/schema\\\/logo\\\/image\\\/\",\"url\":\"https:\\\/\\\/redamlo.com\\\/wp-content\\\/uploads\\\/2024\\\/08\\\/cropped-RED-AMLO-logo-50.png\",\"contentUrl\":\"https:\\\/\\\/redamlo.com\\\/wp-content\\\/uploads\\\/2024\\\/08\\\/cropped-RED-AMLO-logo-50.png\",\"width\":256,\"height\":256,\"caption\":\"NOTICIAS DE LA 4T\"},\"image\":{\"@id\":\"https:\\\/\\\/redamlo.com\\\/#\\\/schema\\\/logo\\\/image\\\/\"}},{\"@type\":\"Person\",\"@id\":\"https:\\\/\\\/redamlo.com\\\/#\\\/schema\\\/person\\\/197a0a670d21b1f4f1483ddda1b64613\",\"name\":\"admin\",\"image\":{\"@type\":\"ImageObject\",\"inLanguage\":\"es\",\"@id\":\"https:\\\/\\\/secure.gravatar.com\\\/avatar\\\/293dccd927043f2e641da6685c2f84009782eb9ee0054daceada4e261ded849a?s=96&d=mm&r=g\",\"url\":\"https:\\\/\\\/secure.gravatar.com\\\/avatar\\\/293dccd927043f2e641da6685c2f84009782eb9ee0054daceada4e261ded849a?s=96&d=mm&r=g\",\"contentUrl\":\"https:\\\/\\\/secure.gravatar.com\\\/avatar\\\/293dccd927043f2e641da6685c2f84009782eb9ee0054daceada4e261ded849a?s=96&d=mm&r=g\",\"caption\":\"admin\"},\"sameAs\":[\"https:\\\/\\\/redamlo.com\"],\"url\":\"https:\\\/\\\/redamlo.com\\\/index.php\\\/author\\\/stell\\\/\"}]}<\/script>\n<!-- \/ Yoast SEO plugin. -->","yoast_head_json":{"title":"Celia Maya, consejera del CJF, coincide con los principios de la reforma al Poder Judicial presentada por el presidente L\u00f3pez Obrador - NOTICIAS DE LA 4T","robots":{"index":"noindex","follow":"follow","max-snippet":"max-snippet:-1","max-image-preview":"max-image-preview:large","max-video-preview":"max-video-preview:-1"},"og_locale":"es_MX","og_type":"article","og_title":"Celia Maya, consejera del CJF, coincide con los principios de la reforma al Poder Judicial presentada por el presidente L\u00f3pez Obrador - NOTICIAS DE LA 4T","og_description":"Durante una reuni\u00f3n realizada en las instalaciones del Tribunal Electoral del Poder Judicial de la...","og_url":"https:\/\/redamlo.com\/index.php\/2024\/02\/26\/celia-maya-consejera-del-cjf-coincide-con-los-principios-de-la-reforma-al-poder-judicial-presentada-por-el-presidente-lopez-obrador\/","og_site_name":"NOTICIAS DE LA 4T","article_published_time":"2024-02-27T02:10:09+00:00","og_image":[{"width":1600,"height":720,"url":"https:\/\/redamlo.com\/wp-content\/uploads\/2024\/02\/celia-maya-1.jpg","type":"image\/jpeg"}],"author":"admin","twitter_card":"summary_large_image","twitter_misc":{"Escrito por":"admin","Tiempo de lectura":"3 minutos"},"schema":{"@context":"https:\/\/schema.org","@graph":[{"@type":"Article","@id":"https:\/\/redamlo.com\/index.php\/2024\/02\/26\/celia-maya-consejera-del-cjf-coincide-con-los-principios-de-la-reforma-al-poder-judicial-presentada-por-el-presidente-lopez-obrador\/#article","isPartOf":{"@id":"https:\/\/redamlo.com\/index.php\/2024\/02\/26\/celia-maya-consejera-del-cjf-coincide-con-los-principios-de-la-reforma-al-poder-judicial-presentada-por-el-presidente-lopez-obrador\/"},"author":{"name":"admin","@id":"https:\/\/redamlo.com\/#\/schema\/person\/197a0a670d21b1f4f1483ddda1b64613"},"headline":"Celia Maya, consejera del CJF, coincide con los principios de la reforma al Poder Judicial presentada por el presidente L\u00f3pez Obrador","datePublished":"2024-02-27T02:10:09+00:00","mainEntityOfPage":{"@id":"https:\/\/redamlo.com\/index.php\/2024\/02\/26\/celia-maya-consejera-del-cjf-coincide-con-los-principios-de-la-reforma-al-poder-judicial-presentada-por-el-presidente-lopez-obrador\/"},"wordCount":472,"commentCount":0,"publisher":{"@id":"https:\/\/redamlo.com\/#organization"},"image":{"@id":"https:\/\/redamlo.com\/index.php\/2024\/02\/26\/celia-maya-consejera-del-cjf-coincide-con-los-principios-de-la-reforma-al-poder-judicial-presentada-por-el-presidente-lopez-obrador\/#primaryimage"},"thumbnailUrl":"https:\/\/redamlo.com\/wp-content\/uploads\/2024\/02\/celia-maya-1.jpg","keywords":["AMLO","Celia Maya","cjf","reforma poder judicial"],"articleSection":["Pol\u00edtica"],"inLanguage":"es","potentialAction":[{"@type":"CommentAction","name":"Comment","target":["https:\/\/redamlo.com\/index.php\/2024\/02\/26\/celia-maya-consejera-del-cjf-coincide-con-los-principios-de-la-reforma-al-poder-judicial-presentada-por-el-presidente-lopez-obrador\/#respond"]}]},{"@type":"WebPage","@id":"https:\/\/redamlo.com\/index.php\/2024\/02\/26\/celia-maya-consejera-del-cjf-coincide-con-los-principios-de-la-reforma-al-poder-judicial-presentada-por-el-presidente-lopez-obrador\/","url":"https:\/\/redamlo.com\/index.php\/2024\/02\/26\/celia-maya-consejera-del-cjf-coincide-con-los-principios-de-la-reforma-al-poder-judicial-presentada-por-el-presidente-lopez-obrador\/","name":"Celia Maya, consejera del CJF, coincide con los principios de la reforma al Poder Judicial presentada por el presidente L\u00f3pez Obrador - NOTICIAS DE LA 4T","isPartOf":{"@id":"https:\/\/redamlo.com\/#website"},"primaryImageOfPage":{"@id":"https:\/\/redamlo.com\/index.php\/2024\/02\/26\/celia-maya-consejera-del-cjf-coincide-con-los-principios-de-la-reforma-al-poder-judicial-presentada-por-el-presidente-lopez-obrador\/#primaryimage"},"image":{"@id":"https:\/\/redamlo.com\/index.php\/2024\/02\/26\/celia-maya-consejera-del-cjf-coincide-con-los-principios-de-la-reforma-al-poder-judicial-presentada-por-el-presidente-lopez-obrador\/#primaryimage"},"thumbnailUrl":"https:\/\/redamlo.com\/wp-content\/uploads\/2024\/02\/celia-maya-1.jpg","datePublished":"2024-02-27T02:10:09+00:00","breadcrumb":{"@id":"https:\/\/redamlo.com\/index.php\/2024\/02\/26\/celia-maya-consejera-del-cjf-coincide-con-los-principios-de-la-reforma-al-poder-judicial-presentada-por-el-presidente-lopez-obrador\/#breadcrumb"},"inLanguage":"es","potentialAction":[{"@type":"ReadAction","target":["https:\/\/redamlo.com\/index.php\/2024\/02\/26\/celia-maya-consejera-del-cjf-coincide-con-los-principios-de-la-reforma-al-poder-judicial-presentada-por-el-presidente-lopez-obrador\/"]}]},{"@type":"ImageObject","inLanguage":"es","@id":"https:\/\/redamlo.com\/index.php\/2024\/02\/26\/celia-maya-consejera-del-cjf-coincide-con-los-principios-de-la-reforma-al-poder-judicial-presentada-por-el-presidente-lopez-obrador\/#primaryimage","url":"https:\/\/redamlo.com\/wp-content\/uploads\/2024\/02\/celia-maya-1.jpg","contentUrl":"https:\/\/redamlo.com\/wp-content\/uploads\/2024\/02\/celia-maya-1.jpg","width":1600,"height":720},{"@type":"BreadcrumbList","@id":"https:\/\/redamlo.com\/index.php\/2024\/02\/26\/celia-maya-consejera-del-cjf-coincide-con-los-principios-de-la-reforma-al-poder-judicial-presentada-por-el-presidente-lopez-obrador\/#breadcrumb","itemListElement":[{"@type":"ListItem","position":1,"name":"Inicio","item":"https:\/\/redamlo.com\/"},{"@type":"ListItem","position":2,"name":"Celia Maya, consejera del CJF, coincide con los principios de la reforma al Poder Judicial presentada por el presidente L\u00f3pez Obrador"}]},{"@type":"WebSite","@id":"https:\/\/redamlo.com\/#website","url":"https:\/\/redamlo.com\/","name":"NOTICIAS DE LA 4T","description":"","publisher":{"@id":"https:\/\/redamlo.com\/#organization"},"potentialAction":[{"@type":"SearchAction","target":{"@type":"EntryPoint","urlTemplate":"https:\/\/redamlo.com\/?s={search_term_string}"},"query-input":{"@type":"PropertyValueSpecification","valueRequired":true,"valueName":"search_term_string"}}],"inLanguage":"es"},{"@type":"Organization","@id":"https:\/\/redamlo.com\/#organization","name":"NOTICIAS DE LA 4T","url":"https:\/\/redamlo.com\/","logo":{"@type":"ImageObject","inLanguage":"es","@id":"https:\/\/redamlo.com\/#\/schema\/logo\/image\/","url":"https:\/\/redamlo.com\/wp-content\/uploads\/2024\/08\/cropped-RED-AMLO-logo-50.png","contentUrl":"https:\/\/redamlo.com\/wp-content\/uploads\/2024\/08\/cropped-RED-AMLO-logo-50.png","width":256,"height":256,"caption":"NOTICIAS DE LA 4T"},"image":{"@id":"https:\/\/redamlo.com\/#\/schema\/logo\/image\/"}},{"@type":"Person","@id":"https:\/\/redamlo.com\/#\/schema\/person\/197a0a670d21b1f4f1483ddda1b64613","name":"admin","image":{"@type":"ImageObject","inLanguage":"es","@id":"https:\/\/secure.gravatar.com\/avatar\/293dccd927043f2e641da6685c2f84009782eb9ee0054daceada4e261ded849a?s=96&d=mm&r=g","url":"https:\/\/secure.gravatar.com\/avatar\/293dccd927043f2e641da6685c2f84009782eb9ee0054daceada4e261ded849a?s=96&d=mm&r=g","contentUrl":"https:\/\/secure.gravatar.com\/avatar\/293dccd927043f2e641da6685c2f84009782eb9ee0054daceada4e261ded849a?s=96&d=mm&r=g","caption":"admin"},"sameAs":["https:\/\/redamlo.com"],"url":"https:\/\/redamlo.com\/index.php\/author\/stell\/"}]}},"_links":{"self":[{"href":"https:\/\/redamlo.com\/index.php\/wp-json\/wp\/v2\/posts\/7410","targetHints":{"allow":["GET"]}}],"collection":[{"href":"https:\/\/redamlo.com\/index.php\/wp-json\/wp\/v2\/posts"}],"about":[{"href":"https:\/\/redamlo.com\/index.php\/wp-json\/wp\/v2\/types\/post"}],"author":[{"embeddable":true,"href":"https:\/\/redamlo.com\/index.php\/wp-json\/wp\/v2\/users\/1"}],"replies":[{"embeddable":true,"href":"https:\/\/redamlo.com\/index.php\/wp-json\/wp\/v2\/comments?post=7410"}],"version-history":[{"count":0,"href":"https:\/\/redamlo.com\/index.php\/wp-json\/wp\/v2\/posts\/7410\/revisions"}],"wp:featuredmedia":[{"embeddable":true,"href":"https:\/\/redamlo.com\/index.php\/wp-json\/wp\/v2\/media\/7411"}],"wp:attachment":[{"href":"https:\/\/redamlo.com\/index.php\/wp-json\/wp\/v2\/media?parent=7410"}],"wp:term":[{"taxonomy":"category","embeddable":true,"href":"https:\/\/redamlo.com\/index.php\/wp-json\/wp\/v2\/categories?post=7410"},{"taxonomy":"post_tag","embeddable":true,"href":"https:\/\/redamlo.com\/index.php\/wp-json\/wp\/v2\/tags?post=7410"}],"curies":[{"name":"wp","href":"https:\/\/api.w.org\/{rel}","templated":true}]}}