{"id":7407,"date":"2024-02-26T19:59:03","date_gmt":"2024-02-27T01:59:03","guid":{"rendered":"https:\/\/redamlo.com\/?p=7407"},"modified":"2024-02-26T19:59:03","modified_gmt":"2024-02-27T01:59:03","slug":"soberania-y-electricidad-para-todos-a-menor-costo-objetivos-de-reforma-de-la-4t-en-materia-energetica","status":"publish","type":"post","link":"https:\/\/redamlo.com\/index.php\/2024\/02\/26\/soberania-y-electricidad-para-todos-a-menor-costo-objetivos-de-reforma-de-la-4t-en-materia-energetica\/","title":{"rendered":"Soberan\u00eda y electricidad para todos a menor costo, objetivos de reforma de la 4T en materia energ\u00e9tica"},"content":{"rendered":"<p>\u201cNosotros hicimos un compromiso que estamos cumpliendo, el compromiso de no aumentar en t\u00e9rminos reales el precio de la luz; como hicimos el compromiso de no aumentar en t\u00e9rminos reales el precio de las gasolinas, del di\u00e9sel; hicimos el compromiso de no aumentar los impuestos; hicimos el compromiso de no endeudar al pa\u00eds y todo se est\u00e1 cumpliendo, pero hacia adelante, como sigue el af\u00e1n privatizador, siguen queriendo que el gobierno sea un comit\u00e9 al servicio de una minor\u00eda, no al servicio de todo el pueblo de M\u00e9xico, pues hay que reformar la<strong>\u00a0Constituci\u00f3n<\/strong>\u00a0para fortalecer las empresas p\u00fablicas tanto la\u00a0<strong>Comisi\u00f3n Federal de Electricidad<\/strong>\u00a0como\u00a0<strong>Pemex<\/strong>\u00a0y no permitir que regrese la pol\u00edtica neoliberal\u201d, afirm\u00f3 el presidente Andr\u00e9s Manuel L\u00f3pez Obrador.<\/p>\n<p>&nbsp;<\/p>\n<p>En conferencia de prensa matutina correspondi\u00f3 al director general de la Comisi\u00f3n Federal de Electricidad (CFE), Manuel Bartlett D\u00edaz, exponer sobre el contenido de la reforma propuesta por el Poder Ejecutivo a los art\u00edculos 25, 27 y 28 constitucionales que tienen el objetivo de priorizar la soberan\u00eda nacional y reforzar a la empresa p\u00fablica para que no aumenten los precios de la energ\u00eda el\u00e9ctrica.<\/p>\n<p><iframe loading=\"lazy\" title=\"Reforma energ\u00e9tica de la 4T procura precios bajos de electricidad. Conferencia presidente AMLO\" width=\"640\" height=\"360\" src=\"https:\/\/www.youtube.com\/embed\/zh39R0OWeIY?feature=oembed\" frameborder=\"0\" allow=\"accelerometer; autoplay; clipboard-write; encrypted-media; gyroscope; picture-in-picture; web-share\" referrerpolicy=\"strict-origin-when-cross-origin\" allowfullscreen><\/iframe><\/p>\n<blockquote><p>\u201cLa visi\u00f3n de que la electricidad no es una mercanc\u00eda, sino un derecho humano, por depender de ello el desarrollo de la vida y la econom\u00eda del pa\u00eds, debe estar incluido como principio b\u00e1sico en el texto de la Constituci\u00f3n Pol\u00edtica\u201d, enfatiz\u00f3 el funcionario, al tiempo que detall\u00f3 en qu\u00e9 consisten las modificaciones a los art\u00edculos 25, 27 y 28 constitucionales:<\/p><\/blockquote>\n<h2>Art\u00edculo 28, cuarto p\u00e1rrafo<\/h2>\n<p>Se modifica para preservar la seguridad y autosuficiencia energ\u00e9tica de la naci\u00f3n mediante la empresa p\u00fablica del Estado y proveer al pueblo de electricidad al menor precio posible, evitando el lucro. El a\u00f1adido aclara que el responsable del sistema el\u00e9ctrico nacional y de su control es el Estado mexicano, adicionando a sus funciones la atenci\u00f3n a toda la poblaci\u00f3n.<\/p>\n<p>El principio de planeaci\u00f3n y control bajo la responsabilidad estatal, as\u00ed como los objetivos espec\u00edficos, deber\u00e1 reflejarse en la legislaci\u00f3n secundaria.<\/p>\n<p>Se plantea, adem\u00e1s, que es estrat\u00e9gico el servicio p\u00fablico de internet que presta la empresa del Estado mexicano al evitar que las personas, por razones econ\u00f3micas, carezcan de este instrumento fundamental para la educaci\u00f3n, la cultura, la econom\u00eda y la informaci\u00f3n.<\/p>\n<p>Actualmente la ley estipula que la planeaci\u00f3n y el control del sistema el\u00e9ctrico nacional no constituyen monopolios, sino actividades que el Estado debe ejercer de manera exclusiva como \u00e1rea estrat\u00e9gica. Sin embargo, al no tener objetivos claros, el sistema el\u00e9ctrico se desarrolla en ausencia de la atribuci\u00f3n del control del Estado. En ese vac\u00edo las leyes secundarias son las que regulan el sistema.<\/p>\n<p>El actual sistema el\u00e9ctrico nacional fue construido a partir de permisos ajenos a cualquier planeaci\u00f3n concedidos sin tomar en consecuencia las necesidades de las diversas regiones del pa\u00eds, por lo que se concentraron en las zonas de mayor capacidad econ\u00f3mica y abandonaron a las de menos recursos.<\/p>\n<h2>Art\u00edculo 27<\/h2>\n<p>En lo que respecta a las empresas particulares, la propuesta determina que no pueden tener prevalencia sobre la empresa p\u00fablica del Estado por ser garant\u00eda de la continuidad y accesibilidad del servicio p\u00fablico de electricidad.<\/p>\n<p>Actualmente, el sistema derivado del periodo neoliberal da preferencia al inter\u00e9s privado. Las leyes determinan la forma en la que los particulares pueden participar en las dem\u00e1s actividades de la industria el\u00e9ctrica. A falta de precisi\u00f3n, se propone adicionar que dichas leyes deber\u00e1n tener como principio garantizar la justicia social.<\/p>\n<h2>Art\u00edculo 25, quinto p\u00e1rrafo<\/h2>\n<p>Se elimina el concepto de\u00a0<strong>\u201cempresa productiva del Estado\u201d<\/strong>, el cual fue incorporado al texto constitucional por recomendaci\u00f3n de organismos internacionales de corte neoliberal, desnaturalizando la obligaci\u00f3n del Estado de garantizar el servicio p\u00fablico de electricidad, convirti\u00e9ndola en una empresa que no se diferencia de una privada y, por tanto, reduciendo la finalidad a la mera obtenci\u00f3n de utilidades sin funci\u00f3n social.<\/p>\n<p>El planteamiento descarta la obligaci\u00f3n de empresas p\u00fablicas de guiarse por el concepto de las \u201cmejores pr\u00e1cticas\u201d porque, de acuerdo con la definici\u00f3n neoliberal, se refiere a un gobierno corporativo constituido por accionistas e inversionistas.<\/p>\n<h2>Reforma garantiza uso racional y eficiente de recursos energ\u00e9ticos<\/h2>\n<p>El director general de\u00a0<strong>CFE i<\/strong>ndic\u00f3 que la soberan\u00eda energ\u00e9tica implica garantizar el acceso a recursos energ\u00e9ticos y tener la capacidad de decidir c\u00f3mo se utilizan en beneficio de la poblaci\u00f3n.<\/p>\n<p>La experiencia demuestra que la dependencia excesiva a fuentes energ\u00e9ticas externas o privadas expone a las naciones a vulnerabilidades geopol\u00edticas y fluctuaciones en los precios internacionales.<\/p>\n<p>La falsa competencia establecida en la\u00a0<strong>reforma energ\u00e9tica del 2013<\/strong>\u00a0daba ventajas a las empresas privadas en contra de la CFE, obligada a adquirir electricidad a las empresas privadas y garantiz\u00e1ndoles rentabilidad, explic\u00f3.<\/p>\n<p>Las reglas de despacho econ\u00f3mico otorgan todas las ventajas a las\u00a0<strong>empresas privadas.<\/strong>\u00a0Existen esquemas como el auto abasto ilegal en el que se concentran los grandes consumidores que quedan fuera del mercado, monopolios con despacho autom\u00e1tico, que impiden a la\u00a0<strong>Comisi\u00f3n Federal de Electricidad<\/strong>\u00a0el acceso a grandes consumidores.<\/p>\n<p>La secretaria de Gobernaci\u00f3n, Luisa Mar\u00eda Alcalde Luj\u00e1n, agreg\u00f3 que este argumento constitucional responde los constantes amparos otorgados a empresas privadas. Incluso hace unas semanas la\u00a0<strong>Segunda Sala de la Suprema Corte de Justicia<\/strong>\u00a0de la Naci\u00f3n anul\u00f3 la Ley de la Industria El\u00e9ctrica de 2021 y la declar\u00f3 inconstitucional para beneficiar a empresas particulares.<\/p>\n","protected":false},"excerpt":{"rendered":"<p>\u201cNosotros hicimos un compromiso que estamos cumpliendo, el compromiso de no aumentar en t\u00e9rminos reales&#8230;<\/p>\n","protected":false},"author":1,"featured_media":7408,"comment_status":"open","ping_status":"closed","sticky":false,"template":"","format":"standard","meta":{"footnotes":""},"categories":[27],"tags":[84,212,1613],"class_list":["post-7407","post","type-post","status-publish","format-standard","has-post-thumbnail","hentry","category-presidencia","tag-amlo","tag-cfe","tag-reforma-electrica"],"yoast_head":"<!-- This site is optimized with the Yoast SEO plugin v27.5 - https:\/\/yoast.com\/product\/yoast-seo-wordpress\/ -->\n<title>Soberan\u00eda y electricidad para todos a menor costo, objetivos de reforma de la 4T en materia energ\u00e9tica - NOTICIAS DE LA 4T<\/title>\n<meta name=\"robots\" content=\"noindex, follow, max-snippet:-1, max-image-preview:large, max-video-preview:-1\" \/>\n<meta property=\"og:locale\" content=\"es_MX\" \/>\n<meta property=\"og:type\" content=\"article\" \/>\n<meta property=\"og:title\" content=\"Soberan\u00eda y electricidad para todos a menor costo, objetivos de reforma de la 4T en materia energ\u00e9tica - NOTICIAS DE LA 4T\" \/>\n<meta property=\"og:description\" content=\"\u201cNosotros hicimos un compromiso que estamos cumpliendo, el compromiso de no aumentar en t\u00e9rminos reales...\" \/>\n<meta property=\"og:url\" content=\"https:\/\/redamlo.com\/index.php\/2024\/02\/26\/soberania-y-electricidad-para-todos-a-menor-costo-objetivos-de-reforma-de-la-4t-en-materia-energetica\/\" \/>\n<meta property=\"og:site_name\" content=\"NOTICIAS DE LA 4T\" \/>\n<meta property=\"article:published_time\" content=\"2024-02-27T01:59:03+00:00\" \/>\n<meta property=\"og:image\" content=\"https:\/\/redamlo.com\/wp-content\/uploads\/2024\/02\/2024-02-26-Conferencia-de-prensa-matutina-Palacio-Nacional-Foto-01.jpg\" \/>\n\t<meta property=\"og:image:width\" content=\"1500\" \/>\n\t<meta property=\"og:image:height\" content=\"1000\" \/>\n\t<meta property=\"og:image:type\" content=\"image\/jpeg\" \/>\n<meta name=\"author\" content=\"admin\" \/>\n<meta name=\"twitter:card\" content=\"summary_large_image\" \/>\n<meta name=\"twitter:label1\" content=\"Escrito por\" \/>\n\t<meta name=\"twitter:data1\" content=\"admin\" \/>\n\t<meta name=\"twitter:label2\" content=\"Tiempo de lectura\" \/>\n\t<meta name=\"twitter:data2\" content=\"4 minutos\" \/>\n<script type=\"application\/ld+json\" class=\"yoast-schema-graph\">{\"@context\":\"https:\\\/\\\/schema.org\",\"@graph\":[{\"@type\":\"Article\",\"@id\":\"https:\\\/\\\/redamlo.com\\\/index.php\\\/2024\\\/02\\\/26\\\/soberania-y-electricidad-para-todos-a-menor-costo-objetivos-de-reforma-de-la-4t-en-materia-energetica\\\/#article\",\"isPartOf\":{\"@id\":\"https:\\\/\\\/redamlo.com\\\/index.php\\\/2024\\\/02\\\/26\\\/soberania-y-electricidad-para-todos-a-menor-costo-objetivos-de-reforma-de-la-4t-en-materia-energetica\\\/\"},\"author\":{\"name\":\"admin\",\"@id\":\"https:\\\/\\\/redamlo.com\\\/#\\\/schema\\\/person\\\/197a0a670d21b1f4f1483ddda1b64613\"},\"headline\":\"Soberan\u00eda y electricidad para todos a menor costo, objetivos de reforma de la 4T en materia energ\u00e9tica\",\"datePublished\":\"2024-02-27T01:59:03+00:00\",\"mainEntityOfPage\":{\"@id\":\"https:\\\/\\\/redamlo.com\\\/index.php\\\/2024\\\/02\\\/26\\\/soberania-y-electricidad-para-todos-a-menor-costo-objetivos-de-reforma-de-la-4t-en-materia-energetica\\\/\"},\"wordCount\":988,\"commentCount\":0,\"publisher\":{\"@id\":\"https:\\\/\\\/redamlo.com\\\/#organization\"},\"image\":{\"@id\":\"https:\\\/\\\/redamlo.com\\\/index.php\\\/2024\\\/02\\\/26\\\/soberania-y-electricidad-para-todos-a-menor-costo-objetivos-de-reforma-de-la-4t-en-materia-energetica\\\/#primaryimage\"},\"thumbnailUrl\":\"https:\\\/\\\/redamlo.com\\\/wp-content\\\/uploads\\\/2024\\\/02\\\/2024-02-26-Conferencia-de-prensa-matutina-Palacio-Nacional-Foto-01.jpg\",\"keywords\":[\"AMLO\",\"CFE\",\"Reforma El\u00e9ctrica\"],\"articleSection\":[\"Presidencia\"],\"inLanguage\":\"es\",\"potentialAction\":[{\"@type\":\"CommentAction\",\"name\":\"Comment\",\"target\":[\"https:\\\/\\\/redamlo.com\\\/index.php\\\/2024\\\/02\\\/26\\\/soberania-y-electricidad-para-todos-a-menor-costo-objetivos-de-reforma-de-la-4t-en-materia-energetica\\\/#respond\"]}]},{\"@type\":\"WebPage\",\"@id\":\"https:\\\/\\\/redamlo.com\\\/index.php\\\/2024\\\/02\\\/26\\\/soberania-y-electricidad-para-todos-a-menor-costo-objetivos-de-reforma-de-la-4t-en-materia-energetica\\\/\",\"url\":\"https:\\\/\\\/redamlo.com\\\/index.php\\\/2024\\\/02\\\/26\\\/soberania-y-electricidad-para-todos-a-menor-costo-objetivos-de-reforma-de-la-4t-en-materia-energetica\\\/\",\"name\":\"Soberan\u00eda y electricidad para todos a menor costo, objetivos de reforma de la 4T en materia energ\u00e9tica - NOTICIAS DE LA 4T\",\"isPartOf\":{\"@id\":\"https:\\\/\\\/redamlo.com\\\/#website\"},\"primaryImageOfPage\":{\"@id\":\"https:\\\/\\\/redamlo.com\\\/index.php\\\/2024\\\/02\\\/26\\\/soberania-y-electricidad-para-todos-a-menor-costo-objetivos-de-reforma-de-la-4t-en-materia-energetica\\\/#primaryimage\"},\"image\":{\"@id\":\"https:\\\/\\\/redamlo.com\\\/index.php\\\/2024\\\/02\\\/26\\\/soberania-y-electricidad-para-todos-a-menor-costo-objetivos-de-reforma-de-la-4t-en-materia-energetica\\\/#primaryimage\"},\"thumbnailUrl\":\"https:\\\/\\\/redamlo.com\\\/wp-content\\\/uploads\\\/2024\\\/02\\\/2024-02-26-Conferencia-de-prensa-matutina-Palacio-Nacional-Foto-01.jpg\",\"datePublished\":\"2024-02-27T01:59:03+00:00\",\"breadcrumb\":{\"@id\":\"https:\\\/\\\/redamlo.com\\\/index.php\\\/2024\\\/02\\\/26\\\/soberania-y-electricidad-para-todos-a-menor-costo-objetivos-de-reforma-de-la-4t-en-materia-energetica\\\/#breadcrumb\"},\"inLanguage\":\"es\",\"potentialAction\":[{\"@type\":\"ReadAction\",\"target\":[\"https:\\\/\\\/redamlo.com\\\/index.php\\\/2024\\\/02\\\/26\\\/soberania-y-electricidad-para-todos-a-menor-costo-objetivos-de-reforma-de-la-4t-en-materia-energetica\\\/\"]}]},{\"@type\":\"ImageObject\",\"inLanguage\":\"es\",\"@id\":\"https:\\\/\\\/redamlo.com\\\/index.php\\\/2024\\\/02\\\/26\\\/soberania-y-electricidad-para-todos-a-menor-costo-objetivos-de-reforma-de-la-4t-en-materia-energetica\\\/#primaryimage\",\"url\":\"https:\\\/\\\/redamlo.com\\\/wp-content\\\/uploads\\\/2024\\\/02\\\/2024-02-26-Conferencia-de-prensa-matutina-Palacio-Nacional-Foto-01.jpg\",\"contentUrl\":\"https:\\\/\\\/redamlo.com\\\/wp-content\\\/uploads\\\/2024\\\/02\\\/2024-02-26-Conferencia-de-prensa-matutina-Palacio-Nacional-Foto-01.jpg\",\"width\":1500,\"height\":1000},{\"@type\":\"BreadcrumbList\",\"@id\":\"https:\\\/\\\/redamlo.com\\\/index.php\\\/2024\\\/02\\\/26\\\/soberania-y-electricidad-para-todos-a-menor-costo-objetivos-de-reforma-de-la-4t-en-materia-energetica\\\/#breadcrumb\",\"itemListElement\":[{\"@type\":\"ListItem\",\"position\":1,\"name\":\"Inicio\",\"item\":\"https:\\\/\\\/redamlo.com\\\/\"},{\"@type\":\"ListItem\",\"position\":2,\"name\":\"Soberan\u00eda y electricidad para todos a menor costo, objetivos de reforma de la 4T en materia energ\u00e9tica\"}]},{\"@type\":\"WebSite\",\"@id\":\"https:\\\/\\\/redamlo.com\\\/#website\",\"url\":\"https:\\\/\\\/redamlo.com\\\/\",\"name\":\"NOTICIAS DE LA 4T\",\"description\":\"\",\"publisher\":{\"@id\":\"https:\\\/\\\/redamlo.com\\\/#organization\"},\"potentialAction\":[{\"@type\":\"SearchAction\",\"target\":{\"@type\":\"EntryPoint\",\"urlTemplate\":\"https:\\\/\\\/redamlo.com\\\/?s={search_term_string}\"},\"query-input\":{\"@type\":\"PropertyValueSpecification\",\"valueRequired\":true,\"valueName\":\"search_term_string\"}}],\"inLanguage\":\"es\"},{\"@type\":\"Organization\",\"@id\":\"https:\\\/\\\/redamlo.com\\\/#organization\",\"name\":\"NOTICIAS DE LA 4T\",\"url\":\"https:\\\/\\\/redamlo.com\\\/\",\"logo\":{\"@type\":\"ImageObject\",\"inLanguage\":\"es\",\"@id\":\"https:\\\/\\\/redamlo.com\\\/#\\\/schema\\\/logo\\\/image\\\/\",\"url\":\"https:\\\/\\\/redamlo.com\\\/wp-content\\\/uploads\\\/2024\\\/08\\\/cropped-RED-AMLO-logo-50.png\",\"contentUrl\":\"https:\\\/\\\/redamlo.com\\\/wp-content\\\/uploads\\\/2024\\\/08\\\/cropped-RED-AMLO-logo-50.png\",\"width\":256,\"height\":256,\"caption\":\"NOTICIAS DE LA 4T\"},\"image\":{\"@id\":\"https:\\\/\\\/redamlo.com\\\/#\\\/schema\\\/logo\\\/image\\\/\"}},{\"@type\":\"Person\",\"@id\":\"https:\\\/\\\/redamlo.com\\\/#\\\/schema\\\/person\\\/197a0a670d21b1f4f1483ddda1b64613\",\"name\":\"admin\",\"image\":{\"@type\":\"ImageObject\",\"inLanguage\":\"es\",\"@id\":\"https:\\\/\\\/secure.gravatar.com\\\/avatar\\\/293dccd927043f2e641da6685c2f84009782eb9ee0054daceada4e261ded849a?s=96&d=mm&r=g\",\"url\":\"https:\\\/\\\/secure.gravatar.com\\\/avatar\\\/293dccd927043f2e641da6685c2f84009782eb9ee0054daceada4e261ded849a?s=96&d=mm&r=g\",\"contentUrl\":\"https:\\\/\\\/secure.gravatar.com\\\/avatar\\\/293dccd927043f2e641da6685c2f84009782eb9ee0054daceada4e261ded849a?s=96&d=mm&r=g\",\"caption\":\"admin\"},\"sameAs\":[\"https:\\\/\\\/redamlo.com\"],\"url\":\"https:\\\/\\\/redamlo.com\\\/index.php\\\/author\\\/stell\\\/\"}]}<\/script>\n<!-- \/ Yoast SEO plugin. -->","yoast_head_json":{"title":"Soberan\u00eda y electricidad para todos a menor costo, objetivos de reforma de la 4T en materia energ\u00e9tica - NOTICIAS DE LA 4T","robots":{"index":"noindex","follow":"follow","max-snippet":"max-snippet:-1","max-image-preview":"max-image-preview:large","max-video-preview":"max-video-preview:-1"},"og_locale":"es_MX","og_type":"article","og_title":"Soberan\u00eda y electricidad para todos a menor costo, objetivos de reforma de la 4T en materia energ\u00e9tica - NOTICIAS DE LA 4T","og_description":"\u201cNosotros hicimos un compromiso que estamos cumpliendo, el compromiso de no aumentar en t\u00e9rminos reales...","og_url":"https:\/\/redamlo.com\/index.php\/2024\/02\/26\/soberania-y-electricidad-para-todos-a-menor-costo-objetivos-de-reforma-de-la-4t-en-materia-energetica\/","og_site_name":"NOTICIAS DE LA 4T","article_published_time":"2024-02-27T01:59:03+00:00","og_image":[{"width":1500,"height":1000,"url":"https:\/\/redamlo.com\/wp-content\/uploads\/2024\/02\/2024-02-26-Conferencia-de-prensa-matutina-Palacio-Nacional-Foto-01.jpg","type":"image\/jpeg"}],"author":"admin","twitter_card":"summary_large_image","twitter_misc":{"Escrito por":"admin","Tiempo de lectura":"4 minutos"},"schema":{"@context":"https:\/\/schema.org","@graph":[{"@type":"Article","@id":"https:\/\/redamlo.com\/index.php\/2024\/02\/26\/soberania-y-electricidad-para-todos-a-menor-costo-objetivos-de-reforma-de-la-4t-en-materia-energetica\/#article","isPartOf":{"@id":"https:\/\/redamlo.com\/index.php\/2024\/02\/26\/soberania-y-electricidad-para-todos-a-menor-costo-objetivos-de-reforma-de-la-4t-en-materia-energetica\/"},"author":{"name":"admin","@id":"https:\/\/redamlo.com\/#\/schema\/person\/197a0a670d21b1f4f1483ddda1b64613"},"headline":"Soberan\u00eda y electricidad para todos a menor costo, objetivos de reforma de la 4T en materia energ\u00e9tica","datePublished":"2024-02-27T01:59:03+00:00","mainEntityOfPage":{"@id":"https:\/\/redamlo.com\/index.php\/2024\/02\/26\/soberania-y-electricidad-para-todos-a-menor-costo-objetivos-de-reforma-de-la-4t-en-materia-energetica\/"},"wordCount":988,"commentCount":0,"publisher":{"@id":"https:\/\/redamlo.com\/#organization"},"image":{"@id":"https:\/\/redamlo.com\/index.php\/2024\/02\/26\/soberania-y-electricidad-para-todos-a-menor-costo-objetivos-de-reforma-de-la-4t-en-materia-energetica\/#primaryimage"},"thumbnailUrl":"https:\/\/redamlo.com\/wp-content\/uploads\/2024\/02\/2024-02-26-Conferencia-de-prensa-matutina-Palacio-Nacional-Foto-01.jpg","keywords":["AMLO","CFE","Reforma El\u00e9ctrica"],"articleSection":["Presidencia"],"inLanguage":"es","potentialAction":[{"@type":"CommentAction","name":"Comment","target":["https:\/\/redamlo.com\/index.php\/2024\/02\/26\/soberania-y-electricidad-para-todos-a-menor-costo-objetivos-de-reforma-de-la-4t-en-materia-energetica\/#respond"]}]},{"@type":"WebPage","@id":"https:\/\/redamlo.com\/index.php\/2024\/02\/26\/soberania-y-electricidad-para-todos-a-menor-costo-objetivos-de-reforma-de-la-4t-en-materia-energetica\/","url":"https:\/\/redamlo.com\/index.php\/2024\/02\/26\/soberania-y-electricidad-para-todos-a-menor-costo-objetivos-de-reforma-de-la-4t-en-materia-energetica\/","name":"Soberan\u00eda y electricidad para todos a menor costo, objetivos de reforma de la 4T en materia energ\u00e9tica - NOTICIAS DE LA 4T","isPartOf":{"@id":"https:\/\/redamlo.com\/#website"},"primaryImageOfPage":{"@id":"https:\/\/redamlo.com\/index.php\/2024\/02\/26\/soberania-y-electricidad-para-todos-a-menor-costo-objetivos-de-reforma-de-la-4t-en-materia-energetica\/#primaryimage"},"image":{"@id":"https:\/\/redamlo.com\/index.php\/2024\/02\/26\/soberania-y-electricidad-para-todos-a-menor-costo-objetivos-de-reforma-de-la-4t-en-materia-energetica\/#primaryimage"},"thumbnailUrl":"https:\/\/redamlo.com\/wp-content\/uploads\/2024\/02\/2024-02-26-Conferencia-de-prensa-matutina-Palacio-Nacional-Foto-01.jpg","datePublished":"2024-02-27T01:59:03+00:00","breadcrumb":{"@id":"https:\/\/redamlo.com\/index.php\/2024\/02\/26\/soberania-y-electricidad-para-todos-a-menor-costo-objetivos-de-reforma-de-la-4t-en-materia-energetica\/#breadcrumb"},"inLanguage":"es","potentialAction":[{"@type":"ReadAction","target":["https:\/\/redamlo.com\/index.php\/2024\/02\/26\/soberania-y-electricidad-para-todos-a-menor-costo-objetivos-de-reforma-de-la-4t-en-materia-energetica\/"]}]},{"@type":"ImageObject","inLanguage":"es","@id":"https:\/\/redamlo.com\/index.php\/2024\/02\/26\/soberania-y-electricidad-para-todos-a-menor-costo-objetivos-de-reforma-de-la-4t-en-materia-energetica\/#primaryimage","url":"https:\/\/redamlo.com\/wp-content\/uploads\/2024\/02\/2024-02-26-Conferencia-de-prensa-matutina-Palacio-Nacional-Foto-01.jpg","contentUrl":"https:\/\/redamlo.com\/wp-content\/uploads\/2024\/02\/2024-02-26-Conferencia-de-prensa-matutina-Palacio-Nacional-Foto-01.jpg","width":1500,"height":1000},{"@type":"BreadcrumbList","@id":"https:\/\/redamlo.com\/index.php\/2024\/02\/26\/soberania-y-electricidad-para-todos-a-menor-costo-objetivos-de-reforma-de-la-4t-en-materia-energetica\/#breadcrumb","itemListElement":[{"@type":"ListItem","position":1,"name":"Inicio","item":"https:\/\/redamlo.com\/"},{"@type":"ListItem","position":2,"name":"Soberan\u00eda y electricidad para todos a menor costo, objetivos de reforma de la 4T en materia energ\u00e9tica"}]},{"@type":"WebSite","@id":"https:\/\/redamlo.com\/#website","url":"https:\/\/redamlo.com\/","name":"NOTICIAS DE LA 4T","description":"","publisher":{"@id":"https:\/\/redamlo.com\/#organization"},"potentialAction":[{"@type":"SearchAction","target":{"@type":"EntryPoint","urlTemplate":"https:\/\/redamlo.com\/?s={search_term_string}"},"query-input":{"@type":"PropertyValueSpecification","valueRequired":true,"valueName":"search_term_string"}}],"inLanguage":"es"},{"@type":"Organization","@id":"https:\/\/redamlo.com\/#organization","name":"NOTICIAS DE LA 4T","url":"https:\/\/redamlo.com\/","logo":{"@type":"ImageObject","inLanguage":"es","@id":"https:\/\/redamlo.com\/#\/schema\/logo\/image\/","url":"https:\/\/redamlo.com\/wp-content\/uploads\/2024\/08\/cropped-RED-AMLO-logo-50.png","contentUrl":"https:\/\/redamlo.com\/wp-content\/uploads\/2024\/08\/cropped-RED-AMLO-logo-50.png","width":256,"height":256,"caption":"NOTICIAS DE LA 4T"},"image":{"@id":"https:\/\/redamlo.com\/#\/schema\/logo\/image\/"}},{"@type":"Person","@id":"https:\/\/redamlo.com\/#\/schema\/person\/197a0a670d21b1f4f1483ddda1b64613","name":"admin","image":{"@type":"ImageObject","inLanguage":"es","@id":"https:\/\/secure.gravatar.com\/avatar\/293dccd927043f2e641da6685c2f84009782eb9ee0054daceada4e261ded849a?s=96&d=mm&r=g","url":"https:\/\/secure.gravatar.com\/avatar\/293dccd927043f2e641da6685c2f84009782eb9ee0054daceada4e261ded849a?s=96&d=mm&r=g","contentUrl":"https:\/\/secure.gravatar.com\/avatar\/293dccd927043f2e641da6685c2f84009782eb9ee0054daceada4e261ded849a?s=96&d=mm&r=g","caption":"admin"},"sameAs":["https:\/\/redamlo.com"],"url":"https:\/\/redamlo.com\/index.php\/author\/stell\/"}]}},"_links":{"self":[{"href":"https:\/\/redamlo.com\/index.php\/wp-json\/wp\/v2\/posts\/7407","targetHints":{"allow":["GET"]}}],"collection":[{"href":"https:\/\/redamlo.com\/index.php\/wp-json\/wp\/v2\/posts"}],"about":[{"href":"https:\/\/redamlo.com\/index.php\/wp-json\/wp\/v2\/types\/post"}],"author":[{"embeddable":true,"href":"https:\/\/redamlo.com\/index.php\/wp-json\/wp\/v2\/users\/1"}],"replies":[{"embeddable":true,"href":"https:\/\/redamlo.com\/index.php\/wp-json\/wp\/v2\/comments?post=7407"}],"version-history":[{"count":0,"href":"https:\/\/redamlo.com\/index.php\/wp-json\/wp\/v2\/posts\/7407\/revisions"}],"wp:featuredmedia":[{"embeddable":true,"href":"https:\/\/redamlo.com\/index.php\/wp-json\/wp\/v2\/media\/7408"}],"wp:attachment":[{"href":"https:\/\/redamlo.com\/index.php\/wp-json\/wp\/v2\/media?parent=7407"}],"wp:term":[{"taxonomy":"category","embeddable":true,"href":"https:\/\/redamlo.com\/index.php\/wp-json\/wp\/v2\/categories?post=7407"},{"taxonomy":"post_tag","embeddable":true,"href":"https:\/\/redamlo.com\/index.php\/wp-json\/wp\/v2\/tags?post=7407"}],"curies":[{"name":"wp","href":"https:\/\/api.w.org\/{rel}","templated":true}]}}