{"id":7404,"date":"2024-02-25T19:38:49","date_gmt":"2024-02-26T01:38:49","guid":{"rendered":"https:\/\/redamlo.com\/?p=7404"},"modified":"2024-02-25T19:38:49","modified_gmt":"2024-02-26T01:38:49","slug":"amlo-inaugura-acueducto-yaqui-en-beneficio-de-50-comunidades-de-sonora","status":"publish","type":"post","link":"https:\/\/redamlo.com\/index.php\/2024\/02\/25\/amlo-inaugura-acueducto-yaqui-en-beneficio-de-50-comunidades-de-sonora\/","title":{"rendered":"AMLO INAUGURA ACUEDUCTO YAQUI EN BENEFICIO DE 50 COMUNIDADES DE SONORA"},"content":{"rendered":"<p>Al concluir la gira de trabajo del fin de semana en Sonora, el presidente Andr\u00e9s Manuel L\u00f3pez Obrador inaugur\u00f3 el Acueducto Yaqui que beneficiar\u00e1 a 50 comunidades de la entidad con el suministro de 200 litros de agua por segundo.<\/p>\n<p>&nbsp;<\/p>\n<blockquote><p>\u201cEste es un d\u00eda importante porque cumplimos con el compromiso de abastecer de agua a las comunidades de los pueblos yaquis. Cincuenta comunidades con este acueducto que (&#8230;) signific\u00f3 construir cerca de 250 kil\u00f3metros de instalaciones, de l\u00edneas de conducci\u00f3n de agua con tuber\u00eda, desde ramales principales hasta las redes de distribuci\u00f3n para cada pueblo; esto va a permitir que se cuente con 200 litros por segundo, que es suficiente (&#8230;) para abastecer, aun con crecimiento poblacional, 30 a\u00f1os m\u00e1s\u201d, inform\u00f3.<\/p><\/blockquote>\n<p>El\u00a0<strong>Acueducto Yaqui<\/strong>\u00a0es resultado de la colaboraci\u00f3n entre el pueblo y las autoridades de la Comisi\u00f3n Nacional del Agua; con su construcci\u00f3n, 34 mil habitantes de comunidades yaquis tendr\u00e1n suministro de agua de calidad. Signific\u00f3 una inversi\u00f3n de 2 mil 79 millones de pesos.<\/p>\n<p>La obra forma parte de los acuerdos establecidos en el\u00a0<strong>Plan de Justicia para el Pueblo Yaqui<\/strong>\u00a0y se complementa con la entrega de tierras y otras acciones que demandaba esa comunidad.<\/p>\n<p>De acuerdo con el subdirector general de Infraestructura Hidroagr\u00edcola de la Conagua, Aar\u00f3n Mastache Mondrag\u00f3n, el programa Proagua aportar\u00e1 53 millones de pesos para apoyar a la Comisi\u00f3n Estatal del Agua de Sonora y los trabajadores yaquis estar\u00e1n a cargo de la operaci\u00f3n y administraci\u00f3n del acueducto, as\u00ed como de su planta potabilizadora.<\/p>\n<p>Desde la presa del Oviachic en Cajeme, Sonora y en compa\u00f1\u00eda de autoridades tradicionales yaquis, el presidente devel\u00f3 una placa y atestigu\u00f3 la puesta en marcha de la bomba en el acueducto.<\/p>\n<h2>Presidente anuncia inauguraci\u00f3n de Distrito de Riego para pueblos yaquis<\/h2>\n<p>Durante el evento en Sonora, el presidente L\u00f3pez Obrador anunci\u00f3 la inauguraci\u00f3n del Distrito de Riego para los pueblos yaquis en junio pr\u00f3ximo.<\/p>\n<blockquote><p>\u201cYa quedamos de que para junio vamos a inaugurar el Distrito de Riego, entonces voy a regresar a mediados o finales de junio voy a estar de nuevo con ustedes\u201d, expres\u00f3.<\/p><\/blockquote>\n<p>El jefe del Ejecutivo record\u00f3 que el Plan de Justicia Yaqui naci\u00f3 de la necesidad de atender a sus comunidades que hist\u00f3ricamente viv\u00edan en el abandono. Asegur\u00f3 que continuar\u00e1 debido a que a\u00fan existen tareas por atender en favor de los habitantes.<\/p>\n<blockquote><p>\u201cEstoy seguro de que va a continuar\u00e1 el Plan de Justicia Yaqui porque les falta todav\u00eda (&#8230;) vamos a dejar esos proyectos ya terminados para que a quien entregue yo la Banda Presidencial nos ayude, yo voy a hablar con quien me sustituya para que no den ni un paso atr\u00e1s, para que no se abandone lo que ya iniciamos en beneficio de las comunidades y los pueblos yaquis\u201d, afirm\u00f3.<\/p><\/blockquote>\n<p>Acompa\u00f1aron al presidente: el gobernador de Sonora, Alfonso Durazo Monta\u00f1o; el director general de Conagua, Germ\u00e1n Mart\u00ednez Santoyo; el director general del INPI, Adelfo Regino Montes; el subsecretario de Egresos de la SHCP, Juan Pablo de Botton Falc\u00f3n; el subdirector general de Administraci\u00f3n de la Conagua, Jos\u00e9 Antonio Zamora Gayosso; el presidente municipal de Cajeme, Carlos Javier Lamarque Cano y el gobernador tradicional de V\u00edcam, Joaqu\u00edn Cota Buitimea.<\/p>\n","protected":false},"excerpt":{"rendered":"<p>Al concluir la gira de trabajo del fin de semana en Sonora, el presidente Andr\u00e9s&#8230;<\/p>\n","protected":false},"author":1,"featured_media":7405,"comment_status":"open","ping_status":"closed","sticky":false,"template":"","format":"standard","meta":{"footnotes":""},"categories":[6,27],"tags":[2643,84,555,125],"class_list":["post-7404","post","type-post","status-publish","format-standard","has-post-thumbnail","hentry","category-estados","category-presidencia","tag-acueducto-yaqui","tag-amlo","tag-conagua","tag-sonora"],"yoast_head":"<!-- This site is optimized with the Yoast SEO plugin v27.5 - https:\/\/yoast.com\/product\/yoast-seo-wordpress\/ -->\n<title>AMLO INAUGURA ACUEDUCTO YAQUI EN BENEFICIO DE 50 COMUNIDADES DE SONORA - NOTICIAS DE LA 4T<\/title>\n<meta name=\"robots\" content=\"noindex, follow, max-snippet:-1, max-image-preview:large, max-video-preview:-1\" \/>\n<meta property=\"og:locale\" content=\"es_MX\" \/>\n<meta property=\"og:type\" content=\"article\" \/>\n<meta property=\"og:title\" content=\"AMLO INAUGURA ACUEDUCTO YAQUI EN BENEFICIO DE 50 COMUNIDADES DE SONORA - NOTICIAS DE LA 4T\" \/>\n<meta property=\"og:description\" content=\"Al concluir la gira de trabajo del fin de semana en Sonora, el presidente Andr\u00e9s...\" \/>\n<meta property=\"og:url\" content=\"https:\/\/redamlo.com\/index.php\/2024\/02\/25\/amlo-inaugura-acueducto-yaqui-en-beneficio-de-50-comunidades-de-sonora\/\" \/>\n<meta property=\"og:site_name\" content=\"NOTICIAS DE LA 4T\" \/>\n<meta property=\"article:published_time\" content=\"2024-02-26T01:38:49+00:00\" \/>\n<meta property=\"og:image\" content=\"https:\/\/redamlo.com\/wp-content\/uploads\/2024\/02\/2024-02-25-Presidente-AMLO-Acueducto-del-pueblo-yaqui-Sonora-Foto-01.jpg\" \/>\n\t<meta property=\"og:image:width\" content=\"1498\" \/>\n\t<meta property=\"og:image:height\" content=\"1000\" \/>\n\t<meta property=\"og:image:type\" content=\"image\/jpeg\" \/>\n<meta name=\"author\" content=\"admin\" \/>\n<meta name=\"twitter:card\" content=\"summary_large_image\" \/>\n<meta name=\"twitter:label1\" content=\"Escrito por\" \/>\n\t<meta name=\"twitter:data1\" content=\"admin\" \/>\n\t<meta name=\"twitter:label2\" content=\"Tiempo de lectura\" \/>\n\t<meta name=\"twitter:data2\" content=\"3 minutos\" \/>\n<script type=\"application\/ld+json\" class=\"yoast-schema-graph\">{\"@context\":\"https:\\\/\\\/schema.org\",\"@graph\":[{\"@type\":\"Article\",\"@id\":\"https:\\\/\\\/redamlo.com\\\/index.php\\\/2024\\\/02\\\/25\\\/amlo-inaugura-acueducto-yaqui-en-beneficio-de-50-comunidades-de-sonora\\\/#article\",\"isPartOf\":{\"@id\":\"https:\\\/\\\/redamlo.com\\\/index.php\\\/2024\\\/02\\\/25\\\/amlo-inaugura-acueducto-yaqui-en-beneficio-de-50-comunidades-de-sonora\\\/\"},\"author\":{\"name\":\"admin\",\"@id\":\"https:\\\/\\\/redamlo.com\\\/#\\\/schema\\\/person\\\/197a0a670d21b1f4f1483ddda1b64613\"},\"headline\":\"AMLO INAUGURA ACUEDUCTO YAQUI EN BENEFICIO DE 50 COMUNIDADES DE SONORA\",\"datePublished\":\"2024-02-26T01:38:49+00:00\",\"mainEntityOfPage\":{\"@id\":\"https:\\\/\\\/redamlo.com\\\/index.php\\\/2024\\\/02\\\/25\\\/amlo-inaugura-acueducto-yaqui-en-beneficio-de-50-comunidades-de-sonora\\\/\"},\"wordCount\":566,\"commentCount\":0,\"publisher\":{\"@id\":\"https:\\\/\\\/redamlo.com\\\/#organization\"},\"image\":{\"@id\":\"https:\\\/\\\/redamlo.com\\\/index.php\\\/2024\\\/02\\\/25\\\/amlo-inaugura-acueducto-yaqui-en-beneficio-de-50-comunidades-de-sonora\\\/#primaryimage\"},\"thumbnailUrl\":\"https:\\\/\\\/redamlo.com\\\/wp-content\\\/uploads\\\/2024\\\/02\\\/2024-02-25-Presidente-AMLO-Acueducto-del-pueblo-yaqui-Sonora-Foto-01.jpg\",\"keywords\":[\"acueducto yaqui\",\"AMLO\",\"Conagua\",\"Sonora\"],\"articleSection\":[\"Estados\",\"Presidencia\"],\"inLanguage\":\"es\",\"potentialAction\":[{\"@type\":\"CommentAction\",\"name\":\"Comment\",\"target\":[\"https:\\\/\\\/redamlo.com\\\/index.php\\\/2024\\\/02\\\/25\\\/amlo-inaugura-acueducto-yaqui-en-beneficio-de-50-comunidades-de-sonora\\\/#respond\"]}]},{\"@type\":\"WebPage\",\"@id\":\"https:\\\/\\\/redamlo.com\\\/index.php\\\/2024\\\/02\\\/25\\\/amlo-inaugura-acueducto-yaqui-en-beneficio-de-50-comunidades-de-sonora\\\/\",\"url\":\"https:\\\/\\\/redamlo.com\\\/index.php\\\/2024\\\/02\\\/25\\\/amlo-inaugura-acueducto-yaqui-en-beneficio-de-50-comunidades-de-sonora\\\/\",\"name\":\"AMLO INAUGURA ACUEDUCTO YAQUI EN BENEFICIO DE 50 COMUNIDADES DE SONORA - NOTICIAS DE LA 4T\",\"isPartOf\":{\"@id\":\"https:\\\/\\\/redamlo.com\\\/#website\"},\"primaryImageOfPage\":{\"@id\":\"https:\\\/\\\/redamlo.com\\\/index.php\\\/2024\\\/02\\\/25\\\/amlo-inaugura-acueducto-yaqui-en-beneficio-de-50-comunidades-de-sonora\\\/#primaryimage\"},\"image\":{\"@id\":\"https:\\\/\\\/redamlo.com\\\/index.php\\\/2024\\\/02\\\/25\\\/amlo-inaugura-acueducto-yaqui-en-beneficio-de-50-comunidades-de-sonora\\\/#primaryimage\"},\"thumbnailUrl\":\"https:\\\/\\\/redamlo.com\\\/wp-content\\\/uploads\\\/2024\\\/02\\\/2024-02-25-Presidente-AMLO-Acueducto-del-pueblo-yaqui-Sonora-Foto-01.jpg\",\"datePublished\":\"2024-02-26T01:38:49+00:00\",\"breadcrumb\":{\"@id\":\"https:\\\/\\\/redamlo.com\\\/index.php\\\/2024\\\/02\\\/25\\\/amlo-inaugura-acueducto-yaqui-en-beneficio-de-50-comunidades-de-sonora\\\/#breadcrumb\"},\"inLanguage\":\"es\",\"potentialAction\":[{\"@type\":\"ReadAction\",\"target\":[\"https:\\\/\\\/redamlo.com\\\/index.php\\\/2024\\\/02\\\/25\\\/amlo-inaugura-acueducto-yaqui-en-beneficio-de-50-comunidades-de-sonora\\\/\"]}]},{\"@type\":\"ImageObject\",\"inLanguage\":\"es\",\"@id\":\"https:\\\/\\\/redamlo.com\\\/index.php\\\/2024\\\/02\\\/25\\\/amlo-inaugura-acueducto-yaqui-en-beneficio-de-50-comunidades-de-sonora\\\/#primaryimage\",\"url\":\"https:\\\/\\\/redamlo.com\\\/wp-content\\\/uploads\\\/2024\\\/02\\\/2024-02-25-Presidente-AMLO-Acueducto-del-pueblo-yaqui-Sonora-Foto-01.jpg\",\"contentUrl\":\"https:\\\/\\\/redamlo.com\\\/wp-content\\\/uploads\\\/2024\\\/02\\\/2024-02-25-Presidente-AMLO-Acueducto-del-pueblo-yaqui-Sonora-Foto-01.jpg\",\"width\":1498,\"height\":1000},{\"@type\":\"BreadcrumbList\",\"@id\":\"https:\\\/\\\/redamlo.com\\\/index.php\\\/2024\\\/02\\\/25\\\/amlo-inaugura-acueducto-yaqui-en-beneficio-de-50-comunidades-de-sonora\\\/#breadcrumb\",\"itemListElement\":[{\"@type\":\"ListItem\",\"position\":1,\"name\":\"Inicio\",\"item\":\"https:\\\/\\\/redamlo.com\\\/\"},{\"@type\":\"ListItem\",\"position\":2,\"name\":\"AMLO INAUGURA ACUEDUCTO YAQUI EN BENEFICIO DE 50 COMUNIDADES DE SONORA\"}]},{\"@type\":\"WebSite\",\"@id\":\"https:\\\/\\\/redamlo.com\\\/#website\",\"url\":\"https:\\\/\\\/redamlo.com\\\/\",\"name\":\"NOTICIAS DE LA 4T\",\"description\":\"\",\"publisher\":{\"@id\":\"https:\\\/\\\/redamlo.com\\\/#organization\"},\"potentialAction\":[{\"@type\":\"SearchAction\",\"target\":{\"@type\":\"EntryPoint\",\"urlTemplate\":\"https:\\\/\\\/redamlo.com\\\/?s={search_term_string}\"},\"query-input\":{\"@type\":\"PropertyValueSpecification\",\"valueRequired\":true,\"valueName\":\"search_term_string\"}}],\"inLanguage\":\"es\"},{\"@type\":\"Organization\",\"@id\":\"https:\\\/\\\/redamlo.com\\\/#organization\",\"name\":\"NOTICIAS DE LA 4T\",\"url\":\"https:\\\/\\\/redamlo.com\\\/\",\"logo\":{\"@type\":\"ImageObject\",\"inLanguage\":\"es\",\"@id\":\"https:\\\/\\\/redamlo.com\\\/#\\\/schema\\\/logo\\\/image\\\/\",\"url\":\"https:\\\/\\\/redamlo.com\\\/wp-content\\\/uploads\\\/2024\\\/08\\\/cropped-RED-AMLO-logo-50.png\",\"contentUrl\":\"https:\\\/\\\/redamlo.com\\\/wp-content\\\/uploads\\\/2024\\\/08\\\/cropped-RED-AMLO-logo-50.png\",\"width\":256,\"height\":256,\"caption\":\"NOTICIAS DE LA 4T\"},\"image\":{\"@id\":\"https:\\\/\\\/redamlo.com\\\/#\\\/schema\\\/logo\\\/image\\\/\"}},{\"@type\":\"Person\",\"@id\":\"https:\\\/\\\/redamlo.com\\\/#\\\/schema\\\/person\\\/197a0a670d21b1f4f1483ddda1b64613\",\"name\":\"admin\",\"image\":{\"@type\":\"ImageObject\",\"inLanguage\":\"es\",\"@id\":\"https:\\\/\\\/secure.gravatar.com\\\/avatar\\\/293dccd927043f2e641da6685c2f84009782eb9ee0054daceada4e261ded849a?s=96&d=mm&r=g\",\"url\":\"https:\\\/\\\/secure.gravatar.com\\\/avatar\\\/293dccd927043f2e641da6685c2f84009782eb9ee0054daceada4e261ded849a?s=96&d=mm&r=g\",\"contentUrl\":\"https:\\\/\\\/secure.gravatar.com\\\/avatar\\\/293dccd927043f2e641da6685c2f84009782eb9ee0054daceada4e261ded849a?s=96&d=mm&r=g\",\"caption\":\"admin\"},\"sameAs\":[\"https:\\\/\\\/redamlo.com\"],\"url\":\"https:\\\/\\\/redamlo.com\\\/index.php\\\/author\\\/stell\\\/\"}]}<\/script>\n<!-- \/ Yoast SEO plugin. -->","yoast_head_json":{"title":"AMLO INAUGURA ACUEDUCTO YAQUI EN BENEFICIO DE 50 COMUNIDADES DE SONORA - NOTICIAS DE LA 4T","robots":{"index":"noindex","follow":"follow","max-snippet":"max-snippet:-1","max-image-preview":"max-image-preview:large","max-video-preview":"max-video-preview:-1"},"og_locale":"es_MX","og_type":"article","og_title":"AMLO INAUGURA ACUEDUCTO YAQUI EN BENEFICIO DE 50 COMUNIDADES DE SONORA - NOTICIAS DE LA 4T","og_description":"Al concluir la gira de trabajo del fin de semana en Sonora, el presidente Andr\u00e9s...","og_url":"https:\/\/redamlo.com\/index.php\/2024\/02\/25\/amlo-inaugura-acueducto-yaqui-en-beneficio-de-50-comunidades-de-sonora\/","og_site_name":"NOTICIAS DE LA 4T","article_published_time":"2024-02-26T01:38:49+00:00","og_image":[{"width":1498,"height":1000,"url":"https:\/\/redamlo.com\/wp-content\/uploads\/2024\/02\/2024-02-25-Presidente-AMLO-Acueducto-del-pueblo-yaqui-Sonora-Foto-01.jpg","type":"image\/jpeg"}],"author":"admin","twitter_card":"summary_large_image","twitter_misc":{"Escrito por":"admin","Tiempo de lectura":"3 minutos"},"schema":{"@context":"https:\/\/schema.org","@graph":[{"@type":"Article","@id":"https:\/\/redamlo.com\/index.php\/2024\/02\/25\/amlo-inaugura-acueducto-yaqui-en-beneficio-de-50-comunidades-de-sonora\/#article","isPartOf":{"@id":"https:\/\/redamlo.com\/index.php\/2024\/02\/25\/amlo-inaugura-acueducto-yaqui-en-beneficio-de-50-comunidades-de-sonora\/"},"author":{"name":"admin","@id":"https:\/\/redamlo.com\/#\/schema\/person\/197a0a670d21b1f4f1483ddda1b64613"},"headline":"AMLO INAUGURA ACUEDUCTO YAQUI EN BENEFICIO DE 50 COMUNIDADES DE SONORA","datePublished":"2024-02-26T01:38:49+00:00","mainEntityOfPage":{"@id":"https:\/\/redamlo.com\/index.php\/2024\/02\/25\/amlo-inaugura-acueducto-yaqui-en-beneficio-de-50-comunidades-de-sonora\/"},"wordCount":566,"commentCount":0,"publisher":{"@id":"https:\/\/redamlo.com\/#organization"},"image":{"@id":"https:\/\/redamlo.com\/index.php\/2024\/02\/25\/amlo-inaugura-acueducto-yaqui-en-beneficio-de-50-comunidades-de-sonora\/#primaryimage"},"thumbnailUrl":"https:\/\/redamlo.com\/wp-content\/uploads\/2024\/02\/2024-02-25-Presidente-AMLO-Acueducto-del-pueblo-yaqui-Sonora-Foto-01.jpg","keywords":["acueducto yaqui","AMLO","Conagua","Sonora"],"articleSection":["Estados","Presidencia"],"inLanguage":"es","potentialAction":[{"@type":"CommentAction","name":"Comment","target":["https:\/\/redamlo.com\/index.php\/2024\/02\/25\/amlo-inaugura-acueducto-yaqui-en-beneficio-de-50-comunidades-de-sonora\/#respond"]}]},{"@type":"WebPage","@id":"https:\/\/redamlo.com\/index.php\/2024\/02\/25\/amlo-inaugura-acueducto-yaqui-en-beneficio-de-50-comunidades-de-sonora\/","url":"https:\/\/redamlo.com\/index.php\/2024\/02\/25\/amlo-inaugura-acueducto-yaqui-en-beneficio-de-50-comunidades-de-sonora\/","name":"AMLO INAUGURA ACUEDUCTO YAQUI EN BENEFICIO DE 50 COMUNIDADES DE SONORA - NOTICIAS DE LA 4T","isPartOf":{"@id":"https:\/\/redamlo.com\/#website"},"primaryImageOfPage":{"@id":"https:\/\/redamlo.com\/index.php\/2024\/02\/25\/amlo-inaugura-acueducto-yaqui-en-beneficio-de-50-comunidades-de-sonora\/#primaryimage"},"image":{"@id":"https:\/\/redamlo.com\/index.php\/2024\/02\/25\/amlo-inaugura-acueducto-yaqui-en-beneficio-de-50-comunidades-de-sonora\/#primaryimage"},"thumbnailUrl":"https:\/\/redamlo.com\/wp-content\/uploads\/2024\/02\/2024-02-25-Presidente-AMLO-Acueducto-del-pueblo-yaqui-Sonora-Foto-01.jpg","datePublished":"2024-02-26T01:38:49+00:00","breadcrumb":{"@id":"https:\/\/redamlo.com\/index.php\/2024\/02\/25\/amlo-inaugura-acueducto-yaqui-en-beneficio-de-50-comunidades-de-sonora\/#breadcrumb"},"inLanguage":"es","potentialAction":[{"@type":"ReadAction","target":["https:\/\/redamlo.com\/index.php\/2024\/02\/25\/amlo-inaugura-acueducto-yaqui-en-beneficio-de-50-comunidades-de-sonora\/"]}]},{"@type":"ImageObject","inLanguage":"es","@id":"https:\/\/redamlo.com\/index.php\/2024\/02\/25\/amlo-inaugura-acueducto-yaqui-en-beneficio-de-50-comunidades-de-sonora\/#primaryimage","url":"https:\/\/redamlo.com\/wp-content\/uploads\/2024\/02\/2024-02-25-Presidente-AMLO-Acueducto-del-pueblo-yaqui-Sonora-Foto-01.jpg","contentUrl":"https:\/\/redamlo.com\/wp-content\/uploads\/2024\/02\/2024-02-25-Presidente-AMLO-Acueducto-del-pueblo-yaqui-Sonora-Foto-01.jpg","width":1498,"height":1000},{"@type":"BreadcrumbList","@id":"https:\/\/redamlo.com\/index.php\/2024\/02\/25\/amlo-inaugura-acueducto-yaqui-en-beneficio-de-50-comunidades-de-sonora\/#breadcrumb","itemListElement":[{"@type":"ListItem","position":1,"name":"Inicio","item":"https:\/\/redamlo.com\/"},{"@type":"ListItem","position":2,"name":"AMLO INAUGURA ACUEDUCTO YAQUI EN BENEFICIO DE 50 COMUNIDADES DE SONORA"}]},{"@type":"WebSite","@id":"https:\/\/redamlo.com\/#website","url":"https:\/\/redamlo.com\/","name":"NOTICIAS DE LA 4T","description":"","publisher":{"@id":"https:\/\/redamlo.com\/#organization"},"potentialAction":[{"@type":"SearchAction","target":{"@type":"EntryPoint","urlTemplate":"https:\/\/redamlo.com\/?s={search_term_string}"},"query-input":{"@type":"PropertyValueSpecification","valueRequired":true,"valueName":"search_term_string"}}],"inLanguage":"es"},{"@type":"Organization","@id":"https:\/\/redamlo.com\/#organization","name":"NOTICIAS DE LA 4T","url":"https:\/\/redamlo.com\/","logo":{"@type":"ImageObject","inLanguage":"es","@id":"https:\/\/redamlo.com\/#\/schema\/logo\/image\/","url":"https:\/\/redamlo.com\/wp-content\/uploads\/2024\/08\/cropped-RED-AMLO-logo-50.png","contentUrl":"https:\/\/redamlo.com\/wp-content\/uploads\/2024\/08\/cropped-RED-AMLO-logo-50.png","width":256,"height":256,"caption":"NOTICIAS DE LA 4T"},"image":{"@id":"https:\/\/redamlo.com\/#\/schema\/logo\/image\/"}},{"@type":"Person","@id":"https:\/\/redamlo.com\/#\/schema\/person\/197a0a670d21b1f4f1483ddda1b64613","name":"admin","image":{"@type":"ImageObject","inLanguage":"es","@id":"https:\/\/secure.gravatar.com\/avatar\/293dccd927043f2e641da6685c2f84009782eb9ee0054daceada4e261ded849a?s=96&d=mm&r=g","url":"https:\/\/secure.gravatar.com\/avatar\/293dccd927043f2e641da6685c2f84009782eb9ee0054daceada4e261ded849a?s=96&d=mm&r=g","contentUrl":"https:\/\/secure.gravatar.com\/avatar\/293dccd927043f2e641da6685c2f84009782eb9ee0054daceada4e261ded849a?s=96&d=mm&r=g","caption":"admin"},"sameAs":["https:\/\/redamlo.com"],"url":"https:\/\/redamlo.com\/index.php\/author\/stell\/"}]}},"_links":{"self":[{"href":"https:\/\/redamlo.com\/index.php\/wp-json\/wp\/v2\/posts\/7404","targetHints":{"allow":["GET"]}}],"collection":[{"href":"https:\/\/redamlo.com\/index.php\/wp-json\/wp\/v2\/posts"}],"about":[{"href":"https:\/\/redamlo.com\/index.php\/wp-json\/wp\/v2\/types\/post"}],"author":[{"embeddable":true,"href":"https:\/\/redamlo.com\/index.php\/wp-json\/wp\/v2\/users\/1"}],"replies":[{"embeddable":true,"href":"https:\/\/redamlo.com\/index.php\/wp-json\/wp\/v2\/comments?post=7404"}],"version-history":[{"count":0,"href":"https:\/\/redamlo.com\/index.php\/wp-json\/wp\/v2\/posts\/7404\/revisions"}],"wp:featuredmedia":[{"embeddable":true,"href":"https:\/\/redamlo.com\/index.php\/wp-json\/wp\/v2\/media\/7405"}],"wp:attachment":[{"href":"https:\/\/redamlo.com\/index.php\/wp-json\/wp\/v2\/media?parent=7404"}],"wp:term":[{"taxonomy":"category","embeddable":true,"href":"https:\/\/redamlo.com\/index.php\/wp-json\/wp\/v2\/categories?post=7404"},{"taxonomy":"post_tag","embeddable":true,"href":"https:\/\/redamlo.com\/index.php\/wp-json\/wp\/v2\/tags?post=7404"}],"curies":[{"name":"wp","href":"https:\/\/api.w.org\/{rel}","templated":true}]}}