{"id":7401,"date":"2024-02-24T19:25:25","date_gmt":"2024-02-25T01:25:25","guid":{"rendered":"https:\/\/redamlo.com\/?p=7401"},"modified":"2024-02-24T19:25:25","modified_gmt":"2024-02-25T01:25:25","slug":"amlo-nacionaliza-empresa-exportadora-de-sal","status":"publish","type":"post","link":"https:\/\/redamlo.com\/index.php\/2024\/02\/24\/amlo-nacionaliza-empresa-exportadora-de-sal\/","title":{"rendered":"AMLO nacionaliza empresa exportadora de sal"},"content":{"rendered":"<p>En el municipio de Muleg\u00e9, Baja California Sur, el presidente Andr\u00e9s Manuel L\u00f3pez Obrador nacionaliz\u00f3 la Exportadora de Sal, S.A. de C.V., (ESSA) al ser adquirida al 100 por ciento por el Gobierno de M\u00e9xico.<\/p>\n<p>&nbsp;<\/p>\n<blockquote><p>\u201cDecirles que estamos muy a gusto y muy agradecidos con el trabajo de la secretaria de Econom\u00eda, Raquel Buenrostro, porque se logr\u00f3 el que tengamos ya en poder de la naci\u00f3n, que sea p\u00fablica esta empresa que se salv\u00f3 en la \u00e9poca neoliberal. (\u2026) Ahora queremos dejar a salvo este patrimonio de todos los mexicanos para que no se corra ning\u00fan riesgo porque la privatizaci\u00f3n no ha ayudado a M\u00e9xico, privatizar es sin\u00f3nimo de corrupci\u00f3n, eso es lo que signific\u00f3 la pol\u00edtica neoliberal por mucho tiempo\u201d, subray\u00f3.<\/p><\/blockquote>\n<p>Con la compra, el mandatario cumple el compromiso, realizado en julio de 2023 en Isla de Cedros, de no privatizar la empresa y entregarla al pueblo de M\u00e9xico.<\/p>\n<p>La secretaria de Econom\u00eda, Raquel Buenrostro S\u00e1nchez, explic\u00f3 que este d\u00eda, tras 70 a\u00f1os, la Exportadora de Sal es nacionalizada como parte del proyecto de transformaci\u00f3n. Hasta hoy ten\u00eda una participaci\u00f3n estatal mayoritaria del 51 por ciento y el resto de las acciones pertenec\u00eda a la empresa japonesa Mitsubishi.<\/p>\n<p>El Gobierno de la 4T invirti\u00f3 mil 500 millones de pesos a fin de adquirir las acciones de la compa\u00f1\u00eda extranjera. De esta forma, se mantiene una participaci\u00f3n del 25 por ciento del Servicio Geol\u00f3gico Mexicano y del 75 por ciento por parte del Fideicomiso de Fomento Minero, es decir, se convierte en una entidad paraestatal al 100 por ciento.<\/p>\n<blockquote><p>\u201cCon la nacionalizaci\u00f3n de ESSA se cumple el precepto del presidente de que los beneficios generados con nuestros recursos naturales se queden en nuestro pa\u00eds y se aprovechen para el bienestar del pueblo de M\u00e9xico\u201d, abund\u00f3 la titular de Econom\u00eda.<\/p><\/blockquote>\n<p>En la localidad de Guerrero Negro, el presidente L\u00f3pez Obrador llam\u00f3 a la poblaci\u00f3n a administrar esta compa\u00f1\u00eda nacional bajo el principio de cero corrupci\u00f3n.<\/p>\n<p>\u201cVa a seguir funcionando muy bien, con buenos resultados; tenemos que sacarla adelante y alejarla lo m\u00e1s que podamos, alejarla para siempre de la quiebra y de la privatizaci\u00f3n. Es una empresa del pueblo de M\u00e9xico y, en especial, de Muleg\u00e9 y de Guerrero Negro\u201d, afirm\u00f3.<\/p>\n<p>Al respecto, puntualiz\u00f3 que no se trata de una expropiaci\u00f3n sino de un acuerdo alcanzado con directivos de Mitsubishi, por lo que agradeci\u00f3 su voluntad en esta compra.<\/p>\n<blockquote><p>\u201cNada m\u00e1s decir que le agradezco mucho a los directivos de la empresa japonesa que aceptaron el acuerdo. (\u2026) Vamos a continuar con esta relaci\u00f3n en lo econ\u00f3mico; no se trata de una expropiaci\u00f3n, se trata de un acuerdo y se lleg\u00f3 a este acuerdo por convenir as\u00ed a las partes. De todas maneras nosotros les agradecemos porque tuvieron la voluntad de aceptar las condiciones\u201d, mencion\u00f3.<\/p><\/blockquote>\n<p>En el evento el jefe del Ejecutivo atestigu\u00f3 la firma de convenio por la nacionalizaci\u00f3n de la Exportadora de Sal S.A. de C.V., a cargo de la directora de Cr\u00e9dito, Finanzas y Administraci\u00f3n del Fideicomiso de Fomento Minero, Martha Laura Bolivar Meza y el representante legal de Mitsubishi, Nakaba Aoyagi.<\/p>\n<p>La exportadora de sal cuenta con la salina m\u00e1s grande del mundo. Reporta una producci\u00f3n superior a los 8 millones de toneladas anuales y una alta calidad de sal, capaz de abastecer a la industria de la regi\u00f3n Asia-Pac\u00edfico y Costa Este de Am\u00e9rica del Norte. Adem\u00e1s, tiene capacidad para recibir y cargar barcos de hasta 180 mil toneladas.<\/p>\n<p>Representa el 84 por ciento de la producci\u00f3n de sal en el pa\u00eds, orientada principalmente a la exportaci\u00f3n. M\u00e9xico est\u00e1 en el s\u00e9ptimo lugar a nivel mundial con la elaboraci\u00f3n de sal de 8.7 toneladas m\u00e9tricas y, junto con Chile, es uno de los principales productores de Am\u00e9rica Latina.<\/p>\n<p>La sal es un insumo importante en industrias como la farmac\u00e9utica, textil, qu\u00edmica, construcci\u00f3n y petroqu\u00edmica, expuso la secretaria Buenrostro S\u00e1nchez.<\/p>\n<p>El titular del Ejecutivo federal record\u00f3 que M\u00e9xico tiene finanzas p\u00fablicas sanas por no permitir la corrupci\u00f3n ni los lujos en el gobierno. Adem\u00e1s, mantiene niveles m\u00e1ximos hist\u00f3ricos en la creaci\u00f3n de empleos bien remunerados, la llegada de inversi\u00f3n extranjera y la apreciaci\u00f3n del peso mexicano en relaci\u00f3n con el d\u00f3lar.<\/p>\n<p>En apoyo a las y los habitantes de Baja California Sur, anunci\u00f3 un subsidio orientado a los consumidores de energ\u00eda el\u00e9ctrica.<\/p>\n<p>El gobernador del estado, V\u00edctor Manuel Castro Cos\u00edo, dio a conocer la construcci\u00f3n de la carretera Bah\u00eda Tortugas a Punta Eugenia por instrucciones del presidente L\u00f3pez Obrador a fin de atender las necesidades de la poblaci\u00f3n.<\/p>\n<p>Acompa\u00f1aron en el evento: el secretario de Marina, Jos\u00e9 Rafael Ojeda Dur\u00e1n; el subsecretario de Egresos de la Secretar\u00eda de Hacienda y Cr\u00e9dito P\u00fablico, Juan Pablo de Botton Falc\u00f3n; el director general de Exportadora de Sal, S.A. de C.V., Carlos Patterson Olivas; la directora general del Servicio Geol\u00f3gico Mexicano, Flor de Mar\u00eda Harp Iturribarr\u00eda; la titular de la Unidad de Apoyo Jur\u00eddico de la Secretar\u00eda de Econom\u00eda, Araceli Garc\u00eda Mart\u00ednez; el l\u00edder sindical, Luis P\u00e9rez Murrieta y la presidenta municipal de Muleg\u00e9, Edith Aguilar Villavicencio.<\/p>\n","protected":false},"excerpt":{"rendered":"<p>En el municipio de Muleg\u00e9, Baja California Sur, el presidente Andr\u00e9s Manuel L\u00f3pez Obrador nacionaliz\u00f3&#8230;<\/p>\n","protected":false},"author":1,"featured_media":7402,"comment_status":"open","ping_status":"closed","sticky":false,"template":"","format":"standard","meta":{"footnotes":""},"categories":[37,27],"tags":[84,1261,2642,1564],"class_list":["post-7401","post","type-post","status-publish","format-standard","has-post-thumbnail","hentry","category-economia","category-presidencia","tag-amlo","tag-baja-california-sur","tag-empresa-de-sal","tag-secretaria-de-economia"],"yoast_head":"<!-- This site is optimized with the Yoast SEO plugin v27.5 - https:\/\/yoast.com\/product\/yoast-seo-wordpress\/ -->\n<title>AMLO nacionaliza empresa exportadora de sal - NOTICIAS DE LA 4T<\/title>\n<meta name=\"robots\" content=\"noindex, follow, max-snippet:-1, max-image-preview:large, max-video-preview:-1\" \/>\n<meta property=\"og:locale\" content=\"es_MX\" \/>\n<meta property=\"og:type\" content=\"article\" \/>\n<meta property=\"og:title\" content=\"AMLO nacionaliza empresa exportadora de sal - NOTICIAS DE LA 4T\" \/>\n<meta property=\"og:description\" content=\"En el municipio de Muleg\u00e9, Baja California Sur, el presidente Andr\u00e9s Manuel L\u00f3pez Obrador nacionaliz\u00f3...\" \/>\n<meta property=\"og:url\" content=\"https:\/\/redamlo.com\/index.php\/2024\/02\/24\/amlo-nacionaliza-empresa-exportadora-de-sal\/\" \/>\n<meta property=\"og:site_name\" content=\"NOTICIAS DE LA 4T\" \/>\n<meta property=\"article:published_time\" content=\"2024-02-25T01:25:25+00:00\" \/>\n<meta property=\"og:image\" content=\"https:\/\/redamlo.com\/wp-content\/uploads\/2024\/02\/2024-02-25-Presidente-AMLO-Exportadora-de-sal-Baja-California-Sur-Foto-08.jpg\" \/>\n\t<meta property=\"og:image:width\" content=\"1500\" \/>\n\t<meta property=\"og:image:height\" content=\"1000\" \/>\n\t<meta property=\"og:image:type\" content=\"image\/jpeg\" \/>\n<meta name=\"author\" content=\"admin\" \/>\n<meta name=\"twitter:card\" content=\"summary_large_image\" \/>\n<meta name=\"twitter:label1\" content=\"Escrito por\" \/>\n\t<meta name=\"twitter:data1\" content=\"admin\" \/>\n\t<meta name=\"twitter:label2\" content=\"Tiempo de lectura\" \/>\n\t<meta name=\"twitter:data2\" content=\"4 minutos\" \/>\n<script type=\"application\/ld+json\" class=\"yoast-schema-graph\">{\"@context\":\"https:\\\/\\\/schema.org\",\"@graph\":[{\"@type\":\"Article\",\"@id\":\"https:\\\/\\\/redamlo.com\\\/index.php\\\/2024\\\/02\\\/24\\\/amlo-nacionaliza-empresa-exportadora-de-sal\\\/#article\",\"isPartOf\":{\"@id\":\"https:\\\/\\\/redamlo.com\\\/index.php\\\/2024\\\/02\\\/24\\\/amlo-nacionaliza-empresa-exportadora-de-sal\\\/\"},\"author\":{\"name\":\"admin\",\"@id\":\"https:\\\/\\\/redamlo.com\\\/#\\\/schema\\\/person\\\/197a0a670d21b1f4f1483ddda1b64613\"},\"headline\":\"AMLO nacionaliza empresa exportadora de sal\",\"datePublished\":\"2024-02-25T01:25:25+00:00\",\"mainEntityOfPage\":{\"@id\":\"https:\\\/\\\/redamlo.com\\\/index.php\\\/2024\\\/02\\\/24\\\/amlo-nacionaliza-empresa-exportadora-de-sal\\\/\"},\"wordCount\":932,\"commentCount\":0,\"publisher\":{\"@id\":\"https:\\\/\\\/redamlo.com\\\/#organization\"},\"image\":{\"@id\":\"https:\\\/\\\/redamlo.com\\\/index.php\\\/2024\\\/02\\\/24\\\/amlo-nacionaliza-empresa-exportadora-de-sal\\\/#primaryimage\"},\"thumbnailUrl\":\"https:\\\/\\\/redamlo.com\\\/wp-content\\\/uploads\\\/2024\\\/02\\\/2024-02-25-Presidente-AMLO-Exportadora-de-sal-Baja-California-Sur-Foto-08.jpg\",\"keywords\":[\"AMLO\",\"Baja California Sur\",\"empresa de sal\",\"Secretar\u00eda de Econom\u00eda\"],\"articleSection\":[\"Econom\u00eda\",\"Presidencia\"],\"inLanguage\":\"es\",\"potentialAction\":[{\"@type\":\"CommentAction\",\"name\":\"Comment\",\"target\":[\"https:\\\/\\\/redamlo.com\\\/index.php\\\/2024\\\/02\\\/24\\\/amlo-nacionaliza-empresa-exportadora-de-sal\\\/#respond\"]}]},{\"@type\":\"WebPage\",\"@id\":\"https:\\\/\\\/redamlo.com\\\/index.php\\\/2024\\\/02\\\/24\\\/amlo-nacionaliza-empresa-exportadora-de-sal\\\/\",\"url\":\"https:\\\/\\\/redamlo.com\\\/index.php\\\/2024\\\/02\\\/24\\\/amlo-nacionaliza-empresa-exportadora-de-sal\\\/\",\"name\":\"AMLO nacionaliza empresa exportadora de sal - NOTICIAS DE LA 4T\",\"isPartOf\":{\"@id\":\"https:\\\/\\\/redamlo.com\\\/#website\"},\"primaryImageOfPage\":{\"@id\":\"https:\\\/\\\/redamlo.com\\\/index.php\\\/2024\\\/02\\\/24\\\/amlo-nacionaliza-empresa-exportadora-de-sal\\\/#primaryimage\"},\"image\":{\"@id\":\"https:\\\/\\\/redamlo.com\\\/index.php\\\/2024\\\/02\\\/24\\\/amlo-nacionaliza-empresa-exportadora-de-sal\\\/#primaryimage\"},\"thumbnailUrl\":\"https:\\\/\\\/redamlo.com\\\/wp-content\\\/uploads\\\/2024\\\/02\\\/2024-02-25-Presidente-AMLO-Exportadora-de-sal-Baja-California-Sur-Foto-08.jpg\",\"datePublished\":\"2024-02-25T01:25:25+00:00\",\"breadcrumb\":{\"@id\":\"https:\\\/\\\/redamlo.com\\\/index.php\\\/2024\\\/02\\\/24\\\/amlo-nacionaliza-empresa-exportadora-de-sal\\\/#breadcrumb\"},\"inLanguage\":\"es\",\"potentialAction\":[{\"@type\":\"ReadAction\",\"target\":[\"https:\\\/\\\/redamlo.com\\\/index.php\\\/2024\\\/02\\\/24\\\/amlo-nacionaliza-empresa-exportadora-de-sal\\\/\"]}]},{\"@type\":\"ImageObject\",\"inLanguage\":\"es\",\"@id\":\"https:\\\/\\\/redamlo.com\\\/index.php\\\/2024\\\/02\\\/24\\\/amlo-nacionaliza-empresa-exportadora-de-sal\\\/#primaryimage\",\"url\":\"https:\\\/\\\/redamlo.com\\\/wp-content\\\/uploads\\\/2024\\\/02\\\/2024-02-25-Presidente-AMLO-Exportadora-de-sal-Baja-California-Sur-Foto-08.jpg\",\"contentUrl\":\"https:\\\/\\\/redamlo.com\\\/wp-content\\\/uploads\\\/2024\\\/02\\\/2024-02-25-Presidente-AMLO-Exportadora-de-sal-Baja-California-Sur-Foto-08.jpg\",\"width\":1500,\"height\":1000},{\"@type\":\"BreadcrumbList\",\"@id\":\"https:\\\/\\\/redamlo.com\\\/index.php\\\/2024\\\/02\\\/24\\\/amlo-nacionaliza-empresa-exportadora-de-sal\\\/#breadcrumb\",\"itemListElement\":[{\"@type\":\"ListItem\",\"position\":1,\"name\":\"Inicio\",\"item\":\"https:\\\/\\\/redamlo.com\\\/\"},{\"@type\":\"ListItem\",\"position\":2,\"name\":\"AMLO nacionaliza empresa exportadora de sal\"}]},{\"@type\":\"WebSite\",\"@id\":\"https:\\\/\\\/redamlo.com\\\/#website\",\"url\":\"https:\\\/\\\/redamlo.com\\\/\",\"name\":\"NOTICIAS DE LA 4T\",\"description\":\"\",\"publisher\":{\"@id\":\"https:\\\/\\\/redamlo.com\\\/#organization\"},\"potentialAction\":[{\"@type\":\"SearchAction\",\"target\":{\"@type\":\"EntryPoint\",\"urlTemplate\":\"https:\\\/\\\/redamlo.com\\\/?s={search_term_string}\"},\"query-input\":{\"@type\":\"PropertyValueSpecification\",\"valueRequired\":true,\"valueName\":\"search_term_string\"}}],\"inLanguage\":\"es\"},{\"@type\":\"Organization\",\"@id\":\"https:\\\/\\\/redamlo.com\\\/#organization\",\"name\":\"NOTICIAS DE LA 4T\",\"url\":\"https:\\\/\\\/redamlo.com\\\/\",\"logo\":{\"@type\":\"ImageObject\",\"inLanguage\":\"es\",\"@id\":\"https:\\\/\\\/redamlo.com\\\/#\\\/schema\\\/logo\\\/image\\\/\",\"url\":\"https:\\\/\\\/redamlo.com\\\/wp-content\\\/uploads\\\/2024\\\/08\\\/cropped-RED-AMLO-logo-50.png\",\"contentUrl\":\"https:\\\/\\\/redamlo.com\\\/wp-content\\\/uploads\\\/2024\\\/08\\\/cropped-RED-AMLO-logo-50.png\",\"width\":256,\"height\":256,\"caption\":\"NOTICIAS DE LA 4T\"},\"image\":{\"@id\":\"https:\\\/\\\/redamlo.com\\\/#\\\/schema\\\/logo\\\/image\\\/\"}},{\"@type\":\"Person\",\"@id\":\"https:\\\/\\\/redamlo.com\\\/#\\\/schema\\\/person\\\/197a0a670d21b1f4f1483ddda1b64613\",\"name\":\"admin\",\"image\":{\"@type\":\"ImageObject\",\"inLanguage\":\"es\",\"@id\":\"https:\\\/\\\/secure.gravatar.com\\\/avatar\\\/293dccd927043f2e641da6685c2f84009782eb9ee0054daceada4e261ded849a?s=96&d=mm&r=g\",\"url\":\"https:\\\/\\\/secure.gravatar.com\\\/avatar\\\/293dccd927043f2e641da6685c2f84009782eb9ee0054daceada4e261ded849a?s=96&d=mm&r=g\",\"contentUrl\":\"https:\\\/\\\/secure.gravatar.com\\\/avatar\\\/293dccd927043f2e641da6685c2f84009782eb9ee0054daceada4e261ded849a?s=96&d=mm&r=g\",\"caption\":\"admin\"},\"sameAs\":[\"https:\\\/\\\/redamlo.com\"],\"url\":\"https:\\\/\\\/redamlo.com\\\/index.php\\\/author\\\/stell\\\/\"}]}<\/script>\n<!-- \/ Yoast SEO plugin. -->","yoast_head_json":{"title":"AMLO nacionaliza empresa exportadora de sal - NOTICIAS DE LA 4T","robots":{"index":"noindex","follow":"follow","max-snippet":"max-snippet:-1","max-image-preview":"max-image-preview:large","max-video-preview":"max-video-preview:-1"},"og_locale":"es_MX","og_type":"article","og_title":"AMLO nacionaliza empresa exportadora de sal - NOTICIAS DE LA 4T","og_description":"En el municipio de Muleg\u00e9, Baja California Sur, el presidente Andr\u00e9s Manuel L\u00f3pez Obrador nacionaliz\u00f3...","og_url":"https:\/\/redamlo.com\/index.php\/2024\/02\/24\/amlo-nacionaliza-empresa-exportadora-de-sal\/","og_site_name":"NOTICIAS DE LA 4T","article_published_time":"2024-02-25T01:25:25+00:00","og_image":[{"width":1500,"height":1000,"url":"https:\/\/redamlo.com\/wp-content\/uploads\/2024\/02\/2024-02-25-Presidente-AMLO-Exportadora-de-sal-Baja-California-Sur-Foto-08.jpg","type":"image\/jpeg"}],"author":"admin","twitter_card":"summary_large_image","twitter_misc":{"Escrito por":"admin","Tiempo de lectura":"4 minutos"},"schema":{"@context":"https:\/\/schema.org","@graph":[{"@type":"Article","@id":"https:\/\/redamlo.com\/index.php\/2024\/02\/24\/amlo-nacionaliza-empresa-exportadora-de-sal\/#article","isPartOf":{"@id":"https:\/\/redamlo.com\/index.php\/2024\/02\/24\/amlo-nacionaliza-empresa-exportadora-de-sal\/"},"author":{"name":"admin","@id":"https:\/\/redamlo.com\/#\/schema\/person\/197a0a670d21b1f4f1483ddda1b64613"},"headline":"AMLO nacionaliza empresa exportadora de sal","datePublished":"2024-02-25T01:25:25+00:00","mainEntityOfPage":{"@id":"https:\/\/redamlo.com\/index.php\/2024\/02\/24\/amlo-nacionaliza-empresa-exportadora-de-sal\/"},"wordCount":932,"commentCount":0,"publisher":{"@id":"https:\/\/redamlo.com\/#organization"},"image":{"@id":"https:\/\/redamlo.com\/index.php\/2024\/02\/24\/amlo-nacionaliza-empresa-exportadora-de-sal\/#primaryimage"},"thumbnailUrl":"https:\/\/redamlo.com\/wp-content\/uploads\/2024\/02\/2024-02-25-Presidente-AMLO-Exportadora-de-sal-Baja-California-Sur-Foto-08.jpg","keywords":["AMLO","Baja California Sur","empresa de sal","Secretar\u00eda de Econom\u00eda"],"articleSection":["Econom\u00eda","Presidencia"],"inLanguage":"es","potentialAction":[{"@type":"CommentAction","name":"Comment","target":["https:\/\/redamlo.com\/index.php\/2024\/02\/24\/amlo-nacionaliza-empresa-exportadora-de-sal\/#respond"]}]},{"@type":"WebPage","@id":"https:\/\/redamlo.com\/index.php\/2024\/02\/24\/amlo-nacionaliza-empresa-exportadora-de-sal\/","url":"https:\/\/redamlo.com\/index.php\/2024\/02\/24\/amlo-nacionaliza-empresa-exportadora-de-sal\/","name":"AMLO nacionaliza empresa exportadora de sal - NOTICIAS DE LA 4T","isPartOf":{"@id":"https:\/\/redamlo.com\/#website"},"primaryImageOfPage":{"@id":"https:\/\/redamlo.com\/index.php\/2024\/02\/24\/amlo-nacionaliza-empresa-exportadora-de-sal\/#primaryimage"},"image":{"@id":"https:\/\/redamlo.com\/index.php\/2024\/02\/24\/amlo-nacionaliza-empresa-exportadora-de-sal\/#primaryimage"},"thumbnailUrl":"https:\/\/redamlo.com\/wp-content\/uploads\/2024\/02\/2024-02-25-Presidente-AMLO-Exportadora-de-sal-Baja-California-Sur-Foto-08.jpg","datePublished":"2024-02-25T01:25:25+00:00","breadcrumb":{"@id":"https:\/\/redamlo.com\/index.php\/2024\/02\/24\/amlo-nacionaliza-empresa-exportadora-de-sal\/#breadcrumb"},"inLanguage":"es","potentialAction":[{"@type":"ReadAction","target":["https:\/\/redamlo.com\/index.php\/2024\/02\/24\/amlo-nacionaliza-empresa-exportadora-de-sal\/"]}]},{"@type":"ImageObject","inLanguage":"es","@id":"https:\/\/redamlo.com\/index.php\/2024\/02\/24\/amlo-nacionaliza-empresa-exportadora-de-sal\/#primaryimage","url":"https:\/\/redamlo.com\/wp-content\/uploads\/2024\/02\/2024-02-25-Presidente-AMLO-Exportadora-de-sal-Baja-California-Sur-Foto-08.jpg","contentUrl":"https:\/\/redamlo.com\/wp-content\/uploads\/2024\/02\/2024-02-25-Presidente-AMLO-Exportadora-de-sal-Baja-California-Sur-Foto-08.jpg","width":1500,"height":1000},{"@type":"BreadcrumbList","@id":"https:\/\/redamlo.com\/index.php\/2024\/02\/24\/amlo-nacionaliza-empresa-exportadora-de-sal\/#breadcrumb","itemListElement":[{"@type":"ListItem","position":1,"name":"Inicio","item":"https:\/\/redamlo.com\/"},{"@type":"ListItem","position":2,"name":"AMLO nacionaliza empresa exportadora de sal"}]},{"@type":"WebSite","@id":"https:\/\/redamlo.com\/#website","url":"https:\/\/redamlo.com\/","name":"NOTICIAS DE LA 4T","description":"","publisher":{"@id":"https:\/\/redamlo.com\/#organization"},"potentialAction":[{"@type":"SearchAction","target":{"@type":"EntryPoint","urlTemplate":"https:\/\/redamlo.com\/?s={search_term_string}"},"query-input":{"@type":"PropertyValueSpecification","valueRequired":true,"valueName":"search_term_string"}}],"inLanguage":"es"},{"@type":"Organization","@id":"https:\/\/redamlo.com\/#organization","name":"NOTICIAS DE LA 4T","url":"https:\/\/redamlo.com\/","logo":{"@type":"ImageObject","inLanguage":"es","@id":"https:\/\/redamlo.com\/#\/schema\/logo\/image\/","url":"https:\/\/redamlo.com\/wp-content\/uploads\/2024\/08\/cropped-RED-AMLO-logo-50.png","contentUrl":"https:\/\/redamlo.com\/wp-content\/uploads\/2024\/08\/cropped-RED-AMLO-logo-50.png","width":256,"height":256,"caption":"NOTICIAS DE LA 4T"},"image":{"@id":"https:\/\/redamlo.com\/#\/schema\/logo\/image\/"}},{"@type":"Person","@id":"https:\/\/redamlo.com\/#\/schema\/person\/197a0a670d21b1f4f1483ddda1b64613","name":"admin","image":{"@type":"ImageObject","inLanguage":"es","@id":"https:\/\/secure.gravatar.com\/avatar\/293dccd927043f2e641da6685c2f84009782eb9ee0054daceada4e261ded849a?s=96&d=mm&r=g","url":"https:\/\/secure.gravatar.com\/avatar\/293dccd927043f2e641da6685c2f84009782eb9ee0054daceada4e261ded849a?s=96&d=mm&r=g","contentUrl":"https:\/\/secure.gravatar.com\/avatar\/293dccd927043f2e641da6685c2f84009782eb9ee0054daceada4e261ded849a?s=96&d=mm&r=g","caption":"admin"},"sameAs":["https:\/\/redamlo.com"],"url":"https:\/\/redamlo.com\/index.php\/author\/stell\/"}]}},"_links":{"self":[{"href":"https:\/\/redamlo.com\/index.php\/wp-json\/wp\/v2\/posts\/7401","targetHints":{"allow":["GET"]}}],"collection":[{"href":"https:\/\/redamlo.com\/index.php\/wp-json\/wp\/v2\/posts"}],"about":[{"href":"https:\/\/redamlo.com\/index.php\/wp-json\/wp\/v2\/types\/post"}],"author":[{"embeddable":true,"href":"https:\/\/redamlo.com\/index.php\/wp-json\/wp\/v2\/users\/1"}],"replies":[{"embeddable":true,"href":"https:\/\/redamlo.com\/index.php\/wp-json\/wp\/v2\/comments?post=7401"}],"version-history":[{"count":0,"href":"https:\/\/redamlo.com\/index.php\/wp-json\/wp\/v2\/posts\/7401\/revisions"}],"wp:featuredmedia":[{"embeddable":true,"href":"https:\/\/redamlo.com\/index.php\/wp-json\/wp\/v2\/media\/7402"}],"wp:attachment":[{"href":"https:\/\/redamlo.com\/index.php\/wp-json\/wp\/v2\/media?parent=7401"}],"wp:term":[{"taxonomy":"category","embeddable":true,"href":"https:\/\/redamlo.com\/index.php\/wp-json\/wp\/v2\/categories?post=7401"},{"taxonomy":"post_tag","embeddable":true,"href":"https:\/\/redamlo.com\/index.php\/wp-json\/wp\/v2\/tags?post=7401"}],"curies":[{"name":"wp","href":"https:\/\/api.w.org\/{rel}","templated":true}]}}