{"id":7385,"date":"2024-02-23T17:35:46","date_gmt":"2024-02-23T23:35:46","guid":{"rendered":"https:\/\/redamlo.com\/?p=7385"},"modified":"2024-02-23T17:35:46","modified_gmt":"2024-02-23T23:35:46","slug":"gobierno-garantiza-agua-en-el-pais-con-importantes-obras","status":"publish","type":"post","link":"https:\/\/redamlo.com\/index.php\/2024\/02\/23\/gobierno-garantiza-agua-en-el-pais-con-importantes-obras\/","title":{"rendered":"GOBIERNO GARANTIZA AGUA EN EL PA\u00cdS CON IMPORTANTES OBRAS"},"content":{"rendered":"<p>En su visita a Valle de Guadalupe, Jalisco, el presidente Andr\u00e9s Manuel L\u00f3pez Obrador afirm\u00f3 que el gobierno federal trabaja en asegurar el abasto de agua para uso dom\u00e9stico de la poblaci\u00f3n.<\/p>\n<p>&nbsp;<\/p>\n<p>Al inaugurar el Acueducto El Salto-La Red-Calder\u00f3n, resalt\u00f3 las obras realizadas en colaboraci\u00f3n con la Comisi\u00f3n Nacional del Agua (Conagua), gobiernos estatales e ingenieros militares para garantizar el acceso a este recurso.<\/p>\n<blockquote><p>\u201cAyudamos a resolver el problema de la falta de agua en Monterrey y en la zona metropolitana. Hace menos de dos a\u00f1os ellos enfrentaron una crisis tremenda de escasez de agua y con Germ\u00e1n (Martinez Santoyo), con los ingenieros militares se hizo tambi\u00e9n un acueducto de 80 kil\u00f3metros de una presa que se llama El Cuchillo y ya ahora en Monterrey tienen 5 mil litros por segundo adicionales, ya se resolvi\u00f3 el problema del abasto de agua\u201d, refiri\u00f3.<\/p>\n<p>https:\/\/www.youtube.com\/watch?v=QizUnSqyNMQ<\/p><\/blockquote>\n<p>Record\u00f3 que en Calakmul, Campeche, tambi\u00e9n se atendi\u00f3 el problema de abasto con la inauguraci\u00f3n del Acueducto Adolfo L\u00f3pez Mateos-Xpujil.<\/p>\n<p>El jefe del Ejecutivo dio a conocer que el plan Agua Saludable para La Laguna provee agua limpia a nueve municipios de La Comarca Lagunera en Coahuila y Durango.<\/p>\n<p>Este d\u00eda, el presidente inaugurar\u00e1 adem\u00e1s el Acueducto Picachos-Concordia en Sinaloa y ma\u00f1ana el Acueducto Yaqui de la presa \u00c1lvaro Obreg\u00f3n en Cajeme, Sonora, como parte del Plan de Justicia para el Pueblo Yaqui.<\/p>\n<p>\u201cSon obras que no se conocen mucho porque no son obras de delumbr\u00f3n, pero s\u00ed son obras muy importantes en lo humano, en lo social, en beneficio de nuestro pueblo\u201d, subray\u00f3.<\/p>\n<h2>Acueducto El Salto-La Red-Calder\u00f3n ayudar\u00e1 al pueblo humilde de Guadalajara<\/h2>\n<p>\u201cA partir de hoy, ya mil litros por segundo para Guadalajara y en pocos d\u00edas, meses, 2 mil litros por segundo m\u00e1s, 3 mil litros por segundo. Esto como lo mencion\u00f3 Enrique (Alfaro Ram\u00edrez) va a significar ayudar mucho a la gente de Guadalajara, sobre todo a la gente m\u00e1s humilde, tener acceso al agua que es un derecho humano fundamental\u201d, expres\u00f3 el presidente L\u00f3pez Obrador en la inauguraci\u00f3n del Acueducto El Salto-La Red-Calder\u00f3n en Jalisco.<\/p>\n<p>De acuerdo con el director general de la Conagua, Germ\u00e1n Mart\u00ednez Santoyo, la primera etapa de este acueducto que comunica tres presas del Proyecto El Zapotillo, beneficiar\u00e1 a cerca de un mill\u00f3n de habitantes en la zona conurbada de Guadalajara que no contaban con abasto de agua regular.<\/p>\n<p>Con una inversi\u00f3n de 3 mil 571 millones de pesos se construyeron 38.9 kil\u00f3metros de acueducto y una planta de bombeo.<\/p>\n<p>El mandatario reconoci\u00f3 la lucha de los pobladores de las comunidades de Acasico, Temacapul\u00edn y Palmarejo que se opon\u00edan a la construcci\u00f3n del acueducto y gracias al di\u00e1logo y a su colaboraci\u00f3n se encontr\u00f3 una alternativa.<\/p>\n<blockquote><p>\u201cEs hist\u00f3rico, porque es el resultado del esfuerzo, de la suma de voluntades, del di\u00e1logo de mucha gente, lo m\u00e1s importante fue la voluntad de los tres pueblos que se opon\u00edan a la construcci\u00f3n de la presa, no sin raz\u00f3n, porque iba a significar desaparecer a tres pueblos con mucha historia en Los Altos de Jalisco. Eso es lo m\u00e1s importante, que se haya luchado para evitar que se inundaran los pueblos y que al mismo tiempo, con la participaci\u00f3n de todos, se lograra una alternativa, una opci\u00f3n\u201d, explic\u00f3.<\/p><\/blockquote>\n<p>Durante el evento, el presidente L\u00f3pez Obrador anunci\u00f3 que en Baja California Sur firmar\u00e1 un convenio con empresarios japoneses para recuperar una empresa de producci\u00f3n de sal y que pase a ser propiedad de la naci\u00f3n.<\/p>\n<p>Acompa\u00f1aron al presidente: el gobernador de Jalisco, Enrique Alfaro Ram\u00edrez; el subsecretario de Egresos de la Secretar\u00eda de Hacienda y Cr\u00e9dito P\u00fablico, Juan Pablo de Botton Falc\u00f3n; la encargada de la Presa El Zapotillo y del Plan de Justicia para los pueblos de Temacapul\u00edn, Acasico y Palmarejo, Claudia G\u00f3mez Godoy y los subdirectores generales de Administraci\u00f3n, Jos\u00e9 Antonio Zamora Gayosso y de Agua Potable, Drenaje y Saneamiento de la Comisi\u00f3n Nacional del Agua, Felipe Zatar\u00e1in Mendoza.<\/p>\n","protected":false},"excerpt":{"rendered":"<p>En su visita a Valle de Guadalupe, Jalisco, el presidente Andr\u00e9s Manuel L\u00f3pez Obrador afirm\u00f3&#8230;<\/p>\n","protected":false},"author":1,"featured_media":7386,"comment_status":"open","ping_status":"closed","sticky":false,"template":"","format":"standard","meta":{"footnotes":""},"categories":[27],"tags":[2637,84,2638],"class_list":["post-7385","post","type-post","status-publish","format-standard","has-post-thumbnail","hentry","category-presidencia","tag-abasto-de-agua","tag-amlo","tag-sistema-de-agua"],"yoast_head":"<!-- This site is optimized with the Yoast SEO plugin v27.5 - https:\/\/yoast.com\/product\/yoast-seo-wordpress\/ -->\n<title>GOBIERNO GARANTIZA AGUA EN EL PA\u00cdS CON IMPORTANTES OBRAS - NOTICIAS DE LA 4T<\/title>\n<meta name=\"robots\" content=\"noindex, follow, max-snippet:-1, max-image-preview:large, max-video-preview:-1\" \/>\n<meta property=\"og:locale\" content=\"es_MX\" \/>\n<meta property=\"og:type\" content=\"article\" \/>\n<meta property=\"og:title\" content=\"GOBIERNO GARANTIZA AGUA EN EL PA\u00cdS CON IMPORTANTES OBRAS - NOTICIAS DE LA 4T\" \/>\n<meta property=\"og:description\" content=\"En su visita a Valle de Guadalupe, Jalisco, el presidente Andr\u00e9s Manuel L\u00f3pez Obrador afirm\u00f3...\" \/>\n<meta property=\"og:url\" content=\"https:\/\/redamlo.com\/index.php\/2024\/02\/23\/gobierno-garantiza-agua-en-el-pais-con-importantes-obras\/\" \/>\n<meta property=\"og:site_name\" content=\"NOTICIAS DE LA 4T\" \/>\n<meta property=\"article:published_time\" content=\"2024-02-23T23:35:46+00:00\" \/>\n<meta property=\"og:image\" content=\"https:\/\/redamlo.com\/wp-content\/uploads\/2024\/02\/2024-02-23-Presidente-AMLO-Inauguracion-de-Acueducto-Jalisco-Foto-12-1-e1708725617340.jpg\" \/>\n\t<meta property=\"og:image:width\" content=\"1112\" \/>\n\t<meta property=\"og:image:height\" content=\"683\" \/>\n\t<meta property=\"og:image:type\" content=\"image\/jpeg\" \/>\n<meta name=\"author\" content=\"admin\" \/>\n<meta name=\"twitter:card\" content=\"summary_large_image\" \/>\n<meta name=\"twitter:label1\" content=\"Escrito por\" \/>\n\t<meta name=\"twitter:data1\" content=\"admin\" \/>\n\t<meta name=\"twitter:label2\" content=\"Tiempo de lectura\" \/>\n\t<meta name=\"twitter:data2\" content=\"3 minutos\" \/>\n<script type=\"application\/ld+json\" class=\"yoast-schema-graph\">{\"@context\":\"https:\\\/\\\/schema.org\",\"@graph\":[{\"@type\":\"Article\",\"@id\":\"https:\\\/\\\/redamlo.com\\\/index.php\\\/2024\\\/02\\\/23\\\/gobierno-garantiza-agua-en-el-pais-con-importantes-obras\\\/#article\",\"isPartOf\":{\"@id\":\"https:\\\/\\\/redamlo.com\\\/index.php\\\/2024\\\/02\\\/23\\\/gobierno-garantiza-agua-en-el-pais-con-importantes-obras\\\/\"},\"author\":{\"name\":\"admin\",\"@id\":\"https:\\\/\\\/redamlo.com\\\/#\\\/schema\\\/person\\\/197a0a670d21b1f4f1483ddda1b64613\"},\"headline\":\"GOBIERNO GARANTIZA AGUA EN EL PA\u00cdS CON IMPORTANTES OBRAS\",\"datePublished\":\"2024-02-23T23:35:46+00:00\",\"mainEntityOfPage\":{\"@id\":\"https:\\\/\\\/redamlo.com\\\/index.php\\\/2024\\\/02\\\/23\\\/gobierno-garantiza-agua-en-el-pais-con-importantes-obras\\\/\"},\"wordCount\":719,\"commentCount\":0,\"publisher\":{\"@id\":\"https:\\\/\\\/redamlo.com\\\/#organization\"},\"image\":{\"@id\":\"https:\\\/\\\/redamlo.com\\\/index.php\\\/2024\\\/02\\\/23\\\/gobierno-garantiza-agua-en-el-pais-con-importantes-obras\\\/#primaryimage\"},\"thumbnailUrl\":\"https:\\\/\\\/redamlo.com\\\/wp-content\\\/uploads\\\/2024\\\/02\\\/2024-02-23-Presidente-AMLO-Inauguracion-de-Acueducto-Jalisco-Foto-12-1-e1708725617340.jpg\",\"keywords\":[\"abasto de agua\",\"AMLO\",\"sistema de agua\"],\"articleSection\":[\"Presidencia\"],\"inLanguage\":\"es\",\"potentialAction\":[{\"@type\":\"CommentAction\",\"name\":\"Comment\",\"target\":[\"https:\\\/\\\/redamlo.com\\\/index.php\\\/2024\\\/02\\\/23\\\/gobierno-garantiza-agua-en-el-pais-con-importantes-obras\\\/#respond\"]}]},{\"@type\":\"WebPage\",\"@id\":\"https:\\\/\\\/redamlo.com\\\/index.php\\\/2024\\\/02\\\/23\\\/gobierno-garantiza-agua-en-el-pais-con-importantes-obras\\\/\",\"url\":\"https:\\\/\\\/redamlo.com\\\/index.php\\\/2024\\\/02\\\/23\\\/gobierno-garantiza-agua-en-el-pais-con-importantes-obras\\\/\",\"name\":\"GOBIERNO GARANTIZA AGUA EN EL PA\u00cdS CON IMPORTANTES OBRAS - NOTICIAS DE LA 4T\",\"isPartOf\":{\"@id\":\"https:\\\/\\\/redamlo.com\\\/#website\"},\"primaryImageOfPage\":{\"@id\":\"https:\\\/\\\/redamlo.com\\\/index.php\\\/2024\\\/02\\\/23\\\/gobierno-garantiza-agua-en-el-pais-con-importantes-obras\\\/#primaryimage\"},\"image\":{\"@id\":\"https:\\\/\\\/redamlo.com\\\/index.php\\\/2024\\\/02\\\/23\\\/gobierno-garantiza-agua-en-el-pais-con-importantes-obras\\\/#primaryimage\"},\"thumbnailUrl\":\"https:\\\/\\\/redamlo.com\\\/wp-content\\\/uploads\\\/2024\\\/02\\\/2024-02-23-Presidente-AMLO-Inauguracion-de-Acueducto-Jalisco-Foto-12-1-e1708725617340.jpg\",\"datePublished\":\"2024-02-23T23:35:46+00:00\",\"breadcrumb\":{\"@id\":\"https:\\\/\\\/redamlo.com\\\/index.php\\\/2024\\\/02\\\/23\\\/gobierno-garantiza-agua-en-el-pais-con-importantes-obras\\\/#breadcrumb\"},\"inLanguage\":\"es\",\"potentialAction\":[{\"@type\":\"ReadAction\",\"target\":[\"https:\\\/\\\/redamlo.com\\\/index.php\\\/2024\\\/02\\\/23\\\/gobierno-garantiza-agua-en-el-pais-con-importantes-obras\\\/\"]}]},{\"@type\":\"ImageObject\",\"inLanguage\":\"es\",\"@id\":\"https:\\\/\\\/redamlo.com\\\/index.php\\\/2024\\\/02\\\/23\\\/gobierno-garantiza-agua-en-el-pais-con-importantes-obras\\\/#primaryimage\",\"url\":\"https:\\\/\\\/redamlo.com\\\/wp-content\\\/uploads\\\/2024\\\/02\\\/2024-02-23-Presidente-AMLO-Inauguracion-de-Acueducto-Jalisco-Foto-12-1-e1708725617340.jpg\",\"contentUrl\":\"https:\\\/\\\/redamlo.com\\\/wp-content\\\/uploads\\\/2024\\\/02\\\/2024-02-23-Presidente-AMLO-Inauguracion-de-Acueducto-Jalisco-Foto-12-1-e1708725617340.jpg\",\"width\":1112,\"height\":683},{\"@type\":\"BreadcrumbList\",\"@id\":\"https:\\\/\\\/redamlo.com\\\/index.php\\\/2024\\\/02\\\/23\\\/gobierno-garantiza-agua-en-el-pais-con-importantes-obras\\\/#breadcrumb\",\"itemListElement\":[{\"@type\":\"ListItem\",\"position\":1,\"name\":\"Inicio\",\"item\":\"https:\\\/\\\/redamlo.com\\\/\"},{\"@type\":\"ListItem\",\"position\":2,\"name\":\"GOBIERNO GARANTIZA AGUA EN EL PA\u00cdS CON IMPORTANTES OBRAS\"}]},{\"@type\":\"WebSite\",\"@id\":\"https:\\\/\\\/redamlo.com\\\/#website\",\"url\":\"https:\\\/\\\/redamlo.com\\\/\",\"name\":\"NOTICIAS DE LA 4T\",\"description\":\"\",\"publisher\":{\"@id\":\"https:\\\/\\\/redamlo.com\\\/#organization\"},\"potentialAction\":[{\"@type\":\"SearchAction\",\"target\":{\"@type\":\"EntryPoint\",\"urlTemplate\":\"https:\\\/\\\/redamlo.com\\\/?s={search_term_string}\"},\"query-input\":{\"@type\":\"PropertyValueSpecification\",\"valueRequired\":true,\"valueName\":\"search_term_string\"}}],\"inLanguage\":\"es\"},{\"@type\":\"Organization\",\"@id\":\"https:\\\/\\\/redamlo.com\\\/#organization\",\"name\":\"NOTICIAS DE LA 4T\",\"url\":\"https:\\\/\\\/redamlo.com\\\/\",\"logo\":{\"@type\":\"ImageObject\",\"inLanguage\":\"es\",\"@id\":\"https:\\\/\\\/redamlo.com\\\/#\\\/schema\\\/logo\\\/image\\\/\",\"url\":\"https:\\\/\\\/redamlo.com\\\/wp-content\\\/uploads\\\/2024\\\/08\\\/cropped-RED-AMLO-logo-50.png\",\"contentUrl\":\"https:\\\/\\\/redamlo.com\\\/wp-content\\\/uploads\\\/2024\\\/08\\\/cropped-RED-AMLO-logo-50.png\",\"width\":256,\"height\":256,\"caption\":\"NOTICIAS DE LA 4T\"},\"image\":{\"@id\":\"https:\\\/\\\/redamlo.com\\\/#\\\/schema\\\/logo\\\/image\\\/\"}},{\"@type\":\"Person\",\"@id\":\"https:\\\/\\\/redamlo.com\\\/#\\\/schema\\\/person\\\/197a0a670d21b1f4f1483ddda1b64613\",\"name\":\"admin\",\"image\":{\"@type\":\"ImageObject\",\"inLanguage\":\"es\",\"@id\":\"https:\\\/\\\/secure.gravatar.com\\\/avatar\\\/293dccd927043f2e641da6685c2f84009782eb9ee0054daceada4e261ded849a?s=96&d=mm&r=g\",\"url\":\"https:\\\/\\\/secure.gravatar.com\\\/avatar\\\/293dccd927043f2e641da6685c2f84009782eb9ee0054daceada4e261ded849a?s=96&d=mm&r=g\",\"contentUrl\":\"https:\\\/\\\/secure.gravatar.com\\\/avatar\\\/293dccd927043f2e641da6685c2f84009782eb9ee0054daceada4e261ded849a?s=96&d=mm&r=g\",\"caption\":\"admin\"},\"sameAs\":[\"https:\\\/\\\/redamlo.com\"],\"url\":\"https:\\\/\\\/redamlo.com\\\/index.php\\\/author\\\/stell\\\/\"}]}<\/script>\n<!-- \/ Yoast SEO plugin. -->","yoast_head_json":{"title":"GOBIERNO GARANTIZA AGUA EN EL PA\u00cdS CON IMPORTANTES OBRAS - NOTICIAS DE LA 4T","robots":{"index":"noindex","follow":"follow","max-snippet":"max-snippet:-1","max-image-preview":"max-image-preview:large","max-video-preview":"max-video-preview:-1"},"og_locale":"es_MX","og_type":"article","og_title":"GOBIERNO GARANTIZA AGUA EN EL PA\u00cdS CON IMPORTANTES OBRAS - NOTICIAS DE LA 4T","og_description":"En su visita a Valle de Guadalupe, Jalisco, el presidente Andr\u00e9s Manuel L\u00f3pez Obrador afirm\u00f3...","og_url":"https:\/\/redamlo.com\/index.php\/2024\/02\/23\/gobierno-garantiza-agua-en-el-pais-con-importantes-obras\/","og_site_name":"NOTICIAS DE LA 4T","article_published_time":"2024-02-23T23:35:46+00:00","og_image":[{"width":1112,"height":683,"url":"https:\/\/redamlo.com\/wp-content\/uploads\/2024\/02\/2024-02-23-Presidente-AMLO-Inauguracion-de-Acueducto-Jalisco-Foto-12-1-e1708725617340.jpg","type":"image\/jpeg"}],"author":"admin","twitter_card":"summary_large_image","twitter_misc":{"Escrito por":"admin","Tiempo de lectura":"3 minutos"},"schema":{"@context":"https:\/\/schema.org","@graph":[{"@type":"Article","@id":"https:\/\/redamlo.com\/index.php\/2024\/02\/23\/gobierno-garantiza-agua-en-el-pais-con-importantes-obras\/#article","isPartOf":{"@id":"https:\/\/redamlo.com\/index.php\/2024\/02\/23\/gobierno-garantiza-agua-en-el-pais-con-importantes-obras\/"},"author":{"name":"admin","@id":"https:\/\/redamlo.com\/#\/schema\/person\/197a0a670d21b1f4f1483ddda1b64613"},"headline":"GOBIERNO GARANTIZA AGUA EN EL PA\u00cdS CON IMPORTANTES OBRAS","datePublished":"2024-02-23T23:35:46+00:00","mainEntityOfPage":{"@id":"https:\/\/redamlo.com\/index.php\/2024\/02\/23\/gobierno-garantiza-agua-en-el-pais-con-importantes-obras\/"},"wordCount":719,"commentCount":0,"publisher":{"@id":"https:\/\/redamlo.com\/#organization"},"image":{"@id":"https:\/\/redamlo.com\/index.php\/2024\/02\/23\/gobierno-garantiza-agua-en-el-pais-con-importantes-obras\/#primaryimage"},"thumbnailUrl":"https:\/\/redamlo.com\/wp-content\/uploads\/2024\/02\/2024-02-23-Presidente-AMLO-Inauguracion-de-Acueducto-Jalisco-Foto-12-1-e1708725617340.jpg","keywords":["abasto de agua","AMLO","sistema de agua"],"articleSection":["Presidencia"],"inLanguage":"es","potentialAction":[{"@type":"CommentAction","name":"Comment","target":["https:\/\/redamlo.com\/index.php\/2024\/02\/23\/gobierno-garantiza-agua-en-el-pais-con-importantes-obras\/#respond"]}]},{"@type":"WebPage","@id":"https:\/\/redamlo.com\/index.php\/2024\/02\/23\/gobierno-garantiza-agua-en-el-pais-con-importantes-obras\/","url":"https:\/\/redamlo.com\/index.php\/2024\/02\/23\/gobierno-garantiza-agua-en-el-pais-con-importantes-obras\/","name":"GOBIERNO GARANTIZA AGUA EN EL PA\u00cdS CON IMPORTANTES OBRAS - NOTICIAS DE LA 4T","isPartOf":{"@id":"https:\/\/redamlo.com\/#website"},"primaryImageOfPage":{"@id":"https:\/\/redamlo.com\/index.php\/2024\/02\/23\/gobierno-garantiza-agua-en-el-pais-con-importantes-obras\/#primaryimage"},"image":{"@id":"https:\/\/redamlo.com\/index.php\/2024\/02\/23\/gobierno-garantiza-agua-en-el-pais-con-importantes-obras\/#primaryimage"},"thumbnailUrl":"https:\/\/redamlo.com\/wp-content\/uploads\/2024\/02\/2024-02-23-Presidente-AMLO-Inauguracion-de-Acueducto-Jalisco-Foto-12-1-e1708725617340.jpg","datePublished":"2024-02-23T23:35:46+00:00","breadcrumb":{"@id":"https:\/\/redamlo.com\/index.php\/2024\/02\/23\/gobierno-garantiza-agua-en-el-pais-con-importantes-obras\/#breadcrumb"},"inLanguage":"es","potentialAction":[{"@type":"ReadAction","target":["https:\/\/redamlo.com\/index.php\/2024\/02\/23\/gobierno-garantiza-agua-en-el-pais-con-importantes-obras\/"]}]},{"@type":"ImageObject","inLanguage":"es","@id":"https:\/\/redamlo.com\/index.php\/2024\/02\/23\/gobierno-garantiza-agua-en-el-pais-con-importantes-obras\/#primaryimage","url":"https:\/\/redamlo.com\/wp-content\/uploads\/2024\/02\/2024-02-23-Presidente-AMLO-Inauguracion-de-Acueducto-Jalisco-Foto-12-1-e1708725617340.jpg","contentUrl":"https:\/\/redamlo.com\/wp-content\/uploads\/2024\/02\/2024-02-23-Presidente-AMLO-Inauguracion-de-Acueducto-Jalisco-Foto-12-1-e1708725617340.jpg","width":1112,"height":683},{"@type":"BreadcrumbList","@id":"https:\/\/redamlo.com\/index.php\/2024\/02\/23\/gobierno-garantiza-agua-en-el-pais-con-importantes-obras\/#breadcrumb","itemListElement":[{"@type":"ListItem","position":1,"name":"Inicio","item":"https:\/\/redamlo.com\/"},{"@type":"ListItem","position":2,"name":"GOBIERNO GARANTIZA AGUA EN EL PA\u00cdS CON IMPORTANTES OBRAS"}]},{"@type":"WebSite","@id":"https:\/\/redamlo.com\/#website","url":"https:\/\/redamlo.com\/","name":"NOTICIAS DE LA 4T","description":"","publisher":{"@id":"https:\/\/redamlo.com\/#organization"},"potentialAction":[{"@type":"SearchAction","target":{"@type":"EntryPoint","urlTemplate":"https:\/\/redamlo.com\/?s={search_term_string}"},"query-input":{"@type":"PropertyValueSpecification","valueRequired":true,"valueName":"search_term_string"}}],"inLanguage":"es"},{"@type":"Organization","@id":"https:\/\/redamlo.com\/#organization","name":"NOTICIAS DE LA 4T","url":"https:\/\/redamlo.com\/","logo":{"@type":"ImageObject","inLanguage":"es","@id":"https:\/\/redamlo.com\/#\/schema\/logo\/image\/","url":"https:\/\/redamlo.com\/wp-content\/uploads\/2024\/08\/cropped-RED-AMLO-logo-50.png","contentUrl":"https:\/\/redamlo.com\/wp-content\/uploads\/2024\/08\/cropped-RED-AMLO-logo-50.png","width":256,"height":256,"caption":"NOTICIAS DE LA 4T"},"image":{"@id":"https:\/\/redamlo.com\/#\/schema\/logo\/image\/"}},{"@type":"Person","@id":"https:\/\/redamlo.com\/#\/schema\/person\/197a0a670d21b1f4f1483ddda1b64613","name":"admin","image":{"@type":"ImageObject","inLanguage":"es","@id":"https:\/\/secure.gravatar.com\/avatar\/293dccd927043f2e641da6685c2f84009782eb9ee0054daceada4e261ded849a?s=96&d=mm&r=g","url":"https:\/\/secure.gravatar.com\/avatar\/293dccd927043f2e641da6685c2f84009782eb9ee0054daceada4e261ded849a?s=96&d=mm&r=g","contentUrl":"https:\/\/secure.gravatar.com\/avatar\/293dccd927043f2e641da6685c2f84009782eb9ee0054daceada4e261ded849a?s=96&d=mm&r=g","caption":"admin"},"sameAs":["https:\/\/redamlo.com"],"url":"https:\/\/redamlo.com\/index.php\/author\/stell\/"}]}},"_links":{"self":[{"href":"https:\/\/redamlo.com\/index.php\/wp-json\/wp\/v2\/posts\/7385","targetHints":{"allow":["GET"]}}],"collection":[{"href":"https:\/\/redamlo.com\/index.php\/wp-json\/wp\/v2\/posts"}],"about":[{"href":"https:\/\/redamlo.com\/index.php\/wp-json\/wp\/v2\/types\/post"}],"author":[{"embeddable":true,"href":"https:\/\/redamlo.com\/index.php\/wp-json\/wp\/v2\/users\/1"}],"replies":[{"embeddable":true,"href":"https:\/\/redamlo.com\/index.php\/wp-json\/wp\/v2\/comments?post=7385"}],"version-history":[{"count":0,"href":"https:\/\/redamlo.com\/index.php\/wp-json\/wp\/v2\/posts\/7385\/revisions"}],"wp:featuredmedia":[{"embeddable":true,"href":"https:\/\/redamlo.com\/index.php\/wp-json\/wp\/v2\/media\/7386"}],"wp:attachment":[{"href":"https:\/\/redamlo.com\/index.php\/wp-json\/wp\/v2\/media?parent=7385"}],"wp:term":[{"taxonomy":"category","embeddable":true,"href":"https:\/\/redamlo.com\/index.php\/wp-json\/wp\/v2\/categories?post=7385"},{"taxonomy":"post_tag","embeddable":true,"href":"https:\/\/redamlo.com\/index.php\/wp-json\/wp\/v2\/tags?post=7385"}],"curies":[{"name":"wp","href":"https:\/\/api.w.org\/{rel}","templated":true}]}}