{"id":736,"date":"2019-12-10T12:21:31","date_gmt":"2019-12-10T18:21:31","guid":{"rendered":"http:\/\/redamlo.com\/?p=736"},"modified":"2019-12-10T12:21:31","modified_gmt":"2019-12-10T18:21:31","slug":"es-hora-que-calderon-vaya-a-la-carcel-genaro-garcia-luna-amigo-y-colaborador-de-de-felipe-calderon-es-arrestado-en-estados-unidos","status":"publish","type":"post","link":"https:\/\/redamlo.com\/index.php\/2019\/12\/10\/es-hora-que-calderon-vaya-a-la-carcel-genaro-garcia-luna-amigo-y-colaborador-de-de-felipe-calderon-es-arrestado-en-estados-unidos\/","title":{"rendered":"\u00bfEs Hora que Calder\u00f3n Vaya a la C\u00e1rcel? Genaro Garc\u00eda Luna Amigo y colaborador de  de Felipe Calder\u00f3n es Arrestado en Estados Unidos"},"content":{"rendered":"<h2>Ciudad de M\u00e9xico a 10 de Diciembre 2019 (Cdmx Press).-<\/h2>\n<p id=\"m109-108-110\" class=\"paragraph \"><strong>Genaro Garc\u00eda Luna<\/strong>, exsecretario de Seguridad P\u00fablica del Gobierno Federal durante la administraci\u00f3n de Felipe Calder\u00f3n, fue\u00a0<strong>arrestado<\/strong>\u00a0este 10 de diciembre en la ciudad de Grapevine,\u00a0<strong>Texas<\/strong>\u00a0(sur de\u00a0<strong>Estados Unidos<\/strong>) acusado de corrupci\u00f3n.<\/p>\n<p id=\"m114-113-115\" class=\"paragraph \">La periodista estadounidense <strong>Ginger Thompson,<\/strong> de la agencia de noticias sin fines de lucro\u00a0<em>ProPublica<\/em>, afirm\u00f3 en su cuenta de Twitter que el exfuncionario mexicano deber\u00e1 responder por varias acusaciones de corrupci\u00f3n ante una corte del estado de Nueva York<\/p>\n<p>El Caso sera llevado por la misma corte que llevo el caso del Chapo en Estados Unidos.<\/p>\n<blockquote class=\"twitter-tweet\">\n<p dir=\"ltr\" lang=\"es\">Hoy detuvieron a Genaro Garcia Luna en EUA, pero hace algunos a\u00f1os asi lo expon\u00eda el entonces diputado Gerardo Noro\u00f1a.<\/p>\n<p>El es Garcia Luna ex Secretario de Seguridad de Felipe Calderon fue acusado de haber recibido 56 MILLONES DE PESOS del Cartel de Sinaloa.<\/p>\n<p>1\/2 <a href=\"https:\/\/t.co\/BJDKadaXGD\">pic.twitter.com\/BJDKadaXGD<\/a><\/p>\n<p>\u2014 G\u00f3mmber (@Gommber) <a href=\"https:\/\/twitter.com\/Gommber\/status\/1204460212540719105?ref_src=twsrc%5Etfw\">December 10, 2019<\/a><\/p><\/blockquote>\n<p><script async src=\"https:\/\/platform.twitter.com\/widgets.js\" charset=\"utf-8\"><\/script><\/p>\n<blockquote class=\"twitter-tweet\">\n<p dir=\"ltr\" lang=\"es\">2\/2<\/p>\n<p>Aunado a las acusaciones en contra de Calderon y Pe\u00f1a de parte del mismo Cartel.<\/p>\n<p>En este video podemos ver a Noro\u00f1a en el 2010 diciendole en su cara muchas de sus verdades y se\u00f1alando su riqueza inxplicable pero que hoy ya podemos darnos una idea de donde salio. <a href=\"https:\/\/t.co\/YFEJF8XLbZ\">pic.twitter.com\/YFEJF8XLbZ<\/a><\/p>\n<p>\u2014 G\u00f3mmber (@Gommber) <a href=\"https:\/\/twitter.com\/Gommber\/status\/1204460314994991104?ref_src=twsrc%5Etfw\">December 10, 2019<\/a><\/p><\/blockquote>\n<p><script async src=\"https:\/\/platform.twitter.com\/widgets.js\" charset=\"utf-8\"><\/script><\/p>\n","protected":false},"excerpt":{"rendered":"<p>Ciudad de M\u00e9xico a 10 de Diciembre 2019 (Cdmx Press).- Genaro Garc\u00eda Luna, exsecretario de&#8230;<\/p>\n","protected":false},"author":2,"featured_media":738,"comment_status":"open","ping_status":"closed","sticky":false,"template":"","format":"standard","meta":{"footnotes":""},"categories":[312],"tags":[],"class_list":["post-736","post","type-post","status-publish","format-standard","has-post-thumbnail","hentry","category-justicia"],"yoast_head":"<!-- This site is optimized with the Yoast SEO plugin v27.5 - https:\/\/yoast.com\/product\/yoast-seo-wordpress\/ -->\n<title>\u00bfEs Hora que Calder\u00f3n Vaya a la C\u00e1rcel? Genaro Garc\u00eda Luna Amigo y colaborador de de Felipe Calder\u00f3n es Arrestado en Estados Unidos - NOTICIAS DE LA 4T<\/title>\n<meta name=\"robots\" content=\"noindex, follow, max-snippet:-1, max-image-preview:large, max-video-preview:-1\" \/>\n<meta property=\"og:locale\" content=\"es_MX\" \/>\n<meta property=\"og:type\" content=\"article\" \/>\n<meta property=\"og:title\" content=\"\u00bfEs Hora que Calder\u00f3n Vaya a la C\u00e1rcel? Genaro Garc\u00eda Luna Amigo y colaborador de de Felipe Calder\u00f3n es Arrestado en Estados Unidos - NOTICIAS DE LA 4T\" \/>\n<meta property=\"og:description\" content=\"Ciudad de M\u00e9xico a 10 de Diciembre 2019 (Cdmx Press).- Genaro Garc\u00eda Luna, exsecretario de...\" \/>\n<meta property=\"og:url\" content=\"https:\/\/redamlo.com\/index.php\/2019\/12\/10\/es-hora-que-calderon-vaya-a-la-carcel-genaro-garcia-luna-amigo-y-colaborador-de-de-felipe-calderon-es-arrestado-en-estados-unidos\/\" \/>\n<meta property=\"og:site_name\" content=\"NOTICIAS DE LA 4T\" \/>\n<meta property=\"article:published_time\" content=\"2019-12-10T18:21:31+00:00\" \/>\n<meta property=\"og:image\" content=\"https:\/\/redamlo.com\/wp-content\/uploads\/2019\/12\/Garcia-Luna-y-Calderon-cdmxpress.jpeg\" \/>\n\t<meta property=\"og:image:width\" content=\"804\" \/>\n\t<meta property=\"og:image:height\" content=\"455\" \/>\n\t<meta property=\"og:image:type\" content=\"image\/jpeg\" \/>\n<meta name=\"author\" content=\"Blanca\" \/>\n<meta name=\"twitter:card\" content=\"summary_large_image\" \/>\n<meta name=\"twitter:label1\" content=\"Escrito por\" \/>\n\t<meta name=\"twitter:data1\" content=\"Blanca\" \/>\n\t<meta name=\"twitter:label2\" content=\"Tiempo de lectura\" \/>\n\t<meta name=\"twitter:data2\" content=\"1 minuto\" \/>\n<script type=\"application\/ld+json\" class=\"yoast-schema-graph\">{\"@context\":\"https:\\\/\\\/schema.org\",\"@graph\":[{\"@type\":\"Article\",\"@id\":\"https:\\\/\\\/redamlo.com\\\/index.php\\\/2019\\\/12\\\/10\\\/es-hora-que-calderon-vaya-a-la-carcel-genaro-garcia-luna-amigo-y-colaborador-de-de-felipe-calderon-es-arrestado-en-estados-unidos\\\/#article\",\"isPartOf\":{\"@id\":\"https:\\\/\\\/redamlo.com\\\/index.php\\\/2019\\\/12\\\/10\\\/es-hora-que-calderon-vaya-a-la-carcel-genaro-garcia-luna-amigo-y-colaborador-de-de-felipe-calderon-es-arrestado-en-estados-unidos\\\/\"},\"author\":{\"name\":\"Blanca\",\"@id\":\"https:\\\/\\\/redamlo.com\\\/#\\\/schema\\\/person\\\/7223a4375eb8f1a782fcae010a7115cf\"},\"headline\":\"\u00bfEs Hora que Calder\u00f3n Vaya a la C\u00e1rcel? Genaro Garc\u00eda Luna Amigo y colaborador de de Felipe Calder\u00f3n es Arrestado en Estados Unidos\",\"datePublished\":\"2019-12-10T18:21:31+00:00\",\"mainEntityOfPage\":{\"@id\":\"https:\\\/\\\/redamlo.com\\\/index.php\\\/2019\\\/12\\\/10\\\/es-hora-que-calderon-vaya-a-la-carcel-genaro-garcia-luna-amigo-y-colaborador-de-de-felipe-calderon-es-arrestado-en-estados-unidos\\\/\"},\"wordCount\":248,\"commentCount\":0,\"publisher\":{\"@id\":\"https:\\\/\\\/redamlo.com\\\/#organization\"},\"image\":{\"@id\":\"https:\\\/\\\/redamlo.com\\\/index.php\\\/2019\\\/12\\\/10\\\/es-hora-que-calderon-vaya-a-la-carcel-genaro-garcia-luna-amigo-y-colaborador-de-de-felipe-calderon-es-arrestado-en-estados-unidos\\\/#primaryimage\"},\"thumbnailUrl\":\"https:\\\/\\\/redamlo.com\\\/wp-content\\\/uploads\\\/2019\\\/12\\\/Garcia-Luna-y-Calderon-cdmxpress.jpeg\",\"articleSection\":[\"Justicia\"],\"inLanguage\":\"es\",\"potentialAction\":[{\"@type\":\"CommentAction\",\"name\":\"Comment\",\"target\":[\"https:\\\/\\\/redamlo.com\\\/index.php\\\/2019\\\/12\\\/10\\\/es-hora-que-calderon-vaya-a-la-carcel-genaro-garcia-luna-amigo-y-colaborador-de-de-felipe-calderon-es-arrestado-en-estados-unidos\\\/#respond\"]}]},{\"@type\":\"WebPage\",\"@id\":\"https:\\\/\\\/redamlo.com\\\/index.php\\\/2019\\\/12\\\/10\\\/es-hora-que-calderon-vaya-a-la-carcel-genaro-garcia-luna-amigo-y-colaborador-de-de-felipe-calderon-es-arrestado-en-estados-unidos\\\/\",\"url\":\"https:\\\/\\\/redamlo.com\\\/index.php\\\/2019\\\/12\\\/10\\\/es-hora-que-calderon-vaya-a-la-carcel-genaro-garcia-luna-amigo-y-colaborador-de-de-felipe-calderon-es-arrestado-en-estados-unidos\\\/\",\"name\":\"\u00bfEs Hora que Calder\u00f3n Vaya a la C\u00e1rcel? Genaro Garc\u00eda Luna Amigo y colaborador de de Felipe Calder\u00f3n es Arrestado en Estados Unidos - NOTICIAS DE LA 4T\",\"isPartOf\":{\"@id\":\"https:\\\/\\\/redamlo.com\\\/#website\"},\"primaryImageOfPage\":{\"@id\":\"https:\\\/\\\/redamlo.com\\\/index.php\\\/2019\\\/12\\\/10\\\/es-hora-que-calderon-vaya-a-la-carcel-genaro-garcia-luna-amigo-y-colaborador-de-de-felipe-calderon-es-arrestado-en-estados-unidos\\\/#primaryimage\"},\"image\":{\"@id\":\"https:\\\/\\\/redamlo.com\\\/index.php\\\/2019\\\/12\\\/10\\\/es-hora-que-calderon-vaya-a-la-carcel-genaro-garcia-luna-amigo-y-colaborador-de-de-felipe-calderon-es-arrestado-en-estados-unidos\\\/#primaryimage\"},\"thumbnailUrl\":\"https:\\\/\\\/redamlo.com\\\/wp-content\\\/uploads\\\/2019\\\/12\\\/Garcia-Luna-y-Calderon-cdmxpress.jpeg\",\"datePublished\":\"2019-12-10T18:21:31+00:00\",\"breadcrumb\":{\"@id\":\"https:\\\/\\\/redamlo.com\\\/index.php\\\/2019\\\/12\\\/10\\\/es-hora-que-calderon-vaya-a-la-carcel-genaro-garcia-luna-amigo-y-colaborador-de-de-felipe-calderon-es-arrestado-en-estados-unidos\\\/#breadcrumb\"},\"inLanguage\":\"es\",\"potentialAction\":[{\"@type\":\"ReadAction\",\"target\":[\"https:\\\/\\\/redamlo.com\\\/index.php\\\/2019\\\/12\\\/10\\\/es-hora-que-calderon-vaya-a-la-carcel-genaro-garcia-luna-amigo-y-colaborador-de-de-felipe-calderon-es-arrestado-en-estados-unidos\\\/\"]}]},{\"@type\":\"ImageObject\",\"inLanguage\":\"es\",\"@id\":\"https:\\\/\\\/redamlo.com\\\/index.php\\\/2019\\\/12\\\/10\\\/es-hora-que-calderon-vaya-a-la-carcel-genaro-garcia-luna-amigo-y-colaborador-de-de-felipe-calderon-es-arrestado-en-estados-unidos\\\/#primaryimage\",\"url\":\"https:\\\/\\\/redamlo.com\\\/wp-content\\\/uploads\\\/2019\\\/12\\\/Garcia-Luna-y-Calderon-cdmxpress.jpeg\",\"contentUrl\":\"https:\\\/\\\/redamlo.com\\\/wp-content\\\/uploads\\\/2019\\\/12\\\/Garcia-Luna-y-Calderon-cdmxpress.jpeg\",\"width\":804,\"height\":455},{\"@type\":\"BreadcrumbList\",\"@id\":\"https:\\\/\\\/redamlo.com\\\/index.php\\\/2019\\\/12\\\/10\\\/es-hora-que-calderon-vaya-a-la-carcel-genaro-garcia-luna-amigo-y-colaborador-de-de-felipe-calderon-es-arrestado-en-estados-unidos\\\/#breadcrumb\",\"itemListElement\":[{\"@type\":\"ListItem\",\"position\":1,\"name\":\"Inicio\",\"item\":\"https:\\\/\\\/redamlo.com\\\/\"},{\"@type\":\"ListItem\",\"position\":2,\"name\":\"\u00bfEs Hora que Calder\u00f3n Vaya a la C\u00e1rcel? Genaro Garc\u00eda Luna Amigo y colaborador de de Felipe Calder\u00f3n es Arrestado en Estados Unidos\"}]},{\"@type\":\"WebSite\",\"@id\":\"https:\\\/\\\/redamlo.com\\\/#website\",\"url\":\"https:\\\/\\\/redamlo.com\\\/\",\"name\":\"NOTICIAS DE LA 4T\",\"description\":\"\",\"publisher\":{\"@id\":\"https:\\\/\\\/redamlo.com\\\/#organization\"},\"potentialAction\":[{\"@type\":\"SearchAction\",\"target\":{\"@type\":\"EntryPoint\",\"urlTemplate\":\"https:\\\/\\\/redamlo.com\\\/?s={search_term_string}\"},\"query-input\":{\"@type\":\"PropertyValueSpecification\",\"valueRequired\":true,\"valueName\":\"search_term_string\"}}],\"inLanguage\":\"es\"},{\"@type\":\"Organization\",\"@id\":\"https:\\\/\\\/redamlo.com\\\/#organization\",\"name\":\"NOTICIAS DE LA 4T\",\"url\":\"https:\\\/\\\/redamlo.com\\\/\",\"logo\":{\"@type\":\"ImageObject\",\"inLanguage\":\"es\",\"@id\":\"https:\\\/\\\/redamlo.com\\\/#\\\/schema\\\/logo\\\/image\\\/\",\"url\":\"https:\\\/\\\/redamlo.com\\\/wp-content\\\/uploads\\\/2024\\\/08\\\/cropped-RED-AMLO-logo-50.png\",\"contentUrl\":\"https:\\\/\\\/redamlo.com\\\/wp-content\\\/uploads\\\/2024\\\/08\\\/cropped-RED-AMLO-logo-50.png\",\"width\":256,\"height\":256,\"caption\":\"NOTICIAS DE LA 4T\"},\"image\":{\"@id\":\"https:\\\/\\\/redamlo.com\\\/#\\\/schema\\\/logo\\\/image\\\/\"}},{\"@type\":\"Person\",\"@id\":\"https:\\\/\\\/redamlo.com\\\/#\\\/schema\\\/person\\\/7223a4375eb8f1a782fcae010a7115cf\",\"name\":\"Blanca\",\"image\":{\"@type\":\"ImageObject\",\"inLanguage\":\"es\",\"@id\":\"https:\\\/\\\/secure.gravatar.com\\\/avatar\\\/3f79bc8336367a4e6093eae8757acaaf61d1124834b905616de7829b0273426d?s=96&d=mm&r=g\",\"url\":\"https:\\\/\\\/secure.gravatar.com\\\/avatar\\\/3f79bc8336367a4e6093eae8757acaaf61d1124834b905616de7829b0273426d?s=96&d=mm&r=g\",\"contentUrl\":\"https:\\\/\\\/secure.gravatar.com\\\/avatar\\\/3f79bc8336367a4e6093eae8757acaaf61d1124834b905616de7829b0273426d?s=96&d=mm&r=g\",\"caption\":\"Blanca\"},\"url\":\"https:\\\/\\\/redamlo.com\\\/index.php\\\/author\\\/blanca\\\/\"}]}<\/script>\n<!-- \/ Yoast SEO plugin. -->","yoast_head_json":{"title":"\u00bfEs Hora que Calder\u00f3n Vaya a la C\u00e1rcel? Genaro Garc\u00eda Luna Amigo y colaborador de de Felipe Calder\u00f3n es Arrestado en Estados Unidos - NOTICIAS DE LA 4T","robots":{"index":"noindex","follow":"follow","max-snippet":"max-snippet:-1","max-image-preview":"max-image-preview:large","max-video-preview":"max-video-preview:-1"},"og_locale":"es_MX","og_type":"article","og_title":"\u00bfEs Hora que Calder\u00f3n Vaya a la C\u00e1rcel? Genaro Garc\u00eda Luna Amigo y colaborador de de Felipe Calder\u00f3n es Arrestado en Estados Unidos - NOTICIAS DE LA 4T","og_description":"Ciudad de M\u00e9xico a 10 de Diciembre 2019 (Cdmx Press).- Genaro Garc\u00eda Luna, exsecretario de...","og_url":"https:\/\/redamlo.com\/index.php\/2019\/12\/10\/es-hora-que-calderon-vaya-a-la-carcel-genaro-garcia-luna-amigo-y-colaborador-de-de-felipe-calderon-es-arrestado-en-estados-unidos\/","og_site_name":"NOTICIAS DE LA 4T","article_published_time":"2019-12-10T18:21:31+00:00","og_image":[{"width":804,"height":455,"url":"https:\/\/redamlo.com\/wp-content\/uploads\/2019\/12\/Garcia-Luna-y-Calderon-cdmxpress.jpeg","type":"image\/jpeg"}],"author":"Blanca","twitter_card":"summary_large_image","twitter_misc":{"Escrito por":"Blanca","Tiempo de lectura":"1 minuto"},"schema":{"@context":"https:\/\/schema.org","@graph":[{"@type":"Article","@id":"https:\/\/redamlo.com\/index.php\/2019\/12\/10\/es-hora-que-calderon-vaya-a-la-carcel-genaro-garcia-luna-amigo-y-colaborador-de-de-felipe-calderon-es-arrestado-en-estados-unidos\/#article","isPartOf":{"@id":"https:\/\/redamlo.com\/index.php\/2019\/12\/10\/es-hora-que-calderon-vaya-a-la-carcel-genaro-garcia-luna-amigo-y-colaborador-de-de-felipe-calderon-es-arrestado-en-estados-unidos\/"},"author":{"name":"Blanca","@id":"https:\/\/redamlo.com\/#\/schema\/person\/7223a4375eb8f1a782fcae010a7115cf"},"headline":"\u00bfEs Hora que Calder\u00f3n Vaya a la C\u00e1rcel? Genaro Garc\u00eda Luna Amigo y colaborador de de Felipe Calder\u00f3n es Arrestado en Estados Unidos","datePublished":"2019-12-10T18:21:31+00:00","mainEntityOfPage":{"@id":"https:\/\/redamlo.com\/index.php\/2019\/12\/10\/es-hora-que-calderon-vaya-a-la-carcel-genaro-garcia-luna-amigo-y-colaborador-de-de-felipe-calderon-es-arrestado-en-estados-unidos\/"},"wordCount":248,"commentCount":0,"publisher":{"@id":"https:\/\/redamlo.com\/#organization"},"image":{"@id":"https:\/\/redamlo.com\/index.php\/2019\/12\/10\/es-hora-que-calderon-vaya-a-la-carcel-genaro-garcia-luna-amigo-y-colaborador-de-de-felipe-calderon-es-arrestado-en-estados-unidos\/#primaryimage"},"thumbnailUrl":"https:\/\/redamlo.com\/wp-content\/uploads\/2019\/12\/Garcia-Luna-y-Calderon-cdmxpress.jpeg","articleSection":["Justicia"],"inLanguage":"es","potentialAction":[{"@type":"CommentAction","name":"Comment","target":["https:\/\/redamlo.com\/index.php\/2019\/12\/10\/es-hora-que-calderon-vaya-a-la-carcel-genaro-garcia-luna-amigo-y-colaborador-de-de-felipe-calderon-es-arrestado-en-estados-unidos\/#respond"]}]},{"@type":"WebPage","@id":"https:\/\/redamlo.com\/index.php\/2019\/12\/10\/es-hora-que-calderon-vaya-a-la-carcel-genaro-garcia-luna-amigo-y-colaborador-de-de-felipe-calderon-es-arrestado-en-estados-unidos\/","url":"https:\/\/redamlo.com\/index.php\/2019\/12\/10\/es-hora-que-calderon-vaya-a-la-carcel-genaro-garcia-luna-amigo-y-colaborador-de-de-felipe-calderon-es-arrestado-en-estados-unidos\/","name":"\u00bfEs Hora que Calder\u00f3n Vaya a la C\u00e1rcel? Genaro Garc\u00eda Luna Amigo y colaborador de de Felipe Calder\u00f3n es Arrestado en Estados Unidos - NOTICIAS DE LA 4T","isPartOf":{"@id":"https:\/\/redamlo.com\/#website"},"primaryImageOfPage":{"@id":"https:\/\/redamlo.com\/index.php\/2019\/12\/10\/es-hora-que-calderon-vaya-a-la-carcel-genaro-garcia-luna-amigo-y-colaborador-de-de-felipe-calderon-es-arrestado-en-estados-unidos\/#primaryimage"},"image":{"@id":"https:\/\/redamlo.com\/index.php\/2019\/12\/10\/es-hora-que-calderon-vaya-a-la-carcel-genaro-garcia-luna-amigo-y-colaborador-de-de-felipe-calderon-es-arrestado-en-estados-unidos\/#primaryimage"},"thumbnailUrl":"https:\/\/redamlo.com\/wp-content\/uploads\/2019\/12\/Garcia-Luna-y-Calderon-cdmxpress.jpeg","datePublished":"2019-12-10T18:21:31+00:00","breadcrumb":{"@id":"https:\/\/redamlo.com\/index.php\/2019\/12\/10\/es-hora-que-calderon-vaya-a-la-carcel-genaro-garcia-luna-amigo-y-colaborador-de-de-felipe-calderon-es-arrestado-en-estados-unidos\/#breadcrumb"},"inLanguage":"es","potentialAction":[{"@type":"ReadAction","target":["https:\/\/redamlo.com\/index.php\/2019\/12\/10\/es-hora-que-calderon-vaya-a-la-carcel-genaro-garcia-luna-amigo-y-colaborador-de-de-felipe-calderon-es-arrestado-en-estados-unidos\/"]}]},{"@type":"ImageObject","inLanguage":"es","@id":"https:\/\/redamlo.com\/index.php\/2019\/12\/10\/es-hora-que-calderon-vaya-a-la-carcel-genaro-garcia-luna-amigo-y-colaborador-de-de-felipe-calderon-es-arrestado-en-estados-unidos\/#primaryimage","url":"https:\/\/redamlo.com\/wp-content\/uploads\/2019\/12\/Garcia-Luna-y-Calderon-cdmxpress.jpeg","contentUrl":"https:\/\/redamlo.com\/wp-content\/uploads\/2019\/12\/Garcia-Luna-y-Calderon-cdmxpress.jpeg","width":804,"height":455},{"@type":"BreadcrumbList","@id":"https:\/\/redamlo.com\/index.php\/2019\/12\/10\/es-hora-que-calderon-vaya-a-la-carcel-genaro-garcia-luna-amigo-y-colaborador-de-de-felipe-calderon-es-arrestado-en-estados-unidos\/#breadcrumb","itemListElement":[{"@type":"ListItem","position":1,"name":"Inicio","item":"https:\/\/redamlo.com\/"},{"@type":"ListItem","position":2,"name":"\u00bfEs Hora que Calder\u00f3n Vaya a la C\u00e1rcel? Genaro Garc\u00eda Luna Amigo y colaborador de de Felipe Calder\u00f3n es Arrestado en Estados Unidos"}]},{"@type":"WebSite","@id":"https:\/\/redamlo.com\/#website","url":"https:\/\/redamlo.com\/","name":"NOTICIAS DE LA 4T","description":"","publisher":{"@id":"https:\/\/redamlo.com\/#organization"},"potentialAction":[{"@type":"SearchAction","target":{"@type":"EntryPoint","urlTemplate":"https:\/\/redamlo.com\/?s={search_term_string}"},"query-input":{"@type":"PropertyValueSpecification","valueRequired":true,"valueName":"search_term_string"}}],"inLanguage":"es"},{"@type":"Organization","@id":"https:\/\/redamlo.com\/#organization","name":"NOTICIAS DE LA 4T","url":"https:\/\/redamlo.com\/","logo":{"@type":"ImageObject","inLanguage":"es","@id":"https:\/\/redamlo.com\/#\/schema\/logo\/image\/","url":"https:\/\/redamlo.com\/wp-content\/uploads\/2024\/08\/cropped-RED-AMLO-logo-50.png","contentUrl":"https:\/\/redamlo.com\/wp-content\/uploads\/2024\/08\/cropped-RED-AMLO-logo-50.png","width":256,"height":256,"caption":"NOTICIAS DE LA 4T"},"image":{"@id":"https:\/\/redamlo.com\/#\/schema\/logo\/image\/"}},{"@type":"Person","@id":"https:\/\/redamlo.com\/#\/schema\/person\/7223a4375eb8f1a782fcae010a7115cf","name":"Blanca","image":{"@type":"ImageObject","inLanguage":"es","@id":"https:\/\/secure.gravatar.com\/avatar\/3f79bc8336367a4e6093eae8757acaaf61d1124834b905616de7829b0273426d?s=96&d=mm&r=g","url":"https:\/\/secure.gravatar.com\/avatar\/3f79bc8336367a4e6093eae8757acaaf61d1124834b905616de7829b0273426d?s=96&d=mm&r=g","contentUrl":"https:\/\/secure.gravatar.com\/avatar\/3f79bc8336367a4e6093eae8757acaaf61d1124834b905616de7829b0273426d?s=96&d=mm&r=g","caption":"Blanca"},"url":"https:\/\/redamlo.com\/index.php\/author\/blanca\/"}]}},"_links":{"self":[{"href":"https:\/\/redamlo.com\/index.php\/wp-json\/wp\/v2\/posts\/736","targetHints":{"allow":["GET"]}}],"collection":[{"href":"https:\/\/redamlo.com\/index.php\/wp-json\/wp\/v2\/posts"}],"about":[{"href":"https:\/\/redamlo.com\/index.php\/wp-json\/wp\/v2\/types\/post"}],"author":[{"embeddable":true,"href":"https:\/\/redamlo.com\/index.php\/wp-json\/wp\/v2\/users\/2"}],"replies":[{"embeddable":true,"href":"https:\/\/redamlo.com\/index.php\/wp-json\/wp\/v2\/comments?post=736"}],"version-history":[{"count":0,"href":"https:\/\/redamlo.com\/index.php\/wp-json\/wp\/v2\/posts\/736\/revisions"}],"wp:featuredmedia":[{"embeddable":true,"href":"https:\/\/redamlo.com\/index.php\/wp-json\/wp\/v2\/media\/738"}],"wp:attachment":[{"href":"https:\/\/redamlo.com\/index.php\/wp-json\/wp\/v2\/media?parent=736"}],"wp:term":[{"taxonomy":"category","embeddable":true,"href":"https:\/\/redamlo.com\/index.php\/wp-json\/wp\/v2\/categories?post=736"},{"taxonomy":"post_tag","embeddable":true,"href":"https:\/\/redamlo.com\/index.php\/wp-json\/wp\/v2\/tags?post=736"}],"curies":[{"name":"wp","href":"https:\/\/api.w.org\/{rel}","templated":true}]}}