{"id":7354,"date":"2024-02-01T10:57:16","date_gmt":"2024-02-01T16:57:16","guid":{"rendered":"https:\/\/redamlo.com\/?p=7354"},"modified":"2024-02-01T10:57:16","modified_gmt":"2024-02-01T16:57:16","slug":"ana-paty-peralta-y-marybel-villegas-contenderan-por-la-candidatura-de-morena-partido-verde-en-cancun","status":"publish","type":"post","link":"https:\/\/redamlo.com\/index.php\/2024\/02\/01\/ana-paty-peralta-y-marybel-villegas-contenderan-por-la-candidatura-de-morena-partido-verde-en-cancun\/","title":{"rendered":"Ana Paty Peralta y Marybel Villegas contender\u00e1n por la candidatura de Morena-Partido Verde en Canc\u00fan"},"content":{"rendered":"<div class=\"entry-content\">\n<p>Columna: Pensamiento Cr\u00edtico<\/p>\n<p>La alcaldesa de Canc\u00fan,\u00a0<strong>Ana Paty Peralta<\/strong>, se <a href=\"https:\/\/elmiradorqr.com\/2023\/12\/06\/en-cancun-somos-ejemplo-de-como-si-podemos-trabajar-en-equipo-ana-paty-peralta-se-registra-por-morena-para-alcaldia\/\">inscribi\u00f3 como\u00a0<strong>aspirante a la candidatura de Morena<\/strong>\u00a0<\/a>a la presidencia municipal de Benito Ju\u00e1rez en 2024 y confirm\u00f3 la b\u00fasqueda de la reelecci\u00f3n ya que <strong>su posici\u00f3n de suplente en la f\u00f3rmula municipal junto a Mara Lezama en 2021 le permiti\u00f3 acceder a la presidencia municipal ante el ascenso de Mara Hermelinda Lezama Espinosa a la gubernatura del Estado.<\/strong><\/p>\n<p><a href=\"https:\/\/www.elfinanciero.com.mx\/nacional\/morena-supera-los-251-diputados-federales-anuncia-mario-delgado\/\">Ana Paty Peralta fue parte de los diputados federales del Partido Verde emanados de la elecci\u00f3n de 2018 en alianza con el PRI y Nueva Alianza que se pasaron a la bancada de Morena en la C\u00e1mara de Diputados<\/a> durante la LIV Legislatura donde <strong>se gest\u00f3 la primera alianza institucional entre ambos partidos pol\u00edticos que anteriormente eran adversarios.<\/strong><\/p>\n<p><strong>Marybel Villegas ha sido candidata por el PRI, PAN, PRD y Morena. La mayor cr\u00edtica hacia su trayectoria es es haber <a href=\"https:\/\/turquesanews.mx\/mexico\/marybel-villegas-ayer-a-favor-hoy-en-contra-de-aguakan\/\">votado a favor de la entrega de la concesi\u00f3n del agua a la empresa Aguakan hasta 2053<\/a><\/strong> durante la administraci\u00f3n de Roberto Borge donde se desempe\u00f1\u00f3 como diputada en el Congreso de Quintana Roo, <strong>aunque despu\u00e9s ella misma promovi\u00f3 la consulta popular en contra de Aguakan. <\/strong><\/p>\n<p>La Senadora Marybel Villegas contendi\u00f3 en la interna de Morena en el 2021 por la candidatura del <strong>Municipio de Benito Ju\u00e1rez y en aquella ocasi\u00f3n qued\u00f3 en segundo lugar, detr\u00e1s de Mara Lezama<\/strong> que termin\u00f3 haciendo campa\u00f1a en 2021 para su reelecci\u00f3n en BJ y en 2022 para la gubernatura de la entidad.<\/p>\n<figure class=\"wp-block-image size-large\"><img loading=\"lazy\" decoding=\"async\" class=\"wp-image-47743\" src=\"https:\/\/realidadesqroo.files.wordpress.com\/2023\/12\/e8d61008-a1d6-454b-b4d0-2cd21af09eb3-800x533-1338943086.jpg?w=800\" sizes=\"auto, (max-width: 800px) 100vw, 800px\" srcset=\"https:\/\/realidadesqroo.files.wordpress.com\/2023\/12\/e8d61008-a1d6-454b-b4d0-2cd21af09eb3-800x533-1338943086.jpg 800w, https:\/\/realidadesqroo.files.wordpress.com\/2023\/12\/e8d61008-a1d6-454b-b4d0-2cd21af09eb3-800x533-1338943086.jpg?w=150 150w, https:\/\/realidadesqroo.files.wordpress.com\/2023\/12\/e8d61008-a1d6-454b-b4d0-2cd21af09eb3-800x533-1338943086.jpg?w=300 300w, https:\/\/realidadesqroo.files.wordpress.com\/2023\/12\/e8d61008-a1d6-454b-b4d0-2cd21af09eb3-800x533-1338943086.jpg?w=768 768w\" alt=\"\" width=\"800\" height=\"533\" data-attachment-id=\"47743\" data-permalink=\"https:\/\/realidadesquintanaroo.org\/2023\/12\/07\/ana-paty-peralta-y-marybel-villegas-contenderan-por-la-candidatura-de-morena-partido-verde-en-benito-juarez\/e8d61008-a1d6-454b-b4d0-2cd21af09eb3-800x533-1338943086\/\" data-orig-file=\"https:\/\/realidadesqroo.files.wordpress.com\/2023\/12\/e8d61008-a1d6-454b-b4d0-2cd21af09eb3-800x533-1338943086.jpg\" data-orig-size=\"800,533\" data-comments-opened=\"1\" data-image-meta=\"{&quot;aperture&quot;:&quot;0&quot;,&quot;credit&quot;:&quot;&quot;,&quot;camera&quot;:&quot;&quot;,&quot;caption&quot;:&quot;&quot;,&quot;created_timestamp&quot;:&quot;0&quot;,&quot;copyright&quot;:&quot;&quot;,&quot;focal_length&quot;:&quot;0&quot;,&quot;iso&quot;:&quot;0&quot;,&quot;shutter_speed&quot;:&quot;0&quot;,&quot;title&quot;:&quot;&quot;,&quot;orientation&quot;:&quot;0&quot;}\" data-image-title=\"e8d61008-a1d6-454b-b4d0-2cd21af09eb3-800\u00d7533-1338943086\" data-image-description=\"\" data-image-caption=\"\" data-medium-file=\"https:\/\/realidadesqroo.files.wordpress.com\/2023\/12\/e8d61008-a1d6-454b-b4d0-2cd21af09eb3-800x533-1338943086.jpg?w=300\" data-large-file=\"https:\/\/realidadesqroo.files.wordpress.com\/2023\/12\/e8d61008-a1d6-454b-b4d0-2cd21af09eb3-800x533-1338943086.jpg?w=720\" \/><figcaption class=\"wp-element-caption\">Mara Lezama y Marybel Villegas<\/figcaption><\/figure>\n<p><strong>Villegas se aline\u00f3 en 2021 y despu\u00e9s levant\u00f3 la mano de Mara en la campa\u00f1a rumbo a la gubernatura e inclusive encabezaba la lista de los diputados plurinominales de Morena en el Congreso Estatal<\/strong> con la intenci\u00f3n de dirigir la Jugocopo el primer a\u00f1o de la XVII Legislatura pero fue entregada al Partido Verde, situaci\u00f3n que la oblig\u00f3 a permanecer en el Senado de la Rep\u00fablica.<\/p>\n<p><strong>Marybel Villegas matuvo su esca\u00f1o de Senadora por evidente mayor relevancia que siendo diputada local sin acceso a la Jugocopo<\/strong>, situaci\u00f3n que deriv\u00f3 en la llegada de <strong>ex Senadora Luz Mar\u00eda Beristain como diputada local de representaci\u00f3n proporcional de MORENA<\/strong> en sustituci\u00f3n de Marybel Villegas.<\/p>\n<p>El Municipio de Benito Ju\u00e1rez se ha beneficiado enormemente con las obras federales como el <strong>reencarpetamiento del Bulevar Luis Donaldo Colosio<\/strong> que conecta el aeropuerto con la zona centro de Canc\u00fan y<strong> pr\u00f3ximamente el puente Nichupt\u00e9 que conectar\u00e1 la zona hotelera con la zona pen\u00ednsular. <\/strong><\/p>\n<figure class=\"wp-block-image size-large\"><img loading=\"lazy\" decoding=\"async\" class=\"wp-image-47572\" src=\"https:\/\/realidadesqroo.files.wordpress.com\/2023\/11\/whatsapp-image-2023-11-02-at-12.16.39.jpeg?w=1024\" sizes=\"auto, (max-width: 1024px) 100vw, 1024px\" srcset=\"https:\/\/realidadesqroo.files.wordpress.com\/2023\/11\/whatsapp-image-2023-11-02-at-12.16.39.jpeg?w=1024 1024w, https:\/\/realidadesqroo.files.wordpress.com\/2023\/11\/whatsapp-image-2023-11-02-at-12.16.39.jpeg?w=150 150w, https:\/\/realidadesqroo.files.wordpress.com\/2023\/11\/whatsapp-image-2023-11-02-at-12.16.39.jpeg?w=300 300w, https:\/\/realidadesqroo.files.wordpress.com\/2023\/11\/whatsapp-image-2023-11-02-at-12.16.39.jpeg?w=768 768w, https:\/\/realidadesqroo.files.wordpress.com\/2023\/11\/whatsapp-image-2023-11-02-at-12.16.39.jpeg 1600w\" alt=\"\" width=\"1024\" height=\"576\" data-attachment-id=\"47572\" data-permalink=\"https:\/\/realidadesquintanaroo.org\/2023\/11\/02\/puente-nichipte-en-cancun-presenta-un-avance-del-33\/whatsapp-image-2023-11-02-at-12-16-39\/\" data-orig-file=\"https:\/\/realidadesqroo.files.wordpress.com\/2023\/11\/whatsapp-image-2023-11-02-at-12.16.39.jpeg\" data-orig-size=\"1600,900\" data-comments-opened=\"1\" data-image-meta=\"{&quot;aperture&quot;:&quot;0&quot;,&quot;credit&quot;:&quot;&quot;,&quot;camera&quot;:&quot;&quot;,&quot;caption&quot;:&quot;&quot;,&quot;created_timestamp&quot;:&quot;0&quot;,&quot;copyright&quot;:&quot;&quot;,&quot;focal_length&quot;:&quot;0&quot;,&quot;iso&quot;:&quot;0&quot;,&quot;shutter_speed&quot;:&quot;0&quot;,&quot;title&quot;:&quot;&quot;,&quot;orientation&quot;:&quot;0&quot;}\" data-image-title=\"WhatsApp Image 2023-11-02 at 12.16.39\" data-image-description=\"\" data-image-caption=\"\" data-medium-file=\"https:\/\/realidadesqroo.files.wordpress.com\/2023\/11\/whatsapp-image-2023-11-02-at-12.16.39.jpeg?w=300\" data-large-file=\"https:\/\/realidadesqroo.files.wordpress.com\/2023\/11\/whatsapp-image-2023-11-02-at-12.16.39.jpeg?w=720\" \/><figcaption class=\"wp-element-caption\">Obras del Puente Nichupt\u00e9 en Canc\u00fan<\/figcaption><\/figure>\n<p>Sin embargo, a pesar de la gran inversi\u00f3n en infraestructura, <strong>existen grandes retos sociales y estructurales en Canc\u00fan como la seguridad p\u00fablica y el manejo de los residuos. <\/strong><\/p>\n<p><strong>El tiradero a cielo abierto de Canc\u00fan, es la punta del iceberg de un problema que ata\u00f1e a todo el Estado de Quintana Roo <\/strong>y que la 4T debe abordar con urgencia despu\u00e9s de 40 a\u00f1os de un <strong>modelo de desarrollo neoliberal <\/strong>que depuso la sustentabilidad del turismo y del desarrollo urbano. <strong>La basura y el manejo de los residuos es un problema grave silenciado por los medios corporativos y los falsos ambientalistas<\/strong> m\u00e1s preocupados por politizar el avance del Tren Maya que por realmente crear una agenda ciudadana en el manejo de la basura y la capacidad del Estado para el reciclaje.<\/p>\n<figure class=\"wp-block-image size-large\"><img loading=\"lazy\" decoding=\"async\" class=\"wp-image-47745\" src=\"https:\/\/realidadesqroo.files.wordpress.com\/2023\/12\/whatsapp-image-2023-11-30-at-08.22.21.jpeg?w=726\" sizes=\"auto, (max-width: 726px) 100vw, 726px\" srcset=\"https:\/\/realidadesqroo.files.wordpress.com\/2023\/12\/whatsapp-image-2023-11-30-at-08.22.21.jpeg 726w, https:\/\/realidadesqroo.files.wordpress.com\/2023\/12\/whatsapp-image-2023-11-30-at-08.22.21.jpeg?w=150 150w, https:\/\/realidadesqroo.files.wordpress.com\/2023\/12\/whatsapp-image-2023-11-30-at-08.22.21.jpeg?w=300 300w\" alt=\"\" width=\"726\" height=\"717\" data-attachment-id=\"47745\" data-permalink=\"https:\/\/realidadesquintanaroo.org\/2023\/12\/07\/ana-paty-peralta-y-marybel-villegas-contenderan-por-la-candidatura-de-morena-partido-verde-en-benito-juarez\/whatsapp-image-2023-11-30-at-08-22-21\/\" data-orig-file=\"https:\/\/realidadesqroo.files.wordpress.com\/2023\/12\/whatsapp-image-2023-11-30-at-08.22.21.jpeg\" data-orig-size=\"726,717\" data-comments-opened=\"1\" data-image-meta=\"{&quot;aperture&quot;:&quot;0&quot;,&quot;credit&quot;:&quot;&quot;,&quot;camera&quot;:&quot;&quot;,&quot;caption&quot;:&quot;&quot;,&quot;created_timestamp&quot;:&quot;0&quot;,&quot;copyright&quot;:&quot;&quot;,&quot;focal_length&quot;:&quot;0&quot;,&quot;iso&quot;:&quot;0&quot;,&quot;shutter_speed&quot;:&quot;0&quot;,&quot;title&quot;:&quot;&quot;,&quot;orientation&quot;:&quot;0&quot;}\" data-image-title=\"WhatsApp Image 2023-11-30 at 08.22.21\" data-image-description=\"\" data-image-caption=\"\" data-medium-file=\"https:\/\/realidadesqroo.files.wordpress.com\/2023\/12\/whatsapp-image-2023-11-30-at-08.22.21.jpeg?w=300\" data-large-file=\"https:\/\/realidadesqroo.files.wordpress.com\/2023\/12\/whatsapp-image-2023-11-30-at-08.22.21.jpeg?w=720\" \/><figcaption class=\"wp-element-caption\">Peri\u00f3dico Luces del Siglo<\/figcaption><\/figure>\n<p><strong>Especialmente existe gran malestar social en Canc\u00fan por el contexto de la privatizaci\u00f3n del agua a cargo de la empresa Aguakan<\/strong>, situaci\u00f3n que abord\u00f3 pol\u00edticamente la Senadora Villegas promoviendo la recolecci\u00f3n de firmas para solicitar el refer\u00e9ndum para la revocaci\u00f3n de la concesi\u00f3n privada del agua.<\/p>\n<p>El <em><a href=\"https:\/\/www.milenio.com\/estados\/ieqroo-da-a-conocer-resultados-de-consulta-popular-sobre-aguakan\">resultado de la votaci\u00f3n en contra de Aguakan fue superior al 90% de los participantes en la consulta popular de 2021<\/a> <\/em>dejando un precedente sobre el descontento popular en los Municipios de Benito Ju\u00e1rez, Isla Mujeres y Solidaridad hacia la mercantilizaci\u00f3n del agua. Sin embargo Aguakan mantiene operaciones actualmente en 2023 y no existe un proceso legal p\u00fablico para cancelar su concesi\u00f3n.<\/p>\n<p><strong>La alianza entre el Partido Verde y Morena en BJ parece no tener contendiente en la oposici\u00f3n rumbo al 2024 y por ende la candidatura de la alianza Morena-PT-PVEM representa medio pase a la presidencia municipal de la joya de la corona del turismo nacional<\/strong> que adem\u00e1s vivir\u00e1 una nueva etapa de desarrollo con el inicio de operaciones del Tren Maya.<\/p>\n<\/div>\n","protected":false},"excerpt":{"rendered":"<p>Columna: Pensamiento Cr\u00edtico La alcaldesa de Canc\u00fan,\u00a0Ana Paty Peralta, se inscribi\u00f3 como\u00a0aspirante a la candidatura&#8230;<\/p>\n","protected":false},"author":1,"featured_media":7355,"comment_status":"open","ping_status":"closed","sticky":false,"template":"","format":"standard","meta":{"footnotes":""},"categories":[25],"tags":[2632,803,115,997,24],"class_list":["post-7354","post","type-post","status-publish","format-standard","has-post-thumbnail","hentry","category-4t","tag-ana-paty-peralta","tag-benito-juarez","tag-cancun","tag-marybel-villegas","tag-morena"],"yoast_head":"<!-- This site is optimized with the Yoast SEO plugin v27.5 - https:\/\/yoast.com\/product\/yoast-seo-wordpress\/ -->\n<title>Ana Paty Peralta y Marybel Villegas contender\u00e1n por la candidatura de Morena-Partido Verde en Canc\u00fan - NOTICIAS DE LA 4T<\/title>\n<meta name=\"robots\" content=\"noindex, follow, max-snippet:-1, max-image-preview:large, max-video-preview:-1\" \/>\n<meta property=\"og:locale\" content=\"es_MX\" \/>\n<meta property=\"og:type\" content=\"article\" \/>\n<meta property=\"og:title\" content=\"Ana Paty Peralta y Marybel Villegas contender\u00e1n por la candidatura de Morena-Partido Verde en Canc\u00fan - NOTICIAS DE LA 4T\" \/>\n<meta property=\"og:description\" content=\"Columna: Pensamiento Cr\u00edtico La alcaldesa de Canc\u00fan,\u00a0Ana Paty Peralta, se inscribi\u00f3 como\u00a0aspirante a la candidatura...\" \/>\n<meta property=\"og:url\" content=\"https:\/\/redamlo.com\/index.php\/2024\/02\/01\/ana-paty-peralta-y-marybel-villegas-contenderan-por-la-candidatura-de-morena-partido-verde-en-cancun\/\" \/>\n<meta property=\"og:site_name\" content=\"NOTICIAS DE LA 4T\" \/>\n<meta property=\"article:published_time\" content=\"2024-02-01T16:57:16+00:00\" \/>\n<meta property=\"og:image\" content=\"https:\/\/redamlo.com\/wp-content\/uploads\/2024\/02\/marybel_anapaty.png\" \/>\n\t<meta property=\"og:image:width\" content=\"1280\" \/>\n\t<meta property=\"og:image:height\" content=\"720\" \/>\n\t<meta property=\"og:image:type\" content=\"image\/png\" \/>\n<meta name=\"author\" content=\"admin\" \/>\n<meta name=\"twitter:card\" content=\"summary_large_image\" \/>\n<meta name=\"twitter:label1\" content=\"Escrito por\" \/>\n\t<meta name=\"twitter:data1\" content=\"admin\" \/>\n\t<meta name=\"twitter:label2\" content=\"Tiempo de lectura\" \/>\n\t<meta name=\"twitter:data2\" content=\"4 minutos\" \/>\n<script type=\"application\/ld+json\" class=\"yoast-schema-graph\">{\"@context\":\"https:\\\/\\\/schema.org\",\"@graph\":[{\"@type\":\"Article\",\"@id\":\"https:\\\/\\\/redamlo.com\\\/index.php\\\/2024\\\/02\\\/01\\\/ana-paty-peralta-y-marybel-villegas-contenderan-por-la-candidatura-de-morena-partido-verde-en-cancun\\\/#article\",\"isPartOf\":{\"@id\":\"https:\\\/\\\/redamlo.com\\\/index.php\\\/2024\\\/02\\\/01\\\/ana-paty-peralta-y-marybel-villegas-contenderan-por-la-candidatura-de-morena-partido-verde-en-cancun\\\/\"},\"author\":{\"name\":\"admin\",\"@id\":\"https:\\\/\\\/redamlo.com\\\/#\\\/schema\\\/person\\\/197a0a670d21b1f4f1483ddda1b64613\"},\"headline\":\"Ana Paty Peralta y Marybel Villegas contender\u00e1n por la candidatura de Morena-Partido Verde en Canc\u00fan\",\"datePublished\":\"2024-02-01T16:57:16+00:00\",\"mainEntityOfPage\":{\"@id\":\"https:\\\/\\\/redamlo.com\\\/index.php\\\/2024\\\/02\\\/01\\\/ana-paty-peralta-y-marybel-villegas-contenderan-por-la-candidatura-de-morena-partido-verde-en-cancun\\\/\"},\"wordCount\":784,\"commentCount\":0,\"publisher\":{\"@id\":\"https:\\\/\\\/redamlo.com\\\/#organization\"},\"image\":{\"@id\":\"https:\\\/\\\/redamlo.com\\\/index.php\\\/2024\\\/02\\\/01\\\/ana-paty-peralta-y-marybel-villegas-contenderan-por-la-candidatura-de-morena-partido-verde-en-cancun\\\/#primaryimage\"},\"thumbnailUrl\":\"https:\\\/\\\/redamlo.com\\\/wp-content\\\/uploads\\\/2024\\\/02\\\/marybel_anapaty.png\",\"keywords\":[\"Ana Paty Peralta\",\"Benito Ju\u00e1rez\",\"cancun\",\"Marybel Villegas\",\"Morena\"],\"articleSection\":[\"4T\"],\"inLanguage\":\"es\",\"potentialAction\":[{\"@type\":\"CommentAction\",\"name\":\"Comment\",\"target\":[\"https:\\\/\\\/redamlo.com\\\/index.php\\\/2024\\\/02\\\/01\\\/ana-paty-peralta-y-marybel-villegas-contenderan-por-la-candidatura-de-morena-partido-verde-en-cancun\\\/#respond\"]}]},{\"@type\":\"WebPage\",\"@id\":\"https:\\\/\\\/redamlo.com\\\/index.php\\\/2024\\\/02\\\/01\\\/ana-paty-peralta-y-marybel-villegas-contenderan-por-la-candidatura-de-morena-partido-verde-en-cancun\\\/\",\"url\":\"https:\\\/\\\/redamlo.com\\\/index.php\\\/2024\\\/02\\\/01\\\/ana-paty-peralta-y-marybel-villegas-contenderan-por-la-candidatura-de-morena-partido-verde-en-cancun\\\/\",\"name\":\"Ana Paty Peralta y Marybel Villegas contender\u00e1n por la candidatura de Morena-Partido Verde en Canc\u00fan - NOTICIAS DE LA 4T\",\"isPartOf\":{\"@id\":\"https:\\\/\\\/redamlo.com\\\/#website\"},\"primaryImageOfPage\":{\"@id\":\"https:\\\/\\\/redamlo.com\\\/index.php\\\/2024\\\/02\\\/01\\\/ana-paty-peralta-y-marybel-villegas-contenderan-por-la-candidatura-de-morena-partido-verde-en-cancun\\\/#primaryimage\"},\"image\":{\"@id\":\"https:\\\/\\\/redamlo.com\\\/index.php\\\/2024\\\/02\\\/01\\\/ana-paty-peralta-y-marybel-villegas-contenderan-por-la-candidatura-de-morena-partido-verde-en-cancun\\\/#primaryimage\"},\"thumbnailUrl\":\"https:\\\/\\\/redamlo.com\\\/wp-content\\\/uploads\\\/2024\\\/02\\\/marybel_anapaty.png\",\"datePublished\":\"2024-02-01T16:57:16+00:00\",\"breadcrumb\":{\"@id\":\"https:\\\/\\\/redamlo.com\\\/index.php\\\/2024\\\/02\\\/01\\\/ana-paty-peralta-y-marybel-villegas-contenderan-por-la-candidatura-de-morena-partido-verde-en-cancun\\\/#breadcrumb\"},\"inLanguage\":\"es\",\"potentialAction\":[{\"@type\":\"ReadAction\",\"target\":[\"https:\\\/\\\/redamlo.com\\\/index.php\\\/2024\\\/02\\\/01\\\/ana-paty-peralta-y-marybel-villegas-contenderan-por-la-candidatura-de-morena-partido-verde-en-cancun\\\/\"]}]},{\"@type\":\"ImageObject\",\"inLanguage\":\"es\",\"@id\":\"https:\\\/\\\/redamlo.com\\\/index.php\\\/2024\\\/02\\\/01\\\/ana-paty-peralta-y-marybel-villegas-contenderan-por-la-candidatura-de-morena-partido-verde-en-cancun\\\/#primaryimage\",\"url\":\"https:\\\/\\\/redamlo.com\\\/wp-content\\\/uploads\\\/2024\\\/02\\\/marybel_anapaty.png\",\"contentUrl\":\"https:\\\/\\\/redamlo.com\\\/wp-content\\\/uploads\\\/2024\\\/02\\\/marybel_anapaty.png\",\"width\":1280,\"height\":720},{\"@type\":\"BreadcrumbList\",\"@id\":\"https:\\\/\\\/redamlo.com\\\/index.php\\\/2024\\\/02\\\/01\\\/ana-paty-peralta-y-marybel-villegas-contenderan-por-la-candidatura-de-morena-partido-verde-en-cancun\\\/#breadcrumb\",\"itemListElement\":[{\"@type\":\"ListItem\",\"position\":1,\"name\":\"Inicio\",\"item\":\"https:\\\/\\\/redamlo.com\\\/\"},{\"@type\":\"ListItem\",\"position\":2,\"name\":\"Ana Paty Peralta y Marybel Villegas contender\u00e1n por la candidatura de Morena-Partido Verde en Canc\u00fan\"}]},{\"@type\":\"WebSite\",\"@id\":\"https:\\\/\\\/redamlo.com\\\/#website\",\"url\":\"https:\\\/\\\/redamlo.com\\\/\",\"name\":\"NOTICIAS DE LA 4T\",\"description\":\"\",\"publisher\":{\"@id\":\"https:\\\/\\\/redamlo.com\\\/#organization\"},\"potentialAction\":[{\"@type\":\"SearchAction\",\"target\":{\"@type\":\"EntryPoint\",\"urlTemplate\":\"https:\\\/\\\/redamlo.com\\\/?s={search_term_string}\"},\"query-input\":{\"@type\":\"PropertyValueSpecification\",\"valueRequired\":true,\"valueName\":\"search_term_string\"}}],\"inLanguage\":\"es\"},{\"@type\":\"Organization\",\"@id\":\"https:\\\/\\\/redamlo.com\\\/#organization\",\"name\":\"NOTICIAS DE LA 4T\",\"url\":\"https:\\\/\\\/redamlo.com\\\/\",\"logo\":{\"@type\":\"ImageObject\",\"inLanguage\":\"es\",\"@id\":\"https:\\\/\\\/redamlo.com\\\/#\\\/schema\\\/logo\\\/image\\\/\",\"url\":\"https:\\\/\\\/redamlo.com\\\/wp-content\\\/uploads\\\/2024\\\/08\\\/cropped-RED-AMLO-logo-50.png\",\"contentUrl\":\"https:\\\/\\\/redamlo.com\\\/wp-content\\\/uploads\\\/2024\\\/08\\\/cropped-RED-AMLO-logo-50.png\",\"width\":256,\"height\":256,\"caption\":\"NOTICIAS DE LA 4T\"},\"image\":{\"@id\":\"https:\\\/\\\/redamlo.com\\\/#\\\/schema\\\/logo\\\/image\\\/\"}},{\"@type\":\"Person\",\"@id\":\"https:\\\/\\\/redamlo.com\\\/#\\\/schema\\\/person\\\/197a0a670d21b1f4f1483ddda1b64613\",\"name\":\"admin\",\"image\":{\"@type\":\"ImageObject\",\"inLanguage\":\"es\",\"@id\":\"https:\\\/\\\/secure.gravatar.com\\\/avatar\\\/293dccd927043f2e641da6685c2f84009782eb9ee0054daceada4e261ded849a?s=96&d=mm&r=g\",\"url\":\"https:\\\/\\\/secure.gravatar.com\\\/avatar\\\/293dccd927043f2e641da6685c2f84009782eb9ee0054daceada4e261ded849a?s=96&d=mm&r=g\",\"contentUrl\":\"https:\\\/\\\/secure.gravatar.com\\\/avatar\\\/293dccd927043f2e641da6685c2f84009782eb9ee0054daceada4e261ded849a?s=96&d=mm&r=g\",\"caption\":\"admin\"},\"sameAs\":[\"https:\\\/\\\/redamlo.com\"],\"url\":\"https:\\\/\\\/redamlo.com\\\/index.php\\\/author\\\/stell\\\/\"}]}<\/script>\n<!-- \/ Yoast SEO plugin. -->","yoast_head_json":{"title":"Ana Paty Peralta y Marybel Villegas contender\u00e1n por la candidatura de Morena-Partido Verde en Canc\u00fan - NOTICIAS DE LA 4T","robots":{"index":"noindex","follow":"follow","max-snippet":"max-snippet:-1","max-image-preview":"max-image-preview:large","max-video-preview":"max-video-preview:-1"},"og_locale":"es_MX","og_type":"article","og_title":"Ana Paty Peralta y Marybel Villegas contender\u00e1n por la candidatura de Morena-Partido Verde en Canc\u00fan - NOTICIAS DE LA 4T","og_description":"Columna: Pensamiento Cr\u00edtico La alcaldesa de Canc\u00fan,\u00a0Ana Paty Peralta, se inscribi\u00f3 como\u00a0aspirante a la candidatura...","og_url":"https:\/\/redamlo.com\/index.php\/2024\/02\/01\/ana-paty-peralta-y-marybel-villegas-contenderan-por-la-candidatura-de-morena-partido-verde-en-cancun\/","og_site_name":"NOTICIAS DE LA 4T","article_published_time":"2024-02-01T16:57:16+00:00","og_image":[{"width":1280,"height":720,"url":"https:\/\/redamlo.com\/wp-content\/uploads\/2024\/02\/marybel_anapaty.png","type":"image\/png"}],"author":"admin","twitter_card":"summary_large_image","twitter_misc":{"Escrito por":"admin","Tiempo de lectura":"4 minutos"},"schema":{"@context":"https:\/\/schema.org","@graph":[{"@type":"Article","@id":"https:\/\/redamlo.com\/index.php\/2024\/02\/01\/ana-paty-peralta-y-marybel-villegas-contenderan-por-la-candidatura-de-morena-partido-verde-en-cancun\/#article","isPartOf":{"@id":"https:\/\/redamlo.com\/index.php\/2024\/02\/01\/ana-paty-peralta-y-marybel-villegas-contenderan-por-la-candidatura-de-morena-partido-verde-en-cancun\/"},"author":{"name":"admin","@id":"https:\/\/redamlo.com\/#\/schema\/person\/197a0a670d21b1f4f1483ddda1b64613"},"headline":"Ana Paty Peralta y Marybel Villegas contender\u00e1n por la candidatura de Morena-Partido Verde en Canc\u00fan","datePublished":"2024-02-01T16:57:16+00:00","mainEntityOfPage":{"@id":"https:\/\/redamlo.com\/index.php\/2024\/02\/01\/ana-paty-peralta-y-marybel-villegas-contenderan-por-la-candidatura-de-morena-partido-verde-en-cancun\/"},"wordCount":784,"commentCount":0,"publisher":{"@id":"https:\/\/redamlo.com\/#organization"},"image":{"@id":"https:\/\/redamlo.com\/index.php\/2024\/02\/01\/ana-paty-peralta-y-marybel-villegas-contenderan-por-la-candidatura-de-morena-partido-verde-en-cancun\/#primaryimage"},"thumbnailUrl":"https:\/\/redamlo.com\/wp-content\/uploads\/2024\/02\/marybel_anapaty.png","keywords":["Ana Paty Peralta","Benito Ju\u00e1rez","cancun","Marybel Villegas","Morena"],"articleSection":["4T"],"inLanguage":"es","potentialAction":[{"@type":"CommentAction","name":"Comment","target":["https:\/\/redamlo.com\/index.php\/2024\/02\/01\/ana-paty-peralta-y-marybel-villegas-contenderan-por-la-candidatura-de-morena-partido-verde-en-cancun\/#respond"]}]},{"@type":"WebPage","@id":"https:\/\/redamlo.com\/index.php\/2024\/02\/01\/ana-paty-peralta-y-marybel-villegas-contenderan-por-la-candidatura-de-morena-partido-verde-en-cancun\/","url":"https:\/\/redamlo.com\/index.php\/2024\/02\/01\/ana-paty-peralta-y-marybel-villegas-contenderan-por-la-candidatura-de-morena-partido-verde-en-cancun\/","name":"Ana Paty Peralta y Marybel Villegas contender\u00e1n por la candidatura de Morena-Partido Verde en Canc\u00fan - NOTICIAS DE LA 4T","isPartOf":{"@id":"https:\/\/redamlo.com\/#website"},"primaryImageOfPage":{"@id":"https:\/\/redamlo.com\/index.php\/2024\/02\/01\/ana-paty-peralta-y-marybel-villegas-contenderan-por-la-candidatura-de-morena-partido-verde-en-cancun\/#primaryimage"},"image":{"@id":"https:\/\/redamlo.com\/index.php\/2024\/02\/01\/ana-paty-peralta-y-marybel-villegas-contenderan-por-la-candidatura-de-morena-partido-verde-en-cancun\/#primaryimage"},"thumbnailUrl":"https:\/\/redamlo.com\/wp-content\/uploads\/2024\/02\/marybel_anapaty.png","datePublished":"2024-02-01T16:57:16+00:00","breadcrumb":{"@id":"https:\/\/redamlo.com\/index.php\/2024\/02\/01\/ana-paty-peralta-y-marybel-villegas-contenderan-por-la-candidatura-de-morena-partido-verde-en-cancun\/#breadcrumb"},"inLanguage":"es","potentialAction":[{"@type":"ReadAction","target":["https:\/\/redamlo.com\/index.php\/2024\/02\/01\/ana-paty-peralta-y-marybel-villegas-contenderan-por-la-candidatura-de-morena-partido-verde-en-cancun\/"]}]},{"@type":"ImageObject","inLanguage":"es","@id":"https:\/\/redamlo.com\/index.php\/2024\/02\/01\/ana-paty-peralta-y-marybel-villegas-contenderan-por-la-candidatura-de-morena-partido-verde-en-cancun\/#primaryimage","url":"https:\/\/redamlo.com\/wp-content\/uploads\/2024\/02\/marybel_anapaty.png","contentUrl":"https:\/\/redamlo.com\/wp-content\/uploads\/2024\/02\/marybel_anapaty.png","width":1280,"height":720},{"@type":"BreadcrumbList","@id":"https:\/\/redamlo.com\/index.php\/2024\/02\/01\/ana-paty-peralta-y-marybel-villegas-contenderan-por-la-candidatura-de-morena-partido-verde-en-cancun\/#breadcrumb","itemListElement":[{"@type":"ListItem","position":1,"name":"Inicio","item":"https:\/\/redamlo.com\/"},{"@type":"ListItem","position":2,"name":"Ana Paty Peralta y Marybel Villegas contender\u00e1n por la candidatura de Morena-Partido Verde en Canc\u00fan"}]},{"@type":"WebSite","@id":"https:\/\/redamlo.com\/#website","url":"https:\/\/redamlo.com\/","name":"NOTICIAS DE LA 4T","description":"","publisher":{"@id":"https:\/\/redamlo.com\/#organization"},"potentialAction":[{"@type":"SearchAction","target":{"@type":"EntryPoint","urlTemplate":"https:\/\/redamlo.com\/?s={search_term_string}"},"query-input":{"@type":"PropertyValueSpecification","valueRequired":true,"valueName":"search_term_string"}}],"inLanguage":"es"},{"@type":"Organization","@id":"https:\/\/redamlo.com\/#organization","name":"NOTICIAS DE LA 4T","url":"https:\/\/redamlo.com\/","logo":{"@type":"ImageObject","inLanguage":"es","@id":"https:\/\/redamlo.com\/#\/schema\/logo\/image\/","url":"https:\/\/redamlo.com\/wp-content\/uploads\/2024\/08\/cropped-RED-AMLO-logo-50.png","contentUrl":"https:\/\/redamlo.com\/wp-content\/uploads\/2024\/08\/cropped-RED-AMLO-logo-50.png","width":256,"height":256,"caption":"NOTICIAS DE LA 4T"},"image":{"@id":"https:\/\/redamlo.com\/#\/schema\/logo\/image\/"}},{"@type":"Person","@id":"https:\/\/redamlo.com\/#\/schema\/person\/197a0a670d21b1f4f1483ddda1b64613","name":"admin","image":{"@type":"ImageObject","inLanguage":"es","@id":"https:\/\/secure.gravatar.com\/avatar\/293dccd927043f2e641da6685c2f84009782eb9ee0054daceada4e261ded849a?s=96&d=mm&r=g","url":"https:\/\/secure.gravatar.com\/avatar\/293dccd927043f2e641da6685c2f84009782eb9ee0054daceada4e261ded849a?s=96&d=mm&r=g","contentUrl":"https:\/\/secure.gravatar.com\/avatar\/293dccd927043f2e641da6685c2f84009782eb9ee0054daceada4e261ded849a?s=96&d=mm&r=g","caption":"admin"},"sameAs":["https:\/\/redamlo.com"],"url":"https:\/\/redamlo.com\/index.php\/author\/stell\/"}]}},"_links":{"self":[{"href":"https:\/\/redamlo.com\/index.php\/wp-json\/wp\/v2\/posts\/7354","targetHints":{"allow":["GET"]}}],"collection":[{"href":"https:\/\/redamlo.com\/index.php\/wp-json\/wp\/v2\/posts"}],"about":[{"href":"https:\/\/redamlo.com\/index.php\/wp-json\/wp\/v2\/types\/post"}],"author":[{"embeddable":true,"href":"https:\/\/redamlo.com\/index.php\/wp-json\/wp\/v2\/users\/1"}],"replies":[{"embeddable":true,"href":"https:\/\/redamlo.com\/index.php\/wp-json\/wp\/v2\/comments?post=7354"}],"version-history":[{"count":0,"href":"https:\/\/redamlo.com\/index.php\/wp-json\/wp\/v2\/posts\/7354\/revisions"}],"wp:featuredmedia":[{"embeddable":true,"href":"https:\/\/redamlo.com\/index.php\/wp-json\/wp\/v2\/media\/7355"}],"wp:attachment":[{"href":"https:\/\/redamlo.com\/index.php\/wp-json\/wp\/v2\/media?parent=7354"}],"wp:term":[{"taxonomy":"category","embeddable":true,"href":"https:\/\/redamlo.com\/index.php\/wp-json\/wp\/v2\/categories?post=7354"},{"taxonomy":"post_tag","embeddable":true,"href":"https:\/\/redamlo.com\/index.php\/wp-json\/wp\/v2\/tags?post=7354"}],"curies":[{"name":"wp","href":"https:\/\/api.w.org\/{rel}","templated":true}]}}