{"id":7351,"date":"2024-01-31T19:32:47","date_gmt":"2024-02-01T01:32:47","guid":{"rendered":"https:\/\/redamlo.com\/?p=7351"},"modified":"2024-01-31T19:32:47","modified_gmt":"2024-02-01T01:32:47","slug":"amlo-nego-financiamiento-del-narco-en-campana-de-2006-denuncio-al-gobierno-de-eeuu-por-estas-practicas-inmorales","status":"publish","type":"post","link":"https:\/\/redamlo.com\/index.php\/2024\/01\/31\/amlo-nego-financiamiento-del-narco-en-campana-de-2006-denuncio-al-gobierno-de-eeuu-por-estas-practicas-inmorales\/","title":{"rendered":"AMLO neg\u00f3 financiamiento del narco en campa\u00f1a de 2006: &#8220;Denuncio al gobierno de EEUU por estas pr\u00e1cticas inmorales&#8221;"},"content":{"rendered":"<p>La tendencia de &#8220;Narcopresidente&#8221; se instal\u00f3\u00a0 en Twitter la ma\u00f1ana de este mi\u00e9rcoles tras una serie de art\u00edculos period\u00edsticos que apunta al financiamiento del crimen organizado durante la campa\u00f1a de AMLO en 2006. El presidente no demor\u00f3 en desmentir los dichos y dedic\u00f3 una de sus conferencias m\u00e1s largas en su sexenio a hablar al respecto.<\/p>\n<p>&nbsp;<\/p>\n<p>&#8220;Es una calumnia. Est\u00e1n desde luego muy molestos y lamentablemente la prensa est\u00e1 muy subordinada al poder&#8221;, lanz\u00f3 el presidente al instante de ser cuestionado por el tema. Los reportajes se publicaron en EU, a\u00fan as\u00ed, el presidente defendi\u00f3 que se trata de una campa\u00f1a para calumniar, como parte del proceso electoral. &#8220;\u00bfD\u00f3nde est\u00e1n las pruebas?, ret\u00f3.<\/p>\n<p>La informaci\u00f3n fue abordada por la periodista mexicana Anabel Hern\u00e1ndez, y los medios estadounidenses ProPublica e Insight Crimen, en donde se cita fuentes an\u00f3nimas de la DEA que afirman que se investig\u00f3 si grupos criminales hicieron aportaciones durante su campa\u00f1a presidencial de 2006, tras presuntas declaraciones de narcotraficantes. Aunque Propublica relata que la investigaci\u00f3n de la agencia antidrogas no consigui\u00f3 pruebas al respecto, por lo que se cerr\u00f3 la investigaci\u00f3n.<\/p>\n<p>&nbsp;<\/p>\n<p>A pesar de este resultado, el presidente se mostr\u00f3 furioso. &#8220;El periodista puede decir que no lo est\u00e1 afirmando, pero la calumnia cuando no mancha tizna&#8221; y refiri\u00f3 que recientemente informe que realiz\u00f3 la Universidad Rice que afirma supuesta colusi\u00f3n con el narco. &#8220;A ver, pruebas, d\u00f3nde est\u00e1n las pruebas&#8221;, lanz\u00f3.<\/p>\n<p>&nbsp;<\/p>\n<p>&#8220;Yo no establezco relaciones de complicidad con nadie, por eso puedo enfrentar estas mafias&#8221;, dijo durante su conferencia que esta ma\u00f1ana dur\u00f3 m\u00e1s de tres horas. Adem\u00e1s, afirm\u00f3 que todo se trata de un montaje.<\/p>\n<p>&nbsp;<\/p>\n<p>Esta vez las cr\u00edticas del gobierno no tuvieron como blanco solo a los medios de comunicaci\u00f3n sino al propio gobierno de Estados Unidos, al que acus\u00f3 de no &#8220;poner orden&#8221; pues aunque resalt\u00f3 que mantiene una buena relaci\u00f3n con el presidente Joe Biden y conf\u00eda en su palabra de tener una relaci\u00f3n de respeto e igualdad, afirm\u00f3 que &#8220;los aparatos (estatales) y sus agencias hacen lo que les da la gana&#8221;.<\/p>\n<p>&nbsp;<\/p>\n<p>&#8220;No voy a hacer un juicio formal, pero denuncio al gobierno de Estados Unidos de permitir estas pr\u00e1cticas inmorales y contrarias a la \u00e9tica pol\u00edtica que debe prevalecer en todos los gobiernos del mundo&#8221;, lanz\u00f3. Adem\u00e1s exigi\u00f3: &#8220;Tiene que decir la agencia cu\u00e1les son sus pruebas, el Departamento de Estado&#8221;.<\/p>\n<p>&nbsp;<\/p>\n<p>En su opini\u00f3n, todo esto se trata de &#8220;un doble discurso, una doble moral. Por eso es su crisis. No dejan de actuar con prepotencia y no quieren respetar nuestra independencia, soberan\u00eda (&#8230;). Mientras no pongan orden, van a tener problemas siempre&#8221;.<\/p>\n<p>&nbsp;<\/p>\n<p>L\u00f3pez obrador insisti\u00f3 que el tema de los reportajes &#8220;es armado y con intenciones de buscar confundir&#8221; y cuestion\u00f3 que se trata tambi\u00e9n de una estrategia por parte de sus opositores que buscan golpearlo a \u00e9l. &#8220;No deber\u00eda ser contra m\u00ed&#8221;, dijo.<\/p>\n<p>&nbsp;<\/p>\n<p>En ese tenor, aprovech\u00f3 para recordar el episodio de la detenci\u00f3n del general Cienfuegos, durante el gobierno de Donald Trump, que afirma no estuvo enterado del caso, pero tambi\u00e9n fue m\u00e1s all\u00e1 al exponer una serie de tropiezos que enfrent\u00f3 de sus opositores para llegar al gobierno, recapitulando el caso del video de Bejarano y del desafuero. &#8220;Es un milagro que est\u00e9 aqu\u00ed&#8221;, concluy\u00f3.<\/p>\n","protected":false},"excerpt":{"rendered":"<p>La tendencia de &#8220;Narcopresidente&#8221; se instal\u00f3\u00a0 en Twitter la ma\u00f1ana de este mi\u00e9rcoles tras una&#8230;<\/p>\n","protected":false},"author":1,"featured_media":7352,"comment_status":"open","ping_status":"closed","sticky":false,"template":"","format":"standard","meta":{"footnotes":""},"categories":[25],"tags":[],"class_list":["post-7351","post","type-post","status-publish","format-standard","has-post-thumbnail","hentry","category-4t"],"yoast_head":"<!-- This site is optimized with the Yoast SEO plugin v27.5 - https:\/\/yoast.com\/product\/yoast-seo-wordpress\/ -->\n<title>AMLO neg\u00f3 financiamiento del narco en campa\u00f1a de 2006: &quot;Denuncio al gobierno de EEUU por estas pr\u00e1cticas inmorales&quot; - NOTICIAS DE LA 4T<\/title>\n<meta name=\"robots\" content=\"noindex, follow, max-snippet:-1, max-image-preview:large, max-video-preview:-1\" \/>\n<meta property=\"og:locale\" content=\"es_MX\" \/>\n<meta property=\"og:type\" content=\"article\" \/>\n<meta property=\"og:title\" content=\"AMLO neg\u00f3 financiamiento del narco en campa\u00f1a de 2006: &quot;Denuncio al gobierno de EEUU por estas pr\u00e1cticas inmorales&quot; - NOTICIAS DE LA 4T\" \/>\n<meta property=\"og:description\" content=\"La tendencia de &#8220;Narcopresidente&#8221; se instal\u00f3\u00a0 en Twitter la ma\u00f1ana de este mi\u00e9rcoles tras una...\" \/>\n<meta property=\"og:url\" content=\"https:\/\/redamlo.com\/index.php\/2024\/01\/31\/amlo-nego-financiamiento-del-narco-en-campana-de-2006-denuncio-al-gobierno-de-eeuu-por-estas-practicas-inmorales\/\" \/>\n<meta property=\"og:site_name\" content=\"NOTICIAS DE LA 4T\" \/>\n<meta property=\"article:published_time\" content=\"2024-02-01T01:32:47+00:00\" \/>\n<meta property=\"og:image\" content=\"https:\/\/redamlo.com\/wp-content\/uploads\/2024\/01\/amlo_campana_2006-scaled-1.jpeg\" \/>\n\t<meta property=\"og:image:width\" content=\"2560\" \/>\n\t<meta property=\"og:image:height\" content=\"1140\" \/>\n\t<meta property=\"og:image:type\" content=\"image\/jpeg\" \/>\n<meta name=\"author\" content=\"admin\" \/>\n<meta name=\"twitter:card\" content=\"summary_large_image\" \/>\n<meta name=\"twitter:label1\" content=\"Escrito por\" \/>\n\t<meta name=\"twitter:data1\" content=\"admin\" \/>\n\t<meta name=\"twitter:label2\" content=\"Tiempo de lectura\" \/>\n\t<meta name=\"twitter:data2\" content=\"3 minutos\" \/>\n<script type=\"application\/ld+json\" class=\"yoast-schema-graph\">{\"@context\":\"https:\\\/\\\/schema.org\",\"@graph\":[{\"@type\":\"Article\",\"@id\":\"https:\\\/\\\/redamlo.com\\\/index.php\\\/2024\\\/01\\\/31\\\/amlo-nego-financiamiento-del-narco-en-campana-de-2006-denuncio-al-gobierno-de-eeuu-por-estas-practicas-inmorales\\\/#article\",\"isPartOf\":{\"@id\":\"https:\\\/\\\/redamlo.com\\\/index.php\\\/2024\\\/01\\\/31\\\/amlo-nego-financiamiento-del-narco-en-campana-de-2006-denuncio-al-gobierno-de-eeuu-por-estas-practicas-inmorales\\\/\"},\"author\":{\"name\":\"admin\",\"@id\":\"https:\\\/\\\/redamlo.com\\\/#\\\/schema\\\/person\\\/197a0a670d21b1f4f1483ddda1b64613\"},\"headline\":\"AMLO neg\u00f3 financiamiento del narco en campa\u00f1a de 2006: &#8220;Denuncio al gobierno de EEUU por estas pr\u00e1cticas inmorales&#8221;\",\"datePublished\":\"2024-02-01T01:32:47+00:00\",\"mainEntityOfPage\":{\"@id\":\"https:\\\/\\\/redamlo.com\\\/index.php\\\/2024\\\/01\\\/31\\\/amlo-nego-financiamiento-del-narco-en-campana-de-2006-denuncio-al-gobierno-de-eeuu-por-estas-practicas-inmorales\\\/\"},\"wordCount\":602,\"commentCount\":0,\"publisher\":{\"@id\":\"https:\\\/\\\/redamlo.com\\\/#organization\"},\"image\":{\"@id\":\"https:\\\/\\\/redamlo.com\\\/index.php\\\/2024\\\/01\\\/31\\\/amlo-nego-financiamiento-del-narco-en-campana-de-2006-denuncio-al-gobierno-de-eeuu-por-estas-practicas-inmorales\\\/#primaryimage\"},\"thumbnailUrl\":\"https:\\\/\\\/redamlo.com\\\/wp-content\\\/uploads\\\/2024\\\/01\\\/amlo_campana_2006-scaled-1.jpeg\",\"articleSection\":[\"4T\"],\"inLanguage\":\"es\",\"potentialAction\":[{\"@type\":\"CommentAction\",\"name\":\"Comment\",\"target\":[\"https:\\\/\\\/redamlo.com\\\/index.php\\\/2024\\\/01\\\/31\\\/amlo-nego-financiamiento-del-narco-en-campana-de-2006-denuncio-al-gobierno-de-eeuu-por-estas-practicas-inmorales\\\/#respond\"]}]},{\"@type\":\"WebPage\",\"@id\":\"https:\\\/\\\/redamlo.com\\\/index.php\\\/2024\\\/01\\\/31\\\/amlo-nego-financiamiento-del-narco-en-campana-de-2006-denuncio-al-gobierno-de-eeuu-por-estas-practicas-inmorales\\\/\",\"url\":\"https:\\\/\\\/redamlo.com\\\/index.php\\\/2024\\\/01\\\/31\\\/amlo-nego-financiamiento-del-narco-en-campana-de-2006-denuncio-al-gobierno-de-eeuu-por-estas-practicas-inmorales\\\/\",\"name\":\"AMLO neg\u00f3 financiamiento del narco en campa\u00f1a de 2006: \\\"Denuncio al gobierno de EEUU por estas pr\u00e1cticas inmorales\\\" - NOTICIAS DE LA 4T\",\"isPartOf\":{\"@id\":\"https:\\\/\\\/redamlo.com\\\/#website\"},\"primaryImageOfPage\":{\"@id\":\"https:\\\/\\\/redamlo.com\\\/index.php\\\/2024\\\/01\\\/31\\\/amlo-nego-financiamiento-del-narco-en-campana-de-2006-denuncio-al-gobierno-de-eeuu-por-estas-practicas-inmorales\\\/#primaryimage\"},\"image\":{\"@id\":\"https:\\\/\\\/redamlo.com\\\/index.php\\\/2024\\\/01\\\/31\\\/amlo-nego-financiamiento-del-narco-en-campana-de-2006-denuncio-al-gobierno-de-eeuu-por-estas-practicas-inmorales\\\/#primaryimage\"},\"thumbnailUrl\":\"https:\\\/\\\/redamlo.com\\\/wp-content\\\/uploads\\\/2024\\\/01\\\/amlo_campana_2006-scaled-1.jpeg\",\"datePublished\":\"2024-02-01T01:32:47+00:00\",\"breadcrumb\":{\"@id\":\"https:\\\/\\\/redamlo.com\\\/index.php\\\/2024\\\/01\\\/31\\\/amlo-nego-financiamiento-del-narco-en-campana-de-2006-denuncio-al-gobierno-de-eeuu-por-estas-practicas-inmorales\\\/#breadcrumb\"},\"inLanguage\":\"es\",\"potentialAction\":[{\"@type\":\"ReadAction\",\"target\":[\"https:\\\/\\\/redamlo.com\\\/index.php\\\/2024\\\/01\\\/31\\\/amlo-nego-financiamiento-del-narco-en-campana-de-2006-denuncio-al-gobierno-de-eeuu-por-estas-practicas-inmorales\\\/\"]}]},{\"@type\":\"ImageObject\",\"inLanguage\":\"es\",\"@id\":\"https:\\\/\\\/redamlo.com\\\/index.php\\\/2024\\\/01\\\/31\\\/amlo-nego-financiamiento-del-narco-en-campana-de-2006-denuncio-al-gobierno-de-eeuu-por-estas-practicas-inmorales\\\/#primaryimage\",\"url\":\"https:\\\/\\\/redamlo.com\\\/wp-content\\\/uploads\\\/2024\\\/01\\\/amlo_campana_2006-scaled-1.jpeg\",\"contentUrl\":\"https:\\\/\\\/redamlo.com\\\/wp-content\\\/uploads\\\/2024\\\/01\\\/amlo_campana_2006-scaled-1.jpeg\",\"width\":2560,\"height\":1140,\"caption\":\"The three top Mexican presidential candidates, Felipe Calderon of the National Action Party (PAN), left, Andres Manuel Lopez Obrador of the Democratic Revolution Party (PRD), center, and Roberto Madrazo of the Institutional Revolutionary Party (PRI), right, are seen in this composite of file photos taken in Dec. 2005 in Mexico City, Mexico. A poll published on Wednesday May 3, 2006 showed Mexico's conservative ruling-party candidate Calderon, with his first significant lead over Lopez Obrador, the leftist rival he once trailed by as much as 10 points ahead of July's presidential election. Madrazo remained in third place with 22 percent. (AP Photo\\\/Dario Lopez-MIlls, left and center, Marco Ugarte, right)\"},{\"@type\":\"BreadcrumbList\",\"@id\":\"https:\\\/\\\/redamlo.com\\\/index.php\\\/2024\\\/01\\\/31\\\/amlo-nego-financiamiento-del-narco-en-campana-de-2006-denuncio-al-gobierno-de-eeuu-por-estas-practicas-inmorales\\\/#breadcrumb\",\"itemListElement\":[{\"@type\":\"ListItem\",\"position\":1,\"name\":\"Inicio\",\"item\":\"https:\\\/\\\/redamlo.com\\\/\"},{\"@type\":\"ListItem\",\"position\":2,\"name\":\"AMLO neg\u00f3 financiamiento del narco en campa\u00f1a de 2006: &#8220;Denuncio al gobierno de EEUU por estas pr\u00e1cticas inmorales&#8221;\"}]},{\"@type\":\"WebSite\",\"@id\":\"https:\\\/\\\/redamlo.com\\\/#website\",\"url\":\"https:\\\/\\\/redamlo.com\\\/\",\"name\":\"NOTICIAS DE LA 4T\",\"description\":\"\",\"publisher\":{\"@id\":\"https:\\\/\\\/redamlo.com\\\/#organization\"},\"potentialAction\":[{\"@type\":\"SearchAction\",\"target\":{\"@type\":\"EntryPoint\",\"urlTemplate\":\"https:\\\/\\\/redamlo.com\\\/?s={search_term_string}\"},\"query-input\":{\"@type\":\"PropertyValueSpecification\",\"valueRequired\":true,\"valueName\":\"search_term_string\"}}],\"inLanguage\":\"es\"},{\"@type\":\"Organization\",\"@id\":\"https:\\\/\\\/redamlo.com\\\/#organization\",\"name\":\"NOTICIAS DE LA 4T\",\"url\":\"https:\\\/\\\/redamlo.com\\\/\",\"logo\":{\"@type\":\"ImageObject\",\"inLanguage\":\"es\",\"@id\":\"https:\\\/\\\/redamlo.com\\\/#\\\/schema\\\/logo\\\/image\\\/\",\"url\":\"https:\\\/\\\/redamlo.com\\\/wp-content\\\/uploads\\\/2024\\\/08\\\/cropped-RED-AMLO-logo-50.png\",\"contentUrl\":\"https:\\\/\\\/redamlo.com\\\/wp-content\\\/uploads\\\/2024\\\/08\\\/cropped-RED-AMLO-logo-50.png\",\"width\":256,\"height\":256,\"caption\":\"NOTICIAS DE LA 4T\"},\"image\":{\"@id\":\"https:\\\/\\\/redamlo.com\\\/#\\\/schema\\\/logo\\\/image\\\/\"}},{\"@type\":\"Person\",\"@id\":\"https:\\\/\\\/redamlo.com\\\/#\\\/schema\\\/person\\\/197a0a670d21b1f4f1483ddda1b64613\",\"name\":\"admin\",\"image\":{\"@type\":\"ImageObject\",\"inLanguage\":\"es\",\"@id\":\"https:\\\/\\\/secure.gravatar.com\\\/avatar\\\/293dccd927043f2e641da6685c2f84009782eb9ee0054daceada4e261ded849a?s=96&d=mm&r=g\",\"url\":\"https:\\\/\\\/secure.gravatar.com\\\/avatar\\\/293dccd927043f2e641da6685c2f84009782eb9ee0054daceada4e261ded849a?s=96&d=mm&r=g\",\"contentUrl\":\"https:\\\/\\\/secure.gravatar.com\\\/avatar\\\/293dccd927043f2e641da6685c2f84009782eb9ee0054daceada4e261ded849a?s=96&d=mm&r=g\",\"caption\":\"admin\"},\"sameAs\":[\"https:\\\/\\\/redamlo.com\"],\"url\":\"https:\\\/\\\/redamlo.com\\\/index.php\\\/author\\\/stell\\\/\"}]}<\/script>\n<!-- \/ Yoast SEO plugin. -->","yoast_head_json":{"title":"AMLO neg\u00f3 financiamiento del narco en campa\u00f1a de 2006: \"Denuncio al gobierno de EEUU por estas pr\u00e1cticas inmorales\" - NOTICIAS DE LA 4T","robots":{"index":"noindex","follow":"follow","max-snippet":"max-snippet:-1","max-image-preview":"max-image-preview:large","max-video-preview":"max-video-preview:-1"},"og_locale":"es_MX","og_type":"article","og_title":"AMLO neg\u00f3 financiamiento del narco en campa\u00f1a de 2006: \"Denuncio al gobierno de EEUU por estas pr\u00e1cticas inmorales\" - NOTICIAS DE LA 4T","og_description":"La tendencia de &#8220;Narcopresidente&#8221; se instal\u00f3\u00a0 en Twitter la ma\u00f1ana de este mi\u00e9rcoles tras una...","og_url":"https:\/\/redamlo.com\/index.php\/2024\/01\/31\/amlo-nego-financiamiento-del-narco-en-campana-de-2006-denuncio-al-gobierno-de-eeuu-por-estas-practicas-inmorales\/","og_site_name":"NOTICIAS DE LA 4T","article_published_time":"2024-02-01T01:32:47+00:00","og_image":[{"width":2560,"height":1140,"url":"https:\/\/redamlo.com\/wp-content\/uploads\/2024\/01\/amlo_campana_2006-scaled-1.jpeg","type":"image\/jpeg"}],"author":"admin","twitter_card":"summary_large_image","twitter_misc":{"Escrito por":"admin","Tiempo de lectura":"3 minutos"},"schema":{"@context":"https:\/\/schema.org","@graph":[{"@type":"Article","@id":"https:\/\/redamlo.com\/index.php\/2024\/01\/31\/amlo-nego-financiamiento-del-narco-en-campana-de-2006-denuncio-al-gobierno-de-eeuu-por-estas-practicas-inmorales\/#article","isPartOf":{"@id":"https:\/\/redamlo.com\/index.php\/2024\/01\/31\/amlo-nego-financiamiento-del-narco-en-campana-de-2006-denuncio-al-gobierno-de-eeuu-por-estas-practicas-inmorales\/"},"author":{"name":"admin","@id":"https:\/\/redamlo.com\/#\/schema\/person\/197a0a670d21b1f4f1483ddda1b64613"},"headline":"AMLO neg\u00f3 financiamiento del narco en campa\u00f1a de 2006: &#8220;Denuncio al gobierno de EEUU por estas pr\u00e1cticas inmorales&#8221;","datePublished":"2024-02-01T01:32:47+00:00","mainEntityOfPage":{"@id":"https:\/\/redamlo.com\/index.php\/2024\/01\/31\/amlo-nego-financiamiento-del-narco-en-campana-de-2006-denuncio-al-gobierno-de-eeuu-por-estas-practicas-inmorales\/"},"wordCount":602,"commentCount":0,"publisher":{"@id":"https:\/\/redamlo.com\/#organization"},"image":{"@id":"https:\/\/redamlo.com\/index.php\/2024\/01\/31\/amlo-nego-financiamiento-del-narco-en-campana-de-2006-denuncio-al-gobierno-de-eeuu-por-estas-practicas-inmorales\/#primaryimage"},"thumbnailUrl":"https:\/\/redamlo.com\/wp-content\/uploads\/2024\/01\/amlo_campana_2006-scaled-1.jpeg","articleSection":["4T"],"inLanguage":"es","potentialAction":[{"@type":"CommentAction","name":"Comment","target":["https:\/\/redamlo.com\/index.php\/2024\/01\/31\/amlo-nego-financiamiento-del-narco-en-campana-de-2006-denuncio-al-gobierno-de-eeuu-por-estas-practicas-inmorales\/#respond"]}]},{"@type":"WebPage","@id":"https:\/\/redamlo.com\/index.php\/2024\/01\/31\/amlo-nego-financiamiento-del-narco-en-campana-de-2006-denuncio-al-gobierno-de-eeuu-por-estas-practicas-inmorales\/","url":"https:\/\/redamlo.com\/index.php\/2024\/01\/31\/amlo-nego-financiamiento-del-narco-en-campana-de-2006-denuncio-al-gobierno-de-eeuu-por-estas-practicas-inmorales\/","name":"AMLO neg\u00f3 financiamiento del narco en campa\u00f1a de 2006: \"Denuncio al gobierno de EEUU por estas pr\u00e1cticas inmorales\" - NOTICIAS DE LA 4T","isPartOf":{"@id":"https:\/\/redamlo.com\/#website"},"primaryImageOfPage":{"@id":"https:\/\/redamlo.com\/index.php\/2024\/01\/31\/amlo-nego-financiamiento-del-narco-en-campana-de-2006-denuncio-al-gobierno-de-eeuu-por-estas-practicas-inmorales\/#primaryimage"},"image":{"@id":"https:\/\/redamlo.com\/index.php\/2024\/01\/31\/amlo-nego-financiamiento-del-narco-en-campana-de-2006-denuncio-al-gobierno-de-eeuu-por-estas-practicas-inmorales\/#primaryimage"},"thumbnailUrl":"https:\/\/redamlo.com\/wp-content\/uploads\/2024\/01\/amlo_campana_2006-scaled-1.jpeg","datePublished":"2024-02-01T01:32:47+00:00","breadcrumb":{"@id":"https:\/\/redamlo.com\/index.php\/2024\/01\/31\/amlo-nego-financiamiento-del-narco-en-campana-de-2006-denuncio-al-gobierno-de-eeuu-por-estas-practicas-inmorales\/#breadcrumb"},"inLanguage":"es","potentialAction":[{"@type":"ReadAction","target":["https:\/\/redamlo.com\/index.php\/2024\/01\/31\/amlo-nego-financiamiento-del-narco-en-campana-de-2006-denuncio-al-gobierno-de-eeuu-por-estas-practicas-inmorales\/"]}]},{"@type":"ImageObject","inLanguage":"es","@id":"https:\/\/redamlo.com\/index.php\/2024\/01\/31\/amlo-nego-financiamiento-del-narco-en-campana-de-2006-denuncio-al-gobierno-de-eeuu-por-estas-practicas-inmorales\/#primaryimage","url":"https:\/\/redamlo.com\/wp-content\/uploads\/2024\/01\/amlo_campana_2006-scaled-1.jpeg","contentUrl":"https:\/\/redamlo.com\/wp-content\/uploads\/2024\/01\/amlo_campana_2006-scaled-1.jpeg","width":2560,"height":1140,"caption":"The three top Mexican presidential candidates, Felipe Calderon of the National Action Party (PAN), left, Andres Manuel Lopez Obrador of the Democratic Revolution Party (PRD), center, and Roberto Madrazo of the Institutional Revolutionary Party (PRI), right, are seen in this composite of file photos taken in Dec. 2005 in Mexico City, Mexico. A poll published on Wednesday May 3, 2006 showed Mexico's conservative ruling-party candidate Calderon, with his first significant lead over Lopez Obrador, the leftist rival he once trailed by as much as 10 points ahead of July's presidential election. Madrazo remained in third place with 22 percent. (AP Photo\/Dario Lopez-MIlls, left and center, Marco Ugarte, right)"},{"@type":"BreadcrumbList","@id":"https:\/\/redamlo.com\/index.php\/2024\/01\/31\/amlo-nego-financiamiento-del-narco-en-campana-de-2006-denuncio-al-gobierno-de-eeuu-por-estas-practicas-inmorales\/#breadcrumb","itemListElement":[{"@type":"ListItem","position":1,"name":"Inicio","item":"https:\/\/redamlo.com\/"},{"@type":"ListItem","position":2,"name":"AMLO neg\u00f3 financiamiento del narco en campa\u00f1a de 2006: &#8220;Denuncio al gobierno de EEUU por estas pr\u00e1cticas inmorales&#8221;"}]},{"@type":"WebSite","@id":"https:\/\/redamlo.com\/#website","url":"https:\/\/redamlo.com\/","name":"NOTICIAS DE LA 4T","description":"","publisher":{"@id":"https:\/\/redamlo.com\/#organization"},"potentialAction":[{"@type":"SearchAction","target":{"@type":"EntryPoint","urlTemplate":"https:\/\/redamlo.com\/?s={search_term_string}"},"query-input":{"@type":"PropertyValueSpecification","valueRequired":true,"valueName":"search_term_string"}}],"inLanguage":"es"},{"@type":"Organization","@id":"https:\/\/redamlo.com\/#organization","name":"NOTICIAS DE LA 4T","url":"https:\/\/redamlo.com\/","logo":{"@type":"ImageObject","inLanguage":"es","@id":"https:\/\/redamlo.com\/#\/schema\/logo\/image\/","url":"https:\/\/redamlo.com\/wp-content\/uploads\/2024\/08\/cropped-RED-AMLO-logo-50.png","contentUrl":"https:\/\/redamlo.com\/wp-content\/uploads\/2024\/08\/cropped-RED-AMLO-logo-50.png","width":256,"height":256,"caption":"NOTICIAS DE LA 4T"},"image":{"@id":"https:\/\/redamlo.com\/#\/schema\/logo\/image\/"}},{"@type":"Person","@id":"https:\/\/redamlo.com\/#\/schema\/person\/197a0a670d21b1f4f1483ddda1b64613","name":"admin","image":{"@type":"ImageObject","inLanguage":"es","@id":"https:\/\/secure.gravatar.com\/avatar\/293dccd927043f2e641da6685c2f84009782eb9ee0054daceada4e261ded849a?s=96&d=mm&r=g","url":"https:\/\/secure.gravatar.com\/avatar\/293dccd927043f2e641da6685c2f84009782eb9ee0054daceada4e261ded849a?s=96&d=mm&r=g","contentUrl":"https:\/\/secure.gravatar.com\/avatar\/293dccd927043f2e641da6685c2f84009782eb9ee0054daceada4e261ded849a?s=96&d=mm&r=g","caption":"admin"},"sameAs":["https:\/\/redamlo.com"],"url":"https:\/\/redamlo.com\/index.php\/author\/stell\/"}]}},"_links":{"self":[{"href":"https:\/\/redamlo.com\/index.php\/wp-json\/wp\/v2\/posts\/7351","targetHints":{"allow":["GET"]}}],"collection":[{"href":"https:\/\/redamlo.com\/index.php\/wp-json\/wp\/v2\/posts"}],"about":[{"href":"https:\/\/redamlo.com\/index.php\/wp-json\/wp\/v2\/types\/post"}],"author":[{"embeddable":true,"href":"https:\/\/redamlo.com\/index.php\/wp-json\/wp\/v2\/users\/1"}],"replies":[{"embeddable":true,"href":"https:\/\/redamlo.com\/index.php\/wp-json\/wp\/v2\/comments?post=7351"}],"version-history":[{"count":0,"href":"https:\/\/redamlo.com\/index.php\/wp-json\/wp\/v2\/posts\/7351\/revisions"}],"wp:featuredmedia":[{"embeddable":true,"href":"https:\/\/redamlo.com\/index.php\/wp-json\/wp\/v2\/media\/7352"}],"wp:attachment":[{"href":"https:\/\/redamlo.com\/index.php\/wp-json\/wp\/v2\/media?parent=7351"}],"wp:term":[{"taxonomy":"category","embeddable":true,"href":"https:\/\/redamlo.com\/index.php\/wp-json\/wp\/v2\/categories?post=7351"},{"taxonomy":"post_tag","embeddable":true,"href":"https:\/\/redamlo.com\/index.php\/wp-json\/wp\/v2\/tags?post=7351"}],"curies":[{"name":"wp","href":"https:\/\/api.w.org\/{rel}","templated":true}]}}