{"id":7345,"date":"2024-01-29T12:45:31","date_gmt":"2024-01-29T18:45:31","guid":{"rendered":"https:\/\/redamlo.com\/?p=7345"},"modified":"2024-01-29T12:45:31","modified_gmt":"2024-01-29T18:45:31","slug":"amlo-celebra-aprobacion-de-vacuna-mexicana-patria-contra-covid-19","status":"publish","type":"post","link":"https:\/\/redamlo.com\/index.php\/2024\/01\/29\/amlo-celebra-aprobacion-de-vacuna-mexicana-patria-contra-covid-19\/","title":{"rendered":"AMLO celebra aprobaci\u00f3n de vacuna mexicana Patria contra covid-19"},"content":{"rendered":"<p data-t=\"{&quot;n&quot;:&quot;blueLinks&quot;}\">El presidente Andr\u00e9s Manuel L\u00f3pez Obrador celebr\u00f3 la opini\u00f3n favorable que emiti\u00f3 el fin de semana el Comit\u00e9 de Mol\u00e9culas Nuevas (CMN) de Cofepris a la vacuna AVX\/COVID-12 (Patria), elaborada por los laboratorios Avi-Mex contra el virus SARS-CoV-2, causante de covid-19, indicada para la inmunizaci\u00f3n activa de personas mayores de 18 a\u00f1os por v\u00eda intramuscular y que, en caso de completar exitosamente todas las etapas, obtendr\u00eda la autorizaci\u00f3n para uso de emergencia.<\/p>\n<blockquote><p>La vacuna mexicana Patria contra covid-19 ya se aprob\u00f3 por los especialistas. Felicidades a los investigadores de CONAHCYT y Avimex\u201d, destac\u00f3 el mandatario en sus redes sociales.<\/p><\/blockquote>\n<p class=\"continue-read-break\" data-t=\"{&quot;n&quot;:&quot;blueLinks&quot;}\">Los especialistas de Cofepris destacaron que los datos de inmunogenicidad reportados por el solicitante indican que la vacuna Patria mostr\u00f3 efectividad equivalente a la de otros biol\u00f3gicos que ya se aplican entre la poblaci\u00f3n, sustentado en la informaci\u00f3n precl\u00ednica y en ensayos cl\u00ednicos presentados en la sesi\u00f3n.<\/p>\n<div class=\"twitter-slot\"><\/div>\n<p data-t=\"{&quot;n&quot;:&quot;blueLinks&quot;}\">Considerando que se trata de un insumo nuevo, los expertos enfatizaron que deber\u00e1 contar con un esquema de farmacovigilancia estricto para conocer el perfil de seguridad a largo plazo.<\/p>\n<p data-t=\"{&quot;n&quot;:&quot;blueLinks&quot;}\">Asimismo, el panel de expertas y expertos consider\u00f3 que el biol\u00f3gico analizado podr\u00e1 ayudar a la aplicaci\u00f3n universal y al acceso de vacunas para toda la poblaci\u00f3n del pa\u00eds, pues har\u00eda posible llegar a las zonas m\u00e1s apartadas, ya que requiere una cadena de fr\u00edo de dos a ocho grados cent\u00edgrados, a diferencia de otros insumos que requieren cadenas de fr\u00edo m\u00e1s complejas.<\/p>\n<div class=\"intra-article-module\" data-t=\"{&quot;n&quot;:&quot;intraArticle&quot;,&quot;t&quot;:13}\"><\/div>\n<p data-t=\"{&quot;n&quot;:&quot;blueLinks&quot;}\">El Comit\u00e9 de Mol\u00e9culas Nuevas es un \u00f3rgano auxiliar de consulta que forma parte de la agencia reguladora. Su funci\u00f3n es emitir opiniones t\u00e9cnicas no vinculantes sobre medicamentos e insumos para la salud, bas\u00e1ndose en la evidencia cient\u00edfica y m\u00e9dica presentadas. Por lo tanto, este paso no constituye la autorizaci\u00f3n final para la obtenci\u00f3n de la autorizaci\u00f3n de uso de emergencia.<\/p>\n","protected":false},"excerpt":{"rendered":"<p>El presidente Andr\u00e9s Manuel L\u00f3pez Obrador celebr\u00f3 la opini\u00f3n favorable que emiti\u00f3 el fin de&#8230;<\/p>\n","protected":false},"author":1,"featured_media":7346,"comment_status":"open","ping_status":"closed","sticky":false,"template":"","format":"standard","meta":{"footnotes":""},"categories":[25],"tags":[84,2630],"class_list":["post-7345","post","type-post","status-publish","format-standard","has-post-thumbnail","hentry","category-4t","tag-amlo","tag-vacuna-patria"],"yoast_head":"<!-- This site is optimized with the Yoast SEO plugin v27.5 - https:\/\/yoast.com\/product\/yoast-seo-wordpress\/ -->\n<title>AMLO celebra aprobaci\u00f3n de vacuna mexicana Patria contra covid-19 - NOTICIAS DE LA 4T<\/title>\n<meta name=\"robots\" content=\"noindex, follow, max-snippet:-1, max-image-preview:large, max-video-preview:-1\" \/>\n<meta property=\"og:locale\" content=\"es_MX\" \/>\n<meta property=\"og:type\" content=\"article\" \/>\n<meta property=\"og:title\" content=\"AMLO celebra aprobaci\u00f3n de vacuna mexicana Patria contra covid-19 - NOTICIAS DE LA 4T\" \/>\n<meta property=\"og:description\" content=\"El presidente Andr\u00e9s Manuel L\u00f3pez Obrador celebr\u00f3 la opini\u00f3n favorable que emiti\u00f3 el fin de...\" \/>\n<meta property=\"og:url\" content=\"https:\/\/redamlo.com\/index.php\/2024\/01\/29\/amlo-celebra-aprobacion-de-vacuna-mexicana-patria-contra-covid-19\/\" \/>\n<meta property=\"og:site_name\" content=\"NOTICIAS DE LA 4T\" \/>\n<meta property=\"article:published_time\" content=\"2024-01-29T18:45:31+00:00\" \/>\n<meta property=\"og:image\" content=\"https:\/\/redamlo.com\/wp-content\/uploads\/2024\/01\/amlo_2024.jpg\" \/>\n\t<meta property=\"og:image:width\" content=\"768\" \/>\n\t<meta property=\"og:image:height\" content=\"611\" \/>\n\t<meta property=\"og:image:type\" content=\"image\/jpeg\" \/>\n<meta name=\"author\" content=\"admin\" \/>\n<meta name=\"twitter:card\" content=\"summary_large_image\" \/>\n<meta name=\"twitter:label1\" content=\"Escrito por\" \/>\n\t<meta name=\"twitter:data1\" content=\"admin\" \/>\n\t<meta name=\"twitter:label2\" content=\"Tiempo de lectura\" \/>\n\t<meta name=\"twitter:data2\" content=\"2 minutos\" \/>\n<script type=\"application\/ld+json\" class=\"yoast-schema-graph\">{\"@context\":\"https:\\\/\\\/schema.org\",\"@graph\":[{\"@type\":\"Article\",\"@id\":\"https:\\\/\\\/redamlo.com\\\/index.php\\\/2024\\\/01\\\/29\\\/amlo-celebra-aprobacion-de-vacuna-mexicana-patria-contra-covid-19\\\/#article\",\"isPartOf\":{\"@id\":\"https:\\\/\\\/redamlo.com\\\/index.php\\\/2024\\\/01\\\/29\\\/amlo-celebra-aprobacion-de-vacuna-mexicana-patria-contra-covid-19\\\/\"},\"author\":{\"name\":\"admin\",\"@id\":\"https:\\\/\\\/redamlo.com\\\/#\\\/schema\\\/person\\\/197a0a670d21b1f4f1483ddda1b64613\"},\"headline\":\"AMLO celebra aprobaci\u00f3n de vacuna mexicana Patria contra covid-19\",\"datePublished\":\"2024-01-29T18:45:31+00:00\",\"mainEntityOfPage\":{\"@id\":\"https:\\\/\\\/redamlo.com\\\/index.php\\\/2024\\\/01\\\/29\\\/amlo-celebra-aprobacion-de-vacuna-mexicana-patria-contra-covid-19\\\/\"},\"wordCount\":343,\"commentCount\":0,\"publisher\":{\"@id\":\"https:\\\/\\\/redamlo.com\\\/#organization\"},\"image\":{\"@id\":\"https:\\\/\\\/redamlo.com\\\/index.php\\\/2024\\\/01\\\/29\\\/amlo-celebra-aprobacion-de-vacuna-mexicana-patria-contra-covid-19\\\/#primaryimage\"},\"thumbnailUrl\":\"https:\\\/\\\/redamlo.com\\\/wp-content\\\/uploads\\\/2024\\\/01\\\/amlo_2024.jpg\",\"keywords\":[\"AMLO\",\"vacuna patria\"],\"articleSection\":[\"4T\"],\"inLanguage\":\"es\",\"potentialAction\":[{\"@type\":\"CommentAction\",\"name\":\"Comment\",\"target\":[\"https:\\\/\\\/redamlo.com\\\/index.php\\\/2024\\\/01\\\/29\\\/amlo-celebra-aprobacion-de-vacuna-mexicana-patria-contra-covid-19\\\/#respond\"]}]},{\"@type\":\"WebPage\",\"@id\":\"https:\\\/\\\/redamlo.com\\\/index.php\\\/2024\\\/01\\\/29\\\/amlo-celebra-aprobacion-de-vacuna-mexicana-patria-contra-covid-19\\\/\",\"url\":\"https:\\\/\\\/redamlo.com\\\/index.php\\\/2024\\\/01\\\/29\\\/amlo-celebra-aprobacion-de-vacuna-mexicana-patria-contra-covid-19\\\/\",\"name\":\"AMLO celebra aprobaci\u00f3n de vacuna mexicana Patria contra covid-19 - NOTICIAS DE LA 4T\",\"isPartOf\":{\"@id\":\"https:\\\/\\\/redamlo.com\\\/#website\"},\"primaryImageOfPage\":{\"@id\":\"https:\\\/\\\/redamlo.com\\\/index.php\\\/2024\\\/01\\\/29\\\/amlo-celebra-aprobacion-de-vacuna-mexicana-patria-contra-covid-19\\\/#primaryimage\"},\"image\":{\"@id\":\"https:\\\/\\\/redamlo.com\\\/index.php\\\/2024\\\/01\\\/29\\\/amlo-celebra-aprobacion-de-vacuna-mexicana-patria-contra-covid-19\\\/#primaryimage\"},\"thumbnailUrl\":\"https:\\\/\\\/redamlo.com\\\/wp-content\\\/uploads\\\/2024\\\/01\\\/amlo_2024.jpg\",\"datePublished\":\"2024-01-29T18:45:31+00:00\",\"breadcrumb\":{\"@id\":\"https:\\\/\\\/redamlo.com\\\/index.php\\\/2024\\\/01\\\/29\\\/amlo-celebra-aprobacion-de-vacuna-mexicana-patria-contra-covid-19\\\/#breadcrumb\"},\"inLanguage\":\"es\",\"potentialAction\":[{\"@type\":\"ReadAction\",\"target\":[\"https:\\\/\\\/redamlo.com\\\/index.php\\\/2024\\\/01\\\/29\\\/amlo-celebra-aprobacion-de-vacuna-mexicana-patria-contra-covid-19\\\/\"]}]},{\"@type\":\"ImageObject\",\"inLanguage\":\"es\",\"@id\":\"https:\\\/\\\/redamlo.com\\\/index.php\\\/2024\\\/01\\\/29\\\/amlo-celebra-aprobacion-de-vacuna-mexicana-patria-contra-covid-19\\\/#primaryimage\",\"url\":\"https:\\\/\\\/redamlo.com\\\/wp-content\\\/uploads\\\/2024\\\/01\\\/amlo_2024.jpg\",\"contentUrl\":\"https:\\\/\\\/redamlo.com\\\/wp-content\\\/uploads\\\/2024\\\/01\\\/amlo_2024.jpg\",\"width\":768,\"height\":611},{\"@type\":\"BreadcrumbList\",\"@id\":\"https:\\\/\\\/redamlo.com\\\/index.php\\\/2024\\\/01\\\/29\\\/amlo-celebra-aprobacion-de-vacuna-mexicana-patria-contra-covid-19\\\/#breadcrumb\",\"itemListElement\":[{\"@type\":\"ListItem\",\"position\":1,\"name\":\"Inicio\",\"item\":\"https:\\\/\\\/redamlo.com\\\/\"},{\"@type\":\"ListItem\",\"position\":2,\"name\":\"AMLO celebra aprobaci\u00f3n de vacuna mexicana Patria contra covid-19\"}]},{\"@type\":\"WebSite\",\"@id\":\"https:\\\/\\\/redamlo.com\\\/#website\",\"url\":\"https:\\\/\\\/redamlo.com\\\/\",\"name\":\"NOTICIAS DE LA 4T\",\"description\":\"\",\"publisher\":{\"@id\":\"https:\\\/\\\/redamlo.com\\\/#organization\"},\"potentialAction\":[{\"@type\":\"SearchAction\",\"target\":{\"@type\":\"EntryPoint\",\"urlTemplate\":\"https:\\\/\\\/redamlo.com\\\/?s={search_term_string}\"},\"query-input\":{\"@type\":\"PropertyValueSpecification\",\"valueRequired\":true,\"valueName\":\"search_term_string\"}}],\"inLanguage\":\"es\"},{\"@type\":\"Organization\",\"@id\":\"https:\\\/\\\/redamlo.com\\\/#organization\",\"name\":\"NOTICIAS DE LA 4T\",\"url\":\"https:\\\/\\\/redamlo.com\\\/\",\"logo\":{\"@type\":\"ImageObject\",\"inLanguage\":\"es\",\"@id\":\"https:\\\/\\\/redamlo.com\\\/#\\\/schema\\\/logo\\\/image\\\/\",\"url\":\"https:\\\/\\\/redamlo.com\\\/wp-content\\\/uploads\\\/2024\\\/08\\\/cropped-RED-AMLO-logo-50.png\",\"contentUrl\":\"https:\\\/\\\/redamlo.com\\\/wp-content\\\/uploads\\\/2024\\\/08\\\/cropped-RED-AMLO-logo-50.png\",\"width\":256,\"height\":256,\"caption\":\"NOTICIAS DE LA 4T\"},\"image\":{\"@id\":\"https:\\\/\\\/redamlo.com\\\/#\\\/schema\\\/logo\\\/image\\\/\"}},{\"@type\":\"Person\",\"@id\":\"https:\\\/\\\/redamlo.com\\\/#\\\/schema\\\/person\\\/197a0a670d21b1f4f1483ddda1b64613\",\"name\":\"admin\",\"image\":{\"@type\":\"ImageObject\",\"inLanguage\":\"es\",\"@id\":\"https:\\\/\\\/secure.gravatar.com\\\/avatar\\\/293dccd927043f2e641da6685c2f84009782eb9ee0054daceada4e261ded849a?s=96&d=mm&r=g\",\"url\":\"https:\\\/\\\/secure.gravatar.com\\\/avatar\\\/293dccd927043f2e641da6685c2f84009782eb9ee0054daceada4e261ded849a?s=96&d=mm&r=g\",\"contentUrl\":\"https:\\\/\\\/secure.gravatar.com\\\/avatar\\\/293dccd927043f2e641da6685c2f84009782eb9ee0054daceada4e261ded849a?s=96&d=mm&r=g\",\"caption\":\"admin\"},\"sameAs\":[\"https:\\\/\\\/redamlo.com\"],\"url\":\"https:\\\/\\\/redamlo.com\\\/index.php\\\/author\\\/stell\\\/\"}]}<\/script>\n<!-- \/ Yoast SEO plugin. -->","yoast_head_json":{"title":"AMLO celebra aprobaci\u00f3n de vacuna mexicana Patria contra covid-19 - NOTICIAS DE LA 4T","robots":{"index":"noindex","follow":"follow","max-snippet":"max-snippet:-1","max-image-preview":"max-image-preview:large","max-video-preview":"max-video-preview:-1"},"og_locale":"es_MX","og_type":"article","og_title":"AMLO celebra aprobaci\u00f3n de vacuna mexicana Patria contra covid-19 - NOTICIAS DE LA 4T","og_description":"El presidente Andr\u00e9s Manuel L\u00f3pez Obrador celebr\u00f3 la opini\u00f3n favorable que emiti\u00f3 el fin de...","og_url":"https:\/\/redamlo.com\/index.php\/2024\/01\/29\/amlo-celebra-aprobacion-de-vacuna-mexicana-patria-contra-covid-19\/","og_site_name":"NOTICIAS DE LA 4T","article_published_time":"2024-01-29T18:45:31+00:00","og_image":[{"width":768,"height":611,"url":"https:\/\/redamlo.com\/wp-content\/uploads\/2024\/01\/amlo_2024.jpg","type":"image\/jpeg"}],"author":"admin","twitter_card":"summary_large_image","twitter_misc":{"Escrito por":"admin","Tiempo de lectura":"2 minutos"},"schema":{"@context":"https:\/\/schema.org","@graph":[{"@type":"Article","@id":"https:\/\/redamlo.com\/index.php\/2024\/01\/29\/amlo-celebra-aprobacion-de-vacuna-mexicana-patria-contra-covid-19\/#article","isPartOf":{"@id":"https:\/\/redamlo.com\/index.php\/2024\/01\/29\/amlo-celebra-aprobacion-de-vacuna-mexicana-patria-contra-covid-19\/"},"author":{"name":"admin","@id":"https:\/\/redamlo.com\/#\/schema\/person\/197a0a670d21b1f4f1483ddda1b64613"},"headline":"AMLO celebra aprobaci\u00f3n de vacuna mexicana Patria contra covid-19","datePublished":"2024-01-29T18:45:31+00:00","mainEntityOfPage":{"@id":"https:\/\/redamlo.com\/index.php\/2024\/01\/29\/amlo-celebra-aprobacion-de-vacuna-mexicana-patria-contra-covid-19\/"},"wordCount":343,"commentCount":0,"publisher":{"@id":"https:\/\/redamlo.com\/#organization"},"image":{"@id":"https:\/\/redamlo.com\/index.php\/2024\/01\/29\/amlo-celebra-aprobacion-de-vacuna-mexicana-patria-contra-covid-19\/#primaryimage"},"thumbnailUrl":"https:\/\/redamlo.com\/wp-content\/uploads\/2024\/01\/amlo_2024.jpg","keywords":["AMLO","vacuna patria"],"articleSection":["4T"],"inLanguage":"es","potentialAction":[{"@type":"CommentAction","name":"Comment","target":["https:\/\/redamlo.com\/index.php\/2024\/01\/29\/amlo-celebra-aprobacion-de-vacuna-mexicana-patria-contra-covid-19\/#respond"]}]},{"@type":"WebPage","@id":"https:\/\/redamlo.com\/index.php\/2024\/01\/29\/amlo-celebra-aprobacion-de-vacuna-mexicana-patria-contra-covid-19\/","url":"https:\/\/redamlo.com\/index.php\/2024\/01\/29\/amlo-celebra-aprobacion-de-vacuna-mexicana-patria-contra-covid-19\/","name":"AMLO celebra aprobaci\u00f3n de vacuna mexicana Patria contra covid-19 - NOTICIAS DE LA 4T","isPartOf":{"@id":"https:\/\/redamlo.com\/#website"},"primaryImageOfPage":{"@id":"https:\/\/redamlo.com\/index.php\/2024\/01\/29\/amlo-celebra-aprobacion-de-vacuna-mexicana-patria-contra-covid-19\/#primaryimage"},"image":{"@id":"https:\/\/redamlo.com\/index.php\/2024\/01\/29\/amlo-celebra-aprobacion-de-vacuna-mexicana-patria-contra-covid-19\/#primaryimage"},"thumbnailUrl":"https:\/\/redamlo.com\/wp-content\/uploads\/2024\/01\/amlo_2024.jpg","datePublished":"2024-01-29T18:45:31+00:00","breadcrumb":{"@id":"https:\/\/redamlo.com\/index.php\/2024\/01\/29\/amlo-celebra-aprobacion-de-vacuna-mexicana-patria-contra-covid-19\/#breadcrumb"},"inLanguage":"es","potentialAction":[{"@type":"ReadAction","target":["https:\/\/redamlo.com\/index.php\/2024\/01\/29\/amlo-celebra-aprobacion-de-vacuna-mexicana-patria-contra-covid-19\/"]}]},{"@type":"ImageObject","inLanguage":"es","@id":"https:\/\/redamlo.com\/index.php\/2024\/01\/29\/amlo-celebra-aprobacion-de-vacuna-mexicana-patria-contra-covid-19\/#primaryimage","url":"https:\/\/redamlo.com\/wp-content\/uploads\/2024\/01\/amlo_2024.jpg","contentUrl":"https:\/\/redamlo.com\/wp-content\/uploads\/2024\/01\/amlo_2024.jpg","width":768,"height":611},{"@type":"BreadcrumbList","@id":"https:\/\/redamlo.com\/index.php\/2024\/01\/29\/amlo-celebra-aprobacion-de-vacuna-mexicana-patria-contra-covid-19\/#breadcrumb","itemListElement":[{"@type":"ListItem","position":1,"name":"Inicio","item":"https:\/\/redamlo.com\/"},{"@type":"ListItem","position":2,"name":"AMLO celebra aprobaci\u00f3n de vacuna mexicana Patria contra covid-19"}]},{"@type":"WebSite","@id":"https:\/\/redamlo.com\/#website","url":"https:\/\/redamlo.com\/","name":"NOTICIAS DE LA 4T","description":"","publisher":{"@id":"https:\/\/redamlo.com\/#organization"},"potentialAction":[{"@type":"SearchAction","target":{"@type":"EntryPoint","urlTemplate":"https:\/\/redamlo.com\/?s={search_term_string}"},"query-input":{"@type":"PropertyValueSpecification","valueRequired":true,"valueName":"search_term_string"}}],"inLanguage":"es"},{"@type":"Organization","@id":"https:\/\/redamlo.com\/#organization","name":"NOTICIAS DE LA 4T","url":"https:\/\/redamlo.com\/","logo":{"@type":"ImageObject","inLanguage":"es","@id":"https:\/\/redamlo.com\/#\/schema\/logo\/image\/","url":"https:\/\/redamlo.com\/wp-content\/uploads\/2024\/08\/cropped-RED-AMLO-logo-50.png","contentUrl":"https:\/\/redamlo.com\/wp-content\/uploads\/2024\/08\/cropped-RED-AMLO-logo-50.png","width":256,"height":256,"caption":"NOTICIAS DE LA 4T"},"image":{"@id":"https:\/\/redamlo.com\/#\/schema\/logo\/image\/"}},{"@type":"Person","@id":"https:\/\/redamlo.com\/#\/schema\/person\/197a0a670d21b1f4f1483ddda1b64613","name":"admin","image":{"@type":"ImageObject","inLanguage":"es","@id":"https:\/\/secure.gravatar.com\/avatar\/293dccd927043f2e641da6685c2f84009782eb9ee0054daceada4e261ded849a?s=96&d=mm&r=g","url":"https:\/\/secure.gravatar.com\/avatar\/293dccd927043f2e641da6685c2f84009782eb9ee0054daceada4e261ded849a?s=96&d=mm&r=g","contentUrl":"https:\/\/secure.gravatar.com\/avatar\/293dccd927043f2e641da6685c2f84009782eb9ee0054daceada4e261ded849a?s=96&d=mm&r=g","caption":"admin"},"sameAs":["https:\/\/redamlo.com"],"url":"https:\/\/redamlo.com\/index.php\/author\/stell\/"}]}},"_links":{"self":[{"href":"https:\/\/redamlo.com\/index.php\/wp-json\/wp\/v2\/posts\/7345","targetHints":{"allow":["GET"]}}],"collection":[{"href":"https:\/\/redamlo.com\/index.php\/wp-json\/wp\/v2\/posts"}],"about":[{"href":"https:\/\/redamlo.com\/index.php\/wp-json\/wp\/v2\/types\/post"}],"author":[{"embeddable":true,"href":"https:\/\/redamlo.com\/index.php\/wp-json\/wp\/v2\/users\/1"}],"replies":[{"embeddable":true,"href":"https:\/\/redamlo.com\/index.php\/wp-json\/wp\/v2\/comments?post=7345"}],"version-history":[{"count":0,"href":"https:\/\/redamlo.com\/index.php\/wp-json\/wp\/v2\/posts\/7345\/revisions"}],"wp:featuredmedia":[{"embeddable":true,"href":"https:\/\/redamlo.com\/index.php\/wp-json\/wp\/v2\/media\/7346"}],"wp:attachment":[{"href":"https:\/\/redamlo.com\/index.php\/wp-json\/wp\/v2\/media?parent=7345"}],"wp:term":[{"taxonomy":"category","embeddable":true,"href":"https:\/\/redamlo.com\/index.php\/wp-json\/wp\/v2\/categories?post=7345"},{"taxonomy":"post_tag","embeddable":true,"href":"https:\/\/redamlo.com\/index.php\/wp-json\/wp\/v2\/tags?post=7345"}],"curies":[{"name":"wp","href":"https:\/\/api.w.org\/{rel}","templated":true}]}}