{"id":7319,"date":"2024-01-19T10:54:53","date_gmt":"2024-01-19T16:54:53","guid":{"rendered":"https:\/\/redamlo.com\/?p=7319"},"modified":"2024-01-19T10:54:53","modified_gmt":"2024-01-19T16:54:53","slug":"gobierno-de-amlo-pide-a-la-corte-penal-internacional-investigar-posibles-crimenes-de-guerra-en-gaza","status":"publish","type":"post","link":"https:\/\/redamlo.com\/index.php\/2024\/01\/19\/gobierno-de-amlo-pide-a-la-corte-penal-internacional-investigar-posibles-crimenes-de-guerra-en-gaza\/","title":{"rendered":"Gobierno de AMLO pide a la Corte Penal Internacional investigar posibles cr\u00edmenes de guerra en Gaza"},"content":{"rendered":"<div id=\"tps_slideContainer_12388\" class=\"theiaPostSlider_slides\">\n<div class=\"theiaPostSlider_preloadedSlide\">\n<div class=\"article__block\" data-type=\"text\">\n<div class=\"article__text\">En la nota de prensa, la canciller\u00eda mexicana, encabezada por Alicia B\u00e1rcena, explica que la remisi\u00f3n se fundamenta en los art\u00edculos 13 y 14 del Estatuto de la Corte Penal Internacional, que permite a un Estado parte remitir al fiscal una situaci\u00f3n en que<strong> parezca haberse cometido uno o <a href=\"https:\/\/sputniknews.lat\/20240118\/israel-convirtio-gaza-en-un-campo-de-concentracion-donde-se-produce-genocidio-1147501405.html\" target=\"_blank\" rel=\"noopener\">varios cr\u00edmenes<\/a><\/strong> de la competencia de la Corte y pedirle que investigue la situaci\u00f3n para determinar si se ha de acusar de la comisi\u00f3n de tales cr\u00edmenes a una o varias personas.<\/div>\n<div><\/div>\n<\/div>\n<div class=\"article__block\" data-type=\"text\">\n<div class=\"article__text\">\u00abLa intervenci\u00f3n de la CPI cobra particular relevancia ante los numerosos informes de <a href=\"https:\/\/sputniknews.lat\/20240118\/unicef-llama-a-levantar-restricciones-de-acceso-al-norte-de-gaza-para-evitar-colapso-1147505488.html\" target=\"_blank\" rel=\"noopener\">Naciones Unidas<\/a> que dan cuenta de muy numerosos incidentes que pueden constituir cr\u00edmenes de la competencia de la CPI de acuerdo con el Estatuto de Roma\u00bb, afirmaron los Gobiernos de ambos pa\u00edses latinoamericanos ante la situaci\u00f3n en Palestina.<\/div>\n<\/div>\n<div class=\"article__block\" data-type=\"social\">\n<div class=\"ria-tweet\">\n<blockquote class=\"twitter-tweet\">\n<p dir=\"ltr\" lang=\"es\"><img decoding=\"async\" class=\"emoji\" role=\"img\" draggable=\"false\" src=\"https:\/\/s.w.org\/images\/core\/emoji\/14.0.0\/svg\/1f4c4.svg\" alt=\"&#x1f4c4;\" \/> El d\u00eda de hoy, M\u00e9xico y Chile, remitieron al fiscal de la Corte Penal Internacional la situaci\u00f3n del Estado de Palestina, a fin de que investigue la probable comisi\u00f3n de cr\u00edmenes de su competencia.<\/p>\n<p>La acci\u00f3n de M\u00e9xico y Chile obedece a la creciente preocupaci\u00f3n por la \u00faltima\u2026 <a href=\"https:\/\/t.co\/w9A90pRUgS\">pic.twitter.com\/w9A90pRUgS<\/a><\/p>\n<p>\u2014 Relaciones Exteriores (@SRE_mx) <a href=\"https:\/\/twitter.com\/SRE_mx\/status\/1748044400377090264?ref_src=twsrc%5Etfw\">January 18, 2024<\/a><\/p><\/blockquote>\n<\/div>\n<\/div>\n<div class=\"article__block\" data-type=\"text\">\n<div class=\"article__text\">Si bien el Gobierno del presidente Gabriel Boric, a trav\u00e9s de su embajadora ante las Naciones Unidad, Paula Narv\u00e1ez, ya hab\u00eda anunciado a comienzos de mes que <a href=\"https:\/\/sputniknews.lat\/20240113\/la-comunidad-palestina-en-chile-busca-sumar-su-esfuerzo-para-frenar-los-crimenes-de-israel-en-gaza-1147367017.html\" target=\"_blank\" rel=\"noopener\">Chile har\u00eda una presentaci\u00f3n en la Corte Penal Internacional<\/a> (CPI) para que se investigue la situaci\u00f3n de Palestina en Gaza, este anuncio en conjunto<strong> marca un endurecimiento de la postura mexicana <\/strong>contra el accionar de Israel; sin embargo, el Estado hebreo no es mencionado en el comunicado de la SRE mexicana.<\/div>\n<div><\/div>\n<\/div>\n<div class=\"article__block\" data-type=\"text\">\n<div class=\"article__text\">Y es que la Administraci\u00f3n del presidente mexicano, Andr\u00e9s Manuel L\u00f3pez Obrador, desde el inicio del conflicto, el pasado 7 de octubre, ha reiterado varias veces que se mantendr\u00eda \u00abneutral\u00bb, dadas las <a href=\"https:\/\/sputniknews.lat\/20231107\/arabes-y-judios-en-mexico-como-viven-estas-diasporas-el-conflicto-entre-israel-y-palestina-1145517280.html\" target=\"_blank\" rel=\"noopener\">relaciones del pa\u00eds latinoamericano tanto con Palestina como con Israel<\/a>.<\/div>\n<\/div>\n<div class=\"article__block\" data-type=\"quote\">\n<div class=\"article__quote\">\n<div class=\"article__quote-bg\">\n<div class=\"article__quote-bg-line\"><\/div>\n<\/div>\n<div class=\"article__quote-text\">\n<p>En ese sentido, la canciller\u00eda mexicana aclara que la presentaci\u00f3n ante la CPI de ambos pa\u00edses obedece \u00aba la <strong>creciente preocupaci\u00f3n por la \u00faltima escalada de violencia<\/strong>, en particular en contra de objetivos civiles, y la presunta comisi\u00f3n continua de cr\u00edmenes bajo la jurisdicci\u00f3n de la Corte, espec\u00edficamente a partir del ataque del 7 de octubre de 2023, llevado a cabo por militantes de Ham\u00e1s y las hostilidades posteriores en Gaza\u00bb.<\/p>\n<\/div>\n<div class=\"article__quote-info\">\n<div class=\"elem-info\">\n<div class=\"elem-info__share\">\n<div class=\"share m-active\" data-id=\"1147506909\" data-url=\"https:\/\/sputniknews.lat\/20240118\/mexico-y-chile-piden-a-la-corte-penal-internacional-investigar-posibles-crimenes-de-guerra-en-gaza-1147506909.html?share-block=1147507235\" data-title=\"En ese sentido, la canciller\u00eda mexicana aclara que la presentaci\u00f3n ante la CPI de ambos pa\u00edses obedece &amp;quot;a la creciente preocupaci\u00f3n por la \u00faltima escalada de violencia, en particular en contra de objetivos civiles, y la presunta comisi\u00f3n continua de cr\u00edmenes bajo la jurisdicci\u00f3n de la Corte, espec\u00edficamente a partir del ataque del 7 de octubre de 2023, llevado a cabo por militantes de Ham\u00e1s y las hostilidades posteriores en Gaza&amp;quot;.\"><\/div>\n<\/div>\n<\/div>\n<\/div>\n<\/div>\n<\/div>\n<div class=\"article__block\" data-type=\"text\">\n<div class=\"article__text\">La dependencia indica en el comunicado que la Corte Penal Internacional puede investigar posibles cr\u00edmenes cometidos en Palestina porque desde el 1 de abril de 2015 pertenece al Estatuto de Roma, en un escenario en que las acciones israel\u00edes contra Gaza acumulan m\u00e1s de 23.000 personas asesinadas, la mayor\u00eda mujeres y ni\u00f1os.<\/div>\n<\/div>\n<div class=\"article__block\" data-type=\"text\">\n<div class=\"article__text\">Adem\u00e1s, la canciller\u00eda mexicana afirma que los tribunales palestinos no est\u00e1n en condiciones de llevar adelante investigaciones sobre posibles cr\u00edmenes cometidos en su territorio debido al \u00abcolapso pr\u00e1cticamente total de la infraestructura nacional de justicia\u00bb que ha provocado el asedio persistente israel\u00ed contra el enclave.<\/div>\n<\/div>\n<div class=\"article__block\" data-type=\"article\" data-article=\"main-photo\">\n<div class=\"article__article m-image\"><a class=\"article__article-image\" title=\"Silencio a la verdad: &quot;Israel impide que el mundo conozca qu\u00e9 es lo que sucede en Gaza&quot;\" href=\"https:\/\/sputniknews.lat\/20240117\/silencio-a-la-verdad-israel-impide-que-el-mundo-conozca-que-es-lo-que-sucede-en-gaza-1147459112.html\"><img loading=\"lazy\" decoding=\"async\" class=\"\" title=\"Palestinos lloran a sus familiares muertos en los bombardeos israel\u00edes sobre la Franja de Gaza\" src=\"https:\/\/cdn2.img.sputniknews.lat\/img\/07e8\/01\/09\/1147248771_0:410:3070:1638_1920x0_80_0_0_d6c355fad63660cc639046861fb567a7.jpg.webp\" srcset=\"https:\/\/cdn2.img.sputniknews.lat\/img\/07e8\/01\/09\/1147248771_0:410:3070:1638_640x0_80_0_0_a8764c808fcb1b6e80ec31f2bf8864fa.jpg.webp 640w,https:\/\/cdn2.img.sputniknews.lat\/img\/07e8\/01\/09\/1147248771_0:410:3070:1638_1280x0_80_0_0_b37d27ba840464e72014cb5cae046cb4.jpg.webp 1280w,https:\/\/cdn2.img.sputniknews.lat\/img\/07e8\/01\/09\/1147248771_0:410:3070:1638_1920x0_80_0_0_d6c355fad63660cc639046861fb567a7.jpg.webp 1920w\" alt=\"Palestinos lloran a sus familiares muertos en los bombardeos israel\u00edes sobre la Franja de Gaza - Sputnik Mundo, 1920, 17.01.2024\" width=\"1920\" height=\"768\" data-source-sid=\"ap_photo\" data-srcset=\"https:\/\/cdn2.img.sputniknews.lat\/img\/07e8\/01\/09\/1147248771_0:410:3070:1638_640x0_80_0_0_a8764c808fcb1b6e80ec31f2bf8864fa.jpg.webp 640w,https:\/\/cdn2.img.sputniknews.lat\/img\/07e8\/01\/09\/1147248771_0:410:3070:1638_1280x0_80_0_0_b37d27ba840464e72014cb5cae046cb4.jpg.webp 1280w,https:\/\/cdn2.img.sputniknews.lat\/img\/07e8\/01\/09\/1147248771_0:410:3070:1638_1920x0_80_0_0_d6c355fad63660cc639046861fb567a7.jpg.webp 1920w\" \/><\/a>&nbsp;<\/p>\n<div class=\"article__article-desc\"><\/div>\n<\/div>\n<\/div>\n<div class=\"article__block\" data-type=\"text\">\n<div class=\"article__text\">\u00abM\u00e9xico reitera su compromiso con la justicia internacional, la prevenci\u00f3n del genocidio y otros cr\u00edmenes de guerra y <a href=\"https:\/\/sputniknews.lat\/20240111\/cuba-respalda-demanda-de-sudafrica-contra-israel-y-llama-a-detener-genocidio-en-gaza-1147313528.html\" target=\"_blank\" rel=\"noopener\">contra la humanidad<\/a>. Asimismo, conf\u00eda en que estas acciones, basadas en la soluci\u00f3n pac\u00edfica de controversias, puedan abrir espacios para un cese al fuego inmediato y contribuyan a allanar el camino para una paz duradera en la regi\u00f3n sobre la base de la soluci\u00f3n de dos Estados que convivan dentro de fronteras seguras e internacionalmente reconocidas\u00bb, finaliza la nota de prensa.<\/div>\n<div><\/div>\n<\/div>\n<div class=\"article__block\" data-type=\"text\">\n<div class=\"article__text\">El reclamo formal de M\u00e9xico y Chile llega luego de que <a href=\"https:\/\/sputniknews.lat\/20240111\/sudafrica-presenta-a-la-cij-su-alegato-oral-contra-israel-por-presunto-genocidio-en-gaza-1147305685.html\" target=\"_blank\" rel=\"noopener\">Sud\u00e1frica acusara a Israel ante la Corte Internacional de Justicia por genocidio<\/a>, acci\u00f3n que obtuvo el respaldo de numerosos pa\u00edses del sur global, entre ellos naciones latinoamericanas como Brasil, Colombia, Venezuela, Bolivia y Cuba, adem\u00e1s de Namibia, Turqu\u00eda, Pakist\u00e1n, Jordania, Bangladesh, Malasia, la Liga \u00c1rabe y la Organizaci\u00f3n de Cooperaci\u00f3n Isl\u00e1mica (OCI).<\/div>\n<\/div>\n<div class=\"article__block\" data-type=\"article\" data-article=\"main-photo\">\n<div class=\"article__article m-image\"><a class=\"article__article-image\" title=\"&quot;La comunidad palestina en Chile busca sumar su esfuerzo para frenar los cr\u00edmenes de Israel en Gaza&quot;\" href=\"https:\/\/sputniknews.lat\/20240113\/la-comunidad-palestina-en-chile-busca-sumar-su-esfuerzo-para-frenar-los-crimenes-de-israel-en-gaza-1147367017.html\"><img loading=\"lazy\" decoding=\"async\" class=\"\" title=\"Protesta de la comunidad palestina en Chile\" src=\"https:\/\/cdn2.img.sputniknews.lat\/img\/07e8\/01\/0c\/1147367358_0:371:2784:1485_1920x0_80_0_0_beaa82ffcdbb3e569dee175e09d6ebad.jpg.webp\" srcset=\"https:\/\/cdn2.img.sputniknews.lat\/img\/07e8\/01\/0c\/1147367358_0:371:2784:1485_640x0_80_0_0_a92b601e20d01ac1c8e120df4671cb62.jpg.webp 640w,https:\/\/cdn2.img.sputniknews.lat\/img\/07e8\/01\/0c\/1147367358_0:371:2784:1485_1280x0_80_0_0_5813134577d59e0ecf532f473fbf4336.jpg.webp 1280w,https:\/\/cdn2.img.sputniknews.lat\/img\/07e8\/01\/0c\/1147367358_0:371:2784:1485_1920x0_80_0_0_beaa82ffcdbb3e569dee175e09d6ebad.jpg.webp 1920w\" alt=\"Protesta de la comunidad palestina en Chile - Sputnik Mundo, 1920, 13.01.2024\" width=\"1920\" height=\"768\" data-source-sid=\"not_sputnik_photo\" data-srcset=\"https:\/\/cdn2.img.sputniknews.lat\/img\/07e8\/01\/0c\/1147367358_0:371:2784:1485_640x0_80_0_0_a92b601e20d01ac1c8e120df4671cb62.jpg.webp 640w,https:\/\/cdn2.img.sputniknews.lat\/img\/07e8\/01\/0c\/1147367358_0:371:2784:1485_1280x0_80_0_0_5813134577d59e0ecf532f473fbf4336.jpg.webp 1280w,https:\/\/cdn2.img.sputniknews.lat\/img\/07e8\/01\/0c\/1147367358_0:371:2784:1485_1920x0_80_0_0_beaa82ffcdbb3e569dee175e09d6ebad.jpg.webp 1920w\" \/><\/a>&nbsp;<\/p>\n<div class=\"article__article-desc\"><\/div>\n<\/div>\n<\/div>\n<div class=\"article__block\" data-type=\"text\">\n<div class=\"article__text\">Adem\u00e1s, a finales de diciembre un grupo de m\u00e1s de 100 abogados chilenos, la mayor\u00eda miembros de la comunidad palestina en ese pa\u00eds sudamericano (la m\u00e1s numerosa del mundo fuera del \u00e1mbito \u00e1rabe) presentaron una denuncia ante la CPI contra el primer ministro israel\u00ed, Benjam\u00edn Netanyahu, el ministro de Defensa, Yovad Gallant, y el jefe del Estado Mayor de las Fuerzas de Defensa (FDI), Herzi Halevi, acus\u00e1ndolos de cometer delitos de lesa humanidad, genocidio y cr\u00edmenes de guerra en Gaza.<\/div>\n<\/div>\n<\/div>\n<\/div>\n","protected":false},"excerpt":{"rendered":"<p>En la nota de prensa, la canciller\u00eda mexicana, encabezada por Alicia B\u00e1rcena, explica que la&#8230;<\/p>\n","protected":false},"author":1,"featured_media":7320,"comment_status":"open","ping_status":"closed","sticky":false,"template":"","format":"standard","meta":{"footnotes":""},"categories":[25,13],"tags":[],"class_list":["post-7319","post","type-post","status-publish","format-standard","has-post-thumbnail","hentry","category-4t","category-internacionales"],"yoast_head":"<!-- This site is optimized with the Yoast SEO plugin v27.5 - https:\/\/yoast.com\/product\/yoast-seo-wordpress\/ -->\n<title>Gobierno de AMLO pide a la Corte Penal Internacional investigar posibles cr\u00edmenes de guerra en Gaza - NOTICIAS DE LA 4T<\/title>\n<meta name=\"robots\" content=\"noindex, follow, max-snippet:-1, max-image-preview:large, max-video-preview:-1\" \/>\n<meta property=\"og:locale\" content=\"es_MX\" \/>\n<meta property=\"og:type\" content=\"article\" \/>\n<meta property=\"og:title\" content=\"Gobierno de AMLO pide a la Corte Penal Internacional investigar posibles cr\u00edmenes de guerra en Gaza - NOTICIAS DE LA 4T\" \/>\n<meta property=\"og:description\" content=\"En la nota de prensa, la canciller\u00eda mexicana, encabezada por Alicia B\u00e1rcena, explica que la...\" \/>\n<meta property=\"og:url\" content=\"https:\/\/redamlo.com\/index.php\/2024\/01\/19\/gobierno-de-amlo-pide-a-la-corte-penal-internacional-investigar-posibles-crimenes-de-guerra-en-gaza\/\" \/>\n<meta property=\"og:site_name\" content=\"NOTICIAS DE LA 4T\" \/>\n<meta property=\"article:published_time\" content=\"2024-01-19T16:54:53+00:00\" \/>\n<meta property=\"og:image\" content=\"https:\/\/redamlo.com\/wp-content\/uploads\/2024\/01\/amlo_pn.png\" \/>\n\t<meta property=\"og:image:width\" content=\"1200\" \/>\n\t<meta property=\"og:image:height\" content=\"720\" \/>\n\t<meta property=\"og:image:type\" content=\"image\/png\" \/>\n<meta name=\"author\" content=\"admin\" \/>\n<meta name=\"twitter:card\" content=\"summary_large_image\" \/>\n<meta name=\"twitter:label1\" content=\"Escrito por\" \/>\n\t<meta name=\"twitter:data1\" content=\"admin\" \/>\n\t<meta name=\"twitter:label2\" content=\"Tiempo de lectura\" \/>\n\t<meta name=\"twitter:data2\" content=\"4 minutos\" \/>\n<script type=\"application\/ld+json\" class=\"yoast-schema-graph\">{\"@context\":\"https:\\\/\\\/schema.org\",\"@graph\":[{\"@type\":\"Article\",\"@id\":\"https:\\\/\\\/redamlo.com\\\/index.php\\\/2024\\\/01\\\/19\\\/gobierno-de-amlo-pide-a-la-corte-penal-internacional-investigar-posibles-crimenes-de-guerra-en-gaza\\\/#article\",\"isPartOf\":{\"@id\":\"https:\\\/\\\/redamlo.com\\\/index.php\\\/2024\\\/01\\\/19\\\/gobierno-de-amlo-pide-a-la-corte-penal-internacional-investigar-posibles-crimenes-de-guerra-en-gaza\\\/\"},\"author\":{\"name\":\"admin\",\"@id\":\"https:\\\/\\\/redamlo.com\\\/#\\\/schema\\\/person\\\/197a0a670d21b1f4f1483ddda1b64613\"},\"headline\":\"Gobierno de AMLO pide a la Corte Penal Internacional investigar posibles cr\u00edmenes de guerra en Gaza\",\"datePublished\":\"2024-01-19T16:54:53+00:00\",\"mainEntityOfPage\":{\"@id\":\"https:\\\/\\\/redamlo.com\\\/index.php\\\/2024\\\/01\\\/19\\\/gobierno-de-amlo-pide-a-la-corte-penal-internacional-investigar-posibles-crimenes-de-guerra-en-gaza\\\/\"},\"wordCount\":788,\"commentCount\":0,\"publisher\":{\"@id\":\"https:\\\/\\\/redamlo.com\\\/#organization\"},\"image\":{\"@id\":\"https:\\\/\\\/redamlo.com\\\/index.php\\\/2024\\\/01\\\/19\\\/gobierno-de-amlo-pide-a-la-corte-penal-internacional-investigar-posibles-crimenes-de-guerra-en-gaza\\\/#primaryimage\"},\"thumbnailUrl\":\"https:\\\/\\\/redamlo.com\\\/wp-content\\\/uploads\\\/2024\\\/01\\\/amlo_pn.png\",\"articleSection\":[\"4T\",\"Internacionales\"],\"inLanguage\":\"es\",\"potentialAction\":[{\"@type\":\"CommentAction\",\"name\":\"Comment\",\"target\":[\"https:\\\/\\\/redamlo.com\\\/index.php\\\/2024\\\/01\\\/19\\\/gobierno-de-amlo-pide-a-la-corte-penal-internacional-investigar-posibles-crimenes-de-guerra-en-gaza\\\/#respond\"]}]},{\"@type\":\"WebPage\",\"@id\":\"https:\\\/\\\/redamlo.com\\\/index.php\\\/2024\\\/01\\\/19\\\/gobierno-de-amlo-pide-a-la-corte-penal-internacional-investigar-posibles-crimenes-de-guerra-en-gaza\\\/\",\"url\":\"https:\\\/\\\/redamlo.com\\\/index.php\\\/2024\\\/01\\\/19\\\/gobierno-de-amlo-pide-a-la-corte-penal-internacional-investigar-posibles-crimenes-de-guerra-en-gaza\\\/\",\"name\":\"Gobierno de AMLO pide a la Corte Penal Internacional investigar posibles cr\u00edmenes de guerra en Gaza - NOTICIAS DE LA 4T\",\"isPartOf\":{\"@id\":\"https:\\\/\\\/redamlo.com\\\/#website\"},\"primaryImageOfPage\":{\"@id\":\"https:\\\/\\\/redamlo.com\\\/index.php\\\/2024\\\/01\\\/19\\\/gobierno-de-amlo-pide-a-la-corte-penal-internacional-investigar-posibles-crimenes-de-guerra-en-gaza\\\/#primaryimage\"},\"image\":{\"@id\":\"https:\\\/\\\/redamlo.com\\\/index.php\\\/2024\\\/01\\\/19\\\/gobierno-de-amlo-pide-a-la-corte-penal-internacional-investigar-posibles-crimenes-de-guerra-en-gaza\\\/#primaryimage\"},\"thumbnailUrl\":\"https:\\\/\\\/redamlo.com\\\/wp-content\\\/uploads\\\/2024\\\/01\\\/amlo_pn.png\",\"datePublished\":\"2024-01-19T16:54:53+00:00\",\"breadcrumb\":{\"@id\":\"https:\\\/\\\/redamlo.com\\\/index.php\\\/2024\\\/01\\\/19\\\/gobierno-de-amlo-pide-a-la-corte-penal-internacional-investigar-posibles-crimenes-de-guerra-en-gaza\\\/#breadcrumb\"},\"inLanguage\":\"es\",\"potentialAction\":[{\"@type\":\"ReadAction\",\"target\":[\"https:\\\/\\\/redamlo.com\\\/index.php\\\/2024\\\/01\\\/19\\\/gobierno-de-amlo-pide-a-la-corte-penal-internacional-investigar-posibles-crimenes-de-guerra-en-gaza\\\/\"]}]},{\"@type\":\"ImageObject\",\"inLanguage\":\"es\",\"@id\":\"https:\\\/\\\/redamlo.com\\\/index.php\\\/2024\\\/01\\\/19\\\/gobierno-de-amlo-pide-a-la-corte-penal-internacional-investigar-posibles-crimenes-de-guerra-en-gaza\\\/#primaryimage\",\"url\":\"https:\\\/\\\/redamlo.com\\\/wp-content\\\/uploads\\\/2024\\\/01\\\/amlo_pn.png\",\"contentUrl\":\"https:\\\/\\\/redamlo.com\\\/wp-content\\\/uploads\\\/2024\\\/01\\\/amlo_pn.png\",\"width\":1200,\"height\":720},{\"@type\":\"BreadcrumbList\",\"@id\":\"https:\\\/\\\/redamlo.com\\\/index.php\\\/2024\\\/01\\\/19\\\/gobierno-de-amlo-pide-a-la-corte-penal-internacional-investigar-posibles-crimenes-de-guerra-en-gaza\\\/#breadcrumb\",\"itemListElement\":[{\"@type\":\"ListItem\",\"position\":1,\"name\":\"Inicio\",\"item\":\"https:\\\/\\\/redamlo.com\\\/\"},{\"@type\":\"ListItem\",\"position\":2,\"name\":\"Gobierno de AMLO pide a la Corte Penal Internacional investigar posibles cr\u00edmenes de guerra en Gaza\"}]},{\"@type\":\"WebSite\",\"@id\":\"https:\\\/\\\/redamlo.com\\\/#website\",\"url\":\"https:\\\/\\\/redamlo.com\\\/\",\"name\":\"NOTICIAS DE LA 4T\",\"description\":\"\",\"publisher\":{\"@id\":\"https:\\\/\\\/redamlo.com\\\/#organization\"},\"potentialAction\":[{\"@type\":\"SearchAction\",\"target\":{\"@type\":\"EntryPoint\",\"urlTemplate\":\"https:\\\/\\\/redamlo.com\\\/?s={search_term_string}\"},\"query-input\":{\"@type\":\"PropertyValueSpecification\",\"valueRequired\":true,\"valueName\":\"search_term_string\"}}],\"inLanguage\":\"es\"},{\"@type\":\"Organization\",\"@id\":\"https:\\\/\\\/redamlo.com\\\/#organization\",\"name\":\"NOTICIAS DE LA 4T\",\"url\":\"https:\\\/\\\/redamlo.com\\\/\",\"logo\":{\"@type\":\"ImageObject\",\"inLanguage\":\"es\",\"@id\":\"https:\\\/\\\/redamlo.com\\\/#\\\/schema\\\/logo\\\/image\\\/\",\"url\":\"https:\\\/\\\/redamlo.com\\\/wp-content\\\/uploads\\\/2024\\\/08\\\/cropped-RED-AMLO-logo-50.png\",\"contentUrl\":\"https:\\\/\\\/redamlo.com\\\/wp-content\\\/uploads\\\/2024\\\/08\\\/cropped-RED-AMLO-logo-50.png\",\"width\":256,\"height\":256,\"caption\":\"NOTICIAS DE LA 4T\"},\"image\":{\"@id\":\"https:\\\/\\\/redamlo.com\\\/#\\\/schema\\\/logo\\\/image\\\/\"}},{\"@type\":\"Person\",\"@id\":\"https:\\\/\\\/redamlo.com\\\/#\\\/schema\\\/person\\\/197a0a670d21b1f4f1483ddda1b64613\",\"name\":\"admin\",\"image\":{\"@type\":\"ImageObject\",\"inLanguage\":\"es\",\"@id\":\"https:\\\/\\\/secure.gravatar.com\\\/avatar\\\/293dccd927043f2e641da6685c2f84009782eb9ee0054daceada4e261ded849a?s=96&d=mm&r=g\",\"url\":\"https:\\\/\\\/secure.gravatar.com\\\/avatar\\\/293dccd927043f2e641da6685c2f84009782eb9ee0054daceada4e261ded849a?s=96&d=mm&r=g\",\"contentUrl\":\"https:\\\/\\\/secure.gravatar.com\\\/avatar\\\/293dccd927043f2e641da6685c2f84009782eb9ee0054daceada4e261ded849a?s=96&d=mm&r=g\",\"caption\":\"admin\"},\"sameAs\":[\"https:\\\/\\\/redamlo.com\"],\"url\":\"https:\\\/\\\/redamlo.com\\\/index.php\\\/author\\\/stell\\\/\"}]}<\/script>\n<!-- \/ Yoast SEO plugin. -->","yoast_head_json":{"title":"Gobierno de AMLO pide a la Corte Penal Internacional investigar posibles cr\u00edmenes de guerra en Gaza - NOTICIAS DE LA 4T","robots":{"index":"noindex","follow":"follow","max-snippet":"max-snippet:-1","max-image-preview":"max-image-preview:large","max-video-preview":"max-video-preview:-1"},"og_locale":"es_MX","og_type":"article","og_title":"Gobierno de AMLO pide a la Corte Penal Internacional investigar posibles cr\u00edmenes de guerra en Gaza - NOTICIAS DE LA 4T","og_description":"En la nota de prensa, la canciller\u00eda mexicana, encabezada por Alicia B\u00e1rcena, explica que la...","og_url":"https:\/\/redamlo.com\/index.php\/2024\/01\/19\/gobierno-de-amlo-pide-a-la-corte-penal-internacional-investigar-posibles-crimenes-de-guerra-en-gaza\/","og_site_name":"NOTICIAS DE LA 4T","article_published_time":"2024-01-19T16:54:53+00:00","og_image":[{"width":1200,"height":720,"url":"https:\/\/redamlo.com\/wp-content\/uploads\/2024\/01\/amlo_pn.png","type":"image\/png"}],"author":"admin","twitter_card":"summary_large_image","twitter_misc":{"Escrito por":"admin","Tiempo de lectura":"4 minutos"},"schema":{"@context":"https:\/\/schema.org","@graph":[{"@type":"Article","@id":"https:\/\/redamlo.com\/index.php\/2024\/01\/19\/gobierno-de-amlo-pide-a-la-corte-penal-internacional-investigar-posibles-crimenes-de-guerra-en-gaza\/#article","isPartOf":{"@id":"https:\/\/redamlo.com\/index.php\/2024\/01\/19\/gobierno-de-amlo-pide-a-la-corte-penal-internacional-investigar-posibles-crimenes-de-guerra-en-gaza\/"},"author":{"name":"admin","@id":"https:\/\/redamlo.com\/#\/schema\/person\/197a0a670d21b1f4f1483ddda1b64613"},"headline":"Gobierno de AMLO pide a la Corte Penal Internacional investigar posibles cr\u00edmenes de guerra en Gaza","datePublished":"2024-01-19T16:54:53+00:00","mainEntityOfPage":{"@id":"https:\/\/redamlo.com\/index.php\/2024\/01\/19\/gobierno-de-amlo-pide-a-la-corte-penal-internacional-investigar-posibles-crimenes-de-guerra-en-gaza\/"},"wordCount":788,"commentCount":0,"publisher":{"@id":"https:\/\/redamlo.com\/#organization"},"image":{"@id":"https:\/\/redamlo.com\/index.php\/2024\/01\/19\/gobierno-de-amlo-pide-a-la-corte-penal-internacional-investigar-posibles-crimenes-de-guerra-en-gaza\/#primaryimage"},"thumbnailUrl":"https:\/\/redamlo.com\/wp-content\/uploads\/2024\/01\/amlo_pn.png","articleSection":["4T","Internacionales"],"inLanguage":"es","potentialAction":[{"@type":"CommentAction","name":"Comment","target":["https:\/\/redamlo.com\/index.php\/2024\/01\/19\/gobierno-de-amlo-pide-a-la-corte-penal-internacional-investigar-posibles-crimenes-de-guerra-en-gaza\/#respond"]}]},{"@type":"WebPage","@id":"https:\/\/redamlo.com\/index.php\/2024\/01\/19\/gobierno-de-amlo-pide-a-la-corte-penal-internacional-investigar-posibles-crimenes-de-guerra-en-gaza\/","url":"https:\/\/redamlo.com\/index.php\/2024\/01\/19\/gobierno-de-amlo-pide-a-la-corte-penal-internacional-investigar-posibles-crimenes-de-guerra-en-gaza\/","name":"Gobierno de AMLO pide a la Corte Penal Internacional investigar posibles cr\u00edmenes de guerra en Gaza - NOTICIAS DE LA 4T","isPartOf":{"@id":"https:\/\/redamlo.com\/#website"},"primaryImageOfPage":{"@id":"https:\/\/redamlo.com\/index.php\/2024\/01\/19\/gobierno-de-amlo-pide-a-la-corte-penal-internacional-investigar-posibles-crimenes-de-guerra-en-gaza\/#primaryimage"},"image":{"@id":"https:\/\/redamlo.com\/index.php\/2024\/01\/19\/gobierno-de-amlo-pide-a-la-corte-penal-internacional-investigar-posibles-crimenes-de-guerra-en-gaza\/#primaryimage"},"thumbnailUrl":"https:\/\/redamlo.com\/wp-content\/uploads\/2024\/01\/amlo_pn.png","datePublished":"2024-01-19T16:54:53+00:00","breadcrumb":{"@id":"https:\/\/redamlo.com\/index.php\/2024\/01\/19\/gobierno-de-amlo-pide-a-la-corte-penal-internacional-investigar-posibles-crimenes-de-guerra-en-gaza\/#breadcrumb"},"inLanguage":"es","potentialAction":[{"@type":"ReadAction","target":["https:\/\/redamlo.com\/index.php\/2024\/01\/19\/gobierno-de-amlo-pide-a-la-corte-penal-internacional-investigar-posibles-crimenes-de-guerra-en-gaza\/"]}]},{"@type":"ImageObject","inLanguage":"es","@id":"https:\/\/redamlo.com\/index.php\/2024\/01\/19\/gobierno-de-amlo-pide-a-la-corte-penal-internacional-investigar-posibles-crimenes-de-guerra-en-gaza\/#primaryimage","url":"https:\/\/redamlo.com\/wp-content\/uploads\/2024\/01\/amlo_pn.png","contentUrl":"https:\/\/redamlo.com\/wp-content\/uploads\/2024\/01\/amlo_pn.png","width":1200,"height":720},{"@type":"BreadcrumbList","@id":"https:\/\/redamlo.com\/index.php\/2024\/01\/19\/gobierno-de-amlo-pide-a-la-corte-penal-internacional-investigar-posibles-crimenes-de-guerra-en-gaza\/#breadcrumb","itemListElement":[{"@type":"ListItem","position":1,"name":"Inicio","item":"https:\/\/redamlo.com\/"},{"@type":"ListItem","position":2,"name":"Gobierno de AMLO pide a la Corte Penal Internacional investigar posibles cr\u00edmenes de guerra en Gaza"}]},{"@type":"WebSite","@id":"https:\/\/redamlo.com\/#website","url":"https:\/\/redamlo.com\/","name":"NOTICIAS DE LA 4T","description":"","publisher":{"@id":"https:\/\/redamlo.com\/#organization"},"potentialAction":[{"@type":"SearchAction","target":{"@type":"EntryPoint","urlTemplate":"https:\/\/redamlo.com\/?s={search_term_string}"},"query-input":{"@type":"PropertyValueSpecification","valueRequired":true,"valueName":"search_term_string"}}],"inLanguage":"es"},{"@type":"Organization","@id":"https:\/\/redamlo.com\/#organization","name":"NOTICIAS DE LA 4T","url":"https:\/\/redamlo.com\/","logo":{"@type":"ImageObject","inLanguage":"es","@id":"https:\/\/redamlo.com\/#\/schema\/logo\/image\/","url":"https:\/\/redamlo.com\/wp-content\/uploads\/2024\/08\/cropped-RED-AMLO-logo-50.png","contentUrl":"https:\/\/redamlo.com\/wp-content\/uploads\/2024\/08\/cropped-RED-AMLO-logo-50.png","width":256,"height":256,"caption":"NOTICIAS DE LA 4T"},"image":{"@id":"https:\/\/redamlo.com\/#\/schema\/logo\/image\/"}},{"@type":"Person","@id":"https:\/\/redamlo.com\/#\/schema\/person\/197a0a670d21b1f4f1483ddda1b64613","name":"admin","image":{"@type":"ImageObject","inLanguage":"es","@id":"https:\/\/secure.gravatar.com\/avatar\/293dccd927043f2e641da6685c2f84009782eb9ee0054daceada4e261ded849a?s=96&d=mm&r=g","url":"https:\/\/secure.gravatar.com\/avatar\/293dccd927043f2e641da6685c2f84009782eb9ee0054daceada4e261ded849a?s=96&d=mm&r=g","contentUrl":"https:\/\/secure.gravatar.com\/avatar\/293dccd927043f2e641da6685c2f84009782eb9ee0054daceada4e261ded849a?s=96&d=mm&r=g","caption":"admin"},"sameAs":["https:\/\/redamlo.com"],"url":"https:\/\/redamlo.com\/index.php\/author\/stell\/"}]}},"_links":{"self":[{"href":"https:\/\/redamlo.com\/index.php\/wp-json\/wp\/v2\/posts\/7319","targetHints":{"allow":["GET"]}}],"collection":[{"href":"https:\/\/redamlo.com\/index.php\/wp-json\/wp\/v2\/posts"}],"about":[{"href":"https:\/\/redamlo.com\/index.php\/wp-json\/wp\/v2\/types\/post"}],"author":[{"embeddable":true,"href":"https:\/\/redamlo.com\/index.php\/wp-json\/wp\/v2\/users\/1"}],"replies":[{"embeddable":true,"href":"https:\/\/redamlo.com\/index.php\/wp-json\/wp\/v2\/comments?post=7319"}],"version-history":[{"count":0,"href":"https:\/\/redamlo.com\/index.php\/wp-json\/wp\/v2\/posts\/7319\/revisions"}],"wp:featuredmedia":[{"embeddable":true,"href":"https:\/\/redamlo.com\/index.php\/wp-json\/wp\/v2\/media\/7320"}],"wp:attachment":[{"href":"https:\/\/redamlo.com\/index.php\/wp-json\/wp\/v2\/media?parent=7319"}],"wp:term":[{"taxonomy":"category","embeddable":true,"href":"https:\/\/redamlo.com\/index.php\/wp-json\/wp\/v2\/categories?post=7319"},{"taxonomy":"post_tag","embeddable":true,"href":"https:\/\/redamlo.com\/index.php\/wp-json\/wp\/v2\/tags?post=7319"}],"curies":[{"name":"wp","href":"https:\/\/api.w.org\/{rel}","templated":true}]}}