{"id":7313,"date":"2024-01-15T13:51:17","date_gmt":"2024-01-15T19:51:17","guid":{"rendered":"https:\/\/redamlo.com\/?p=7313"},"modified":"2024-01-15T13:51:17","modified_gmt":"2024-01-15T19:51:17","slug":"alianza-de-facto-en-yucatan-entre-morena-y-el-bipartidismo-rumbo-al-2024-adendum-proyecto-pan-vila-2030-y-la-reivindicacion-politica-del-pueblo-maya-en-la-transformacion-nacional","status":"publish","type":"post","link":"https:\/\/redamlo.com\/index.php\/2024\/01\/15\/alianza-de-facto-en-yucatan-entre-morena-y-el-bipartidismo-rumbo-al-2024-adendum-proyecto-pan-vila-2030-y-la-reivindicacion-politica-del-pueblo-maya-en-la-transformacion-nacional\/","title":{"rendered":"\u00bfAlianza de facto en Yucat\u00e1n entre Morena y el bipartidismo rumbo al 2024? Adendum; Proyecto PAN-Vila 2030 y la reivindicaci\u00f3n pol\u00edtica del pueblo maya en la transformaci\u00f3n nacional"},"content":{"rendered":"<p>M\u00e9rida.- En el estado de<strong> Yucat\u00e1n se llevar\u00e1 a cabo uno de las batallas pol\u00edticas e ideol\u00f3gicas m\u00e1s importantes del 2024 por su trascendencia nacional<\/strong>, la entidad es el estado m\u00e1s seguro de toda la federaci\u00f3n y el mando de la Secretar\u00eda de Seguridad P\u00fablica est\u00e1 bajo la direcci\u00f3n de Sayden, miembro del gabinete transexenal desde la administraci\u00f3n priista de Rolando Zapata prolongado en su puesto en la actual administraci\u00f3n del panista Mauricio Vila.<\/p>\n<p>El mejor gallo del PAN rumbo al 2024 era el gobernador yucateco <strong>Mauricio Vila<\/strong>, sin embargo, decidi\u00f3 no quemarse e<a href=\"https:\/\/www.poresto.net\/yucatan\/2023\/12\/8\/pan-confirma-senaduria-de-mauricio-vila-actual-gobernador-de-yucatan-412468.html\" target=\"_blank\" rel=\"noopener\"> ir al Senado de la Rep\u00fablica por la v\u00eda plurinominal<\/a> con el objetivo de buscar los <strong>reflectores nacionales en la capital para poder aspirar a la candidatura por la presidencia en la elecci\u00f3n de 2030<\/strong> despu\u00e9s de su paso como gobernador y senador.<\/p>\n<p><strong>Yucat\u00e1n es la punta de lanza a nivel nacional en los \u00edndices de seguridad p\u00fablica y de crecimiento econ\u00f3mico en el sureste mexicano<\/strong> derivado de la inversi\u00f3n del<strong> Tren Maya<\/strong> combinada con la capacidad industrial\u00a0 de la entidad reflejada en la finalizaci\u00f3n de las obras por parte de ICA para conectar por <strong>v\u00edas f\u00e9rreas a M\u00e9rida, Valladolid e Izamal con el polo tur\u00edstico internacional de Canc\u00fan.<\/strong><\/p>\n<p>Mauricio Vila es carism\u00e1tico, tiene buena presencia f\u00edsica y una imagen de hombre de familia, adem\u00e1s de un buen manejo de sus redes sociales como parte integral de un <strong>destacado proyecto de comunicaci\u00f3n pol\u00edtica que incluy\u00f3 la buena relaci\u00f3n con el presidente Andr\u00e9s Manuel L\u00f3pez Obrador.<\/strong><\/p>\n<p>La administraci\u00f3n de <strong><a href=\"https:\/\/redamlo.com\/diputado-morenista-rafael-echazarreta-denuncia-endeudamiento-historico-de-yucatan-por-monto-de-12-mil-mdp-gobierno-panista-es-un-lastre-del-neoliberalismo\/\" target=\"_blank\" rel=\"noopener\">Mauricio Vila endeud\u00f3 al Estado de Yucat\u00e1n con 9,000 MDP<\/a> que utiliz\u00f3 discrecionalmente sin rendici\u00f3n de cuentas y sin presi\u00f3n de los medios de comunicaci\u00f3n<\/strong> locales sometidos a la voluntad de los<strong> contratos de comunicaci\u00f3n social para no abordar el tema ante la opini\u00f3n p\u00fablica.<\/strong><\/p>\n<p>El \u00fanico pol\u00edtico que levant\u00f3 la voz sobre el endeudamiento de la entidad fue el diputado local Rafael Echazarreta que intent\u00f3 contender por la precandidatura de la gubernatura y posteriormente por la alcald\u00eda de M\u00e9rida, en ambos resultados fue relegado por <strong>Joaqu\u00edn D\u00edaz Mena y por Rommel Pacheco respectivamente, dos figuras de origen panista que describen la hegemon\u00eda partidista del PAN<\/strong> y del PRI en la entidad.<\/p>\n<p>Otra prueba de facto sobre la alianza del movimiento con el priismo de la entidad son las pre-candidaturas de los dos ex abanderados del <strong>PRI-<\/strong>PVEM en 2018 para el Senado, <strong>Ver\u00f3nica Camino Farjat y de Carlos Ram\u00edrez Mar\u00edn, hoy van rumbo a su posible reelecci\u00f3n en el Senado de la Rep\u00fablica por la alianza Morena-PVEM.<\/strong><\/p>\n<p><img loading=\"lazy\" decoding=\"async\" class=\"x1bwycvy x193iq5w x4fas0m x19kjcj4 alignleft\" src=\"https:\/\/scontent.fmex31-1.fna.fbcdn.net\/v\/t39.30808-6\/419360543_18005079722511299_6329892350926686421_n.jpg?_nc_cat=109&amp;cb=99be929b-b574a898&amp;ccb=1-7&amp;_nc_sid=3635dc&amp;_nc_eui2=AeG0rHJhU9rQJLA3gJcMKXn46rgM_Awt8WTquAz8DC3xZOSIvl5ssYtYl3u787PP2geDi61qMy0N3d00kxASdR6r&amp;_nc_ohc=fWrqMFa1nfwAX-e4izM&amp;_nc_ht=scontent.fmex31-1.fna&amp;oh=00_AfCLjsxILUwNk_Rr4dEYHWnG_5TgwwCyUVqsuo1Dwzzncg&amp;oe=65AA64AB\" alt=\"Puede ser una imagen de texto que dice &quot;CANDIDATOS AL SENADO PRD morena 2018 2024 Jorge Carlos Ram\u00edrez Mar\u00edn Ver\u00f3nica Camino Farjat Ver\u00f3nica Camino Farjat Jorge Carlos Ram\u00edrez Mar\u00edn&quot;\" width=\"195\" height=\"244\" data-visualcompletion=\"media-vc-image\" \/><\/p>\n<p>En la elecci\u00f3n de 2018 en Yucat\u00e1n se desarroll\u00f3 el fen\u00f3meno del <strong>voto cruzado<\/strong> que le dio el triunfo a AMLO a nivel federal, a Vila en el Gob. del Estado y al PRI por los Senadores.<\/p>\n<p><strong>La realidad es que Morena Yucat\u00e1n carece de un proyecto ideol\u00f3gico local o de cuadros pol\u00edticos relevantes<\/strong> y el resultado es la conformaci\u00f3n de las candidaturas basadas en <strong>figuras emanadas del PRI y del PAN porque no existe un movimiento de j\u00f3venes que representen un nuevo proyecto para la entidad.<\/strong><\/p>\n<p><strong>El estado de Yucat\u00e1n tiene una gran deuda en la agenda ambiental con la operaci\u00f3n de las <\/strong><a href=\"https:\/\/www.greenpeace.org\/mexico\/noticia\/52019\/greenpeace-reitera-la-urgencia-de-prohibir-mega-granjas-porcicolas\/\" target=\"_blank\" rel=\"noopener\"><strong>granjas porc\u00edcolas que amenazan las reservas de agua en los r\u00edos subterr\u00e1neos<\/strong><\/a> <em>(Green Peace)<\/em> de la pen\u00ednsula por la operaci\u00f3n de la industria c\u00e1rnica.<strong> Existe un gran rezago social en bastas regiones metropolitanas<\/strong> y la <strong>burbuja inmobiliaria en M\u00e9rida<\/strong> es producto de la especulaci\u00f3n financiera, <strong>aunado a la falta de planeaci\u00f3n urban\u00edstica e inversi\u00f3n p\u00fablica y\/o privada acorde a la construcci\u00f3n de desarrollos habitacionales sin acceso a servicios p\u00fablicos que solo provocan un sobre densificaci\u00f3n poblacional desorganizada.<\/strong><\/p>\n<p><strong>El estado de Yucat\u00e1n deber\u00eda tener un candidato morenista de origen maya<\/strong> y el lopezobradorismo debe de construir un proyecto pol\u00edtico desde las comunidades mayas para elegir a sus representantes populares. <strong>Tradicionalmente se ha excluido al pueblo maya de la participaci\u00f3n pol\u00edtica en Yucat\u00e1n<\/strong> y el a\u00f1o 2024 refrenda esa herencia maldita que tiene sus antecedentes en el asesinato de <strong>Felipe Carrillo Puerto, ex gobernador asesinado por la &#8220;casta divina&#8221;<\/strong> conformada por los hacendados de la \u00e9poca que se unieron a los militares de Victoriano Huerta en la guerra civil del proceso revolucionario con la deposici\u00f3n y asesinato del presidente en turno Francisco I. Madero en 1913.<\/p>\n<p><img decoding=\"async\" class=\"detail__media__img-highres  js-detail-img  js-detail-img-high aligncenter\" src=\"https:\/\/external-content.duckduckgo.com\/iu\/?u=https%3A%2F%2Fimg.lajornadamaya.mx%2F148341704338940presidencia%2520amlo%2520motul%2520carrillo%2520puerto%2520aniversario(1).jpeg&amp;f=1&amp;nofb=1&amp;ipt=690cafb83b96201604ff76a3ab68e3ad0ddac8349005306e14113c603d876dc6&amp;ipo=images\" alt=\"La Jornada Maya | La Jornada Maya | Carrillo Puerto: la nueva vieja ...\" \/><\/p>\n<p>El pueblo de <strong>Yucat\u00e1n tiene en su herencia ling\u00fc\u00edstica maya parlante<\/strong> la capacidad de <strong>ser la naci\u00f3n que encabece la restauraci\u00f3n pol\u00edtica y cultural que reivindique el progreso y bienestar del milenario pueblo maya, los mayas<\/strong> fueron reprimidos militarmente en la denominada &#8220;guerra de castas&#8221; desde mediados del siglo XIX hasta principios del siglo XX durante el r\u00e9gimen de <strong>Porfirio D\u00edaz que tom\u00f3 Chan Santa Cruz (hoy Municipio de Felipe Carrillo Puerto, QRoo.) en 1901<\/strong> despu\u00e9s de pactar con los brit\u00e1nicos la entrega de los territorios de lo que es hoy Belice a Reino Unido,<strong> a cambio de que la Corona Brit\u00e1nica dejara de abastecer de armas y municiones a los rebeldes mayas<\/strong> dirigidos por Cecilio Chi, Jacinto Pat y Jacinto Canek.<\/p>\n<figure style=\"width: 540px\" class=\"wp-caption aligncenter\"><img loading=\"lazy\" decoding=\"async\" class=\"detail__media__img-highres  js-detail-img  js-detail-img-high\" src=\"https:\/\/external-content.duckduckgo.com\/iu\/?u=https%3A%2F%2Flw01.mrcdn.com%2Ffotos%2Fpost-00000764-01-08c-480p.jpg&amp;f=1&amp;nofb=1&amp;ipt=f1367cb6e1434094fea0ee4812e444bc6606ff9b90aec3699dcce2609a49358b&amp;ipo=images\" alt=\"Cecilio Chi lider ind\u00edgena Maya | M\u00e1s Leyendas\" width=\"540\" height=\"270\" \/><figcaption class=\"wp-caption-text\">Foto: Cecilio Chi lider ind\u00edgena Maya | <a href=\"https:\/\/masleyendas.com\/leyendas-mexico\/cecilio-chi-lider-indigena-maya-764\" target=\"_blank\" rel=\"noopener\">M\u00e1s Leyendas<\/a><\/figcaption><\/figure>\n<p><strong>La Pen\u00ednsula de Yucat\u00e1n tiene una riqueza cultural inmensa por la perpetuaci\u00f3n milenaria de la cultura maya<\/strong> y solo el <strong>renacimiento pol\u00edtico de los mayas podr\u00e1 traer el progreso y bienestar para todo el pueblo yucateco<\/strong> en un escenario social donde todav\u00eda se le conoce a la capital como la &#8220;blanca M\u00e9rida&#8221; por una connotaci\u00f3n racial generada durante el periodo colonial.<\/p>\n<p>M\u00e9xico debe reconocerse como un Estado plurinacional y en ese contexto, la naci\u00f3n maya deber erigirse como ejemplo nacional para deconstruir la narrativa hist\u00f3rica eurocentrista y <strong>construir un nuevo modelo social donde el pueblo maya sea la pieza angular del proyecto social, educativo y de desarrollo en beneficio de los leg\u00edtimos herederos de la pen\u00ednsula de Yucat\u00e1n.\u00a0<\/strong><\/p>\n<p><img loading=\"lazy\" decoding=\"async\" class=\"detail__media__img-highres  js-detail-img  js-detail-img-high aligncenter\" src=\"https:\/\/external-content.duckduckgo.com\/iu\/?u=https%3A%2F%2Fimages.sipse.com%2FlrM9_YY8Ds9Uf3wSHzAHMFr0c5g%3D%2F1448x1076%2Fsmart%2F2020%2F03%2F06%2F1583509638544.jpg&amp;f=1&amp;nofb=1&amp;ipt=75a57b4441e36f9c33dca4fb06805665570ace19d1a4e5e114e939fd17a1f2f0&amp;ipo=images\" alt=\"M\u00e9rida: Abren concurso de Himno Nacional Mexicano en maya | Eventos M\u00e9rida\" width=\"624\" height=\"464\" \/><\/p>\n<p>&nbsp;<\/p>\n","protected":false},"excerpt":{"rendered":"<p>M\u00e9rida.- En el estado de Yucat\u00e1n se llevar\u00e1 a cabo uno de las batallas pol\u00edticas&#8230;<\/p>\n","protected":false},"author":1,"featured_media":7315,"comment_status":"open","ping_status":"closed","sticky":false,"template":"","format":"standard","meta":{"footnotes":""},"categories":[25],"tags":[1332,190,2624,2625,2626,24,457,408,2627,2628,828,2629],"class_list":["post-7313","post","type-post","status-publish","format-standard","has-post-thumbnail","hentry","category-4t","tag-1332","tag-4t","tag-bipartidismo","tag-joaquin-diaz-mena","tag-mayas","tag-morena","tag-pan","tag-pri","tag-prian","tag-rommel-pacheco","tag-yucatan","tag-yucatecos"],"yoast_head":"<!-- This site is optimized with the Yoast SEO plugin v27.5 - https:\/\/yoast.com\/product\/yoast-seo-wordpress\/ -->\n<title>\u00bfAlianza de facto en Yucat\u00e1n entre Morena y el bipartidismo rumbo al 2024? Adendum; Proyecto PAN-Vila 2030 y la reivindicaci\u00f3n pol\u00edtica del pueblo maya en la transformaci\u00f3n nacional - NOTICIAS DE LA 4T<\/title>\n<meta name=\"robots\" content=\"noindex, follow, max-snippet:-1, max-image-preview:large, max-video-preview:-1\" \/>\n<meta property=\"og:locale\" content=\"es_MX\" \/>\n<meta property=\"og:type\" content=\"article\" \/>\n<meta property=\"og:title\" content=\"\u00bfAlianza de facto en Yucat\u00e1n entre Morena y el bipartidismo rumbo al 2024? Adendum; Proyecto PAN-Vila 2030 y la reivindicaci\u00f3n pol\u00edtica del pueblo maya en la transformaci\u00f3n nacional - NOTICIAS DE LA 4T\" \/>\n<meta property=\"og:description\" content=\"M\u00e9rida.- En el estado de Yucat\u00e1n se llevar\u00e1 a cabo uno de las batallas pol\u00edticas...\" \/>\n<meta property=\"og:url\" content=\"https:\/\/redamlo.com\/index.php\/2024\/01\/15\/alianza-de-facto-en-yucatan-entre-morena-y-el-bipartidismo-rumbo-al-2024-adendum-proyecto-pan-vila-2030-y-la-reivindicacion-politica-del-pueblo-maya-en-la-transformacion-nacional\/\" \/>\n<meta property=\"og:site_name\" content=\"NOTICIAS DE LA 4T\" \/>\n<meta property=\"article:published_time\" content=\"2024-01-15T19:51:17+00:00\" \/>\n<meta property=\"og:image\" content=\"https:\/\/redamlo.com\/wp-content\/uploads\/2024\/01\/White-Tips-Mistakes-Learnings-You-Tube-Thumbnail21.png\" \/>\n\t<meta property=\"og:image:width\" content=\"1280\" \/>\n\t<meta property=\"og:image:height\" content=\"720\" \/>\n\t<meta property=\"og:image:type\" content=\"image\/png\" \/>\n<meta name=\"author\" content=\"admin\" \/>\n<meta name=\"twitter:card\" content=\"summary_large_image\" \/>\n<meta name=\"twitter:label1\" content=\"Escrito por\" \/>\n\t<meta name=\"twitter:data1\" content=\"admin\" \/>\n\t<meta name=\"twitter:label2\" content=\"Tiempo de lectura\" \/>\n\t<meta name=\"twitter:data2\" content=\"6 minutos\" \/>\n<script type=\"application\/ld+json\" class=\"yoast-schema-graph\">{\"@context\":\"https:\\\/\\\/schema.org\",\"@graph\":[{\"@type\":\"Article\",\"@id\":\"https:\\\/\\\/redamlo.com\\\/index.php\\\/2024\\\/01\\\/15\\\/alianza-de-facto-en-yucatan-entre-morena-y-el-bipartidismo-rumbo-al-2024-adendum-proyecto-pan-vila-2030-y-la-reivindicacion-politica-del-pueblo-maya-en-la-transformacion-nacional\\\/#article\",\"isPartOf\":{\"@id\":\"https:\\\/\\\/redamlo.com\\\/index.php\\\/2024\\\/01\\\/15\\\/alianza-de-facto-en-yucatan-entre-morena-y-el-bipartidismo-rumbo-al-2024-adendum-proyecto-pan-vila-2030-y-la-reivindicacion-politica-del-pueblo-maya-en-la-transformacion-nacional\\\/\"},\"author\":{\"name\":\"admin\",\"@id\":\"https:\\\/\\\/redamlo.com\\\/#\\\/schema\\\/person\\\/197a0a670d21b1f4f1483ddda1b64613\"},\"headline\":\"\u00bfAlianza de facto en Yucat\u00e1n entre Morena y el bipartidismo rumbo al 2024? Adendum; Proyecto PAN-Vila 2030 y la reivindicaci\u00f3n pol\u00edtica del pueblo maya en la transformaci\u00f3n nacional\",\"datePublished\":\"2024-01-15T19:51:17+00:00\",\"mainEntityOfPage\":{\"@id\":\"https:\\\/\\\/redamlo.com\\\/index.php\\\/2024\\\/01\\\/15\\\/alianza-de-facto-en-yucatan-entre-morena-y-el-bipartidismo-rumbo-al-2024-adendum-proyecto-pan-vila-2030-y-la-reivindicacion-politica-del-pueblo-maya-en-la-transformacion-nacional\\\/\"},\"wordCount\":1096,\"commentCount\":0,\"publisher\":{\"@id\":\"https:\\\/\\\/redamlo.com\\\/#organization\"},\"image\":{\"@id\":\"https:\\\/\\\/redamlo.com\\\/index.php\\\/2024\\\/01\\\/15\\\/alianza-de-facto-en-yucatan-entre-morena-y-el-bipartidismo-rumbo-al-2024-adendum-proyecto-pan-vila-2030-y-la-reivindicacion-politica-del-pueblo-maya-en-la-transformacion-nacional\\\/#primaryimage\"},\"thumbnailUrl\":\"https:\\\/\\\/redamlo.com\\\/wp-content\\\/uploads\\\/2024\\\/01\\\/White-Tips-Mistakes-Learnings-You-Tube-Thumbnail21.png\",\"keywords\":[\"2024\",\"4T\",\"bipartidismo\",\"Joaqu\u00edn Diaz Mena\",\"mayas\",\"Morena\",\"PAN\",\"PRI\",\"PRIAN\",\"Rommel Pacheco\",\"Yucat\u00e1n\",\"yucatecos\"],\"articleSection\":[\"4T\"],\"inLanguage\":\"es\",\"potentialAction\":[{\"@type\":\"CommentAction\",\"name\":\"Comment\",\"target\":[\"https:\\\/\\\/redamlo.com\\\/index.php\\\/2024\\\/01\\\/15\\\/alianza-de-facto-en-yucatan-entre-morena-y-el-bipartidismo-rumbo-al-2024-adendum-proyecto-pan-vila-2030-y-la-reivindicacion-politica-del-pueblo-maya-en-la-transformacion-nacional\\\/#respond\"]}]},{\"@type\":\"WebPage\",\"@id\":\"https:\\\/\\\/redamlo.com\\\/index.php\\\/2024\\\/01\\\/15\\\/alianza-de-facto-en-yucatan-entre-morena-y-el-bipartidismo-rumbo-al-2024-adendum-proyecto-pan-vila-2030-y-la-reivindicacion-politica-del-pueblo-maya-en-la-transformacion-nacional\\\/\",\"url\":\"https:\\\/\\\/redamlo.com\\\/index.php\\\/2024\\\/01\\\/15\\\/alianza-de-facto-en-yucatan-entre-morena-y-el-bipartidismo-rumbo-al-2024-adendum-proyecto-pan-vila-2030-y-la-reivindicacion-politica-del-pueblo-maya-en-la-transformacion-nacional\\\/\",\"name\":\"\u00bfAlianza de facto en Yucat\u00e1n entre Morena y el bipartidismo rumbo al 2024? Adendum; Proyecto PAN-Vila 2030 y la reivindicaci\u00f3n pol\u00edtica del pueblo maya en la transformaci\u00f3n nacional - NOTICIAS DE LA 4T\",\"isPartOf\":{\"@id\":\"https:\\\/\\\/redamlo.com\\\/#website\"},\"primaryImageOfPage\":{\"@id\":\"https:\\\/\\\/redamlo.com\\\/index.php\\\/2024\\\/01\\\/15\\\/alianza-de-facto-en-yucatan-entre-morena-y-el-bipartidismo-rumbo-al-2024-adendum-proyecto-pan-vila-2030-y-la-reivindicacion-politica-del-pueblo-maya-en-la-transformacion-nacional\\\/#primaryimage\"},\"image\":{\"@id\":\"https:\\\/\\\/redamlo.com\\\/index.php\\\/2024\\\/01\\\/15\\\/alianza-de-facto-en-yucatan-entre-morena-y-el-bipartidismo-rumbo-al-2024-adendum-proyecto-pan-vila-2030-y-la-reivindicacion-politica-del-pueblo-maya-en-la-transformacion-nacional\\\/#primaryimage\"},\"thumbnailUrl\":\"https:\\\/\\\/redamlo.com\\\/wp-content\\\/uploads\\\/2024\\\/01\\\/White-Tips-Mistakes-Learnings-You-Tube-Thumbnail21.png\",\"datePublished\":\"2024-01-15T19:51:17+00:00\",\"breadcrumb\":{\"@id\":\"https:\\\/\\\/redamlo.com\\\/index.php\\\/2024\\\/01\\\/15\\\/alianza-de-facto-en-yucatan-entre-morena-y-el-bipartidismo-rumbo-al-2024-adendum-proyecto-pan-vila-2030-y-la-reivindicacion-politica-del-pueblo-maya-en-la-transformacion-nacional\\\/#breadcrumb\"},\"inLanguage\":\"es\",\"potentialAction\":[{\"@type\":\"ReadAction\",\"target\":[\"https:\\\/\\\/redamlo.com\\\/index.php\\\/2024\\\/01\\\/15\\\/alianza-de-facto-en-yucatan-entre-morena-y-el-bipartidismo-rumbo-al-2024-adendum-proyecto-pan-vila-2030-y-la-reivindicacion-politica-del-pueblo-maya-en-la-transformacion-nacional\\\/\"]}]},{\"@type\":\"ImageObject\",\"inLanguage\":\"es\",\"@id\":\"https:\\\/\\\/redamlo.com\\\/index.php\\\/2024\\\/01\\\/15\\\/alianza-de-facto-en-yucatan-entre-morena-y-el-bipartidismo-rumbo-al-2024-adendum-proyecto-pan-vila-2030-y-la-reivindicacion-politica-del-pueblo-maya-en-la-transformacion-nacional\\\/#primaryimage\",\"url\":\"https:\\\/\\\/redamlo.com\\\/wp-content\\\/uploads\\\/2024\\\/01\\\/White-Tips-Mistakes-Learnings-You-Tube-Thumbnail21.png\",\"contentUrl\":\"https:\\\/\\\/redamlo.com\\\/wp-content\\\/uploads\\\/2024\\\/01\\\/White-Tips-Mistakes-Learnings-You-Tube-Thumbnail21.png\",\"width\":1280,\"height\":720},{\"@type\":\"BreadcrumbList\",\"@id\":\"https:\\\/\\\/redamlo.com\\\/index.php\\\/2024\\\/01\\\/15\\\/alianza-de-facto-en-yucatan-entre-morena-y-el-bipartidismo-rumbo-al-2024-adendum-proyecto-pan-vila-2030-y-la-reivindicacion-politica-del-pueblo-maya-en-la-transformacion-nacional\\\/#breadcrumb\",\"itemListElement\":[{\"@type\":\"ListItem\",\"position\":1,\"name\":\"Inicio\",\"item\":\"https:\\\/\\\/redamlo.com\\\/\"},{\"@type\":\"ListItem\",\"position\":2,\"name\":\"\u00bfAlianza de facto en Yucat\u00e1n entre Morena y el bipartidismo rumbo al 2024? Adendum; Proyecto PAN-Vila 2030 y la reivindicaci\u00f3n pol\u00edtica del pueblo maya en la transformaci\u00f3n nacional\"}]},{\"@type\":\"WebSite\",\"@id\":\"https:\\\/\\\/redamlo.com\\\/#website\",\"url\":\"https:\\\/\\\/redamlo.com\\\/\",\"name\":\"NOTICIAS DE LA 4T\",\"description\":\"\",\"publisher\":{\"@id\":\"https:\\\/\\\/redamlo.com\\\/#organization\"},\"potentialAction\":[{\"@type\":\"SearchAction\",\"target\":{\"@type\":\"EntryPoint\",\"urlTemplate\":\"https:\\\/\\\/redamlo.com\\\/?s={search_term_string}\"},\"query-input\":{\"@type\":\"PropertyValueSpecification\",\"valueRequired\":true,\"valueName\":\"search_term_string\"}}],\"inLanguage\":\"es\"},{\"@type\":\"Organization\",\"@id\":\"https:\\\/\\\/redamlo.com\\\/#organization\",\"name\":\"NOTICIAS DE LA 4T\",\"url\":\"https:\\\/\\\/redamlo.com\\\/\",\"logo\":{\"@type\":\"ImageObject\",\"inLanguage\":\"es\",\"@id\":\"https:\\\/\\\/redamlo.com\\\/#\\\/schema\\\/logo\\\/image\\\/\",\"url\":\"https:\\\/\\\/redamlo.com\\\/wp-content\\\/uploads\\\/2024\\\/08\\\/cropped-RED-AMLO-logo-50.png\",\"contentUrl\":\"https:\\\/\\\/redamlo.com\\\/wp-content\\\/uploads\\\/2024\\\/08\\\/cropped-RED-AMLO-logo-50.png\",\"width\":256,\"height\":256,\"caption\":\"NOTICIAS DE LA 4T\"},\"image\":{\"@id\":\"https:\\\/\\\/redamlo.com\\\/#\\\/schema\\\/logo\\\/image\\\/\"}},{\"@type\":\"Person\",\"@id\":\"https:\\\/\\\/redamlo.com\\\/#\\\/schema\\\/person\\\/197a0a670d21b1f4f1483ddda1b64613\",\"name\":\"admin\",\"image\":{\"@type\":\"ImageObject\",\"inLanguage\":\"es\",\"@id\":\"https:\\\/\\\/secure.gravatar.com\\\/avatar\\\/293dccd927043f2e641da6685c2f84009782eb9ee0054daceada4e261ded849a?s=96&d=mm&r=g\",\"url\":\"https:\\\/\\\/secure.gravatar.com\\\/avatar\\\/293dccd927043f2e641da6685c2f84009782eb9ee0054daceada4e261ded849a?s=96&d=mm&r=g\",\"contentUrl\":\"https:\\\/\\\/secure.gravatar.com\\\/avatar\\\/293dccd927043f2e641da6685c2f84009782eb9ee0054daceada4e261ded849a?s=96&d=mm&r=g\",\"caption\":\"admin\"},\"sameAs\":[\"https:\\\/\\\/redamlo.com\"],\"url\":\"https:\\\/\\\/redamlo.com\\\/index.php\\\/author\\\/stell\\\/\"}]}<\/script>\n<!-- \/ Yoast SEO plugin. -->","yoast_head_json":{"title":"\u00bfAlianza de facto en Yucat\u00e1n entre Morena y el bipartidismo rumbo al 2024? Adendum; Proyecto PAN-Vila 2030 y la reivindicaci\u00f3n pol\u00edtica del pueblo maya en la transformaci\u00f3n nacional - NOTICIAS DE LA 4T","robots":{"index":"noindex","follow":"follow","max-snippet":"max-snippet:-1","max-image-preview":"max-image-preview:large","max-video-preview":"max-video-preview:-1"},"og_locale":"es_MX","og_type":"article","og_title":"\u00bfAlianza de facto en Yucat\u00e1n entre Morena y el bipartidismo rumbo al 2024? Adendum; Proyecto PAN-Vila 2030 y la reivindicaci\u00f3n pol\u00edtica del pueblo maya en la transformaci\u00f3n nacional - NOTICIAS DE LA 4T","og_description":"M\u00e9rida.- En el estado de Yucat\u00e1n se llevar\u00e1 a cabo uno de las batallas pol\u00edticas...","og_url":"https:\/\/redamlo.com\/index.php\/2024\/01\/15\/alianza-de-facto-en-yucatan-entre-morena-y-el-bipartidismo-rumbo-al-2024-adendum-proyecto-pan-vila-2030-y-la-reivindicacion-politica-del-pueblo-maya-en-la-transformacion-nacional\/","og_site_name":"NOTICIAS DE LA 4T","article_published_time":"2024-01-15T19:51:17+00:00","og_image":[{"width":1280,"height":720,"url":"https:\/\/redamlo.com\/wp-content\/uploads\/2024\/01\/White-Tips-Mistakes-Learnings-You-Tube-Thumbnail21.png","type":"image\/png"}],"author":"admin","twitter_card":"summary_large_image","twitter_misc":{"Escrito por":"admin","Tiempo de lectura":"6 minutos"},"schema":{"@context":"https:\/\/schema.org","@graph":[{"@type":"Article","@id":"https:\/\/redamlo.com\/index.php\/2024\/01\/15\/alianza-de-facto-en-yucatan-entre-morena-y-el-bipartidismo-rumbo-al-2024-adendum-proyecto-pan-vila-2030-y-la-reivindicacion-politica-del-pueblo-maya-en-la-transformacion-nacional\/#article","isPartOf":{"@id":"https:\/\/redamlo.com\/index.php\/2024\/01\/15\/alianza-de-facto-en-yucatan-entre-morena-y-el-bipartidismo-rumbo-al-2024-adendum-proyecto-pan-vila-2030-y-la-reivindicacion-politica-del-pueblo-maya-en-la-transformacion-nacional\/"},"author":{"name":"admin","@id":"https:\/\/redamlo.com\/#\/schema\/person\/197a0a670d21b1f4f1483ddda1b64613"},"headline":"\u00bfAlianza de facto en Yucat\u00e1n entre Morena y el bipartidismo rumbo al 2024? Adendum; Proyecto PAN-Vila 2030 y la reivindicaci\u00f3n pol\u00edtica del pueblo maya en la transformaci\u00f3n nacional","datePublished":"2024-01-15T19:51:17+00:00","mainEntityOfPage":{"@id":"https:\/\/redamlo.com\/index.php\/2024\/01\/15\/alianza-de-facto-en-yucatan-entre-morena-y-el-bipartidismo-rumbo-al-2024-adendum-proyecto-pan-vila-2030-y-la-reivindicacion-politica-del-pueblo-maya-en-la-transformacion-nacional\/"},"wordCount":1096,"commentCount":0,"publisher":{"@id":"https:\/\/redamlo.com\/#organization"},"image":{"@id":"https:\/\/redamlo.com\/index.php\/2024\/01\/15\/alianza-de-facto-en-yucatan-entre-morena-y-el-bipartidismo-rumbo-al-2024-adendum-proyecto-pan-vila-2030-y-la-reivindicacion-politica-del-pueblo-maya-en-la-transformacion-nacional\/#primaryimage"},"thumbnailUrl":"https:\/\/redamlo.com\/wp-content\/uploads\/2024\/01\/White-Tips-Mistakes-Learnings-You-Tube-Thumbnail21.png","keywords":["2024","4T","bipartidismo","Joaqu\u00edn Diaz Mena","mayas","Morena","PAN","PRI","PRIAN","Rommel Pacheco","Yucat\u00e1n","yucatecos"],"articleSection":["4T"],"inLanguage":"es","potentialAction":[{"@type":"CommentAction","name":"Comment","target":["https:\/\/redamlo.com\/index.php\/2024\/01\/15\/alianza-de-facto-en-yucatan-entre-morena-y-el-bipartidismo-rumbo-al-2024-adendum-proyecto-pan-vila-2030-y-la-reivindicacion-politica-del-pueblo-maya-en-la-transformacion-nacional\/#respond"]}]},{"@type":"WebPage","@id":"https:\/\/redamlo.com\/index.php\/2024\/01\/15\/alianza-de-facto-en-yucatan-entre-morena-y-el-bipartidismo-rumbo-al-2024-adendum-proyecto-pan-vila-2030-y-la-reivindicacion-politica-del-pueblo-maya-en-la-transformacion-nacional\/","url":"https:\/\/redamlo.com\/index.php\/2024\/01\/15\/alianza-de-facto-en-yucatan-entre-morena-y-el-bipartidismo-rumbo-al-2024-adendum-proyecto-pan-vila-2030-y-la-reivindicacion-politica-del-pueblo-maya-en-la-transformacion-nacional\/","name":"\u00bfAlianza de facto en Yucat\u00e1n entre Morena y el bipartidismo rumbo al 2024? Adendum; Proyecto PAN-Vila 2030 y la reivindicaci\u00f3n pol\u00edtica del pueblo maya en la transformaci\u00f3n nacional - NOTICIAS DE LA 4T","isPartOf":{"@id":"https:\/\/redamlo.com\/#website"},"primaryImageOfPage":{"@id":"https:\/\/redamlo.com\/index.php\/2024\/01\/15\/alianza-de-facto-en-yucatan-entre-morena-y-el-bipartidismo-rumbo-al-2024-adendum-proyecto-pan-vila-2030-y-la-reivindicacion-politica-del-pueblo-maya-en-la-transformacion-nacional\/#primaryimage"},"image":{"@id":"https:\/\/redamlo.com\/index.php\/2024\/01\/15\/alianza-de-facto-en-yucatan-entre-morena-y-el-bipartidismo-rumbo-al-2024-adendum-proyecto-pan-vila-2030-y-la-reivindicacion-politica-del-pueblo-maya-en-la-transformacion-nacional\/#primaryimage"},"thumbnailUrl":"https:\/\/redamlo.com\/wp-content\/uploads\/2024\/01\/White-Tips-Mistakes-Learnings-You-Tube-Thumbnail21.png","datePublished":"2024-01-15T19:51:17+00:00","breadcrumb":{"@id":"https:\/\/redamlo.com\/index.php\/2024\/01\/15\/alianza-de-facto-en-yucatan-entre-morena-y-el-bipartidismo-rumbo-al-2024-adendum-proyecto-pan-vila-2030-y-la-reivindicacion-politica-del-pueblo-maya-en-la-transformacion-nacional\/#breadcrumb"},"inLanguage":"es","potentialAction":[{"@type":"ReadAction","target":["https:\/\/redamlo.com\/index.php\/2024\/01\/15\/alianza-de-facto-en-yucatan-entre-morena-y-el-bipartidismo-rumbo-al-2024-adendum-proyecto-pan-vila-2030-y-la-reivindicacion-politica-del-pueblo-maya-en-la-transformacion-nacional\/"]}]},{"@type":"ImageObject","inLanguage":"es","@id":"https:\/\/redamlo.com\/index.php\/2024\/01\/15\/alianza-de-facto-en-yucatan-entre-morena-y-el-bipartidismo-rumbo-al-2024-adendum-proyecto-pan-vila-2030-y-la-reivindicacion-politica-del-pueblo-maya-en-la-transformacion-nacional\/#primaryimage","url":"https:\/\/redamlo.com\/wp-content\/uploads\/2024\/01\/White-Tips-Mistakes-Learnings-You-Tube-Thumbnail21.png","contentUrl":"https:\/\/redamlo.com\/wp-content\/uploads\/2024\/01\/White-Tips-Mistakes-Learnings-You-Tube-Thumbnail21.png","width":1280,"height":720},{"@type":"BreadcrumbList","@id":"https:\/\/redamlo.com\/index.php\/2024\/01\/15\/alianza-de-facto-en-yucatan-entre-morena-y-el-bipartidismo-rumbo-al-2024-adendum-proyecto-pan-vila-2030-y-la-reivindicacion-politica-del-pueblo-maya-en-la-transformacion-nacional\/#breadcrumb","itemListElement":[{"@type":"ListItem","position":1,"name":"Inicio","item":"https:\/\/redamlo.com\/"},{"@type":"ListItem","position":2,"name":"\u00bfAlianza de facto en Yucat\u00e1n entre Morena y el bipartidismo rumbo al 2024? Adendum; Proyecto PAN-Vila 2030 y la reivindicaci\u00f3n pol\u00edtica del pueblo maya en la transformaci\u00f3n nacional"}]},{"@type":"WebSite","@id":"https:\/\/redamlo.com\/#website","url":"https:\/\/redamlo.com\/","name":"NOTICIAS DE LA 4T","description":"","publisher":{"@id":"https:\/\/redamlo.com\/#organization"},"potentialAction":[{"@type":"SearchAction","target":{"@type":"EntryPoint","urlTemplate":"https:\/\/redamlo.com\/?s={search_term_string}"},"query-input":{"@type":"PropertyValueSpecification","valueRequired":true,"valueName":"search_term_string"}}],"inLanguage":"es"},{"@type":"Organization","@id":"https:\/\/redamlo.com\/#organization","name":"NOTICIAS DE LA 4T","url":"https:\/\/redamlo.com\/","logo":{"@type":"ImageObject","inLanguage":"es","@id":"https:\/\/redamlo.com\/#\/schema\/logo\/image\/","url":"https:\/\/redamlo.com\/wp-content\/uploads\/2024\/08\/cropped-RED-AMLO-logo-50.png","contentUrl":"https:\/\/redamlo.com\/wp-content\/uploads\/2024\/08\/cropped-RED-AMLO-logo-50.png","width":256,"height":256,"caption":"NOTICIAS DE LA 4T"},"image":{"@id":"https:\/\/redamlo.com\/#\/schema\/logo\/image\/"}},{"@type":"Person","@id":"https:\/\/redamlo.com\/#\/schema\/person\/197a0a670d21b1f4f1483ddda1b64613","name":"admin","image":{"@type":"ImageObject","inLanguage":"es","@id":"https:\/\/secure.gravatar.com\/avatar\/293dccd927043f2e641da6685c2f84009782eb9ee0054daceada4e261ded849a?s=96&d=mm&r=g","url":"https:\/\/secure.gravatar.com\/avatar\/293dccd927043f2e641da6685c2f84009782eb9ee0054daceada4e261ded849a?s=96&d=mm&r=g","contentUrl":"https:\/\/secure.gravatar.com\/avatar\/293dccd927043f2e641da6685c2f84009782eb9ee0054daceada4e261ded849a?s=96&d=mm&r=g","caption":"admin"},"sameAs":["https:\/\/redamlo.com"],"url":"https:\/\/redamlo.com\/index.php\/author\/stell\/"}]}},"_links":{"self":[{"href":"https:\/\/redamlo.com\/index.php\/wp-json\/wp\/v2\/posts\/7313","targetHints":{"allow":["GET"]}}],"collection":[{"href":"https:\/\/redamlo.com\/index.php\/wp-json\/wp\/v2\/posts"}],"about":[{"href":"https:\/\/redamlo.com\/index.php\/wp-json\/wp\/v2\/types\/post"}],"author":[{"embeddable":true,"href":"https:\/\/redamlo.com\/index.php\/wp-json\/wp\/v2\/users\/1"}],"replies":[{"embeddable":true,"href":"https:\/\/redamlo.com\/index.php\/wp-json\/wp\/v2\/comments?post=7313"}],"version-history":[{"count":0,"href":"https:\/\/redamlo.com\/index.php\/wp-json\/wp\/v2\/posts\/7313\/revisions"}],"wp:featuredmedia":[{"embeddable":true,"href":"https:\/\/redamlo.com\/index.php\/wp-json\/wp\/v2\/media\/7315"}],"wp:attachment":[{"href":"https:\/\/redamlo.com\/index.php\/wp-json\/wp\/v2\/media?parent=7313"}],"wp:term":[{"taxonomy":"category","embeddable":true,"href":"https:\/\/redamlo.com\/index.php\/wp-json\/wp\/v2\/categories?post=7313"},{"taxonomy":"post_tag","embeddable":true,"href":"https:\/\/redamlo.com\/index.php\/wp-json\/wp\/v2\/tags?post=7313"}],"curies":[{"name":"wp","href":"https:\/\/api.w.org\/{rel}","templated":true}]}}