{"id":7304,"date":"2024-01-11T14:33:13","date_gmt":"2024-01-11T20:33:13","guid":{"rendered":"https:\/\/redamlo.com\/?p=7304"},"modified":"2024-01-11T14:33:13","modified_gmt":"2024-01-11T20:33:13","slug":"diputados-de-morena-en-quintana-roo-abrogan-privatizacion-del-agua","status":"publish","type":"post","link":"https:\/\/redamlo.com\/index.php\/2024\/01\/11\/diputados-de-morena-en-quintana-roo-abrogan-privatizacion-del-agua\/","title":{"rendered":"Diputados de Morena en Quintana Roo abrogan privatizaci\u00f3n del agua"},"content":{"rendered":"<p>El Congreso del Estado de Quintana Roo aprob\u00f3 la Iniciativa con Proyecto de Decreto por el que se abroga el diverso Decreto n\u00famero 250 por el que la Honorable XIV Legislatura, aprobando prorrogar anticipadamente el vencimiento de la vigencia del T\u00edtulo de Concesi\u00f3n Integral otorgado a <strong>Desarrollos Hidr\u00e1ulicos de Canc\u00fan, S.A. de C.V.<\/strong><\/p>\n<p>La iniciativa fue presentada por el Dip. Humberto Aldana, Coordinador del Grupo Legislativo de MORENA y Presidente de la Junta de Gobierno y Coordinaci\u00f3n Pol\u00edtica de la H. XVII Legislatura del Estado.<\/p>\n<p>https:\/\/fb.watch\/pw2wog_AJ_\/<\/p>\n<p>El gobierno del Municipio de Solidaridad fue notificado sobre el amparo que un juez federal otorg\u00f3 a la empresa <strong>Desarrollos Hidr\u00e1ulicos de Canc\u00fan, S.A. de C.V.<\/strong> (Aguakan) con la suspensi\u00f3n provisional del decreto 195 que le<strong> retira la concesi\u00f3n del suministro de agua potable y alcantarillado en cuatro municipios del estado.<\/strong><\/p>\n<p>El proceso judicial podr\u00eda durar alrededor de 8 mese a dos a\u00f1os, el cual podr\u00eda extenderse de solicitar una revisi\u00f3n por alguna de las partes, para posteriormente pasar a una suspensi\u00f3n definitiva, mientras tanto, la empresa seguir\u00e1 proporcionando el servicio de manera regular, explic\u00f3 el S\u00edndico del Municipio de Solidaridad Adri\u00e1n P\u00e9rez seg\u00fan informaci\u00f3n de la Agencia SIM.<\/p>\n","protected":false},"excerpt":{"rendered":"<p>El Congreso del Estado de Quintana Roo aprob\u00f3 la Iniciativa con Proyecto de Decreto por&#8230;<\/p>\n","protected":false},"author":1,"featured_media":7305,"comment_status":"open","ping_status":"closed","sticky":false,"template":"","format":"standard","meta":{"footnotes":""},"categories":[1],"tags":[2619,1932,24,21],"class_list":["post-7304","post","type-post","status-publish","format-standard","has-post-thumbnail","hentry","category-uncategorized","tag-aldana","tag-diputados","tag-morena","tag-quintana-roo"],"yoast_head":"<!-- This site is optimized with the Yoast SEO plugin v27.5 - https:\/\/yoast.com\/product\/yoast-seo-wordpress\/ -->\n<title>Diputados de Morena en Quintana Roo abrogan privatizaci\u00f3n del agua - NOTICIAS DE LA 4T<\/title>\n<meta name=\"robots\" content=\"noindex, follow, max-snippet:-1, max-image-preview:large, max-video-preview:-1\" \/>\n<meta property=\"og:locale\" content=\"es_MX\" \/>\n<meta property=\"og:type\" content=\"article\" \/>\n<meta property=\"og:title\" content=\"Diputados de Morena en Quintana Roo abrogan privatizaci\u00f3n del agua - NOTICIAS DE LA 4T\" \/>\n<meta property=\"og:description\" content=\"El Congreso del Estado de Quintana Roo aprob\u00f3 la Iniciativa con Proyecto de Decreto por...\" \/>\n<meta property=\"og:url\" content=\"https:\/\/redamlo.com\/index.php\/2024\/01\/11\/diputados-de-morena-en-quintana-roo-abrogan-privatizacion-del-agua\/\" \/>\n<meta property=\"og:site_name\" content=\"NOTICIAS DE LA 4T\" \/>\n<meta property=\"article:published_time\" content=\"2024-01-11T20:33:13+00:00\" \/>\n<meta property=\"og:image\" content=\"https:\/\/redamlo.com\/wp-content\/uploads\/2024\/01\/aldana.jpg\" \/>\n\t<meta property=\"og:image:width\" content=\"1600\" \/>\n\t<meta property=\"og:image:height\" content=\"1209\" \/>\n\t<meta property=\"og:image:type\" content=\"image\/jpeg\" \/>\n<meta name=\"author\" content=\"admin\" \/>\n<meta name=\"twitter:card\" content=\"summary_large_image\" \/>\n<meta name=\"twitter:label1\" content=\"Escrito por\" \/>\n\t<meta name=\"twitter:data1\" content=\"admin\" \/>\n\t<meta name=\"twitter:label2\" content=\"Tiempo de lectura\" \/>\n\t<meta name=\"twitter:data2\" content=\"1 minuto\" \/>\n<script type=\"application\/ld+json\" class=\"yoast-schema-graph\">{\"@context\":\"https:\\\/\\\/schema.org\",\"@graph\":[{\"@type\":\"Article\",\"@id\":\"https:\\\/\\\/redamlo.com\\\/index.php\\\/2024\\\/01\\\/11\\\/diputados-de-morena-en-quintana-roo-abrogan-privatizacion-del-agua\\\/#article\",\"isPartOf\":{\"@id\":\"https:\\\/\\\/redamlo.com\\\/index.php\\\/2024\\\/01\\\/11\\\/diputados-de-morena-en-quintana-roo-abrogan-privatizacion-del-agua\\\/\"},\"author\":{\"name\":\"admin\",\"@id\":\"https:\\\/\\\/redamlo.com\\\/#\\\/schema\\\/person\\\/197a0a670d21b1f4f1483ddda1b64613\"},\"headline\":\"Diputados de Morena en Quintana Roo abrogan privatizaci\u00f3n del agua\",\"datePublished\":\"2024-01-11T20:33:13+00:00\",\"mainEntityOfPage\":{\"@id\":\"https:\\\/\\\/redamlo.com\\\/index.php\\\/2024\\\/01\\\/11\\\/diputados-de-morena-en-quintana-roo-abrogan-privatizacion-del-agua\\\/\"},\"wordCount\":233,\"commentCount\":0,\"publisher\":{\"@id\":\"https:\\\/\\\/redamlo.com\\\/#organization\"},\"image\":{\"@id\":\"https:\\\/\\\/redamlo.com\\\/index.php\\\/2024\\\/01\\\/11\\\/diputados-de-morena-en-quintana-roo-abrogan-privatizacion-del-agua\\\/#primaryimage\"},\"thumbnailUrl\":\"https:\\\/\\\/redamlo.com\\\/wp-content\\\/uploads\\\/2024\\\/01\\\/aldana.jpg\",\"keywords\":[\"Aldana\",\"Diputados\",\"Morena\",\"Quintana Roo\"],\"articleSection\":[\"Uncategorized\"],\"inLanguage\":\"es\",\"potentialAction\":[{\"@type\":\"CommentAction\",\"name\":\"Comment\",\"target\":[\"https:\\\/\\\/redamlo.com\\\/index.php\\\/2024\\\/01\\\/11\\\/diputados-de-morena-en-quintana-roo-abrogan-privatizacion-del-agua\\\/#respond\"]}]},{\"@type\":\"WebPage\",\"@id\":\"https:\\\/\\\/redamlo.com\\\/index.php\\\/2024\\\/01\\\/11\\\/diputados-de-morena-en-quintana-roo-abrogan-privatizacion-del-agua\\\/\",\"url\":\"https:\\\/\\\/redamlo.com\\\/index.php\\\/2024\\\/01\\\/11\\\/diputados-de-morena-en-quintana-roo-abrogan-privatizacion-del-agua\\\/\",\"name\":\"Diputados de Morena en Quintana Roo abrogan privatizaci\u00f3n del agua - NOTICIAS DE LA 4T\",\"isPartOf\":{\"@id\":\"https:\\\/\\\/redamlo.com\\\/#website\"},\"primaryImageOfPage\":{\"@id\":\"https:\\\/\\\/redamlo.com\\\/index.php\\\/2024\\\/01\\\/11\\\/diputados-de-morena-en-quintana-roo-abrogan-privatizacion-del-agua\\\/#primaryimage\"},\"image\":{\"@id\":\"https:\\\/\\\/redamlo.com\\\/index.php\\\/2024\\\/01\\\/11\\\/diputados-de-morena-en-quintana-roo-abrogan-privatizacion-del-agua\\\/#primaryimage\"},\"thumbnailUrl\":\"https:\\\/\\\/redamlo.com\\\/wp-content\\\/uploads\\\/2024\\\/01\\\/aldana.jpg\",\"datePublished\":\"2024-01-11T20:33:13+00:00\",\"breadcrumb\":{\"@id\":\"https:\\\/\\\/redamlo.com\\\/index.php\\\/2024\\\/01\\\/11\\\/diputados-de-morena-en-quintana-roo-abrogan-privatizacion-del-agua\\\/#breadcrumb\"},\"inLanguage\":\"es\",\"potentialAction\":[{\"@type\":\"ReadAction\",\"target\":[\"https:\\\/\\\/redamlo.com\\\/index.php\\\/2024\\\/01\\\/11\\\/diputados-de-morena-en-quintana-roo-abrogan-privatizacion-del-agua\\\/\"]}]},{\"@type\":\"ImageObject\",\"inLanguage\":\"es\",\"@id\":\"https:\\\/\\\/redamlo.com\\\/index.php\\\/2024\\\/01\\\/11\\\/diputados-de-morena-en-quintana-roo-abrogan-privatizacion-del-agua\\\/#primaryimage\",\"url\":\"https:\\\/\\\/redamlo.com\\\/wp-content\\\/uploads\\\/2024\\\/01\\\/aldana.jpg\",\"contentUrl\":\"https:\\\/\\\/redamlo.com\\\/wp-content\\\/uploads\\\/2024\\\/01\\\/aldana.jpg\",\"width\":1600,\"height\":1209},{\"@type\":\"BreadcrumbList\",\"@id\":\"https:\\\/\\\/redamlo.com\\\/index.php\\\/2024\\\/01\\\/11\\\/diputados-de-morena-en-quintana-roo-abrogan-privatizacion-del-agua\\\/#breadcrumb\",\"itemListElement\":[{\"@type\":\"ListItem\",\"position\":1,\"name\":\"Inicio\",\"item\":\"https:\\\/\\\/redamlo.com\\\/\"},{\"@type\":\"ListItem\",\"position\":2,\"name\":\"Diputados de Morena en Quintana Roo abrogan privatizaci\u00f3n del agua\"}]},{\"@type\":\"WebSite\",\"@id\":\"https:\\\/\\\/redamlo.com\\\/#website\",\"url\":\"https:\\\/\\\/redamlo.com\\\/\",\"name\":\"NOTICIAS DE LA 4T\",\"description\":\"\",\"publisher\":{\"@id\":\"https:\\\/\\\/redamlo.com\\\/#organization\"},\"potentialAction\":[{\"@type\":\"SearchAction\",\"target\":{\"@type\":\"EntryPoint\",\"urlTemplate\":\"https:\\\/\\\/redamlo.com\\\/?s={search_term_string}\"},\"query-input\":{\"@type\":\"PropertyValueSpecification\",\"valueRequired\":true,\"valueName\":\"search_term_string\"}}],\"inLanguage\":\"es\"},{\"@type\":\"Organization\",\"@id\":\"https:\\\/\\\/redamlo.com\\\/#organization\",\"name\":\"NOTICIAS DE LA 4T\",\"url\":\"https:\\\/\\\/redamlo.com\\\/\",\"logo\":{\"@type\":\"ImageObject\",\"inLanguage\":\"es\",\"@id\":\"https:\\\/\\\/redamlo.com\\\/#\\\/schema\\\/logo\\\/image\\\/\",\"url\":\"https:\\\/\\\/redamlo.com\\\/wp-content\\\/uploads\\\/2024\\\/08\\\/cropped-RED-AMLO-logo-50.png\",\"contentUrl\":\"https:\\\/\\\/redamlo.com\\\/wp-content\\\/uploads\\\/2024\\\/08\\\/cropped-RED-AMLO-logo-50.png\",\"width\":256,\"height\":256,\"caption\":\"NOTICIAS DE LA 4T\"},\"image\":{\"@id\":\"https:\\\/\\\/redamlo.com\\\/#\\\/schema\\\/logo\\\/image\\\/\"}},{\"@type\":\"Person\",\"@id\":\"https:\\\/\\\/redamlo.com\\\/#\\\/schema\\\/person\\\/197a0a670d21b1f4f1483ddda1b64613\",\"name\":\"admin\",\"image\":{\"@type\":\"ImageObject\",\"inLanguage\":\"es\",\"@id\":\"https:\\\/\\\/secure.gravatar.com\\\/avatar\\\/293dccd927043f2e641da6685c2f84009782eb9ee0054daceada4e261ded849a?s=96&d=mm&r=g\",\"url\":\"https:\\\/\\\/secure.gravatar.com\\\/avatar\\\/293dccd927043f2e641da6685c2f84009782eb9ee0054daceada4e261ded849a?s=96&d=mm&r=g\",\"contentUrl\":\"https:\\\/\\\/secure.gravatar.com\\\/avatar\\\/293dccd927043f2e641da6685c2f84009782eb9ee0054daceada4e261ded849a?s=96&d=mm&r=g\",\"caption\":\"admin\"},\"sameAs\":[\"https:\\\/\\\/redamlo.com\"],\"url\":\"https:\\\/\\\/redamlo.com\\\/index.php\\\/author\\\/stell\\\/\"}]}<\/script>\n<!-- \/ Yoast SEO plugin. -->","yoast_head_json":{"title":"Diputados de Morena en Quintana Roo abrogan privatizaci\u00f3n del agua - NOTICIAS DE LA 4T","robots":{"index":"noindex","follow":"follow","max-snippet":"max-snippet:-1","max-image-preview":"max-image-preview:large","max-video-preview":"max-video-preview:-1"},"og_locale":"es_MX","og_type":"article","og_title":"Diputados de Morena en Quintana Roo abrogan privatizaci\u00f3n del agua - NOTICIAS DE LA 4T","og_description":"El Congreso del Estado de Quintana Roo aprob\u00f3 la Iniciativa con Proyecto de Decreto por...","og_url":"https:\/\/redamlo.com\/index.php\/2024\/01\/11\/diputados-de-morena-en-quintana-roo-abrogan-privatizacion-del-agua\/","og_site_name":"NOTICIAS DE LA 4T","article_published_time":"2024-01-11T20:33:13+00:00","og_image":[{"width":1600,"height":1209,"url":"https:\/\/redamlo.com\/wp-content\/uploads\/2024\/01\/aldana.jpg","type":"image\/jpeg"}],"author":"admin","twitter_card":"summary_large_image","twitter_misc":{"Escrito por":"admin","Tiempo de lectura":"1 minuto"},"schema":{"@context":"https:\/\/schema.org","@graph":[{"@type":"Article","@id":"https:\/\/redamlo.com\/index.php\/2024\/01\/11\/diputados-de-morena-en-quintana-roo-abrogan-privatizacion-del-agua\/#article","isPartOf":{"@id":"https:\/\/redamlo.com\/index.php\/2024\/01\/11\/diputados-de-morena-en-quintana-roo-abrogan-privatizacion-del-agua\/"},"author":{"name":"admin","@id":"https:\/\/redamlo.com\/#\/schema\/person\/197a0a670d21b1f4f1483ddda1b64613"},"headline":"Diputados de Morena en Quintana Roo abrogan privatizaci\u00f3n del agua","datePublished":"2024-01-11T20:33:13+00:00","mainEntityOfPage":{"@id":"https:\/\/redamlo.com\/index.php\/2024\/01\/11\/diputados-de-morena-en-quintana-roo-abrogan-privatizacion-del-agua\/"},"wordCount":233,"commentCount":0,"publisher":{"@id":"https:\/\/redamlo.com\/#organization"},"image":{"@id":"https:\/\/redamlo.com\/index.php\/2024\/01\/11\/diputados-de-morena-en-quintana-roo-abrogan-privatizacion-del-agua\/#primaryimage"},"thumbnailUrl":"https:\/\/redamlo.com\/wp-content\/uploads\/2024\/01\/aldana.jpg","keywords":["Aldana","Diputados","Morena","Quintana Roo"],"articleSection":["Uncategorized"],"inLanguage":"es","potentialAction":[{"@type":"CommentAction","name":"Comment","target":["https:\/\/redamlo.com\/index.php\/2024\/01\/11\/diputados-de-morena-en-quintana-roo-abrogan-privatizacion-del-agua\/#respond"]}]},{"@type":"WebPage","@id":"https:\/\/redamlo.com\/index.php\/2024\/01\/11\/diputados-de-morena-en-quintana-roo-abrogan-privatizacion-del-agua\/","url":"https:\/\/redamlo.com\/index.php\/2024\/01\/11\/diputados-de-morena-en-quintana-roo-abrogan-privatizacion-del-agua\/","name":"Diputados de Morena en Quintana Roo abrogan privatizaci\u00f3n del agua - NOTICIAS DE LA 4T","isPartOf":{"@id":"https:\/\/redamlo.com\/#website"},"primaryImageOfPage":{"@id":"https:\/\/redamlo.com\/index.php\/2024\/01\/11\/diputados-de-morena-en-quintana-roo-abrogan-privatizacion-del-agua\/#primaryimage"},"image":{"@id":"https:\/\/redamlo.com\/index.php\/2024\/01\/11\/diputados-de-morena-en-quintana-roo-abrogan-privatizacion-del-agua\/#primaryimage"},"thumbnailUrl":"https:\/\/redamlo.com\/wp-content\/uploads\/2024\/01\/aldana.jpg","datePublished":"2024-01-11T20:33:13+00:00","breadcrumb":{"@id":"https:\/\/redamlo.com\/index.php\/2024\/01\/11\/diputados-de-morena-en-quintana-roo-abrogan-privatizacion-del-agua\/#breadcrumb"},"inLanguage":"es","potentialAction":[{"@type":"ReadAction","target":["https:\/\/redamlo.com\/index.php\/2024\/01\/11\/diputados-de-morena-en-quintana-roo-abrogan-privatizacion-del-agua\/"]}]},{"@type":"ImageObject","inLanguage":"es","@id":"https:\/\/redamlo.com\/index.php\/2024\/01\/11\/diputados-de-morena-en-quintana-roo-abrogan-privatizacion-del-agua\/#primaryimage","url":"https:\/\/redamlo.com\/wp-content\/uploads\/2024\/01\/aldana.jpg","contentUrl":"https:\/\/redamlo.com\/wp-content\/uploads\/2024\/01\/aldana.jpg","width":1600,"height":1209},{"@type":"BreadcrumbList","@id":"https:\/\/redamlo.com\/index.php\/2024\/01\/11\/diputados-de-morena-en-quintana-roo-abrogan-privatizacion-del-agua\/#breadcrumb","itemListElement":[{"@type":"ListItem","position":1,"name":"Inicio","item":"https:\/\/redamlo.com\/"},{"@type":"ListItem","position":2,"name":"Diputados de Morena en Quintana Roo abrogan privatizaci\u00f3n del agua"}]},{"@type":"WebSite","@id":"https:\/\/redamlo.com\/#website","url":"https:\/\/redamlo.com\/","name":"NOTICIAS DE LA 4T","description":"","publisher":{"@id":"https:\/\/redamlo.com\/#organization"},"potentialAction":[{"@type":"SearchAction","target":{"@type":"EntryPoint","urlTemplate":"https:\/\/redamlo.com\/?s={search_term_string}"},"query-input":{"@type":"PropertyValueSpecification","valueRequired":true,"valueName":"search_term_string"}}],"inLanguage":"es"},{"@type":"Organization","@id":"https:\/\/redamlo.com\/#organization","name":"NOTICIAS DE LA 4T","url":"https:\/\/redamlo.com\/","logo":{"@type":"ImageObject","inLanguage":"es","@id":"https:\/\/redamlo.com\/#\/schema\/logo\/image\/","url":"https:\/\/redamlo.com\/wp-content\/uploads\/2024\/08\/cropped-RED-AMLO-logo-50.png","contentUrl":"https:\/\/redamlo.com\/wp-content\/uploads\/2024\/08\/cropped-RED-AMLO-logo-50.png","width":256,"height":256,"caption":"NOTICIAS DE LA 4T"},"image":{"@id":"https:\/\/redamlo.com\/#\/schema\/logo\/image\/"}},{"@type":"Person","@id":"https:\/\/redamlo.com\/#\/schema\/person\/197a0a670d21b1f4f1483ddda1b64613","name":"admin","image":{"@type":"ImageObject","inLanguage":"es","@id":"https:\/\/secure.gravatar.com\/avatar\/293dccd927043f2e641da6685c2f84009782eb9ee0054daceada4e261ded849a?s=96&d=mm&r=g","url":"https:\/\/secure.gravatar.com\/avatar\/293dccd927043f2e641da6685c2f84009782eb9ee0054daceada4e261ded849a?s=96&d=mm&r=g","contentUrl":"https:\/\/secure.gravatar.com\/avatar\/293dccd927043f2e641da6685c2f84009782eb9ee0054daceada4e261ded849a?s=96&d=mm&r=g","caption":"admin"},"sameAs":["https:\/\/redamlo.com"],"url":"https:\/\/redamlo.com\/index.php\/author\/stell\/"}]}},"_links":{"self":[{"href":"https:\/\/redamlo.com\/index.php\/wp-json\/wp\/v2\/posts\/7304","targetHints":{"allow":["GET"]}}],"collection":[{"href":"https:\/\/redamlo.com\/index.php\/wp-json\/wp\/v2\/posts"}],"about":[{"href":"https:\/\/redamlo.com\/index.php\/wp-json\/wp\/v2\/types\/post"}],"author":[{"embeddable":true,"href":"https:\/\/redamlo.com\/index.php\/wp-json\/wp\/v2\/users\/1"}],"replies":[{"embeddable":true,"href":"https:\/\/redamlo.com\/index.php\/wp-json\/wp\/v2\/comments?post=7304"}],"version-history":[{"count":0,"href":"https:\/\/redamlo.com\/index.php\/wp-json\/wp\/v2\/posts\/7304\/revisions"}],"wp:featuredmedia":[{"embeddable":true,"href":"https:\/\/redamlo.com\/index.php\/wp-json\/wp\/v2\/media\/7305"}],"wp:attachment":[{"href":"https:\/\/redamlo.com\/index.php\/wp-json\/wp\/v2\/media?parent=7304"}],"wp:term":[{"taxonomy":"category","embeddable":true,"href":"https:\/\/redamlo.com\/index.php\/wp-json\/wp\/v2\/categories?post=7304"},{"taxonomy":"post_tag","embeddable":true,"href":"https:\/\/redamlo.com\/index.php\/wp-json\/wp\/v2\/tags?post=7304"}],"curies":[{"name":"wp","href":"https:\/\/api.w.org\/{rel}","templated":true}]}}