{"id":7296,"date":"2023-12-19T14:47:57","date_gmt":"2023-12-19T20:47:57","guid":{"rendered":"https:\/\/redamlo.com\/?p=7296"},"modified":"2023-12-19T14:47:57","modified_gmt":"2023-12-19T20:47:57","slug":"la-diputada-andrea-tovar-se-posiciona-como-la-mas-competitiva-de-morena-para-el-senado-en-queretaro","status":"publish","type":"post","link":"https:\/\/redamlo.com\/index.php\/2023\/12\/19\/la-diputada-andrea-tovar-se-posiciona-como-la-mas-competitiva-de-morena-para-el-senado-en-queretaro\/","title":{"rendered":"La diputada Andrea Tovar se posiciona como la m\u00e1s competitiva de Morena para el Senado en Quer\u00e9taro"},"content":{"rendered":"<p>De acuerdo a la encuesta reci\u00e9n publicada por un diario de circulaci\u00f3n Nacional, \u00a0la diputada local Andrea Tovar es quien se encamina para encabezar la f\u00f3rmula al Senado en Quer\u00e9taro. Los n\u00fameros positivos que arroja la encuesta en torno a la legisladora son el resultado de su andar en el partido fundador por el presidente Andr\u00e9s Manuel L\u00f3pez Obrador. Tal como lo reconocen los y las queretanas, Tovar Saavedra ha abrazado causas sociales justas, que van desde el tema de los derechos de las mujeres con perspectiva de g\u00e9nero, as\u00ed como una agenda progresista en pro de las y los j\u00f3venes de la entidad.<\/p>\n<p><img loading=\"lazy\" decoding=\"async\" class=\"aligncenter wp-image-7286 size-full\" src=\"https:\/\/redamlo.com\/wp-content\/uploads\/2023\/12\/andrea-tovar-1.jpg\" alt=\"\" width=\"720\" height=\"801\" srcset=\"https:\/\/redamlo.com\/wp-content\/uploads\/2023\/12\/andrea-tovar-1.jpg 720w, https:\/\/redamlo.com\/wp-content\/uploads\/2023\/12\/andrea-tovar-1-270x300.jpg 270w\" sizes=\"auto, (max-width: 720px) 100vw, 720px\" \/><\/p>\n<p>&nbsp;<\/p>\n<p>La diputada Tovar Saavedra, seg\u00fan diversas encuestas, se coloca como la mujer m\u00e1s competitiva dentro de morena para llegar al Senado y representar a Quer\u00e9taro y al mismo tiempo, la que mayor n\u00famero de opiniones positivas tiene. \u00bfLa f\u00f3rmula? Simplemente el trabajo, ya que la legisladora encabez\u00f3 diversas luchas favor de los derechos de los queretanos, adem\u00e1s de adoptar una agenda en torno a los derechos humanos, muestra de ello son sus iniciativas en el Congreso local.<\/p>\n<p><img loading=\"lazy\" decoding=\"async\" class=\"aligncenter wp-image-7290 size-full\" src=\"https:\/\/redamlo.com\/wp-content\/uploads\/2023\/12\/andrea-tovar-4.jpg\" alt=\"\" width=\"720\" height=\"664\" srcset=\"https:\/\/redamlo.com\/wp-content\/uploads\/2023\/12\/andrea-tovar-4.jpg 720w, https:\/\/redamlo.com\/wp-content\/uploads\/2023\/12\/andrea-tovar-4-300x277.jpg 300w\" sizes=\"auto, (max-width: 720px) 100vw, 720px\" \/><\/p>\n<p>&nbsp;<\/p>\n<p>De acuerdo a las \u00faltimas encuestas, la legisladora Andrea Tovar es quien acumula el mayor n\u00famero de opiniones positivas entre las mujeres que buscan encabezar la f\u00f3rmula al Senado en Quer\u00e9taro por morena\u00a0 y cuenta con un amplio margen de ventaja. Cabe recordar que, el partido determin\u00f3 que en Quer\u00e9taro la f\u00f3rmula ser\u00eda encabezada por una mujer, por lo que no sorprender\u00eda verla en la boleta acompa\u00f1ado de otros perfiles bien conocidos por la ciudadan\u00eda en Quer\u00e9taro.<\/p>\n<p><img loading=\"lazy\" decoding=\"async\" class=\"aligncenter wp-image-7289 size-full\" src=\"https:\/\/redamlo.com\/wp-content\/uploads\/2023\/12\/andrea-tovar-3.jpg\" alt=\"\" width=\"720\" height=\"743\" srcset=\"https:\/\/redamlo.com\/wp-content\/uploads\/2023\/12\/andrea-tovar-3.jpg 720w, https:\/\/redamlo.com\/wp-content\/uploads\/2023\/12\/andrea-tovar-3-291x300.jpg 291w\" sizes=\"auto, (max-width: 720px) 100vw, 720px\" \/><\/p>\n<p>&nbsp;<\/p>\n","protected":false},"excerpt":{"rendered":"<p>De acuerdo a la encuesta reci\u00e9n publicada por un diario de circulaci\u00f3n Nacional, \u00a0la diputada&#8230;<\/p>\n","protected":false},"author":1,"featured_media":7288,"comment_status":"open","ping_status":"closed","sticky":false,"template":"","format":"standard","meta":{"footnotes":""},"categories":[6,5],"tags":[2615,2617],"class_list":["post-7296","post","type-post","status-publish","format-standard","has-post-thumbnail","hentry","category-estados","category-politica","tag-diputada-andrea-tovar","tag-morena-queretaro"],"yoast_head":"<!-- This site is optimized with the Yoast SEO plugin v27.5 - https:\/\/yoast.com\/product\/yoast-seo-wordpress\/ -->\n<title>La diputada Andrea Tovar se posiciona como la m\u00e1s competitiva de Morena para el Senado en Quer\u00e9taro - NOTICIAS DE LA 4T<\/title>\n<meta name=\"robots\" content=\"noindex, follow, max-snippet:-1, max-image-preview:large, max-video-preview:-1\" \/>\n<meta property=\"og:locale\" content=\"es_MX\" \/>\n<meta property=\"og:type\" content=\"article\" \/>\n<meta property=\"og:title\" content=\"La diputada Andrea Tovar se posiciona como la m\u00e1s competitiva de Morena para el Senado en Quer\u00e9taro - NOTICIAS DE LA 4T\" \/>\n<meta property=\"og:description\" content=\"De acuerdo a la encuesta reci\u00e9n publicada por un diario de circulaci\u00f3n Nacional, \u00a0la diputada...\" \/>\n<meta property=\"og:url\" content=\"https:\/\/redamlo.com\/index.php\/2023\/12\/19\/la-diputada-andrea-tovar-se-posiciona-como-la-mas-competitiva-de-morena-para-el-senado-en-queretaro\/\" \/>\n<meta property=\"og:site_name\" content=\"NOTICIAS DE LA 4T\" \/>\n<meta property=\"article:published_time\" content=\"2023-12-19T20:47:57+00:00\" \/>\n<meta property=\"og:image\" content=\"https:\/\/redamlo.com\/wp-content\/uploads\/2023\/12\/andrea-tovar-2-1.jpg\" \/>\n\t<meta property=\"og:image:width\" content=\"720\" \/>\n\t<meta property=\"og:image:height\" content=\"816\" \/>\n\t<meta property=\"og:image:type\" content=\"image\/jpeg\" \/>\n<meta name=\"author\" content=\"admin\" \/>\n<meta name=\"twitter:card\" content=\"summary_large_image\" \/>\n<meta name=\"twitter:label1\" content=\"Escrito por\" \/>\n\t<meta name=\"twitter:data1\" content=\"admin\" \/>\n\t<meta name=\"twitter:label2\" content=\"Tiempo de lectura\" \/>\n\t<meta name=\"twitter:data2\" content=\"2 minutos\" \/>\n<script type=\"application\/ld+json\" class=\"yoast-schema-graph\">{\"@context\":\"https:\\\/\\\/schema.org\",\"@graph\":[{\"@type\":\"Article\",\"@id\":\"https:\\\/\\\/redamlo.com\\\/index.php\\\/2023\\\/12\\\/19\\\/la-diputada-andrea-tovar-se-posiciona-como-la-mas-competitiva-de-morena-para-el-senado-en-queretaro\\\/#article\",\"isPartOf\":{\"@id\":\"https:\\\/\\\/redamlo.com\\\/index.php\\\/2023\\\/12\\\/19\\\/la-diputada-andrea-tovar-se-posiciona-como-la-mas-competitiva-de-morena-para-el-senado-en-queretaro\\\/\"},\"author\":{\"name\":\"admin\",\"@id\":\"https:\\\/\\\/redamlo.com\\\/#\\\/schema\\\/person\\\/197a0a670d21b1f4f1483ddda1b64613\"},\"headline\":\"La diputada Andrea Tovar se posiciona como la m\u00e1s competitiva de Morena para el Senado en Quer\u00e9taro\",\"datePublished\":\"2023-12-19T20:47:57+00:00\",\"mainEntityOfPage\":{\"@id\":\"https:\\\/\\\/redamlo.com\\\/index.php\\\/2023\\\/12\\\/19\\\/la-diputada-andrea-tovar-se-posiciona-como-la-mas-competitiva-de-morena-para-el-senado-en-queretaro\\\/\"},\"wordCount\":305,\"commentCount\":0,\"publisher\":{\"@id\":\"https:\\\/\\\/redamlo.com\\\/#organization\"},\"image\":{\"@id\":\"https:\\\/\\\/redamlo.com\\\/index.php\\\/2023\\\/12\\\/19\\\/la-diputada-andrea-tovar-se-posiciona-como-la-mas-competitiva-de-morena-para-el-senado-en-queretaro\\\/#primaryimage\"},\"thumbnailUrl\":\"https:\\\/\\\/redamlo.com\\\/wp-content\\\/uploads\\\/2023\\\/12\\\/andrea-tovar-2-1.jpg\",\"keywords\":[\"diputada andrea tovar\",\"Morena Quer\u00e9taro\"],\"articleSection\":[\"Estados\",\"Pol\u00edtica\"],\"inLanguage\":\"es\",\"potentialAction\":[{\"@type\":\"CommentAction\",\"name\":\"Comment\",\"target\":[\"https:\\\/\\\/redamlo.com\\\/index.php\\\/2023\\\/12\\\/19\\\/la-diputada-andrea-tovar-se-posiciona-como-la-mas-competitiva-de-morena-para-el-senado-en-queretaro\\\/#respond\"]}]},{\"@type\":\"WebPage\",\"@id\":\"https:\\\/\\\/redamlo.com\\\/index.php\\\/2023\\\/12\\\/19\\\/la-diputada-andrea-tovar-se-posiciona-como-la-mas-competitiva-de-morena-para-el-senado-en-queretaro\\\/\",\"url\":\"https:\\\/\\\/redamlo.com\\\/index.php\\\/2023\\\/12\\\/19\\\/la-diputada-andrea-tovar-se-posiciona-como-la-mas-competitiva-de-morena-para-el-senado-en-queretaro\\\/\",\"name\":\"La diputada Andrea Tovar se posiciona como la m\u00e1s competitiva de Morena para el Senado en Quer\u00e9taro - NOTICIAS DE LA 4T\",\"isPartOf\":{\"@id\":\"https:\\\/\\\/redamlo.com\\\/#website\"},\"primaryImageOfPage\":{\"@id\":\"https:\\\/\\\/redamlo.com\\\/index.php\\\/2023\\\/12\\\/19\\\/la-diputada-andrea-tovar-se-posiciona-como-la-mas-competitiva-de-morena-para-el-senado-en-queretaro\\\/#primaryimage\"},\"image\":{\"@id\":\"https:\\\/\\\/redamlo.com\\\/index.php\\\/2023\\\/12\\\/19\\\/la-diputada-andrea-tovar-se-posiciona-como-la-mas-competitiva-de-morena-para-el-senado-en-queretaro\\\/#primaryimage\"},\"thumbnailUrl\":\"https:\\\/\\\/redamlo.com\\\/wp-content\\\/uploads\\\/2023\\\/12\\\/andrea-tovar-2-1.jpg\",\"datePublished\":\"2023-12-19T20:47:57+00:00\",\"breadcrumb\":{\"@id\":\"https:\\\/\\\/redamlo.com\\\/index.php\\\/2023\\\/12\\\/19\\\/la-diputada-andrea-tovar-se-posiciona-como-la-mas-competitiva-de-morena-para-el-senado-en-queretaro\\\/#breadcrumb\"},\"inLanguage\":\"es\",\"potentialAction\":[{\"@type\":\"ReadAction\",\"target\":[\"https:\\\/\\\/redamlo.com\\\/index.php\\\/2023\\\/12\\\/19\\\/la-diputada-andrea-tovar-se-posiciona-como-la-mas-competitiva-de-morena-para-el-senado-en-queretaro\\\/\"]}]},{\"@type\":\"ImageObject\",\"inLanguage\":\"es\",\"@id\":\"https:\\\/\\\/redamlo.com\\\/index.php\\\/2023\\\/12\\\/19\\\/la-diputada-andrea-tovar-se-posiciona-como-la-mas-competitiva-de-morena-para-el-senado-en-queretaro\\\/#primaryimage\",\"url\":\"https:\\\/\\\/redamlo.com\\\/wp-content\\\/uploads\\\/2023\\\/12\\\/andrea-tovar-2-1.jpg\",\"contentUrl\":\"https:\\\/\\\/redamlo.com\\\/wp-content\\\/uploads\\\/2023\\\/12\\\/andrea-tovar-2-1.jpg\",\"width\":720,\"height\":816},{\"@type\":\"BreadcrumbList\",\"@id\":\"https:\\\/\\\/redamlo.com\\\/index.php\\\/2023\\\/12\\\/19\\\/la-diputada-andrea-tovar-se-posiciona-como-la-mas-competitiva-de-morena-para-el-senado-en-queretaro\\\/#breadcrumb\",\"itemListElement\":[{\"@type\":\"ListItem\",\"position\":1,\"name\":\"Inicio\",\"item\":\"https:\\\/\\\/redamlo.com\\\/\"},{\"@type\":\"ListItem\",\"position\":2,\"name\":\"La diputada Andrea Tovar se posiciona como la m\u00e1s competitiva de Morena para el Senado en Quer\u00e9taro\"}]},{\"@type\":\"WebSite\",\"@id\":\"https:\\\/\\\/redamlo.com\\\/#website\",\"url\":\"https:\\\/\\\/redamlo.com\\\/\",\"name\":\"NOTICIAS DE LA 4T\",\"description\":\"\",\"publisher\":{\"@id\":\"https:\\\/\\\/redamlo.com\\\/#organization\"},\"potentialAction\":[{\"@type\":\"SearchAction\",\"target\":{\"@type\":\"EntryPoint\",\"urlTemplate\":\"https:\\\/\\\/redamlo.com\\\/?s={search_term_string}\"},\"query-input\":{\"@type\":\"PropertyValueSpecification\",\"valueRequired\":true,\"valueName\":\"search_term_string\"}}],\"inLanguage\":\"es\"},{\"@type\":\"Organization\",\"@id\":\"https:\\\/\\\/redamlo.com\\\/#organization\",\"name\":\"NOTICIAS DE LA 4T\",\"url\":\"https:\\\/\\\/redamlo.com\\\/\",\"logo\":{\"@type\":\"ImageObject\",\"inLanguage\":\"es\",\"@id\":\"https:\\\/\\\/redamlo.com\\\/#\\\/schema\\\/logo\\\/image\\\/\",\"url\":\"https:\\\/\\\/redamlo.com\\\/wp-content\\\/uploads\\\/2024\\\/08\\\/cropped-RED-AMLO-logo-50.png\",\"contentUrl\":\"https:\\\/\\\/redamlo.com\\\/wp-content\\\/uploads\\\/2024\\\/08\\\/cropped-RED-AMLO-logo-50.png\",\"width\":256,\"height\":256,\"caption\":\"NOTICIAS DE LA 4T\"},\"image\":{\"@id\":\"https:\\\/\\\/redamlo.com\\\/#\\\/schema\\\/logo\\\/image\\\/\"}},{\"@type\":\"Person\",\"@id\":\"https:\\\/\\\/redamlo.com\\\/#\\\/schema\\\/person\\\/197a0a670d21b1f4f1483ddda1b64613\",\"name\":\"admin\",\"image\":{\"@type\":\"ImageObject\",\"inLanguage\":\"es\",\"@id\":\"https:\\\/\\\/secure.gravatar.com\\\/avatar\\\/293dccd927043f2e641da6685c2f84009782eb9ee0054daceada4e261ded849a?s=96&d=mm&r=g\",\"url\":\"https:\\\/\\\/secure.gravatar.com\\\/avatar\\\/293dccd927043f2e641da6685c2f84009782eb9ee0054daceada4e261ded849a?s=96&d=mm&r=g\",\"contentUrl\":\"https:\\\/\\\/secure.gravatar.com\\\/avatar\\\/293dccd927043f2e641da6685c2f84009782eb9ee0054daceada4e261ded849a?s=96&d=mm&r=g\",\"caption\":\"admin\"},\"sameAs\":[\"https:\\\/\\\/redamlo.com\"],\"url\":\"https:\\\/\\\/redamlo.com\\\/index.php\\\/author\\\/stell\\\/\"}]}<\/script>\n<!-- \/ Yoast SEO plugin. -->","yoast_head_json":{"title":"La diputada Andrea Tovar se posiciona como la m\u00e1s competitiva de Morena para el Senado en Quer\u00e9taro - NOTICIAS DE LA 4T","robots":{"index":"noindex","follow":"follow","max-snippet":"max-snippet:-1","max-image-preview":"max-image-preview:large","max-video-preview":"max-video-preview:-1"},"og_locale":"es_MX","og_type":"article","og_title":"La diputada Andrea Tovar se posiciona como la m\u00e1s competitiva de Morena para el Senado en Quer\u00e9taro - NOTICIAS DE LA 4T","og_description":"De acuerdo a la encuesta reci\u00e9n publicada por un diario de circulaci\u00f3n Nacional, \u00a0la diputada...","og_url":"https:\/\/redamlo.com\/index.php\/2023\/12\/19\/la-diputada-andrea-tovar-se-posiciona-como-la-mas-competitiva-de-morena-para-el-senado-en-queretaro\/","og_site_name":"NOTICIAS DE LA 4T","article_published_time":"2023-12-19T20:47:57+00:00","og_image":[{"width":720,"height":816,"url":"https:\/\/redamlo.com\/wp-content\/uploads\/2023\/12\/andrea-tovar-2-1.jpg","type":"image\/jpeg"}],"author":"admin","twitter_card":"summary_large_image","twitter_misc":{"Escrito por":"admin","Tiempo de lectura":"2 minutos"},"schema":{"@context":"https:\/\/schema.org","@graph":[{"@type":"Article","@id":"https:\/\/redamlo.com\/index.php\/2023\/12\/19\/la-diputada-andrea-tovar-se-posiciona-como-la-mas-competitiva-de-morena-para-el-senado-en-queretaro\/#article","isPartOf":{"@id":"https:\/\/redamlo.com\/index.php\/2023\/12\/19\/la-diputada-andrea-tovar-se-posiciona-como-la-mas-competitiva-de-morena-para-el-senado-en-queretaro\/"},"author":{"name":"admin","@id":"https:\/\/redamlo.com\/#\/schema\/person\/197a0a670d21b1f4f1483ddda1b64613"},"headline":"La diputada Andrea Tovar se posiciona como la m\u00e1s competitiva de Morena para el Senado en Quer\u00e9taro","datePublished":"2023-12-19T20:47:57+00:00","mainEntityOfPage":{"@id":"https:\/\/redamlo.com\/index.php\/2023\/12\/19\/la-diputada-andrea-tovar-se-posiciona-como-la-mas-competitiva-de-morena-para-el-senado-en-queretaro\/"},"wordCount":305,"commentCount":0,"publisher":{"@id":"https:\/\/redamlo.com\/#organization"},"image":{"@id":"https:\/\/redamlo.com\/index.php\/2023\/12\/19\/la-diputada-andrea-tovar-se-posiciona-como-la-mas-competitiva-de-morena-para-el-senado-en-queretaro\/#primaryimage"},"thumbnailUrl":"https:\/\/redamlo.com\/wp-content\/uploads\/2023\/12\/andrea-tovar-2-1.jpg","keywords":["diputada andrea tovar","Morena Quer\u00e9taro"],"articleSection":["Estados","Pol\u00edtica"],"inLanguage":"es","potentialAction":[{"@type":"CommentAction","name":"Comment","target":["https:\/\/redamlo.com\/index.php\/2023\/12\/19\/la-diputada-andrea-tovar-se-posiciona-como-la-mas-competitiva-de-morena-para-el-senado-en-queretaro\/#respond"]}]},{"@type":"WebPage","@id":"https:\/\/redamlo.com\/index.php\/2023\/12\/19\/la-diputada-andrea-tovar-se-posiciona-como-la-mas-competitiva-de-morena-para-el-senado-en-queretaro\/","url":"https:\/\/redamlo.com\/index.php\/2023\/12\/19\/la-diputada-andrea-tovar-se-posiciona-como-la-mas-competitiva-de-morena-para-el-senado-en-queretaro\/","name":"La diputada Andrea Tovar se posiciona como la m\u00e1s competitiva de Morena para el Senado en Quer\u00e9taro - NOTICIAS DE LA 4T","isPartOf":{"@id":"https:\/\/redamlo.com\/#website"},"primaryImageOfPage":{"@id":"https:\/\/redamlo.com\/index.php\/2023\/12\/19\/la-diputada-andrea-tovar-se-posiciona-como-la-mas-competitiva-de-morena-para-el-senado-en-queretaro\/#primaryimage"},"image":{"@id":"https:\/\/redamlo.com\/index.php\/2023\/12\/19\/la-diputada-andrea-tovar-se-posiciona-como-la-mas-competitiva-de-morena-para-el-senado-en-queretaro\/#primaryimage"},"thumbnailUrl":"https:\/\/redamlo.com\/wp-content\/uploads\/2023\/12\/andrea-tovar-2-1.jpg","datePublished":"2023-12-19T20:47:57+00:00","breadcrumb":{"@id":"https:\/\/redamlo.com\/index.php\/2023\/12\/19\/la-diputada-andrea-tovar-se-posiciona-como-la-mas-competitiva-de-morena-para-el-senado-en-queretaro\/#breadcrumb"},"inLanguage":"es","potentialAction":[{"@type":"ReadAction","target":["https:\/\/redamlo.com\/index.php\/2023\/12\/19\/la-diputada-andrea-tovar-se-posiciona-como-la-mas-competitiva-de-morena-para-el-senado-en-queretaro\/"]}]},{"@type":"ImageObject","inLanguage":"es","@id":"https:\/\/redamlo.com\/index.php\/2023\/12\/19\/la-diputada-andrea-tovar-se-posiciona-como-la-mas-competitiva-de-morena-para-el-senado-en-queretaro\/#primaryimage","url":"https:\/\/redamlo.com\/wp-content\/uploads\/2023\/12\/andrea-tovar-2-1.jpg","contentUrl":"https:\/\/redamlo.com\/wp-content\/uploads\/2023\/12\/andrea-tovar-2-1.jpg","width":720,"height":816},{"@type":"BreadcrumbList","@id":"https:\/\/redamlo.com\/index.php\/2023\/12\/19\/la-diputada-andrea-tovar-se-posiciona-como-la-mas-competitiva-de-morena-para-el-senado-en-queretaro\/#breadcrumb","itemListElement":[{"@type":"ListItem","position":1,"name":"Inicio","item":"https:\/\/redamlo.com\/"},{"@type":"ListItem","position":2,"name":"La diputada Andrea Tovar se posiciona como la m\u00e1s competitiva de Morena para el Senado en Quer\u00e9taro"}]},{"@type":"WebSite","@id":"https:\/\/redamlo.com\/#website","url":"https:\/\/redamlo.com\/","name":"NOTICIAS DE LA 4T","description":"","publisher":{"@id":"https:\/\/redamlo.com\/#organization"},"potentialAction":[{"@type":"SearchAction","target":{"@type":"EntryPoint","urlTemplate":"https:\/\/redamlo.com\/?s={search_term_string}"},"query-input":{"@type":"PropertyValueSpecification","valueRequired":true,"valueName":"search_term_string"}}],"inLanguage":"es"},{"@type":"Organization","@id":"https:\/\/redamlo.com\/#organization","name":"NOTICIAS DE LA 4T","url":"https:\/\/redamlo.com\/","logo":{"@type":"ImageObject","inLanguage":"es","@id":"https:\/\/redamlo.com\/#\/schema\/logo\/image\/","url":"https:\/\/redamlo.com\/wp-content\/uploads\/2024\/08\/cropped-RED-AMLO-logo-50.png","contentUrl":"https:\/\/redamlo.com\/wp-content\/uploads\/2024\/08\/cropped-RED-AMLO-logo-50.png","width":256,"height":256,"caption":"NOTICIAS DE LA 4T"},"image":{"@id":"https:\/\/redamlo.com\/#\/schema\/logo\/image\/"}},{"@type":"Person","@id":"https:\/\/redamlo.com\/#\/schema\/person\/197a0a670d21b1f4f1483ddda1b64613","name":"admin","image":{"@type":"ImageObject","inLanguage":"es","@id":"https:\/\/secure.gravatar.com\/avatar\/293dccd927043f2e641da6685c2f84009782eb9ee0054daceada4e261ded849a?s=96&d=mm&r=g","url":"https:\/\/secure.gravatar.com\/avatar\/293dccd927043f2e641da6685c2f84009782eb9ee0054daceada4e261ded849a?s=96&d=mm&r=g","contentUrl":"https:\/\/secure.gravatar.com\/avatar\/293dccd927043f2e641da6685c2f84009782eb9ee0054daceada4e261ded849a?s=96&d=mm&r=g","caption":"admin"},"sameAs":["https:\/\/redamlo.com"],"url":"https:\/\/redamlo.com\/index.php\/author\/stell\/"}]}},"_links":{"self":[{"href":"https:\/\/redamlo.com\/index.php\/wp-json\/wp\/v2\/posts\/7296","targetHints":{"allow":["GET"]}}],"collection":[{"href":"https:\/\/redamlo.com\/index.php\/wp-json\/wp\/v2\/posts"}],"about":[{"href":"https:\/\/redamlo.com\/index.php\/wp-json\/wp\/v2\/types\/post"}],"author":[{"embeddable":true,"href":"https:\/\/redamlo.com\/index.php\/wp-json\/wp\/v2\/users\/1"}],"replies":[{"embeddable":true,"href":"https:\/\/redamlo.com\/index.php\/wp-json\/wp\/v2\/comments?post=7296"}],"version-history":[{"count":0,"href":"https:\/\/redamlo.com\/index.php\/wp-json\/wp\/v2\/posts\/7296\/revisions"}],"wp:featuredmedia":[{"embeddable":true,"href":"https:\/\/redamlo.com\/index.php\/wp-json\/wp\/v2\/media\/7288"}],"wp:attachment":[{"href":"https:\/\/redamlo.com\/index.php\/wp-json\/wp\/v2\/media?parent=7296"}],"wp:term":[{"taxonomy":"category","embeddable":true,"href":"https:\/\/redamlo.com\/index.php\/wp-json\/wp\/v2\/categories?post=7296"},{"taxonomy":"post_tag","embeddable":true,"href":"https:\/\/redamlo.com\/index.php\/wp-json\/wp\/v2\/tags?post=7296"}],"curies":[{"name":"wp","href":"https:\/\/api.w.org\/{rel}","templated":true}]}}